{"id":1026269,"date":"2024-11-21T13:56:08","date_gmt":"2024-11-21T13:56:08","guid":{"rendered":"https:\/\/thefeminismproject.com\/nicht-kategorisiert\/wie-wurden-die-frauen-in-den-1800er-jahren-behandelt-ein-blick-zurueck-in-die-zeit\/"},"modified":"2025-04-22T01:23:51","modified_gmt":"2025-04-22T01:23:51","slug":"wie-wurden-die-frauen-in-den-1800er-jahren-behandelt-ein-blick-zurueck-in-die-zeit","status":"publish","type":"post","link":"https:\/\/thefeminismproject.com\/de\/hervorgehoben\/wie-wurden-die-frauen-in-den-1800er-jahren-behandelt-ein-blick-zurueck-in-die-zeit\/","title":{"rendered":"Wie wurden die Frauen in den 1800er Jahren behandelt? Ein Blick zur\u00fcck in die Zeit"},"content":{"rendered":"<p>Die 1800er Jahre sind ein monumentales Jahrhundert in den Annalen der Geschichte, vor allem im Hinblick auf die Behandlung von Frauen. Es war eine Zeit, die durch rigide soziale Codes, ein aufkommendes feministisches Bewusstsein und eine Reihe von K\u00e4mpfen gekennzeichnet war, die den Grundstein f\u00fcr zuk\u00fcnftige Generationen legen sollten. Eine Analyse dieser \u00c4ra zeigt nicht nur die unz\u00e4hligen M\u00f6glichkeiten, wie Frauen an den Rand gedr\u00e4ngt wurden, sondern auch den unverw\u00fcstlichen Geist, der angesichts dieser systemischen Unterdr\u00fcckung aufkam, und hebt die Inspiration hervor, die von ihrem Verm\u00e4chtnis ausgeht.<\/p>\n<p>Bei der Untersuchung der Behandlung von Frauen in den 1800er Jahren ist es wichtig, die unterschiedlichen Erfahrungen in den Kontext von Klasse, Ethnie und Geographie zu stellen. Das Leben der Frauen in den St\u00e4dten steht oft in krassem Gegensatz zu dem in den l\u00e4ndlichen Gebieten. Dar\u00fcber hinaus vergr\u00f6\u00dferte die \u00dcberschneidung von Ethnie bestehende Ungleichheiten, wobei farbige Frauen eine einzigartige Mischung aus gesellschaftlicher Entm\u00fcndigung und Unterdr\u00fcckung erlebten.<\/p>\n<p>Die Rolle der Frau in der Gesellschaft war \u00fcberwiegend auf den h\u00e4uslichen Bereich beschr\u00e4nkt und tief in patriarchalischen Normen verwurzelt. Von Frauen wurde erwartet, dass sie die Tugenden des &#8222;Kultes der H\u00e4uslichkeit&#8220; verk\u00f6rpern, einer vorherrschenden Ideologie, die Tugenden wie Fr\u00f6mmigkeit, Reinheit, Unterw\u00fcrfigkeit und H\u00e4uslichkeit anpries. Dieses Paradigma bot Frauen nur begrenzte M\u00f6glichkeiten; ihre Identit\u00e4t wurde h\u00e4ufig auf ihre Beziehungen zu M\u00e4nnern reduziert &#8211; als T\u00f6chter, Schwestern, Ehefrauen und M\u00fctter.<\/p>\n<p>Trotz der d\u00fcrftigen M\u00f6glichkeiten, die ihnen zur Verf\u00fcgung standen, versuchten die Frauen, sich ein bedeutendes und autonomes Leben aufzubauen. Sie engagierten sich in fr\u00fchen Formen des Aktivismus und organisierten Bewegungen, die sich mit einem Spektrum gesellschaftlicher Themen befassten, von der Bildung bis zur Abschaffung und schlie\u00dflich dem Wahlrecht. Der Mut und die Entschlossenheit, die in diesen Bewegungen zum Ausdruck kommen, stellen ein tiefgreifendes Verm\u00e4chtnis der Inspiration dar, das den Weg f\u00fcr k\u00fcnftige Generationen von Frauen erhellt.<\/p>\n<h2>Die Auswirkungen der Industrialisierung auf Frauen<\/h2>\n<p>Das Aufkommen der Industriellen Revolution markierte eine entscheidende Phase im Leben der Frauen und ver\u00e4nderte ihre gesellschaftliche Rolle. W\u00e4hrend die M\u00e4nner in die Fabriken str\u00f6mten, um dort zu arbeiten, traten die Frauen in einer noch nie dagewesenen Zahl in die Arbeitswelt ein und \u00fcbernahmen Aufgaben in Textilfabriken, Bekleidungsfabriken und als Haushaltshilfen. Diese Industriejobs waren in der Regel anstrengend und schlecht bezahlt, was die wirtschaftlichen Ungleichheiten, die die Epoche pr\u00e4gten, weiter versch\u00e4rfte.<\/p>\n<p>Dar\u00fcber hinaus f\u00fchrte dieser Wandel zu einer gesellschaftlichen Neubewertung der Stellung der Frau in der Gesellschaft. Die einst nebeneinander liegenden Sph\u00e4ren von Heim und Arbeit begannen zu zerbrechen, und Frauen wurden zunehmend im \u00f6ffentlichen Raum sichtbar. Diese neu gewonnene Pr\u00e4senz, auch wenn sie oft mit Ausbeutung und harten Bedingungen einherging, f\u00fchrte dazu, dass die Frauen ihr Potenzial und ihre F\u00e4higkeiten auch au\u00dferhalb des h\u00e4uslichen Bereichs erkannten.<\/p>\n<p>Die aufkommenden Arbeiterbewegungen boten den Frauen eine Plattform, um ihre Unzufriedenheit mit den Arbeitsbedingungen zum Ausdruck zu bringen. Frauen wie Sarah Bagley, eine Fabrikarbeiterin in Massachusetts, organisierten Streiks, um bessere L\u00f6hne und Arbeitsbedingungen zu erreichen. Bagleys F\u00fchrungsqualit\u00e4ten und ihr Aktivismus verdeutlichen nicht nur die Herausforderungen, mit denen Frauen im industriellen Amerika konfrontiert waren, sondern sind auch ein Zeichen f\u00fcr die aufkeimende Solidarit\u00e4t unter den Arbeiterinnen, die sich zu strukturierteren Bewegungen f\u00fcr Rechte und Anerkennung entwickeln sollte.<\/p>\n<h2>Bildung: Ein Tor zur Erm\u00e4chtigung<\/h2>\n<p>In den 1800er Jahren gab es auch betr\u00e4chtliche Fortschritte bei der Bildung von Frauen, die zunehmend als wichtige Komponente f\u00fcr die St\u00e4rkung der Frauen anerkannt wurde. Einrichtungen wie das Oberlin College, das 1833 in Ohio gegr\u00fcndet wurde, nahmen Frauen auf, was eine aufkeimende Anerkennung ihrer intellektuellen F\u00e4higkeiten und ihres Rechts auf Bildung widerspiegelte. Die Bem\u00fchungen von Pionierinnen wie Emma Willard und Mary Lyon trieben die Bewegung f\u00fcr die Bildung von Frauen weiter voran. Sie gr\u00fcndeten Schulen und setzten sich f\u00fcr den Zugang von Frauen zu h\u00f6herer Bildung ein.<\/p>\n<p>Bildung vermittelte den Frauen die F\u00e4higkeit zum kritischen Denken und das intellektuelle R\u00fcstzeug, um ihre W\u00fcnsche nach Gleichheit und Gerechtigkeit zu artikulieren. Die Neigung zur Selbsterziehung und die Verbreitung von Literatur unter Frauen f\u00fchrten zu einem Wandel der gesellschaftlichen Normen und l\u00f6sten allm\u00e4hlich die wahrgenommenen Barrieren in Bezug auf die F\u00e4higkeiten von Frauen sowohl im privaten als auch im \u00f6ffentlichen Bereich auf.<\/p>\n<p>Diese Gr\u00fcndungsbewegung erm\u00f6glichte es, dass immer mehr Frauen ihre Rechte einforderten, was auch andere Reformbewegungen, insbesondere die Abschaffung der Sklaverei und die M\u00e4\u00dfigung, stark beeinflusste. Bildung wurde zu einem wichtigen Instrument, mit dem Frauen f\u00fcr soziale Reformen eintreten und sich gegen die vorherrschenden Vorstellungen von ihrer Unterw\u00fcrfigkeit und ihrem Abstieg in die blo\u00dfe H\u00e4uslichkeit wehren konnten.<\/p>\n<h2>Herausforderungen: Ethnie und Klassenunterschiede<\/h2>\n<p>Das Streben nach Gleichberechtigung der Frauen in den 1800er Jahren war nicht monolithisch. Die sich \u00fcberschneidenden Herausforderungen von Ethnie und Klasse versch\u00e4rften die K\u00e4mpfe der farbigen Frauen, die sich mit vielf\u00e4ltiger Unterdr\u00fcckung auseinandersetzen mussten. Versklavte afroamerikanische Frauen zum Beispiel waren schrecklichen Bedingungen ausgesetzt, wurden aus ihren Familien gerissen und brutal ausgebeutet. Pers\u00f6nlichkeiten wie Sojourner Truth, die 1851 ihre ber\u00fchmte Rede &#8222;Ain&#8217;t I a Woman?&#8220; hielt, wurden zu ergreifenden Stimmen, die sowohl Rassen- als auch Geschlechterungerechtigkeiten anprangerten. Ihre Worte unterstrichen die Intersektionalit\u00e4t der Unterdr\u00fcckung und forderten sowohl Abolitionisten als auch Feministinnen auf, sich in ihren K\u00e4mpfen zu vereinen.<\/p>\n<p>Die Erfahrungen wei\u00dfer Frauen aus der Mittel- und Oberschicht waren zwar mit ihren eigenen Herausforderungen verbunden, machten aber rassistische Perspektiven oft unsichtbar. Die Abolitionismus-Bewegung wurde zu einem kritischen Raum, in dem diese Frauen begannen, ihre Privilegien und die Notwendigkeit eines integrativen Aktivismus zu erkennen. Die Seneca Falls Convention von 1848, die oft als Geburtsst\u00e4tte der Frauenrechte in Amerika bezeichnet wird, brachte sowohl Allianzen als auch Spannungen zutage, als f\u00fchrende Pers\u00f6nlichkeiten wie Elizabeth Cady Stanton und Lucretia Mott ihre Interessen inmitten der Dynamik der Rassenfrage vertraten.<\/p>\n<h2>Das Erbe des Feministischen Aktivismus<\/h2>\n<p>Die 1800er Jahre dienten als Schmelztiegel f\u00fcr die feministische Bewegung, als Frauen begannen, ihre Rechte durch verschiedene Reformbestrebungen zu artikulieren. Ihr Aktivismus hinterlie\u00df ein tiefgreifendes Verm\u00e4chtnis, das in den nachfolgenden Generationen nachhallte und den Kampf f\u00fcr die Gleichstellung der Geschlechter inspirierte. Die Gr\u00fcndung der Suffragetten und der Kampf um das Frauenwahlrecht markieren einen kritischen Punkt, an dem der z\u00e4he Geist der Frauen die Konturen der amerikanischen Demokratie klar definierte.<\/p>\n<p>Das Verm\u00e4chtnis dieser \u00c4ra ist nicht nur historisch, sondern hallt auch in den zeitgen\u00f6ssischen Bewegungen nach, die sich f\u00fcr Geschlechterrechte, Gleichberechtigung und Gerechtigkeit auf der ganzen Welt einsetzen. Die inspirierenden Erz\u00e4hlungen von Frauen, die sich unerm\u00fcdlich f\u00fcr ihre Belange eingesetzt haben, sind eine bleibende Erinnerung an die monumentalen Ver\u00e4nderungen, die durch ihre Unverw\u00fcstlichkeit entstanden sind. Ihr Kampf unterstreicht die Kraft organisierter kollektiver Aktionen und bewusster Koalitionen und zeigt, wie das scheinbar Un\u00fcberwindliche durch Mut und Solidarit\u00e4t herausgefordert werden kann.<\/p>\n<p>Abschlie\u00dfend l\u00e4sst sich sagen, dass die Behandlung von Frauen in den 1800er Jahren einen guten Einblick in die unterdr\u00fcckerischen Konstruktionen bietet, die ihr Leben pr\u00e4gten, und gleichzeitig den unbeugsamen Geist derjenigen beleuchtet, die sich widersetzten und gesellschaftliche Normen neu definierten. Da die Gesellschaft weiterhin mit den Hinterlassenschaften der Vergangenheit zu k\u00e4mpfen hat, ist es von gr\u00f6\u00dfter Bedeutung, der erreichten Fortschritte zu gedenken und die laufenden Bem\u00fchungen um Gleichberechtigung anzuerkennen. Die Geschichte des Kampfes der Frauen in dieser Zeit ist inspirierend und erinnert uns an die Kraft, die in der Einigkeit und im Aktivismus angesichts der Widrigkeiten liegt.<\/p>\n","protected":false},"excerpt":{"rendered":"<p>Die 1800er Jahre sind ein monumentales Jahrhundert in den Annalen der Geschichte, vor allem im Hinblick auf die Behandlung von Frauen. Es war eine Zeit, die durch rigide soziale Codes, ein aufkommendes feministisches Bewusstsein und eine Reihe von K\u00e4mpfen gekennzeichnet war, die den Grundstein f\u00fcr zuk\u00fcnftige Generationen legen sollten. Eine Analyse dieser \u00c4ra zeigt nicht [&hellip;]<\/p>\n","protected":false},"author":1,"featured_media":1010749,"comment_status":"open","ping_status":"open","sticky":false,"template":"","format":"standard","meta":{"footnotes":""},"categories":[82],"tags":[],"class_list":{"0":"post-1026269","1":"post","2":"type-post","3":"status-publish","4":"format-standard","5":"has-post-thumbnail","7":"category-hervorgehoben"},"yoast_head":"<!-- This site is optimized with the Yoast SEO plugin v27.4 - https:\/\/yoast.com\/product\/yoast-seo-wordpress\/ -->\n<title>Wie wurden die Frauen in den 1800er Jahren behandelt? Ein Blick zur\u00fcck in die Zeit<\/title>\n<meta name=\"description\" content=\"Wie wurden Frauen in den 1800er Jahren behandelt? Wir decken die harte Realit\u00e4t und die versteckte Unterdr\u00fcckung einer vergessenen \u00c4ra auf. Es ist keine romantisierte Geschichte - es ist eine Geschichte des \u00dcberlebens.\" \/>\n<meta name=\"robots\" content=\"index, follow, max-snippet:-1, max-image-preview:large, max-video-preview:-1\" \/>\n<link rel=\"canonical\" href=\"https:\/\/thefeminismproject.com\/de\/hervorgehoben\/wie-wurden-die-frauen-in-den-1800er-jahren-behandelt-ein-blick-zurueck-in-die-zeit\/\" \/>\n<meta property=\"og:locale\" content=\"de_DE\" \/>\n<meta property=\"og:type\" content=\"article\" \/>\n<meta property=\"og:title\" content=\"Wie wurden die Frauen in den 1800er Jahren behandelt? Ein Blick zur\u00fcck in die Zeit\" \/>\n<meta property=\"og:description\" content=\"Wie wurden Frauen in den 1800er Jahren behandelt? Wir decken die harte Realit\u00e4t und die versteckte Unterdr\u00fcckung einer vergessenen \u00c4ra auf. Es ist keine romantisierte Geschichte - es ist eine Geschichte des \u00dcberlebens.\" \/>\n<meta property=\"og:url\" content=\"https:\/\/thefeminismproject.com\/de\/hervorgehoben\/wie-wurden-die-frauen-in-den-1800er-jahren-behandelt-ein-blick-zurueck-in-die-zeit\/\" \/>\n<meta property=\"og:site_name\" content=\"thefeminismproject.com\" \/>\n<meta property=\"article:published_time\" content=\"2024-11-21T13:56:08+00:00\" \/>\n<meta property=\"article:modified_time\" content=\"2025-04-22T01:23:51+00:00\" \/>\n<meta property=\"og:image\" content=\"https:\/\/thefeminismproject.com\/wp-content\/uploads\/2024\/10\/4-1.jpg\" \/>\n\t<meta property=\"og:image:width\" content=\"547\" \/>\n\t<meta property=\"og:image:height\" content=\"357\" \/>\n\t<meta property=\"og:image:type\" content=\"image\/jpeg\" \/>\n<meta name=\"author\" content=\"Joaquimma Anna\" \/>\n<meta name=\"twitter:card\" content=\"summary_large_image\" \/>\n<meta name=\"twitter:label1\" content=\"Verfasst von\" \/>\n\t<meta name=\"twitter:data1\" content=\"Joaquimma Anna\" \/>\n\t<meta name=\"twitter:label2\" content=\"Gesch\u00e4tzte Lesezeit\" \/>\n\t<meta name=\"twitter:data2\" content=\"6\u00a0Minuten\" \/>\n<script type=\"application\/ld+json\" class=\"yoast-schema-graph\">{\"@context\":\"https:\\\/\\\/schema.org\",\"@graph\":[{\"@type\":\"Article\",\"@id\":\"https:\\\/\\\/thefeminismproject.com\\\/de\\\/hervorgehoben\\\/wie-wurden-die-frauen-in-den-1800er-jahren-behandelt-ein-blick-zurueck-in-die-zeit\\\/#article\",\"isPartOf\":{\"@id\":\"https:\\\/\\\/thefeminismproject.com\\\/de\\\/hervorgehoben\\\/wie-wurden-die-frauen-in-den-1800er-jahren-behandelt-ein-blick-zurueck-in-die-zeit\\\/\"},\"author\":{\"name\":\"Joaquimma Anna\",\"@id\":\"https:\\\/\\\/thefeminismproject.com\\\/de\\\/#\\\/schema\\\/person\\\/d2d84f0918ac04ca2b9f5b912890ad51\"},\"headline\":\"Wie wurden die Frauen in den 1800er Jahren behandelt? Ein Blick zur\u00fcck in die Zeit\",\"datePublished\":\"2024-11-21T13:56:08+00:00\",\"dateModified\":\"2025-04-22T01:23:51+00:00\",\"mainEntityOfPage\":{\"@id\":\"https:\\\/\\\/thefeminismproject.com\\\/de\\\/hervorgehoben\\\/wie-wurden-die-frauen-in-den-1800er-jahren-behandelt-ein-blick-zurueck-in-die-zeit\\\/\"},\"wordCount\":1294,\"commentCount\":0,\"publisher\":{\"@id\":\"https:\\\/\\\/thefeminismproject.com\\\/de\\\/#organization\"},\"image\":{\"@id\":\"https:\\\/\\\/thefeminismproject.com\\\/de\\\/hervorgehoben\\\/wie-wurden-die-frauen-in-den-1800er-jahren-behandelt-ein-blick-zurueck-in-die-zeit\\\/#primaryimage\"},\"thumbnailUrl\":\"https:\\\/\\\/thefeminismproject.com\\\/wp-content\\\/uploads\\\/2024\\\/10\\\/4-1.jpg\",\"articleSection\":[\"Hervorgehoben\"],\"inLanguage\":\"de\",\"potentialAction\":[{\"@type\":\"CommentAction\",\"name\":\"Comment\",\"target\":[\"https:\\\/\\\/thefeminismproject.com\\\/de\\\/hervorgehoben\\\/wie-wurden-die-frauen-in-den-1800er-jahren-behandelt-ein-blick-zurueck-in-die-zeit\\\/#respond\"]}]},{\"@type\":\"WebPage\",\"@id\":\"https:\\\/\\\/thefeminismproject.com\\\/de\\\/hervorgehoben\\\/wie-wurden-die-frauen-in-den-1800er-jahren-behandelt-ein-blick-zurueck-in-die-zeit\\\/\",\"url\":\"https:\\\/\\\/thefeminismproject.com\\\/de\\\/hervorgehoben\\\/wie-wurden-die-frauen-in-den-1800er-jahren-behandelt-ein-blick-zurueck-in-die-zeit\\\/\",\"name\":\"Wie wurden die Frauen in den 1800er Jahren behandelt? Ein Blick zur\u00fcck in die Zeit\",\"isPartOf\":{\"@id\":\"https:\\\/\\\/thefeminismproject.com\\\/de\\\/#website\"},\"primaryImageOfPage\":{\"@id\":\"https:\\\/\\\/thefeminismproject.com\\\/de\\\/hervorgehoben\\\/wie-wurden-die-frauen-in-den-1800er-jahren-behandelt-ein-blick-zurueck-in-die-zeit\\\/#primaryimage\"},\"image\":{\"@id\":\"https:\\\/\\\/thefeminismproject.com\\\/de\\\/hervorgehoben\\\/wie-wurden-die-frauen-in-den-1800er-jahren-behandelt-ein-blick-zurueck-in-die-zeit\\\/#primaryimage\"},\"thumbnailUrl\":\"https:\\\/\\\/thefeminismproject.com\\\/wp-content\\\/uploads\\\/2024\\\/10\\\/4-1.jpg\",\"datePublished\":\"2024-11-21T13:56:08+00:00\",\"dateModified\":\"2025-04-22T01:23:51+00:00\",\"description\":\"Wie wurden Frauen in den 1800er Jahren behandelt? Wir decken die harte Realit\u00e4t und die versteckte Unterdr\u00fcckung einer vergessenen \u00c4ra auf. Es ist keine romantisierte Geschichte - es ist eine Geschichte des \u00dcberlebens.\",\"breadcrumb\":{\"@id\":\"https:\\\/\\\/thefeminismproject.com\\\/de\\\/hervorgehoben\\\/wie-wurden-die-frauen-in-den-1800er-jahren-behandelt-ein-blick-zurueck-in-die-zeit\\\/#breadcrumb\"},\"inLanguage\":\"de\",\"potentialAction\":[{\"@type\":\"ReadAction\",\"target\":[\"https:\\\/\\\/thefeminismproject.com\\\/de\\\/hervorgehoben\\\/wie-wurden-die-frauen-in-den-1800er-jahren-behandelt-ein-blick-zurueck-in-die-zeit\\\/\"]}]},{\"@type\":\"ImageObject\",\"inLanguage\":\"de\",\"@id\":\"https:\\\/\\\/thefeminismproject.com\\\/de\\\/hervorgehoben\\\/wie-wurden-die-frauen-in-den-1800er-jahren-behandelt-ein-blick-zurueck-in-die-zeit\\\/#primaryimage\",\"url\":\"https:\\\/\\\/thefeminismproject.com\\\/wp-content\\\/uploads\\\/2024\\\/10\\\/4-1.jpg\",\"contentUrl\":\"https:\\\/\\\/thefeminismproject.com\\\/wp-content\\\/uploads\\\/2024\\\/10\\\/4-1.jpg\",\"width\":547,\"height\":357},{\"@type\":\"BreadcrumbList\",\"@id\":\"https:\\\/\\\/thefeminismproject.com\\\/de\\\/hervorgehoben\\\/wie-wurden-die-frauen-in-den-1800er-jahren-behandelt-ein-blick-zurueck-in-die-zeit\\\/#breadcrumb\",\"itemListElement\":[{\"@type\":\"ListItem\",\"position\":1,\"name\":\"Home\",\"item\":\"https:\\\/\\\/thefeminismproject.com\\\/de\\\/startseite\\\/\"},{\"@type\":\"ListItem\",\"position\":2,\"name\":\"Wie wurden die Frauen in den 1800er Jahren behandelt? Ein Blick zur\u00fcck in die Zeit\"}]},{\"@type\":\"WebSite\",\"@id\":\"https:\\\/\\\/thefeminismproject.com\\\/de\\\/#website\",\"url\":\"https:\\\/\\\/thefeminismproject.com\\\/de\\\/\",\"name\":\"thefeminismproject.com\",\"description\":\"Popular culture with a feminist twist | let&#039;s talk about things that matter (news that feels right)\",\"publisher\":{\"@id\":\"https:\\\/\\\/thefeminismproject.com\\\/de\\\/#organization\"},\"potentialAction\":[{\"@type\":\"SearchAction\",\"target\":{\"@type\":\"EntryPoint\",\"urlTemplate\":\"https:\\\/\\\/thefeminismproject.com\\\/de\\\/?s={search_term_string}\"},\"query-input\":{\"@type\":\"PropertyValueSpecification\",\"valueRequired\":true,\"valueName\":\"search_term_string\"}}],\"inLanguage\":\"de\"},{\"@type\":\"Organization\",\"@id\":\"https:\\\/\\\/thefeminismproject.com\\\/de\\\/#organization\",\"name\":\"thefeminismproject.com\",\"url\":\"https:\\\/\\\/thefeminismproject.com\\\/de\\\/\",\"logo\":{\"@type\":\"ImageObject\",\"inLanguage\":\"de\",\"@id\":\"https:\\\/\\\/thefeminismproject.com\\\/de\\\/#\\\/schema\\\/logo\\\/image\\\/\",\"url\":\"https:\\\/\\\/thefeminismproject.com\\\/wp-content\\\/uploads\\\/2024\\\/10\\\/pexels-vazhnik-7561648.jpg\",\"contentUrl\":\"https:\\\/\\\/thefeminismproject.com\\\/wp-content\\\/uploads\\\/2024\\\/10\\\/pexels-vazhnik-7561648.jpg\",\"width\":2500,\"height\":1667,\"caption\":\"thefeminismproject.com\"},\"image\":{\"@id\":\"https:\\\/\\\/thefeminismproject.com\\\/de\\\/#\\\/schema\\\/logo\\\/image\\\/\"}},{\"@type\":\"Person\",\"@id\":\"https:\\\/\\\/thefeminismproject.com\\\/de\\\/#\\\/schema\\\/person\\\/d2d84f0918ac04ca2b9f5b912890ad51\",\"name\":\"Joaquimma Anna\",\"image\":{\"@type\":\"ImageObject\",\"inLanguage\":\"de\",\"@id\":\"https:\\\/\\\/secure.gravatar.com\\\/avatar\\\/7d06747db1565e73d68391d596fc2eb15a10a4b4c1864574c454435523af94f1?s=96&d=mm&r=g\",\"url\":\"https:\\\/\\\/secure.gravatar.com\\\/avatar\\\/7d06747db1565e73d68391d596fc2eb15a10a4b4c1864574c454435523af94f1?s=96&d=mm&r=g\",\"contentUrl\":\"https:\\\/\\\/secure.gravatar.com\\\/avatar\\\/7d06747db1565e73d68391d596fc2eb15a10a4b4c1864574c454435523af94f1?s=96&d=mm&r=g\",\"caption\":\"Joaquimma Anna\"},\"description\":\"Hi my name Joaquimma Anna, and let's tumble down the rabbit hole of thought! At thefeminismproject.com, this blog is a whimsical carnival of ideas. As a mischievous feminism activist, I'm here to juggle the narratives of women. This project? A delightful escapade into the absurdities and splendors of our world. Expect the unexpected!\",\"sameAs\":[\"http:\\\/\\\/thefeminismproject.com\"],\"url\":\"https:\\\/\\\/thefeminismproject.com\\\/de\\\/author\\\/bella-sungkawa\\\/\"}]}<\/script>\n<!-- \/ Yoast SEO plugin. -->","yoast_head_json":{"title":"Wie wurden die Frauen in den 1800er Jahren behandelt? Ein Blick zur\u00fcck in die Zeit","description":"Wie wurden Frauen in den 1800er Jahren behandelt? Wir decken die harte Realit\u00e4t und die versteckte Unterdr\u00fcckung einer vergessenen \u00c4ra auf. Es ist keine romantisierte Geschichte - es ist eine Geschichte des \u00dcberlebens.","robots":{"index":"index","follow":"follow","max-snippet":"max-snippet:-1","max-image-preview":"max-image-preview:large","max-video-preview":"max-video-preview:-1"},"canonical":"https:\/\/thefeminismproject.com\/de\/hervorgehoben\/wie-wurden-die-frauen-in-den-1800er-jahren-behandelt-ein-blick-zurueck-in-die-zeit\/","og_locale":"de_DE","og_type":"article","og_title":"Wie wurden die Frauen in den 1800er Jahren behandelt? Ein Blick zur\u00fcck in die Zeit","og_description":"Wie wurden Frauen in den 1800er Jahren behandelt? Wir decken die harte Realit\u00e4t und die versteckte Unterdr\u00fcckung einer vergessenen \u00c4ra auf. Es ist keine romantisierte Geschichte - es ist eine Geschichte des \u00dcberlebens.","og_url":"https:\/\/thefeminismproject.com\/de\/hervorgehoben\/wie-wurden-die-frauen-in-den-1800er-jahren-behandelt-ein-blick-zurueck-in-die-zeit\/","og_site_name":"thefeminismproject.com","article_published_time":"2024-11-21T13:56:08+00:00","article_modified_time":"2025-04-22T01:23:51+00:00","og_image":[{"width":547,"height":357,"url":"https:\/\/thefeminismproject.com\/wp-content\/uploads\/2024\/10\/4-1.jpg","type":"image\/jpeg"}],"author":"Joaquimma Anna","twitter_card":"summary_large_image","twitter_misc":{"Verfasst von":"Joaquimma Anna","Gesch\u00e4tzte Lesezeit":"6\u00a0Minuten"},"schema":{"@context":"https:\/\/schema.org","@graph":[{"@type":"Article","@id":"https:\/\/thefeminismproject.com\/de\/hervorgehoben\/wie-wurden-die-frauen-in-den-1800er-jahren-behandelt-ein-blick-zurueck-in-die-zeit\/#article","isPartOf":{"@id":"https:\/\/thefeminismproject.com\/de\/hervorgehoben\/wie-wurden-die-frauen-in-den-1800er-jahren-behandelt-ein-blick-zurueck-in-die-zeit\/"},"author":{"name":"Joaquimma Anna","@id":"https:\/\/thefeminismproject.com\/de\/#\/schema\/person\/d2d84f0918ac04ca2b9f5b912890ad51"},"headline":"Wie wurden die Frauen in den 1800er Jahren behandelt? Ein Blick zur\u00fcck in die Zeit","datePublished":"2024-11-21T13:56:08+00:00","dateModified":"2025-04-22T01:23:51+00:00","mainEntityOfPage":{"@id":"https:\/\/thefeminismproject.com\/de\/hervorgehoben\/wie-wurden-die-frauen-in-den-1800er-jahren-behandelt-ein-blick-zurueck-in-die-zeit\/"},"wordCount":1294,"commentCount":0,"publisher":{"@id":"https:\/\/thefeminismproject.com\/de\/#organization"},"image":{"@id":"https:\/\/thefeminismproject.com\/de\/hervorgehoben\/wie-wurden-die-frauen-in-den-1800er-jahren-behandelt-ein-blick-zurueck-in-die-zeit\/#primaryimage"},"thumbnailUrl":"https:\/\/thefeminismproject.com\/wp-content\/uploads\/2024\/10\/4-1.jpg","articleSection":["Hervorgehoben"],"inLanguage":"de","potentialAction":[{"@type":"CommentAction","name":"Comment","target":["https:\/\/thefeminismproject.com\/de\/hervorgehoben\/wie-wurden-die-frauen-in-den-1800er-jahren-behandelt-ein-blick-zurueck-in-die-zeit\/#respond"]}]},{"@type":"WebPage","@id":"https:\/\/thefeminismproject.com\/de\/hervorgehoben\/wie-wurden-die-frauen-in-den-1800er-jahren-behandelt-ein-blick-zurueck-in-die-zeit\/","url":"https:\/\/thefeminismproject.com\/de\/hervorgehoben\/wie-wurden-die-frauen-in-den-1800er-jahren-behandelt-ein-blick-zurueck-in-die-zeit\/","name":"Wie wurden die Frauen in den 1800er Jahren behandelt? Ein Blick zur\u00fcck in die Zeit","isPartOf":{"@id":"https:\/\/thefeminismproject.com\/de\/#website"},"primaryImageOfPage":{"@id":"https:\/\/thefeminismproject.com\/de\/hervorgehoben\/wie-wurden-die-frauen-in-den-1800er-jahren-behandelt-ein-blick-zurueck-in-die-zeit\/#primaryimage"},"image":{"@id":"https:\/\/thefeminismproject.com\/de\/hervorgehoben\/wie-wurden-die-frauen-in-den-1800er-jahren-behandelt-ein-blick-zurueck-in-die-zeit\/#primaryimage"},"thumbnailUrl":"https:\/\/thefeminismproject.com\/wp-content\/uploads\/2024\/10\/4-1.jpg","datePublished":"2024-11-21T13:56:08+00:00","dateModified":"2025-04-22T01:23:51+00:00","description":"Wie wurden Frauen in den 1800er Jahren behandelt? Wir decken die harte Realit\u00e4t und die versteckte Unterdr\u00fcckung einer vergessenen \u00c4ra auf. Es ist keine romantisierte Geschichte - es ist eine Geschichte des \u00dcberlebens.","breadcrumb":{"@id":"https:\/\/thefeminismproject.com\/de\/hervorgehoben\/wie-wurden-die-frauen-in-den-1800er-jahren-behandelt-ein-blick-zurueck-in-die-zeit\/#breadcrumb"},"inLanguage":"de","potentialAction":[{"@type":"ReadAction","target":["https:\/\/thefeminismproject.com\/de\/hervorgehoben\/wie-wurden-die-frauen-in-den-1800er-jahren-behandelt-ein-blick-zurueck-in-die-zeit\/"]}]},{"@type":"ImageObject","inLanguage":"de","@id":"https:\/\/thefeminismproject.com\/de\/hervorgehoben\/wie-wurden-die-frauen-in-den-1800er-jahren-behandelt-ein-blick-zurueck-in-die-zeit\/#primaryimage","url":"https:\/\/thefeminismproject.com\/wp-content\/uploads\/2024\/10\/4-1.jpg","contentUrl":"https:\/\/thefeminismproject.com\/wp-content\/uploads\/2024\/10\/4-1.jpg","width":547,"height":357},{"@type":"BreadcrumbList","@id":"https:\/\/thefeminismproject.com\/de\/hervorgehoben\/wie-wurden-die-frauen-in-den-1800er-jahren-behandelt-ein-blick-zurueck-in-die-zeit\/#breadcrumb","itemListElement":[{"@type":"ListItem","position":1,"name":"Home","item":"https:\/\/thefeminismproject.com\/de\/startseite\/"},{"@type":"ListItem","position":2,"name":"Wie wurden die Frauen in den 1800er Jahren behandelt? Ein Blick zur\u00fcck in die Zeit"}]},{"@type":"WebSite","@id":"https:\/\/thefeminismproject.com\/de\/#website","url":"https:\/\/thefeminismproject.com\/de\/","name":"thefeminismproject.com","description":"Popular culture with a feminist twist | let&#039;s talk about things that matter (news that feels right)","publisher":{"@id":"https:\/\/thefeminismproject.com\/de\/#organization"},"potentialAction":[{"@type":"SearchAction","target":{"@type":"EntryPoint","urlTemplate":"https:\/\/thefeminismproject.com\/de\/?s={search_term_string}"},"query-input":{"@type":"PropertyValueSpecification","valueRequired":true,"valueName":"search_term_string"}}],"inLanguage":"de"},{"@type":"Organization","@id":"https:\/\/thefeminismproject.com\/de\/#organization","name":"thefeminismproject.com","url":"https:\/\/thefeminismproject.com\/de\/","logo":{"@type":"ImageObject","inLanguage":"de","@id":"https:\/\/thefeminismproject.com\/de\/#\/schema\/logo\/image\/","url":"https:\/\/thefeminismproject.com\/wp-content\/uploads\/2024\/10\/pexels-vazhnik-7561648.jpg","contentUrl":"https:\/\/thefeminismproject.com\/wp-content\/uploads\/2024\/10\/pexels-vazhnik-7561648.jpg","width":2500,"height":1667,"caption":"thefeminismproject.com"},"image":{"@id":"https:\/\/thefeminismproject.com\/de\/#\/schema\/logo\/image\/"}},{"@type":"Person","@id":"https:\/\/thefeminismproject.com\/de\/#\/schema\/person\/d2d84f0918ac04ca2b9f5b912890ad51","name":"Joaquimma Anna","image":{"@type":"ImageObject","inLanguage":"de","@id":"https:\/\/secure.gravatar.com\/avatar\/7d06747db1565e73d68391d596fc2eb15a10a4b4c1864574c454435523af94f1?s=96&d=mm&r=g","url":"https:\/\/secure.gravatar.com\/avatar\/7d06747db1565e73d68391d596fc2eb15a10a4b4c1864574c454435523af94f1?s=96&d=mm&r=g","contentUrl":"https:\/\/secure.gravatar.com\/avatar\/7d06747db1565e73d68391d596fc2eb15a10a4b4c1864574c454435523af94f1?s=96&d=mm&r=g","caption":"Joaquimma Anna"},"description":"Hi my name Joaquimma Anna, and let's tumble down the rabbit hole of thought! At thefeminismproject.com, this blog is a whimsical carnival of ideas. As a mischievous feminism activist, I'm here to juggle the narratives of women. This project? A delightful escapade into the absurdities and splendors of our world. Expect the unexpected!","sameAs":["http:\/\/thefeminismproject.com"],"url":"https:\/\/thefeminismproject.com\/de\/author\/bella-sungkawa\/"}]}},"_links":{"self":[{"href":"https:\/\/thefeminismproject.com\/de\/wp-json\/wp\/v2\/posts\/1026269","targetHints":{"allow":["GET"]}}],"collection":[{"href":"https:\/\/thefeminismproject.com\/de\/wp-json\/wp\/v2\/posts"}],"about":[{"href":"https:\/\/thefeminismproject.com\/de\/wp-json\/wp\/v2\/types\/post"}],"author":[{"embeddable":true,"href":"https:\/\/thefeminismproject.com\/de\/wp-json\/wp\/v2\/users\/1"}],"replies":[{"embeddable":true,"href":"https:\/\/thefeminismproject.com\/de\/wp-json\/wp\/v2\/comments?post=1026269"}],"version-history":[{"count":1,"href":"https:\/\/thefeminismproject.com\/de\/wp-json\/wp\/v2\/posts\/1026269\/revisions"}],"predecessor-version":[{"id":1031086,"href":"https:\/\/thefeminismproject.com\/de\/wp-json\/wp\/v2\/posts\/1026269\/revisions\/1031086"}],"wp:featuredmedia":[{"embeddable":true,"href":"https:\/\/thefeminismproject.com\/de\/wp-json\/wp\/v2\/media\/1010749"}],"wp:attachment":[{"href":"https:\/\/thefeminismproject.com\/de\/wp-json\/wp\/v2\/media?parent=1026269"}],"wp:term":[{"taxonomy":"category","embeddable":true,"href":"https:\/\/thefeminismproject.com\/de\/wp-json\/wp\/v2\/categories?post=1026269"},{"taxonomy":"post_tag","embeddable":true,"href":"https:\/\/thefeminismproject.com\/de\/wp-json\/wp\/v2\/tags?post=1026269"}],"curies":[{"name":"wp","href":"https:\/\/api.w.org\/{rel}","templated":true}]}}