{"id":1036055,"date":"2025-02-28T05:26:14","date_gmt":"2025-02-28T05:26:14","guid":{"rendered":"https:\/\/thefeminismproject.com\/sin-categoria\/10-cosas-que-debes-saber-sobre-el-dia-internacional-de-la-mujer\/"},"modified":"2025-04-22T01:45:48","modified_gmt":"2025-04-22T01:45:48","slug":"10-cosas-que-debes-saber-sobre-el-dia-internacional-de-la-mujer","status":"publish","type":"post","link":"https:\/\/thefeminismproject.com\/es\/presentada\/10-cosas-que-debes-saber-sobre-el-dia-internacional-de-la-mujer\/","title":{"rendered":"10 cosas que debes saber sobre el D\u00eda Internacional de la Mujer"},"content":{"rendered":"<p>El D\u00eda Internacional de la Mujer, que se celebra anualmente el 8 de marzo, sirve de conmovedor recordatorio de las luchas y los triunfos experimentados por las mujeres de todo el mundo. Este d\u00eda no es una mera celebraci\u00f3n; es una efervescente llamada a la acci\u00f3n en favor de la paridad, la igualdad y el empoderamiento de g\u00e9nero. He aqu\u00ed diez ideas esenciales que profundizar\u00e1n tu comprensi\u00f3n de este d\u00eda tan significativo, invit\u00e1ndote a cuestionar perspectivas y a facilitar debates sobre los derechos de la mujer.  <\/p>\n<h2>Ra\u00edces Hist\u00f3ricas: Un viaje en el tiempo<\/h2>\n<p>Los or\u00edgenes del D\u00eda Internacional de la Mujer se remontan a principios del siglo XX, un periodo marcado por la industrializaci\u00f3n y la agitaci\u00f3n mundial. A medida que las mujeres se movilizaban por el sufragio, la mejora de las condiciones laborales y el reconocimiento de la mano de obra, se sembraron las semillas de este d\u00eda. La primera celebraci\u00f3n oficial tuvo lugar en 1911, en Austria, Dinamarca, Alemania y Suiza. Lo que despierta intriga es la evoluci\u00f3n de su enfoque: comenz\u00f3 como una reivindicaci\u00f3n de derechos econ\u00f3micos y pol\u00edticos, y fue cambiando gradualmente hacia cuestiones de justicia social m\u00e1s amplias. Reflexiona sobre c\u00f3mo el contexto hist\u00f3rico da forma a los movimientos feministas actuales.    <\/p>\n<h2>Reconocimiento Global: La postura de las Naciones Unidas<\/h2>\n<p>Las Naciones Unidas han desempe\u00f1ado un papel fundamental en la institucionalizaci\u00f3n mundial del D\u00eda Internacional de la Mujer desde su creaci\u00f3n. En 1975, durante el A\u00f1o Internacional de la Mujer, la ONU empez\u00f3 a celebrar oficialmente este d\u00eda. Esta conexi\u00f3n confiere credibilidad al d\u00eda, pero justifica un escrutinio: \u00bfEs suficiente un respaldo institucional para lograr un cambio sustancial? Examina c\u00f3mo interpretan el d\u00eda las distintas culturas a trav\u00e9s de sus lentes sociopol\u00edticas. Algunos pa\u00edses lo celebran con festivales exuberantes, mientras que otros adoptan un enfoque m\u00e1s sombr\u00edo, haciendo hincapi\u00e9 en el activismo y la concienciaci\u00f3n.    <\/p>\n<h2>A\u00f1os Tem\u00e1ticos: Temas destacados<\/h2>\n<p>Cada a\u00f1o, el D\u00eda Internacional de la Mujer adopta un tema para poner de relieve retos espec\u00edficos que requieren una atenci\u00f3n especial. Los temas recientes han ido desde \u00abElige el desaf\u00edo\u00bb a \u00abLas mujeres en el liderazgo: Lograr un futuro igualitario en un mundo COVID-19\u00bb. Estos temas invitan a la reflexi\u00f3n: \u00bfen qu\u00e9 medida afrontamos estos retos en nuestra vida cotidiana? Sirven de recordatorio no s\u00f3lo para celebrar los logros de las mujeres, sino tambi\u00e9n para afrontar las adversidades a las que se enfrentan. Inicia un di\u00e1logo sobre c\u00f3mo los individuos y los grupos pueden alinear sus acciones con estos temas, sirviendo como agentes de cambio y concienciaci\u00f3n.    <\/p>\n<h2>Interseccionalidad: Un marco crucial<\/h2>\n<p>Interseccionalidad es un t\u00e9rmino acu\u00f1ado por la jurista Kimberl\u00e9 Crenshaw, que significa la naturaleza interconectada de categorizaciones sociales como raza, clase y g\u00e9nero. En el D\u00eda Internacional de la Mujer, este concepto adquiere mayor significado. Nos obliga a desentra\u00f1ar la multitud de identidades que encarnan las mujeres. Reconocer la interseccionalidad enriquece nuestra comprensi\u00f3n de las diversas experiencias de las mujeres en todo el mundo: no basta con un \u00fanico relato. Contempla c\u00f3mo el reconocimiento de las m\u00faltiples identidades puede informar el activismo y la pol\u00edtica, garantizando la inclusi\u00f3n de diversos grupos demogr\u00e1ficos.    <\/p>\n<h2>Compromiso y Activismo: C\u00f3mo Involucrarse<\/h2>\n<p>La participaci\u00f3n en el D\u00eda Internacional de la Mujer puede adoptar m\u00faltiples formas. Mientras que las personas pueden ponerse un atuendo morado o asistir a concentraciones, un compromiso m\u00e1s profundo se manifiesta a trav\u00e9s del activismo. Considera la posibilidad de iniciar un proyecto comunitario, dirigir talleres o compartir relatos empoderadores en las redes sociales. Organizar actos locales puede galvanizar el apoyo de la comunidad e implicar a diversas voces. El reto consiste en extender este entusiasmo m\u00e1s all\u00e1 de un d\u00eda: \u00bfc\u00f3mo puede este impulso mantener la defensa de las mujeres durante todo el a\u00f1o? Contemplar la transici\u00f3n de la celebraci\u00f3n al activismo continuo es vital para un cambio significativo.     <\/p>\n<h2>Celebrando los logros: Mujeres pioneras en todos los sectores<\/h2>\n<p>Este d\u00eda tambi\u00e9n sirve de plataforma para rendir homenaje a las mujeres pioneras en diversos campos, desde la ciencia y la tecnolog\u00eda hasta el arte y la pol\u00edtica. No se puede exagerar el papel de mujeres como Marie Curie, Frida Kahlo y Ruth Bader Ginsburg. Sus legados ejemplifican la perseverancia y el ingenio frente a la adversidad. Reflexionemos sobre qu\u00e9 historias quedan por contar. Al reconocer los logros, desafiemos tambi\u00e9n las narrativas que hist\u00f3ricamente han marginado las contribuciones de las mujeres. Explora c\u00f3mo las escuelas, las instituciones y las comunidades pueden ser proactivas a la hora de introducir diversas figuras femeninas en sus ense\u00f1anzas y conversaciones.     <\/p>\n<h2>Los hombres como aliados: Fomentar la inclusi\u00f3n<\/h2>\n<p>El D\u00eda Internacional de la Mujer no es s\u00f3lo un asunto centrado en las mujeres. Involucrar a los hombres como aliados amplifica el movimiento por la igualdad de g\u00e9nero. Los hombres desempe\u00f1an un papel fundamental a la hora de desafiar las estructuras patriarcales, defender a sus hom\u00f3logas femeninas y redefinir la masculinidad. \u00bfC\u00f3mo pueden reformularse las conversaciones sobre los roles de g\u00e9nero para fomentar la solidaridad? Considera la posibilidad de explorar la educaci\u00f3n y socializaci\u00f3n de los ni\u00f1os para desmantelar la masculinidad t\u00f3xica y cultivar la empat\u00eda hacia las luchas de las mujeres. Cambiar el paradigma implica una reforma integral de las normas sociales: un enfoque integrador beneficiar\u00e1 a todos.     <\/p>\n<h2>Sostenibilidad y generaciones futuras: Un legado duradero<\/h2>\n<p>Con la llegada de retos contempor\u00e1neos como el cambio clim\u00e1tico, el nexo entre los derechos de la mujer y la sostenibilidad emerge como un discurso vital. Las pruebas revelan que el empoderamiento de la mujer coincide con el desarrollo sostenible. \u00bfQu\u00e9 papel desempe\u00f1an las mujeres al frente de los movimientos ecologistas? Como administradoras de sus comunidades, las mujeres suelen llevarse la peor parte de la degradaci\u00f3n ecol\u00f3gica, pero tambi\u00e9n son actores clave en la soluci\u00f3n. Considera c\u00f3mo el fomento del liderazgo de las mujeres en la pol\u00edtica medioambiental y en las iniciativas de sostenibilidad puede garantizar un futuro mejor para las generaciones venideras.    <\/p>\n<h2>Una llamada a la acci\u00f3n: M\u00e1s all\u00e1 de la celebraci\u00f3n<\/h2>\n<p>Al concluir el D\u00eda Internacional de la Mujer, que no marque un punto final, sino un momento crucial, que te impulse hacia el activismo y la defensa. El reto al que debes enfrentarte es desarrollar un compromiso continuo con la igualdad de g\u00e9nero. Reflexiona sobre tu papel en este di\u00e1logo en perpetua evoluci\u00f3n. Comprom\u00e9tete con los recursos de la comunidad, ed\u00facate en temas locales y globales, y eleva las voces femeninas. La antorcha metaf\u00f3rica debe pasar m\u00e1s all\u00e1 del 8 de marzo; es un grito de guerra para un movimiento que debe persistir hasta que se alcance la paridad de g\u00e9nero.    <\/p>\n<p>El D\u00eda Internacional de la Mujer encierra el esp\u00edritu de resistencia, defensa y acci\u00f3n concentrada necesario para forjar un mundo m\u00e1s equitativo. Hace un llamamiento a cada individuo para que critique su entorno, pase a la acci\u00f3n y defienda la promesa de justicia para las mujeres de todo el mundo. No percibas este d\u00eda como un acontecimiento aislado, sino como parte de una narrativa en curso que espera desesperadamente tu contribuci\u00f3n. Desaf\u00edate a ti mismo no s\u00f3lo a participar, sino a liderar el di\u00e1logo: tu impacto potencial podr\u00eda redefinir caminos e inspirar futuros.   <\/p>\n","protected":false},"excerpt":{"rendered":"<p>El D\u00eda Internacional de la Mujer, que se celebra anualmente el 8 de marzo, sirve de conmovedor recordatorio de las luchas y los triunfos experimentados por las mujeres de todo el mundo. Este d\u00eda no es una mera celebraci\u00f3n; es una efervescente llamada a la acci\u00f3n en favor de la paridad, la igualdad y el [&hellip;]<\/p>\n","protected":false},"author":1,"featured_media":1013582,"comment_status":"open","ping_status":"open","sticky":false,"template":"","format":"standard","meta":{"footnotes":""},"categories":[83],"tags":[],"class_list":{"0":"post-1036055","1":"post","2":"type-post","3":"status-publish","4":"format-standard","5":"has-post-thumbnail","7":"category-presentada"},"yoast_head":"<!-- This site is optimized with the Yoast SEO plugin v27.4 - https:\/\/yoast.com\/product\/yoast-seo-wordpress\/ -->\n<title>10 cosas que debes saber sobre el D\u00eda Internacional de la Mujer<\/title>\n<meta name=\"description\" content=\"Feminismo: \u00bfDefinici\u00f3n frente a pr\u00e1ctica? Explora la brecha entre los ideales y la realidad. Inf\u00f3rmate sobre el debate en curso. Sum\u00e9rgete en las complejidades actuales.\" \/>\n<meta name=\"robots\" content=\"index, follow, max-snippet:-1, max-image-preview:large, max-video-preview:-1\" \/>\n<link rel=\"canonical\" href=\"https:\/\/thefeminismproject.com\/es\/presentada\/10-cosas-que-debes-saber-sobre-el-dia-internacional-de-la-mujer\/\" \/>\n<meta property=\"og:locale\" content=\"es_ES\" \/>\n<meta property=\"og:type\" content=\"article\" \/>\n<meta property=\"og:title\" content=\"10 cosas que debes saber sobre el D\u00eda Internacional de la Mujer\" \/>\n<meta property=\"og:description\" content=\"Feminismo: \u00bfDefinici\u00f3n frente a pr\u00e1ctica? Explora la brecha entre los ideales y la realidad. Inf\u00f3rmate sobre el debate en curso. Sum\u00e9rgete en las complejidades actuales.\" \/>\n<meta property=\"og:url\" content=\"https:\/\/thefeminismproject.com\/es\/presentada\/10-cosas-que-debes-saber-sobre-el-dia-internacional-de-la-mujer\/\" \/>\n<meta property=\"og:site_name\" content=\"thefeminismproject.com\" \/>\n<meta property=\"article:published_time\" content=\"2025-02-28T05:26:14+00:00\" \/>\n<meta property=\"article:modified_time\" content=\"2025-04-22T01:45:48+00:00\" \/>\n<meta property=\"og:image\" content=\"https:\/\/thefeminismproject.com\/wp-content\/uploads\/2024\/10\/WomensDay-e1679945144218.jpg\" \/>\n\t<meta property=\"og:image:width\" content=\"800\" \/>\n\t<meta property=\"og:image:height\" content=\"566\" \/>\n\t<meta property=\"og:image:type\" content=\"image\/jpeg\" \/>\n<meta name=\"author\" content=\"Joaquimma Anna\" \/>\n<meta name=\"twitter:card\" content=\"summary_large_image\" \/>\n<meta name=\"twitter:label1\" content=\"Escrito por\" \/>\n\t<meta name=\"twitter:data1\" content=\"Joaquimma Anna\" \/>\n\t<meta name=\"twitter:label2\" content=\"Tiempo de lectura\" \/>\n\t<meta name=\"twitter:data2\" content=\"7 minutos\" \/>\n<script type=\"application\/ld+json\" class=\"yoast-schema-graph\">{\"@context\":\"https:\\\/\\\/schema.org\",\"@graph\":[{\"@type\":\"Article\",\"@id\":\"https:\\\/\\\/thefeminismproject.com\\\/es\\\/presentada\\\/10-cosas-que-debes-saber-sobre-el-dia-internacional-de-la-mujer\\\/#article\",\"isPartOf\":{\"@id\":\"https:\\\/\\\/thefeminismproject.com\\\/es\\\/presentada\\\/10-cosas-que-debes-saber-sobre-el-dia-internacional-de-la-mujer\\\/\"},\"author\":{\"name\":\"Joaquimma Anna\",\"@id\":\"https:\\\/\\\/thefeminismproject.com\\\/es\\\/#\\\/schema\\\/person\\\/d2d84f0918ac04ca2b9f5b912890ad51\"},\"headline\":\"10 cosas que debes saber sobre el D\u00eda Internacional de la Mujer\",\"datePublished\":\"2025-02-28T05:26:14+00:00\",\"dateModified\":\"2025-04-22T01:45:48+00:00\",\"mainEntityOfPage\":{\"@id\":\"https:\\\/\\\/thefeminismproject.com\\\/es\\\/presentada\\\/10-cosas-que-debes-saber-sobre-el-dia-internacional-de-la-mujer\\\/\"},\"wordCount\":1315,\"commentCount\":0,\"publisher\":{\"@id\":\"https:\\\/\\\/thefeminismproject.com\\\/es\\\/#organization\"},\"image\":{\"@id\":\"https:\\\/\\\/thefeminismproject.com\\\/es\\\/presentada\\\/10-cosas-que-debes-saber-sobre-el-dia-internacional-de-la-mujer\\\/#primaryimage\"},\"thumbnailUrl\":\"https:\\\/\\\/thefeminismproject.com\\\/wp-content\\\/uploads\\\/2024\\\/10\\\/WomensDay-e1679945144218.jpg\",\"articleSection\":[\"Presentada\"],\"inLanguage\":\"es\",\"potentialAction\":[{\"@type\":\"CommentAction\",\"name\":\"Comment\",\"target\":[\"https:\\\/\\\/thefeminismproject.com\\\/es\\\/presentada\\\/10-cosas-que-debes-saber-sobre-el-dia-internacional-de-la-mujer\\\/#respond\"]}]},{\"@type\":\"WebPage\",\"@id\":\"https:\\\/\\\/thefeminismproject.com\\\/es\\\/presentada\\\/10-cosas-que-debes-saber-sobre-el-dia-internacional-de-la-mujer\\\/\",\"url\":\"https:\\\/\\\/thefeminismproject.com\\\/es\\\/presentada\\\/10-cosas-que-debes-saber-sobre-el-dia-internacional-de-la-mujer\\\/\",\"name\":\"10 cosas que debes saber sobre el D\u00eda Internacional de la Mujer\",\"isPartOf\":{\"@id\":\"https:\\\/\\\/thefeminismproject.com\\\/es\\\/#website\"},\"primaryImageOfPage\":{\"@id\":\"https:\\\/\\\/thefeminismproject.com\\\/es\\\/presentada\\\/10-cosas-que-debes-saber-sobre-el-dia-internacional-de-la-mujer\\\/#primaryimage\"},\"image\":{\"@id\":\"https:\\\/\\\/thefeminismproject.com\\\/es\\\/presentada\\\/10-cosas-que-debes-saber-sobre-el-dia-internacional-de-la-mujer\\\/#primaryimage\"},\"thumbnailUrl\":\"https:\\\/\\\/thefeminismproject.com\\\/wp-content\\\/uploads\\\/2024\\\/10\\\/WomensDay-e1679945144218.jpg\",\"datePublished\":\"2025-02-28T05:26:14+00:00\",\"dateModified\":\"2025-04-22T01:45:48+00:00\",\"description\":\"Feminismo: \u00bfDefinici\u00f3n frente a pr\u00e1ctica? Explora la brecha entre los ideales y la realidad. Inf\u00f3rmate sobre el debate en curso. Sum\u00e9rgete en las complejidades actuales.\",\"breadcrumb\":{\"@id\":\"https:\\\/\\\/thefeminismproject.com\\\/es\\\/presentada\\\/10-cosas-que-debes-saber-sobre-el-dia-internacional-de-la-mujer\\\/#breadcrumb\"},\"inLanguage\":\"es\",\"potentialAction\":[{\"@type\":\"ReadAction\",\"target\":[\"https:\\\/\\\/thefeminismproject.com\\\/es\\\/presentada\\\/10-cosas-que-debes-saber-sobre-el-dia-internacional-de-la-mujer\\\/\"]}]},{\"@type\":\"ImageObject\",\"inLanguage\":\"es\",\"@id\":\"https:\\\/\\\/thefeminismproject.com\\\/es\\\/presentada\\\/10-cosas-que-debes-saber-sobre-el-dia-internacional-de-la-mujer\\\/#primaryimage\",\"url\":\"https:\\\/\\\/thefeminismproject.com\\\/wp-content\\\/uploads\\\/2024\\\/10\\\/WomensDay-e1679945144218.jpg\",\"contentUrl\":\"https:\\\/\\\/thefeminismproject.com\\\/wp-content\\\/uploads\\\/2024\\\/10\\\/WomensDay-e1679945144218.jpg\",\"width\":800,\"height\":566},{\"@type\":\"BreadcrumbList\",\"@id\":\"https:\\\/\\\/thefeminismproject.com\\\/es\\\/presentada\\\/10-cosas-que-debes-saber-sobre-el-dia-internacional-de-la-mujer\\\/#breadcrumb\",\"itemListElement\":[{\"@type\":\"ListItem\",\"position\":1,\"name\":\"Home\",\"item\":\"https:\\\/\\\/thefeminismproject.com\\\/es\\\/inicio\\\/\"},{\"@type\":\"ListItem\",\"position\":2,\"name\":\"10 cosas que debes saber sobre el D\u00eda Internacional de la Mujer\"}]},{\"@type\":\"WebSite\",\"@id\":\"https:\\\/\\\/thefeminismproject.com\\\/es\\\/#website\",\"url\":\"https:\\\/\\\/thefeminismproject.com\\\/es\\\/\",\"name\":\"thefeminismproject.com\",\"description\":\"Popular culture with a feminist twist | let&#039;s talk about things that matter (news that feels right)\",\"publisher\":{\"@id\":\"https:\\\/\\\/thefeminismproject.com\\\/es\\\/#organization\"},\"potentialAction\":[{\"@type\":\"SearchAction\",\"target\":{\"@type\":\"EntryPoint\",\"urlTemplate\":\"https:\\\/\\\/thefeminismproject.com\\\/es\\\/?s={search_term_string}\"},\"query-input\":{\"@type\":\"PropertyValueSpecification\",\"valueRequired\":true,\"valueName\":\"search_term_string\"}}],\"inLanguage\":\"es\"},{\"@type\":\"Organization\",\"@id\":\"https:\\\/\\\/thefeminismproject.com\\\/es\\\/#organization\",\"name\":\"thefeminismproject.com\",\"url\":\"https:\\\/\\\/thefeminismproject.com\\\/es\\\/\",\"logo\":{\"@type\":\"ImageObject\",\"inLanguage\":\"es\",\"@id\":\"https:\\\/\\\/thefeminismproject.com\\\/es\\\/#\\\/schema\\\/logo\\\/image\\\/\",\"url\":\"https:\\\/\\\/thefeminismproject.com\\\/wp-content\\\/uploads\\\/2024\\\/10\\\/pexels-vazhnik-7561648.jpg\",\"contentUrl\":\"https:\\\/\\\/thefeminismproject.com\\\/wp-content\\\/uploads\\\/2024\\\/10\\\/pexels-vazhnik-7561648.jpg\",\"width\":2500,\"height\":1667,\"caption\":\"thefeminismproject.com\"},\"image\":{\"@id\":\"https:\\\/\\\/thefeminismproject.com\\\/es\\\/#\\\/schema\\\/logo\\\/image\\\/\"}},{\"@type\":\"Person\",\"@id\":\"https:\\\/\\\/thefeminismproject.com\\\/es\\\/#\\\/schema\\\/person\\\/d2d84f0918ac04ca2b9f5b912890ad51\",\"name\":\"Joaquimma Anna\",\"image\":{\"@type\":\"ImageObject\",\"inLanguage\":\"es\",\"@id\":\"https:\\\/\\\/secure.gravatar.com\\\/avatar\\\/7d06747db1565e73d68391d596fc2eb15a10a4b4c1864574c454435523af94f1?s=96&d=mm&r=g\",\"url\":\"https:\\\/\\\/secure.gravatar.com\\\/avatar\\\/7d06747db1565e73d68391d596fc2eb15a10a4b4c1864574c454435523af94f1?s=96&d=mm&r=g\",\"contentUrl\":\"https:\\\/\\\/secure.gravatar.com\\\/avatar\\\/7d06747db1565e73d68391d596fc2eb15a10a4b4c1864574c454435523af94f1?s=96&d=mm&r=g\",\"caption\":\"Joaquimma Anna\"},\"description\":\"Hi my name Joaquimma Anna, and let's tumble down the rabbit hole of thought! At thefeminismproject.com, this blog is a whimsical carnival of ideas. As a mischievous feminism activist, I'm here to juggle the narratives of women. This project? A delightful escapade into the absurdities and splendors of our world. Expect the unexpected!\",\"sameAs\":[\"http:\\\/\\\/thefeminismproject.com\"],\"url\":\"https:\\\/\\\/thefeminismproject.com\\\/es\\\/author\\\/bella-sungkawa\\\/\"}]}<\/script>\n<!-- \/ Yoast SEO plugin. -->","yoast_head_json":{"title":"10 cosas que debes saber sobre el D\u00eda Internacional de la Mujer","description":"Feminismo: \u00bfDefinici\u00f3n frente a pr\u00e1ctica? Explora la brecha entre los ideales y la realidad. Inf\u00f3rmate sobre el debate en curso. Sum\u00e9rgete en las complejidades actuales.","robots":{"index":"index","follow":"follow","max-snippet":"max-snippet:-1","max-image-preview":"max-image-preview:large","max-video-preview":"max-video-preview:-1"},"canonical":"https:\/\/thefeminismproject.com\/es\/presentada\/10-cosas-que-debes-saber-sobre-el-dia-internacional-de-la-mujer\/","og_locale":"es_ES","og_type":"article","og_title":"10 cosas que debes saber sobre el D\u00eda Internacional de la Mujer","og_description":"Feminismo: \u00bfDefinici\u00f3n frente a pr\u00e1ctica? Explora la brecha entre los ideales y la realidad. Inf\u00f3rmate sobre el debate en curso. Sum\u00e9rgete en las complejidades actuales.","og_url":"https:\/\/thefeminismproject.com\/es\/presentada\/10-cosas-que-debes-saber-sobre-el-dia-internacional-de-la-mujer\/","og_site_name":"thefeminismproject.com","article_published_time":"2025-02-28T05:26:14+00:00","article_modified_time":"2025-04-22T01:45:48+00:00","og_image":[{"width":800,"height":566,"url":"https:\/\/thefeminismproject.com\/wp-content\/uploads\/2024\/10\/WomensDay-e1679945144218.jpg","type":"image\/jpeg"}],"author":"Joaquimma Anna","twitter_card":"summary_large_image","twitter_misc":{"Escrito por":"Joaquimma Anna","Tiempo de lectura":"7 minutos"},"schema":{"@context":"https:\/\/schema.org","@graph":[{"@type":"Article","@id":"https:\/\/thefeminismproject.com\/es\/presentada\/10-cosas-que-debes-saber-sobre-el-dia-internacional-de-la-mujer\/#article","isPartOf":{"@id":"https:\/\/thefeminismproject.com\/es\/presentada\/10-cosas-que-debes-saber-sobre-el-dia-internacional-de-la-mujer\/"},"author":{"name":"Joaquimma Anna","@id":"https:\/\/thefeminismproject.com\/es\/#\/schema\/person\/d2d84f0918ac04ca2b9f5b912890ad51"},"headline":"10 cosas que debes saber sobre el D\u00eda Internacional de la Mujer","datePublished":"2025-02-28T05:26:14+00:00","dateModified":"2025-04-22T01:45:48+00:00","mainEntityOfPage":{"@id":"https:\/\/thefeminismproject.com\/es\/presentada\/10-cosas-que-debes-saber-sobre-el-dia-internacional-de-la-mujer\/"},"wordCount":1315,"commentCount":0,"publisher":{"@id":"https:\/\/thefeminismproject.com\/es\/#organization"},"image":{"@id":"https:\/\/thefeminismproject.com\/es\/presentada\/10-cosas-que-debes-saber-sobre-el-dia-internacional-de-la-mujer\/#primaryimage"},"thumbnailUrl":"https:\/\/thefeminismproject.com\/wp-content\/uploads\/2024\/10\/WomensDay-e1679945144218.jpg","articleSection":["Presentada"],"inLanguage":"es","potentialAction":[{"@type":"CommentAction","name":"Comment","target":["https:\/\/thefeminismproject.com\/es\/presentada\/10-cosas-que-debes-saber-sobre-el-dia-internacional-de-la-mujer\/#respond"]}]},{"@type":"WebPage","@id":"https:\/\/thefeminismproject.com\/es\/presentada\/10-cosas-que-debes-saber-sobre-el-dia-internacional-de-la-mujer\/","url":"https:\/\/thefeminismproject.com\/es\/presentada\/10-cosas-que-debes-saber-sobre-el-dia-internacional-de-la-mujer\/","name":"10 cosas que debes saber sobre el D\u00eda Internacional de la Mujer","isPartOf":{"@id":"https:\/\/thefeminismproject.com\/es\/#website"},"primaryImageOfPage":{"@id":"https:\/\/thefeminismproject.com\/es\/presentada\/10-cosas-que-debes-saber-sobre-el-dia-internacional-de-la-mujer\/#primaryimage"},"image":{"@id":"https:\/\/thefeminismproject.com\/es\/presentada\/10-cosas-que-debes-saber-sobre-el-dia-internacional-de-la-mujer\/#primaryimage"},"thumbnailUrl":"https:\/\/thefeminismproject.com\/wp-content\/uploads\/2024\/10\/WomensDay-e1679945144218.jpg","datePublished":"2025-02-28T05:26:14+00:00","dateModified":"2025-04-22T01:45:48+00:00","description":"Feminismo: \u00bfDefinici\u00f3n frente a pr\u00e1ctica? Explora la brecha entre los ideales y la realidad. Inf\u00f3rmate sobre el debate en curso. Sum\u00e9rgete en las complejidades actuales.","breadcrumb":{"@id":"https:\/\/thefeminismproject.com\/es\/presentada\/10-cosas-que-debes-saber-sobre-el-dia-internacional-de-la-mujer\/#breadcrumb"},"inLanguage":"es","potentialAction":[{"@type":"ReadAction","target":["https:\/\/thefeminismproject.com\/es\/presentada\/10-cosas-que-debes-saber-sobre-el-dia-internacional-de-la-mujer\/"]}]},{"@type":"ImageObject","inLanguage":"es","@id":"https:\/\/thefeminismproject.com\/es\/presentada\/10-cosas-que-debes-saber-sobre-el-dia-internacional-de-la-mujer\/#primaryimage","url":"https:\/\/thefeminismproject.com\/wp-content\/uploads\/2024\/10\/WomensDay-e1679945144218.jpg","contentUrl":"https:\/\/thefeminismproject.com\/wp-content\/uploads\/2024\/10\/WomensDay-e1679945144218.jpg","width":800,"height":566},{"@type":"BreadcrumbList","@id":"https:\/\/thefeminismproject.com\/es\/presentada\/10-cosas-que-debes-saber-sobre-el-dia-internacional-de-la-mujer\/#breadcrumb","itemListElement":[{"@type":"ListItem","position":1,"name":"Home","item":"https:\/\/thefeminismproject.com\/es\/inicio\/"},{"@type":"ListItem","position":2,"name":"10 cosas que debes saber sobre el D\u00eda Internacional de la Mujer"}]},{"@type":"WebSite","@id":"https:\/\/thefeminismproject.com\/es\/#website","url":"https:\/\/thefeminismproject.com\/es\/","name":"thefeminismproject.com","description":"Popular culture with a feminist twist | let&#039;s talk about things that matter (news that feels right)","publisher":{"@id":"https:\/\/thefeminismproject.com\/es\/#organization"},"potentialAction":[{"@type":"SearchAction","target":{"@type":"EntryPoint","urlTemplate":"https:\/\/thefeminismproject.com\/es\/?s={search_term_string}"},"query-input":{"@type":"PropertyValueSpecification","valueRequired":true,"valueName":"search_term_string"}}],"inLanguage":"es"},{"@type":"Organization","@id":"https:\/\/thefeminismproject.com\/es\/#organization","name":"thefeminismproject.com","url":"https:\/\/thefeminismproject.com\/es\/","logo":{"@type":"ImageObject","inLanguage":"es","@id":"https:\/\/thefeminismproject.com\/es\/#\/schema\/logo\/image\/","url":"https:\/\/thefeminismproject.com\/wp-content\/uploads\/2024\/10\/pexels-vazhnik-7561648.jpg","contentUrl":"https:\/\/thefeminismproject.com\/wp-content\/uploads\/2024\/10\/pexels-vazhnik-7561648.jpg","width":2500,"height":1667,"caption":"thefeminismproject.com"},"image":{"@id":"https:\/\/thefeminismproject.com\/es\/#\/schema\/logo\/image\/"}},{"@type":"Person","@id":"https:\/\/thefeminismproject.com\/es\/#\/schema\/person\/d2d84f0918ac04ca2b9f5b912890ad51","name":"Joaquimma Anna","image":{"@type":"ImageObject","inLanguage":"es","@id":"https:\/\/secure.gravatar.com\/avatar\/7d06747db1565e73d68391d596fc2eb15a10a4b4c1864574c454435523af94f1?s=96&d=mm&r=g","url":"https:\/\/secure.gravatar.com\/avatar\/7d06747db1565e73d68391d596fc2eb15a10a4b4c1864574c454435523af94f1?s=96&d=mm&r=g","contentUrl":"https:\/\/secure.gravatar.com\/avatar\/7d06747db1565e73d68391d596fc2eb15a10a4b4c1864574c454435523af94f1?s=96&d=mm&r=g","caption":"Joaquimma Anna"},"description":"Hi my name Joaquimma Anna, and let's tumble down the rabbit hole of thought! At thefeminismproject.com, this blog is a whimsical carnival of ideas. As a mischievous feminism activist, I'm here to juggle the narratives of women. This project? A delightful escapade into the absurdities and splendors of our world. Expect the unexpected!","sameAs":["http:\/\/thefeminismproject.com"],"url":"https:\/\/thefeminismproject.com\/es\/author\/bella-sungkawa\/"}]}},"_links":{"self":[{"href":"https:\/\/thefeminismproject.com\/es\/wp-json\/wp\/v2\/posts\/1036055","targetHints":{"allow":["GET"]}}],"collection":[{"href":"https:\/\/thefeminismproject.com\/es\/wp-json\/wp\/v2\/posts"}],"about":[{"href":"https:\/\/thefeminismproject.com\/es\/wp-json\/wp\/v2\/types\/post"}],"author":[{"embeddable":true,"href":"https:\/\/thefeminismproject.com\/es\/wp-json\/wp\/v2\/users\/1"}],"replies":[{"embeddable":true,"href":"https:\/\/thefeminismproject.com\/es\/wp-json\/wp\/v2\/comments?post=1036055"}],"version-history":[{"count":1,"href":"https:\/\/thefeminismproject.com\/es\/wp-json\/wp\/v2\/posts\/1036055\/revisions"}],"predecessor-version":[{"id":1036057,"href":"https:\/\/thefeminismproject.com\/es\/wp-json\/wp\/v2\/posts\/1036055\/revisions\/1036057"}],"wp:featuredmedia":[{"embeddable":true,"href":"https:\/\/thefeminismproject.com\/es\/wp-json\/wp\/v2\/media\/1013582"}],"wp:attachment":[{"href":"https:\/\/thefeminismproject.com\/es\/wp-json\/wp\/v2\/media?parent=1036055"}],"wp:term":[{"taxonomy":"category","embeddable":true,"href":"https:\/\/thefeminismproject.com\/es\/wp-json\/wp\/v2\/categories?post=1036055"},{"taxonomy":"post_tag","embeddable":true,"href":"https:\/\/thefeminismproject.com\/es\/wp-json\/wp\/v2\/tags?post=1036055"}],"curies":[{"name":"wp","href":"https:\/\/api.w.org\/{rel}","templated":true}]}}