{"id":1042320,"date":"2025-03-03T17:21:03","date_gmt":"2025-03-03T17:21:03","guid":{"rendered":"https:\/\/thefeminismproject.com\/sin-categoria\/como-feminizar-tu-rostro-metodos-naturales-y-profesionales\/"},"modified":"2025-03-03T17:21:03","modified_gmt":"2025-03-03T17:21:03","slug":"como-feminizar-tu-rostro-metodos-naturales-y-profesionales","status":"publish","type":"post","link":"https:\/\/thefeminismproject.com\/es\/presentada\/como-feminizar-tu-rostro-metodos-naturales-y-profesionales\/","title":{"rendered":"\u00bfC\u00f3mo feminizar tu rostro? M\u00e9todos naturales y profesionales"},"content":{"rendered":"<p>En el vasto universo de la est\u00e9tica, la feminizaci\u00f3n del rostro ha emergido como un tema intrigante y multifac\u00e9tico. Sin embargo, esta b\u00fasqueda no es meramente superficial; es un recorrido hacia la autoexploraci\u00f3n y la aceptaci\u00f3n. La feminizaci\u00f3n del rostro, con sus diversas metodolog\u00edas y enfoques, permite a las personas expresar su identidad de una manera que se alinee con su yo interior. La pregunta crucial es: \u00bfc\u00f3mo feminizar tu rostro de manera que no solo sea un reflejo externo, sino tambi\u00e9n un aut\u00e9ntico eco de quien realmente eres?<\/p>\n<p>Primero, debemos distinguir entre los m\u00e9todos naturales y los profesionales. Ambos caminos ofrecen oportunidades \u00fanicas, pero tambi\u00e9n presentan sus desaf\u00edos y consideraciones. La elecci\u00f3n de uno frente al otro tambi\u00e9n suele ser un reflejo de la individualidad de cada persona, de la concepci\u00f3n que tiene sobre su propio cuerpo y el significado que le atribuye a la feminidad.<\/p>\n<p>Los m\u00e9todos naturales para feminizar el rostro son un homenaje a la esencia misma del ser. Estos enfoques suelen incluir t\u00e9cnicas de cuidado de la piel, maquillaje, y ejercicios faciales. Con paciencia y dedicaci\u00f3n, se puede lograr un notable efecto deseado que evoca la delicadeza y la suavidad que muchas buscan.<\/p>\n<p>Cuidar de la piel es un ritual que trasciende generaciones. La limpieza, la hidrataci\u00f3n y la protecci\u00f3n solar son pilares fundamentales. Usar ingredientes naturales, como el aceite de rosa mosqueta o el aloe vera, no solo nutre la piel, sino que tambi\u00e9n potencia su luminosidad. Este tipo de cuidado es como mimar a una tierra f\u00e9rtil: si se cultiva con amor, florecer\u00e1 en todo su esplendor.<\/p>\n<p>El maquillaje, ese aliado inquebrantable, permite proyectar la feminidad de formas infinitas. Con una base ligera, un toque de colorete y un sutil iluminador, se puede esculpir el rostro de maneras sorprendentes. Pero, \u00a1cuidado con los excesos! El maquillaje debe ser una herramienta que resalte, no que oculte. Piensa en \u00e9l como un cuadro donde los matices y los contrastes cuentan una historia.<\/p>\n<p>Los ejercicios faciales, aunque poco convencionales, son una adici\u00f3n poderosa a cualquier r\u00e9gimen de feminizaci\u00f3n. Ejercitar los m\u00fasculos faciales ayuda a tonificar y definir el rostro. Imag\u00ednate como una escultora de tu propio lienzo, modelando y dando forma a cada contorno, cada sonrisa, cada l\u00ednea.<\/p>\n<p>Sin embargo, la feminizaci\u00f3n del rostro no se limita a m\u00e9todos que solo se pueden hacer en casa. Los procedimientos profesionales est\u00e1n a la vanguardia de la est\u00e9tica moderna y ofrecen resultados m\u00e1s immediatos. Aunque a menudo son percibidos con escepticismo, su efecto transformaci\u00f3n puede ser verdaderamente impresionante. Desde inyecciones de relleno hasta la cirug\u00eda est\u00e9tica, las posibilidades parecen interminables. Pero, aqu\u00ed radica la advertencia: navegar por este mar de opciones requiere un discernimiento agudo y una \u00e9tica inquebrantable.<\/p>\n<p>Inyecciones de relleno, como el \u00e1cido hialur\u00f3nico, son una forma eficaz de suavizar las l\u00edneas y a\u00f1adir volumen a \u00e1reas como los labios y las mejillas, brindando un aspecto juvenil y fresco. Es un arte el saber d\u00f3nde y cu\u00e1nto aplicar, pues el rostro puede transformarse casi al instante, convirti\u00e9ndose en una obra maestra. Aun as\u00ed, una intervenci\u00f3n mal realizada puede desdibujar el objetivo inicial de feminizar. Por ello, la elecci\u00f3n de un profesional capacitado es fundamental; la confianza es la clave en este viaje.<\/p>\n<p>La cirug\u00eda est\u00e9tica, por otro lado, representa una decisi\u00f3n m\u00e1s dr\u00e1stica. Procedimientos como la rinoplastia o la feminizaci\u00f3n mandibular pueden redefinir completamente la estructura facial. Si sientes que tu rostro no te representa, que te aliena, estas decisiones pueden ser liberadoras. Sin embargo, es vital abordar estas opciones con un completo entendimiento de los riesgos y las repercusiones. Lo que est\u00e1 en juego es nada menos que tu identidad y autoestima.<\/p>\n<p>Pero m\u00e1s all\u00e1 de los m\u00e9todos, tanto naturales como profesionales, hay algo a\u00fan m\u00e1s profundo que gu\u00eda la feminizaci\u00f3n del rostro: la mentalidad. Este proceso deber\u00eda ser una celebraci\u00f3n de la diversidad y la individualidad, no un intento de conformarse a est\u00e1ndares de belleza estrictos y muchas veces inalcanzables. La feminidad no est\u00e1 delimitada por la simetr\u00eda perfecta o la complejidad de un procedimiento. En cambio, se encuentra en la expresi\u00f3n genuina de uno mismo.<\/p>\n<p>Es vital recordar que la feminizaci\u00f3n del rostro est\u00e1 intr\u00ednsecamente ligada a factores sociales y culturales. La presi\u00f3n de medios de comunicaci\u00f3n, redes sociales y est\u00e1ndares de belleza establecidos puede ser aplastante. En este contexto, reivindicar tu derecho a decidir c\u00f3mo quieres lucir se transforma en un acto profundamente pol\u00edtico. Cada elecci\u00f3n, cada pincelada de maquillaje o cada decisi\u00f3n quir\u00fargica se erigen como declaraciones de independencia y autenticidad.<\/p>\n<p>Finalmente, al embarcarte en la traves\u00eda de feminizar tu rostro, recuerda que cada rostro cuenta una historia, la tuya es \u00fanica. Ya sea a trav\u00e9s de productos naturales que realzan tu belleza innata o procedimientos que redefinen lo que consiste ser t\u00fa mismo, lo primordial es que te sientas feliz en tu propia piel. Al final del d\u00eda, el verdadero arte de la feminizaci\u00f3n no radica solo en la apariencia externa, sino en la profunda conexi\u00f3n con tu aut\u00e9ntico ser.<\/p>\n","protected":false},"excerpt":{"rendered":"<p>En el vasto universo de la est\u00e9tica, la feminizaci\u00f3n del rostro ha emergido como un tema intrigante y multifac\u00e9tico. Sin embargo, esta b\u00fasqueda no es meramente superficial; es un recorrido hacia la autoexploraci\u00f3n y la aceptaci\u00f3n. La feminizaci\u00f3n del rostro, con sus diversas metodolog\u00edas y enfoques, permite a las personas expresar su identidad de una [&hellip;]<\/p>\n","protected":false},"author":1,"featured_media":1042321,"comment_status":"open","ping_status":"open","sticky":false,"template":"","format":"standard","meta":{"footnotes":""},"categories":[83],"tags":[],"class_list":{"0":"post-1042320","1":"post","2":"type-post","3":"status-publish","4":"format-standard","5":"has-post-thumbnail","7":"category-presentada"},"yoast_head":"<!-- This site is optimized with the Yoast SEO plugin v27.4 - https:\/\/yoast.com\/product\/yoast-seo-wordpress\/ -->\n<title>\u00bfC\u00f3mo feminizar tu rostro? M\u00e9todos naturales y profesionales<\/title>\n<meta name=\"description\" content=\"En el vasto universo de la est\u00e9tica, la feminizaci\u00f3n del rostro ha emergido como un tema intrigante y multifac\u00e9tico. Sin embargo, esta b\u00fasqueda no es\" \/>\n<meta name=\"robots\" content=\"index, follow, max-snippet:-1, max-image-preview:large, max-video-preview:-1\" \/>\n<link rel=\"canonical\" href=\"https:\/\/thefeminismproject.com\/es\/presentada\/como-feminizar-tu-rostro-metodos-naturales-y-profesionales\/\" \/>\n<meta property=\"og:locale\" content=\"es_ES\" \/>\n<meta property=\"og:type\" content=\"article\" \/>\n<meta property=\"og:title\" content=\"\u00bfC\u00f3mo feminizar tu rostro? M\u00e9todos naturales y profesionales\" \/>\n<meta property=\"og:description\" content=\"En el vasto universo de la est\u00e9tica, la feminizaci\u00f3n del rostro ha emergido como un tema intrigante y multifac\u00e9tico. Sin embargo, esta b\u00fasqueda no es\" \/>\n<meta property=\"og:url\" content=\"https:\/\/thefeminismproject.com\/es\/presentada\/como-feminizar-tu-rostro-metodos-naturales-y-profesionales\/\" \/>\n<meta property=\"og:site_name\" content=\"thefeminismproject.com\" \/>\n<meta property=\"article:published_time\" content=\"2025-03-03T17:21:03+00:00\" \/>\n<meta property=\"og:image\" content=\"https:\/\/thefeminismproject.com\/wp-content\/uploads\/2025\/04\/dimorfismo-sexual-3-780x498-1.jpg\" \/>\n\t<meta property=\"og:image:width\" content=\"780\" \/>\n\t<meta property=\"og:image:height\" content=\"498\" \/>\n\t<meta property=\"og:image:type\" content=\"image\/jpeg\" \/>\n<meta name=\"author\" content=\"Joaquimma Anna\" \/>\n<meta name=\"twitter:card\" content=\"summary_large_image\" \/>\n<meta name=\"twitter:label1\" content=\"Escrito por\" \/>\n\t<meta name=\"twitter:data1\" content=\"Joaquimma Anna\" \/>\n\t<meta name=\"twitter:label2\" content=\"Tiempo de lectura\" \/>\n\t<meta name=\"twitter:data2\" content=\"5 minutos\" \/>\n<script type=\"application\/ld+json\" class=\"yoast-schema-graph\">{\"@context\":\"https:\\\/\\\/schema.org\",\"@graph\":[{\"@type\":\"Article\",\"@id\":\"https:\\\/\\\/thefeminismproject.com\\\/es\\\/presentada\\\/como-feminizar-tu-rostro-metodos-naturales-y-profesionales\\\/#article\",\"isPartOf\":{\"@id\":\"https:\\\/\\\/thefeminismproject.com\\\/es\\\/presentada\\\/como-feminizar-tu-rostro-metodos-naturales-y-profesionales\\\/\"},\"author\":{\"name\":\"Joaquimma Anna\",\"@id\":\"https:\\\/\\\/thefeminismproject.com\\\/es\\\/#\\\/schema\\\/person\\\/d2d84f0918ac04ca2b9f5b912890ad51\"},\"headline\":\"\u00bfC\u00f3mo feminizar tu rostro? M\u00e9todos naturales y profesionales\",\"datePublished\":\"2025-03-03T17:21:03+00:00\",\"mainEntityOfPage\":{\"@id\":\"https:\\\/\\\/thefeminismproject.com\\\/es\\\/presentada\\\/como-feminizar-tu-rostro-metodos-naturales-y-profesionales\\\/\"},\"wordCount\":919,\"commentCount\":0,\"publisher\":{\"@id\":\"https:\\\/\\\/thefeminismproject.com\\\/es\\\/#organization\"},\"image\":{\"@id\":\"https:\\\/\\\/thefeminismproject.com\\\/es\\\/presentada\\\/como-feminizar-tu-rostro-metodos-naturales-y-profesionales\\\/#primaryimage\"},\"thumbnailUrl\":\"https:\\\/\\\/thefeminismproject.com\\\/wp-content\\\/uploads\\\/2025\\\/04\\\/dimorfismo-sexual-3-780x498-1.jpg\",\"articleSection\":[\"Presentada\"],\"inLanguage\":\"es\",\"potentialAction\":[{\"@type\":\"CommentAction\",\"name\":\"Comment\",\"target\":[\"https:\\\/\\\/thefeminismproject.com\\\/es\\\/presentada\\\/como-feminizar-tu-rostro-metodos-naturales-y-profesionales\\\/#respond\"]}]},{\"@type\":\"WebPage\",\"@id\":\"https:\\\/\\\/thefeminismproject.com\\\/es\\\/presentada\\\/como-feminizar-tu-rostro-metodos-naturales-y-profesionales\\\/\",\"url\":\"https:\\\/\\\/thefeminismproject.com\\\/es\\\/presentada\\\/como-feminizar-tu-rostro-metodos-naturales-y-profesionales\\\/\",\"name\":\"\u00bfC\u00f3mo feminizar tu rostro? M\u00e9todos naturales y profesionales\",\"isPartOf\":{\"@id\":\"https:\\\/\\\/thefeminismproject.com\\\/es\\\/#website\"},\"primaryImageOfPage\":{\"@id\":\"https:\\\/\\\/thefeminismproject.com\\\/es\\\/presentada\\\/como-feminizar-tu-rostro-metodos-naturales-y-profesionales\\\/#primaryimage\"},\"image\":{\"@id\":\"https:\\\/\\\/thefeminismproject.com\\\/es\\\/presentada\\\/como-feminizar-tu-rostro-metodos-naturales-y-profesionales\\\/#primaryimage\"},\"thumbnailUrl\":\"https:\\\/\\\/thefeminismproject.com\\\/wp-content\\\/uploads\\\/2025\\\/04\\\/dimorfismo-sexual-3-780x498-1.jpg\",\"datePublished\":\"2025-03-03T17:21:03+00:00\",\"description\":\"En el vasto universo de la est\u00e9tica, la feminizaci\u00f3n del rostro ha emergido como un tema intrigante y multifac\u00e9tico. Sin embargo, esta b\u00fasqueda no es\",\"breadcrumb\":{\"@id\":\"https:\\\/\\\/thefeminismproject.com\\\/es\\\/presentada\\\/como-feminizar-tu-rostro-metodos-naturales-y-profesionales\\\/#breadcrumb\"},\"inLanguage\":\"es\",\"potentialAction\":[{\"@type\":\"ReadAction\",\"target\":[\"https:\\\/\\\/thefeminismproject.com\\\/es\\\/presentada\\\/como-feminizar-tu-rostro-metodos-naturales-y-profesionales\\\/\"]}]},{\"@type\":\"ImageObject\",\"inLanguage\":\"es\",\"@id\":\"https:\\\/\\\/thefeminismproject.com\\\/es\\\/presentada\\\/como-feminizar-tu-rostro-metodos-naturales-y-profesionales\\\/#primaryimage\",\"url\":\"https:\\\/\\\/thefeminismproject.com\\\/wp-content\\\/uploads\\\/2025\\\/04\\\/dimorfismo-sexual-3-780x498-1.jpg\",\"contentUrl\":\"https:\\\/\\\/thefeminismproject.com\\\/wp-content\\\/uploads\\\/2025\\\/04\\\/dimorfismo-sexual-3-780x498-1.jpg\",\"width\":780,\"height\":498},{\"@type\":\"BreadcrumbList\",\"@id\":\"https:\\\/\\\/thefeminismproject.com\\\/es\\\/presentada\\\/como-feminizar-tu-rostro-metodos-naturales-y-profesionales\\\/#breadcrumb\",\"itemListElement\":[{\"@type\":\"ListItem\",\"position\":1,\"name\":\"Home\",\"item\":\"https:\\\/\\\/thefeminismproject.com\\\/es\\\/inicio\\\/\"},{\"@type\":\"ListItem\",\"position\":2,\"name\":\"\u00bfC\u00f3mo feminizar tu rostro? M\u00e9todos naturales y profesionales\"}]},{\"@type\":\"WebSite\",\"@id\":\"https:\\\/\\\/thefeminismproject.com\\\/es\\\/#website\",\"url\":\"https:\\\/\\\/thefeminismproject.com\\\/es\\\/\",\"name\":\"thefeminismproject.com\",\"description\":\"Popular culture with a feminist twist | let&#039;s talk about things that matter (news that feels right)\",\"publisher\":{\"@id\":\"https:\\\/\\\/thefeminismproject.com\\\/es\\\/#organization\"},\"potentialAction\":[{\"@type\":\"SearchAction\",\"target\":{\"@type\":\"EntryPoint\",\"urlTemplate\":\"https:\\\/\\\/thefeminismproject.com\\\/es\\\/?s={search_term_string}\"},\"query-input\":{\"@type\":\"PropertyValueSpecification\",\"valueRequired\":true,\"valueName\":\"search_term_string\"}}],\"inLanguage\":\"es\"},{\"@type\":\"Organization\",\"@id\":\"https:\\\/\\\/thefeminismproject.com\\\/es\\\/#organization\",\"name\":\"thefeminismproject.com\",\"url\":\"https:\\\/\\\/thefeminismproject.com\\\/es\\\/\",\"logo\":{\"@type\":\"ImageObject\",\"inLanguage\":\"es\",\"@id\":\"https:\\\/\\\/thefeminismproject.com\\\/es\\\/#\\\/schema\\\/logo\\\/image\\\/\",\"url\":\"https:\\\/\\\/thefeminismproject.com\\\/wp-content\\\/uploads\\\/2024\\\/10\\\/pexels-vazhnik-7561648.jpg\",\"contentUrl\":\"https:\\\/\\\/thefeminismproject.com\\\/wp-content\\\/uploads\\\/2024\\\/10\\\/pexels-vazhnik-7561648.jpg\",\"width\":2500,\"height\":1667,\"caption\":\"thefeminismproject.com\"},\"image\":{\"@id\":\"https:\\\/\\\/thefeminismproject.com\\\/es\\\/#\\\/schema\\\/logo\\\/image\\\/\"}},{\"@type\":\"Person\",\"@id\":\"https:\\\/\\\/thefeminismproject.com\\\/es\\\/#\\\/schema\\\/person\\\/d2d84f0918ac04ca2b9f5b912890ad51\",\"name\":\"Joaquimma Anna\",\"image\":{\"@type\":\"ImageObject\",\"inLanguage\":\"es\",\"@id\":\"https:\\\/\\\/secure.gravatar.com\\\/avatar\\\/7d06747db1565e73d68391d596fc2eb15a10a4b4c1864574c454435523af94f1?s=96&d=mm&r=g\",\"url\":\"https:\\\/\\\/secure.gravatar.com\\\/avatar\\\/7d06747db1565e73d68391d596fc2eb15a10a4b4c1864574c454435523af94f1?s=96&d=mm&r=g\",\"contentUrl\":\"https:\\\/\\\/secure.gravatar.com\\\/avatar\\\/7d06747db1565e73d68391d596fc2eb15a10a4b4c1864574c454435523af94f1?s=96&d=mm&r=g\",\"caption\":\"Joaquimma Anna\"},\"description\":\"Hi my name Joaquimma Anna, and let's tumble down the rabbit hole of thought! At thefeminismproject.com, this blog is a whimsical carnival of ideas. As a mischievous feminism activist, I'm here to juggle the narratives of women. This project? A delightful escapade into the absurdities and splendors of our world. Expect the unexpected!\",\"sameAs\":[\"http:\\\/\\\/thefeminismproject.com\"],\"url\":\"https:\\\/\\\/thefeminismproject.com\\\/es\\\/author\\\/bella-sungkawa\\\/\"}]}<\/script>\n<!-- \/ Yoast SEO plugin. -->","yoast_head_json":{"title":"\u00bfC\u00f3mo feminizar tu rostro? M\u00e9todos naturales y profesionales","description":"En el vasto universo de la est\u00e9tica, la feminizaci\u00f3n del rostro ha emergido como un tema intrigante y multifac\u00e9tico. Sin embargo, esta b\u00fasqueda no es","robots":{"index":"index","follow":"follow","max-snippet":"max-snippet:-1","max-image-preview":"max-image-preview:large","max-video-preview":"max-video-preview:-1"},"canonical":"https:\/\/thefeminismproject.com\/es\/presentada\/como-feminizar-tu-rostro-metodos-naturales-y-profesionales\/","og_locale":"es_ES","og_type":"article","og_title":"\u00bfC\u00f3mo feminizar tu rostro? M\u00e9todos naturales y profesionales","og_description":"En el vasto universo de la est\u00e9tica, la feminizaci\u00f3n del rostro ha emergido como un tema intrigante y multifac\u00e9tico. Sin embargo, esta b\u00fasqueda no es","og_url":"https:\/\/thefeminismproject.com\/es\/presentada\/como-feminizar-tu-rostro-metodos-naturales-y-profesionales\/","og_site_name":"thefeminismproject.com","article_published_time":"2025-03-03T17:21:03+00:00","og_image":[{"width":780,"height":498,"url":"https:\/\/thefeminismproject.com\/wp-content\/uploads\/2025\/04\/dimorfismo-sexual-3-780x498-1.jpg","type":"image\/jpeg"}],"author":"Joaquimma Anna","twitter_card":"summary_large_image","twitter_misc":{"Escrito por":"Joaquimma Anna","Tiempo de lectura":"5 minutos"},"schema":{"@context":"https:\/\/schema.org","@graph":[{"@type":"Article","@id":"https:\/\/thefeminismproject.com\/es\/presentada\/como-feminizar-tu-rostro-metodos-naturales-y-profesionales\/#article","isPartOf":{"@id":"https:\/\/thefeminismproject.com\/es\/presentada\/como-feminizar-tu-rostro-metodos-naturales-y-profesionales\/"},"author":{"name":"Joaquimma Anna","@id":"https:\/\/thefeminismproject.com\/es\/#\/schema\/person\/d2d84f0918ac04ca2b9f5b912890ad51"},"headline":"\u00bfC\u00f3mo feminizar tu rostro? M\u00e9todos naturales y profesionales","datePublished":"2025-03-03T17:21:03+00:00","mainEntityOfPage":{"@id":"https:\/\/thefeminismproject.com\/es\/presentada\/como-feminizar-tu-rostro-metodos-naturales-y-profesionales\/"},"wordCount":919,"commentCount":0,"publisher":{"@id":"https:\/\/thefeminismproject.com\/es\/#organization"},"image":{"@id":"https:\/\/thefeminismproject.com\/es\/presentada\/como-feminizar-tu-rostro-metodos-naturales-y-profesionales\/#primaryimage"},"thumbnailUrl":"https:\/\/thefeminismproject.com\/wp-content\/uploads\/2025\/04\/dimorfismo-sexual-3-780x498-1.jpg","articleSection":["Presentada"],"inLanguage":"es","potentialAction":[{"@type":"CommentAction","name":"Comment","target":["https:\/\/thefeminismproject.com\/es\/presentada\/como-feminizar-tu-rostro-metodos-naturales-y-profesionales\/#respond"]}]},{"@type":"WebPage","@id":"https:\/\/thefeminismproject.com\/es\/presentada\/como-feminizar-tu-rostro-metodos-naturales-y-profesionales\/","url":"https:\/\/thefeminismproject.com\/es\/presentada\/como-feminizar-tu-rostro-metodos-naturales-y-profesionales\/","name":"\u00bfC\u00f3mo feminizar tu rostro? M\u00e9todos naturales y profesionales","isPartOf":{"@id":"https:\/\/thefeminismproject.com\/es\/#website"},"primaryImageOfPage":{"@id":"https:\/\/thefeminismproject.com\/es\/presentada\/como-feminizar-tu-rostro-metodos-naturales-y-profesionales\/#primaryimage"},"image":{"@id":"https:\/\/thefeminismproject.com\/es\/presentada\/como-feminizar-tu-rostro-metodos-naturales-y-profesionales\/#primaryimage"},"thumbnailUrl":"https:\/\/thefeminismproject.com\/wp-content\/uploads\/2025\/04\/dimorfismo-sexual-3-780x498-1.jpg","datePublished":"2025-03-03T17:21:03+00:00","description":"En el vasto universo de la est\u00e9tica, la feminizaci\u00f3n del rostro ha emergido como un tema intrigante y multifac\u00e9tico. Sin embargo, esta b\u00fasqueda no es","breadcrumb":{"@id":"https:\/\/thefeminismproject.com\/es\/presentada\/como-feminizar-tu-rostro-metodos-naturales-y-profesionales\/#breadcrumb"},"inLanguage":"es","potentialAction":[{"@type":"ReadAction","target":["https:\/\/thefeminismproject.com\/es\/presentada\/como-feminizar-tu-rostro-metodos-naturales-y-profesionales\/"]}]},{"@type":"ImageObject","inLanguage":"es","@id":"https:\/\/thefeminismproject.com\/es\/presentada\/como-feminizar-tu-rostro-metodos-naturales-y-profesionales\/#primaryimage","url":"https:\/\/thefeminismproject.com\/wp-content\/uploads\/2025\/04\/dimorfismo-sexual-3-780x498-1.jpg","contentUrl":"https:\/\/thefeminismproject.com\/wp-content\/uploads\/2025\/04\/dimorfismo-sexual-3-780x498-1.jpg","width":780,"height":498},{"@type":"BreadcrumbList","@id":"https:\/\/thefeminismproject.com\/es\/presentada\/como-feminizar-tu-rostro-metodos-naturales-y-profesionales\/#breadcrumb","itemListElement":[{"@type":"ListItem","position":1,"name":"Home","item":"https:\/\/thefeminismproject.com\/es\/inicio\/"},{"@type":"ListItem","position":2,"name":"\u00bfC\u00f3mo feminizar tu rostro? M\u00e9todos naturales y profesionales"}]},{"@type":"WebSite","@id":"https:\/\/thefeminismproject.com\/es\/#website","url":"https:\/\/thefeminismproject.com\/es\/","name":"thefeminismproject.com","description":"Popular culture with a feminist twist | let&#039;s talk about things that matter (news that feels right)","publisher":{"@id":"https:\/\/thefeminismproject.com\/es\/#organization"},"potentialAction":[{"@type":"SearchAction","target":{"@type":"EntryPoint","urlTemplate":"https:\/\/thefeminismproject.com\/es\/?s={search_term_string}"},"query-input":{"@type":"PropertyValueSpecification","valueRequired":true,"valueName":"search_term_string"}}],"inLanguage":"es"},{"@type":"Organization","@id":"https:\/\/thefeminismproject.com\/es\/#organization","name":"thefeminismproject.com","url":"https:\/\/thefeminismproject.com\/es\/","logo":{"@type":"ImageObject","inLanguage":"es","@id":"https:\/\/thefeminismproject.com\/es\/#\/schema\/logo\/image\/","url":"https:\/\/thefeminismproject.com\/wp-content\/uploads\/2024\/10\/pexels-vazhnik-7561648.jpg","contentUrl":"https:\/\/thefeminismproject.com\/wp-content\/uploads\/2024\/10\/pexels-vazhnik-7561648.jpg","width":2500,"height":1667,"caption":"thefeminismproject.com"},"image":{"@id":"https:\/\/thefeminismproject.com\/es\/#\/schema\/logo\/image\/"}},{"@type":"Person","@id":"https:\/\/thefeminismproject.com\/es\/#\/schema\/person\/d2d84f0918ac04ca2b9f5b912890ad51","name":"Joaquimma Anna","image":{"@type":"ImageObject","inLanguage":"es","@id":"https:\/\/secure.gravatar.com\/avatar\/7d06747db1565e73d68391d596fc2eb15a10a4b4c1864574c454435523af94f1?s=96&d=mm&r=g","url":"https:\/\/secure.gravatar.com\/avatar\/7d06747db1565e73d68391d596fc2eb15a10a4b4c1864574c454435523af94f1?s=96&d=mm&r=g","contentUrl":"https:\/\/secure.gravatar.com\/avatar\/7d06747db1565e73d68391d596fc2eb15a10a4b4c1864574c454435523af94f1?s=96&d=mm&r=g","caption":"Joaquimma Anna"},"description":"Hi my name Joaquimma Anna, and let's tumble down the rabbit hole of thought! At thefeminismproject.com, this blog is a whimsical carnival of ideas. As a mischievous feminism activist, I'm here to juggle the narratives of women. This project? A delightful escapade into the absurdities and splendors of our world. Expect the unexpected!","sameAs":["http:\/\/thefeminismproject.com"],"url":"https:\/\/thefeminismproject.com\/es\/author\/bella-sungkawa\/"}]}},"_links":{"self":[{"href":"https:\/\/thefeminismproject.com\/es\/wp-json\/wp\/v2\/posts\/1042320","targetHints":{"allow":["GET"]}}],"collection":[{"href":"https:\/\/thefeminismproject.com\/es\/wp-json\/wp\/v2\/posts"}],"about":[{"href":"https:\/\/thefeminismproject.com\/es\/wp-json\/wp\/v2\/types\/post"}],"author":[{"embeddable":true,"href":"https:\/\/thefeminismproject.com\/es\/wp-json\/wp\/v2\/users\/1"}],"replies":[{"embeddable":true,"href":"https:\/\/thefeminismproject.com\/es\/wp-json\/wp\/v2\/comments?post=1042320"}],"version-history":[{"count":0,"href":"https:\/\/thefeminismproject.com\/es\/wp-json\/wp\/v2\/posts\/1042320\/revisions"}],"wp:featuredmedia":[{"embeddable":true,"href":"https:\/\/thefeminismproject.com\/es\/wp-json\/wp\/v2\/media\/1042321"}],"wp:attachment":[{"href":"https:\/\/thefeminismproject.com\/es\/wp-json\/wp\/v2\/media?parent=1042320"}],"wp:term":[{"taxonomy":"category","embeddable":true,"href":"https:\/\/thefeminismproject.com\/es\/wp-json\/wp\/v2\/categories?post=1042320"},{"taxonomy":"post_tag","embeddable":true,"href":"https:\/\/thefeminismproject.com\/es\/wp-json\/wp\/v2\/tags?post=1042320"}],"curies":[{"name":"wp","href":"https:\/\/api.w.org\/{rel}","templated":true}]}}