{"id":1042365,"date":"2025-04-22T20:46:03","date_gmt":"2025-04-22T20:46:03","guid":{"rendered":"https:\/\/thefeminismproject.com\/sin-categoria\/por-que-el-color-morado-representa-el-feminismo-historia-y-significado\/"},"modified":"2025-04-22T20:46:03","modified_gmt":"2025-04-22T20:46:03","slug":"por-que-el-color-morado-representa-el-feminismo-historia-y-significado","status":"publish","type":"post","link":"https:\/\/thefeminismproject.com\/es\/presentada\/por-que-el-color-morado-representa-el-feminismo-historia-y-significado\/","title":{"rendered":"\u00bfPor qu\u00e9 el color morado representa el feminismo? Historia y significado"},"content":{"rendered":"<p>En la vasta paleta de colores que componen nuestra existencia, el morado se erige no solo como un tono est\u00e9tico, sino como un s\u00edmbolo contundente de la lucha feminista. Sin duda, su elecci\u00f3n como emblema del feminismo no es casual; est\u00e1 imbuida de significados profundos, hist\u00f3ricos y culturales que invitan a una reflexi\u00f3n m\u00e1s amplia sobre las luchas de las mujeres. Este art\u00edculo tiene la intenci\u00f3n de profundizar en las ra\u00edces y el simbolismo del color morado en el contexto del feminismo, desentra\u00f1ando la complejidad de su significado.<\/p>\n<p>Hist\u00f3ricamente, el morado ha sido un color asociado a la realeza y al poder. Desde las antiguas civilizaciones, quien vest\u00eda de morado era alguien que ostentaba privilegios y se encontraba en una posici\u00f3n elevada. Sin embargo, la transformaci\u00f3n de su significado ha sido radical. En el \u00e1mbito de la lucha feminista, el color se ha convertido en un estandarte que aboga no solo por la igualdad de g\u00e9neros, sino tambi\u00e9n por la dignidad, el respeto y la autonom\u00eda de las mujeres.<\/p>\n<p>Su adopci\u00f3n como s\u00edmbolo feminista puede rastrearse hasta principios del siglo XX, cuando las sufragistas brit\u00e1nicas utilizaron el morado, junto con el verde y el blanco, en sus campa\u00f1as. Cada uno de estos colores portaba un significado propio: el morado representaba la dignidad, el verde la esperanza y el blanco la pureza. Tal elecci\u00f3n no fue una casualidad; por el contrario, actu\u00f3 como un llamado a la atenci\u00f3n. El morado, como color que atrae la mirada, empezaba a ganar protagonismo en la narrativa feminista.<\/p>\n<p>Pero, \u00bfqu\u00e9 hace al morado tan especial, tan intrigante? Al contemplarlo, uno podr\u00eda pensar en su profundidad, una mezcla de la calma del azul y el calor del rojo. Este entrelazamiento de tonos podr\u00eda ser visto como una representaci\u00f3n de la dualidad de la experiencia femenina. As\u00ed como el morado balancea las emociones, el feminismo busca equilibrar las desigualdades. Esta met\u00e1fora de la amalgama de colores sugiere que, al igual que en la vida, la lucha por la justicia de g\u00e9nero requiere la integraci\u00f3n de diversos matices y voces.<\/p>\n<p>A medida que el movimiento feminista ha evolucionado, tambi\u00e9n lo ha hecho el simbolismo del color morado. En la actualidad, su uso se ha expandido a movimientos diversos que abogan por la justicia social, la diversidad y la inclusi\u00f3n. Cada vez que se despliega un pa\u00f1uelo morado, una camiseta o un cartel, hay un grito colectivo que resuena por los derechos de las mujeres, la equidad salarial, la lucha contra la violencia de g\u00e9nero y la b\u00fasqueda de la paridad en todos los \u00e1mbitos de la vida p\u00fablica y privada.<\/p>\n<p>De manera provocadora, el morado tambi\u00e9n desaf\u00eda las normas de g\u00e9nero. En un mundo donde a menudo se ve el color rosa como la representaci\u00f3n del \u00abfeminidad\u00bb, el morado se rebela como un recordatorio de que el feminismo no se limita a un solo estereotipo. Su versatilidad permite que el mensaje que porta sea inclusivo y abarque la diversidad de experiencias vividas por mujeres de diferentes contextos y culturas. Aqu\u00ed, el morado se convierte en un espacio donde todas las voces pueden ser o\u00eddas y celebradas.<\/p>\n<p>El morado, inevitablemente, se ha infiltrado en la cultura popular y en los medios de comunicaci\u00f3n, convirti\u00e9ndose en un s\u00edmbolo de orgullo para las nuevas generaciones de activistas. En las redes sociales, por ejemplo, hashtags como #MujeresMoradas se han vuelto virales, propulsando la conversaci\u00f3n sobre cuestiones feministas a un p\u00fablico m\u00e1s amplio. As\u00ed, el color se convierte en un puente entre aquellos que buscan el cambio y aquellos que a\u00fan permanecen en la penumbra de la complacencia.<\/p>\n<p>No obstante, el simbolismo del morado tambi\u00e9n invita a la cr\u00edtica. Si bien su uso se ha expandido y su significado ha adquirido m\u00faltiples dimensiones, tambi\u00e9n se ha corrido el riesgo de ser banalizado. El peligro de reducir un potente s\u00edmbolo a un simple \u201caccesorio\u201d de moda puede diluir su impacto. El morado debe ser recordado no solo como un color, sino como un estandarte que exige atenci\u00f3n y acci\u00f3n ante las injusticias. Es, por tanto, un deber moral mantener vivo su significado, permitir que resuene en nuestras luchas diarias y que nunca se convierta en un color de la mera est\u00e9tica.<\/p>\n<p>Finalmente, el morado es m\u00e1s que un simple pigmento; es una declaraci\u00f3n de intenciones. Un recordatorio de que la lucha feminista es una amalgama de historias, experiencias y voces que se entrelazan en un solo grito: \u00ab\u00a1Nunca m\u00e1s!\u00bb. Cada vez que se alza un pu\u00f1o con un lazo morado o se viste una prenda de este color, hay un eco de todas las mujeres que han luchado por sus derechos a lo largo de la historia, un homenaje a quienes han dado la vida por la causa. El morado, en su complejidad, nos compel\u00e9 a no solo ser espectadores, sino protagonistas de una historia que a\u00fan est\u00e1 por escribirse.<\/p>\n<p>As\u00ed que, la pr\u00f3xima vez que veas ese color vibrante, recuerda: no es solo un tono, es un eco de una lucha sin fin, una reclamaci\u00f3n de poder y una invitaci\u00f3n a mirar m\u00e1s all\u00e1 de lo superficial. El morado es el color del feminismo, y su relevancia resuena con cada paso hacia la igualdad.<\/p>\n","protected":false},"excerpt":{"rendered":"<p>En la vasta paleta de colores que componen nuestra existencia, el morado se erige no solo como un tono est\u00e9tico, sino como un s\u00edmbolo contundente de la lucha feminista. Sin duda, su elecci\u00f3n como emblema del feminismo no es casual; est\u00e1 imbuida de significados profundos, hist\u00f3ricos y culturales que invitan a una reflexi\u00f3n m\u00e1s amplia [&hellip;]<\/p>\n","protected":false},"author":1,"featured_media":1042366,"comment_status":"open","ping_status":"open","sticky":false,"template":"","format":"standard","meta":{"footnotes":""},"categories":[83],"tags":[],"class_list":{"0":"post-1042365","1":"post","2":"type-post","3":"status-publish","4":"format-standard","5":"has-post-thumbnail","7":"category-presentada"},"yoast_head":"<!-- This site is optimized with the Yoast SEO plugin v27.4 - https:\/\/yoast.com\/product\/yoast-seo-wordpress\/ -->\n<title>\u00bfPor qu\u00e9 el color morado representa el feminismo? Historia y significado<\/title>\n<meta name=\"description\" content=\"En la vasta paleta de colores que componen nuestra existencia, el morado se erige no solo como un tono est\u00e9tico, sino como un s\u00edmbolo contundente de la\" \/>\n<meta name=\"robots\" content=\"index, follow, max-snippet:-1, max-image-preview:large, max-video-preview:-1\" \/>\n<link rel=\"canonical\" href=\"https:\/\/thefeminismproject.com\/es\/presentada\/por-que-el-color-morado-representa-el-feminismo-historia-y-significado\/\" \/>\n<meta property=\"og:locale\" content=\"es_ES\" \/>\n<meta property=\"og:type\" content=\"article\" \/>\n<meta property=\"og:title\" content=\"\u00bfPor qu\u00e9 el color morado representa el feminismo? Historia y significado\" \/>\n<meta property=\"og:description\" content=\"En la vasta paleta de colores que componen nuestra existencia, el morado se erige no solo como un tono est\u00e9tico, sino como un s\u00edmbolo contundente de la\" \/>\n<meta property=\"og:url\" content=\"https:\/\/thefeminismproject.com\/es\/presentada\/por-que-el-color-morado-representa-el-feminismo-historia-y-significado\/\" \/>\n<meta property=\"og:site_name\" content=\"thefeminismproject.com\" \/>\n<meta property=\"article:published_time\" content=\"2025-04-22T20:46:03+00:00\" \/>\n<meta property=\"og:image\" content=\"https:\/\/thefeminismproject.com\/wp-content\/uploads\/2025\/04\/0b24ae1955b6c2d609522b0454c253fc.jpg\" \/>\n\t<meta property=\"og:image:width\" content=\"736\" \/>\n\t<meta property=\"og:image:height\" content=\"1104\" \/>\n\t<meta property=\"og:image:type\" content=\"image\/jpeg\" \/>\n<meta name=\"author\" content=\"Joaquimma Anna\" \/>\n<meta name=\"twitter:card\" content=\"summary_large_image\" \/>\n<meta name=\"twitter:label1\" content=\"Escrito por\" \/>\n\t<meta name=\"twitter:data1\" content=\"Joaquimma Anna\" \/>\n\t<meta name=\"twitter:label2\" content=\"Tiempo de lectura\" \/>\n\t<meta name=\"twitter:data2\" content=\"5 minutos\" \/>\n<script type=\"application\/ld+json\" class=\"yoast-schema-graph\">{\"@context\":\"https:\\\/\\\/schema.org\",\"@graph\":[{\"@type\":\"Article\",\"@id\":\"https:\\\/\\\/thefeminismproject.com\\\/es\\\/presentada\\\/por-que-el-color-morado-representa-el-feminismo-historia-y-significado\\\/#article\",\"isPartOf\":{\"@id\":\"https:\\\/\\\/thefeminismproject.com\\\/es\\\/presentada\\\/por-que-el-color-morado-representa-el-feminismo-historia-y-significado\\\/\"},\"author\":{\"name\":\"Joaquimma Anna\",\"@id\":\"https:\\\/\\\/thefeminismproject.com\\\/es\\\/#\\\/schema\\\/person\\\/d2d84f0918ac04ca2b9f5b912890ad51\"},\"headline\":\"\u00bfPor qu\u00e9 el color morado representa el feminismo? Historia y significado\",\"datePublished\":\"2025-04-22T20:46:03+00:00\",\"mainEntityOfPage\":{\"@id\":\"https:\\\/\\\/thefeminismproject.com\\\/es\\\/presentada\\\/por-que-el-color-morado-representa-el-feminismo-historia-y-significado\\\/\"},\"wordCount\":936,\"commentCount\":0,\"publisher\":{\"@id\":\"https:\\\/\\\/thefeminismproject.com\\\/es\\\/#organization\"},\"image\":{\"@id\":\"https:\\\/\\\/thefeminismproject.com\\\/es\\\/presentada\\\/por-que-el-color-morado-representa-el-feminismo-historia-y-significado\\\/#primaryimage\"},\"thumbnailUrl\":\"https:\\\/\\\/thefeminismproject.com\\\/wp-content\\\/uploads\\\/2025\\\/04\\\/0b24ae1955b6c2d609522b0454c253fc.jpg\",\"articleSection\":[\"Presentada\"],\"inLanguage\":\"es\",\"potentialAction\":[{\"@type\":\"CommentAction\",\"name\":\"Comment\",\"target\":[\"https:\\\/\\\/thefeminismproject.com\\\/es\\\/presentada\\\/por-que-el-color-morado-representa-el-feminismo-historia-y-significado\\\/#respond\"]}]},{\"@type\":\"WebPage\",\"@id\":\"https:\\\/\\\/thefeminismproject.com\\\/es\\\/presentada\\\/por-que-el-color-morado-representa-el-feminismo-historia-y-significado\\\/\",\"url\":\"https:\\\/\\\/thefeminismproject.com\\\/es\\\/presentada\\\/por-que-el-color-morado-representa-el-feminismo-historia-y-significado\\\/\",\"name\":\"\u00bfPor qu\u00e9 el color morado representa el feminismo? Historia y significado\",\"isPartOf\":{\"@id\":\"https:\\\/\\\/thefeminismproject.com\\\/es\\\/#website\"},\"primaryImageOfPage\":{\"@id\":\"https:\\\/\\\/thefeminismproject.com\\\/es\\\/presentada\\\/por-que-el-color-morado-representa-el-feminismo-historia-y-significado\\\/#primaryimage\"},\"image\":{\"@id\":\"https:\\\/\\\/thefeminismproject.com\\\/es\\\/presentada\\\/por-que-el-color-morado-representa-el-feminismo-historia-y-significado\\\/#primaryimage\"},\"thumbnailUrl\":\"https:\\\/\\\/thefeminismproject.com\\\/wp-content\\\/uploads\\\/2025\\\/04\\\/0b24ae1955b6c2d609522b0454c253fc.jpg\",\"datePublished\":\"2025-04-22T20:46:03+00:00\",\"description\":\"En la vasta paleta de colores que componen nuestra existencia, el morado se erige no solo como un tono est\u00e9tico, sino como un s\u00edmbolo contundente de la\",\"breadcrumb\":{\"@id\":\"https:\\\/\\\/thefeminismproject.com\\\/es\\\/presentada\\\/por-que-el-color-morado-representa-el-feminismo-historia-y-significado\\\/#breadcrumb\"},\"inLanguage\":\"es\",\"potentialAction\":[{\"@type\":\"ReadAction\",\"target\":[\"https:\\\/\\\/thefeminismproject.com\\\/es\\\/presentada\\\/por-que-el-color-morado-representa-el-feminismo-historia-y-significado\\\/\"]}]},{\"@type\":\"ImageObject\",\"inLanguage\":\"es\",\"@id\":\"https:\\\/\\\/thefeminismproject.com\\\/es\\\/presentada\\\/por-que-el-color-morado-representa-el-feminismo-historia-y-significado\\\/#primaryimage\",\"url\":\"https:\\\/\\\/thefeminismproject.com\\\/wp-content\\\/uploads\\\/2025\\\/04\\\/0b24ae1955b6c2d609522b0454c253fc.jpg\",\"contentUrl\":\"https:\\\/\\\/thefeminismproject.com\\\/wp-content\\\/uploads\\\/2025\\\/04\\\/0b24ae1955b6c2d609522b0454c253fc.jpg\",\"width\":736,\"height\":1104},{\"@type\":\"BreadcrumbList\",\"@id\":\"https:\\\/\\\/thefeminismproject.com\\\/es\\\/presentada\\\/por-que-el-color-morado-representa-el-feminismo-historia-y-significado\\\/#breadcrumb\",\"itemListElement\":[{\"@type\":\"ListItem\",\"position\":1,\"name\":\"Home\",\"item\":\"https:\\\/\\\/thefeminismproject.com\\\/es\\\/inicio\\\/\"},{\"@type\":\"ListItem\",\"position\":2,\"name\":\"\u00bfPor qu\u00e9 el color morado representa el feminismo? Historia y significado\"}]},{\"@type\":\"WebSite\",\"@id\":\"https:\\\/\\\/thefeminismproject.com\\\/es\\\/#website\",\"url\":\"https:\\\/\\\/thefeminismproject.com\\\/es\\\/\",\"name\":\"thefeminismproject.com\",\"description\":\"Popular culture with a feminist twist | let&#039;s talk about things that matter (news that feels right)\",\"publisher\":{\"@id\":\"https:\\\/\\\/thefeminismproject.com\\\/es\\\/#organization\"},\"potentialAction\":[{\"@type\":\"SearchAction\",\"target\":{\"@type\":\"EntryPoint\",\"urlTemplate\":\"https:\\\/\\\/thefeminismproject.com\\\/es\\\/?s={search_term_string}\"},\"query-input\":{\"@type\":\"PropertyValueSpecification\",\"valueRequired\":true,\"valueName\":\"search_term_string\"}}],\"inLanguage\":\"es\"},{\"@type\":\"Organization\",\"@id\":\"https:\\\/\\\/thefeminismproject.com\\\/es\\\/#organization\",\"name\":\"thefeminismproject.com\",\"url\":\"https:\\\/\\\/thefeminismproject.com\\\/es\\\/\",\"logo\":{\"@type\":\"ImageObject\",\"inLanguage\":\"es\",\"@id\":\"https:\\\/\\\/thefeminismproject.com\\\/es\\\/#\\\/schema\\\/logo\\\/image\\\/\",\"url\":\"https:\\\/\\\/thefeminismproject.com\\\/wp-content\\\/uploads\\\/2024\\\/10\\\/pexels-vazhnik-7561648.jpg\",\"contentUrl\":\"https:\\\/\\\/thefeminismproject.com\\\/wp-content\\\/uploads\\\/2024\\\/10\\\/pexels-vazhnik-7561648.jpg\",\"width\":2500,\"height\":1667,\"caption\":\"thefeminismproject.com\"},\"image\":{\"@id\":\"https:\\\/\\\/thefeminismproject.com\\\/es\\\/#\\\/schema\\\/logo\\\/image\\\/\"}},{\"@type\":\"Person\",\"@id\":\"https:\\\/\\\/thefeminismproject.com\\\/es\\\/#\\\/schema\\\/person\\\/d2d84f0918ac04ca2b9f5b912890ad51\",\"name\":\"Joaquimma Anna\",\"image\":{\"@type\":\"ImageObject\",\"inLanguage\":\"es\",\"@id\":\"https:\\\/\\\/secure.gravatar.com\\\/avatar\\\/7d06747db1565e73d68391d596fc2eb15a10a4b4c1864574c454435523af94f1?s=96&d=mm&r=g\",\"url\":\"https:\\\/\\\/secure.gravatar.com\\\/avatar\\\/7d06747db1565e73d68391d596fc2eb15a10a4b4c1864574c454435523af94f1?s=96&d=mm&r=g\",\"contentUrl\":\"https:\\\/\\\/secure.gravatar.com\\\/avatar\\\/7d06747db1565e73d68391d596fc2eb15a10a4b4c1864574c454435523af94f1?s=96&d=mm&r=g\",\"caption\":\"Joaquimma Anna\"},\"description\":\"Hi my name Joaquimma Anna, and let's tumble down the rabbit hole of thought! At thefeminismproject.com, this blog is a whimsical carnival of ideas. As a mischievous feminism activist, I'm here to juggle the narratives of women. This project? A delightful escapade into the absurdities and splendors of our world. Expect the unexpected!\",\"sameAs\":[\"http:\\\/\\\/thefeminismproject.com\"],\"url\":\"https:\\\/\\\/thefeminismproject.com\\\/es\\\/author\\\/bella-sungkawa\\\/\"}]}<\/script>\n<!-- \/ Yoast SEO plugin. -->","yoast_head_json":{"title":"\u00bfPor qu\u00e9 el color morado representa el feminismo? Historia y significado","description":"En la vasta paleta de colores que componen nuestra existencia, el morado se erige no solo como un tono est\u00e9tico, sino como un s\u00edmbolo contundente de la","robots":{"index":"index","follow":"follow","max-snippet":"max-snippet:-1","max-image-preview":"max-image-preview:large","max-video-preview":"max-video-preview:-1"},"canonical":"https:\/\/thefeminismproject.com\/es\/presentada\/por-que-el-color-morado-representa-el-feminismo-historia-y-significado\/","og_locale":"es_ES","og_type":"article","og_title":"\u00bfPor qu\u00e9 el color morado representa el feminismo? Historia y significado","og_description":"En la vasta paleta de colores que componen nuestra existencia, el morado se erige no solo como un tono est\u00e9tico, sino como un s\u00edmbolo contundente de la","og_url":"https:\/\/thefeminismproject.com\/es\/presentada\/por-que-el-color-morado-representa-el-feminismo-historia-y-significado\/","og_site_name":"thefeminismproject.com","article_published_time":"2025-04-22T20:46:03+00:00","og_image":[{"width":736,"height":1104,"url":"https:\/\/thefeminismproject.com\/wp-content\/uploads\/2025\/04\/0b24ae1955b6c2d609522b0454c253fc.jpg","type":"image\/jpeg"}],"author":"Joaquimma Anna","twitter_card":"summary_large_image","twitter_misc":{"Escrito por":"Joaquimma Anna","Tiempo de lectura":"5 minutos"},"schema":{"@context":"https:\/\/schema.org","@graph":[{"@type":"Article","@id":"https:\/\/thefeminismproject.com\/es\/presentada\/por-que-el-color-morado-representa-el-feminismo-historia-y-significado\/#article","isPartOf":{"@id":"https:\/\/thefeminismproject.com\/es\/presentada\/por-que-el-color-morado-representa-el-feminismo-historia-y-significado\/"},"author":{"name":"Joaquimma Anna","@id":"https:\/\/thefeminismproject.com\/es\/#\/schema\/person\/d2d84f0918ac04ca2b9f5b912890ad51"},"headline":"\u00bfPor qu\u00e9 el color morado representa el feminismo? Historia y significado","datePublished":"2025-04-22T20:46:03+00:00","mainEntityOfPage":{"@id":"https:\/\/thefeminismproject.com\/es\/presentada\/por-que-el-color-morado-representa-el-feminismo-historia-y-significado\/"},"wordCount":936,"commentCount":0,"publisher":{"@id":"https:\/\/thefeminismproject.com\/es\/#organization"},"image":{"@id":"https:\/\/thefeminismproject.com\/es\/presentada\/por-que-el-color-morado-representa-el-feminismo-historia-y-significado\/#primaryimage"},"thumbnailUrl":"https:\/\/thefeminismproject.com\/wp-content\/uploads\/2025\/04\/0b24ae1955b6c2d609522b0454c253fc.jpg","articleSection":["Presentada"],"inLanguage":"es","potentialAction":[{"@type":"CommentAction","name":"Comment","target":["https:\/\/thefeminismproject.com\/es\/presentada\/por-que-el-color-morado-representa-el-feminismo-historia-y-significado\/#respond"]}]},{"@type":"WebPage","@id":"https:\/\/thefeminismproject.com\/es\/presentada\/por-que-el-color-morado-representa-el-feminismo-historia-y-significado\/","url":"https:\/\/thefeminismproject.com\/es\/presentada\/por-que-el-color-morado-representa-el-feminismo-historia-y-significado\/","name":"\u00bfPor qu\u00e9 el color morado representa el feminismo? Historia y significado","isPartOf":{"@id":"https:\/\/thefeminismproject.com\/es\/#website"},"primaryImageOfPage":{"@id":"https:\/\/thefeminismproject.com\/es\/presentada\/por-que-el-color-morado-representa-el-feminismo-historia-y-significado\/#primaryimage"},"image":{"@id":"https:\/\/thefeminismproject.com\/es\/presentada\/por-que-el-color-morado-representa-el-feminismo-historia-y-significado\/#primaryimage"},"thumbnailUrl":"https:\/\/thefeminismproject.com\/wp-content\/uploads\/2025\/04\/0b24ae1955b6c2d609522b0454c253fc.jpg","datePublished":"2025-04-22T20:46:03+00:00","description":"En la vasta paleta de colores que componen nuestra existencia, el morado se erige no solo como un tono est\u00e9tico, sino como un s\u00edmbolo contundente de la","breadcrumb":{"@id":"https:\/\/thefeminismproject.com\/es\/presentada\/por-que-el-color-morado-representa-el-feminismo-historia-y-significado\/#breadcrumb"},"inLanguage":"es","potentialAction":[{"@type":"ReadAction","target":["https:\/\/thefeminismproject.com\/es\/presentada\/por-que-el-color-morado-representa-el-feminismo-historia-y-significado\/"]}]},{"@type":"ImageObject","inLanguage":"es","@id":"https:\/\/thefeminismproject.com\/es\/presentada\/por-que-el-color-morado-representa-el-feminismo-historia-y-significado\/#primaryimage","url":"https:\/\/thefeminismproject.com\/wp-content\/uploads\/2025\/04\/0b24ae1955b6c2d609522b0454c253fc.jpg","contentUrl":"https:\/\/thefeminismproject.com\/wp-content\/uploads\/2025\/04\/0b24ae1955b6c2d609522b0454c253fc.jpg","width":736,"height":1104},{"@type":"BreadcrumbList","@id":"https:\/\/thefeminismproject.com\/es\/presentada\/por-que-el-color-morado-representa-el-feminismo-historia-y-significado\/#breadcrumb","itemListElement":[{"@type":"ListItem","position":1,"name":"Home","item":"https:\/\/thefeminismproject.com\/es\/inicio\/"},{"@type":"ListItem","position":2,"name":"\u00bfPor qu\u00e9 el color morado representa el feminismo? Historia y significado"}]},{"@type":"WebSite","@id":"https:\/\/thefeminismproject.com\/es\/#website","url":"https:\/\/thefeminismproject.com\/es\/","name":"thefeminismproject.com","description":"Popular culture with a feminist twist | let&#039;s talk about things that matter (news that feels right)","publisher":{"@id":"https:\/\/thefeminismproject.com\/es\/#organization"},"potentialAction":[{"@type":"SearchAction","target":{"@type":"EntryPoint","urlTemplate":"https:\/\/thefeminismproject.com\/es\/?s={search_term_string}"},"query-input":{"@type":"PropertyValueSpecification","valueRequired":true,"valueName":"search_term_string"}}],"inLanguage":"es"},{"@type":"Organization","@id":"https:\/\/thefeminismproject.com\/es\/#organization","name":"thefeminismproject.com","url":"https:\/\/thefeminismproject.com\/es\/","logo":{"@type":"ImageObject","inLanguage":"es","@id":"https:\/\/thefeminismproject.com\/es\/#\/schema\/logo\/image\/","url":"https:\/\/thefeminismproject.com\/wp-content\/uploads\/2024\/10\/pexels-vazhnik-7561648.jpg","contentUrl":"https:\/\/thefeminismproject.com\/wp-content\/uploads\/2024\/10\/pexels-vazhnik-7561648.jpg","width":2500,"height":1667,"caption":"thefeminismproject.com"},"image":{"@id":"https:\/\/thefeminismproject.com\/es\/#\/schema\/logo\/image\/"}},{"@type":"Person","@id":"https:\/\/thefeminismproject.com\/es\/#\/schema\/person\/d2d84f0918ac04ca2b9f5b912890ad51","name":"Joaquimma Anna","image":{"@type":"ImageObject","inLanguage":"es","@id":"https:\/\/secure.gravatar.com\/avatar\/7d06747db1565e73d68391d596fc2eb15a10a4b4c1864574c454435523af94f1?s=96&d=mm&r=g","url":"https:\/\/secure.gravatar.com\/avatar\/7d06747db1565e73d68391d596fc2eb15a10a4b4c1864574c454435523af94f1?s=96&d=mm&r=g","contentUrl":"https:\/\/secure.gravatar.com\/avatar\/7d06747db1565e73d68391d596fc2eb15a10a4b4c1864574c454435523af94f1?s=96&d=mm&r=g","caption":"Joaquimma Anna"},"description":"Hi my name Joaquimma Anna, and let's tumble down the rabbit hole of thought! At thefeminismproject.com, this blog is a whimsical carnival of ideas. As a mischievous feminism activist, I'm here to juggle the narratives of women. This project? A delightful escapade into the absurdities and splendors of our world. Expect the unexpected!","sameAs":["http:\/\/thefeminismproject.com"],"url":"https:\/\/thefeminismproject.com\/es\/author\/bella-sungkawa\/"}]}},"_links":{"self":[{"href":"https:\/\/thefeminismproject.com\/es\/wp-json\/wp\/v2\/posts\/1042365","targetHints":{"allow":["GET"]}}],"collection":[{"href":"https:\/\/thefeminismproject.com\/es\/wp-json\/wp\/v2\/posts"}],"about":[{"href":"https:\/\/thefeminismproject.com\/es\/wp-json\/wp\/v2\/types\/post"}],"author":[{"embeddable":true,"href":"https:\/\/thefeminismproject.com\/es\/wp-json\/wp\/v2\/users\/1"}],"replies":[{"embeddable":true,"href":"https:\/\/thefeminismproject.com\/es\/wp-json\/wp\/v2\/comments?post=1042365"}],"version-history":[{"count":0,"href":"https:\/\/thefeminismproject.com\/es\/wp-json\/wp\/v2\/posts\/1042365\/revisions"}],"wp:featuredmedia":[{"embeddable":true,"href":"https:\/\/thefeminismproject.com\/es\/wp-json\/wp\/v2\/media\/1042366"}],"wp:attachment":[{"href":"https:\/\/thefeminismproject.com\/es\/wp-json\/wp\/v2\/media?parent=1042365"}],"wp:term":[{"taxonomy":"category","embeddable":true,"href":"https:\/\/thefeminismproject.com\/es\/wp-json\/wp\/v2\/categories?post=1042365"},{"taxonomy":"post_tag","embeddable":true,"href":"https:\/\/thefeminismproject.com\/es\/wp-json\/wp\/v2\/tags?post=1042365"}],"curies":[{"name":"wp","href":"https:\/\/api.w.org\/{rel}","templated":true}]}}