{"id":1042911,"date":"2025-04-11T14:51:42","date_gmt":"2025-04-11T14:51:42","guid":{"rendered":"https:\/\/thefeminismproject.com\/sin-categoria\/por-que-deberiamos-ser-feministas-reflexiones-desde-la-igualdad\/"},"modified":"2025-04-11T14:51:42","modified_gmt":"2025-04-11T14:51:42","slug":"por-que-deberiamos-ser-feministas-reflexiones-desde-la-igualdad","status":"publish","type":"post","link":"https:\/\/thefeminismproject.com\/es\/presentada\/por-que-deberiamos-ser-feministas-reflexiones-desde-la-igualdad\/","title":{"rendered":"\u00bfPor qu\u00e9 deber\u00edamos ser feministas? Reflexiones desde la igualdad"},"content":{"rendered":"<p>\u00bfPor qu\u00e9 deber\u00edamos ser feministas? Esa pregunta, aparentemente simple, abre un abismo de reflexiones y desaf\u00edos que requieren una respuesta ilustrada y valiente. En la actualidad, el feminismo no es solo un movimiento que busca la igualdad de g\u00e9nero; es un llamamiento a la justicia social y a la dignidad humana. Cada argumento a favor del feminismo es una reivindicaci\u00f3n de derechos, de respeto y de visibilidad. Vamos a desentra\u00f1ar las razones por las que el feminismo, lejos de ser un concepto obsoleto, es m\u00e1s relevante que nunca.<\/p>\n<p>Primero, es esencial entender que la igualdad no es solo un ideal abstracto; es un derecho humano fundamental. Cuando hablamos de feminismo, hablamos de la lucha por un mundo donde cada persona, independientemente de su g\u00e9nero, tenga acceso a las mismas oportunidades. La inequidad de g\u00e9nero persiste a nivel global, manifest\u00e1ndose en desigualdades laborales, violencia de g\u00e9nero, y la infrarrepresentaci\u00f3n de mujeres en \u00e1mbitos de poder. Esta realidad no solo afecta a las mujeres, sino que tambi\u00e9n perjudica a toda la sociedad. \u00bfRealmente podemos considerar aceptable un mundo donde la mitad de la poblaci\u00f3n est\u00e9 sistem\u00e1ticamente oprimida?<\/p>\n<p>Otra cuesti\u00f3n que surge es la conexi\u00f3n intr\u00ednseca entre feminismo y desarrollo social. Cuando empoderamos a las mujeres, impulsamos el crecimiento econ\u00f3mico, promovemos la educaci\u00f3n y fomentamos la salud p\u00fablica. Estudios han mostrado que las sociedades con mayor igualdad de g\u00e9nero disfrutan de mayores niveles de bienestar y prosperidad. As\u00ed, el feminismo no es solo un asunto \u201cfemenino\u201d; es una cuesti\u00f3n que ata\u00f1e a todos, ya que, en \u00faltima instancia, cada persona se beneficia de una comunidad m\u00e1s justa y equitativa. M\u00e1s all\u00e1 de las estad\u00edsticas, est\u00e1 la realidad vivida: el cambio real ocurre cuando una mujer puede caminar libremente sin miedo, cuando tiene el derecho a decidir sobre su propio cuerpo, y cuando su voz es escuchada y valorada.<\/p>\n<p>Un desaf\u00edo contempor\u00e1neo del feminismo es la percepci\u00f3n err\u00f3nea que lo presenta como un movimiento radical o extremista. A menudo, se ignoran las ra\u00edces pacifistas y colaborativas del feminismo, as\u00ed como su capacidad de adaptarse y evolucionar dentro de un contexto sociopol\u00edtico cambiante. Es vital reconocer que la lucha feminista abraza m\u00faltiples identidades y experiencias. La interseccionalidad juega un papel clave en comprender c\u00f3mo el g\u00e9nero se entrelaza con la raza, la clase social, y la orientaci\u00f3n sexual, entre otros factores. El feminismo tambi\u00e9n se erige como un espacio inclusivo, donde cada voz tiene el derecho de ser o\u00edda y respetada. Por lo tanto, en este nuevo paradigma, hay un desaf\u00edo directo: \u00bfpodremos escuchar m\u00e1s all\u00e1 de nuestras propias experiencias y encontrar una solidaridad aut\u00e9ntica?<\/p>\n<p>La educaci\u00f3n es otro pilar fundamental en la lucha feminista. La falta de informaci\u00f3n y conciencia sobre los derechos de las mujeres perpet\u00faa la ignorancia y la violencia. Las generaciones futuras merecen crecer en un entorno donde el respeto y la equidad sean normas establecidas. La educaci\u00f3n no solo empodera a las mujeres; tambi\u00e9n transforma sociedades. En este sentido, se plantea un reto: \u00bfestamos dispuestos a desmantelar las ideas preconcebidas que han gobernado nuestras vidas hasta ahora? El feminismo nos invita a deconstruir los estereotipos de g\u00e9nero y a rechazar el patriarcado que ha definido nuestras nociones de poder y autoridad.<\/p>\n<p>Una cr\u00edtica com\u00fan al feminismo es la suposici\u00f3n de que se trata de un antagonismo hacia los hombres. Bartolom\u00e9 de Medina, un pensador renombrado, argumentaba que la educaci\u00f3n y la igualdad no destruyen, sino que enriquecen las relaciones humanas. El verdadero desaf\u00edo radica en cultivar un entendimiento profundo entre todos los g\u00e9neros. El feminismo no busca suplantar a los hombres; busca que todos podamos coexistir en un mundo donde ni las expectativas ni los roles de g\u00e9nero act\u00faen como balas en un campo de batalla. As\u00ed, se nos presenta una pregunta provocativa: \u00bfqu\u00e9 papel desempe\u00f1as t\u00fa en este proceso de cambio, ya seas hombre, mujer, o no binario?<\/p>\n<p>A medida que nos adentramos en la discusi\u00f3n sobre el feminismo y la igualdad, es crucial abordar las cr\u00edticas y las resistencias que enfrentan las feministas en su camino. Hay quienes argumentan que el feminismo ha perdido su rumbo y que se ha convertido en un fen\u00f3meno comercializado y vac\u00edo. Sin embargo, este argumento ignora la realidad de las luchas diarias que millones de mujeres enfrentan. La visibilidad medi\u00e1tica del feminismo debe ser utilizada como una plataforma para amplificar voces y no como un mero producto de consumo. Entonces, \u00bfes el feminismo una moda pasajera o es, en cambio, una exigencia de libertad y justicia que resuena en los corazones de las generaciones futuras?<\/p>\n<p>En conclusi\u00f3n, ser feminista es, ante todo, un acto de compromiso con la equidad. Es un desaf\u00edo a los estereotipos y una celebraci\u00f3n de la diversidad de experiencias. En un mundo plagado de injusticias, el feminismo emerge como una luz que invita a todos a ser parte del cambio. Ya sea en \u00e1mbitos laborales, comunitarios o familiares, cada uno de nosotros puede ser un actor esencial en este teatro de la vida donde todos merecen un papel protag\u00f3nico. La cuesti\u00f3n no es si deber\u00edamos ser feministas, sino c\u00f3mo podemos serlo activamente, abriendo caminos hacia un futuro donde la igualdad no sea solo un sue\u00f1o, sino una realidad palpable.<\/p>\n","protected":false},"excerpt":{"rendered":"<p>\u00bfPor qu\u00e9 deber\u00edamos ser feministas? Esa pregunta, aparentemente simple, abre un abismo de reflexiones y desaf\u00edos que requieren una respuesta ilustrada y valiente. En la actualidad, el feminismo no es solo un movimiento que busca la igualdad de g\u00e9nero; es un llamamiento a la justicia social y a la dignidad humana. Cada argumento a favor [&hellip;]<\/p>\n","protected":false},"author":1,"featured_media":1042649,"comment_status":"open","ping_status":"open","sticky":false,"template":"","format":"standard","meta":{"footnotes":""},"categories":[83],"tags":[],"class_list":{"0":"post-1042911","1":"post","2":"type-post","3":"status-publish","4":"format-standard","5":"has-post-thumbnail","7":"category-presentada"},"yoast_head":"<!-- This site is optimized with the Yoast SEO plugin v27.4 - https:\/\/yoast.com\/product\/yoast-seo-wordpress\/ -->\n<title>\u00bfPor qu\u00e9 deber\u00edamos ser feministas? Reflexiones desde la igualdad<\/title>\n<meta name=\"description\" content=\"\u00bfPor qu\u00e9 deber\u00edamos ser feministas? Esa pregunta, aparentemente simple, abre un abismo de reflexiones y desaf\u00edos que requieren una respuesta ilustrada y\" \/>\n<meta name=\"robots\" content=\"index, follow, max-snippet:-1, max-image-preview:large, max-video-preview:-1\" \/>\n<link rel=\"canonical\" href=\"https:\/\/thefeminismproject.com\/es\/presentada\/por-que-deberiamos-ser-feministas-reflexiones-desde-la-igualdad\/\" \/>\n<meta property=\"og:locale\" content=\"es_ES\" \/>\n<meta property=\"og:type\" content=\"article\" \/>\n<meta property=\"og:title\" content=\"\u00bfPor qu\u00e9 deber\u00edamos ser feministas? Reflexiones desde la igualdad\" \/>\n<meta property=\"og:description\" content=\"\u00bfPor qu\u00e9 deber\u00edamos ser feministas? Esa pregunta, aparentemente simple, abre un abismo de reflexiones y desaf\u00edos que requieren una respuesta ilustrada y\" \/>\n<meta property=\"og:url\" content=\"https:\/\/thefeminismproject.com\/es\/presentada\/por-que-deberiamos-ser-feministas-reflexiones-desde-la-igualdad\/\" \/>\n<meta property=\"og:site_name\" content=\"thefeminismproject.com\" \/>\n<meta property=\"article:published_time\" content=\"2025-04-11T14:51:42+00:00\" \/>\n<meta property=\"og:image\" content=\"https:\/\/thefeminismproject.com\/wp-content\/uploads\/2025\/04\/el-feminismo-es-para-todos_be67d54a_230306173953_1080x1080.jpg\" \/>\n\t<meta property=\"og:image:width\" content=\"1080\" \/>\n\t<meta property=\"og:image:height\" content=\"1080\" \/>\n\t<meta property=\"og:image:type\" content=\"image\/jpeg\" \/>\n<meta name=\"author\" content=\"Joaquimma Anna\" \/>\n<meta name=\"twitter:card\" content=\"summary_large_image\" \/>\n<meta name=\"twitter:label1\" content=\"Escrito por\" \/>\n\t<meta name=\"twitter:data1\" content=\"Joaquimma Anna\" \/>\n\t<meta name=\"twitter:label2\" content=\"Tiempo de lectura\" \/>\n\t<meta name=\"twitter:data2\" content=\"5 minutos\" \/>\n<script type=\"application\/ld+json\" class=\"yoast-schema-graph\">{\"@context\":\"https:\\\/\\\/schema.org\",\"@graph\":[{\"@type\":\"Article\",\"@id\":\"https:\\\/\\\/thefeminismproject.com\\\/es\\\/presentada\\\/por-que-deberiamos-ser-feministas-reflexiones-desde-la-igualdad\\\/#article\",\"isPartOf\":{\"@id\":\"https:\\\/\\\/thefeminismproject.com\\\/es\\\/presentada\\\/por-que-deberiamos-ser-feministas-reflexiones-desde-la-igualdad\\\/\"},\"author\":{\"name\":\"Joaquimma Anna\",\"@id\":\"https:\\\/\\\/thefeminismproject.com\\\/es\\\/#\\\/schema\\\/person\\\/d2d84f0918ac04ca2b9f5b912890ad51\"},\"headline\":\"\u00bfPor qu\u00e9 deber\u00edamos ser feministas? Reflexiones desde la igualdad\",\"datePublished\":\"2025-04-11T14:51:42+00:00\",\"mainEntityOfPage\":{\"@id\":\"https:\\\/\\\/thefeminismproject.com\\\/es\\\/presentada\\\/por-que-deberiamos-ser-feministas-reflexiones-desde-la-igualdad\\\/\"},\"wordCount\":940,\"commentCount\":0,\"publisher\":{\"@id\":\"https:\\\/\\\/thefeminismproject.com\\\/es\\\/#organization\"},\"image\":{\"@id\":\"https:\\\/\\\/thefeminismproject.com\\\/es\\\/presentada\\\/por-que-deberiamos-ser-feministas-reflexiones-desde-la-igualdad\\\/#primaryimage\"},\"thumbnailUrl\":\"https:\\\/\\\/thefeminismproject.com\\\/wp-content\\\/uploads\\\/2025\\\/04\\\/el-feminismo-es-para-todos_be67d54a_230306173953_1080x1080.jpg\",\"articleSection\":[\"Presentada\"],\"inLanguage\":\"es\",\"potentialAction\":[{\"@type\":\"CommentAction\",\"name\":\"Comment\",\"target\":[\"https:\\\/\\\/thefeminismproject.com\\\/es\\\/presentada\\\/por-que-deberiamos-ser-feministas-reflexiones-desde-la-igualdad\\\/#respond\"]}]},{\"@type\":\"WebPage\",\"@id\":\"https:\\\/\\\/thefeminismproject.com\\\/es\\\/presentada\\\/por-que-deberiamos-ser-feministas-reflexiones-desde-la-igualdad\\\/\",\"url\":\"https:\\\/\\\/thefeminismproject.com\\\/es\\\/presentada\\\/por-que-deberiamos-ser-feministas-reflexiones-desde-la-igualdad\\\/\",\"name\":\"\u00bfPor qu\u00e9 deber\u00edamos ser feministas? Reflexiones desde la igualdad\",\"isPartOf\":{\"@id\":\"https:\\\/\\\/thefeminismproject.com\\\/es\\\/#website\"},\"primaryImageOfPage\":{\"@id\":\"https:\\\/\\\/thefeminismproject.com\\\/es\\\/presentada\\\/por-que-deberiamos-ser-feministas-reflexiones-desde-la-igualdad\\\/#primaryimage\"},\"image\":{\"@id\":\"https:\\\/\\\/thefeminismproject.com\\\/es\\\/presentada\\\/por-que-deberiamos-ser-feministas-reflexiones-desde-la-igualdad\\\/#primaryimage\"},\"thumbnailUrl\":\"https:\\\/\\\/thefeminismproject.com\\\/wp-content\\\/uploads\\\/2025\\\/04\\\/el-feminismo-es-para-todos_be67d54a_230306173953_1080x1080.jpg\",\"datePublished\":\"2025-04-11T14:51:42+00:00\",\"description\":\"\u00bfPor qu\u00e9 deber\u00edamos ser feministas? Esa pregunta, aparentemente simple, abre un abismo de reflexiones y desaf\u00edos que requieren una respuesta ilustrada y\",\"breadcrumb\":{\"@id\":\"https:\\\/\\\/thefeminismproject.com\\\/es\\\/presentada\\\/por-que-deberiamos-ser-feministas-reflexiones-desde-la-igualdad\\\/#breadcrumb\"},\"inLanguage\":\"es\",\"potentialAction\":[{\"@type\":\"ReadAction\",\"target\":[\"https:\\\/\\\/thefeminismproject.com\\\/es\\\/presentada\\\/por-que-deberiamos-ser-feministas-reflexiones-desde-la-igualdad\\\/\"]}]},{\"@type\":\"ImageObject\",\"inLanguage\":\"es\",\"@id\":\"https:\\\/\\\/thefeminismproject.com\\\/es\\\/presentada\\\/por-que-deberiamos-ser-feministas-reflexiones-desde-la-igualdad\\\/#primaryimage\",\"url\":\"https:\\\/\\\/thefeminismproject.com\\\/wp-content\\\/uploads\\\/2025\\\/04\\\/el-feminismo-es-para-todos_be67d54a_230306173953_1080x1080.jpg\",\"contentUrl\":\"https:\\\/\\\/thefeminismproject.com\\\/wp-content\\\/uploads\\\/2025\\\/04\\\/el-feminismo-es-para-todos_be67d54a_230306173953_1080x1080.jpg\",\"width\":1080,\"height\":1080},{\"@type\":\"BreadcrumbList\",\"@id\":\"https:\\\/\\\/thefeminismproject.com\\\/es\\\/presentada\\\/por-que-deberiamos-ser-feministas-reflexiones-desde-la-igualdad\\\/#breadcrumb\",\"itemListElement\":[{\"@type\":\"ListItem\",\"position\":1,\"name\":\"Home\",\"item\":\"https:\\\/\\\/thefeminismproject.com\\\/es\\\/inicio\\\/\"},{\"@type\":\"ListItem\",\"position\":2,\"name\":\"\u00bfPor qu\u00e9 deber\u00edamos ser feministas? Reflexiones desde la igualdad\"}]},{\"@type\":\"WebSite\",\"@id\":\"https:\\\/\\\/thefeminismproject.com\\\/es\\\/#website\",\"url\":\"https:\\\/\\\/thefeminismproject.com\\\/es\\\/\",\"name\":\"thefeminismproject.com\",\"description\":\"Popular culture with a feminist twist | let&#039;s talk about things that matter (news that feels right)\",\"publisher\":{\"@id\":\"https:\\\/\\\/thefeminismproject.com\\\/es\\\/#organization\"},\"potentialAction\":[{\"@type\":\"SearchAction\",\"target\":{\"@type\":\"EntryPoint\",\"urlTemplate\":\"https:\\\/\\\/thefeminismproject.com\\\/es\\\/?s={search_term_string}\"},\"query-input\":{\"@type\":\"PropertyValueSpecification\",\"valueRequired\":true,\"valueName\":\"search_term_string\"}}],\"inLanguage\":\"es\"},{\"@type\":\"Organization\",\"@id\":\"https:\\\/\\\/thefeminismproject.com\\\/es\\\/#organization\",\"name\":\"thefeminismproject.com\",\"url\":\"https:\\\/\\\/thefeminismproject.com\\\/es\\\/\",\"logo\":{\"@type\":\"ImageObject\",\"inLanguage\":\"es\",\"@id\":\"https:\\\/\\\/thefeminismproject.com\\\/es\\\/#\\\/schema\\\/logo\\\/image\\\/\",\"url\":\"https:\\\/\\\/thefeminismproject.com\\\/wp-content\\\/uploads\\\/2024\\\/10\\\/pexels-vazhnik-7561648.jpg\",\"contentUrl\":\"https:\\\/\\\/thefeminismproject.com\\\/wp-content\\\/uploads\\\/2024\\\/10\\\/pexels-vazhnik-7561648.jpg\",\"width\":2500,\"height\":1667,\"caption\":\"thefeminismproject.com\"},\"image\":{\"@id\":\"https:\\\/\\\/thefeminismproject.com\\\/es\\\/#\\\/schema\\\/logo\\\/image\\\/\"}},{\"@type\":\"Person\",\"@id\":\"https:\\\/\\\/thefeminismproject.com\\\/es\\\/#\\\/schema\\\/person\\\/d2d84f0918ac04ca2b9f5b912890ad51\",\"name\":\"Joaquimma Anna\",\"image\":{\"@type\":\"ImageObject\",\"inLanguage\":\"es\",\"@id\":\"https:\\\/\\\/secure.gravatar.com\\\/avatar\\\/7d06747db1565e73d68391d596fc2eb15a10a4b4c1864574c454435523af94f1?s=96&d=mm&r=g\",\"url\":\"https:\\\/\\\/secure.gravatar.com\\\/avatar\\\/7d06747db1565e73d68391d596fc2eb15a10a4b4c1864574c454435523af94f1?s=96&d=mm&r=g\",\"contentUrl\":\"https:\\\/\\\/secure.gravatar.com\\\/avatar\\\/7d06747db1565e73d68391d596fc2eb15a10a4b4c1864574c454435523af94f1?s=96&d=mm&r=g\",\"caption\":\"Joaquimma Anna\"},\"description\":\"Hi my name Joaquimma Anna, and let's tumble down the rabbit hole of thought! At thefeminismproject.com, this blog is a whimsical carnival of ideas. As a mischievous feminism activist, I'm here to juggle the narratives of women. This project? A delightful escapade into the absurdities and splendors of our world. Expect the unexpected!\",\"sameAs\":[\"http:\\\/\\\/thefeminismproject.com\"],\"url\":\"https:\\\/\\\/thefeminismproject.com\\\/es\\\/author\\\/bella-sungkawa\\\/\"}]}<\/script>\n<!-- \/ Yoast SEO plugin. -->","yoast_head_json":{"title":"\u00bfPor qu\u00e9 deber\u00edamos ser feministas? Reflexiones desde la igualdad","description":"\u00bfPor qu\u00e9 deber\u00edamos ser feministas? Esa pregunta, aparentemente simple, abre un abismo de reflexiones y desaf\u00edos que requieren una respuesta ilustrada y","robots":{"index":"index","follow":"follow","max-snippet":"max-snippet:-1","max-image-preview":"max-image-preview:large","max-video-preview":"max-video-preview:-1"},"canonical":"https:\/\/thefeminismproject.com\/es\/presentada\/por-que-deberiamos-ser-feministas-reflexiones-desde-la-igualdad\/","og_locale":"es_ES","og_type":"article","og_title":"\u00bfPor qu\u00e9 deber\u00edamos ser feministas? Reflexiones desde la igualdad","og_description":"\u00bfPor qu\u00e9 deber\u00edamos ser feministas? Esa pregunta, aparentemente simple, abre un abismo de reflexiones y desaf\u00edos que requieren una respuesta ilustrada y","og_url":"https:\/\/thefeminismproject.com\/es\/presentada\/por-que-deberiamos-ser-feministas-reflexiones-desde-la-igualdad\/","og_site_name":"thefeminismproject.com","article_published_time":"2025-04-11T14:51:42+00:00","og_image":[{"width":1080,"height":1080,"url":"https:\/\/thefeminismproject.com\/wp-content\/uploads\/2025\/04\/el-feminismo-es-para-todos_be67d54a_230306173953_1080x1080.jpg","type":"image\/jpeg"}],"author":"Joaquimma Anna","twitter_card":"summary_large_image","twitter_misc":{"Escrito por":"Joaquimma Anna","Tiempo de lectura":"5 minutos"},"schema":{"@context":"https:\/\/schema.org","@graph":[{"@type":"Article","@id":"https:\/\/thefeminismproject.com\/es\/presentada\/por-que-deberiamos-ser-feministas-reflexiones-desde-la-igualdad\/#article","isPartOf":{"@id":"https:\/\/thefeminismproject.com\/es\/presentada\/por-que-deberiamos-ser-feministas-reflexiones-desde-la-igualdad\/"},"author":{"name":"Joaquimma Anna","@id":"https:\/\/thefeminismproject.com\/es\/#\/schema\/person\/d2d84f0918ac04ca2b9f5b912890ad51"},"headline":"\u00bfPor qu\u00e9 deber\u00edamos ser feministas? Reflexiones desde la igualdad","datePublished":"2025-04-11T14:51:42+00:00","mainEntityOfPage":{"@id":"https:\/\/thefeminismproject.com\/es\/presentada\/por-que-deberiamos-ser-feministas-reflexiones-desde-la-igualdad\/"},"wordCount":940,"commentCount":0,"publisher":{"@id":"https:\/\/thefeminismproject.com\/es\/#organization"},"image":{"@id":"https:\/\/thefeminismproject.com\/es\/presentada\/por-que-deberiamos-ser-feministas-reflexiones-desde-la-igualdad\/#primaryimage"},"thumbnailUrl":"https:\/\/thefeminismproject.com\/wp-content\/uploads\/2025\/04\/el-feminismo-es-para-todos_be67d54a_230306173953_1080x1080.jpg","articleSection":["Presentada"],"inLanguage":"es","potentialAction":[{"@type":"CommentAction","name":"Comment","target":["https:\/\/thefeminismproject.com\/es\/presentada\/por-que-deberiamos-ser-feministas-reflexiones-desde-la-igualdad\/#respond"]}]},{"@type":"WebPage","@id":"https:\/\/thefeminismproject.com\/es\/presentada\/por-que-deberiamos-ser-feministas-reflexiones-desde-la-igualdad\/","url":"https:\/\/thefeminismproject.com\/es\/presentada\/por-que-deberiamos-ser-feministas-reflexiones-desde-la-igualdad\/","name":"\u00bfPor qu\u00e9 deber\u00edamos ser feministas? Reflexiones desde la igualdad","isPartOf":{"@id":"https:\/\/thefeminismproject.com\/es\/#website"},"primaryImageOfPage":{"@id":"https:\/\/thefeminismproject.com\/es\/presentada\/por-que-deberiamos-ser-feministas-reflexiones-desde-la-igualdad\/#primaryimage"},"image":{"@id":"https:\/\/thefeminismproject.com\/es\/presentada\/por-que-deberiamos-ser-feministas-reflexiones-desde-la-igualdad\/#primaryimage"},"thumbnailUrl":"https:\/\/thefeminismproject.com\/wp-content\/uploads\/2025\/04\/el-feminismo-es-para-todos_be67d54a_230306173953_1080x1080.jpg","datePublished":"2025-04-11T14:51:42+00:00","description":"\u00bfPor qu\u00e9 deber\u00edamos ser feministas? Esa pregunta, aparentemente simple, abre un abismo de reflexiones y desaf\u00edos que requieren una respuesta ilustrada y","breadcrumb":{"@id":"https:\/\/thefeminismproject.com\/es\/presentada\/por-que-deberiamos-ser-feministas-reflexiones-desde-la-igualdad\/#breadcrumb"},"inLanguage":"es","potentialAction":[{"@type":"ReadAction","target":["https:\/\/thefeminismproject.com\/es\/presentada\/por-que-deberiamos-ser-feministas-reflexiones-desde-la-igualdad\/"]}]},{"@type":"ImageObject","inLanguage":"es","@id":"https:\/\/thefeminismproject.com\/es\/presentada\/por-que-deberiamos-ser-feministas-reflexiones-desde-la-igualdad\/#primaryimage","url":"https:\/\/thefeminismproject.com\/wp-content\/uploads\/2025\/04\/el-feminismo-es-para-todos_be67d54a_230306173953_1080x1080.jpg","contentUrl":"https:\/\/thefeminismproject.com\/wp-content\/uploads\/2025\/04\/el-feminismo-es-para-todos_be67d54a_230306173953_1080x1080.jpg","width":1080,"height":1080},{"@type":"BreadcrumbList","@id":"https:\/\/thefeminismproject.com\/es\/presentada\/por-que-deberiamos-ser-feministas-reflexiones-desde-la-igualdad\/#breadcrumb","itemListElement":[{"@type":"ListItem","position":1,"name":"Home","item":"https:\/\/thefeminismproject.com\/es\/inicio\/"},{"@type":"ListItem","position":2,"name":"\u00bfPor qu\u00e9 deber\u00edamos ser feministas? Reflexiones desde la igualdad"}]},{"@type":"WebSite","@id":"https:\/\/thefeminismproject.com\/es\/#website","url":"https:\/\/thefeminismproject.com\/es\/","name":"thefeminismproject.com","description":"Popular culture with a feminist twist | let&#039;s talk about things that matter (news that feels right)","publisher":{"@id":"https:\/\/thefeminismproject.com\/es\/#organization"},"potentialAction":[{"@type":"SearchAction","target":{"@type":"EntryPoint","urlTemplate":"https:\/\/thefeminismproject.com\/es\/?s={search_term_string}"},"query-input":{"@type":"PropertyValueSpecification","valueRequired":true,"valueName":"search_term_string"}}],"inLanguage":"es"},{"@type":"Organization","@id":"https:\/\/thefeminismproject.com\/es\/#organization","name":"thefeminismproject.com","url":"https:\/\/thefeminismproject.com\/es\/","logo":{"@type":"ImageObject","inLanguage":"es","@id":"https:\/\/thefeminismproject.com\/es\/#\/schema\/logo\/image\/","url":"https:\/\/thefeminismproject.com\/wp-content\/uploads\/2024\/10\/pexels-vazhnik-7561648.jpg","contentUrl":"https:\/\/thefeminismproject.com\/wp-content\/uploads\/2024\/10\/pexels-vazhnik-7561648.jpg","width":2500,"height":1667,"caption":"thefeminismproject.com"},"image":{"@id":"https:\/\/thefeminismproject.com\/es\/#\/schema\/logo\/image\/"}},{"@type":"Person","@id":"https:\/\/thefeminismproject.com\/es\/#\/schema\/person\/d2d84f0918ac04ca2b9f5b912890ad51","name":"Joaquimma Anna","image":{"@type":"ImageObject","inLanguage":"es","@id":"https:\/\/secure.gravatar.com\/avatar\/7d06747db1565e73d68391d596fc2eb15a10a4b4c1864574c454435523af94f1?s=96&d=mm&r=g","url":"https:\/\/secure.gravatar.com\/avatar\/7d06747db1565e73d68391d596fc2eb15a10a4b4c1864574c454435523af94f1?s=96&d=mm&r=g","contentUrl":"https:\/\/secure.gravatar.com\/avatar\/7d06747db1565e73d68391d596fc2eb15a10a4b4c1864574c454435523af94f1?s=96&d=mm&r=g","caption":"Joaquimma Anna"},"description":"Hi my name Joaquimma Anna, and let's tumble down the rabbit hole of thought! At thefeminismproject.com, this blog is a whimsical carnival of ideas. As a mischievous feminism activist, I'm here to juggle the narratives of women. This project? A delightful escapade into the absurdities and splendors of our world. Expect the unexpected!","sameAs":["http:\/\/thefeminismproject.com"],"url":"https:\/\/thefeminismproject.com\/es\/author\/bella-sungkawa\/"}]}},"_links":{"self":[{"href":"https:\/\/thefeminismproject.com\/es\/wp-json\/wp\/v2\/posts\/1042911","targetHints":{"allow":["GET"]}}],"collection":[{"href":"https:\/\/thefeminismproject.com\/es\/wp-json\/wp\/v2\/posts"}],"about":[{"href":"https:\/\/thefeminismproject.com\/es\/wp-json\/wp\/v2\/types\/post"}],"author":[{"embeddable":true,"href":"https:\/\/thefeminismproject.com\/es\/wp-json\/wp\/v2\/users\/1"}],"replies":[{"embeddable":true,"href":"https:\/\/thefeminismproject.com\/es\/wp-json\/wp\/v2\/comments?post=1042911"}],"version-history":[{"count":0,"href":"https:\/\/thefeminismproject.com\/es\/wp-json\/wp\/v2\/posts\/1042911\/revisions"}],"wp:featuredmedia":[{"embeddable":true,"href":"https:\/\/thefeminismproject.com\/es\/wp-json\/wp\/v2\/media\/1042649"}],"wp:attachment":[{"href":"https:\/\/thefeminismproject.com\/es\/wp-json\/wp\/v2\/media?parent=1042911"}],"wp:term":[{"taxonomy":"category","embeddable":true,"href":"https:\/\/thefeminismproject.com\/es\/wp-json\/wp\/v2\/categories?post=1042911"},{"taxonomy":"post_tag","embeddable":true,"href":"https:\/\/thefeminismproject.com\/es\/wp-json\/wp\/v2\/tags?post=1042911"}],"curies":[{"name":"wp","href":"https:\/\/api.w.org\/{rel}","templated":true}]}}