{"id":1042982,"date":"2025-03-26T22:32:24","date_gmt":"2025-03-26T22:32:24","guid":{"rendered":"https:\/\/thefeminismproject.com\/sin-categoria\/que-opinas-del-feminismo-perspectivas-y-controversias-actuales\/"},"modified":"2025-03-26T22:32:24","modified_gmt":"2025-03-26T22:32:24","slug":"que-opinas-del-feminismo-perspectivas-y-controversias-actuales","status":"publish","type":"post","link":"https:\/\/thefeminismproject.com\/es\/presentada\/que-opinas-del-feminismo-perspectivas-y-controversias-actuales\/","title":{"rendered":"\u00bfQu\u00e9 opinas del feminismo? Perspectivas y controversias actuales"},"content":{"rendered":"<p>El feminismo, como movimiento social y pol\u00edtico, ha evolucionado a lo largo de los a\u00f1os. Desde sus or\u00edgenes, ha buscado la equidad de g\u00e9nero y la eliminaci\u00f3n de las estructuras patriarcales que oprimen a las mujeres. Sin embargo, hoy en d\u00eda, la discusi\u00f3n sobre el feminismo ha adquirido un car\u00e1cter mucho m\u00e1s pol\u00e9mico y multifac\u00e9tico, lo que invita a preguntarnos: \u00bfqu\u00e9 opinas del feminismo? \u00bfEs un movimiento unificado o una amalgama de perspectivas en constante conflicto?<\/p>\n<p>Para abordar esta cuesti\u00f3n, es esencial reconocer que el feminismo no es una entidad monol\u00edtica. Al contrario, se presenta como un conjunto diverso de ideolog\u00edas y enfoques que, aunque comparten un objetivo com\u00fan, difieren radicalmente en sus m\u00e9todos y filosof\u00edas. Desde el feminismo liberal, que se enfoca en la igualdad de oportunidades dentro del sistema capitalista, hasta el feminismo radical, que critica las fundaciones mismas de la sociedad patriarcal, cada enfoque ofrece una reflexi\u00f3n \u00fanica sobre c\u00f3mo la opresi\u00f3n de g\u00e9nero se manifiesta y c\u00f3mo puede ser combatida.<\/p>\n<p>La controversia m\u00e1s apremiante radica en la percepci\u00f3n p\u00fablica del feminismo. A menudo, se tiende a asociar el feminismo con una postura radical, que a su vez despierta temores y desconfianza. Este paradigma err\u00f3neo pinta a las feministas como mujeres que odian a los hombres o que buscan dominar a la sociedad. Este espurio sentido de conflicto de g\u00e9nero, alimentado por estereotipos y desinformaci\u00f3n, oscurece la verdadera esencia del feminismo: la b\u00fasqueda de equidad. En lugar de crear un di\u00e1logo constructivo, estas narrativas polarizadoras sirven para dividir a las personas, perpetuando as\u00ed la opresi\u00f3n que el feminismo se esfuerza por erradicar.<\/p>\n<p>Un desaf\u00edo divertido que podemos plantear es: \u00bfqu\u00e9 har\u00edamos si los hombres adoptaran las causas feministas con la misma intensidad con la que defienden el patriarcado? Imaginen un mundo en que los hombres no solo se convirtieran en aliados, sino que tambi\u00e9n impulsaran una reestructuraci\u00f3n de los valores sociales, promoviendo la equidad y sosteniendo la lucha feminista como una parte integral de su identidad. \u00bfSer\u00eda esto liberador o podr\u00eda introducir una nueva capa de complicaciones? Este ejercicio de imaginaci\u00f3n nos invita a considerar c\u00f3mo el feminismo, en sus diversas ramificaciones, podr\u00eda ofrecer respuestas no solo para las mujeres, sino tambi\u00e9n para los hombres.<\/p>\n<p>El feminismo interseccional ha sido, sin duda, uno de los desarrollos m\u00e1s significativos en la teor\u00eda feminista contempor\u00e1nea. Reconoce que las experiencias de las mujeres no se pueden entender \u00fanicamente a trav\u00e9s de la lente del g\u00e9nero, sino que est\u00e1n intr\u00ednsecamente conectadas con otras identidades y opresiones, como la raza, la clase social, la orientaci\u00f3n sexual y la capacidad. Esto plantea un desaf\u00edo fundamental: \u00bfc\u00f3mo lograr una coherencia entre diferentes luchas sin que algunas voces queden sacrificadas en el camino? Este enfoque hace que el feminismo sea m\u00e1s inclusivo, pero, al mismo tiempo, lo enfrenta a la dificultad de gestionar una diversidad de intereses y experiencias.<\/p>\n<p>La reacci\u00f3n de algunas feministas ante este modelo interseccional ha sido mixta. Por un lado, muchas abogan por la fusi\u00f3n de estos diversos discursos; por otro, hay un temor latente a que el feminismo se difumine en un oc\u00e9ano de identidades sin rumbo firme. No obstante, la verdad que no se puede eludir es que el feminismo debe adaptarse y crecer, enfrentando la complejidad de la realidad social contempor\u00e1nea. En este sentido, el feminismo no solo debe ser una respuesta a la opresi\u00f3n de las mujeres, sino tambi\u00e9n una cr\u00edtica a las estructuras de poder que oprimen a todas las personas vulnerables.<\/p>\n<p>La popularizaci\u00f3n de las redes sociales ha revolucionado la forma en que el feminismo se comunice y se perciba socialmente. Ahora, m\u00e1s que nunca, las voces diversas pueden resonar y ser escuchadas. Sin embargo, tambi\u00e9n ha dado lugar a fracturas dentro del movimiento, donde las diferencias de opini\u00f3n pueden volverse especialmente virulentas. En este nuevo panorama digital, el feminismo enfrenta la tarea de mantener un di\u00e1logo productivo, incluso cuando las opiniones son divergentes. \u00bfEs posible construir puentes entre feministas radicales y liberales, por ejemplo, o estamos condenadas a un ciclo interminable de desacuerdo?<\/p>\n<p>En conclusi\u00f3n, el feminismo se encuentra en un estado de polisemia. Dependiendo de la lente a trav\u00e9s de la cual se lo observe, puede parecer tanto un movimiento de unidad como uno de conflicto. Lo que es innegable es que ofrece un espacio esencial para que las mujeres \u2014y todos aquellos que luchan contra la opresi\u00f3n\u2014 puedan expresar sus verdades. La pr\u00f3xima vez que te preguntes: \u00bfqu\u00e9 opinas del feminismo?, recuerda que la pregunta no gira \u00fanicamente en torno al movimiento en s\u00ed, sino tambi\u00e9n sobre c\u00f3mo el feminismo nos interpela a cuestionar nuestras propias creencias y a comprometernos con un mundo m\u00e1s justo.<\/p>\n","protected":false},"excerpt":{"rendered":"<p>El feminismo, como movimiento social y pol\u00edtico, ha evolucionado a lo largo de los a\u00f1os. Desde sus or\u00edgenes, ha buscado la equidad de g\u00e9nero y la eliminaci\u00f3n de las estructuras patriarcales que oprimen a las mujeres. Sin embargo, hoy en d\u00eda, la discusi\u00f3n sobre el feminismo ha adquirido un car\u00e1cter mucho m\u00e1s pol\u00e9mico y multifac\u00e9tico, [&hellip;]<\/p>\n","protected":false},"author":1,"featured_media":1042788,"comment_status":"open","ping_status":"open","sticky":false,"template":"","format":"standard","meta":{"footnotes":""},"categories":[83],"tags":[],"class_list":{"0":"post-1042982","1":"post","2":"type-post","3":"status-publish","4":"format-standard","5":"has-post-thumbnail","7":"category-presentada"},"yoast_head":"<!-- This site is optimized with the Yoast SEO plugin v27.4 - https:\/\/yoast.com\/product\/yoast-seo-wordpress\/ -->\n<title>\u00bfQu\u00e9 opinas del feminismo? Perspectivas y controversias actuales<\/title>\n<meta name=\"description\" content=\"El feminismo, como movimiento social y pol\u00edtico, ha evolucionado a lo largo de los a\u00f1os. Desde sus or\u00edgenes, ha buscado la equidad de g\u00e9nero y la\" \/>\n<meta name=\"robots\" content=\"index, follow, max-snippet:-1, max-image-preview:large, max-video-preview:-1\" \/>\n<link rel=\"canonical\" href=\"https:\/\/thefeminismproject.com\/es\/presentada\/que-opinas-del-feminismo-perspectivas-y-controversias-actuales\/\" \/>\n<meta property=\"og:locale\" content=\"es_ES\" \/>\n<meta property=\"og:type\" content=\"article\" \/>\n<meta property=\"og:title\" content=\"\u00bfQu\u00e9 opinas del feminismo? Perspectivas y controversias actuales\" \/>\n<meta property=\"og:description\" content=\"El feminismo, como movimiento social y pol\u00edtico, ha evolucionado a lo largo de los a\u00f1os. Desde sus or\u00edgenes, ha buscado la equidad de g\u00e9nero y la\" \/>\n<meta property=\"og:url\" content=\"https:\/\/thefeminismproject.com\/es\/presentada\/que-opinas-del-feminismo-perspectivas-y-controversias-actuales\/\" \/>\n<meta property=\"og:site_name\" content=\"thefeminismproject.com\" \/>\n<meta property=\"article:published_time\" content=\"2025-03-26T22:32:24+00:00\" \/>\n<meta property=\"og:image\" content=\"https:\/\/thefeminismproject.com\/wp-content\/uploads\/2025\/04\/icodice14.jpg\" \/>\n\t<meta property=\"og:image:width\" content=\"496\" \/>\n\t<meta property=\"og:image:height\" content=\"582\" \/>\n\t<meta property=\"og:image:type\" content=\"image\/jpeg\" \/>\n<meta name=\"author\" content=\"Joaquimma Anna\" \/>\n<meta name=\"twitter:card\" content=\"summary_large_image\" \/>\n<meta name=\"twitter:label1\" content=\"Escrito por\" \/>\n\t<meta name=\"twitter:data1\" content=\"Joaquimma Anna\" \/>\n\t<meta name=\"twitter:label2\" content=\"Tiempo de lectura\" \/>\n\t<meta name=\"twitter:data2\" content=\"4 minutos\" \/>\n<script type=\"application\/ld+json\" class=\"yoast-schema-graph\">{\"@context\":\"https:\\\/\\\/schema.org\",\"@graph\":[{\"@type\":\"Article\",\"@id\":\"https:\\\/\\\/thefeminismproject.com\\\/es\\\/presentada\\\/que-opinas-del-feminismo-perspectivas-y-controversias-actuales\\\/#article\",\"isPartOf\":{\"@id\":\"https:\\\/\\\/thefeminismproject.com\\\/es\\\/presentada\\\/que-opinas-del-feminismo-perspectivas-y-controversias-actuales\\\/\"},\"author\":{\"name\":\"Joaquimma Anna\",\"@id\":\"https:\\\/\\\/thefeminismproject.com\\\/es\\\/#\\\/schema\\\/person\\\/d2d84f0918ac04ca2b9f5b912890ad51\"},\"headline\":\"\u00bfQu\u00e9 opinas del feminismo? Perspectivas y controversias actuales\",\"datePublished\":\"2025-03-26T22:32:24+00:00\",\"mainEntityOfPage\":{\"@id\":\"https:\\\/\\\/thefeminismproject.com\\\/es\\\/presentada\\\/que-opinas-del-feminismo-perspectivas-y-controversias-actuales\\\/\"},\"wordCount\":852,\"commentCount\":0,\"publisher\":{\"@id\":\"https:\\\/\\\/thefeminismproject.com\\\/es\\\/#organization\"},\"image\":{\"@id\":\"https:\\\/\\\/thefeminismproject.com\\\/es\\\/presentada\\\/que-opinas-del-feminismo-perspectivas-y-controversias-actuales\\\/#primaryimage\"},\"thumbnailUrl\":\"https:\\\/\\\/thefeminismproject.com\\\/wp-content\\\/uploads\\\/2025\\\/04\\\/icodice14.jpg\",\"articleSection\":[\"Presentada\"],\"inLanguage\":\"es\",\"potentialAction\":[{\"@type\":\"CommentAction\",\"name\":\"Comment\",\"target\":[\"https:\\\/\\\/thefeminismproject.com\\\/es\\\/presentada\\\/que-opinas-del-feminismo-perspectivas-y-controversias-actuales\\\/#respond\"]}]},{\"@type\":\"WebPage\",\"@id\":\"https:\\\/\\\/thefeminismproject.com\\\/es\\\/presentada\\\/que-opinas-del-feminismo-perspectivas-y-controversias-actuales\\\/\",\"url\":\"https:\\\/\\\/thefeminismproject.com\\\/es\\\/presentada\\\/que-opinas-del-feminismo-perspectivas-y-controversias-actuales\\\/\",\"name\":\"\u00bfQu\u00e9 opinas del feminismo? Perspectivas y controversias actuales\",\"isPartOf\":{\"@id\":\"https:\\\/\\\/thefeminismproject.com\\\/es\\\/#website\"},\"primaryImageOfPage\":{\"@id\":\"https:\\\/\\\/thefeminismproject.com\\\/es\\\/presentada\\\/que-opinas-del-feminismo-perspectivas-y-controversias-actuales\\\/#primaryimage\"},\"image\":{\"@id\":\"https:\\\/\\\/thefeminismproject.com\\\/es\\\/presentada\\\/que-opinas-del-feminismo-perspectivas-y-controversias-actuales\\\/#primaryimage\"},\"thumbnailUrl\":\"https:\\\/\\\/thefeminismproject.com\\\/wp-content\\\/uploads\\\/2025\\\/04\\\/icodice14.jpg\",\"datePublished\":\"2025-03-26T22:32:24+00:00\",\"description\":\"El feminismo, como movimiento social y pol\u00edtico, ha evolucionado a lo largo de los a\u00f1os. Desde sus or\u00edgenes, ha buscado la equidad de g\u00e9nero y la\",\"breadcrumb\":{\"@id\":\"https:\\\/\\\/thefeminismproject.com\\\/es\\\/presentada\\\/que-opinas-del-feminismo-perspectivas-y-controversias-actuales\\\/#breadcrumb\"},\"inLanguage\":\"es\",\"potentialAction\":[{\"@type\":\"ReadAction\",\"target\":[\"https:\\\/\\\/thefeminismproject.com\\\/es\\\/presentada\\\/que-opinas-del-feminismo-perspectivas-y-controversias-actuales\\\/\"]}]},{\"@type\":\"ImageObject\",\"inLanguage\":\"es\",\"@id\":\"https:\\\/\\\/thefeminismproject.com\\\/es\\\/presentada\\\/que-opinas-del-feminismo-perspectivas-y-controversias-actuales\\\/#primaryimage\",\"url\":\"https:\\\/\\\/thefeminismproject.com\\\/wp-content\\\/uploads\\\/2025\\\/04\\\/icodice14.jpg\",\"contentUrl\":\"https:\\\/\\\/thefeminismproject.com\\\/wp-content\\\/uploads\\\/2025\\\/04\\\/icodice14.jpg\",\"width\":496,\"height\":582},{\"@type\":\"BreadcrumbList\",\"@id\":\"https:\\\/\\\/thefeminismproject.com\\\/es\\\/presentada\\\/que-opinas-del-feminismo-perspectivas-y-controversias-actuales\\\/#breadcrumb\",\"itemListElement\":[{\"@type\":\"ListItem\",\"position\":1,\"name\":\"Home\",\"item\":\"https:\\\/\\\/thefeminismproject.com\\\/es\\\/inicio\\\/\"},{\"@type\":\"ListItem\",\"position\":2,\"name\":\"\u00bfQu\u00e9 opinas del feminismo? Perspectivas y controversias actuales\"}]},{\"@type\":\"WebSite\",\"@id\":\"https:\\\/\\\/thefeminismproject.com\\\/es\\\/#website\",\"url\":\"https:\\\/\\\/thefeminismproject.com\\\/es\\\/\",\"name\":\"thefeminismproject.com\",\"description\":\"Popular culture with a feminist twist | let&#039;s talk about things that matter (news that feels right)\",\"publisher\":{\"@id\":\"https:\\\/\\\/thefeminismproject.com\\\/es\\\/#organization\"},\"potentialAction\":[{\"@type\":\"SearchAction\",\"target\":{\"@type\":\"EntryPoint\",\"urlTemplate\":\"https:\\\/\\\/thefeminismproject.com\\\/es\\\/?s={search_term_string}\"},\"query-input\":{\"@type\":\"PropertyValueSpecification\",\"valueRequired\":true,\"valueName\":\"search_term_string\"}}],\"inLanguage\":\"es\"},{\"@type\":\"Organization\",\"@id\":\"https:\\\/\\\/thefeminismproject.com\\\/es\\\/#organization\",\"name\":\"thefeminismproject.com\",\"url\":\"https:\\\/\\\/thefeminismproject.com\\\/es\\\/\",\"logo\":{\"@type\":\"ImageObject\",\"inLanguage\":\"es\",\"@id\":\"https:\\\/\\\/thefeminismproject.com\\\/es\\\/#\\\/schema\\\/logo\\\/image\\\/\",\"url\":\"https:\\\/\\\/thefeminismproject.com\\\/wp-content\\\/uploads\\\/2024\\\/10\\\/pexels-vazhnik-7561648.jpg\",\"contentUrl\":\"https:\\\/\\\/thefeminismproject.com\\\/wp-content\\\/uploads\\\/2024\\\/10\\\/pexels-vazhnik-7561648.jpg\",\"width\":2500,\"height\":1667,\"caption\":\"thefeminismproject.com\"},\"image\":{\"@id\":\"https:\\\/\\\/thefeminismproject.com\\\/es\\\/#\\\/schema\\\/logo\\\/image\\\/\"}},{\"@type\":\"Person\",\"@id\":\"https:\\\/\\\/thefeminismproject.com\\\/es\\\/#\\\/schema\\\/person\\\/d2d84f0918ac04ca2b9f5b912890ad51\",\"name\":\"Joaquimma Anna\",\"image\":{\"@type\":\"ImageObject\",\"inLanguage\":\"es\",\"@id\":\"https:\\\/\\\/secure.gravatar.com\\\/avatar\\\/7d06747db1565e73d68391d596fc2eb15a10a4b4c1864574c454435523af94f1?s=96&d=mm&r=g\",\"url\":\"https:\\\/\\\/secure.gravatar.com\\\/avatar\\\/7d06747db1565e73d68391d596fc2eb15a10a4b4c1864574c454435523af94f1?s=96&d=mm&r=g\",\"contentUrl\":\"https:\\\/\\\/secure.gravatar.com\\\/avatar\\\/7d06747db1565e73d68391d596fc2eb15a10a4b4c1864574c454435523af94f1?s=96&d=mm&r=g\",\"caption\":\"Joaquimma Anna\"},\"description\":\"Hi my name Joaquimma Anna, and let's tumble down the rabbit hole of thought! At thefeminismproject.com, this blog is a whimsical carnival of ideas. As a mischievous feminism activist, I'm here to juggle the narratives of women. This project? A delightful escapade into the absurdities and splendors of our world. Expect the unexpected!\",\"sameAs\":[\"http:\\\/\\\/thefeminismproject.com\"],\"url\":\"https:\\\/\\\/thefeminismproject.com\\\/es\\\/author\\\/bella-sungkawa\\\/\"}]}<\/script>\n<!-- \/ Yoast SEO plugin. -->","yoast_head_json":{"title":"\u00bfQu\u00e9 opinas del feminismo? Perspectivas y controversias actuales","description":"El feminismo, como movimiento social y pol\u00edtico, ha evolucionado a lo largo de los a\u00f1os. Desde sus or\u00edgenes, ha buscado la equidad de g\u00e9nero y la","robots":{"index":"index","follow":"follow","max-snippet":"max-snippet:-1","max-image-preview":"max-image-preview:large","max-video-preview":"max-video-preview:-1"},"canonical":"https:\/\/thefeminismproject.com\/es\/presentada\/que-opinas-del-feminismo-perspectivas-y-controversias-actuales\/","og_locale":"es_ES","og_type":"article","og_title":"\u00bfQu\u00e9 opinas del feminismo? Perspectivas y controversias actuales","og_description":"El feminismo, como movimiento social y pol\u00edtico, ha evolucionado a lo largo de los a\u00f1os. Desde sus or\u00edgenes, ha buscado la equidad de g\u00e9nero y la","og_url":"https:\/\/thefeminismproject.com\/es\/presentada\/que-opinas-del-feminismo-perspectivas-y-controversias-actuales\/","og_site_name":"thefeminismproject.com","article_published_time":"2025-03-26T22:32:24+00:00","og_image":[{"width":496,"height":582,"url":"https:\/\/thefeminismproject.com\/wp-content\/uploads\/2025\/04\/icodice14.jpg","type":"image\/jpeg"}],"author":"Joaquimma Anna","twitter_card":"summary_large_image","twitter_misc":{"Escrito por":"Joaquimma Anna","Tiempo de lectura":"4 minutos"},"schema":{"@context":"https:\/\/schema.org","@graph":[{"@type":"Article","@id":"https:\/\/thefeminismproject.com\/es\/presentada\/que-opinas-del-feminismo-perspectivas-y-controversias-actuales\/#article","isPartOf":{"@id":"https:\/\/thefeminismproject.com\/es\/presentada\/que-opinas-del-feminismo-perspectivas-y-controversias-actuales\/"},"author":{"name":"Joaquimma Anna","@id":"https:\/\/thefeminismproject.com\/es\/#\/schema\/person\/d2d84f0918ac04ca2b9f5b912890ad51"},"headline":"\u00bfQu\u00e9 opinas del feminismo? Perspectivas y controversias actuales","datePublished":"2025-03-26T22:32:24+00:00","mainEntityOfPage":{"@id":"https:\/\/thefeminismproject.com\/es\/presentada\/que-opinas-del-feminismo-perspectivas-y-controversias-actuales\/"},"wordCount":852,"commentCount":0,"publisher":{"@id":"https:\/\/thefeminismproject.com\/es\/#organization"},"image":{"@id":"https:\/\/thefeminismproject.com\/es\/presentada\/que-opinas-del-feminismo-perspectivas-y-controversias-actuales\/#primaryimage"},"thumbnailUrl":"https:\/\/thefeminismproject.com\/wp-content\/uploads\/2025\/04\/icodice14.jpg","articleSection":["Presentada"],"inLanguage":"es","potentialAction":[{"@type":"CommentAction","name":"Comment","target":["https:\/\/thefeminismproject.com\/es\/presentada\/que-opinas-del-feminismo-perspectivas-y-controversias-actuales\/#respond"]}]},{"@type":"WebPage","@id":"https:\/\/thefeminismproject.com\/es\/presentada\/que-opinas-del-feminismo-perspectivas-y-controversias-actuales\/","url":"https:\/\/thefeminismproject.com\/es\/presentada\/que-opinas-del-feminismo-perspectivas-y-controversias-actuales\/","name":"\u00bfQu\u00e9 opinas del feminismo? Perspectivas y controversias actuales","isPartOf":{"@id":"https:\/\/thefeminismproject.com\/es\/#website"},"primaryImageOfPage":{"@id":"https:\/\/thefeminismproject.com\/es\/presentada\/que-opinas-del-feminismo-perspectivas-y-controversias-actuales\/#primaryimage"},"image":{"@id":"https:\/\/thefeminismproject.com\/es\/presentada\/que-opinas-del-feminismo-perspectivas-y-controversias-actuales\/#primaryimage"},"thumbnailUrl":"https:\/\/thefeminismproject.com\/wp-content\/uploads\/2025\/04\/icodice14.jpg","datePublished":"2025-03-26T22:32:24+00:00","description":"El feminismo, como movimiento social y pol\u00edtico, ha evolucionado a lo largo de los a\u00f1os. Desde sus or\u00edgenes, ha buscado la equidad de g\u00e9nero y la","breadcrumb":{"@id":"https:\/\/thefeminismproject.com\/es\/presentada\/que-opinas-del-feminismo-perspectivas-y-controversias-actuales\/#breadcrumb"},"inLanguage":"es","potentialAction":[{"@type":"ReadAction","target":["https:\/\/thefeminismproject.com\/es\/presentada\/que-opinas-del-feminismo-perspectivas-y-controversias-actuales\/"]}]},{"@type":"ImageObject","inLanguage":"es","@id":"https:\/\/thefeminismproject.com\/es\/presentada\/que-opinas-del-feminismo-perspectivas-y-controversias-actuales\/#primaryimage","url":"https:\/\/thefeminismproject.com\/wp-content\/uploads\/2025\/04\/icodice14.jpg","contentUrl":"https:\/\/thefeminismproject.com\/wp-content\/uploads\/2025\/04\/icodice14.jpg","width":496,"height":582},{"@type":"BreadcrumbList","@id":"https:\/\/thefeminismproject.com\/es\/presentada\/que-opinas-del-feminismo-perspectivas-y-controversias-actuales\/#breadcrumb","itemListElement":[{"@type":"ListItem","position":1,"name":"Home","item":"https:\/\/thefeminismproject.com\/es\/inicio\/"},{"@type":"ListItem","position":2,"name":"\u00bfQu\u00e9 opinas del feminismo? Perspectivas y controversias actuales"}]},{"@type":"WebSite","@id":"https:\/\/thefeminismproject.com\/es\/#website","url":"https:\/\/thefeminismproject.com\/es\/","name":"thefeminismproject.com","description":"Popular culture with a feminist twist | let&#039;s talk about things that matter (news that feels right)","publisher":{"@id":"https:\/\/thefeminismproject.com\/es\/#organization"},"potentialAction":[{"@type":"SearchAction","target":{"@type":"EntryPoint","urlTemplate":"https:\/\/thefeminismproject.com\/es\/?s={search_term_string}"},"query-input":{"@type":"PropertyValueSpecification","valueRequired":true,"valueName":"search_term_string"}}],"inLanguage":"es"},{"@type":"Organization","@id":"https:\/\/thefeminismproject.com\/es\/#organization","name":"thefeminismproject.com","url":"https:\/\/thefeminismproject.com\/es\/","logo":{"@type":"ImageObject","inLanguage":"es","@id":"https:\/\/thefeminismproject.com\/es\/#\/schema\/logo\/image\/","url":"https:\/\/thefeminismproject.com\/wp-content\/uploads\/2024\/10\/pexels-vazhnik-7561648.jpg","contentUrl":"https:\/\/thefeminismproject.com\/wp-content\/uploads\/2024\/10\/pexels-vazhnik-7561648.jpg","width":2500,"height":1667,"caption":"thefeminismproject.com"},"image":{"@id":"https:\/\/thefeminismproject.com\/es\/#\/schema\/logo\/image\/"}},{"@type":"Person","@id":"https:\/\/thefeminismproject.com\/es\/#\/schema\/person\/d2d84f0918ac04ca2b9f5b912890ad51","name":"Joaquimma Anna","image":{"@type":"ImageObject","inLanguage":"es","@id":"https:\/\/secure.gravatar.com\/avatar\/7d06747db1565e73d68391d596fc2eb15a10a4b4c1864574c454435523af94f1?s=96&d=mm&r=g","url":"https:\/\/secure.gravatar.com\/avatar\/7d06747db1565e73d68391d596fc2eb15a10a4b4c1864574c454435523af94f1?s=96&d=mm&r=g","contentUrl":"https:\/\/secure.gravatar.com\/avatar\/7d06747db1565e73d68391d596fc2eb15a10a4b4c1864574c454435523af94f1?s=96&d=mm&r=g","caption":"Joaquimma Anna"},"description":"Hi my name Joaquimma Anna, and let's tumble down the rabbit hole of thought! At thefeminismproject.com, this blog is a whimsical carnival of ideas. As a mischievous feminism activist, I'm here to juggle the narratives of women. This project? A delightful escapade into the absurdities and splendors of our world. Expect the unexpected!","sameAs":["http:\/\/thefeminismproject.com"],"url":"https:\/\/thefeminismproject.com\/es\/author\/bella-sungkawa\/"}]}},"_links":{"self":[{"href":"https:\/\/thefeminismproject.com\/es\/wp-json\/wp\/v2\/posts\/1042982","targetHints":{"allow":["GET"]}}],"collection":[{"href":"https:\/\/thefeminismproject.com\/es\/wp-json\/wp\/v2\/posts"}],"about":[{"href":"https:\/\/thefeminismproject.com\/es\/wp-json\/wp\/v2\/types\/post"}],"author":[{"embeddable":true,"href":"https:\/\/thefeminismproject.com\/es\/wp-json\/wp\/v2\/users\/1"}],"replies":[{"embeddable":true,"href":"https:\/\/thefeminismproject.com\/es\/wp-json\/wp\/v2\/comments?post=1042982"}],"version-history":[{"count":0,"href":"https:\/\/thefeminismproject.com\/es\/wp-json\/wp\/v2\/posts\/1042982\/revisions"}],"wp:featuredmedia":[{"embeddable":true,"href":"https:\/\/thefeminismproject.com\/es\/wp-json\/wp\/v2\/media\/1042788"}],"wp:attachment":[{"href":"https:\/\/thefeminismproject.com\/es\/wp-json\/wp\/v2\/media?parent=1042982"}],"wp:term":[{"taxonomy":"category","embeddable":true,"href":"https:\/\/thefeminismproject.com\/es\/wp-json\/wp\/v2\/categories?post=1042982"},{"taxonomy":"post_tag","embeddable":true,"href":"https:\/\/thefeminismproject.com\/es\/wp-json\/wp\/v2\/tags?post=1042982"}],"curies":[{"name":"wp","href":"https:\/\/api.w.org\/{rel}","templated":true}]}}