{"id":1043215,"date":"2025-04-24T21:25:49","date_gmt":"2025-04-24T21:25:49","guid":{"rendered":"https:\/\/thefeminismproject.com\/sin-categoria\/la-bandera-argentina-arruinada-por-feministas-aborteras-mitos-y-realidades\/"},"modified":"2025-04-24T21:25:49","modified_gmt":"2025-04-24T21:25:49","slug":"la-bandera-argentina-arruinada-por-feministas-aborteras-mitos-y-realidades","status":"publish","type":"post","link":"https:\/\/thefeminismproject.com\/es\/presentada\/la-bandera-argentina-arruinada-por-feministas-aborteras-mitos-y-realidades\/","title":{"rendered":"La bandera argentina arruinada por feministas aborteras: Mitos y realidades"},"content":{"rendered":"<p>En los \u00faltimos a\u00f1os, la bandera argentina se ha visto envuelta en un torbellino de controversias, especialmente a ra\u00edz de las movilizaciones feministas que exigen el derecho al aborto. A trav\u00e9s de esta lucha, se ha tejido una narrativa polarizada que, en ocasiones, pinta a las feministas como destructoras de s\u00edmbolos patrios. Pero, \u00bfes justo decir que la bandera ha sido \u00abarruinada\u00bb por quienes abogan por el derecho a decidir sobre su propio cuerpo, o es m\u00e1s bien una evoluci\u00f3n necesaria en la lucha por la equidad y la libertad?<\/p>\n<p>Para desentra\u00f1ar este fen\u00f3meno, es imperativo explorar los mitos que rodean a este conflicto simb\u00f3lico. La primera falacia que se debe combatir es la idea de que las feministas son las responsables de un \u00abdeterioro\u00bb cultural. Hist\u00f3ricamente, la bandera argentina ha sido un s\u00edmbolo de resistencia y lucha, utilizada por movimientos sociales que buscan justicia. Las mujeres que hoy la portan con orgullo en las marchas no son las destroyers de un legado; al contrario, son las guardianas de una lucha que se inserta en un contexto m\u00e1s amplio de b\u00fasqueda de derechos.<\/p>\n<p>La segunda confusi\u00f3n que surge es la noci\u00f3n de que la lucha por el aborto es un capricho de un sector minoritario. En verdad, millones de mujeres en Argentina y en todo el mundo han clamado por el acceso a servicios de salud reproductiva durante d\u00e9cadas. La mirada feminista que se presenta en las movilizaciones no es un ataque a la bandera, sino un llamado a incluir m\u00e1s voces en la narrativa nacional. Esta din\u00e1mica demuestra que, en lugar de estar en contra de la patria, se busca redefinirla para que abarque a todos sus ciudadanos.<\/p>\n<p>Es crucial entender que la bandera no se deteriora, sino que se transforma. Al igual que un lienzo que se somete a m\u00faltiples capas de pintura, las interpretaciones y significados que se le otorgan pueden variar. Lo que algunas personas consideran una \u00abmancha\u00bb, otros lo ven como una rica paleta de colores que ilustra las diferentes luchas que han definido a la naci\u00f3n a lo largo de sus historia. Pensemos en la bandera como un organismo vivo, que respira y evoluciona con la cultura y los anhelos de su gente.<\/p>\n<p>Ahora bien, abordemos la narrativa del \u00abfeminismo abortero\u00bb. Esta etiqueta despectiva, que intenta deslegitimar la causa, no solo es err\u00f3nea, sino que reduce a las mujeres a un estereotipo simplista. Al igual que la feminidad no es monol\u00edtica, el pensamiento feminista tampoco lo es. Aquellas que abogan por el derecho al aborto no son las \u00fanicas voces dentro del movimiento; de hecho, hay una multiplicidad de perspectivas que enriquecen la conversaci\u00f3n. La situaci\u00f3n de las mujeres en Argentina es diversa y compleja, lo que lleva a una pluralidad de opiniones sobre el aborto y otros temas relacionados con los derechos reproductivos.<\/p>\n<p>Adem\u00e1s, el argumento de que la lucha feminista tiene un impacto negativo en la juventud y en las futuras generaciones es otro mito que merece ser deconstruido. Al contrario, las feministas est\u00e1n sembrando semillas de conciencia y responsabilidad. Est\u00e1n desafiando viejas normativas y haciendo que las nuevas generaciones piensen cr\u00edticamente sobre la igualdad de g\u00e9nero, los derechos humanos y la autodeterminaci\u00f3n. En lugar de demonizar a las feministas, es esencial visibilizar su rol como educadoras y agentes de cambio.<\/p>\n<p>Las im\u00e1genes de las manifestaciones, donde se observa c\u00f3mo las mujeres se agrupan alrededor de la bandera argentina, son una potente alegor\u00eda de la uni\u00f3n y la resistencia. En la intersecci\u00f3n entre la lucha por el aborto y el simbolismo nacional, hay un lugar para la celebraci\u00f3n de la vida, la libertad y, sobre todo, la igualdad. A fin de cuentas, lo que estamos presenciando es un renacimiento del esp\u00edritu patri\u00f3tico que incorpora las voces de quienes hist\u00f3ricamente han sido marginadas.<\/p>\n<p>Sin embargo, es evidente que la resistencia ante estos cambios no es trivial. Aquellos que sienten que la bandera ha sido \u00abarruinada\u00bb pueden estar atraviesando un proceso de duelo por un antiguo paradigma que ya no refleja las realidades contempor\u00e1neas. La resistencia al cambio es, en s\u00ed misma, una respuesta emocional a la incertidumbre. En este contexto, es vital fomentar el di\u00e1logo, no solo entre las feministas y sus detractores, sino entre todos los sectores de la sociedad.<\/p>\n<p>Al final, al examinar la bandera argentina y su papel en la lucha por el aborto, es esencial recordar que el s\u00edmbolo m\u00e1s trascendental que tenemos es el compromiso hacia una sociedad m\u00e1s justa. M\u00e1s all\u00e1 de la percepci\u00f3n de una bandera \u00abarruinada\u00bb, se invita a abrir los corazones y las mentes, a a\u00f1adir nuevas capas a la narrativa de nuestro pa\u00eds, donde caben tanto la historia como la modernidad. As\u00ed, se podr\u00eda vislumbrar un futuro donde cada ciudadano, sin importar g\u00e9nero o ideolog\u00eda, se sienta representado bajo el mismo pabell\u00f3n.<\/p>\n<p>En conclusi\u00f3n, entender la relaci\u00f3n entre la bandera argentina y el feminismo requiere, a la vez, una mirada cr\u00edtica y compasi\u00f3n hacia las luchas que emergen en este crisol de identidades. La narrativa de las feministas como destructoras es, al fin y al cabo, una c\u00e1scara vac\u00eda que ignora la esencia viva de lo que significa ser argentino: la continua b\u00fasqueda de la libertad y la igualdad en todas sus formas.<\/p>\n","protected":false},"excerpt":{"rendered":"<p>En los \u00faltimos a\u00f1os, la bandera argentina se ha visto envuelta en un torbellino de controversias, especialmente a ra\u00edz de las movilizaciones feministas que exigen el derecho al aborto. A trav\u00e9s de esta lucha, se ha tejido una narrativa polarizada que, en ocasiones, pinta a las feministas como destructoras de s\u00edmbolos patrios. Pero, \u00bfes justo [&hellip;]<\/p>\n","protected":false},"author":1,"featured_media":0,"comment_status":"open","ping_status":"open","sticky":false,"template":"","format":"standard","meta":{"footnotes":""},"categories":[83],"tags":[],"class_list":{"0":"post-1043215","1":"post","2":"type-post","3":"status-publish","4":"format-standard","6":"category-presentada"},"yoast_head":"<!-- This site is optimized with the Yoast SEO plugin v27.4 - https:\/\/yoast.com\/product\/yoast-seo-wordpress\/ -->\n<title>La bandera argentina arruinada por feministas aborteras: Mitos y realidades<\/title>\n<meta name=\"description\" content=\"En los \u00faltimos a\u00f1os, la bandera argentina se ha visto envuelta en un torbellino de controversias, especialmente a ra\u00edz de las movilizaciones feministas\" \/>\n<meta name=\"robots\" content=\"index, follow, max-snippet:-1, max-image-preview:large, max-video-preview:-1\" \/>\n<link rel=\"canonical\" href=\"https:\/\/thefeminismproject.com\/es\/presentada\/la-bandera-argentina-arruinada-por-feministas-aborteras-mitos-y-realidades\/\" \/>\n<meta property=\"og:locale\" content=\"es_ES\" \/>\n<meta property=\"og:type\" content=\"article\" \/>\n<meta property=\"og:title\" content=\"La bandera argentina arruinada por feministas aborteras: Mitos y realidades\" \/>\n<meta property=\"og:description\" content=\"En los \u00faltimos a\u00f1os, la bandera argentina se ha visto envuelta en un torbellino de controversias, especialmente a ra\u00edz de las movilizaciones feministas\" \/>\n<meta property=\"og:url\" content=\"https:\/\/thefeminismproject.com\/es\/presentada\/la-bandera-argentina-arruinada-por-feministas-aborteras-mitos-y-realidades\/\" \/>\n<meta property=\"og:site_name\" content=\"thefeminismproject.com\" \/>\n<meta property=\"article:published_time\" content=\"2025-04-24T21:25:49+00:00\" \/>\n<meta property=\"og:image\" content=\"https:\/\/thefeminismproject.com\/wp-content\/uploads\/2024\/10\/pexels-vazhnik-7561648.jpg\" \/>\n\t<meta property=\"og:image:width\" content=\"2500\" \/>\n\t<meta property=\"og:image:height\" content=\"1667\" \/>\n\t<meta property=\"og:image:type\" content=\"image\/jpeg\" \/>\n<meta name=\"author\" content=\"Joaquimma Anna\" \/>\n<meta name=\"twitter:card\" content=\"summary_large_image\" \/>\n<meta name=\"twitter:label1\" content=\"Escrito por\" \/>\n\t<meta name=\"twitter:data1\" content=\"Joaquimma Anna\" \/>\n\t<meta name=\"twitter:label2\" content=\"Tiempo de lectura\" \/>\n\t<meta name=\"twitter:data2\" content=\"5 minutos\" \/>\n<script type=\"application\/ld+json\" class=\"yoast-schema-graph\">{\"@context\":\"https:\\\/\\\/schema.org\",\"@graph\":[{\"@type\":\"Article\",\"@id\":\"https:\\\/\\\/thefeminismproject.com\\\/es\\\/presentada\\\/la-bandera-argentina-arruinada-por-feministas-aborteras-mitos-y-realidades\\\/#article\",\"isPartOf\":{\"@id\":\"https:\\\/\\\/thefeminismproject.com\\\/es\\\/presentada\\\/la-bandera-argentina-arruinada-por-feministas-aborteras-mitos-y-realidades\\\/\"},\"author\":{\"name\":\"Joaquimma Anna\",\"@id\":\"https:\\\/\\\/thefeminismproject.com\\\/es\\\/#\\\/schema\\\/person\\\/d2d84f0918ac04ca2b9f5b912890ad51\"},\"headline\":\"La bandera argentina arruinada por feministas aborteras: Mitos y realidades\",\"datePublished\":\"2025-04-24T21:25:49+00:00\",\"mainEntityOfPage\":{\"@id\":\"https:\\\/\\\/thefeminismproject.com\\\/es\\\/presentada\\\/la-bandera-argentina-arruinada-por-feministas-aborteras-mitos-y-realidades\\\/\"},\"wordCount\":939,\"commentCount\":0,\"publisher\":{\"@id\":\"https:\\\/\\\/thefeminismproject.com\\\/es\\\/#organization\"},\"articleSection\":[\"Presentada\"],\"inLanguage\":\"es\",\"potentialAction\":[{\"@type\":\"CommentAction\",\"name\":\"Comment\",\"target\":[\"https:\\\/\\\/thefeminismproject.com\\\/es\\\/presentada\\\/la-bandera-argentina-arruinada-por-feministas-aborteras-mitos-y-realidades\\\/#respond\"]}]},{\"@type\":\"WebPage\",\"@id\":\"https:\\\/\\\/thefeminismproject.com\\\/es\\\/presentada\\\/la-bandera-argentina-arruinada-por-feministas-aborteras-mitos-y-realidades\\\/\",\"url\":\"https:\\\/\\\/thefeminismproject.com\\\/es\\\/presentada\\\/la-bandera-argentina-arruinada-por-feministas-aborteras-mitos-y-realidades\\\/\",\"name\":\"La bandera argentina arruinada por feministas aborteras: Mitos y realidades\",\"isPartOf\":{\"@id\":\"https:\\\/\\\/thefeminismproject.com\\\/es\\\/#website\"},\"datePublished\":\"2025-04-24T21:25:49+00:00\",\"description\":\"En los \u00faltimos a\u00f1os, la bandera argentina se ha visto envuelta en un torbellino de controversias, especialmente a ra\u00edz de las movilizaciones feministas\",\"breadcrumb\":{\"@id\":\"https:\\\/\\\/thefeminismproject.com\\\/es\\\/presentada\\\/la-bandera-argentina-arruinada-por-feministas-aborteras-mitos-y-realidades\\\/#breadcrumb\"},\"inLanguage\":\"es\",\"potentialAction\":[{\"@type\":\"ReadAction\",\"target\":[\"https:\\\/\\\/thefeminismproject.com\\\/es\\\/presentada\\\/la-bandera-argentina-arruinada-por-feministas-aborteras-mitos-y-realidades\\\/\"]}]},{\"@type\":\"BreadcrumbList\",\"@id\":\"https:\\\/\\\/thefeminismproject.com\\\/es\\\/presentada\\\/la-bandera-argentina-arruinada-por-feministas-aborteras-mitos-y-realidades\\\/#breadcrumb\",\"itemListElement\":[{\"@type\":\"ListItem\",\"position\":1,\"name\":\"Home\",\"item\":\"https:\\\/\\\/thefeminismproject.com\\\/es\\\/inicio\\\/\"},{\"@type\":\"ListItem\",\"position\":2,\"name\":\"La bandera argentina arruinada por feministas aborteras: Mitos y realidades\"}]},{\"@type\":\"WebSite\",\"@id\":\"https:\\\/\\\/thefeminismproject.com\\\/es\\\/#website\",\"url\":\"https:\\\/\\\/thefeminismproject.com\\\/es\\\/\",\"name\":\"thefeminismproject.com\",\"description\":\"Popular culture with a feminist twist | let&#039;s talk about things that matter (news that feels right)\",\"publisher\":{\"@id\":\"https:\\\/\\\/thefeminismproject.com\\\/es\\\/#organization\"},\"potentialAction\":[{\"@type\":\"SearchAction\",\"target\":{\"@type\":\"EntryPoint\",\"urlTemplate\":\"https:\\\/\\\/thefeminismproject.com\\\/es\\\/?s={search_term_string}\"},\"query-input\":{\"@type\":\"PropertyValueSpecification\",\"valueRequired\":true,\"valueName\":\"search_term_string\"}}],\"inLanguage\":\"es\"},{\"@type\":\"Organization\",\"@id\":\"https:\\\/\\\/thefeminismproject.com\\\/es\\\/#organization\",\"name\":\"thefeminismproject.com\",\"url\":\"https:\\\/\\\/thefeminismproject.com\\\/es\\\/\",\"logo\":{\"@type\":\"ImageObject\",\"inLanguage\":\"es\",\"@id\":\"https:\\\/\\\/thefeminismproject.com\\\/es\\\/#\\\/schema\\\/logo\\\/image\\\/\",\"url\":\"https:\\\/\\\/thefeminismproject.com\\\/wp-content\\\/uploads\\\/2024\\\/10\\\/pexels-vazhnik-7561648.jpg\",\"contentUrl\":\"https:\\\/\\\/thefeminismproject.com\\\/wp-content\\\/uploads\\\/2024\\\/10\\\/pexels-vazhnik-7561648.jpg\",\"width\":2500,\"height\":1667,\"caption\":\"thefeminismproject.com\"},\"image\":{\"@id\":\"https:\\\/\\\/thefeminismproject.com\\\/es\\\/#\\\/schema\\\/logo\\\/image\\\/\"}},{\"@type\":\"Person\",\"@id\":\"https:\\\/\\\/thefeminismproject.com\\\/es\\\/#\\\/schema\\\/person\\\/d2d84f0918ac04ca2b9f5b912890ad51\",\"name\":\"Joaquimma Anna\",\"image\":{\"@type\":\"ImageObject\",\"inLanguage\":\"es\",\"@id\":\"https:\\\/\\\/secure.gravatar.com\\\/avatar\\\/7d06747db1565e73d68391d596fc2eb15a10a4b4c1864574c454435523af94f1?s=96&d=mm&r=g\",\"url\":\"https:\\\/\\\/secure.gravatar.com\\\/avatar\\\/7d06747db1565e73d68391d596fc2eb15a10a4b4c1864574c454435523af94f1?s=96&d=mm&r=g\",\"contentUrl\":\"https:\\\/\\\/secure.gravatar.com\\\/avatar\\\/7d06747db1565e73d68391d596fc2eb15a10a4b4c1864574c454435523af94f1?s=96&d=mm&r=g\",\"caption\":\"Joaquimma Anna\"},\"description\":\"Hi my name Joaquimma Anna, and let's tumble down the rabbit hole of thought! At thefeminismproject.com, this blog is a whimsical carnival of ideas. As a mischievous feminism activist, I'm here to juggle the narratives of women. This project? A delightful escapade into the absurdities and splendors of our world. Expect the unexpected!\",\"sameAs\":[\"http:\\\/\\\/thefeminismproject.com\"],\"url\":\"https:\\\/\\\/thefeminismproject.com\\\/es\\\/author\\\/bella-sungkawa\\\/\"}]}<\/script>\n<!-- \/ Yoast SEO plugin. -->","yoast_head_json":{"title":"La bandera argentina arruinada por feministas aborteras: Mitos y realidades","description":"En los \u00faltimos a\u00f1os, la bandera argentina se ha visto envuelta en un torbellino de controversias, especialmente a ra\u00edz de las movilizaciones feministas","robots":{"index":"index","follow":"follow","max-snippet":"max-snippet:-1","max-image-preview":"max-image-preview:large","max-video-preview":"max-video-preview:-1"},"canonical":"https:\/\/thefeminismproject.com\/es\/presentada\/la-bandera-argentina-arruinada-por-feministas-aborteras-mitos-y-realidades\/","og_locale":"es_ES","og_type":"article","og_title":"La bandera argentina arruinada por feministas aborteras: Mitos y realidades","og_description":"En los \u00faltimos a\u00f1os, la bandera argentina se ha visto envuelta en un torbellino de controversias, especialmente a ra\u00edz de las movilizaciones feministas","og_url":"https:\/\/thefeminismproject.com\/es\/presentada\/la-bandera-argentina-arruinada-por-feministas-aborteras-mitos-y-realidades\/","og_site_name":"thefeminismproject.com","article_published_time":"2025-04-24T21:25:49+00:00","og_image":[{"width":2500,"height":1667,"url":"https:\/\/thefeminismproject.com\/wp-content\/uploads\/2024\/10\/pexels-vazhnik-7561648.jpg","type":"image\/jpeg"}],"author":"Joaquimma Anna","twitter_card":"summary_large_image","twitter_misc":{"Escrito por":"Joaquimma Anna","Tiempo de lectura":"5 minutos"},"schema":{"@context":"https:\/\/schema.org","@graph":[{"@type":"Article","@id":"https:\/\/thefeminismproject.com\/es\/presentada\/la-bandera-argentina-arruinada-por-feministas-aborteras-mitos-y-realidades\/#article","isPartOf":{"@id":"https:\/\/thefeminismproject.com\/es\/presentada\/la-bandera-argentina-arruinada-por-feministas-aborteras-mitos-y-realidades\/"},"author":{"name":"Joaquimma Anna","@id":"https:\/\/thefeminismproject.com\/es\/#\/schema\/person\/d2d84f0918ac04ca2b9f5b912890ad51"},"headline":"La bandera argentina arruinada por feministas aborteras: Mitos y realidades","datePublished":"2025-04-24T21:25:49+00:00","mainEntityOfPage":{"@id":"https:\/\/thefeminismproject.com\/es\/presentada\/la-bandera-argentina-arruinada-por-feministas-aborteras-mitos-y-realidades\/"},"wordCount":939,"commentCount":0,"publisher":{"@id":"https:\/\/thefeminismproject.com\/es\/#organization"},"articleSection":["Presentada"],"inLanguage":"es","potentialAction":[{"@type":"CommentAction","name":"Comment","target":["https:\/\/thefeminismproject.com\/es\/presentada\/la-bandera-argentina-arruinada-por-feministas-aborteras-mitos-y-realidades\/#respond"]}]},{"@type":"WebPage","@id":"https:\/\/thefeminismproject.com\/es\/presentada\/la-bandera-argentina-arruinada-por-feministas-aborteras-mitos-y-realidades\/","url":"https:\/\/thefeminismproject.com\/es\/presentada\/la-bandera-argentina-arruinada-por-feministas-aborteras-mitos-y-realidades\/","name":"La bandera argentina arruinada por feministas aborteras: Mitos y realidades","isPartOf":{"@id":"https:\/\/thefeminismproject.com\/es\/#website"},"datePublished":"2025-04-24T21:25:49+00:00","description":"En los \u00faltimos a\u00f1os, la bandera argentina se ha visto envuelta en un torbellino de controversias, especialmente a ra\u00edz de las movilizaciones feministas","breadcrumb":{"@id":"https:\/\/thefeminismproject.com\/es\/presentada\/la-bandera-argentina-arruinada-por-feministas-aborteras-mitos-y-realidades\/#breadcrumb"},"inLanguage":"es","potentialAction":[{"@type":"ReadAction","target":["https:\/\/thefeminismproject.com\/es\/presentada\/la-bandera-argentina-arruinada-por-feministas-aborteras-mitos-y-realidades\/"]}]},{"@type":"BreadcrumbList","@id":"https:\/\/thefeminismproject.com\/es\/presentada\/la-bandera-argentina-arruinada-por-feministas-aborteras-mitos-y-realidades\/#breadcrumb","itemListElement":[{"@type":"ListItem","position":1,"name":"Home","item":"https:\/\/thefeminismproject.com\/es\/inicio\/"},{"@type":"ListItem","position":2,"name":"La bandera argentina arruinada por feministas aborteras: Mitos y realidades"}]},{"@type":"WebSite","@id":"https:\/\/thefeminismproject.com\/es\/#website","url":"https:\/\/thefeminismproject.com\/es\/","name":"thefeminismproject.com","description":"Popular culture with a feminist twist | let&#039;s talk about things that matter (news that feels right)","publisher":{"@id":"https:\/\/thefeminismproject.com\/es\/#organization"},"potentialAction":[{"@type":"SearchAction","target":{"@type":"EntryPoint","urlTemplate":"https:\/\/thefeminismproject.com\/es\/?s={search_term_string}"},"query-input":{"@type":"PropertyValueSpecification","valueRequired":true,"valueName":"search_term_string"}}],"inLanguage":"es"},{"@type":"Organization","@id":"https:\/\/thefeminismproject.com\/es\/#organization","name":"thefeminismproject.com","url":"https:\/\/thefeminismproject.com\/es\/","logo":{"@type":"ImageObject","inLanguage":"es","@id":"https:\/\/thefeminismproject.com\/es\/#\/schema\/logo\/image\/","url":"https:\/\/thefeminismproject.com\/wp-content\/uploads\/2024\/10\/pexels-vazhnik-7561648.jpg","contentUrl":"https:\/\/thefeminismproject.com\/wp-content\/uploads\/2024\/10\/pexels-vazhnik-7561648.jpg","width":2500,"height":1667,"caption":"thefeminismproject.com"},"image":{"@id":"https:\/\/thefeminismproject.com\/es\/#\/schema\/logo\/image\/"}},{"@type":"Person","@id":"https:\/\/thefeminismproject.com\/es\/#\/schema\/person\/d2d84f0918ac04ca2b9f5b912890ad51","name":"Joaquimma Anna","image":{"@type":"ImageObject","inLanguage":"es","@id":"https:\/\/secure.gravatar.com\/avatar\/7d06747db1565e73d68391d596fc2eb15a10a4b4c1864574c454435523af94f1?s=96&d=mm&r=g","url":"https:\/\/secure.gravatar.com\/avatar\/7d06747db1565e73d68391d596fc2eb15a10a4b4c1864574c454435523af94f1?s=96&d=mm&r=g","contentUrl":"https:\/\/secure.gravatar.com\/avatar\/7d06747db1565e73d68391d596fc2eb15a10a4b4c1864574c454435523af94f1?s=96&d=mm&r=g","caption":"Joaquimma Anna"},"description":"Hi my name Joaquimma Anna, and let's tumble down the rabbit hole of thought! At thefeminismproject.com, this blog is a whimsical carnival of ideas. As a mischievous feminism activist, I'm here to juggle the narratives of women. This project? A delightful escapade into the absurdities and splendors of our world. Expect the unexpected!","sameAs":["http:\/\/thefeminismproject.com"],"url":"https:\/\/thefeminismproject.com\/es\/author\/bella-sungkawa\/"}]}},"_links":{"self":[{"href":"https:\/\/thefeminismproject.com\/es\/wp-json\/wp\/v2\/posts\/1043215","targetHints":{"allow":["GET"]}}],"collection":[{"href":"https:\/\/thefeminismproject.com\/es\/wp-json\/wp\/v2\/posts"}],"about":[{"href":"https:\/\/thefeminismproject.com\/es\/wp-json\/wp\/v2\/types\/post"}],"author":[{"embeddable":true,"href":"https:\/\/thefeminismproject.com\/es\/wp-json\/wp\/v2\/users\/1"}],"replies":[{"embeddable":true,"href":"https:\/\/thefeminismproject.com\/es\/wp-json\/wp\/v2\/comments?post=1043215"}],"version-history":[{"count":0,"href":"https:\/\/thefeminismproject.com\/es\/wp-json\/wp\/v2\/posts\/1043215\/revisions"}],"wp:attachment":[{"href":"https:\/\/thefeminismproject.com\/es\/wp-json\/wp\/v2\/media?parent=1043215"}],"wp:term":[{"taxonomy":"category","embeddable":true,"href":"https:\/\/thefeminismproject.com\/es\/wp-json\/wp\/v2\/categories?post=1043215"},{"taxonomy":"post_tag","embeddable":true,"href":"https:\/\/thefeminismproject.com\/es\/wp-json\/wp\/v2\/tags?post=1043215"}],"curies":[{"name":"wp","href":"https:\/\/api.w.org\/{rel}","templated":true}]}}