{"id":1043584,"date":"2025-04-25T10:07:26","date_gmt":"2025-04-25T10:07:26","guid":{"rendered":"https:\/\/thefeminismproject.com\/sin-categoria\/a-la-huelga-la-cancion-feminista-que-marco-generaciones\/"},"modified":"2025-04-25T10:07:26","modified_gmt":"2025-04-25T10:07:26","slug":"a-la-huelga-la-cancion-feminista-que-marco-generaciones","status":"publish","type":"post","link":"https:\/\/thefeminismproject.com\/es\/presentada\/a-la-huelga-la-cancion-feminista-que-marco-generaciones\/","title":{"rendered":"A la huelga: La canci\u00f3n feminista que marc\u00f3 generaciones"},"content":{"rendered":"<p>En un mundo repleto de melod\u00edas y ritmos que a menudo parecen dise\u00f1ados para embellecer lo insulso, una canci\u00f3n resuena como un grito de guerra. \u00abA la huelga\u00bb no es solo una pieza musical, sino un himno revolucionario que ha marcado generaciones, aglutinando bajo su influencia a mujeres valientes dispuestas a derribar muros. Desde su lanzamiento, esta en\u00e9rgica composici\u00f3n ha trascendido los l\u00edmites del simple entretenimiento, convirti\u00e9ndose en un s\u00edmbolo indeleble de la lucha feminista.<\/p>\n<p>Desde el primer acorde, la canci\u00f3n enfrenta al oyente. Es una llamada que resuena en las venas de aquellas que han experimentado en carne propia la opresi\u00f3n. La letra, cargada de un contenido significativo, evoca im\u00e1genes de resistencia y desaf\u00edo. Oponi\u00e9ndose al dolor silencioso que a menudo se espera de las mujeres, \u00abA la huelga\u00bb pone de relieve la necesidad de visibilidad, de reclamar espacio y derechos en una sociedad que intenta silenciarlas. Aqu\u00ed, la m\u00fasica sirve como detonante, un catalizador para despertar conciencias adormecidas.<\/p>\n<p>La met\u00e1fora que se despliega en esta canci\u00f3n es contundente: el acto de huelga como una reivindicaci\u00f3n del cuerpo, un espacio que ha sido hist\u00f3ricamente usurpado. Las mujeres, al un\u00edsono, se levantan, no solo para manifestarse por sus derechos laborales, sino para reclamar su ser \u00edntegro frente a una estructura patriarcal que las despoja de su autonom\u00eda. La huelga, entonces, no es solo una evasi\u00f3n del trabajo, es un acto de afirmaci\u00f3n de identidad y empoderamiento. La letra nos invita a imaginar una vida donde el silencio se rompe a trav\u00e9s de la acci\u00f3n colectiva.<\/p>\n<p>En este sentido, la canci\u00f3n se convierte en un eco de los m\u00faltiples movimientos que han surgido a lo largo de la historia. Desde las sufragistas que marcharon por el voto femenino hasta las feministas contempor\u00e1neas que luchan contra la violencia de g\u00e9nero, \u00abA la huelga\u00bb presenta un continuo acompa\u00f1amiento musical que nutre y da fuerza a todas esas voces olvidadas. La intertextualidad de la canci\u00f3n no solo honra a sus antecesoras, sino que tambi\u00e9n teje la experiencia colectiva de cada mujer que ha encontrado en sus letras una raz\u00f3n para luchar.<\/p>\n<p>Sin embargo, la esencia de esta obra va m\u00e1s all\u00e1 de su contexto hist\u00f3rico. Su inigualable atractivo radica en c\u00f3mo logra conectar emocionalmente con la audiencia. Con una melod\u00eda envolvente y una letra potente, invita a unirse a la trama de una narraci\u00f3n compartida. Cada verso se erige como una declaraci\u00f3n de intenciones, instando a las mujeres a tomar el control de sus vidas y a no conformarse con la mediocridad que les ha sido asignada. Este poder evocador se manifiesta como un mantra que rechaza la sumisi\u00f3n y celebra la valent\u00eda.<\/p>\n<p>A medida que se expande el movimiento feminista, su influencia se fortalece. \u00abA la huelga\u00bb no solo est\u00e1 presente en manifestaciones y marchas, sino que tambi\u00e9n ha encontrado su camino en la cultura popular, siendo versionada y repetida en diversos contextos. Esto demuestra que la canci\u00f3n no se limita a una forma, sino que se reinventa constantemente. Cada interpretaci\u00f3n es un reflejo de una nueva generaci\u00f3n que, a su vez, aporta su propia carga de experiencias, esperanzas y luchas.<\/p>\n<p>En el entrelazamiento de estas generaciones, es evidente que hay un hilo conductor: la resistencia. \u00abA la huelga\u00bb se convierte entonces en un puente entre el pasado y el presente, un recordatorio constante de que la lucha por la igualdad de g\u00e9nero no ha sido en vano. Cada vez que se entona, se revive la historia de las mujeres que han sacudido las estructuras injustas, reescribiendo sus narrativas a trav\u00e9s de la m\u00fasica y la protesta. Esta conexi\u00f3n \u00edntima entre el arte y la acci\u00f3n pol\u00edtica es quiz\u00e1s lo que le da a la canci\u00f3n su poder transformador.<\/p>\n<p>En conclusi\u00f3n, \u00abA la huelga\u00bb es mucho m\u00e1s que una simple canci\u00f3n; es un emblema que encapsula el esp\u00edritu indomable de las mujeres que se niegan a ser silenciadas. Cada acorde, cada palabra, se convierte en un estruendo que exige espacios, derechos y, sobre todo, un reconocimiento aut\u00e9ntico de la humanidad de las mujeres. La canci\u00f3n nos invita a no ser meras espectadoras en el escenario de la vida, sino actrices principales en nuestra propia historia. La huelga es, al fin y al cabo, una celebraci\u00f3n de nuestra existencia y resistencia. Alzamos nuestras voces, como un coro en un movimiento incesante, para decir que la lucha contin\u00faa, y en cada estrofa encontraremos la fortaleza necesaria para avanzar.<\/p>\n","protected":false},"excerpt":{"rendered":"<p>En un mundo repleto de melod\u00edas y ritmos que a menudo parecen dise\u00f1ados para embellecer lo insulso, una canci\u00f3n resuena como un grito de guerra. \u00abA la huelga\u00bb no es solo una pieza musical, sino un himno revolucionario que ha marcado generaciones, aglutinando bajo su influencia a mujeres valientes dispuestas a derribar muros. Desde su [&hellip;]<\/p>\n","protected":false},"author":1,"featured_media":0,"comment_status":"open","ping_status":"open","sticky":false,"template":"","format":"standard","meta":{"footnotes":""},"categories":[83],"tags":[],"class_list":{"0":"post-1043584","1":"post","2":"type-post","3":"status-publish","4":"format-standard","6":"category-presentada"},"yoast_head":"<!-- This site is optimized with the Yoast SEO plugin v27.4 - https:\/\/yoast.com\/product\/yoast-seo-wordpress\/ -->\n<title>A la huelga: La canci\u00f3n feminista que marc\u00f3 generaciones<\/title>\n<meta name=\"description\" content=\"En un mundo repleto de melod\u00edas y ritmos que a menudo parecen dise\u00f1ados para embellecer lo insulso, una canci\u00f3n resuena como un grito de guerra. &quot;A la\" \/>\n<meta name=\"robots\" content=\"index, follow, max-snippet:-1, max-image-preview:large, max-video-preview:-1\" \/>\n<link rel=\"canonical\" href=\"https:\/\/thefeminismproject.com\/es\/presentada\/a-la-huelga-la-cancion-feminista-que-marco-generaciones\/\" \/>\n<meta property=\"og:locale\" content=\"es_ES\" \/>\n<meta property=\"og:type\" content=\"article\" \/>\n<meta property=\"og:title\" content=\"A la huelga: La canci\u00f3n feminista que marc\u00f3 generaciones\" \/>\n<meta property=\"og:description\" content=\"En un mundo repleto de melod\u00edas y ritmos que a menudo parecen dise\u00f1ados para embellecer lo insulso, una canci\u00f3n resuena como un grito de guerra. &quot;A la\" \/>\n<meta property=\"og:url\" content=\"https:\/\/thefeminismproject.com\/es\/presentada\/a-la-huelga-la-cancion-feminista-que-marco-generaciones\/\" \/>\n<meta property=\"og:site_name\" content=\"thefeminismproject.com\" \/>\n<meta property=\"article:published_time\" content=\"2025-04-25T10:07:26+00:00\" \/>\n<meta property=\"og:image\" content=\"https:\/\/thefeminismproject.com\/wp-content\/uploads\/2024\/10\/pexels-vazhnik-7561648.jpg\" \/>\n\t<meta property=\"og:image:width\" content=\"2500\" \/>\n\t<meta property=\"og:image:height\" content=\"1667\" \/>\n\t<meta property=\"og:image:type\" content=\"image\/jpeg\" \/>\n<meta name=\"author\" content=\"Joaquimma Anna\" \/>\n<meta name=\"twitter:card\" content=\"summary_large_image\" \/>\n<meta name=\"twitter:label1\" content=\"Escrito por\" \/>\n\t<meta name=\"twitter:data1\" content=\"Joaquimma Anna\" \/>\n\t<meta name=\"twitter:label2\" content=\"Tiempo de lectura\" \/>\n\t<meta name=\"twitter:data2\" content=\"4 minutos\" \/>\n<script type=\"application\/ld+json\" class=\"yoast-schema-graph\">{\"@context\":\"https:\\\/\\\/schema.org\",\"@graph\":[{\"@type\":\"Article\",\"@id\":\"https:\\\/\\\/thefeminismproject.com\\\/es\\\/presentada\\\/a-la-huelga-la-cancion-feminista-que-marco-generaciones\\\/#article\",\"isPartOf\":{\"@id\":\"https:\\\/\\\/thefeminismproject.com\\\/es\\\/presentada\\\/a-la-huelga-la-cancion-feminista-que-marco-generaciones\\\/\"},\"author\":{\"name\":\"Joaquimma Anna\",\"@id\":\"https:\\\/\\\/thefeminismproject.com\\\/es\\\/#\\\/schema\\\/person\\\/d2d84f0918ac04ca2b9f5b912890ad51\"},\"headline\":\"A la huelga: La canci\u00f3n feminista que marc\u00f3 generaciones\",\"datePublished\":\"2025-04-25T10:07:26+00:00\",\"mainEntityOfPage\":{\"@id\":\"https:\\\/\\\/thefeminismproject.com\\\/es\\\/presentada\\\/a-la-huelga-la-cancion-feminista-que-marco-generaciones\\\/\"},\"wordCount\":803,\"commentCount\":0,\"publisher\":{\"@id\":\"https:\\\/\\\/thefeminismproject.com\\\/es\\\/#organization\"},\"articleSection\":[\"Presentada\"],\"inLanguage\":\"es\",\"potentialAction\":[{\"@type\":\"CommentAction\",\"name\":\"Comment\",\"target\":[\"https:\\\/\\\/thefeminismproject.com\\\/es\\\/presentada\\\/a-la-huelga-la-cancion-feminista-que-marco-generaciones\\\/#respond\"]}]},{\"@type\":\"WebPage\",\"@id\":\"https:\\\/\\\/thefeminismproject.com\\\/es\\\/presentada\\\/a-la-huelga-la-cancion-feminista-que-marco-generaciones\\\/\",\"url\":\"https:\\\/\\\/thefeminismproject.com\\\/es\\\/presentada\\\/a-la-huelga-la-cancion-feminista-que-marco-generaciones\\\/\",\"name\":\"A la huelga: La canci\u00f3n feminista que marc\u00f3 generaciones\",\"isPartOf\":{\"@id\":\"https:\\\/\\\/thefeminismproject.com\\\/es\\\/#website\"},\"datePublished\":\"2025-04-25T10:07:26+00:00\",\"description\":\"En un mundo repleto de melod\u00edas y ritmos que a menudo parecen dise\u00f1ados para embellecer lo insulso, una canci\u00f3n resuena como un grito de guerra. \\\"A la\",\"breadcrumb\":{\"@id\":\"https:\\\/\\\/thefeminismproject.com\\\/es\\\/presentada\\\/a-la-huelga-la-cancion-feminista-que-marco-generaciones\\\/#breadcrumb\"},\"inLanguage\":\"es\",\"potentialAction\":[{\"@type\":\"ReadAction\",\"target\":[\"https:\\\/\\\/thefeminismproject.com\\\/es\\\/presentada\\\/a-la-huelga-la-cancion-feminista-que-marco-generaciones\\\/\"]}]},{\"@type\":\"BreadcrumbList\",\"@id\":\"https:\\\/\\\/thefeminismproject.com\\\/es\\\/presentada\\\/a-la-huelga-la-cancion-feminista-que-marco-generaciones\\\/#breadcrumb\",\"itemListElement\":[{\"@type\":\"ListItem\",\"position\":1,\"name\":\"Home\",\"item\":\"https:\\\/\\\/thefeminismproject.com\\\/es\\\/inicio\\\/\"},{\"@type\":\"ListItem\",\"position\":2,\"name\":\"A la huelga: La canci\u00f3n feminista que marc\u00f3 generaciones\"}]},{\"@type\":\"WebSite\",\"@id\":\"https:\\\/\\\/thefeminismproject.com\\\/es\\\/#website\",\"url\":\"https:\\\/\\\/thefeminismproject.com\\\/es\\\/\",\"name\":\"thefeminismproject.com\",\"description\":\"Popular culture with a feminist twist | let&#039;s talk about things that matter (news that feels right)\",\"publisher\":{\"@id\":\"https:\\\/\\\/thefeminismproject.com\\\/es\\\/#organization\"},\"potentialAction\":[{\"@type\":\"SearchAction\",\"target\":{\"@type\":\"EntryPoint\",\"urlTemplate\":\"https:\\\/\\\/thefeminismproject.com\\\/es\\\/?s={search_term_string}\"},\"query-input\":{\"@type\":\"PropertyValueSpecification\",\"valueRequired\":true,\"valueName\":\"search_term_string\"}}],\"inLanguage\":\"es\"},{\"@type\":\"Organization\",\"@id\":\"https:\\\/\\\/thefeminismproject.com\\\/es\\\/#organization\",\"name\":\"thefeminismproject.com\",\"url\":\"https:\\\/\\\/thefeminismproject.com\\\/es\\\/\",\"logo\":{\"@type\":\"ImageObject\",\"inLanguage\":\"es\",\"@id\":\"https:\\\/\\\/thefeminismproject.com\\\/es\\\/#\\\/schema\\\/logo\\\/image\\\/\",\"url\":\"https:\\\/\\\/thefeminismproject.com\\\/wp-content\\\/uploads\\\/2024\\\/10\\\/pexels-vazhnik-7561648.jpg\",\"contentUrl\":\"https:\\\/\\\/thefeminismproject.com\\\/wp-content\\\/uploads\\\/2024\\\/10\\\/pexels-vazhnik-7561648.jpg\",\"width\":2500,\"height\":1667,\"caption\":\"thefeminismproject.com\"},\"image\":{\"@id\":\"https:\\\/\\\/thefeminismproject.com\\\/es\\\/#\\\/schema\\\/logo\\\/image\\\/\"}},{\"@type\":\"Person\",\"@id\":\"https:\\\/\\\/thefeminismproject.com\\\/es\\\/#\\\/schema\\\/person\\\/d2d84f0918ac04ca2b9f5b912890ad51\",\"name\":\"Joaquimma Anna\",\"image\":{\"@type\":\"ImageObject\",\"inLanguage\":\"es\",\"@id\":\"https:\\\/\\\/secure.gravatar.com\\\/avatar\\\/7d06747db1565e73d68391d596fc2eb15a10a4b4c1864574c454435523af94f1?s=96&d=mm&r=g\",\"url\":\"https:\\\/\\\/secure.gravatar.com\\\/avatar\\\/7d06747db1565e73d68391d596fc2eb15a10a4b4c1864574c454435523af94f1?s=96&d=mm&r=g\",\"contentUrl\":\"https:\\\/\\\/secure.gravatar.com\\\/avatar\\\/7d06747db1565e73d68391d596fc2eb15a10a4b4c1864574c454435523af94f1?s=96&d=mm&r=g\",\"caption\":\"Joaquimma Anna\"},\"description\":\"Hi my name Joaquimma Anna, and let's tumble down the rabbit hole of thought! At thefeminismproject.com, this blog is a whimsical carnival of ideas. As a mischievous feminism activist, I'm here to juggle the narratives of women. This project? A delightful escapade into the absurdities and splendors of our world. Expect the unexpected!\",\"sameAs\":[\"http:\\\/\\\/thefeminismproject.com\"],\"url\":\"https:\\\/\\\/thefeminismproject.com\\\/es\\\/author\\\/bella-sungkawa\\\/\"}]}<\/script>\n<!-- \/ Yoast SEO plugin. -->","yoast_head_json":{"title":"A la huelga: La canci\u00f3n feminista que marc\u00f3 generaciones","description":"En un mundo repleto de melod\u00edas y ritmos que a menudo parecen dise\u00f1ados para embellecer lo insulso, una canci\u00f3n resuena como un grito de guerra. \"A la","robots":{"index":"index","follow":"follow","max-snippet":"max-snippet:-1","max-image-preview":"max-image-preview:large","max-video-preview":"max-video-preview:-1"},"canonical":"https:\/\/thefeminismproject.com\/es\/presentada\/a-la-huelga-la-cancion-feminista-que-marco-generaciones\/","og_locale":"es_ES","og_type":"article","og_title":"A la huelga: La canci\u00f3n feminista que marc\u00f3 generaciones","og_description":"En un mundo repleto de melod\u00edas y ritmos que a menudo parecen dise\u00f1ados para embellecer lo insulso, una canci\u00f3n resuena como un grito de guerra. \"A la","og_url":"https:\/\/thefeminismproject.com\/es\/presentada\/a-la-huelga-la-cancion-feminista-que-marco-generaciones\/","og_site_name":"thefeminismproject.com","article_published_time":"2025-04-25T10:07:26+00:00","og_image":[{"width":2500,"height":1667,"url":"https:\/\/thefeminismproject.com\/wp-content\/uploads\/2024\/10\/pexels-vazhnik-7561648.jpg","type":"image\/jpeg"}],"author":"Joaquimma Anna","twitter_card":"summary_large_image","twitter_misc":{"Escrito por":"Joaquimma Anna","Tiempo de lectura":"4 minutos"},"schema":{"@context":"https:\/\/schema.org","@graph":[{"@type":"Article","@id":"https:\/\/thefeminismproject.com\/es\/presentada\/a-la-huelga-la-cancion-feminista-que-marco-generaciones\/#article","isPartOf":{"@id":"https:\/\/thefeminismproject.com\/es\/presentada\/a-la-huelga-la-cancion-feminista-que-marco-generaciones\/"},"author":{"name":"Joaquimma Anna","@id":"https:\/\/thefeminismproject.com\/es\/#\/schema\/person\/d2d84f0918ac04ca2b9f5b912890ad51"},"headline":"A la huelga: La canci\u00f3n feminista que marc\u00f3 generaciones","datePublished":"2025-04-25T10:07:26+00:00","mainEntityOfPage":{"@id":"https:\/\/thefeminismproject.com\/es\/presentada\/a-la-huelga-la-cancion-feminista-que-marco-generaciones\/"},"wordCount":803,"commentCount":0,"publisher":{"@id":"https:\/\/thefeminismproject.com\/es\/#organization"},"articleSection":["Presentada"],"inLanguage":"es","potentialAction":[{"@type":"CommentAction","name":"Comment","target":["https:\/\/thefeminismproject.com\/es\/presentada\/a-la-huelga-la-cancion-feminista-que-marco-generaciones\/#respond"]}]},{"@type":"WebPage","@id":"https:\/\/thefeminismproject.com\/es\/presentada\/a-la-huelga-la-cancion-feminista-que-marco-generaciones\/","url":"https:\/\/thefeminismproject.com\/es\/presentada\/a-la-huelga-la-cancion-feminista-que-marco-generaciones\/","name":"A la huelga: La canci\u00f3n feminista que marc\u00f3 generaciones","isPartOf":{"@id":"https:\/\/thefeminismproject.com\/es\/#website"},"datePublished":"2025-04-25T10:07:26+00:00","description":"En un mundo repleto de melod\u00edas y ritmos que a menudo parecen dise\u00f1ados para embellecer lo insulso, una canci\u00f3n resuena como un grito de guerra. \"A la","breadcrumb":{"@id":"https:\/\/thefeminismproject.com\/es\/presentada\/a-la-huelga-la-cancion-feminista-que-marco-generaciones\/#breadcrumb"},"inLanguage":"es","potentialAction":[{"@type":"ReadAction","target":["https:\/\/thefeminismproject.com\/es\/presentada\/a-la-huelga-la-cancion-feminista-que-marco-generaciones\/"]}]},{"@type":"BreadcrumbList","@id":"https:\/\/thefeminismproject.com\/es\/presentada\/a-la-huelga-la-cancion-feminista-que-marco-generaciones\/#breadcrumb","itemListElement":[{"@type":"ListItem","position":1,"name":"Home","item":"https:\/\/thefeminismproject.com\/es\/inicio\/"},{"@type":"ListItem","position":2,"name":"A la huelga: La canci\u00f3n feminista que marc\u00f3 generaciones"}]},{"@type":"WebSite","@id":"https:\/\/thefeminismproject.com\/es\/#website","url":"https:\/\/thefeminismproject.com\/es\/","name":"thefeminismproject.com","description":"Popular culture with a feminist twist | let&#039;s talk about things that matter (news that feels right)","publisher":{"@id":"https:\/\/thefeminismproject.com\/es\/#organization"},"potentialAction":[{"@type":"SearchAction","target":{"@type":"EntryPoint","urlTemplate":"https:\/\/thefeminismproject.com\/es\/?s={search_term_string}"},"query-input":{"@type":"PropertyValueSpecification","valueRequired":true,"valueName":"search_term_string"}}],"inLanguage":"es"},{"@type":"Organization","@id":"https:\/\/thefeminismproject.com\/es\/#organization","name":"thefeminismproject.com","url":"https:\/\/thefeminismproject.com\/es\/","logo":{"@type":"ImageObject","inLanguage":"es","@id":"https:\/\/thefeminismproject.com\/es\/#\/schema\/logo\/image\/","url":"https:\/\/thefeminismproject.com\/wp-content\/uploads\/2024\/10\/pexels-vazhnik-7561648.jpg","contentUrl":"https:\/\/thefeminismproject.com\/wp-content\/uploads\/2024\/10\/pexels-vazhnik-7561648.jpg","width":2500,"height":1667,"caption":"thefeminismproject.com"},"image":{"@id":"https:\/\/thefeminismproject.com\/es\/#\/schema\/logo\/image\/"}},{"@type":"Person","@id":"https:\/\/thefeminismproject.com\/es\/#\/schema\/person\/d2d84f0918ac04ca2b9f5b912890ad51","name":"Joaquimma Anna","image":{"@type":"ImageObject","inLanguage":"es","@id":"https:\/\/secure.gravatar.com\/avatar\/7d06747db1565e73d68391d596fc2eb15a10a4b4c1864574c454435523af94f1?s=96&d=mm&r=g","url":"https:\/\/secure.gravatar.com\/avatar\/7d06747db1565e73d68391d596fc2eb15a10a4b4c1864574c454435523af94f1?s=96&d=mm&r=g","contentUrl":"https:\/\/secure.gravatar.com\/avatar\/7d06747db1565e73d68391d596fc2eb15a10a4b4c1864574c454435523af94f1?s=96&d=mm&r=g","caption":"Joaquimma Anna"},"description":"Hi my name Joaquimma Anna, and let's tumble down the rabbit hole of thought! At thefeminismproject.com, this blog is a whimsical carnival of ideas. As a mischievous feminism activist, I'm here to juggle the narratives of women. This project? A delightful escapade into the absurdities and splendors of our world. Expect the unexpected!","sameAs":["http:\/\/thefeminismproject.com"],"url":"https:\/\/thefeminismproject.com\/es\/author\/bella-sungkawa\/"}]}},"_links":{"self":[{"href":"https:\/\/thefeminismproject.com\/es\/wp-json\/wp\/v2\/posts\/1043584","targetHints":{"allow":["GET"]}}],"collection":[{"href":"https:\/\/thefeminismproject.com\/es\/wp-json\/wp\/v2\/posts"}],"about":[{"href":"https:\/\/thefeminismproject.com\/es\/wp-json\/wp\/v2\/types\/post"}],"author":[{"embeddable":true,"href":"https:\/\/thefeminismproject.com\/es\/wp-json\/wp\/v2\/users\/1"}],"replies":[{"embeddable":true,"href":"https:\/\/thefeminismproject.com\/es\/wp-json\/wp\/v2\/comments?post=1043584"}],"version-history":[{"count":0,"href":"https:\/\/thefeminismproject.com\/es\/wp-json\/wp\/v2\/posts\/1043584\/revisions"}],"wp:attachment":[{"href":"https:\/\/thefeminismproject.com\/es\/wp-json\/wp\/v2\/media?parent=1043584"}],"wp:term":[{"taxonomy":"category","embeddable":true,"href":"https:\/\/thefeminismproject.com\/es\/wp-json\/wp\/v2\/categories?post=1043584"},{"taxonomy":"post_tag","embeddable":true,"href":"https:\/\/thefeminismproject.com\/es\/wp-json\/wp\/v2\/tags?post=1043584"}],"curies":[{"name":"wp","href":"https:\/\/api.w.org\/{rel}","templated":true}]}}