{"id":1043724,"date":"2025-03-24T09:59:43","date_gmt":"2025-03-24T09:59:43","guid":{"rendered":"https:\/\/thefeminismproject.com\/sin-categoria\/los-hombres-temen-al-feminismo-explorando-una-resistencia-silenciosa\/"},"modified":"2025-03-24T09:59:43","modified_gmt":"2025-03-24T09:59:43","slug":"los-hombres-temen-al-feminismo-explorando-una-resistencia-silenciosa","status":"publish","type":"post","link":"https:\/\/thefeminismproject.com\/es\/presentada\/los-hombres-temen-al-feminismo-explorando-una-resistencia-silenciosa\/","title":{"rendered":"\u00bfLos hombres temen al feminismo? Explorando una resistencia silenciosa"},"content":{"rendered":"<p>\u00bfLos hombres temen al feminismo? Esta pregunta, inusualmente provocativa, podr\u00eda desatar una serie de reacciones vehementes y apasionadas. Pero, antes de apresurarnos a tratar de responder, es fundamental adentrarse en la intrincada psicolog\u00eda del g\u00e9nero y de las din\u00e1micas sociales que lo rodean. La noci\u00f3n de que los hombres pueden experimentar un temor al feminismo no es \u00fanicamente un lamentable clich\u00e9; es un fen\u00f3meno social digno de an\u00e1lisis. En esta exploraci\u00f3n, se plantear\u00e1n argumentos que iluminan la resistencia silenciosa que muchos hombres exhiben frente a un movimiento que, parad\u00f3jicamente, busca la igualdad y la liberaci\u00f3n para todos.<\/p>\n<p>Para abordar la cuesti\u00f3n, primero es esencial entender el contexto desde el cual emana esta supuesta &#8216;miedo&#8217;. El feminismo se presenta como una poderosa narrativa que desaf\u00eda las estructuras patriarcales tradicionales. Pero, \u00bfqu\u00e9 implicaciones tiene esto para un hombre promedio? En primer lugar, la exigencia de revisar y cuestionar su propio privilegio puede ser abrumadora. Al enfrentarse a la inc\u00f3moda realidad de que sus beneficios sociales, econ\u00f3micos y culturales se han conquistado a expensas de las mujeres, surge una posibilidad de ansiedad. Tal vez no temen al feminismo en s\u00ed, sino al espejo inc\u00f3modo que este les sostiene en frente.<\/p>\n<p>Para complicar a\u00fan m\u00e1s este entramado, consideremos la percepci\u00f3n de amenazas. A menudo, se asocia el feminismo con una especie de &#8216;toma de poder&#8217; que podr\u00eda desplazar a los hombres de posiciones de privilegio. Este miedo, con tintes casi primal, no necesariamente se traduce en una oposici\u00f3n activa contra las ideas feministas, sino que se manifiesta en formas m\u00e1s sutiles. La resistencia puede aparecer en comentarios despectivos, en la minimizaci\u00f3n del activismo o incluso en la perpetuaci\u00f3n de mitos sobre el feminismo, como la noci\u00f3n de que es un movimiento anti-hombres.<\/p>\n<p>Aqu\u00ed es donde surge un reto interesante: \u00bfes posible que la resistencia al feminismo provenga en gran medida de la incomprensi\u00f3n? La complejidad del feminismo es tal que, a menudo, se reduce a un estereotipo simplista por quienes se sienten atacados. Esto crea una brecha entre las intenciones del feminismo y la percepci\u00f3n masculina del mismo. La falta de di\u00e1logo abierto y honesto solo perpet\u00faa la ignorancia y la angustia, fomentando un ciclo vicioso en el que los hombres, en su deseo de proteger su estatus, se a\u00edslan de un discurso que necesita su participaci\u00f3n.<\/p>\n<p>Es imperativo desafiar la narrativa que sugiere que los hombres son meros observadores pasivos en el contexto del feminismo. De hecho, la inclusi\u00f3n activa de los hombres en el movimiento no solo es beneficiosa, sino esencial. La idea de que las mujeres deben luchar solas por su emancipaci\u00f3n es una falacia da\u00f1ina que ofrece poca esperanza para la armon\u00eda de g\u00e9nero. Invitar a los hombres a ser aliados en esta lucha puede contribuir a su comprensi\u00f3n del feminismo y, paradoxalmente, puede desactivar el miedo y la resistencia que muchos sienten.<\/p>\n<p>Pero no todo es tan simple. Los hombres tambi\u00e9n enfrentan sus propias formas de opresi\u00f3n dentro de un sistema patriarcal que les exige cumplir con normas r\u00edgidas de masculinidad. La cultura del macho alfa, la expectativa de ser el proveedor y la idea de que expresar vulnerabilidad es un signo de debilidad son ejemplos de c\u00f3mo el patriarcado tambi\u00e9n limita a los hombres. La liberaci\u00f3n feminista, por lo tanto, no solo busca salvar a las mujeres, sino tambi\u00e9n a los hombres de estas cadenas opresivas. Sin embargo, el cambio exige un grado de desmantelamiento de identidades profundamente arraigadas. Aqu\u00ed radica otro temor.<\/p>\n<p>Al enfrentar la autocr\u00edtica y la posibilidad de perder su identidad construida, los hombres pueden manifestar una resistencia activa. La defensa puede convertirse en un ataque disfrazado, donde en lugar de confrontar estos ansiedades, optan por aferrarse a lo que saben. Este es el fen\u00f3meno que conduce a la desconexi\u00f3n y la polarizaci\u00f3n. La renuencia a aceptar el feminismo se convierte, ir\u00f3nicamente, en una defensa de un sistema que al final los perjudica tanto como a las mujeres.<\/p>\n<p>As\u00ed, se plantea el dilema: \u00bfc\u00f3mo se puede ir m\u00e1s all\u00e1 de este ciclo frustrante? La respuesta puede residir en una educaci\u00f3n reflexiva que integre a hombres y mujeres en el proceso de aprendizaje sobre igualdad de g\u00e9nero. A trav\u00e9s de di\u00e1logos emp\u00e1ticos, la promoci\u00f3n de espacios de discusi\u00f3n inclusivos y la deconstrucci\u00f3n de la masculinidad t\u00f3xica, se pueden construir puentes entre los g\u00e9neros, disolviendo los temores y idealizando el feminismo como parte del camino hacia una sociedad m\u00e1s equitativa.<\/p>\n<p>En \u00faltima instancia, el feminismo no es un enemigo del hombre; es, m\u00e1s bien, una invitaci\u00f3n a revisitar y redefinir su rol en un mundo en constante transformaci\u00f3n. \u00bfEs posible que, en lugar de temer al feminismo, los hombres reconozcan en \u00e9l una oportunidad para redefinir su humanidad? Al aceptar que la lucha por la igualdad no es una competencia, sino un esfuerzo colectivo, el miedo se puede convertir en colaboraci\u00f3n. Un nuevo paradigma podr\u00eda surgir, donde tanto hombres como mujeres se unan no solo para cuestionar, sino para crear un futuro donde todos prosperen sin las cadenas del patriarcado. Sin duda, es una traves\u00eda desafiante, pero la historia del g\u00e9nero merece que se intente. \u00bfEst\u00e1n los hombres listos para dar el paso?<\/p>\n","protected":false},"excerpt":{"rendered":"<p>\u00bfLos hombres temen al feminismo? Esta pregunta, inusualmente provocativa, podr\u00eda desatar una serie de reacciones vehementes y apasionadas. Pero, antes de apresurarnos a tratar de responder, es fundamental adentrarse en la intrincada psicolog\u00eda del g\u00e9nero y de las din\u00e1micas sociales que lo rodean. La noci\u00f3n de que los hombres pueden experimentar un temor al feminismo [&hellip;]<\/p>\n","protected":false},"author":1,"featured_media":1043653,"comment_status":"open","ping_status":"open","sticky":false,"template":"","format":"standard","meta":{"footnotes":""},"categories":[83],"tags":[],"class_list":{"0":"post-1043724","1":"post","2":"type-post","3":"status-publish","4":"format-standard","5":"has-post-thumbnail","7":"category-presentada"},"yoast_head":"<!-- This site is optimized with the Yoast SEO plugin v27.4 - https:\/\/yoast.com\/product\/yoast-seo-wordpress\/ -->\n<title>\u00bfLos hombres temen al feminismo? Explorando una resistencia silenciosa<\/title>\n<meta name=\"description\" content=\"\u00bfLos hombres temen al feminismo? Esta pregunta, inusualmente provocativa, podr\u00eda desatar una serie de reacciones vehementes y apasionadas. Pero, antes de\" \/>\n<meta name=\"robots\" content=\"index, follow, max-snippet:-1, max-image-preview:large, max-video-preview:-1\" \/>\n<link rel=\"canonical\" href=\"https:\/\/thefeminismproject.com\/es\/presentada\/los-hombres-temen-al-feminismo-explorando-una-resistencia-silenciosa\/\" \/>\n<meta property=\"og:locale\" content=\"es_ES\" \/>\n<meta property=\"og:type\" content=\"article\" \/>\n<meta property=\"og:title\" content=\"\u00bfLos hombres temen al feminismo? Explorando una resistencia silenciosa\" \/>\n<meta property=\"og:description\" content=\"\u00bfLos hombres temen al feminismo? Esta pregunta, inusualmente provocativa, podr\u00eda desatar una serie de reacciones vehementes y apasionadas. Pero, antes de\" \/>\n<meta property=\"og:url\" content=\"https:\/\/thefeminismproject.com\/es\/presentada\/los-hombres-temen-al-feminismo-explorando-una-resistencia-silenciosa\/\" \/>\n<meta property=\"og:site_name\" content=\"thefeminismproject.com\" \/>\n<meta property=\"article:published_time\" content=\"2025-03-24T09:59:43+00:00\" \/>\n<meta property=\"og:image\" content=\"https:\/\/thefeminismproject.com\/wp-content\/uploads\/2025\/04\/111137284_gettyimages-1065171326.jpg\" \/>\n\t<meta property=\"og:image:width\" content=\"976\" \/>\n\t<meta property=\"og:image:height\" content=\"549\" \/>\n\t<meta property=\"og:image:type\" content=\"image\/jpeg\" \/>\n<meta name=\"author\" content=\"Joaquimma Anna\" \/>\n<meta name=\"twitter:card\" content=\"summary_large_image\" \/>\n<meta name=\"twitter:label1\" content=\"Escrito por\" \/>\n\t<meta name=\"twitter:data1\" content=\"Joaquimma Anna\" \/>\n\t<meta name=\"twitter:label2\" content=\"Tiempo de lectura\" \/>\n\t<meta name=\"twitter:data2\" content=\"5 minutos\" \/>\n<script type=\"application\/ld+json\" class=\"yoast-schema-graph\">{\"@context\":\"https:\\\/\\\/schema.org\",\"@graph\":[{\"@type\":\"Article\",\"@id\":\"https:\\\/\\\/thefeminismproject.com\\\/es\\\/presentada\\\/los-hombres-temen-al-feminismo-explorando-una-resistencia-silenciosa\\\/#article\",\"isPartOf\":{\"@id\":\"https:\\\/\\\/thefeminismproject.com\\\/es\\\/presentada\\\/los-hombres-temen-al-feminismo-explorando-una-resistencia-silenciosa\\\/\"},\"author\":{\"name\":\"Joaquimma Anna\",\"@id\":\"https:\\\/\\\/thefeminismproject.com\\\/es\\\/#\\\/schema\\\/person\\\/d2d84f0918ac04ca2b9f5b912890ad51\"},\"headline\":\"\u00bfLos hombres temen al feminismo? Explorando una resistencia silenciosa\",\"datePublished\":\"2025-03-24T09:59:43+00:00\",\"mainEntityOfPage\":{\"@id\":\"https:\\\/\\\/thefeminismproject.com\\\/es\\\/presentada\\\/los-hombres-temen-al-feminismo-explorando-una-resistencia-silenciosa\\\/\"},\"wordCount\":935,\"commentCount\":0,\"publisher\":{\"@id\":\"https:\\\/\\\/thefeminismproject.com\\\/es\\\/#organization\"},\"image\":{\"@id\":\"https:\\\/\\\/thefeminismproject.com\\\/es\\\/presentada\\\/los-hombres-temen-al-feminismo-explorando-una-resistencia-silenciosa\\\/#primaryimage\"},\"thumbnailUrl\":\"https:\\\/\\\/thefeminismproject.com\\\/wp-content\\\/uploads\\\/2025\\\/04\\\/111137284_gettyimages-1065171326.jpg\",\"articleSection\":[\"Presentada\"],\"inLanguage\":\"es\",\"potentialAction\":[{\"@type\":\"CommentAction\",\"name\":\"Comment\",\"target\":[\"https:\\\/\\\/thefeminismproject.com\\\/es\\\/presentada\\\/los-hombres-temen-al-feminismo-explorando-una-resistencia-silenciosa\\\/#respond\"]}]},{\"@type\":\"WebPage\",\"@id\":\"https:\\\/\\\/thefeminismproject.com\\\/es\\\/presentada\\\/los-hombres-temen-al-feminismo-explorando-una-resistencia-silenciosa\\\/\",\"url\":\"https:\\\/\\\/thefeminismproject.com\\\/es\\\/presentada\\\/los-hombres-temen-al-feminismo-explorando-una-resistencia-silenciosa\\\/\",\"name\":\"\u00bfLos hombres temen al feminismo? Explorando una resistencia silenciosa\",\"isPartOf\":{\"@id\":\"https:\\\/\\\/thefeminismproject.com\\\/es\\\/#website\"},\"primaryImageOfPage\":{\"@id\":\"https:\\\/\\\/thefeminismproject.com\\\/es\\\/presentada\\\/los-hombres-temen-al-feminismo-explorando-una-resistencia-silenciosa\\\/#primaryimage\"},\"image\":{\"@id\":\"https:\\\/\\\/thefeminismproject.com\\\/es\\\/presentada\\\/los-hombres-temen-al-feminismo-explorando-una-resistencia-silenciosa\\\/#primaryimage\"},\"thumbnailUrl\":\"https:\\\/\\\/thefeminismproject.com\\\/wp-content\\\/uploads\\\/2025\\\/04\\\/111137284_gettyimages-1065171326.jpg\",\"datePublished\":\"2025-03-24T09:59:43+00:00\",\"description\":\"\u00bfLos hombres temen al feminismo? Esta pregunta, inusualmente provocativa, podr\u00eda desatar una serie de reacciones vehementes y apasionadas. Pero, antes de\",\"breadcrumb\":{\"@id\":\"https:\\\/\\\/thefeminismproject.com\\\/es\\\/presentada\\\/los-hombres-temen-al-feminismo-explorando-una-resistencia-silenciosa\\\/#breadcrumb\"},\"inLanguage\":\"es\",\"potentialAction\":[{\"@type\":\"ReadAction\",\"target\":[\"https:\\\/\\\/thefeminismproject.com\\\/es\\\/presentada\\\/los-hombres-temen-al-feminismo-explorando-una-resistencia-silenciosa\\\/\"]}]},{\"@type\":\"ImageObject\",\"inLanguage\":\"es\",\"@id\":\"https:\\\/\\\/thefeminismproject.com\\\/es\\\/presentada\\\/los-hombres-temen-al-feminismo-explorando-una-resistencia-silenciosa\\\/#primaryimage\",\"url\":\"https:\\\/\\\/thefeminismproject.com\\\/wp-content\\\/uploads\\\/2025\\\/04\\\/111137284_gettyimages-1065171326.jpg\",\"contentUrl\":\"https:\\\/\\\/thefeminismproject.com\\\/wp-content\\\/uploads\\\/2025\\\/04\\\/111137284_gettyimages-1065171326.jpg\",\"width\":976,\"height\":549},{\"@type\":\"BreadcrumbList\",\"@id\":\"https:\\\/\\\/thefeminismproject.com\\\/es\\\/presentada\\\/los-hombres-temen-al-feminismo-explorando-una-resistencia-silenciosa\\\/#breadcrumb\",\"itemListElement\":[{\"@type\":\"ListItem\",\"position\":1,\"name\":\"Home\",\"item\":\"https:\\\/\\\/thefeminismproject.com\\\/es\\\/inicio\\\/\"},{\"@type\":\"ListItem\",\"position\":2,\"name\":\"\u00bfLos hombres temen al feminismo? Explorando una resistencia silenciosa\"}]},{\"@type\":\"WebSite\",\"@id\":\"https:\\\/\\\/thefeminismproject.com\\\/es\\\/#website\",\"url\":\"https:\\\/\\\/thefeminismproject.com\\\/es\\\/\",\"name\":\"thefeminismproject.com\",\"description\":\"Popular culture with a feminist twist | let&#039;s talk about things that matter (news that feels right)\",\"publisher\":{\"@id\":\"https:\\\/\\\/thefeminismproject.com\\\/es\\\/#organization\"},\"potentialAction\":[{\"@type\":\"SearchAction\",\"target\":{\"@type\":\"EntryPoint\",\"urlTemplate\":\"https:\\\/\\\/thefeminismproject.com\\\/es\\\/?s={search_term_string}\"},\"query-input\":{\"@type\":\"PropertyValueSpecification\",\"valueRequired\":true,\"valueName\":\"search_term_string\"}}],\"inLanguage\":\"es\"},{\"@type\":\"Organization\",\"@id\":\"https:\\\/\\\/thefeminismproject.com\\\/es\\\/#organization\",\"name\":\"thefeminismproject.com\",\"url\":\"https:\\\/\\\/thefeminismproject.com\\\/es\\\/\",\"logo\":{\"@type\":\"ImageObject\",\"inLanguage\":\"es\",\"@id\":\"https:\\\/\\\/thefeminismproject.com\\\/es\\\/#\\\/schema\\\/logo\\\/image\\\/\",\"url\":\"https:\\\/\\\/thefeminismproject.com\\\/wp-content\\\/uploads\\\/2024\\\/10\\\/pexels-vazhnik-7561648.jpg\",\"contentUrl\":\"https:\\\/\\\/thefeminismproject.com\\\/wp-content\\\/uploads\\\/2024\\\/10\\\/pexels-vazhnik-7561648.jpg\",\"width\":2500,\"height\":1667,\"caption\":\"thefeminismproject.com\"},\"image\":{\"@id\":\"https:\\\/\\\/thefeminismproject.com\\\/es\\\/#\\\/schema\\\/logo\\\/image\\\/\"}},{\"@type\":\"Person\",\"@id\":\"https:\\\/\\\/thefeminismproject.com\\\/es\\\/#\\\/schema\\\/person\\\/d2d84f0918ac04ca2b9f5b912890ad51\",\"name\":\"Joaquimma Anna\",\"image\":{\"@type\":\"ImageObject\",\"inLanguage\":\"es\",\"@id\":\"https:\\\/\\\/secure.gravatar.com\\\/avatar\\\/7d06747db1565e73d68391d596fc2eb15a10a4b4c1864574c454435523af94f1?s=96&d=mm&r=g\",\"url\":\"https:\\\/\\\/secure.gravatar.com\\\/avatar\\\/7d06747db1565e73d68391d596fc2eb15a10a4b4c1864574c454435523af94f1?s=96&d=mm&r=g\",\"contentUrl\":\"https:\\\/\\\/secure.gravatar.com\\\/avatar\\\/7d06747db1565e73d68391d596fc2eb15a10a4b4c1864574c454435523af94f1?s=96&d=mm&r=g\",\"caption\":\"Joaquimma Anna\"},\"description\":\"Hi my name Joaquimma Anna, and let's tumble down the rabbit hole of thought! At thefeminismproject.com, this blog is a whimsical carnival of ideas. As a mischievous feminism activist, I'm here to juggle the narratives of women. This project? A delightful escapade into the absurdities and splendors of our world. Expect the unexpected!\",\"sameAs\":[\"http:\\\/\\\/thefeminismproject.com\"],\"url\":\"https:\\\/\\\/thefeminismproject.com\\\/es\\\/author\\\/bella-sungkawa\\\/\"}]}<\/script>\n<!-- \/ Yoast SEO plugin. -->","yoast_head_json":{"title":"\u00bfLos hombres temen al feminismo? Explorando una resistencia silenciosa","description":"\u00bfLos hombres temen al feminismo? Esta pregunta, inusualmente provocativa, podr\u00eda desatar una serie de reacciones vehementes y apasionadas. Pero, antes de","robots":{"index":"index","follow":"follow","max-snippet":"max-snippet:-1","max-image-preview":"max-image-preview:large","max-video-preview":"max-video-preview:-1"},"canonical":"https:\/\/thefeminismproject.com\/es\/presentada\/los-hombres-temen-al-feminismo-explorando-una-resistencia-silenciosa\/","og_locale":"es_ES","og_type":"article","og_title":"\u00bfLos hombres temen al feminismo? Explorando una resistencia silenciosa","og_description":"\u00bfLos hombres temen al feminismo? Esta pregunta, inusualmente provocativa, podr\u00eda desatar una serie de reacciones vehementes y apasionadas. Pero, antes de","og_url":"https:\/\/thefeminismproject.com\/es\/presentada\/los-hombres-temen-al-feminismo-explorando-una-resistencia-silenciosa\/","og_site_name":"thefeminismproject.com","article_published_time":"2025-03-24T09:59:43+00:00","og_image":[{"width":976,"height":549,"url":"https:\/\/thefeminismproject.com\/wp-content\/uploads\/2025\/04\/111137284_gettyimages-1065171326.jpg","type":"image\/jpeg"}],"author":"Joaquimma Anna","twitter_card":"summary_large_image","twitter_misc":{"Escrito por":"Joaquimma Anna","Tiempo de lectura":"5 minutos"},"schema":{"@context":"https:\/\/schema.org","@graph":[{"@type":"Article","@id":"https:\/\/thefeminismproject.com\/es\/presentada\/los-hombres-temen-al-feminismo-explorando-una-resistencia-silenciosa\/#article","isPartOf":{"@id":"https:\/\/thefeminismproject.com\/es\/presentada\/los-hombres-temen-al-feminismo-explorando-una-resistencia-silenciosa\/"},"author":{"name":"Joaquimma Anna","@id":"https:\/\/thefeminismproject.com\/es\/#\/schema\/person\/d2d84f0918ac04ca2b9f5b912890ad51"},"headline":"\u00bfLos hombres temen al feminismo? Explorando una resistencia silenciosa","datePublished":"2025-03-24T09:59:43+00:00","mainEntityOfPage":{"@id":"https:\/\/thefeminismproject.com\/es\/presentada\/los-hombres-temen-al-feminismo-explorando-una-resistencia-silenciosa\/"},"wordCount":935,"commentCount":0,"publisher":{"@id":"https:\/\/thefeminismproject.com\/es\/#organization"},"image":{"@id":"https:\/\/thefeminismproject.com\/es\/presentada\/los-hombres-temen-al-feminismo-explorando-una-resistencia-silenciosa\/#primaryimage"},"thumbnailUrl":"https:\/\/thefeminismproject.com\/wp-content\/uploads\/2025\/04\/111137284_gettyimages-1065171326.jpg","articleSection":["Presentada"],"inLanguage":"es","potentialAction":[{"@type":"CommentAction","name":"Comment","target":["https:\/\/thefeminismproject.com\/es\/presentada\/los-hombres-temen-al-feminismo-explorando-una-resistencia-silenciosa\/#respond"]}]},{"@type":"WebPage","@id":"https:\/\/thefeminismproject.com\/es\/presentada\/los-hombres-temen-al-feminismo-explorando-una-resistencia-silenciosa\/","url":"https:\/\/thefeminismproject.com\/es\/presentada\/los-hombres-temen-al-feminismo-explorando-una-resistencia-silenciosa\/","name":"\u00bfLos hombres temen al feminismo? Explorando una resistencia silenciosa","isPartOf":{"@id":"https:\/\/thefeminismproject.com\/es\/#website"},"primaryImageOfPage":{"@id":"https:\/\/thefeminismproject.com\/es\/presentada\/los-hombres-temen-al-feminismo-explorando-una-resistencia-silenciosa\/#primaryimage"},"image":{"@id":"https:\/\/thefeminismproject.com\/es\/presentada\/los-hombres-temen-al-feminismo-explorando-una-resistencia-silenciosa\/#primaryimage"},"thumbnailUrl":"https:\/\/thefeminismproject.com\/wp-content\/uploads\/2025\/04\/111137284_gettyimages-1065171326.jpg","datePublished":"2025-03-24T09:59:43+00:00","description":"\u00bfLos hombres temen al feminismo? Esta pregunta, inusualmente provocativa, podr\u00eda desatar una serie de reacciones vehementes y apasionadas. Pero, antes de","breadcrumb":{"@id":"https:\/\/thefeminismproject.com\/es\/presentada\/los-hombres-temen-al-feminismo-explorando-una-resistencia-silenciosa\/#breadcrumb"},"inLanguage":"es","potentialAction":[{"@type":"ReadAction","target":["https:\/\/thefeminismproject.com\/es\/presentada\/los-hombres-temen-al-feminismo-explorando-una-resistencia-silenciosa\/"]}]},{"@type":"ImageObject","inLanguage":"es","@id":"https:\/\/thefeminismproject.com\/es\/presentada\/los-hombres-temen-al-feminismo-explorando-una-resistencia-silenciosa\/#primaryimage","url":"https:\/\/thefeminismproject.com\/wp-content\/uploads\/2025\/04\/111137284_gettyimages-1065171326.jpg","contentUrl":"https:\/\/thefeminismproject.com\/wp-content\/uploads\/2025\/04\/111137284_gettyimages-1065171326.jpg","width":976,"height":549},{"@type":"BreadcrumbList","@id":"https:\/\/thefeminismproject.com\/es\/presentada\/los-hombres-temen-al-feminismo-explorando-una-resistencia-silenciosa\/#breadcrumb","itemListElement":[{"@type":"ListItem","position":1,"name":"Home","item":"https:\/\/thefeminismproject.com\/es\/inicio\/"},{"@type":"ListItem","position":2,"name":"\u00bfLos hombres temen al feminismo? Explorando una resistencia silenciosa"}]},{"@type":"WebSite","@id":"https:\/\/thefeminismproject.com\/es\/#website","url":"https:\/\/thefeminismproject.com\/es\/","name":"thefeminismproject.com","description":"Popular culture with a feminist twist | let&#039;s talk about things that matter (news that feels right)","publisher":{"@id":"https:\/\/thefeminismproject.com\/es\/#organization"},"potentialAction":[{"@type":"SearchAction","target":{"@type":"EntryPoint","urlTemplate":"https:\/\/thefeminismproject.com\/es\/?s={search_term_string}"},"query-input":{"@type":"PropertyValueSpecification","valueRequired":true,"valueName":"search_term_string"}}],"inLanguage":"es"},{"@type":"Organization","@id":"https:\/\/thefeminismproject.com\/es\/#organization","name":"thefeminismproject.com","url":"https:\/\/thefeminismproject.com\/es\/","logo":{"@type":"ImageObject","inLanguage":"es","@id":"https:\/\/thefeminismproject.com\/es\/#\/schema\/logo\/image\/","url":"https:\/\/thefeminismproject.com\/wp-content\/uploads\/2024\/10\/pexels-vazhnik-7561648.jpg","contentUrl":"https:\/\/thefeminismproject.com\/wp-content\/uploads\/2024\/10\/pexels-vazhnik-7561648.jpg","width":2500,"height":1667,"caption":"thefeminismproject.com"},"image":{"@id":"https:\/\/thefeminismproject.com\/es\/#\/schema\/logo\/image\/"}},{"@type":"Person","@id":"https:\/\/thefeminismproject.com\/es\/#\/schema\/person\/d2d84f0918ac04ca2b9f5b912890ad51","name":"Joaquimma Anna","image":{"@type":"ImageObject","inLanguage":"es","@id":"https:\/\/secure.gravatar.com\/avatar\/7d06747db1565e73d68391d596fc2eb15a10a4b4c1864574c454435523af94f1?s=96&d=mm&r=g","url":"https:\/\/secure.gravatar.com\/avatar\/7d06747db1565e73d68391d596fc2eb15a10a4b4c1864574c454435523af94f1?s=96&d=mm&r=g","contentUrl":"https:\/\/secure.gravatar.com\/avatar\/7d06747db1565e73d68391d596fc2eb15a10a4b4c1864574c454435523af94f1?s=96&d=mm&r=g","caption":"Joaquimma Anna"},"description":"Hi my name Joaquimma Anna, and let's tumble down the rabbit hole of thought! At thefeminismproject.com, this blog is a whimsical carnival of ideas. As a mischievous feminism activist, I'm here to juggle the narratives of women. This project? A delightful escapade into the absurdities and splendors of our world. Expect the unexpected!","sameAs":["http:\/\/thefeminismproject.com"],"url":"https:\/\/thefeminismproject.com\/es\/author\/bella-sungkawa\/"}]}},"_links":{"self":[{"href":"https:\/\/thefeminismproject.com\/es\/wp-json\/wp\/v2\/posts\/1043724","targetHints":{"allow":["GET"]}}],"collection":[{"href":"https:\/\/thefeminismproject.com\/es\/wp-json\/wp\/v2\/posts"}],"about":[{"href":"https:\/\/thefeminismproject.com\/es\/wp-json\/wp\/v2\/types\/post"}],"author":[{"embeddable":true,"href":"https:\/\/thefeminismproject.com\/es\/wp-json\/wp\/v2\/users\/1"}],"replies":[{"embeddable":true,"href":"https:\/\/thefeminismproject.com\/es\/wp-json\/wp\/v2\/comments?post=1043724"}],"version-history":[{"count":0,"href":"https:\/\/thefeminismproject.com\/es\/wp-json\/wp\/v2\/posts\/1043724\/revisions"}],"wp:featuredmedia":[{"embeddable":true,"href":"https:\/\/thefeminismproject.com\/es\/wp-json\/wp\/v2\/media\/1043653"}],"wp:attachment":[{"href":"https:\/\/thefeminismproject.com\/es\/wp-json\/wp\/v2\/media?parent=1043724"}],"wp:term":[{"taxonomy":"category","embeddable":true,"href":"https:\/\/thefeminismproject.com\/es\/wp-json\/wp\/v2\/categories?post=1043724"},{"taxonomy":"post_tag","embeddable":true,"href":"https:\/\/thefeminismproject.com\/es\/wp-json\/wp\/v2\/tags?post=1043724"}],"curies":[{"name":"wp","href":"https:\/\/api.w.org\/{rel}","templated":true}]}}