{"id":1044407,"date":"2025-03-20T10:25:39","date_gmt":"2025-03-20T10:25:39","guid":{"rendered":"https:\/\/thefeminismproject.com\/sin-categoria\/a-que-corriente-feminista-pertenece-silvia-federici-historia-y-pensamiento\/"},"modified":"2025-03-20T10:25:39","modified_gmt":"2025-03-20T10:25:39","slug":"a-que-corriente-feminista-pertenece-silvia-federici-historia-y-pensamiento","status":"publish","type":"post","link":"https:\/\/thefeminismproject.com\/es\/presentada\/a-que-corriente-feminista-pertenece-silvia-federici-historia-y-pensamiento\/","title":{"rendered":"\u00bfA qu\u00e9 corriente feminista pertenece Silvia Federici? Historia y pensamiento"},"content":{"rendered":"<p>Silvia Federici, una figura emblem\u00e1tica del feminismo contempor\u00e1neo, es conocida por su trabajo profundamente arraigado en la cr\u00edtica al capitalismo y su relaci\u00f3n con la reproducci\u00f3n social. Su pensamiento se entrelaza con la corrientes del feminismo radical y el feminismo materialista, pero, m\u00e1s all\u00e1 de una simple clasificaci\u00f3n, ofrece un an\u00e1lisis penetrante que desaf\u00eda las concepciones tradicionales del trabajo, el cuerpo y la vida cotidiana.<\/p>\n<p>Federici es una de las exponentes m\u00e1s notables de la corriente feminista que reconoce el valor del trabajo reproductivo, es decir, aquel trabajo no remunerado que sostiene la vida y la econom\u00eda. Este enfoque se inscribe dentro del feminismo materialista cuyas ra\u00edces se hunden en las teor\u00edas de autores como Marx, pero que han sido f\u00e9minamente reinterpretadas para arrebatar el feminismo de las garras del liberalismo y el individualismo que a menudo lo minan.<\/p>\n<p>Su obra m\u00e1s reconocida, \u00abEl patriarcado del salario\u00bb, publicada en el 2004, es un manifiesto que vincula la lucha feminista con la lucha de clases. Pero, \u00bfqu\u00e9 significa esto en la pr\u00e1ctica? Federici arguye que el capitalismo no puede funcionar sin el trabajo gratuito de las mujeres, el cual es esencial para la reproducci\u00f3n de la fuerza laboral. En este sentido, desaf\u00eda la narraci\u00f3n hegem\u00f3nica que minimiza o ignora la importancia del trabajo dom\u00e9stico y de cuidados, visibilizando la explotaci\u00f3n intr\u00ednseca del patriarcado.<\/p>\n<p>Otro punto cr\u00edtico en el pensamiento de Federici es la intersecci\u00f3n de la violencia de g\u00e9nero y la violencia del capital. En sus escritos, ella nos incita a reflexionar sobre c\u00f3mo el sistema econ\u00f3mico ha institucionalizado formas de violencia que perpet\u00faan la opresi\u00f3n. La explotaci\u00f3n laboral de las mujeres, la cosificaci\u00f3n de sus cuerpos y la negaci\u00f3n de sus derechos son temas recurrentes en su trabajo. Esto nos lleva a la conclusi\u00f3n de que el feminismo debe ser, ante todo, anticapitalista; una perspectiva que muchos temen afrontar debido a la arraigada ideolog\u00eda neoliberal que permea nuestras vidas.<\/p>\n<p>La obra de Federici no solo es provocativa, sino que tambi\u00e9n invita a una profunda reevaluaci\u00f3n de nuestras prioridades. \u00bfPor qu\u00e9 la lucha feminista no ha logrado articular un conflicto significativo contra el sistema capitalista? Federici nos desaf\u00eda a entender que la emancipaci\u00f3n de las mujeres y la justicia social son inseparables. Dominar la narrativa del trabajo reproductivo no es un lujo, sino una necesidad apremiante en el contexto actual, donde las crisis econ\u00f3micas y las guerras apenas ocultan la perpetuaci\u00f3n de la explotaci\u00f3n.<\/p>\n<p>La fascinaci\u00f3n por Federici se extiende m\u00e1s all\u00e1 de sus posturas te\u00f3ricas. Su biograf\u00eda, marcada por el activismo en movimientos como el \u00abComit\u00e9 de Mujeres de la Ciudad de Nueva York\u00bb y su participaci\u00f3n en la \u00abRed Internacional de Activistas Feministas\u00bb, otorgan a su obra una dimensi\u00f3n experimental y real. Ella no solo teoriz\u00f3; vivi\u00f3 y luch\u00f3. Esta vivencia otorga a su pensamiento una autenticidad y relevancia que resuena en las redes feministas contempor\u00e1neas.<\/p>\n<p>Adem\u00e1s, su conceptuaci\u00f3n del \u00abtrabajo de cuidados\u00bb ha abierto un cap\u00edtulo fundamental en el discurso feminista. Con el auge del neoliberalismo, el trabajo de cuidados ha sido relegado, invisibilizado y, en muchos casos, mercantilizado. Sin embargo, Federici sostiene que este trabajo es la base misma de la econom\u00eda. Sin \u00e9l, sin la dedicaci\u00f3n invisibile a la crianza, la salud y el bienestar, el sistema se desmoronar\u00eda. Aqu\u00ed reside la virtud de su cr\u00edtica: al visibilizar el trabajo que las mujeres realizan, se invita a un replanteamiento radical de la econom\u00eda misma.<\/p>\n<p>\u00bfPero a qu\u00e9 costo? Ser feminista hoy implica un reconocimiento inc\u00f3modo de que el cambio no es solo posible, sino absolutamente necesario. La \u00e9poca actual demanda un movimiento que no solo abogue por la igualdad de g\u00e9nero, sino que desmonte las estructuras de poder que perpet\u00faan la opresi\u00f3n de todas las minor\u00edas y que, a su vez, gu\u00edan a la humanidad hacia una crisis existencial. Federici, con su enfoque provocador y su compromiso inquebrantable, se convierte en la pilar sobre la que construir este nuevo futuro.<\/p>\n<p>Finalmente, al considerar a Silvia Federici, uno no puede evitar reconocer su profunda influencia en el feminismo contempor\u00e1neo. Su trabajo ha servido como un faro, guiando a nuevas generaciones en la intersecci\u00f3n del feminismo y la lucha de clases. La capacidad de sus ideas para incitar a la acci\u00f3n y al cambio radical es un testimonio de su relevancia y de la urgencia de su mensaje. Para aquellos que est\u00e1n dispuestos a desafiar la norma, Federici ofrece tanto un mapa como un p\u00falpito desde donde elevar la voz contra la injusticia. Su legado no es solo te\u00f3rico; es un llamado a la resistencia y a la revoluci\u00f3n que, en la actualidad, sigue resonando con fuerza.<\/p>\n","protected":false},"excerpt":{"rendered":"<p>Silvia Federici, una figura emblem\u00e1tica del feminismo contempor\u00e1neo, es conocida por su trabajo profundamente arraigado en la cr\u00edtica al capitalismo y su relaci\u00f3n con la reproducci\u00f3n social. Su pensamiento se entrelaza con la corrientes del feminismo radical y el feminismo materialista, pero, m\u00e1s all\u00e1 de una simple clasificaci\u00f3n, ofrece un an\u00e1lisis penetrante que desaf\u00eda las [&hellip;]<\/p>\n","protected":false},"author":1,"featured_media":1044408,"comment_status":"open","ping_status":"open","sticky":false,"template":"","format":"standard","meta":{"footnotes":""},"categories":[83],"tags":[],"class_list":{"0":"post-1044407","1":"post","2":"type-post","3":"status-publish","4":"format-standard","5":"has-post-thumbnail","7":"category-presentada"},"yoast_head":"<!-- This site is optimized with the Yoast SEO plugin v27.4 - https:\/\/yoast.com\/product\/yoast-seo-wordpress\/ -->\n<title>\u00bfA qu\u00e9 corriente feminista pertenece Silvia Federici? Historia y pensamiento<\/title>\n<meta name=\"description\" content=\"Silvia Federici, una figura emblem\u00e1tica del feminismo contempor\u00e1neo, es conocida por su trabajo profundamente arraigado en la cr\u00edtica al capitalismo y su\" \/>\n<meta name=\"robots\" content=\"index, follow, max-snippet:-1, max-image-preview:large, max-video-preview:-1\" \/>\n<link rel=\"canonical\" href=\"https:\/\/thefeminismproject.com\/es\/presentada\/a-que-corriente-feminista-pertenece-silvia-federici-historia-y-pensamiento\/\" \/>\n<meta property=\"og:locale\" content=\"es_ES\" \/>\n<meta property=\"og:type\" content=\"article\" \/>\n<meta property=\"og:title\" content=\"\u00bfA qu\u00e9 corriente feminista pertenece Silvia Federici? Historia y pensamiento\" \/>\n<meta property=\"og:description\" content=\"Silvia Federici, una figura emblem\u00e1tica del feminismo contempor\u00e1neo, es conocida por su trabajo profundamente arraigado en la cr\u00edtica al capitalismo y su\" \/>\n<meta property=\"og:url\" content=\"https:\/\/thefeminismproject.com\/es\/presentada\/a-que-corriente-feminista-pertenece-silvia-federici-historia-y-pensamiento\/\" \/>\n<meta property=\"og:site_name\" content=\"thefeminismproject.com\" \/>\n<meta property=\"article:published_time\" content=\"2025-03-20T10:25:39+00:00\" \/>\n<meta property=\"og:image\" content=\"https:\/\/thefeminismproject.com\/wp-content\/uploads\/2025\/05\/Silvia-Federici_banner-web.jpg\" \/>\n\t<meta property=\"og:image:width\" content=\"1600\" \/>\n\t<meta property=\"og:image:height\" content=\"915\" \/>\n\t<meta property=\"og:image:type\" content=\"image\/jpeg\" \/>\n<meta name=\"author\" content=\"Joaquimma Anna\" \/>\n<meta name=\"twitter:card\" content=\"summary_large_image\" \/>\n<meta name=\"twitter:label1\" content=\"Escrito por\" \/>\n\t<meta name=\"twitter:data1\" content=\"Joaquimma Anna\" \/>\n\t<meta name=\"twitter:label2\" content=\"Tiempo de lectura\" \/>\n\t<meta name=\"twitter:data2\" content=\"4 minutos\" \/>\n<script type=\"application\/ld+json\" class=\"yoast-schema-graph\">{\"@context\":\"https:\\\/\\\/schema.org\",\"@graph\":[{\"@type\":\"Article\",\"@id\":\"https:\\\/\\\/thefeminismproject.com\\\/es\\\/presentada\\\/a-que-corriente-feminista-pertenece-silvia-federici-historia-y-pensamiento\\\/#article\",\"isPartOf\":{\"@id\":\"https:\\\/\\\/thefeminismproject.com\\\/es\\\/presentada\\\/a-que-corriente-feminista-pertenece-silvia-federici-historia-y-pensamiento\\\/\"},\"author\":{\"name\":\"Joaquimma Anna\",\"@id\":\"https:\\\/\\\/thefeminismproject.com\\\/es\\\/#\\\/schema\\\/person\\\/d2d84f0918ac04ca2b9f5b912890ad51\"},\"headline\":\"\u00bfA qu\u00e9 corriente feminista pertenece Silvia Federici? Historia y pensamiento\",\"datePublished\":\"2025-03-20T10:25:39+00:00\",\"mainEntityOfPage\":{\"@id\":\"https:\\\/\\\/thefeminismproject.com\\\/es\\\/presentada\\\/a-que-corriente-feminista-pertenece-silvia-federici-historia-y-pensamiento\\\/\"},\"wordCount\":848,\"commentCount\":0,\"publisher\":{\"@id\":\"https:\\\/\\\/thefeminismproject.com\\\/es\\\/#organization\"},\"image\":{\"@id\":\"https:\\\/\\\/thefeminismproject.com\\\/es\\\/presentada\\\/a-que-corriente-feminista-pertenece-silvia-federici-historia-y-pensamiento\\\/#primaryimage\"},\"thumbnailUrl\":\"https:\\\/\\\/thefeminismproject.com\\\/wp-content\\\/uploads\\\/2025\\\/05\\\/Silvia-Federici_banner-web.jpg\",\"articleSection\":[\"Presentada\"],\"inLanguage\":\"es\",\"potentialAction\":[{\"@type\":\"CommentAction\",\"name\":\"Comment\",\"target\":[\"https:\\\/\\\/thefeminismproject.com\\\/es\\\/presentada\\\/a-que-corriente-feminista-pertenece-silvia-federici-historia-y-pensamiento\\\/#respond\"]}]},{\"@type\":\"WebPage\",\"@id\":\"https:\\\/\\\/thefeminismproject.com\\\/es\\\/presentada\\\/a-que-corriente-feminista-pertenece-silvia-federici-historia-y-pensamiento\\\/\",\"url\":\"https:\\\/\\\/thefeminismproject.com\\\/es\\\/presentada\\\/a-que-corriente-feminista-pertenece-silvia-federici-historia-y-pensamiento\\\/\",\"name\":\"\u00bfA qu\u00e9 corriente feminista pertenece Silvia Federici? Historia y pensamiento\",\"isPartOf\":{\"@id\":\"https:\\\/\\\/thefeminismproject.com\\\/es\\\/#website\"},\"primaryImageOfPage\":{\"@id\":\"https:\\\/\\\/thefeminismproject.com\\\/es\\\/presentada\\\/a-que-corriente-feminista-pertenece-silvia-federici-historia-y-pensamiento\\\/#primaryimage\"},\"image\":{\"@id\":\"https:\\\/\\\/thefeminismproject.com\\\/es\\\/presentada\\\/a-que-corriente-feminista-pertenece-silvia-federici-historia-y-pensamiento\\\/#primaryimage\"},\"thumbnailUrl\":\"https:\\\/\\\/thefeminismproject.com\\\/wp-content\\\/uploads\\\/2025\\\/05\\\/Silvia-Federici_banner-web.jpg\",\"datePublished\":\"2025-03-20T10:25:39+00:00\",\"description\":\"Silvia Federici, una figura emblem\u00e1tica del feminismo contempor\u00e1neo, es conocida por su trabajo profundamente arraigado en la cr\u00edtica al capitalismo y su\",\"breadcrumb\":{\"@id\":\"https:\\\/\\\/thefeminismproject.com\\\/es\\\/presentada\\\/a-que-corriente-feminista-pertenece-silvia-federici-historia-y-pensamiento\\\/#breadcrumb\"},\"inLanguage\":\"es\",\"potentialAction\":[{\"@type\":\"ReadAction\",\"target\":[\"https:\\\/\\\/thefeminismproject.com\\\/es\\\/presentada\\\/a-que-corriente-feminista-pertenece-silvia-federici-historia-y-pensamiento\\\/\"]}]},{\"@type\":\"ImageObject\",\"inLanguage\":\"es\",\"@id\":\"https:\\\/\\\/thefeminismproject.com\\\/es\\\/presentada\\\/a-que-corriente-feminista-pertenece-silvia-federici-historia-y-pensamiento\\\/#primaryimage\",\"url\":\"https:\\\/\\\/thefeminismproject.com\\\/wp-content\\\/uploads\\\/2025\\\/05\\\/Silvia-Federici_banner-web.jpg\",\"contentUrl\":\"https:\\\/\\\/thefeminismproject.com\\\/wp-content\\\/uploads\\\/2025\\\/05\\\/Silvia-Federici_banner-web.jpg\",\"width\":1600,\"height\":915},{\"@type\":\"BreadcrumbList\",\"@id\":\"https:\\\/\\\/thefeminismproject.com\\\/es\\\/presentada\\\/a-que-corriente-feminista-pertenece-silvia-federici-historia-y-pensamiento\\\/#breadcrumb\",\"itemListElement\":[{\"@type\":\"ListItem\",\"position\":1,\"name\":\"Home\",\"item\":\"https:\\\/\\\/thefeminismproject.com\\\/es\\\/inicio\\\/\"},{\"@type\":\"ListItem\",\"position\":2,\"name\":\"\u00bfA qu\u00e9 corriente feminista pertenece Silvia Federici? Historia y pensamiento\"}]},{\"@type\":\"WebSite\",\"@id\":\"https:\\\/\\\/thefeminismproject.com\\\/es\\\/#website\",\"url\":\"https:\\\/\\\/thefeminismproject.com\\\/es\\\/\",\"name\":\"thefeminismproject.com\",\"description\":\"Popular culture with a feminist twist | let&#039;s talk about things that matter (news that feels right)\",\"publisher\":{\"@id\":\"https:\\\/\\\/thefeminismproject.com\\\/es\\\/#organization\"},\"potentialAction\":[{\"@type\":\"SearchAction\",\"target\":{\"@type\":\"EntryPoint\",\"urlTemplate\":\"https:\\\/\\\/thefeminismproject.com\\\/es\\\/?s={search_term_string}\"},\"query-input\":{\"@type\":\"PropertyValueSpecification\",\"valueRequired\":true,\"valueName\":\"search_term_string\"}}],\"inLanguage\":\"es\"},{\"@type\":\"Organization\",\"@id\":\"https:\\\/\\\/thefeminismproject.com\\\/es\\\/#organization\",\"name\":\"thefeminismproject.com\",\"url\":\"https:\\\/\\\/thefeminismproject.com\\\/es\\\/\",\"logo\":{\"@type\":\"ImageObject\",\"inLanguage\":\"es\",\"@id\":\"https:\\\/\\\/thefeminismproject.com\\\/es\\\/#\\\/schema\\\/logo\\\/image\\\/\",\"url\":\"https:\\\/\\\/thefeminismproject.com\\\/wp-content\\\/uploads\\\/2024\\\/10\\\/pexels-vazhnik-7561648.jpg\",\"contentUrl\":\"https:\\\/\\\/thefeminismproject.com\\\/wp-content\\\/uploads\\\/2024\\\/10\\\/pexels-vazhnik-7561648.jpg\",\"width\":2500,\"height\":1667,\"caption\":\"thefeminismproject.com\"},\"image\":{\"@id\":\"https:\\\/\\\/thefeminismproject.com\\\/es\\\/#\\\/schema\\\/logo\\\/image\\\/\"}},{\"@type\":\"Person\",\"@id\":\"https:\\\/\\\/thefeminismproject.com\\\/es\\\/#\\\/schema\\\/person\\\/d2d84f0918ac04ca2b9f5b912890ad51\",\"name\":\"Joaquimma Anna\",\"image\":{\"@type\":\"ImageObject\",\"inLanguage\":\"es\",\"@id\":\"https:\\\/\\\/secure.gravatar.com\\\/avatar\\\/7d06747db1565e73d68391d596fc2eb15a10a4b4c1864574c454435523af94f1?s=96&d=mm&r=g\",\"url\":\"https:\\\/\\\/secure.gravatar.com\\\/avatar\\\/7d06747db1565e73d68391d596fc2eb15a10a4b4c1864574c454435523af94f1?s=96&d=mm&r=g\",\"contentUrl\":\"https:\\\/\\\/secure.gravatar.com\\\/avatar\\\/7d06747db1565e73d68391d596fc2eb15a10a4b4c1864574c454435523af94f1?s=96&d=mm&r=g\",\"caption\":\"Joaquimma Anna\"},\"description\":\"Hi my name Joaquimma Anna, and let's tumble down the rabbit hole of thought! At thefeminismproject.com, this blog is a whimsical carnival of ideas. As a mischievous feminism activist, I'm here to juggle the narratives of women. This project? A delightful escapade into the absurdities and splendors of our world. Expect the unexpected!\",\"sameAs\":[\"http:\\\/\\\/thefeminismproject.com\"],\"url\":\"https:\\\/\\\/thefeminismproject.com\\\/es\\\/author\\\/bella-sungkawa\\\/\"}]}<\/script>\n<!-- \/ Yoast SEO plugin. -->","yoast_head_json":{"title":"\u00bfA qu\u00e9 corriente feminista pertenece Silvia Federici? Historia y pensamiento","description":"Silvia Federici, una figura emblem\u00e1tica del feminismo contempor\u00e1neo, es conocida por su trabajo profundamente arraigado en la cr\u00edtica al capitalismo y su","robots":{"index":"index","follow":"follow","max-snippet":"max-snippet:-1","max-image-preview":"max-image-preview:large","max-video-preview":"max-video-preview:-1"},"canonical":"https:\/\/thefeminismproject.com\/es\/presentada\/a-que-corriente-feminista-pertenece-silvia-federici-historia-y-pensamiento\/","og_locale":"es_ES","og_type":"article","og_title":"\u00bfA qu\u00e9 corriente feminista pertenece Silvia Federici? Historia y pensamiento","og_description":"Silvia Federici, una figura emblem\u00e1tica del feminismo contempor\u00e1neo, es conocida por su trabajo profundamente arraigado en la cr\u00edtica al capitalismo y su","og_url":"https:\/\/thefeminismproject.com\/es\/presentada\/a-que-corriente-feminista-pertenece-silvia-federici-historia-y-pensamiento\/","og_site_name":"thefeminismproject.com","article_published_time":"2025-03-20T10:25:39+00:00","og_image":[{"width":1600,"height":915,"url":"https:\/\/thefeminismproject.com\/wp-content\/uploads\/2025\/05\/Silvia-Federici_banner-web.jpg","type":"image\/jpeg"}],"author":"Joaquimma Anna","twitter_card":"summary_large_image","twitter_misc":{"Escrito por":"Joaquimma Anna","Tiempo de lectura":"4 minutos"},"schema":{"@context":"https:\/\/schema.org","@graph":[{"@type":"Article","@id":"https:\/\/thefeminismproject.com\/es\/presentada\/a-que-corriente-feminista-pertenece-silvia-federici-historia-y-pensamiento\/#article","isPartOf":{"@id":"https:\/\/thefeminismproject.com\/es\/presentada\/a-que-corriente-feminista-pertenece-silvia-federici-historia-y-pensamiento\/"},"author":{"name":"Joaquimma Anna","@id":"https:\/\/thefeminismproject.com\/es\/#\/schema\/person\/d2d84f0918ac04ca2b9f5b912890ad51"},"headline":"\u00bfA qu\u00e9 corriente feminista pertenece Silvia Federici? Historia y pensamiento","datePublished":"2025-03-20T10:25:39+00:00","mainEntityOfPage":{"@id":"https:\/\/thefeminismproject.com\/es\/presentada\/a-que-corriente-feminista-pertenece-silvia-federici-historia-y-pensamiento\/"},"wordCount":848,"commentCount":0,"publisher":{"@id":"https:\/\/thefeminismproject.com\/es\/#organization"},"image":{"@id":"https:\/\/thefeminismproject.com\/es\/presentada\/a-que-corriente-feminista-pertenece-silvia-federici-historia-y-pensamiento\/#primaryimage"},"thumbnailUrl":"https:\/\/thefeminismproject.com\/wp-content\/uploads\/2025\/05\/Silvia-Federici_banner-web.jpg","articleSection":["Presentada"],"inLanguage":"es","potentialAction":[{"@type":"CommentAction","name":"Comment","target":["https:\/\/thefeminismproject.com\/es\/presentada\/a-que-corriente-feminista-pertenece-silvia-federici-historia-y-pensamiento\/#respond"]}]},{"@type":"WebPage","@id":"https:\/\/thefeminismproject.com\/es\/presentada\/a-que-corriente-feminista-pertenece-silvia-federici-historia-y-pensamiento\/","url":"https:\/\/thefeminismproject.com\/es\/presentada\/a-que-corriente-feminista-pertenece-silvia-federici-historia-y-pensamiento\/","name":"\u00bfA qu\u00e9 corriente feminista pertenece Silvia Federici? Historia y pensamiento","isPartOf":{"@id":"https:\/\/thefeminismproject.com\/es\/#website"},"primaryImageOfPage":{"@id":"https:\/\/thefeminismproject.com\/es\/presentada\/a-que-corriente-feminista-pertenece-silvia-federici-historia-y-pensamiento\/#primaryimage"},"image":{"@id":"https:\/\/thefeminismproject.com\/es\/presentada\/a-que-corriente-feminista-pertenece-silvia-federici-historia-y-pensamiento\/#primaryimage"},"thumbnailUrl":"https:\/\/thefeminismproject.com\/wp-content\/uploads\/2025\/05\/Silvia-Federici_banner-web.jpg","datePublished":"2025-03-20T10:25:39+00:00","description":"Silvia Federici, una figura emblem\u00e1tica del feminismo contempor\u00e1neo, es conocida por su trabajo profundamente arraigado en la cr\u00edtica al capitalismo y su","breadcrumb":{"@id":"https:\/\/thefeminismproject.com\/es\/presentada\/a-que-corriente-feminista-pertenece-silvia-federici-historia-y-pensamiento\/#breadcrumb"},"inLanguage":"es","potentialAction":[{"@type":"ReadAction","target":["https:\/\/thefeminismproject.com\/es\/presentada\/a-que-corriente-feminista-pertenece-silvia-federici-historia-y-pensamiento\/"]}]},{"@type":"ImageObject","inLanguage":"es","@id":"https:\/\/thefeminismproject.com\/es\/presentada\/a-que-corriente-feminista-pertenece-silvia-federici-historia-y-pensamiento\/#primaryimage","url":"https:\/\/thefeminismproject.com\/wp-content\/uploads\/2025\/05\/Silvia-Federici_banner-web.jpg","contentUrl":"https:\/\/thefeminismproject.com\/wp-content\/uploads\/2025\/05\/Silvia-Federici_banner-web.jpg","width":1600,"height":915},{"@type":"BreadcrumbList","@id":"https:\/\/thefeminismproject.com\/es\/presentada\/a-que-corriente-feminista-pertenece-silvia-federici-historia-y-pensamiento\/#breadcrumb","itemListElement":[{"@type":"ListItem","position":1,"name":"Home","item":"https:\/\/thefeminismproject.com\/es\/inicio\/"},{"@type":"ListItem","position":2,"name":"\u00bfA qu\u00e9 corriente feminista pertenece Silvia Federici? Historia y pensamiento"}]},{"@type":"WebSite","@id":"https:\/\/thefeminismproject.com\/es\/#website","url":"https:\/\/thefeminismproject.com\/es\/","name":"thefeminismproject.com","description":"Popular culture with a feminist twist | let&#039;s talk about things that matter (news that feels right)","publisher":{"@id":"https:\/\/thefeminismproject.com\/es\/#organization"},"potentialAction":[{"@type":"SearchAction","target":{"@type":"EntryPoint","urlTemplate":"https:\/\/thefeminismproject.com\/es\/?s={search_term_string}"},"query-input":{"@type":"PropertyValueSpecification","valueRequired":true,"valueName":"search_term_string"}}],"inLanguage":"es"},{"@type":"Organization","@id":"https:\/\/thefeminismproject.com\/es\/#organization","name":"thefeminismproject.com","url":"https:\/\/thefeminismproject.com\/es\/","logo":{"@type":"ImageObject","inLanguage":"es","@id":"https:\/\/thefeminismproject.com\/es\/#\/schema\/logo\/image\/","url":"https:\/\/thefeminismproject.com\/wp-content\/uploads\/2024\/10\/pexels-vazhnik-7561648.jpg","contentUrl":"https:\/\/thefeminismproject.com\/wp-content\/uploads\/2024\/10\/pexels-vazhnik-7561648.jpg","width":2500,"height":1667,"caption":"thefeminismproject.com"},"image":{"@id":"https:\/\/thefeminismproject.com\/es\/#\/schema\/logo\/image\/"}},{"@type":"Person","@id":"https:\/\/thefeminismproject.com\/es\/#\/schema\/person\/d2d84f0918ac04ca2b9f5b912890ad51","name":"Joaquimma Anna","image":{"@type":"ImageObject","inLanguage":"es","@id":"https:\/\/secure.gravatar.com\/avatar\/7d06747db1565e73d68391d596fc2eb15a10a4b4c1864574c454435523af94f1?s=96&d=mm&r=g","url":"https:\/\/secure.gravatar.com\/avatar\/7d06747db1565e73d68391d596fc2eb15a10a4b4c1864574c454435523af94f1?s=96&d=mm&r=g","contentUrl":"https:\/\/secure.gravatar.com\/avatar\/7d06747db1565e73d68391d596fc2eb15a10a4b4c1864574c454435523af94f1?s=96&d=mm&r=g","caption":"Joaquimma Anna"},"description":"Hi my name Joaquimma Anna, and let's tumble down the rabbit hole of thought! At thefeminismproject.com, this blog is a whimsical carnival of ideas. As a mischievous feminism activist, I'm here to juggle the narratives of women. This project? A delightful escapade into the absurdities and splendors of our world. Expect the unexpected!","sameAs":["http:\/\/thefeminismproject.com"],"url":"https:\/\/thefeminismproject.com\/es\/author\/bella-sungkawa\/"}]}},"_links":{"self":[{"href":"https:\/\/thefeminismproject.com\/es\/wp-json\/wp\/v2\/posts\/1044407","targetHints":{"allow":["GET"]}}],"collection":[{"href":"https:\/\/thefeminismproject.com\/es\/wp-json\/wp\/v2\/posts"}],"about":[{"href":"https:\/\/thefeminismproject.com\/es\/wp-json\/wp\/v2\/types\/post"}],"author":[{"embeddable":true,"href":"https:\/\/thefeminismproject.com\/es\/wp-json\/wp\/v2\/users\/1"}],"replies":[{"embeddable":true,"href":"https:\/\/thefeminismproject.com\/es\/wp-json\/wp\/v2\/comments?post=1044407"}],"version-history":[{"count":0,"href":"https:\/\/thefeminismproject.com\/es\/wp-json\/wp\/v2\/posts\/1044407\/revisions"}],"wp:featuredmedia":[{"embeddable":true,"href":"https:\/\/thefeminismproject.com\/es\/wp-json\/wp\/v2\/media\/1044408"}],"wp:attachment":[{"href":"https:\/\/thefeminismproject.com\/es\/wp-json\/wp\/v2\/media?parent=1044407"}],"wp:term":[{"taxonomy":"category","embeddable":true,"href":"https:\/\/thefeminismproject.com\/es\/wp-json\/wp\/v2\/categories?post=1044407"},{"taxonomy":"post_tag","embeddable":true,"href":"https:\/\/thefeminismproject.com\/es\/wp-json\/wp\/v2\/tags?post=1044407"}],"curies":[{"name":"wp","href":"https:\/\/api.w.org\/{rel}","templated":true}]}}