{"id":1044533,"date":"2025-03-16T15:14:39","date_gmt":"2025-03-16T15:14:39","guid":{"rendered":"https:\/\/thefeminismproject.com\/sin-categoria\/a-quien-votar-el-28-de-abril-como-feminista-opciones-que-defienden-la-igualdad\/"},"modified":"2025-03-16T15:14:39","modified_gmt":"2025-03-16T15:14:39","slug":"a-quien-votar-el-28-de-abril-como-feminista-opciones-que-defienden-la-igualdad","status":"publish","type":"post","link":"https:\/\/thefeminismproject.com\/es\/presentada\/a-quien-votar-el-28-de-abril-como-feminista-opciones-que-defienden-la-igualdad\/","title":{"rendered":"\u00bfA qui\u00e9n votar el 28 de abril como feminista? Opciones que defienden la igualdad"},"content":{"rendered":"<p>El 28 de abril se avecina, y con ello la responsabilidad ineludible de participar en un ejercicio democr\u00e1tico crucial: las elecciones. Como feministas, enfrentamos un dilema: \u00bfa qui\u00e9n votar? No solo se trata de elegir un candidato, sino de decidir qui\u00e9nes realmente apuestan por nuestro espacio, nuestras libertades y nuestros derechos. En un contexto donde la igualdad de g\u00e9nero sigue siendo una utop\u00eda distante, es imperativo circunscribir nuestra elecci\u00f3n a aquellos que se comprometen genuinamente con la defensa de la igualdad.<\/p>\n<p>En primer lugar, es fundamental reconocer que la pol\u00edtica es un \u00e1mbito tradicionalmente dominado por hombres. Las estructuras de poder han invisibilizado a las mujeres, y las violentas din\u00e1micas patriarcales han relegado nuestras voces a un segundo plano. As\u00ed, cuando nos dirigimos a las urnas, debemos tener absoluta claridad sobre cu\u00e1les candidatos se distancian del legado  de exclusi\u00f3n que ha plagado nuestra historia.<\/p>\n<p>Las propuestas pol\u00edticas deben ser evaluadas rigurosamente. No podemos dejarnos seducir por meras promesas electorales o por discursos vac\u00edos que buscan apelar a la emoci\u00f3n sin sustancia. La historia de la lucha feminista ha evidenciado que las palabras, por s\u00ed solas, no bastan. Necesitamos acciones concretas y pol\u00edticas p\u00fablicas que fragmenten los muros de desigualdad. Un candidato que genuinamente defienda la igualdad de g\u00e9nero no solo lo dir\u00e1, lo mostrar\u00e1 en su trayectoria. Por eso es esencial profundizar en la biograf\u00eda de los postulantes, sus logros y su capacidad de accionar en favor de pol\u00edticas inclusivas.<\/p>\n<p>Asimismo, es recomendable observar el equipo que rodea a cada candidato. \u00bfEst\u00e1 constituido por un grupo diverso que incluya a mujeres en posiciones de liderazgo? \u00bfSe han mostrado emp\u00e1ticos con las problem\u00e1ticas que nos afectan como mujeres? Las decisiones se toman en colectivo, y la presencia femenina en el entramado de un partido pol\u00edtico suele ser un indicador de su disposici\u00f3n para afrontar los desaf\u00edos que implican la lucha por la igualdad.<\/p>\n<p>Nunca podemos olvidar las voces de las mujeres que han antepuesto su bienestar por el del colectivo. Abogadas, activistas y acad\u00e9micas han delineado sentencias que nos han aportado claridad respecto a la urgencia de nuestras demandas. Es vital preguntarnos, entonces, qu\u00e9 piensan estas referentes sobre los postulantes. \u00bfHan encontrado en ellos un eco a sus exigencias? Las feministas deben estar atentas a las valoraciones de quienes han peleado en las trincheras de la igualdad, y usar estas apreciaciones como br\u00fajula en su proceso electoral.<\/p>\n<p>La violencia de g\u00e9nero es un tema crucial que debe considerarse cuando emitimos nuestro voto. La mayor\u00eda de los partidos han lanzado discursos sobre esta problem\u00e1tica, pero pocos han concretado acciones efectivas para erradicarla. \u00bfQu\u00e9 propuestas existen para proteger a las mujeres en situaciones de vulnerabilidad? Un candidato que ignora la dimensi\u00f3n de la violencia estructural no merece nuestro apoyo. Debemos interrogarnos: \u00bfcu\u00e1l ha sido su postura ante casos de feminicidio? \u00bfSe han comprometido a garantizar justicia para las v\u00edctimas? Un compromiso aut\u00e9ntico con la eliminaci\u00f3n de la violencia hacia la mujer debe ser condici\u00f3n sine qua non para respaldar candidaturas.<\/p>\n<p>Adicionalmente, debemos valorar el enfoque educativo de los candidatos. \u00bfPromueven la educaci\u00f3n en derechos humanos y g\u00e9nero desde una edad temprana? Un cambio cultural es necesario para erradicar los estereotipos que perpet\u00faan la desigualdad y la violencia. La educaci\u00f3n es el motor del cambio. Por lo tanto, un candidato que proponga reformas educativas que incluyan una perspectiva de g\u00e9nero es un signo esperanzador que no podemos dejar de lado.<\/p>\n<p>Es f\u00e1cil perderse en la mara\u00f1a de opciones que se presentan. La pol\u00edtica, con su irremediable carga de intereses, puede parecer confusa, pero no debemos desalentarnos. Siempre habr\u00e1 quienes intenten manipular la narrativa feminista para satisfacer sus propios fines. Mantengamos un criterio cr\u00edtico. Investiguemos y analicemos las posturas. Realizar preguntas incisivas y demandar respuestas concretas es fundamental para discernir la autenticidad de las intenciones.<\/p>\n<p>La interseccionalidad es otro concepto clave que debe guiarnos en nuestra elecci\u00f3n. No todas las mujeres vivimos la desigualdad de la misma manera. Las mujeres de diversas etnias, clases sociales, orientaciones sexuales y contextos econ\u00f3micos enfrentan desaf\u00edos \u00fanicos. \u00bfLos candidatos han demostrado una sensibilidad real hacia las experiencias de todas las mujeres? Un enfoque interseccional es esencial para que nuestras demandas no queden encapsuladas en un discurso monol\u00edtico, sino que reconozcan la pluralidad de nuestras luchas.<\/p>\n<p>Finalmente, debemos comprometernos con nuestra comunidad. La lucha por la igualdad de g\u00e9nero es colectiva. Estrecharnos las manos, dialogar y organizarnos en esta jornada electoral ser\u00e1 el mejor ant\u00eddoto contra la desilusi\u00f3n. Cada voto es un grito. Un grito de esperanza, de resistencia y de reivindicaci\u00f3n. Que el 28 de abril no sea un d\u00eda m\u00e1s. Que sea el d\u00eda que, como feministas, decidimos alzar nuestra voz en las urnas. \u00bfPor qui\u00e9n votaremos? La respuesta est\u00e1 en nuestras manos. Pensemos cr\u00edticamente y elijamos a quienes verdaderamente se comprometen con la equidad. Es nuestro momento, y no dejaremos que nos lo arrebaten.<\/p>\n","protected":false},"excerpt":{"rendered":"<p>El 28 de abril se avecina, y con ello la responsabilidad ineludible de participar en un ejercicio democr\u00e1tico crucial: las elecciones. Como feministas, enfrentamos un dilema: \u00bfa qui\u00e9n votar? No solo se trata de elegir un candidato, sino de decidir qui\u00e9nes realmente apuestan por nuestro espacio, nuestras libertades y nuestros derechos. En un contexto donde [&hellip;]<\/p>\n","protected":false},"author":1,"featured_media":1044534,"comment_status":"open","ping_status":"open","sticky":false,"template":"","format":"standard","meta":{"footnotes":""},"categories":[83],"tags":[],"class_list":{"0":"post-1044533","1":"post","2":"type-post","3":"status-publish","4":"format-standard","5":"has-post-thumbnail","7":"category-presentada"},"yoast_head":"<!-- This site is optimized with the Yoast SEO plugin v27.4 - https:\/\/yoast.com\/product\/yoast-seo-wordpress\/ -->\n<title>\u00bfA qui\u00e9n votar el 28 de abril como feminista? Opciones que defienden la igualdad<\/title>\n<meta name=\"description\" content=\"El 28 de abril se avecina, y con ello la responsabilidad ineludible de participar en un ejercicio democr\u00e1tico crucial: las elecciones. Como feministas,\" \/>\n<meta name=\"robots\" content=\"index, follow, max-snippet:-1, max-image-preview:large, max-video-preview:-1\" \/>\n<link rel=\"canonical\" href=\"https:\/\/thefeminismproject.com\/es\/presentada\/a-quien-votar-el-28-de-abril-como-feminista-opciones-que-defienden-la-igualdad\/\" \/>\n<meta property=\"og:locale\" content=\"es_ES\" \/>\n<meta property=\"og:type\" content=\"article\" \/>\n<meta property=\"og:title\" content=\"\u00bfA qui\u00e9n votar el 28 de abril como feminista? Opciones que defienden la igualdad\" \/>\n<meta property=\"og:description\" content=\"El 28 de abril se avecina, y con ello la responsabilidad ineludible de participar en un ejercicio democr\u00e1tico crucial: las elecciones. Como feministas,\" \/>\n<meta property=\"og:url\" content=\"https:\/\/thefeminismproject.com\/es\/presentada\/a-quien-votar-el-28-de-abril-como-feminista-opciones-que-defienden-la-igualdad\/\" \/>\n<meta property=\"og:site_name\" content=\"thefeminismproject.com\" \/>\n<meta property=\"article:published_time\" content=\"2025-03-16T15:14:39+00:00\" \/>\n<meta property=\"og:image\" content=\"https:\/\/thefeminismproject.com\/wp-content\/uploads\/2025\/05\/Voto-Femenino-17-MEX-portada.png\" \/>\n\t<meta property=\"og:image:width\" content=\"1170\" \/>\n\t<meta property=\"og:image:height\" content=\"600\" \/>\n\t<meta property=\"og:image:type\" content=\"image\/png\" \/>\n<meta name=\"author\" content=\"Joaquimma Anna\" \/>\n<meta name=\"twitter:card\" content=\"summary_large_image\" \/>\n<meta name=\"twitter:label1\" content=\"Escrito por\" \/>\n\t<meta name=\"twitter:data1\" content=\"Joaquimma Anna\" \/>\n\t<meta name=\"twitter:label2\" content=\"Tiempo de lectura\" \/>\n\t<meta name=\"twitter:data2\" content=\"4 minutos\" \/>\n<script type=\"application\/ld+json\" class=\"yoast-schema-graph\">{\"@context\":\"https:\\\/\\\/schema.org\",\"@graph\":[{\"@type\":\"Article\",\"@id\":\"https:\\\/\\\/thefeminismproject.com\\\/es\\\/presentada\\\/a-quien-votar-el-28-de-abril-como-feminista-opciones-que-defienden-la-igualdad\\\/#article\",\"isPartOf\":{\"@id\":\"https:\\\/\\\/thefeminismproject.com\\\/es\\\/presentada\\\/a-quien-votar-el-28-de-abril-como-feminista-opciones-que-defienden-la-igualdad\\\/\"},\"author\":{\"name\":\"Joaquimma Anna\",\"@id\":\"https:\\\/\\\/thefeminismproject.com\\\/es\\\/#\\\/schema\\\/person\\\/d2d84f0918ac04ca2b9f5b912890ad51\"},\"headline\":\"\u00bfA qui\u00e9n votar el 28 de abril como feminista? Opciones que defienden la igualdad\",\"datePublished\":\"2025-03-16T15:14:39+00:00\",\"mainEntityOfPage\":{\"@id\":\"https:\\\/\\\/thefeminismproject.com\\\/es\\\/presentada\\\/a-quien-votar-el-28-de-abril-como-feminista-opciones-que-defienden-la-igualdad\\\/\"},\"wordCount\":875,\"commentCount\":0,\"publisher\":{\"@id\":\"https:\\\/\\\/thefeminismproject.com\\\/es\\\/#organization\"},\"image\":{\"@id\":\"https:\\\/\\\/thefeminismproject.com\\\/es\\\/presentada\\\/a-quien-votar-el-28-de-abril-como-feminista-opciones-que-defienden-la-igualdad\\\/#primaryimage\"},\"thumbnailUrl\":\"https:\\\/\\\/thefeminismproject.com\\\/wp-content\\\/uploads\\\/2025\\\/05\\\/Voto-Femenino-17-MEX-portada.png\",\"articleSection\":[\"Presentada\"],\"inLanguage\":\"es\",\"potentialAction\":[{\"@type\":\"CommentAction\",\"name\":\"Comment\",\"target\":[\"https:\\\/\\\/thefeminismproject.com\\\/es\\\/presentada\\\/a-quien-votar-el-28-de-abril-como-feminista-opciones-que-defienden-la-igualdad\\\/#respond\"]}]},{\"@type\":\"WebPage\",\"@id\":\"https:\\\/\\\/thefeminismproject.com\\\/es\\\/presentada\\\/a-quien-votar-el-28-de-abril-como-feminista-opciones-que-defienden-la-igualdad\\\/\",\"url\":\"https:\\\/\\\/thefeminismproject.com\\\/es\\\/presentada\\\/a-quien-votar-el-28-de-abril-como-feminista-opciones-que-defienden-la-igualdad\\\/\",\"name\":\"\u00bfA qui\u00e9n votar el 28 de abril como feminista? Opciones que defienden la igualdad\",\"isPartOf\":{\"@id\":\"https:\\\/\\\/thefeminismproject.com\\\/es\\\/#website\"},\"primaryImageOfPage\":{\"@id\":\"https:\\\/\\\/thefeminismproject.com\\\/es\\\/presentada\\\/a-quien-votar-el-28-de-abril-como-feminista-opciones-que-defienden-la-igualdad\\\/#primaryimage\"},\"image\":{\"@id\":\"https:\\\/\\\/thefeminismproject.com\\\/es\\\/presentada\\\/a-quien-votar-el-28-de-abril-como-feminista-opciones-que-defienden-la-igualdad\\\/#primaryimage\"},\"thumbnailUrl\":\"https:\\\/\\\/thefeminismproject.com\\\/wp-content\\\/uploads\\\/2025\\\/05\\\/Voto-Femenino-17-MEX-portada.png\",\"datePublished\":\"2025-03-16T15:14:39+00:00\",\"description\":\"El 28 de abril se avecina, y con ello la responsabilidad ineludible de participar en un ejercicio democr\u00e1tico crucial: las elecciones. Como feministas,\",\"breadcrumb\":{\"@id\":\"https:\\\/\\\/thefeminismproject.com\\\/es\\\/presentada\\\/a-quien-votar-el-28-de-abril-como-feminista-opciones-que-defienden-la-igualdad\\\/#breadcrumb\"},\"inLanguage\":\"es\",\"potentialAction\":[{\"@type\":\"ReadAction\",\"target\":[\"https:\\\/\\\/thefeminismproject.com\\\/es\\\/presentada\\\/a-quien-votar-el-28-de-abril-como-feminista-opciones-que-defienden-la-igualdad\\\/\"]}]},{\"@type\":\"ImageObject\",\"inLanguage\":\"es\",\"@id\":\"https:\\\/\\\/thefeminismproject.com\\\/es\\\/presentada\\\/a-quien-votar-el-28-de-abril-como-feminista-opciones-que-defienden-la-igualdad\\\/#primaryimage\",\"url\":\"https:\\\/\\\/thefeminismproject.com\\\/wp-content\\\/uploads\\\/2025\\\/05\\\/Voto-Femenino-17-MEX-portada.png\",\"contentUrl\":\"https:\\\/\\\/thefeminismproject.com\\\/wp-content\\\/uploads\\\/2025\\\/05\\\/Voto-Femenino-17-MEX-portada.png\",\"width\":1170,\"height\":600},{\"@type\":\"BreadcrumbList\",\"@id\":\"https:\\\/\\\/thefeminismproject.com\\\/es\\\/presentada\\\/a-quien-votar-el-28-de-abril-como-feminista-opciones-que-defienden-la-igualdad\\\/#breadcrumb\",\"itemListElement\":[{\"@type\":\"ListItem\",\"position\":1,\"name\":\"Home\",\"item\":\"https:\\\/\\\/thefeminismproject.com\\\/es\\\/inicio\\\/\"},{\"@type\":\"ListItem\",\"position\":2,\"name\":\"\u00bfA qui\u00e9n votar el 28 de abril como feminista? Opciones que defienden la igualdad\"}]},{\"@type\":\"WebSite\",\"@id\":\"https:\\\/\\\/thefeminismproject.com\\\/es\\\/#website\",\"url\":\"https:\\\/\\\/thefeminismproject.com\\\/es\\\/\",\"name\":\"thefeminismproject.com\",\"description\":\"Popular culture with a feminist twist | let&#039;s talk about things that matter (news that feels right)\",\"publisher\":{\"@id\":\"https:\\\/\\\/thefeminismproject.com\\\/es\\\/#organization\"},\"potentialAction\":[{\"@type\":\"SearchAction\",\"target\":{\"@type\":\"EntryPoint\",\"urlTemplate\":\"https:\\\/\\\/thefeminismproject.com\\\/es\\\/?s={search_term_string}\"},\"query-input\":{\"@type\":\"PropertyValueSpecification\",\"valueRequired\":true,\"valueName\":\"search_term_string\"}}],\"inLanguage\":\"es\"},{\"@type\":\"Organization\",\"@id\":\"https:\\\/\\\/thefeminismproject.com\\\/es\\\/#organization\",\"name\":\"thefeminismproject.com\",\"url\":\"https:\\\/\\\/thefeminismproject.com\\\/es\\\/\",\"logo\":{\"@type\":\"ImageObject\",\"inLanguage\":\"es\",\"@id\":\"https:\\\/\\\/thefeminismproject.com\\\/es\\\/#\\\/schema\\\/logo\\\/image\\\/\",\"url\":\"https:\\\/\\\/thefeminismproject.com\\\/wp-content\\\/uploads\\\/2024\\\/10\\\/pexels-vazhnik-7561648.jpg\",\"contentUrl\":\"https:\\\/\\\/thefeminismproject.com\\\/wp-content\\\/uploads\\\/2024\\\/10\\\/pexels-vazhnik-7561648.jpg\",\"width\":2500,\"height\":1667,\"caption\":\"thefeminismproject.com\"},\"image\":{\"@id\":\"https:\\\/\\\/thefeminismproject.com\\\/es\\\/#\\\/schema\\\/logo\\\/image\\\/\"}},{\"@type\":\"Person\",\"@id\":\"https:\\\/\\\/thefeminismproject.com\\\/es\\\/#\\\/schema\\\/person\\\/d2d84f0918ac04ca2b9f5b912890ad51\",\"name\":\"Joaquimma Anna\",\"image\":{\"@type\":\"ImageObject\",\"inLanguage\":\"es\",\"@id\":\"https:\\\/\\\/secure.gravatar.com\\\/avatar\\\/7d06747db1565e73d68391d596fc2eb15a10a4b4c1864574c454435523af94f1?s=96&d=mm&r=g\",\"url\":\"https:\\\/\\\/secure.gravatar.com\\\/avatar\\\/7d06747db1565e73d68391d596fc2eb15a10a4b4c1864574c454435523af94f1?s=96&d=mm&r=g\",\"contentUrl\":\"https:\\\/\\\/secure.gravatar.com\\\/avatar\\\/7d06747db1565e73d68391d596fc2eb15a10a4b4c1864574c454435523af94f1?s=96&d=mm&r=g\",\"caption\":\"Joaquimma Anna\"},\"description\":\"Hi my name Joaquimma Anna, and let's tumble down the rabbit hole of thought! At thefeminismproject.com, this blog is a whimsical carnival of ideas. As a mischievous feminism activist, I'm here to juggle the narratives of women. This project? A delightful escapade into the absurdities and splendors of our world. Expect the unexpected!\",\"sameAs\":[\"http:\\\/\\\/thefeminismproject.com\"],\"url\":\"https:\\\/\\\/thefeminismproject.com\\\/es\\\/author\\\/bella-sungkawa\\\/\"}]}<\/script>\n<!-- \/ Yoast SEO plugin. -->","yoast_head_json":{"title":"\u00bfA qui\u00e9n votar el 28 de abril como feminista? Opciones que defienden la igualdad","description":"El 28 de abril se avecina, y con ello la responsabilidad ineludible de participar en un ejercicio democr\u00e1tico crucial: las elecciones. Como feministas,","robots":{"index":"index","follow":"follow","max-snippet":"max-snippet:-1","max-image-preview":"max-image-preview:large","max-video-preview":"max-video-preview:-1"},"canonical":"https:\/\/thefeminismproject.com\/es\/presentada\/a-quien-votar-el-28-de-abril-como-feminista-opciones-que-defienden-la-igualdad\/","og_locale":"es_ES","og_type":"article","og_title":"\u00bfA qui\u00e9n votar el 28 de abril como feminista? Opciones que defienden la igualdad","og_description":"El 28 de abril se avecina, y con ello la responsabilidad ineludible de participar en un ejercicio democr\u00e1tico crucial: las elecciones. Como feministas,","og_url":"https:\/\/thefeminismproject.com\/es\/presentada\/a-quien-votar-el-28-de-abril-como-feminista-opciones-que-defienden-la-igualdad\/","og_site_name":"thefeminismproject.com","article_published_time":"2025-03-16T15:14:39+00:00","og_image":[{"width":1170,"height":600,"url":"https:\/\/thefeminismproject.com\/wp-content\/uploads\/2025\/05\/Voto-Femenino-17-MEX-portada.png","type":"image\/png"}],"author":"Joaquimma Anna","twitter_card":"summary_large_image","twitter_misc":{"Escrito por":"Joaquimma Anna","Tiempo de lectura":"4 minutos"},"schema":{"@context":"https:\/\/schema.org","@graph":[{"@type":"Article","@id":"https:\/\/thefeminismproject.com\/es\/presentada\/a-quien-votar-el-28-de-abril-como-feminista-opciones-que-defienden-la-igualdad\/#article","isPartOf":{"@id":"https:\/\/thefeminismproject.com\/es\/presentada\/a-quien-votar-el-28-de-abril-como-feminista-opciones-que-defienden-la-igualdad\/"},"author":{"name":"Joaquimma Anna","@id":"https:\/\/thefeminismproject.com\/es\/#\/schema\/person\/d2d84f0918ac04ca2b9f5b912890ad51"},"headline":"\u00bfA qui\u00e9n votar el 28 de abril como feminista? Opciones que defienden la igualdad","datePublished":"2025-03-16T15:14:39+00:00","mainEntityOfPage":{"@id":"https:\/\/thefeminismproject.com\/es\/presentada\/a-quien-votar-el-28-de-abril-como-feminista-opciones-que-defienden-la-igualdad\/"},"wordCount":875,"commentCount":0,"publisher":{"@id":"https:\/\/thefeminismproject.com\/es\/#organization"},"image":{"@id":"https:\/\/thefeminismproject.com\/es\/presentada\/a-quien-votar-el-28-de-abril-como-feminista-opciones-que-defienden-la-igualdad\/#primaryimage"},"thumbnailUrl":"https:\/\/thefeminismproject.com\/wp-content\/uploads\/2025\/05\/Voto-Femenino-17-MEX-portada.png","articleSection":["Presentada"],"inLanguage":"es","potentialAction":[{"@type":"CommentAction","name":"Comment","target":["https:\/\/thefeminismproject.com\/es\/presentada\/a-quien-votar-el-28-de-abril-como-feminista-opciones-que-defienden-la-igualdad\/#respond"]}]},{"@type":"WebPage","@id":"https:\/\/thefeminismproject.com\/es\/presentada\/a-quien-votar-el-28-de-abril-como-feminista-opciones-que-defienden-la-igualdad\/","url":"https:\/\/thefeminismproject.com\/es\/presentada\/a-quien-votar-el-28-de-abril-como-feminista-opciones-que-defienden-la-igualdad\/","name":"\u00bfA qui\u00e9n votar el 28 de abril como feminista? Opciones que defienden la igualdad","isPartOf":{"@id":"https:\/\/thefeminismproject.com\/es\/#website"},"primaryImageOfPage":{"@id":"https:\/\/thefeminismproject.com\/es\/presentada\/a-quien-votar-el-28-de-abril-como-feminista-opciones-que-defienden-la-igualdad\/#primaryimage"},"image":{"@id":"https:\/\/thefeminismproject.com\/es\/presentada\/a-quien-votar-el-28-de-abril-como-feminista-opciones-que-defienden-la-igualdad\/#primaryimage"},"thumbnailUrl":"https:\/\/thefeminismproject.com\/wp-content\/uploads\/2025\/05\/Voto-Femenino-17-MEX-portada.png","datePublished":"2025-03-16T15:14:39+00:00","description":"El 28 de abril se avecina, y con ello la responsabilidad ineludible de participar en un ejercicio democr\u00e1tico crucial: las elecciones. Como feministas,","breadcrumb":{"@id":"https:\/\/thefeminismproject.com\/es\/presentada\/a-quien-votar-el-28-de-abril-como-feminista-opciones-que-defienden-la-igualdad\/#breadcrumb"},"inLanguage":"es","potentialAction":[{"@type":"ReadAction","target":["https:\/\/thefeminismproject.com\/es\/presentada\/a-quien-votar-el-28-de-abril-como-feminista-opciones-que-defienden-la-igualdad\/"]}]},{"@type":"ImageObject","inLanguage":"es","@id":"https:\/\/thefeminismproject.com\/es\/presentada\/a-quien-votar-el-28-de-abril-como-feminista-opciones-que-defienden-la-igualdad\/#primaryimage","url":"https:\/\/thefeminismproject.com\/wp-content\/uploads\/2025\/05\/Voto-Femenino-17-MEX-portada.png","contentUrl":"https:\/\/thefeminismproject.com\/wp-content\/uploads\/2025\/05\/Voto-Femenino-17-MEX-portada.png","width":1170,"height":600},{"@type":"BreadcrumbList","@id":"https:\/\/thefeminismproject.com\/es\/presentada\/a-quien-votar-el-28-de-abril-como-feminista-opciones-que-defienden-la-igualdad\/#breadcrumb","itemListElement":[{"@type":"ListItem","position":1,"name":"Home","item":"https:\/\/thefeminismproject.com\/es\/inicio\/"},{"@type":"ListItem","position":2,"name":"\u00bfA qui\u00e9n votar el 28 de abril como feminista? Opciones que defienden la igualdad"}]},{"@type":"WebSite","@id":"https:\/\/thefeminismproject.com\/es\/#website","url":"https:\/\/thefeminismproject.com\/es\/","name":"thefeminismproject.com","description":"Popular culture with a feminist twist | let&#039;s talk about things that matter (news that feels right)","publisher":{"@id":"https:\/\/thefeminismproject.com\/es\/#organization"},"potentialAction":[{"@type":"SearchAction","target":{"@type":"EntryPoint","urlTemplate":"https:\/\/thefeminismproject.com\/es\/?s={search_term_string}"},"query-input":{"@type":"PropertyValueSpecification","valueRequired":true,"valueName":"search_term_string"}}],"inLanguage":"es"},{"@type":"Organization","@id":"https:\/\/thefeminismproject.com\/es\/#organization","name":"thefeminismproject.com","url":"https:\/\/thefeminismproject.com\/es\/","logo":{"@type":"ImageObject","inLanguage":"es","@id":"https:\/\/thefeminismproject.com\/es\/#\/schema\/logo\/image\/","url":"https:\/\/thefeminismproject.com\/wp-content\/uploads\/2024\/10\/pexels-vazhnik-7561648.jpg","contentUrl":"https:\/\/thefeminismproject.com\/wp-content\/uploads\/2024\/10\/pexels-vazhnik-7561648.jpg","width":2500,"height":1667,"caption":"thefeminismproject.com"},"image":{"@id":"https:\/\/thefeminismproject.com\/es\/#\/schema\/logo\/image\/"}},{"@type":"Person","@id":"https:\/\/thefeminismproject.com\/es\/#\/schema\/person\/d2d84f0918ac04ca2b9f5b912890ad51","name":"Joaquimma Anna","image":{"@type":"ImageObject","inLanguage":"es","@id":"https:\/\/secure.gravatar.com\/avatar\/7d06747db1565e73d68391d596fc2eb15a10a4b4c1864574c454435523af94f1?s=96&d=mm&r=g","url":"https:\/\/secure.gravatar.com\/avatar\/7d06747db1565e73d68391d596fc2eb15a10a4b4c1864574c454435523af94f1?s=96&d=mm&r=g","contentUrl":"https:\/\/secure.gravatar.com\/avatar\/7d06747db1565e73d68391d596fc2eb15a10a4b4c1864574c454435523af94f1?s=96&d=mm&r=g","caption":"Joaquimma Anna"},"description":"Hi my name Joaquimma Anna, and let's tumble down the rabbit hole of thought! At thefeminismproject.com, this blog is a whimsical carnival of ideas. As a mischievous feminism activist, I'm here to juggle the narratives of women. This project? A delightful escapade into the absurdities and splendors of our world. Expect the unexpected!","sameAs":["http:\/\/thefeminismproject.com"],"url":"https:\/\/thefeminismproject.com\/es\/author\/bella-sungkawa\/"}]}},"_links":{"self":[{"href":"https:\/\/thefeminismproject.com\/es\/wp-json\/wp\/v2\/posts\/1044533","targetHints":{"allow":["GET"]}}],"collection":[{"href":"https:\/\/thefeminismproject.com\/es\/wp-json\/wp\/v2\/posts"}],"about":[{"href":"https:\/\/thefeminismproject.com\/es\/wp-json\/wp\/v2\/types\/post"}],"author":[{"embeddable":true,"href":"https:\/\/thefeminismproject.com\/es\/wp-json\/wp\/v2\/users\/1"}],"replies":[{"embeddable":true,"href":"https:\/\/thefeminismproject.com\/es\/wp-json\/wp\/v2\/comments?post=1044533"}],"version-history":[{"count":0,"href":"https:\/\/thefeminismproject.com\/es\/wp-json\/wp\/v2\/posts\/1044533\/revisions"}],"wp:featuredmedia":[{"embeddable":true,"href":"https:\/\/thefeminismproject.com\/es\/wp-json\/wp\/v2\/media\/1044534"}],"wp:attachment":[{"href":"https:\/\/thefeminismproject.com\/es\/wp-json\/wp\/v2\/media?parent=1044533"}],"wp:term":[{"taxonomy":"category","embeddable":true,"href":"https:\/\/thefeminismproject.com\/es\/wp-json\/wp\/v2\/categories?post=1044533"},{"taxonomy":"post_tag","embeddable":true,"href":"https:\/\/thefeminismproject.com\/es\/wp-json\/wp\/v2\/tags?post=1044533"}],"curies":[{"name":"wp","href":"https:\/\/api.w.org\/{rel}","templated":true}]}}