{"id":1044819,"date":"2025-05-03T00:40:06","date_gmt":"2025-05-03T00:40:06","guid":{"rendered":"https:\/\/thefeminismproject.com\/sin-categoria\/puede-revertirse-la-feminizacion-de-la-voz-mitos-y-realidades\/"},"modified":"2025-05-03T00:40:06","modified_gmt":"2025-05-03T00:40:06","slug":"puede-revertirse-la-feminizacion-de-la-voz-mitos-y-realidades","status":"publish","type":"post","link":"https:\/\/thefeminismproject.com\/es\/presentada\/puede-revertirse-la-feminizacion-de-la-voz-mitos-y-realidades\/","title":{"rendered":"\u00bfPuede revertirse la feminizaci\u00f3n de la voz? Mitos y realidades"},"content":{"rendered":"<p>La voz es una de las manifestaciones m\u00e1s potentes de nuestra identidad. La feminizaci\u00f3n de la voz, entendida como ese fen\u00f3meno a trav\u00e9s del cual hombres trans o personas asignadas como hombres al nacer adoptan caracter\u00edsticas vocales que la alinean con la feminidad, es un tema que ha generado un sinf\u00edn de debates en la esfera social y cient\u00edfica. En este art\u00edculo, exploraremos la complejidad de la feminizaci\u00f3n de la voz, desentra\u00f1ando los mitos y realidades que la rodean.<\/p>\n<p>Desde tiempos inmemoriales, las voces han sido clasificadas dentro de un canon que sit\u00faa lo masculino y lo femenino en posiciones antag\u00f3nicas. La idea de que una voz \u201cfemenina\u201d es suave, melodiosa y con una tonalidad m\u00e1s alta, mientras que la \u201cmasculina\u201d es grave y profunda, persiste en nuestras sociedades. Sin embargo, esta dicotom\u00eda no solo es reduccionista; tambi\u00e9n es profundamente enga\u00f1osa. La realidad es que la voz es un fen\u00f3meno extremadamente flexible, capaz de transformarse y adaptarse a lo largo de la vida de una persona, especialmente en el caso de quienes se encuentran en sus procesos de transici\u00f3n de g\u00e9nero.<\/p>\n<p>Uno de los mitos m\u00e1s sustanciales en torno a la feminizaci\u00f3n de la voz es la creencia de que este proceso es irreversible. Muchos sostienen que, una vez que una voz ha alcanzado ciertas caracter\u00edsticas, no se puede volver atr\u00e1s. Esta idea puede ser atemorizante para quienes est\u00e1n en su recorrido de transici\u00f3n. Sin embargo, la realidad es que las caracter\u00edsticas vocales no son tan r\u00edgidas. Existen m\u00faltiples factores que afectan la voz, y la intervenci\u00f3n a trav\u00e9s de t\u00e9cnicas vocales y terapia puede, en muchos casos, resultar en una notable regresi\u00f3n de la feminizaci\u00f3n.<\/p>\n<p>La feminizaci\u00f3n de la voz implica en su mayor\u00eda, cambios en la resonancia y la tensi\u00f3n de las cuerdas vocales. A trav\u00e9s de la terapia del habla y el canto, los individuos tienen la capacidad de reentrenar su voz. Profesionales capacitados pueden ayudar a mitigar algunos de los cambios vocales asociados con un proceso de feminizaci\u00f3n. La idea de que ciertos aspectos son inmutables es, por tanto, un obst\u00e1culo psicol\u00f3gico m\u00e1s que una realidad cient\u00edfica. La neuroplasticidad, un concepto que describe la capacidad del cerebro para reorganizarse y adaptarse, se extiende a la pr\u00e1ctica vocal. Por ello, la voz puede ser condicionada, trabajando a trav\u00e9s de la pr\u00e1ctica y la perseverancia.<\/p>\n<p>A pesar de estas realidades, cabe se\u00f1alar que el contexto cultural juega un papel crucial en la percepci\u00f3n de la voz. En muchas sociedades, las expectativas sobre c\u00f3mo debe sonar una voz femenina o masculina son opresivas y limitantes. La presi\u00f3n por cumplir con estas normas puede llevar a sentimientos de ansiedad o incluso depresi\u00f3n en aquellos que no logran encajar en los moldes establecidos. Es aqu\u00ed donde la voz se convierte en una herramienta de liberaci\u00f3n, de expresi\u00f3n aut\u00e9ntica y, en \u00faltima instancia, de afirmaci\u00f3n de una identidad personal.<\/p>\n<p>Examinando m\u00e1s a fondo la fascinaci\u00f3n por la feminizaci\u00f3n de la voz, se nos revela c\u00f3mo a menudo se centraliza en la idea de g\u00e9nero, cuestionando as\u00ed, no solo nuestras proyecciones sobre los individuos, sino la misma esencia de lo que significa ser femenino o masculino. Al final, la voz va m\u00e1s all\u00e1 de su representaci\u00f3n superficial como un mero instrumento de comunicaci\u00f3n. Es tambi\u00e9n un veh\u00edculo para la autoafirmaci\u00f3n y la emancipaci\u00f3n.<\/p>\n<p>El fen\u00f3meno de la feminizaci\u00f3n de la voz es, en muchos casos, un reflejo de las transformaciones personales que est\u00e1n en juego. En este sentido, revisar y reflexionar sobre las mitolog\u00edas que rodean este proceso nos invita a cuestionar no solo nuestras percepciones personales, sino tambi\u00e9n las narrativas m\u00e1s amplias que dominan nuestras sociedades. La obsesi\u00f3n por las caracter\u00edsticas vocales no es simplemente un tema de est\u00e9tica o t\u00e9cnica, sino que constituye un campo de batalla crucial en la guerra por la aceptaci\u00f3n y el respeto hacia las identidades de g\u00e9nero diversas.<\/p>\n<p>Con esto en mente, es fundamental adoptar una perspectiva emp\u00e1tica y comprensiva hacia quienes atraviesan este proceso de feminizaci\u00f3n vocal. En lugar de encasillar los discursos en mitos de lo irreversible, es m\u00e1s constructivo apoyar a esas voces en su camino hacia la transformaci\u00f3n, proporcionando recursos y herramientas que fomenten el desarrollo de una voz que resuene aut\u00e9nticamente con su identidad. No se trata solo de cambiar lo que se escucha; se trata de cambiar la percepci\u00f3n del ser que se encuentra detr\u00e1s de cada resonancia.<\/p>\n<p>Finalmente, la feminizaci\u00f3n de la voz no deber\u00eda ser vista como un fin en s\u00ed mismo ni como un objetivo a alcanzar, sino como un viaje en continuo desarrollo. La b\u00fasqueda de una voz aut\u00e9ntica es un proceso que requiere valent\u00eda, autoexploraci\u00f3n y, sobre todo, un compromiso con la realidad de que la identidad de cada individuo es variada y compleja. La voz, en todas sus facetas, es un testimonio de eso.<\/p>\n","protected":false},"excerpt":{"rendered":"<p>La voz es una de las manifestaciones m\u00e1s potentes de nuestra identidad. La feminizaci\u00f3n de la voz, entendida como ese fen\u00f3meno a trav\u00e9s del cual hombres trans o personas asignadas como hombres al nacer adoptan caracter\u00edsticas vocales que la alinean con la feminidad, es un tema que ha generado un sinf\u00edn de debates en la [&hellip;]<\/p>\n","protected":false},"author":1,"featured_media":1044820,"comment_status":"open","ping_status":"open","sticky":false,"template":"","format":"standard","meta":{"footnotes":""},"categories":[83],"tags":[],"class_list":{"0":"post-1044819","1":"post","2":"type-post","3":"status-publish","4":"format-standard","5":"has-post-thumbnail","7":"category-presentada"},"yoast_head":"<!-- This site is optimized with the Yoast SEO plugin v27.4 - https:\/\/yoast.com\/product\/yoast-seo-wordpress\/ -->\n<title>\u00bfPuede revertirse la feminizaci\u00f3n de la voz? Mitos y realidades<\/title>\n<meta name=\"description\" content=\"La voz es una de las manifestaciones m\u00e1s potentes de nuestra identidad. La feminizaci\u00f3n de la voz, entendida como ese fen\u00f3meno a trav\u00e9s del cual hombres\" \/>\n<meta name=\"robots\" content=\"index, follow, max-snippet:-1, max-image-preview:large, max-video-preview:-1\" \/>\n<link rel=\"canonical\" href=\"https:\/\/thefeminismproject.com\/es\/presentada\/puede-revertirse-la-feminizacion-de-la-voz-mitos-y-realidades\/\" \/>\n<meta property=\"og:locale\" content=\"es_ES\" \/>\n<meta property=\"og:type\" content=\"article\" \/>\n<meta property=\"og:title\" content=\"\u00bfPuede revertirse la feminizaci\u00f3n de la voz? Mitos y realidades\" \/>\n<meta property=\"og:description\" content=\"La voz es una de las manifestaciones m\u00e1s potentes de nuestra identidad. La feminizaci\u00f3n de la voz, entendida como ese fen\u00f3meno a trav\u00e9s del cual hombres\" \/>\n<meta property=\"og:url\" content=\"https:\/\/thefeminismproject.com\/es\/presentada\/puede-revertirse-la-feminizacion-de-la-voz-mitos-y-realidades\/\" \/>\n<meta property=\"og:site_name\" content=\"thefeminismproject.com\" \/>\n<meta property=\"article:published_time\" content=\"2025-05-03T00:40:06+00:00\" \/>\n<meta property=\"og:image\" content=\"https:\/\/thefeminismproject.com\/wp-content\/uploads\/2025\/05\/maxresdefault-2.jpg\" \/>\n\t<meta property=\"og:image:width\" content=\"1280\" \/>\n\t<meta property=\"og:image:height\" content=\"720\" \/>\n\t<meta property=\"og:image:type\" content=\"image\/jpeg\" \/>\n<meta name=\"author\" content=\"Joaquimma Anna\" \/>\n<meta name=\"twitter:card\" content=\"summary_large_image\" \/>\n<meta name=\"twitter:label1\" content=\"Escrito por\" \/>\n\t<meta name=\"twitter:data1\" content=\"Joaquimma Anna\" \/>\n\t<meta name=\"twitter:label2\" content=\"Tiempo de lectura\" \/>\n\t<meta name=\"twitter:data2\" content=\"4 minutos\" \/>\n<script type=\"application\/ld+json\" class=\"yoast-schema-graph\">{\"@context\":\"https:\\\/\\\/schema.org\",\"@graph\":[{\"@type\":\"Article\",\"@id\":\"https:\\\/\\\/thefeminismproject.com\\\/es\\\/presentada\\\/puede-revertirse-la-feminizacion-de-la-voz-mitos-y-realidades\\\/#article\",\"isPartOf\":{\"@id\":\"https:\\\/\\\/thefeminismproject.com\\\/es\\\/presentada\\\/puede-revertirse-la-feminizacion-de-la-voz-mitos-y-realidades\\\/\"},\"author\":{\"name\":\"Joaquimma Anna\",\"@id\":\"https:\\\/\\\/thefeminismproject.com\\\/es\\\/#\\\/schema\\\/person\\\/d2d84f0918ac04ca2b9f5b912890ad51\"},\"headline\":\"\u00bfPuede revertirse la feminizaci\u00f3n de la voz? Mitos y realidades\",\"datePublished\":\"2025-05-03T00:40:06+00:00\",\"mainEntityOfPage\":{\"@id\":\"https:\\\/\\\/thefeminismproject.com\\\/es\\\/presentada\\\/puede-revertirse-la-feminizacion-de-la-voz-mitos-y-realidades\\\/\"},\"wordCount\":902,\"commentCount\":0,\"publisher\":{\"@id\":\"https:\\\/\\\/thefeminismproject.com\\\/es\\\/#organization\"},\"image\":{\"@id\":\"https:\\\/\\\/thefeminismproject.com\\\/es\\\/presentada\\\/puede-revertirse-la-feminizacion-de-la-voz-mitos-y-realidades\\\/#primaryimage\"},\"thumbnailUrl\":\"https:\\\/\\\/thefeminismproject.com\\\/wp-content\\\/uploads\\\/2025\\\/05\\\/maxresdefault-2.jpg\",\"articleSection\":[\"Presentada\"],\"inLanguage\":\"es\",\"potentialAction\":[{\"@type\":\"CommentAction\",\"name\":\"Comment\",\"target\":[\"https:\\\/\\\/thefeminismproject.com\\\/es\\\/presentada\\\/puede-revertirse-la-feminizacion-de-la-voz-mitos-y-realidades\\\/#respond\"]}]},{\"@type\":\"WebPage\",\"@id\":\"https:\\\/\\\/thefeminismproject.com\\\/es\\\/presentada\\\/puede-revertirse-la-feminizacion-de-la-voz-mitos-y-realidades\\\/\",\"url\":\"https:\\\/\\\/thefeminismproject.com\\\/es\\\/presentada\\\/puede-revertirse-la-feminizacion-de-la-voz-mitos-y-realidades\\\/\",\"name\":\"\u00bfPuede revertirse la feminizaci\u00f3n de la voz? Mitos y realidades\",\"isPartOf\":{\"@id\":\"https:\\\/\\\/thefeminismproject.com\\\/es\\\/#website\"},\"primaryImageOfPage\":{\"@id\":\"https:\\\/\\\/thefeminismproject.com\\\/es\\\/presentada\\\/puede-revertirse-la-feminizacion-de-la-voz-mitos-y-realidades\\\/#primaryimage\"},\"image\":{\"@id\":\"https:\\\/\\\/thefeminismproject.com\\\/es\\\/presentada\\\/puede-revertirse-la-feminizacion-de-la-voz-mitos-y-realidades\\\/#primaryimage\"},\"thumbnailUrl\":\"https:\\\/\\\/thefeminismproject.com\\\/wp-content\\\/uploads\\\/2025\\\/05\\\/maxresdefault-2.jpg\",\"datePublished\":\"2025-05-03T00:40:06+00:00\",\"description\":\"La voz es una de las manifestaciones m\u00e1s potentes de nuestra identidad. La feminizaci\u00f3n de la voz, entendida como ese fen\u00f3meno a trav\u00e9s del cual hombres\",\"breadcrumb\":{\"@id\":\"https:\\\/\\\/thefeminismproject.com\\\/es\\\/presentada\\\/puede-revertirse-la-feminizacion-de-la-voz-mitos-y-realidades\\\/#breadcrumb\"},\"inLanguage\":\"es\",\"potentialAction\":[{\"@type\":\"ReadAction\",\"target\":[\"https:\\\/\\\/thefeminismproject.com\\\/es\\\/presentada\\\/puede-revertirse-la-feminizacion-de-la-voz-mitos-y-realidades\\\/\"]}]},{\"@type\":\"ImageObject\",\"inLanguage\":\"es\",\"@id\":\"https:\\\/\\\/thefeminismproject.com\\\/es\\\/presentada\\\/puede-revertirse-la-feminizacion-de-la-voz-mitos-y-realidades\\\/#primaryimage\",\"url\":\"https:\\\/\\\/thefeminismproject.com\\\/wp-content\\\/uploads\\\/2025\\\/05\\\/maxresdefault-2.jpg\",\"contentUrl\":\"https:\\\/\\\/thefeminismproject.com\\\/wp-content\\\/uploads\\\/2025\\\/05\\\/maxresdefault-2.jpg\",\"width\":1280,\"height\":720},{\"@type\":\"BreadcrumbList\",\"@id\":\"https:\\\/\\\/thefeminismproject.com\\\/es\\\/presentada\\\/puede-revertirse-la-feminizacion-de-la-voz-mitos-y-realidades\\\/#breadcrumb\",\"itemListElement\":[{\"@type\":\"ListItem\",\"position\":1,\"name\":\"Home\",\"item\":\"https:\\\/\\\/thefeminismproject.com\\\/es\\\/inicio\\\/\"},{\"@type\":\"ListItem\",\"position\":2,\"name\":\"\u00bfPuede revertirse la feminizaci\u00f3n de la voz? Mitos y realidades\"}]},{\"@type\":\"WebSite\",\"@id\":\"https:\\\/\\\/thefeminismproject.com\\\/es\\\/#website\",\"url\":\"https:\\\/\\\/thefeminismproject.com\\\/es\\\/\",\"name\":\"thefeminismproject.com\",\"description\":\"Popular culture with a feminist twist | let&#039;s talk about things that matter (news that feels right)\",\"publisher\":{\"@id\":\"https:\\\/\\\/thefeminismproject.com\\\/es\\\/#organization\"},\"potentialAction\":[{\"@type\":\"SearchAction\",\"target\":{\"@type\":\"EntryPoint\",\"urlTemplate\":\"https:\\\/\\\/thefeminismproject.com\\\/es\\\/?s={search_term_string}\"},\"query-input\":{\"@type\":\"PropertyValueSpecification\",\"valueRequired\":true,\"valueName\":\"search_term_string\"}}],\"inLanguage\":\"es\"},{\"@type\":\"Organization\",\"@id\":\"https:\\\/\\\/thefeminismproject.com\\\/es\\\/#organization\",\"name\":\"thefeminismproject.com\",\"url\":\"https:\\\/\\\/thefeminismproject.com\\\/es\\\/\",\"logo\":{\"@type\":\"ImageObject\",\"inLanguage\":\"es\",\"@id\":\"https:\\\/\\\/thefeminismproject.com\\\/es\\\/#\\\/schema\\\/logo\\\/image\\\/\",\"url\":\"https:\\\/\\\/thefeminismproject.com\\\/wp-content\\\/uploads\\\/2024\\\/10\\\/pexels-vazhnik-7561648.jpg\",\"contentUrl\":\"https:\\\/\\\/thefeminismproject.com\\\/wp-content\\\/uploads\\\/2024\\\/10\\\/pexels-vazhnik-7561648.jpg\",\"width\":2500,\"height\":1667,\"caption\":\"thefeminismproject.com\"},\"image\":{\"@id\":\"https:\\\/\\\/thefeminismproject.com\\\/es\\\/#\\\/schema\\\/logo\\\/image\\\/\"}},{\"@type\":\"Person\",\"@id\":\"https:\\\/\\\/thefeminismproject.com\\\/es\\\/#\\\/schema\\\/person\\\/d2d84f0918ac04ca2b9f5b912890ad51\",\"name\":\"Joaquimma Anna\",\"image\":{\"@type\":\"ImageObject\",\"inLanguage\":\"es\",\"@id\":\"https:\\\/\\\/secure.gravatar.com\\\/avatar\\\/7d06747db1565e73d68391d596fc2eb15a10a4b4c1864574c454435523af94f1?s=96&d=mm&r=g\",\"url\":\"https:\\\/\\\/secure.gravatar.com\\\/avatar\\\/7d06747db1565e73d68391d596fc2eb15a10a4b4c1864574c454435523af94f1?s=96&d=mm&r=g\",\"contentUrl\":\"https:\\\/\\\/secure.gravatar.com\\\/avatar\\\/7d06747db1565e73d68391d596fc2eb15a10a4b4c1864574c454435523af94f1?s=96&d=mm&r=g\",\"caption\":\"Joaquimma Anna\"},\"description\":\"Hi my name Joaquimma Anna, and let's tumble down the rabbit hole of thought! At thefeminismproject.com, this blog is a whimsical carnival of ideas. As a mischievous feminism activist, I'm here to juggle the narratives of women. This project? A delightful escapade into the absurdities and splendors of our world. Expect the unexpected!\",\"sameAs\":[\"http:\\\/\\\/thefeminismproject.com\"],\"url\":\"https:\\\/\\\/thefeminismproject.com\\\/es\\\/author\\\/bella-sungkawa\\\/\"}]}<\/script>\n<!-- \/ Yoast SEO plugin. -->","yoast_head_json":{"title":"\u00bfPuede revertirse la feminizaci\u00f3n de la voz? Mitos y realidades","description":"La voz es una de las manifestaciones m\u00e1s potentes de nuestra identidad. La feminizaci\u00f3n de la voz, entendida como ese fen\u00f3meno a trav\u00e9s del cual hombres","robots":{"index":"index","follow":"follow","max-snippet":"max-snippet:-1","max-image-preview":"max-image-preview:large","max-video-preview":"max-video-preview:-1"},"canonical":"https:\/\/thefeminismproject.com\/es\/presentada\/puede-revertirse-la-feminizacion-de-la-voz-mitos-y-realidades\/","og_locale":"es_ES","og_type":"article","og_title":"\u00bfPuede revertirse la feminizaci\u00f3n de la voz? Mitos y realidades","og_description":"La voz es una de las manifestaciones m\u00e1s potentes de nuestra identidad. La feminizaci\u00f3n de la voz, entendida como ese fen\u00f3meno a trav\u00e9s del cual hombres","og_url":"https:\/\/thefeminismproject.com\/es\/presentada\/puede-revertirse-la-feminizacion-de-la-voz-mitos-y-realidades\/","og_site_name":"thefeminismproject.com","article_published_time":"2025-05-03T00:40:06+00:00","og_image":[{"width":1280,"height":720,"url":"https:\/\/thefeminismproject.com\/wp-content\/uploads\/2025\/05\/maxresdefault-2.jpg","type":"image\/jpeg"}],"author":"Joaquimma Anna","twitter_card":"summary_large_image","twitter_misc":{"Escrito por":"Joaquimma Anna","Tiempo de lectura":"4 minutos"},"schema":{"@context":"https:\/\/schema.org","@graph":[{"@type":"Article","@id":"https:\/\/thefeminismproject.com\/es\/presentada\/puede-revertirse-la-feminizacion-de-la-voz-mitos-y-realidades\/#article","isPartOf":{"@id":"https:\/\/thefeminismproject.com\/es\/presentada\/puede-revertirse-la-feminizacion-de-la-voz-mitos-y-realidades\/"},"author":{"name":"Joaquimma Anna","@id":"https:\/\/thefeminismproject.com\/es\/#\/schema\/person\/d2d84f0918ac04ca2b9f5b912890ad51"},"headline":"\u00bfPuede revertirse la feminizaci\u00f3n de la voz? Mitos y realidades","datePublished":"2025-05-03T00:40:06+00:00","mainEntityOfPage":{"@id":"https:\/\/thefeminismproject.com\/es\/presentada\/puede-revertirse-la-feminizacion-de-la-voz-mitos-y-realidades\/"},"wordCount":902,"commentCount":0,"publisher":{"@id":"https:\/\/thefeminismproject.com\/es\/#organization"},"image":{"@id":"https:\/\/thefeminismproject.com\/es\/presentada\/puede-revertirse-la-feminizacion-de-la-voz-mitos-y-realidades\/#primaryimage"},"thumbnailUrl":"https:\/\/thefeminismproject.com\/wp-content\/uploads\/2025\/05\/maxresdefault-2.jpg","articleSection":["Presentada"],"inLanguage":"es","potentialAction":[{"@type":"CommentAction","name":"Comment","target":["https:\/\/thefeminismproject.com\/es\/presentada\/puede-revertirse-la-feminizacion-de-la-voz-mitos-y-realidades\/#respond"]}]},{"@type":"WebPage","@id":"https:\/\/thefeminismproject.com\/es\/presentada\/puede-revertirse-la-feminizacion-de-la-voz-mitos-y-realidades\/","url":"https:\/\/thefeminismproject.com\/es\/presentada\/puede-revertirse-la-feminizacion-de-la-voz-mitos-y-realidades\/","name":"\u00bfPuede revertirse la feminizaci\u00f3n de la voz? Mitos y realidades","isPartOf":{"@id":"https:\/\/thefeminismproject.com\/es\/#website"},"primaryImageOfPage":{"@id":"https:\/\/thefeminismproject.com\/es\/presentada\/puede-revertirse-la-feminizacion-de-la-voz-mitos-y-realidades\/#primaryimage"},"image":{"@id":"https:\/\/thefeminismproject.com\/es\/presentada\/puede-revertirse-la-feminizacion-de-la-voz-mitos-y-realidades\/#primaryimage"},"thumbnailUrl":"https:\/\/thefeminismproject.com\/wp-content\/uploads\/2025\/05\/maxresdefault-2.jpg","datePublished":"2025-05-03T00:40:06+00:00","description":"La voz es una de las manifestaciones m\u00e1s potentes de nuestra identidad. La feminizaci\u00f3n de la voz, entendida como ese fen\u00f3meno a trav\u00e9s del cual hombres","breadcrumb":{"@id":"https:\/\/thefeminismproject.com\/es\/presentada\/puede-revertirse-la-feminizacion-de-la-voz-mitos-y-realidades\/#breadcrumb"},"inLanguage":"es","potentialAction":[{"@type":"ReadAction","target":["https:\/\/thefeminismproject.com\/es\/presentada\/puede-revertirse-la-feminizacion-de-la-voz-mitos-y-realidades\/"]}]},{"@type":"ImageObject","inLanguage":"es","@id":"https:\/\/thefeminismproject.com\/es\/presentada\/puede-revertirse-la-feminizacion-de-la-voz-mitos-y-realidades\/#primaryimage","url":"https:\/\/thefeminismproject.com\/wp-content\/uploads\/2025\/05\/maxresdefault-2.jpg","contentUrl":"https:\/\/thefeminismproject.com\/wp-content\/uploads\/2025\/05\/maxresdefault-2.jpg","width":1280,"height":720},{"@type":"BreadcrumbList","@id":"https:\/\/thefeminismproject.com\/es\/presentada\/puede-revertirse-la-feminizacion-de-la-voz-mitos-y-realidades\/#breadcrumb","itemListElement":[{"@type":"ListItem","position":1,"name":"Home","item":"https:\/\/thefeminismproject.com\/es\/inicio\/"},{"@type":"ListItem","position":2,"name":"\u00bfPuede revertirse la feminizaci\u00f3n de la voz? Mitos y realidades"}]},{"@type":"WebSite","@id":"https:\/\/thefeminismproject.com\/es\/#website","url":"https:\/\/thefeminismproject.com\/es\/","name":"thefeminismproject.com","description":"Popular culture with a feminist twist | let&#039;s talk about things that matter (news that feels right)","publisher":{"@id":"https:\/\/thefeminismproject.com\/es\/#organization"},"potentialAction":[{"@type":"SearchAction","target":{"@type":"EntryPoint","urlTemplate":"https:\/\/thefeminismproject.com\/es\/?s={search_term_string}"},"query-input":{"@type":"PropertyValueSpecification","valueRequired":true,"valueName":"search_term_string"}}],"inLanguage":"es"},{"@type":"Organization","@id":"https:\/\/thefeminismproject.com\/es\/#organization","name":"thefeminismproject.com","url":"https:\/\/thefeminismproject.com\/es\/","logo":{"@type":"ImageObject","inLanguage":"es","@id":"https:\/\/thefeminismproject.com\/es\/#\/schema\/logo\/image\/","url":"https:\/\/thefeminismproject.com\/wp-content\/uploads\/2024\/10\/pexels-vazhnik-7561648.jpg","contentUrl":"https:\/\/thefeminismproject.com\/wp-content\/uploads\/2024\/10\/pexels-vazhnik-7561648.jpg","width":2500,"height":1667,"caption":"thefeminismproject.com"},"image":{"@id":"https:\/\/thefeminismproject.com\/es\/#\/schema\/logo\/image\/"}},{"@type":"Person","@id":"https:\/\/thefeminismproject.com\/es\/#\/schema\/person\/d2d84f0918ac04ca2b9f5b912890ad51","name":"Joaquimma Anna","image":{"@type":"ImageObject","inLanguage":"es","@id":"https:\/\/secure.gravatar.com\/avatar\/7d06747db1565e73d68391d596fc2eb15a10a4b4c1864574c454435523af94f1?s=96&d=mm&r=g","url":"https:\/\/secure.gravatar.com\/avatar\/7d06747db1565e73d68391d596fc2eb15a10a4b4c1864574c454435523af94f1?s=96&d=mm&r=g","contentUrl":"https:\/\/secure.gravatar.com\/avatar\/7d06747db1565e73d68391d596fc2eb15a10a4b4c1864574c454435523af94f1?s=96&d=mm&r=g","caption":"Joaquimma Anna"},"description":"Hi my name Joaquimma Anna, and let's tumble down the rabbit hole of thought! At thefeminismproject.com, this blog is a whimsical carnival of ideas. As a mischievous feminism activist, I'm here to juggle the narratives of women. This project? A delightful escapade into the absurdities and splendors of our world. Expect the unexpected!","sameAs":["http:\/\/thefeminismproject.com"],"url":"https:\/\/thefeminismproject.com\/es\/author\/bella-sungkawa\/"}]}},"_links":{"self":[{"href":"https:\/\/thefeminismproject.com\/es\/wp-json\/wp\/v2\/posts\/1044819","targetHints":{"allow":["GET"]}}],"collection":[{"href":"https:\/\/thefeminismproject.com\/es\/wp-json\/wp\/v2\/posts"}],"about":[{"href":"https:\/\/thefeminismproject.com\/es\/wp-json\/wp\/v2\/types\/post"}],"author":[{"embeddable":true,"href":"https:\/\/thefeminismproject.com\/es\/wp-json\/wp\/v2\/users\/1"}],"replies":[{"embeddable":true,"href":"https:\/\/thefeminismproject.com\/es\/wp-json\/wp\/v2\/comments?post=1044819"}],"version-history":[{"count":0,"href":"https:\/\/thefeminismproject.com\/es\/wp-json\/wp\/v2\/posts\/1044819\/revisions"}],"wp:featuredmedia":[{"embeddable":true,"href":"https:\/\/thefeminismproject.com\/es\/wp-json\/wp\/v2\/media\/1044820"}],"wp:attachment":[{"href":"https:\/\/thefeminismproject.com\/es\/wp-json\/wp\/v2\/media?parent=1044819"}],"wp:term":[{"taxonomy":"category","embeddable":true,"href":"https:\/\/thefeminismproject.com\/es\/wp-json\/wp\/v2\/categories?post=1044819"},{"taxonomy":"post_tag","embeddable":true,"href":"https:\/\/thefeminismproject.com\/es\/wp-json\/wp\/v2\/tags?post=1044819"}],"curies":[{"name":"wp","href":"https:\/\/api.w.org\/{rel}","templated":true}]}}