{"id":1045041,"date":"2025-04-18T06:08:29","date_gmt":"2025-04-18T06:08:29","guid":{"rendered":"https:\/\/thefeminismproject.com\/sin-categoria\/cuando-se-creo-el-feminismo-un-hito-en-la-historia-social\/"},"modified":"2025-04-18T06:08:29","modified_gmt":"2025-04-18T06:08:29","slug":"cuando-se-creo-el-feminismo-un-hito-en-la-historia-social","status":"publish","type":"post","link":"https:\/\/thefeminismproject.com\/es\/presentada\/cuando-se-creo-el-feminismo-un-hito-en-la-historia-social\/","title":{"rendered":"\u00bfCu\u00e1ndo se cre\u00f3 el feminismo? Un hito en la historia social"},"content":{"rendered":"<p>La historia del feminismo, ese poderoso movimiento que ha buscado la equidad de g\u00e9nero y la liberaci\u00f3n de las mujeres en todos los \u00e1mbitos sociales, es un relato vibrante en constante evoluci\u00f3n. Pero, \u00bfcu\u00e1ndo realmente se cre\u00f3 el feminismo? La respuesta a esta pregunta no radica en una mera fecha, sino en una serie de eventos y momentos que han marcado con tinta indeleble la trayectoria de las mujeres a lo largo de los siglos.<\/p>\n<p>Para entender el inicio del feminismo, debemos retroceder hasta el siglo XVIII, en plena Ilustraci\u00f3n. Este periodo represent\u00f3 un punto de inflexi\u00f3n en el pensamiento humano, donde la raz\u00f3n comenzaba a desafiar a la tradici\u00f3n. En este contexto, figuras como Mary Wollstonecraft se alzaron con voz desafiante. Su obra \u00abVindicaci\u00f3n de los derechos de la mujer\u00bb, publicada en 1792, no solo subray\u00f3 la desigualdad inherentemente injusta que sufr\u00edan las mujeres, sino que tambi\u00e9n propuso la necesidad de la educaci\u00f3n a nivel femenino como una herramienta de emancipaci\u00f3n.<\/p>\n<p>La reivindicaci\u00f3n de la mujer como ser pensante y capaz sent\u00f3 las bases del feminismo moderno. Sin embargo, su eco no fue inmediato, y los cambios profundos requerir\u00edan muchas m\u00e1s voces y luchas a lo largo del tiempo. Durante el siglo XIX, el abolicionismo en Estados Unidos se convirti\u00f3 en un terreno f\u00e9rtil para la emergencia de las primeras sufragistas. Se debe mencionar a l\u00edderes como Susan B. Anthony y Elizabeth Cady Stanton, quienes comenzaron a organizarse no solo por la abolici\u00f3n de la esclavitud, sino tambi\u00e9n por el derecho al voto. La declaraci\u00f3n de Seneca Falls en 1848 marc\u00f3 un hito crucial: fue la primera convenci\u00f3n sobre los derechos de la mujer en los Estados Unidos y un claro llamado a la acci\u00f3n.<\/p>\n<p>Sin embargo, la lucha feminista no fue homog\u00e9nea. El feminismo blanco a menudo marginaba las voces de las mujeres de color, lo que nos lleva a un entendimiento m\u00e1s matizado de lo que significa ser feminista. A lo largo de la historia, el feminismo se ha manifestado de diversas maneras y ha surgido en diferentes contextos culturales y geogr\u00e1ficos. En \u00c1frica y Am\u00e9rica Latina, por ejemplo, las luchas feministas han estado profundamente entrelazadas con las campa\u00f1as anti-coloniales y de justicia social. En el siglo XX, figuras como Frida Kahlo y las activistas de los derechos civiles en los 60 y 70 buscaron combinar la lucha de las mujeres con otros movimientos sociales, resaltando la interseccionalidad tan fundamental en el discurso contempor\u00e1neo.<\/p>\n<p>Los a\u00f1os 60 y 70 fueron una \u00e9poca de efervescencia para el feminismo, marcado por el estallido de la segunda ola. Este movimiento exigi\u00f3 no solo el derecho al voto, sino tambi\u00e9n el acceso a la educaci\u00f3n, al trabajo y a la salud reproductiva. \u00abEl personal es pol\u00edtico\u00bb se convirti\u00f3 en un mantra; las mujeres comenzaron a visibilizar sus experiencias cotidianas como cuestiones de derechos humanos y justicia social. El activismo empez\u00f3 a abarcar no solo la opresi\u00f3n en el hogar, sino tambi\u00e9n la violencia sistem\u00e1tica que padec\u00edan en el \u00e1mbito p\u00fablico. El surgimiento de grupos como el National Organization for Women (NOW) en Estados Unidos y el movimiento de liberaci\u00f3n de la mujer en varias partes del mundo fue significativo. Estos grupos lucharon con esfuerzo para desmantelar las estructuras patriarcales que oprim\u00edan a las mujeres.<\/p>\n<p>La historia del feminismo nos ense\u00f1a que cada ola, cada etapa, ha sido crucial para el desarrollo del pensamiento feminista. A medida que se fueron rompiendo moldes y se ampliaron las luchas, comenzaron a surgir nuevas corrientes dentro del feminismo. En la d\u00e9cada de los 80, el feminismo radical y el feminismo liberal presentaron visiones diferentes sobre c\u00f3mo abordar la opresi\u00f3n. Mientras que una corriente abogaba por cambios estructurales en la sociedad, la otra se enfocaba en reformas dentro del sistema ya existente.<\/p>\n<p>Hoy en d\u00eda, el feminismo enfrenta nuevos desaf\u00edos y oportunidades en un mundo globalizado. Se ha convertido en un concepto que abarca m\u00faltiples voces y experiencias. Las redes sociales han jugado un papel fundamental en la diseminaci\u00f3n de ideas y la organizaci\u00f3n de protestas masivas, como las marchas del D\u00eda Internacional de la Mujer. Ahora, m\u00e1s que nunca, la interseccionalidad, que considera las m\u00faltiples facetas de identidad\u2014raza, clase, orientaci\u00f3n sexual\u2014toma protagonismo al abordar las complejidades de la opresi\u00f3n.<\/p>\n<p>Es innegable que la historia del feminismo est\u00e1 plagada de tensiones, luchas y logros. Cada hito ha aportado una pizca de progreso al ambicioso objetivo de la equidad de g\u00e9nero. Sin embargo, a\u00fan queda un largo camino por recorrer. La lucha por los derechos de las mujeres sigue siendo vital en muchas partes del mundo, donde las mujeres todav\u00eda se enfrentan a la violencia, la pobreza y la exclusi\u00f3n. <\/p>\n<p>Entonces, \u00bfcu\u00e1ndo se cre\u00f3 el feminismo? La verdad es que no hay un inicio claro. Es un fen\u00f3meno que ha evolucionado y que contin\u00faa redefini\u00e9ndose a medida que las mujeres alzan la voz y reclaman su lugar en la historia. La pregunta que realmente debemos hacernos es: \u00bfc\u00f3mo contribuiremos cada uno de nosotros a este legado en transformaci\u00f3n? El feminismo no es solo historia; es una invitaci\u00f3n a transformar nuestras realidades actuales, desafiando las normas establecidas y forjando un camino hacia la igualdad. La lucha contin\u00faa, y somos parte de ella.<\/p>\n","protected":false},"excerpt":{"rendered":"<p>La historia del feminismo, ese poderoso movimiento que ha buscado la equidad de g\u00e9nero y la liberaci\u00f3n de las mujeres en todos los \u00e1mbitos sociales, es un relato vibrante en constante evoluci\u00f3n. Pero, \u00bfcu\u00e1ndo realmente se cre\u00f3 el feminismo? La respuesta a esta pregunta no radica en una mera fecha, sino en una serie de [&hellip;]<\/p>\n","protected":false},"author":1,"featured_media":1045042,"comment_status":"open","ping_status":"open","sticky":false,"template":"","format":"standard","meta":{"footnotes":""},"categories":[83],"tags":[],"class_list":{"0":"post-1045041","1":"post","2":"type-post","3":"status-publish","4":"format-standard","5":"has-post-thumbnail","7":"category-presentada"},"yoast_head":"<!-- This site is optimized with the Yoast SEO plugin v27.4 - https:\/\/yoast.com\/product\/yoast-seo-wordpress\/ -->\n<title>\u00bfCu\u00e1ndo se cre\u00f3 el feminismo? Un hito en la historia social<\/title>\n<meta name=\"description\" content=\"La historia del feminismo, ese poderoso movimiento que ha buscado la equidad de g\u00e9nero y la liberaci\u00f3n de las mujeres en todos los \u00e1mbitos sociales, es un\" \/>\n<meta name=\"robots\" content=\"index, follow, max-snippet:-1, max-image-preview:large, max-video-preview:-1\" \/>\n<link rel=\"canonical\" href=\"https:\/\/thefeminismproject.com\/es\/presentada\/cuando-se-creo-el-feminismo-un-hito-en-la-historia-social\/\" \/>\n<meta property=\"og:locale\" content=\"es_ES\" \/>\n<meta property=\"og:type\" content=\"article\" \/>\n<meta property=\"og:title\" content=\"\u00bfCu\u00e1ndo se cre\u00f3 el feminismo? Un hito en la historia social\" \/>\n<meta property=\"og:description\" content=\"La historia del feminismo, ese poderoso movimiento que ha buscado la equidad de g\u00e9nero y la liberaci\u00f3n de las mujeres en todos los \u00e1mbitos sociales, es un\" \/>\n<meta property=\"og:url\" content=\"https:\/\/thefeminismproject.com\/es\/presentada\/cuando-se-creo-el-feminismo-un-hito-en-la-historia-social\/\" \/>\n<meta property=\"og:site_name\" content=\"thefeminismproject.com\" \/>\n<meta property=\"article:published_time\" content=\"2025-04-18T06:08:29+00:00\" \/>\n<meta property=\"og:image\" content=\"https:\/\/thefeminismproject.com\/wp-content\/uploads\/2025\/05\/mujeres-feministas-en-la-historia.jpg\" \/>\n\t<meta property=\"og:image:width\" content=\"403\" \/>\n\t<meta property=\"og:image:height\" content=\"237\" \/>\n\t<meta property=\"og:image:type\" content=\"image\/jpeg\" \/>\n<meta name=\"author\" content=\"Joaquimma Anna\" \/>\n<meta name=\"twitter:card\" content=\"summary_large_image\" \/>\n<meta name=\"twitter:label1\" content=\"Escrito por\" \/>\n\t<meta name=\"twitter:data1\" content=\"Joaquimma Anna\" \/>\n\t<meta name=\"twitter:label2\" content=\"Tiempo de lectura\" \/>\n\t<meta name=\"twitter:data2\" content=\"5 minutos\" \/>\n<script type=\"application\/ld+json\" class=\"yoast-schema-graph\">{\"@context\":\"https:\\\/\\\/schema.org\",\"@graph\":[{\"@type\":\"Article\",\"@id\":\"https:\\\/\\\/thefeminismproject.com\\\/es\\\/presentada\\\/cuando-se-creo-el-feminismo-un-hito-en-la-historia-social\\\/#article\",\"isPartOf\":{\"@id\":\"https:\\\/\\\/thefeminismproject.com\\\/es\\\/presentada\\\/cuando-se-creo-el-feminismo-un-hito-en-la-historia-social\\\/\"},\"author\":{\"name\":\"Joaquimma Anna\",\"@id\":\"https:\\\/\\\/thefeminismproject.com\\\/es\\\/#\\\/schema\\\/person\\\/d2d84f0918ac04ca2b9f5b912890ad51\"},\"headline\":\"\u00bfCu\u00e1ndo se cre\u00f3 el feminismo? Un hito en la historia social\",\"datePublished\":\"2025-04-18T06:08:29+00:00\",\"mainEntityOfPage\":{\"@id\":\"https:\\\/\\\/thefeminismproject.com\\\/es\\\/presentada\\\/cuando-se-creo-el-feminismo-un-hito-en-la-historia-social\\\/\"},\"wordCount\":937,\"commentCount\":0,\"publisher\":{\"@id\":\"https:\\\/\\\/thefeminismproject.com\\\/es\\\/#organization\"},\"image\":{\"@id\":\"https:\\\/\\\/thefeminismproject.com\\\/es\\\/presentada\\\/cuando-se-creo-el-feminismo-un-hito-en-la-historia-social\\\/#primaryimage\"},\"thumbnailUrl\":\"https:\\\/\\\/thefeminismproject.com\\\/wp-content\\\/uploads\\\/2025\\\/05\\\/mujeres-feministas-en-la-historia.jpg\",\"articleSection\":[\"Presentada\"],\"inLanguage\":\"es\",\"potentialAction\":[{\"@type\":\"CommentAction\",\"name\":\"Comment\",\"target\":[\"https:\\\/\\\/thefeminismproject.com\\\/es\\\/presentada\\\/cuando-se-creo-el-feminismo-un-hito-en-la-historia-social\\\/#respond\"]}]},{\"@type\":\"WebPage\",\"@id\":\"https:\\\/\\\/thefeminismproject.com\\\/es\\\/presentada\\\/cuando-se-creo-el-feminismo-un-hito-en-la-historia-social\\\/\",\"url\":\"https:\\\/\\\/thefeminismproject.com\\\/es\\\/presentada\\\/cuando-se-creo-el-feminismo-un-hito-en-la-historia-social\\\/\",\"name\":\"\u00bfCu\u00e1ndo se cre\u00f3 el feminismo? Un hito en la historia social\",\"isPartOf\":{\"@id\":\"https:\\\/\\\/thefeminismproject.com\\\/es\\\/#website\"},\"primaryImageOfPage\":{\"@id\":\"https:\\\/\\\/thefeminismproject.com\\\/es\\\/presentada\\\/cuando-se-creo-el-feminismo-un-hito-en-la-historia-social\\\/#primaryimage\"},\"image\":{\"@id\":\"https:\\\/\\\/thefeminismproject.com\\\/es\\\/presentada\\\/cuando-se-creo-el-feminismo-un-hito-en-la-historia-social\\\/#primaryimage\"},\"thumbnailUrl\":\"https:\\\/\\\/thefeminismproject.com\\\/wp-content\\\/uploads\\\/2025\\\/05\\\/mujeres-feministas-en-la-historia.jpg\",\"datePublished\":\"2025-04-18T06:08:29+00:00\",\"description\":\"La historia del feminismo, ese poderoso movimiento que ha buscado la equidad de g\u00e9nero y la liberaci\u00f3n de las mujeres en todos los \u00e1mbitos sociales, es un\",\"breadcrumb\":{\"@id\":\"https:\\\/\\\/thefeminismproject.com\\\/es\\\/presentada\\\/cuando-se-creo-el-feminismo-un-hito-en-la-historia-social\\\/#breadcrumb\"},\"inLanguage\":\"es\",\"potentialAction\":[{\"@type\":\"ReadAction\",\"target\":[\"https:\\\/\\\/thefeminismproject.com\\\/es\\\/presentada\\\/cuando-se-creo-el-feminismo-un-hito-en-la-historia-social\\\/\"]}]},{\"@type\":\"ImageObject\",\"inLanguage\":\"es\",\"@id\":\"https:\\\/\\\/thefeminismproject.com\\\/es\\\/presentada\\\/cuando-se-creo-el-feminismo-un-hito-en-la-historia-social\\\/#primaryimage\",\"url\":\"https:\\\/\\\/thefeminismproject.com\\\/wp-content\\\/uploads\\\/2025\\\/05\\\/mujeres-feministas-en-la-historia.jpg\",\"contentUrl\":\"https:\\\/\\\/thefeminismproject.com\\\/wp-content\\\/uploads\\\/2025\\\/05\\\/mujeres-feministas-en-la-historia.jpg\",\"width\":403,\"height\":237},{\"@type\":\"BreadcrumbList\",\"@id\":\"https:\\\/\\\/thefeminismproject.com\\\/es\\\/presentada\\\/cuando-se-creo-el-feminismo-un-hito-en-la-historia-social\\\/#breadcrumb\",\"itemListElement\":[{\"@type\":\"ListItem\",\"position\":1,\"name\":\"Home\",\"item\":\"https:\\\/\\\/thefeminismproject.com\\\/es\\\/inicio\\\/\"},{\"@type\":\"ListItem\",\"position\":2,\"name\":\"\u00bfCu\u00e1ndo se cre\u00f3 el feminismo? Un hito en la historia social\"}]},{\"@type\":\"WebSite\",\"@id\":\"https:\\\/\\\/thefeminismproject.com\\\/es\\\/#website\",\"url\":\"https:\\\/\\\/thefeminismproject.com\\\/es\\\/\",\"name\":\"thefeminismproject.com\",\"description\":\"Popular culture with a feminist twist | let&#039;s talk about things that matter (news that feels right)\",\"publisher\":{\"@id\":\"https:\\\/\\\/thefeminismproject.com\\\/es\\\/#organization\"},\"potentialAction\":[{\"@type\":\"SearchAction\",\"target\":{\"@type\":\"EntryPoint\",\"urlTemplate\":\"https:\\\/\\\/thefeminismproject.com\\\/es\\\/?s={search_term_string}\"},\"query-input\":{\"@type\":\"PropertyValueSpecification\",\"valueRequired\":true,\"valueName\":\"search_term_string\"}}],\"inLanguage\":\"es\"},{\"@type\":\"Organization\",\"@id\":\"https:\\\/\\\/thefeminismproject.com\\\/es\\\/#organization\",\"name\":\"thefeminismproject.com\",\"url\":\"https:\\\/\\\/thefeminismproject.com\\\/es\\\/\",\"logo\":{\"@type\":\"ImageObject\",\"inLanguage\":\"es\",\"@id\":\"https:\\\/\\\/thefeminismproject.com\\\/es\\\/#\\\/schema\\\/logo\\\/image\\\/\",\"url\":\"https:\\\/\\\/thefeminismproject.com\\\/wp-content\\\/uploads\\\/2024\\\/10\\\/pexels-vazhnik-7561648.jpg\",\"contentUrl\":\"https:\\\/\\\/thefeminismproject.com\\\/wp-content\\\/uploads\\\/2024\\\/10\\\/pexels-vazhnik-7561648.jpg\",\"width\":2500,\"height\":1667,\"caption\":\"thefeminismproject.com\"},\"image\":{\"@id\":\"https:\\\/\\\/thefeminismproject.com\\\/es\\\/#\\\/schema\\\/logo\\\/image\\\/\"}},{\"@type\":\"Person\",\"@id\":\"https:\\\/\\\/thefeminismproject.com\\\/es\\\/#\\\/schema\\\/person\\\/d2d84f0918ac04ca2b9f5b912890ad51\",\"name\":\"Joaquimma Anna\",\"image\":{\"@type\":\"ImageObject\",\"inLanguage\":\"es\",\"@id\":\"https:\\\/\\\/secure.gravatar.com\\\/avatar\\\/7d06747db1565e73d68391d596fc2eb15a10a4b4c1864574c454435523af94f1?s=96&d=mm&r=g\",\"url\":\"https:\\\/\\\/secure.gravatar.com\\\/avatar\\\/7d06747db1565e73d68391d596fc2eb15a10a4b4c1864574c454435523af94f1?s=96&d=mm&r=g\",\"contentUrl\":\"https:\\\/\\\/secure.gravatar.com\\\/avatar\\\/7d06747db1565e73d68391d596fc2eb15a10a4b4c1864574c454435523af94f1?s=96&d=mm&r=g\",\"caption\":\"Joaquimma Anna\"},\"description\":\"Hi my name Joaquimma Anna, and let's tumble down the rabbit hole of thought! At thefeminismproject.com, this blog is a whimsical carnival of ideas. As a mischievous feminism activist, I'm here to juggle the narratives of women. This project? A delightful escapade into the absurdities and splendors of our world. Expect the unexpected!\",\"sameAs\":[\"http:\\\/\\\/thefeminismproject.com\"],\"url\":\"https:\\\/\\\/thefeminismproject.com\\\/es\\\/author\\\/bella-sungkawa\\\/\"}]}<\/script>\n<!-- \/ Yoast SEO plugin. -->","yoast_head_json":{"title":"\u00bfCu\u00e1ndo se cre\u00f3 el feminismo? Un hito en la historia social","description":"La historia del feminismo, ese poderoso movimiento que ha buscado la equidad de g\u00e9nero y la liberaci\u00f3n de las mujeres en todos los \u00e1mbitos sociales, es un","robots":{"index":"index","follow":"follow","max-snippet":"max-snippet:-1","max-image-preview":"max-image-preview:large","max-video-preview":"max-video-preview:-1"},"canonical":"https:\/\/thefeminismproject.com\/es\/presentada\/cuando-se-creo-el-feminismo-un-hito-en-la-historia-social\/","og_locale":"es_ES","og_type":"article","og_title":"\u00bfCu\u00e1ndo se cre\u00f3 el feminismo? Un hito en la historia social","og_description":"La historia del feminismo, ese poderoso movimiento que ha buscado la equidad de g\u00e9nero y la liberaci\u00f3n de las mujeres en todos los \u00e1mbitos sociales, es un","og_url":"https:\/\/thefeminismproject.com\/es\/presentada\/cuando-se-creo-el-feminismo-un-hito-en-la-historia-social\/","og_site_name":"thefeminismproject.com","article_published_time":"2025-04-18T06:08:29+00:00","og_image":[{"width":403,"height":237,"url":"https:\/\/thefeminismproject.com\/wp-content\/uploads\/2025\/05\/mujeres-feministas-en-la-historia.jpg","type":"image\/jpeg"}],"author":"Joaquimma Anna","twitter_card":"summary_large_image","twitter_misc":{"Escrito por":"Joaquimma Anna","Tiempo de lectura":"5 minutos"},"schema":{"@context":"https:\/\/schema.org","@graph":[{"@type":"Article","@id":"https:\/\/thefeminismproject.com\/es\/presentada\/cuando-se-creo-el-feminismo-un-hito-en-la-historia-social\/#article","isPartOf":{"@id":"https:\/\/thefeminismproject.com\/es\/presentada\/cuando-se-creo-el-feminismo-un-hito-en-la-historia-social\/"},"author":{"name":"Joaquimma Anna","@id":"https:\/\/thefeminismproject.com\/es\/#\/schema\/person\/d2d84f0918ac04ca2b9f5b912890ad51"},"headline":"\u00bfCu\u00e1ndo se cre\u00f3 el feminismo? Un hito en la historia social","datePublished":"2025-04-18T06:08:29+00:00","mainEntityOfPage":{"@id":"https:\/\/thefeminismproject.com\/es\/presentada\/cuando-se-creo-el-feminismo-un-hito-en-la-historia-social\/"},"wordCount":937,"commentCount":0,"publisher":{"@id":"https:\/\/thefeminismproject.com\/es\/#organization"},"image":{"@id":"https:\/\/thefeminismproject.com\/es\/presentada\/cuando-se-creo-el-feminismo-un-hito-en-la-historia-social\/#primaryimage"},"thumbnailUrl":"https:\/\/thefeminismproject.com\/wp-content\/uploads\/2025\/05\/mujeres-feministas-en-la-historia.jpg","articleSection":["Presentada"],"inLanguage":"es","potentialAction":[{"@type":"CommentAction","name":"Comment","target":["https:\/\/thefeminismproject.com\/es\/presentada\/cuando-se-creo-el-feminismo-un-hito-en-la-historia-social\/#respond"]}]},{"@type":"WebPage","@id":"https:\/\/thefeminismproject.com\/es\/presentada\/cuando-se-creo-el-feminismo-un-hito-en-la-historia-social\/","url":"https:\/\/thefeminismproject.com\/es\/presentada\/cuando-se-creo-el-feminismo-un-hito-en-la-historia-social\/","name":"\u00bfCu\u00e1ndo se cre\u00f3 el feminismo? Un hito en la historia social","isPartOf":{"@id":"https:\/\/thefeminismproject.com\/es\/#website"},"primaryImageOfPage":{"@id":"https:\/\/thefeminismproject.com\/es\/presentada\/cuando-se-creo-el-feminismo-un-hito-en-la-historia-social\/#primaryimage"},"image":{"@id":"https:\/\/thefeminismproject.com\/es\/presentada\/cuando-se-creo-el-feminismo-un-hito-en-la-historia-social\/#primaryimage"},"thumbnailUrl":"https:\/\/thefeminismproject.com\/wp-content\/uploads\/2025\/05\/mujeres-feministas-en-la-historia.jpg","datePublished":"2025-04-18T06:08:29+00:00","description":"La historia del feminismo, ese poderoso movimiento que ha buscado la equidad de g\u00e9nero y la liberaci\u00f3n de las mujeres en todos los \u00e1mbitos sociales, es un","breadcrumb":{"@id":"https:\/\/thefeminismproject.com\/es\/presentada\/cuando-se-creo-el-feminismo-un-hito-en-la-historia-social\/#breadcrumb"},"inLanguage":"es","potentialAction":[{"@type":"ReadAction","target":["https:\/\/thefeminismproject.com\/es\/presentada\/cuando-se-creo-el-feminismo-un-hito-en-la-historia-social\/"]}]},{"@type":"ImageObject","inLanguage":"es","@id":"https:\/\/thefeminismproject.com\/es\/presentada\/cuando-se-creo-el-feminismo-un-hito-en-la-historia-social\/#primaryimage","url":"https:\/\/thefeminismproject.com\/wp-content\/uploads\/2025\/05\/mujeres-feministas-en-la-historia.jpg","contentUrl":"https:\/\/thefeminismproject.com\/wp-content\/uploads\/2025\/05\/mujeres-feministas-en-la-historia.jpg","width":403,"height":237},{"@type":"BreadcrumbList","@id":"https:\/\/thefeminismproject.com\/es\/presentada\/cuando-se-creo-el-feminismo-un-hito-en-la-historia-social\/#breadcrumb","itemListElement":[{"@type":"ListItem","position":1,"name":"Home","item":"https:\/\/thefeminismproject.com\/es\/inicio\/"},{"@type":"ListItem","position":2,"name":"\u00bfCu\u00e1ndo se cre\u00f3 el feminismo? Un hito en la historia social"}]},{"@type":"WebSite","@id":"https:\/\/thefeminismproject.com\/es\/#website","url":"https:\/\/thefeminismproject.com\/es\/","name":"thefeminismproject.com","description":"Popular culture with a feminist twist | let&#039;s talk about things that matter (news that feels right)","publisher":{"@id":"https:\/\/thefeminismproject.com\/es\/#organization"},"potentialAction":[{"@type":"SearchAction","target":{"@type":"EntryPoint","urlTemplate":"https:\/\/thefeminismproject.com\/es\/?s={search_term_string}"},"query-input":{"@type":"PropertyValueSpecification","valueRequired":true,"valueName":"search_term_string"}}],"inLanguage":"es"},{"@type":"Organization","@id":"https:\/\/thefeminismproject.com\/es\/#organization","name":"thefeminismproject.com","url":"https:\/\/thefeminismproject.com\/es\/","logo":{"@type":"ImageObject","inLanguage":"es","@id":"https:\/\/thefeminismproject.com\/es\/#\/schema\/logo\/image\/","url":"https:\/\/thefeminismproject.com\/wp-content\/uploads\/2024\/10\/pexels-vazhnik-7561648.jpg","contentUrl":"https:\/\/thefeminismproject.com\/wp-content\/uploads\/2024\/10\/pexels-vazhnik-7561648.jpg","width":2500,"height":1667,"caption":"thefeminismproject.com"},"image":{"@id":"https:\/\/thefeminismproject.com\/es\/#\/schema\/logo\/image\/"}},{"@type":"Person","@id":"https:\/\/thefeminismproject.com\/es\/#\/schema\/person\/d2d84f0918ac04ca2b9f5b912890ad51","name":"Joaquimma Anna","image":{"@type":"ImageObject","inLanguage":"es","@id":"https:\/\/secure.gravatar.com\/avatar\/7d06747db1565e73d68391d596fc2eb15a10a4b4c1864574c454435523af94f1?s=96&d=mm&r=g","url":"https:\/\/secure.gravatar.com\/avatar\/7d06747db1565e73d68391d596fc2eb15a10a4b4c1864574c454435523af94f1?s=96&d=mm&r=g","contentUrl":"https:\/\/secure.gravatar.com\/avatar\/7d06747db1565e73d68391d596fc2eb15a10a4b4c1864574c454435523af94f1?s=96&d=mm&r=g","caption":"Joaquimma Anna"},"description":"Hi my name Joaquimma Anna, and let's tumble down the rabbit hole of thought! At thefeminismproject.com, this blog is a whimsical carnival of ideas. As a mischievous feminism activist, I'm here to juggle the narratives of women. This project? A delightful escapade into the absurdities and splendors of our world. Expect the unexpected!","sameAs":["http:\/\/thefeminismproject.com"],"url":"https:\/\/thefeminismproject.com\/es\/author\/bella-sungkawa\/"}]}},"_links":{"self":[{"href":"https:\/\/thefeminismproject.com\/es\/wp-json\/wp\/v2\/posts\/1045041","targetHints":{"allow":["GET"]}}],"collection":[{"href":"https:\/\/thefeminismproject.com\/es\/wp-json\/wp\/v2\/posts"}],"about":[{"href":"https:\/\/thefeminismproject.com\/es\/wp-json\/wp\/v2\/types\/post"}],"author":[{"embeddable":true,"href":"https:\/\/thefeminismproject.com\/es\/wp-json\/wp\/v2\/users\/1"}],"replies":[{"embeddable":true,"href":"https:\/\/thefeminismproject.com\/es\/wp-json\/wp\/v2\/comments?post=1045041"}],"version-history":[{"count":0,"href":"https:\/\/thefeminismproject.com\/es\/wp-json\/wp\/v2\/posts\/1045041\/revisions"}],"wp:featuredmedia":[{"embeddable":true,"href":"https:\/\/thefeminismproject.com\/es\/wp-json\/wp\/v2\/media\/1045042"}],"wp:attachment":[{"href":"https:\/\/thefeminismproject.com\/es\/wp-json\/wp\/v2\/media?parent=1045041"}],"wp:term":[{"taxonomy":"category","embeddable":true,"href":"https:\/\/thefeminismproject.com\/es\/wp-json\/wp\/v2\/categories?post=1045041"},{"taxonomy":"post_tag","embeddable":true,"href":"https:\/\/thefeminismproject.com\/es\/wp-json\/wp\/v2\/tags?post=1045041"}],"curies":[{"name":"wp","href":"https:\/\/api.w.org\/{rel}","templated":true}]}}