{"id":1046137,"date":"2025-05-03T03:09:29","date_gmt":"2025-05-03T03:09:29","guid":{"rendered":"https:\/\/thefeminismproject.com\/sin-categoria\/simone-de-beauvoir-fue-feminista-la-filosofa-de-la-liberacion\/"},"modified":"2025-05-03T03:09:29","modified_gmt":"2025-05-03T03:09:29","slug":"simone-de-beauvoir-fue-feminista-la-filosofa-de-la-liberacion","status":"publish","type":"post","link":"https:\/\/thefeminismproject.com\/es\/presentada\/simone-de-beauvoir-fue-feminista-la-filosofa-de-la-liberacion\/","title":{"rendered":"\u00bfSimone de Beauvoir fue feminista? La fil\u00f3sofa de la liberaci\u00f3n"},"content":{"rendered":"<p>\u00bfSimone de Beauvoir fue feminista? Esa cuesti\u00f3n invita a un despliegue de matices y an\u00e1lisis que solo una mente aguda podr\u00eda orquestar. La figura de Simone, sin duda, es uno de los pilares fundamentales en las discusiones contempor\u00e1neas sobre feminismo. Sin embargo, hay quienes osan plantear un dilema: \u00bfpuede una mujer ser a la vez un \u00edcono del feminismo y cuestionar conceptos que hoy consideramos b\u00e1sicos en dicha lucha? Esta ambig\u00fcedad es lo que hace de Beauvoir un sujeto de estudio fascinante y provocador.<\/p>\n<p>Desde el primer contacto con \u00abEl segundo sexo\u00bb, la obra que la consagra como una de las autoras m\u00e1s le\u00eddas de la filosof\u00eda del siglo XX, te sientes atrapado por su perspicacia. En esta obra, Beauvoir no solo denuncia la opresi\u00f3n de las mujeres, sino que se atreve a desmantelar las construcciones sociales que mantienen al g\u00e9nero femenino relegado. Es esa exploraci\u00f3n intr\u00e9pida la que invita a cuestionar: \u00bfpuede llamarse feminista a alguien que, en algunos momentos, parece negar algunas de las premisas que sostienen el discurso feminista contempor\u00e1neo?<\/p>\n<p>Para entender verdaderamente a Beauvoir, es imprescindible sumergirse en su contexto hist\u00f3rico. Nacida en 1908, en una sociedad dominada por los valores patriarcales, su vida y obra no pueden ser desvinculadas de la \u00e9poca en que vivi\u00f3. La lucha por la igualdad de g\u00e9nero estaba en sus primeras etapas, y ella se erigi\u00f3 como una te\u00f3rica de la transformaci\u00f3n social. En este sentido, su tesis de que \u00abno se nace mujer: se llega a serlo\u00bb es un desaf\u00edo profundo a la noci\u00f3n esencialista de la identidad de g\u00e9nero. Pero, \u00bfrealmente sus ideas se alinean con el feminismo contempor\u00e1neo?<\/p>\n<p>Un aspecto crucial de su filosof\u00eda es el concepto de la libertad. Beauvoir explora la noci\u00f3n de que la opresi\u00f3n no es solo externa, sino tambi\u00e9n interna; las mujeres a menudo se autoimponen limitaciones. Este entendimiento cabr\u00eda preguntarse si, al enfatizar la autonom\u00eda personal, Beauvoir abre la puerta a interpretaciones divergentes del feminismo. Pocas feministas abogan por la liberaci\u00f3n individual al costo de la solidaridad colectiva. Aqu\u00ed radica el meollo del debate: \u00bfpuede el enfoque de Beauvoir ser considerado feminista si parece no priorizar la unificaci\u00f3n de las luchas?<\/p>\n<p>A medida que profundizamos, es evidente que la obra de Beauvoir tambi\u00e9n tiene elementos que la sit\u00faan en un terreno algo complicado. Al destacar la importancia de la individualidad, se plantea un reto a la noci\u00f3n de sisterhood que ha sido el fundamento de muchas corrientes feministas. La pregunta persiste: \u00bfacaso su \u00e9nfasis en la experiencia subjetiva del individuo podr\u00eda diluir la lucha colectiva de las mujeres? El riesgo de atomizar el feminismo es un tema que sigue siendo relevante en las discusiones contempor\u00e1neas.<\/p>\n<p>En t\u00e9rminos de su impacto en el feminismo, es innegable que Beauvoir proporciona una cr\u00edtica aguda y necesaria hacia el patriarcado. Su visi\u00f3n de la mujer como \u00abel otro\u00bb es una de las contribuciones m\u00e1s incisivas al estudio del g\u00e9nero y la sexualidad. Ella se\u00f1ala que la desigualdad es una construcci\u00f3n social, reforzada por sistemas de pensamiento que perpet\u00faan la opresi\u00f3n. Sin embargo, los detractores de su enfoque apuntan a que su obra a menudo se centra en las experiencias de las mujeres blancas y de clase media, dejando a un lado a aquellas mujeres que representan la interseccionalidad de la opresi\u00f3n.<\/p>\n<p>Este punto es donde la cr\u00edtica debe profundizarse. La falta de reconocimiento hacia las voces fugaces y las luchas de las mujeres de color, de clase trabajadora y de otros grupos marginados pone en tela de juicio la universalidad de las afirmaciones de Beauvoir. \u00bfPuede una filosofa que ignora las diferencias en las experiencias de las mujeres ser realmente considerada feminista en un sentido inclusivo? Este dilema resuena por el resto de las obras feministas que la siguen, intensificando el debate sobre qui\u00e9n realmente representa el feminismo y si Beauvoir cumple con esos criterios.<\/p>\n<p>Al final del d\u00eda, la pregunta sobre si Simone de Beauvoir es feminista no tiene una respuesta sencilla. Su legado est\u00e1 impregnado de contradicciones y desaf\u00edos, que son, curiosamente, los mismos a los que se enfrenta el feminismo contempor\u00e1neo. La lucha por la equidad no es un camino lineal; est\u00e1 plagado de matices, de voces diversas y de experiencias que no pueden ser encapsuladas en una \u00fanica narrativa. Sin embargo, reconocer a Beauvoir como una figura que, a trav\u00e9s de su obra, nos insta a cuestionar nuestras propias percepciones de lo que significa ser feminista, puede ser un paso hacia una reflexi\u00f3n m\u00e1s profunda.<\/p>\n<p>Este an\u00e1lisis no es solo un homenaje a Simone de Beauvoir, sino un reto. Las feministas de hoy deben interrogar las bases sobre las que se sustentan y expandir el discurso m\u00e1s all\u00e1 de la individualidad. Si el feminismo es un movimiento de liberaci\u00f3n, \u00bfc\u00f3mo puede incluir a todas las voces sin marginar a las que no se ajustan a una norma preestablecida? La provocaci\u00f3n es clara: el feminismo no puede asentarse \u00fanicamente en la obra de un individuo, sin importar su relevancia. As\u00ed, Simone de Beauvoir no solo nos lleva a cuestionar su propia feminidad, sino tambi\u00e9n la forma en que definimos y practicamos el feminismo en un mundo complejo e interconectado.<\/p>\n","protected":false},"excerpt":{"rendered":"<p>\u00bfSimone de Beauvoir fue feminista? Esa cuesti\u00f3n invita a un despliegue de matices y an\u00e1lisis que solo una mente aguda podr\u00eda orquestar. La figura de Simone, sin duda, es uno de los pilares fundamentales en las discusiones contempor\u00e1neas sobre feminismo. Sin embargo, hay quienes osan plantear un dilema: \u00bfpuede una mujer ser a la vez [&hellip;]<\/p>\n","protected":false},"author":1,"featured_media":1045842,"comment_status":"open","ping_status":"open","sticky":false,"template":"","format":"standard","meta":{"footnotes":""},"categories":[83],"tags":[],"class_list":{"0":"post-1046137","1":"post","2":"type-post","3":"status-publish","4":"format-standard","5":"has-post-thumbnail","7":"category-presentada"},"yoast_head":"<!-- This site is optimized with the Yoast SEO plugin v27.4 - https:\/\/yoast.com\/product\/yoast-seo-wordpress\/ -->\n<title>\u00bfSimone de Beauvoir fue feminista? La fil\u00f3sofa de la liberaci\u00f3n<\/title>\n<meta name=\"description\" content=\"\u00bfSimone de Beauvoir fue feminista? Esa cuesti\u00f3n invita a un despliegue de matices y an\u00e1lisis que solo una mente aguda podr\u00eda orquestar. La figura de\" \/>\n<meta name=\"robots\" content=\"index, follow, max-snippet:-1, max-image-preview:large, max-video-preview:-1\" \/>\n<link rel=\"canonical\" href=\"https:\/\/thefeminismproject.com\/es\/presentada\/simone-de-beauvoir-fue-feminista-la-filosofa-de-la-liberacion\/\" \/>\n<meta property=\"og:locale\" content=\"es_ES\" \/>\n<meta property=\"og:type\" content=\"article\" \/>\n<meta property=\"og:title\" content=\"\u00bfSimone de Beauvoir fue feminista? La fil\u00f3sofa de la liberaci\u00f3n\" \/>\n<meta property=\"og:description\" content=\"\u00bfSimone de Beauvoir fue feminista? Esa cuesti\u00f3n invita a un despliegue de matices y an\u00e1lisis que solo una mente aguda podr\u00eda orquestar. La figura de\" \/>\n<meta property=\"og:url\" content=\"https:\/\/thefeminismproject.com\/es\/presentada\/simone-de-beauvoir-fue-feminista-la-filosofa-de-la-liberacion\/\" \/>\n<meta property=\"og:site_name\" content=\"thefeminismproject.com\" \/>\n<meta property=\"article:published_time\" content=\"2025-05-03T03:09:29+00:00\" \/>\n<meta property=\"og:image\" content=\"https:\/\/thefeminismproject.com\/wp-content\/uploads\/2025\/05\/simone2-emergentes.jpeg\" \/>\n\t<meta property=\"og:image:width\" content=\"1280\" \/>\n\t<meta property=\"og:image:height\" content=\"1013\" \/>\n\t<meta property=\"og:image:type\" content=\"image\/jpeg\" \/>\n<meta name=\"author\" content=\"Joaquimma Anna\" \/>\n<meta name=\"twitter:card\" content=\"summary_large_image\" \/>\n<meta name=\"twitter:label1\" content=\"Escrito por\" \/>\n\t<meta name=\"twitter:data1\" content=\"Joaquimma Anna\" \/>\n\t<meta name=\"twitter:label2\" content=\"Tiempo de lectura\" \/>\n\t<meta name=\"twitter:data2\" content=\"5 minutos\" \/>\n<script type=\"application\/ld+json\" class=\"yoast-schema-graph\">{\"@context\":\"https:\\\/\\\/schema.org\",\"@graph\":[{\"@type\":\"Article\",\"@id\":\"https:\\\/\\\/thefeminismproject.com\\\/es\\\/presentada\\\/simone-de-beauvoir-fue-feminista-la-filosofa-de-la-liberacion\\\/#article\",\"isPartOf\":{\"@id\":\"https:\\\/\\\/thefeminismproject.com\\\/es\\\/presentada\\\/simone-de-beauvoir-fue-feminista-la-filosofa-de-la-liberacion\\\/\"},\"author\":{\"name\":\"Joaquimma Anna\",\"@id\":\"https:\\\/\\\/thefeminismproject.com\\\/es\\\/#\\\/schema\\\/person\\\/d2d84f0918ac04ca2b9f5b912890ad51\"},\"headline\":\"\u00bfSimone de Beauvoir fue feminista? La fil\u00f3sofa de la liberaci\u00f3n\",\"datePublished\":\"2025-05-03T03:09:29+00:00\",\"mainEntityOfPage\":{\"@id\":\"https:\\\/\\\/thefeminismproject.com\\\/es\\\/presentada\\\/simone-de-beauvoir-fue-feminista-la-filosofa-de-la-liberacion\\\/\"},\"wordCount\":927,\"commentCount\":0,\"publisher\":{\"@id\":\"https:\\\/\\\/thefeminismproject.com\\\/es\\\/#organization\"},\"image\":{\"@id\":\"https:\\\/\\\/thefeminismproject.com\\\/es\\\/presentada\\\/simone-de-beauvoir-fue-feminista-la-filosofa-de-la-liberacion\\\/#primaryimage\"},\"thumbnailUrl\":\"https:\\\/\\\/thefeminismproject.com\\\/wp-content\\\/uploads\\\/2025\\\/05\\\/simone2-emergentes.jpeg\",\"articleSection\":[\"Presentada\"],\"inLanguage\":\"es\",\"potentialAction\":[{\"@type\":\"CommentAction\",\"name\":\"Comment\",\"target\":[\"https:\\\/\\\/thefeminismproject.com\\\/es\\\/presentada\\\/simone-de-beauvoir-fue-feminista-la-filosofa-de-la-liberacion\\\/#respond\"]}]},{\"@type\":\"WebPage\",\"@id\":\"https:\\\/\\\/thefeminismproject.com\\\/es\\\/presentada\\\/simone-de-beauvoir-fue-feminista-la-filosofa-de-la-liberacion\\\/\",\"url\":\"https:\\\/\\\/thefeminismproject.com\\\/es\\\/presentada\\\/simone-de-beauvoir-fue-feminista-la-filosofa-de-la-liberacion\\\/\",\"name\":\"\u00bfSimone de Beauvoir fue feminista? La fil\u00f3sofa de la liberaci\u00f3n\",\"isPartOf\":{\"@id\":\"https:\\\/\\\/thefeminismproject.com\\\/es\\\/#website\"},\"primaryImageOfPage\":{\"@id\":\"https:\\\/\\\/thefeminismproject.com\\\/es\\\/presentada\\\/simone-de-beauvoir-fue-feminista-la-filosofa-de-la-liberacion\\\/#primaryimage\"},\"image\":{\"@id\":\"https:\\\/\\\/thefeminismproject.com\\\/es\\\/presentada\\\/simone-de-beauvoir-fue-feminista-la-filosofa-de-la-liberacion\\\/#primaryimage\"},\"thumbnailUrl\":\"https:\\\/\\\/thefeminismproject.com\\\/wp-content\\\/uploads\\\/2025\\\/05\\\/simone2-emergentes.jpeg\",\"datePublished\":\"2025-05-03T03:09:29+00:00\",\"description\":\"\u00bfSimone de Beauvoir fue feminista? Esa cuesti\u00f3n invita a un despliegue de matices y an\u00e1lisis que solo una mente aguda podr\u00eda orquestar. La figura de\",\"breadcrumb\":{\"@id\":\"https:\\\/\\\/thefeminismproject.com\\\/es\\\/presentada\\\/simone-de-beauvoir-fue-feminista-la-filosofa-de-la-liberacion\\\/#breadcrumb\"},\"inLanguage\":\"es\",\"potentialAction\":[{\"@type\":\"ReadAction\",\"target\":[\"https:\\\/\\\/thefeminismproject.com\\\/es\\\/presentada\\\/simone-de-beauvoir-fue-feminista-la-filosofa-de-la-liberacion\\\/\"]}]},{\"@type\":\"ImageObject\",\"inLanguage\":\"es\",\"@id\":\"https:\\\/\\\/thefeminismproject.com\\\/es\\\/presentada\\\/simone-de-beauvoir-fue-feminista-la-filosofa-de-la-liberacion\\\/#primaryimage\",\"url\":\"https:\\\/\\\/thefeminismproject.com\\\/wp-content\\\/uploads\\\/2025\\\/05\\\/simone2-emergentes.jpeg\",\"contentUrl\":\"https:\\\/\\\/thefeminismproject.com\\\/wp-content\\\/uploads\\\/2025\\\/05\\\/simone2-emergentes.jpeg\",\"width\":1280,\"height\":1013},{\"@type\":\"BreadcrumbList\",\"@id\":\"https:\\\/\\\/thefeminismproject.com\\\/es\\\/presentada\\\/simone-de-beauvoir-fue-feminista-la-filosofa-de-la-liberacion\\\/#breadcrumb\",\"itemListElement\":[{\"@type\":\"ListItem\",\"position\":1,\"name\":\"Home\",\"item\":\"https:\\\/\\\/thefeminismproject.com\\\/es\\\/inicio\\\/\"},{\"@type\":\"ListItem\",\"position\":2,\"name\":\"\u00bfSimone de Beauvoir fue feminista? La fil\u00f3sofa de la liberaci\u00f3n\"}]},{\"@type\":\"WebSite\",\"@id\":\"https:\\\/\\\/thefeminismproject.com\\\/es\\\/#website\",\"url\":\"https:\\\/\\\/thefeminismproject.com\\\/es\\\/\",\"name\":\"thefeminismproject.com\",\"description\":\"Popular culture with a feminist twist | let&#039;s talk about things that matter (news that feels right)\",\"publisher\":{\"@id\":\"https:\\\/\\\/thefeminismproject.com\\\/es\\\/#organization\"},\"potentialAction\":[{\"@type\":\"SearchAction\",\"target\":{\"@type\":\"EntryPoint\",\"urlTemplate\":\"https:\\\/\\\/thefeminismproject.com\\\/es\\\/?s={search_term_string}\"},\"query-input\":{\"@type\":\"PropertyValueSpecification\",\"valueRequired\":true,\"valueName\":\"search_term_string\"}}],\"inLanguage\":\"es\"},{\"@type\":\"Organization\",\"@id\":\"https:\\\/\\\/thefeminismproject.com\\\/es\\\/#organization\",\"name\":\"thefeminismproject.com\",\"url\":\"https:\\\/\\\/thefeminismproject.com\\\/es\\\/\",\"logo\":{\"@type\":\"ImageObject\",\"inLanguage\":\"es\",\"@id\":\"https:\\\/\\\/thefeminismproject.com\\\/es\\\/#\\\/schema\\\/logo\\\/image\\\/\",\"url\":\"https:\\\/\\\/thefeminismproject.com\\\/wp-content\\\/uploads\\\/2024\\\/10\\\/pexels-vazhnik-7561648.jpg\",\"contentUrl\":\"https:\\\/\\\/thefeminismproject.com\\\/wp-content\\\/uploads\\\/2024\\\/10\\\/pexels-vazhnik-7561648.jpg\",\"width\":2500,\"height\":1667,\"caption\":\"thefeminismproject.com\"},\"image\":{\"@id\":\"https:\\\/\\\/thefeminismproject.com\\\/es\\\/#\\\/schema\\\/logo\\\/image\\\/\"}},{\"@type\":\"Person\",\"@id\":\"https:\\\/\\\/thefeminismproject.com\\\/es\\\/#\\\/schema\\\/person\\\/d2d84f0918ac04ca2b9f5b912890ad51\",\"name\":\"Joaquimma Anna\",\"image\":{\"@type\":\"ImageObject\",\"inLanguage\":\"es\",\"@id\":\"https:\\\/\\\/secure.gravatar.com\\\/avatar\\\/7d06747db1565e73d68391d596fc2eb15a10a4b4c1864574c454435523af94f1?s=96&d=mm&r=g\",\"url\":\"https:\\\/\\\/secure.gravatar.com\\\/avatar\\\/7d06747db1565e73d68391d596fc2eb15a10a4b4c1864574c454435523af94f1?s=96&d=mm&r=g\",\"contentUrl\":\"https:\\\/\\\/secure.gravatar.com\\\/avatar\\\/7d06747db1565e73d68391d596fc2eb15a10a4b4c1864574c454435523af94f1?s=96&d=mm&r=g\",\"caption\":\"Joaquimma Anna\"},\"description\":\"Hi my name Joaquimma Anna, and let's tumble down the rabbit hole of thought! At thefeminismproject.com, this blog is a whimsical carnival of ideas. As a mischievous feminism activist, I'm here to juggle the narratives of women. This project? A delightful escapade into the absurdities and splendors of our world. Expect the unexpected!\",\"sameAs\":[\"http:\\\/\\\/thefeminismproject.com\"],\"url\":\"https:\\\/\\\/thefeminismproject.com\\\/es\\\/author\\\/bella-sungkawa\\\/\"}]}<\/script>\n<!-- \/ Yoast SEO plugin. -->","yoast_head_json":{"title":"\u00bfSimone de Beauvoir fue feminista? La fil\u00f3sofa de la liberaci\u00f3n","description":"\u00bfSimone de Beauvoir fue feminista? Esa cuesti\u00f3n invita a un despliegue de matices y an\u00e1lisis que solo una mente aguda podr\u00eda orquestar. La figura de","robots":{"index":"index","follow":"follow","max-snippet":"max-snippet:-1","max-image-preview":"max-image-preview:large","max-video-preview":"max-video-preview:-1"},"canonical":"https:\/\/thefeminismproject.com\/es\/presentada\/simone-de-beauvoir-fue-feminista-la-filosofa-de-la-liberacion\/","og_locale":"es_ES","og_type":"article","og_title":"\u00bfSimone de Beauvoir fue feminista? La fil\u00f3sofa de la liberaci\u00f3n","og_description":"\u00bfSimone de Beauvoir fue feminista? Esa cuesti\u00f3n invita a un despliegue de matices y an\u00e1lisis que solo una mente aguda podr\u00eda orquestar. La figura de","og_url":"https:\/\/thefeminismproject.com\/es\/presentada\/simone-de-beauvoir-fue-feminista-la-filosofa-de-la-liberacion\/","og_site_name":"thefeminismproject.com","article_published_time":"2025-05-03T03:09:29+00:00","og_image":[{"width":1280,"height":1013,"url":"https:\/\/thefeminismproject.com\/wp-content\/uploads\/2025\/05\/simone2-emergentes.jpeg","type":"image\/jpeg"}],"author":"Joaquimma Anna","twitter_card":"summary_large_image","twitter_misc":{"Escrito por":"Joaquimma Anna","Tiempo de lectura":"5 minutos"},"schema":{"@context":"https:\/\/schema.org","@graph":[{"@type":"Article","@id":"https:\/\/thefeminismproject.com\/es\/presentada\/simone-de-beauvoir-fue-feminista-la-filosofa-de-la-liberacion\/#article","isPartOf":{"@id":"https:\/\/thefeminismproject.com\/es\/presentada\/simone-de-beauvoir-fue-feminista-la-filosofa-de-la-liberacion\/"},"author":{"name":"Joaquimma Anna","@id":"https:\/\/thefeminismproject.com\/es\/#\/schema\/person\/d2d84f0918ac04ca2b9f5b912890ad51"},"headline":"\u00bfSimone de Beauvoir fue feminista? La fil\u00f3sofa de la liberaci\u00f3n","datePublished":"2025-05-03T03:09:29+00:00","mainEntityOfPage":{"@id":"https:\/\/thefeminismproject.com\/es\/presentada\/simone-de-beauvoir-fue-feminista-la-filosofa-de-la-liberacion\/"},"wordCount":927,"commentCount":0,"publisher":{"@id":"https:\/\/thefeminismproject.com\/es\/#organization"},"image":{"@id":"https:\/\/thefeminismproject.com\/es\/presentada\/simone-de-beauvoir-fue-feminista-la-filosofa-de-la-liberacion\/#primaryimage"},"thumbnailUrl":"https:\/\/thefeminismproject.com\/wp-content\/uploads\/2025\/05\/simone2-emergentes.jpeg","articleSection":["Presentada"],"inLanguage":"es","potentialAction":[{"@type":"CommentAction","name":"Comment","target":["https:\/\/thefeminismproject.com\/es\/presentada\/simone-de-beauvoir-fue-feminista-la-filosofa-de-la-liberacion\/#respond"]}]},{"@type":"WebPage","@id":"https:\/\/thefeminismproject.com\/es\/presentada\/simone-de-beauvoir-fue-feminista-la-filosofa-de-la-liberacion\/","url":"https:\/\/thefeminismproject.com\/es\/presentada\/simone-de-beauvoir-fue-feminista-la-filosofa-de-la-liberacion\/","name":"\u00bfSimone de Beauvoir fue feminista? La fil\u00f3sofa de la liberaci\u00f3n","isPartOf":{"@id":"https:\/\/thefeminismproject.com\/es\/#website"},"primaryImageOfPage":{"@id":"https:\/\/thefeminismproject.com\/es\/presentada\/simone-de-beauvoir-fue-feminista-la-filosofa-de-la-liberacion\/#primaryimage"},"image":{"@id":"https:\/\/thefeminismproject.com\/es\/presentada\/simone-de-beauvoir-fue-feminista-la-filosofa-de-la-liberacion\/#primaryimage"},"thumbnailUrl":"https:\/\/thefeminismproject.com\/wp-content\/uploads\/2025\/05\/simone2-emergentes.jpeg","datePublished":"2025-05-03T03:09:29+00:00","description":"\u00bfSimone de Beauvoir fue feminista? Esa cuesti\u00f3n invita a un despliegue de matices y an\u00e1lisis que solo una mente aguda podr\u00eda orquestar. La figura de","breadcrumb":{"@id":"https:\/\/thefeminismproject.com\/es\/presentada\/simone-de-beauvoir-fue-feminista-la-filosofa-de-la-liberacion\/#breadcrumb"},"inLanguage":"es","potentialAction":[{"@type":"ReadAction","target":["https:\/\/thefeminismproject.com\/es\/presentada\/simone-de-beauvoir-fue-feminista-la-filosofa-de-la-liberacion\/"]}]},{"@type":"ImageObject","inLanguage":"es","@id":"https:\/\/thefeminismproject.com\/es\/presentada\/simone-de-beauvoir-fue-feminista-la-filosofa-de-la-liberacion\/#primaryimage","url":"https:\/\/thefeminismproject.com\/wp-content\/uploads\/2025\/05\/simone2-emergentes.jpeg","contentUrl":"https:\/\/thefeminismproject.com\/wp-content\/uploads\/2025\/05\/simone2-emergentes.jpeg","width":1280,"height":1013},{"@type":"BreadcrumbList","@id":"https:\/\/thefeminismproject.com\/es\/presentada\/simone-de-beauvoir-fue-feminista-la-filosofa-de-la-liberacion\/#breadcrumb","itemListElement":[{"@type":"ListItem","position":1,"name":"Home","item":"https:\/\/thefeminismproject.com\/es\/inicio\/"},{"@type":"ListItem","position":2,"name":"\u00bfSimone de Beauvoir fue feminista? La fil\u00f3sofa de la liberaci\u00f3n"}]},{"@type":"WebSite","@id":"https:\/\/thefeminismproject.com\/es\/#website","url":"https:\/\/thefeminismproject.com\/es\/","name":"thefeminismproject.com","description":"Popular culture with a feminist twist | let&#039;s talk about things that matter (news that feels right)","publisher":{"@id":"https:\/\/thefeminismproject.com\/es\/#organization"},"potentialAction":[{"@type":"SearchAction","target":{"@type":"EntryPoint","urlTemplate":"https:\/\/thefeminismproject.com\/es\/?s={search_term_string}"},"query-input":{"@type":"PropertyValueSpecification","valueRequired":true,"valueName":"search_term_string"}}],"inLanguage":"es"},{"@type":"Organization","@id":"https:\/\/thefeminismproject.com\/es\/#organization","name":"thefeminismproject.com","url":"https:\/\/thefeminismproject.com\/es\/","logo":{"@type":"ImageObject","inLanguage":"es","@id":"https:\/\/thefeminismproject.com\/es\/#\/schema\/logo\/image\/","url":"https:\/\/thefeminismproject.com\/wp-content\/uploads\/2024\/10\/pexels-vazhnik-7561648.jpg","contentUrl":"https:\/\/thefeminismproject.com\/wp-content\/uploads\/2024\/10\/pexels-vazhnik-7561648.jpg","width":2500,"height":1667,"caption":"thefeminismproject.com"},"image":{"@id":"https:\/\/thefeminismproject.com\/es\/#\/schema\/logo\/image\/"}},{"@type":"Person","@id":"https:\/\/thefeminismproject.com\/es\/#\/schema\/person\/d2d84f0918ac04ca2b9f5b912890ad51","name":"Joaquimma Anna","image":{"@type":"ImageObject","inLanguage":"es","@id":"https:\/\/secure.gravatar.com\/avatar\/7d06747db1565e73d68391d596fc2eb15a10a4b4c1864574c454435523af94f1?s=96&d=mm&r=g","url":"https:\/\/secure.gravatar.com\/avatar\/7d06747db1565e73d68391d596fc2eb15a10a4b4c1864574c454435523af94f1?s=96&d=mm&r=g","contentUrl":"https:\/\/secure.gravatar.com\/avatar\/7d06747db1565e73d68391d596fc2eb15a10a4b4c1864574c454435523af94f1?s=96&d=mm&r=g","caption":"Joaquimma Anna"},"description":"Hi my name Joaquimma Anna, and let's tumble down the rabbit hole of thought! At thefeminismproject.com, this blog is a whimsical carnival of ideas. As a mischievous feminism activist, I'm here to juggle the narratives of women. This project? A delightful escapade into the absurdities and splendors of our world. Expect the unexpected!","sameAs":["http:\/\/thefeminismproject.com"],"url":"https:\/\/thefeminismproject.com\/es\/author\/bella-sungkawa\/"}]}},"_links":{"self":[{"href":"https:\/\/thefeminismproject.com\/es\/wp-json\/wp\/v2\/posts\/1046137","targetHints":{"allow":["GET"]}}],"collection":[{"href":"https:\/\/thefeminismproject.com\/es\/wp-json\/wp\/v2\/posts"}],"about":[{"href":"https:\/\/thefeminismproject.com\/es\/wp-json\/wp\/v2\/types\/post"}],"author":[{"embeddable":true,"href":"https:\/\/thefeminismproject.com\/es\/wp-json\/wp\/v2\/users\/1"}],"replies":[{"embeddable":true,"href":"https:\/\/thefeminismproject.com\/es\/wp-json\/wp\/v2\/comments?post=1046137"}],"version-history":[{"count":0,"href":"https:\/\/thefeminismproject.com\/es\/wp-json\/wp\/v2\/posts\/1046137\/revisions"}],"wp:featuredmedia":[{"embeddable":true,"href":"https:\/\/thefeminismproject.com\/es\/wp-json\/wp\/v2\/media\/1045842"}],"wp:attachment":[{"href":"https:\/\/thefeminismproject.com\/es\/wp-json\/wp\/v2\/media?parent=1046137"}],"wp:term":[{"taxonomy":"category","embeddable":true,"href":"https:\/\/thefeminismproject.com\/es\/wp-json\/wp\/v2\/categories?post=1046137"},{"taxonomy":"post_tag","embeddable":true,"href":"https:\/\/thefeminismproject.com\/es\/wp-json\/wp\/v2\/tags?post=1046137"}],"curies":[{"name":"wp","href":"https:\/\/api.w.org\/{rel}","templated":true}]}}