{"id":1046210,"date":"2025-03-22T19:04:51","date_gmt":"2025-03-22T19:04:51","guid":{"rendered":"https:\/\/thefeminismproject.com\/sin-categoria\/es-pink-feminista-pop-actitud-y-lucha\/"},"modified":"2025-03-22T19:04:51","modified_gmt":"2025-03-22T19:04:51","slug":"es-pink-feminista-pop-actitud-y-lucha","status":"publish","type":"post","link":"https:\/\/thefeminismproject.com\/es\/presentada\/es-pink-feminista-pop-actitud-y-lucha\/","title":{"rendered":"\u00bfEs Pink feminista? Pop actitud y lucha"},"content":{"rendered":"<p>Cuando se habla de feminismo, generalmente emergen colores simb\u00f3licos que representan la lucha por la igualdad de g\u00e9nero, siendo el violeta el m\u00e1s emblem\u00e1tico. Sin embargo, \u00bfqu\u00e9 ocurre con el color rosa? \u00bfRealmente tiene un lugar en el activismo feminista, o es simplemente un fen\u00f3meno superficial de la cultura pop? Analicemos esta cuesti\u00f3n en profundidad.<\/p>\n<p>El rosa ha sido hist\u00f3ricamente asociado con la feminidad y la delicadeza, un s\u00edmbolo a menudo usado para encasillar a las mujeres en roles pasivos y estereotipados. La cultura contempor\u00e1nea ha convertido el rosa en un emblema de lo l\u00fadico y comercial. Las intrincadas conexiones entre el rosa y el mercado han generado una dualidad: por un lado, promueve la idea de empoderamiento femenino, y por otro, perpet\u00faa la comercializaci\u00f3n del g\u00e9nero. \u00bfEs este color realmente un aliado en la lucha feminista o una distracci\u00f3n que diluye el mensaje de igualdad? La respuesta es compleja.<\/p>\n<p>En primer lugar, es fundamental examinar c\u00f3mo el rosa ha sido reinterpretado por diversas corrientes dentro del feminismo. Algunas activistas han abrazado este color, desafiando sus connotaciones negativas. Adoptar el rosa puede ser visto como un acto subversivo: transformar un s\u00edmbolo de opresi\u00f3n en uno de empoderamiento. La reivindicaci\u00f3n de colores tradicionalmente asociados con la femininidad es un poderoso rechazo a la normatividad y una forma de reclamar espacio en un mundo donde nos han dicho que \u00abser mujer\u00bb equivale a ser d\u00e9bil.<\/p>\n<p>Sin embargo, esta reinterpretaci\u00f3n no es universalmente aceptada. Hay quienes argumentan que el uso del rosa en campa\u00f1as de marketing, especialmente en el contexto de la lucha contra el c\u00e1ncer de mama y el famoso \u00abpinkwashing\u00bb, ha despojado al feminismo de su profundidad y seriedad. Las empresas han encontrado una forma de capitalizar sobre las luchas sociales, ofreciendo productos rosa que presentan la ilusi\u00f3n de apoyo sin una verdadera implicaci\u00f3n en las causas feministas. Este fen\u00f3meno plantea la pregunta: \u00bfpuede el rosa ser verdaderamente feminista si est\u00e1 atrapado en el ciclo de la comercializaci\u00f3n?<\/p>\n<p>Adem\u00e1s, el pinkwashing se convierte en una estrategia que desv\u00eda la atenci\u00f3n de problemas m\u00e1s graves, lo que podr\u00eda ser considerado como una forma de activismo de \u00abcouch\u00bb. Esta tendencia nos lleva a una cr\u00edtica fundamental: \u00bfacaso el feminismo no deber\u00eda ser radical en su esencia, en lugar de transformarse en un producto que se puede comprar y vender? A menudo, el uso del rosa puede ser percibido como una superficialidad que no aborda las cuestiones m\u00e1s profundas como la disparidad salarial, la violencia de g\u00e9nero, y la representaci\u00f3n insuficiente de las mujeres en posiciones de poder.<\/p>\n<p>Pero, en un giro provocativo, el rosa puede ser una herramienta en manos de quienes buscan visibilizar la lucha feminista desde una perspectiva no convencional. El acceso a la cultura pop es el camino por el cual muchas personas j\u00f3venes se conectan inicialmente con el feminismo. Artistas y celebridades que utilizan el rosa en sus proyectos median a menudo generan di\u00e1logos sobre la identidad y el feminismo. Este fen\u00f3meno puede, desde un \u00e1ngulo optimista, abrir la puerta a debates m\u00e1s profundos.<\/p>\n<p>Observ\u00e9moslo desde un prisma social: el rosa est\u00e1 presente en espacios que atraen a un p\u00fablico m\u00e1s joven y diverso. En lugar de desestimar esta tendencia, \u00bfno ser\u00eda m\u00e1s fruct\u00edfero considerar c\u00f3mo estas representaciones pueden ser utilizadas para atraer a otros hacia el activismo? Romero, por ejemplo, utiliza su m\u00fasica para hablar de desigualdades y empoderamiento mientras empaca su mensaje en una est\u00e9tica rosa brillante. Al hacerlo, logra captar la atenci\u00f3n de quienes de otro modo podr\u00edan ignorar discursos m\u00e1s serios. El rosa se convierte as\u00ed en un puente, no en un obst\u00e1culo.<\/p>\n<p>Por tanto, es esencial cuestionar y reflexionar: \u00bfes el rosa, pues, un color que feminiza la lucha o la trivializa? La respuesta probablemente radique en la perspectiva de cada individuo. Hay quienes lo ven como una distracci\u00f3n del camino arduo hacia la igualdad; otros, una forma de desafiar las percepciones tradicionales. La clave aqu\u00ed es el di\u00e1logo y la capacidad de reconocer que la lucha feminista no es monol\u00edtica, sino que se presenta en m\u00faltiples tonalidades \u2013y s\u00ed, el rosa puede ser una de ellas.<\/p>\n<p>En conclusi\u00f3n, el rosa no necesita ser descartado como un s\u00edmbolo de la cultura pop que distrae del feminismo. M\u00e1s bien, deber\u00eda ser reevaluado y resignificado como parte de un espectro m\u00e1s amplio de la lucha por los derechos de las mujeres. Es un recordatorio de que, a pesar de las diversas interpretaciones del feminismo contempor\u00e1neo, la esencia de la lucha sigue siendo la misma: la b\u00fasqueda de igualdad, respeto y espacios en los que todos los g\u00e9neros puedan florecer. As\u00ed que, \u00bfes el rosa feminista? Solo t\u00fa tienes la respuesta, pero es indiscutible que merece un lugar en la conversaci\u00f3n.<\/p>\n","protected":false},"excerpt":{"rendered":"<p>Cuando se habla de feminismo, generalmente emergen colores simb\u00f3licos que representan la lucha por la igualdad de g\u00e9nero, siendo el violeta el m\u00e1s emblem\u00e1tico. Sin embargo, \u00bfqu\u00e9 ocurre con el color rosa? \u00bfRealmente tiene un lugar en el activismo feminista, o es simplemente un fen\u00f3meno superficial de la cultura pop? Analicemos esta cuesti\u00f3n en profundidad. [&hellip;]<\/p>\n","protected":false},"author":1,"featured_media":1045717,"comment_status":"open","ping_status":"open","sticky":false,"template":"","format":"standard","meta":{"footnotes":""},"categories":[83],"tags":[],"class_list":{"0":"post-1046210","1":"post","2":"type-post","3":"status-publish","4":"format-standard","5":"has-post-thumbnail","7":"category-presentada"},"yoast_head":"<!-- This site is optimized with the Yoast SEO plugin v27.4 - https:\/\/yoast.com\/product\/yoast-seo-wordpress\/ -->\n<title>\u00bfEs Pink feminista? Pop actitud y lucha<\/title>\n<meta name=\"description\" content=\"Cuando se habla de feminismo, generalmente emergen colores simb\u00f3licos que representan la lucha por la igualdad de g\u00e9nero, siendo el violeta el m\u00e1s\" \/>\n<meta name=\"robots\" content=\"index, follow, max-snippet:-1, max-image-preview:large, max-video-preview:-1\" \/>\n<link rel=\"canonical\" href=\"https:\/\/thefeminismproject.com\/es\/presentada\/es-pink-feminista-pop-actitud-y-lucha\/\" \/>\n<meta property=\"og:locale\" content=\"es_ES\" \/>\n<meta property=\"og:type\" content=\"article\" \/>\n<meta property=\"og:title\" content=\"\u00bfEs Pink feminista? Pop actitud y lucha\" \/>\n<meta property=\"og:description\" content=\"Cuando se habla de feminismo, generalmente emergen colores simb\u00f3licos que representan la lucha por la igualdad de g\u00e9nero, siendo el violeta el m\u00e1s\" \/>\n<meta property=\"og:url\" content=\"https:\/\/thefeminismproject.com\/es\/presentada\/es-pink-feminista-pop-actitud-y-lucha\/\" \/>\n<meta property=\"og:site_name\" content=\"thefeminismproject.com\" \/>\n<meta property=\"article:published_time\" content=\"2025-03-22T19:04:51+00:00\" \/>\n<meta property=\"og:image\" content=\"https:\/\/thefeminismproject.com\/wp-content\/uploads\/2025\/05\/niunamenos-por-que-el-color-violeta-es-simbolo-de-la-lucha-feminista-1183880.jpg\" \/>\n\t<meta property=\"og:image:width\" content=\"900\" \/>\n\t<meta property=\"og:image:height\" content=\"600\" \/>\n\t<meta property=\"og:image:type\" content=\"image\/jpeg\" \/>\n<meta name=\"author\" content=\"Joaquimma Anna\" \/>\n<meta name=\"twitter:card\" content=\"summary_large_image\" \/>\n<meta name=\"twitter:label1\" content=\"Escrito por\" \/>\n\t<meta name=\"twitter:data1\" content=\"Joaquimma Anna\" \/>\n\t<meta name=\"twitter:label2\" content=\"Tiempo de lectura\" \/>\n\t<meta name=\"twitter:data2\" content=\"4 minutos\" \/>\n<script type=\"application\/ld+json\" class=\"yoast-schema-graph\">{\"@context\":\"https:\\\/\\\/schema.org\",\"@graph\":[{\"@type\":\"Article\",\"@id\":\"https:\\\/\\\/thefeminismproject.com\\\/es\\\/presentada\\\/es-pink-feminista-pop-actitud-y-lucha\\\/#article\",\"isPartOf\":{\"@id\":\"https:\\\/\\\/thefeminismproject.com\\\/es\\\/presentada\\\/es-pink-feminista-pop-actitud-y-lucha\\\/\"},\"author\":{\"name\":\"Joaquimma Anna\",\"@id\":\"https:\\\/\\\/thefeminismproject.com\\\/es\\\/#\\\/schema\\\/person\\\/d2d84f0918ac04ca2b9f5b912890ad51\"},\"headline\":\"\u00bfEs Pink feminista? Pop actitud y lucha\",\"datePublished\":\"2025-03-22T19:04:51+00:00\",\"mainEntityOfPage\":{\"@id\":\"https:\\\/\\\/thefeminismproject.com\\\/es\\\/presentada\\\/es-pink-feminista-pop-actitud-y-lucha\\\/\"},\"wordCount\":857,\"commentCount\":0,\"publisher\":{\"@id\":\"https:\\\/\\\/thefeminismproject.com\\\/es\\\/#organization\"},\"image\":{\"@id\":\"https:\\\/\\\/thefeminismproject.com\\\/es\\\/presentada\\\/es-pink-feminista-pop-actitud-y-lucha\\\/#primaryimage\"},\"thumbnailUrl\":\"https:\\\/\\\/thefeminismproject.com\\\/wp-content\\\/uploads\\\/2025\\\/05\\\/niunamenos-por-que-el-color-violeta-es-simbolo-de-la-lucha-feminista-1183880.jpg\",\"articleSection\":[\"Presentada\"],\"inLanguage\":\"es\",\"potentialAction\":[{\"@type\":\"CommentAction\",\"name\":\"Comment\",\"target\":[\"https:\\\/\\\/thefeminismproject.com\\\/es\\\/presentada\\\/es-pink-feminista-pop-actitud-y-lucha\\\/#respond\"]}]},{\"@type\":\"WebPage\",\"@id\":\"https:\\\/\\\/thefeminismproject.com\\\/es\\\/presentada\\\/es-pink-feminista-pop-actitud-y-lucha\\\/\",\"url\":\"https:\\\/\\\/thefeminismproject.com\\\/es\\\/presentada\\\/es-pink-feminista-pop-actitud-y-lucha\\\/\",\"name\":\"\u00bfEs Pink feminista? Pop actitud y lucha\",\"isPartOf\":{\"@id\":\"https:\\\/\\\/thefeminismproject.com\\\/es\\\/#website\"},\"primaryImageOfPage\":{\"@id\":\"https:\\\/\\\/thefeminismproject.com\\\/es\\\/presentada\\\/es-pink-feminista-pop-actitud-y-lucha\\\/#primaryimage\"},\"image\":{\"@id\":\"https:\\\/\\\/thefeminismproject.com\\\/es\\\/presentada\\\/es-pink-feminista-pop-actitud-y-lucha\\\/#primaryimage\"},\"thumbnailUrl\":\"https:\\\/\\\/thefeminismproject.com\\\/wp-content\\\/uploads\\\/2025\\\/05\\\/niunamenos-por-que-el-color-violeta-es-simbolo-de-la-lucha-feminista-1183880.jpg\",\"datePublished\":\"2025-03-22T19:04:51+00:00\",\"description\":\"Cuando se habla de feminismo, generalmente emergen colores simb\u00f3licos que representan la lucha por la igualdad de g\u00e9nero, siendo el violeta el m\u00e1s\",\"breadcrumb\":{\"@id\":\"https:\\\/\\\/thefeminismproject.com\\\/es\\\/presentada\\\/es-pink-feminista-pop-actitud-y-lucha\\\/#breadcrumb\"},\"inLanguage\":\"es\",\"potentialAction\":[{\"@type\":\"ReadAction\",\"target\":[\"https:\\\/\\\/thefeminismproject.com\\\/es\\\/presentada\\\/es-pink-feminista-pop-actitud-y-lucha\\\/\"]}]},{\"@type\":\"ImageObject\",\"inLanguage\":\"es\",\"@id\":\"https:\\\/\\\/thefeminismproject.com\\\/es\\\/presentada\\\/es-pink-feminista-pop-actitud-y-lucha\\\/#primaryimage\",\"url\":\"https:\\\/\\\/thefeminismproject.com\\\/wp-content\\\/uploads\\\/2025\\\/05\\\/niunamenos-por-que-el-color-violeta-es-simbolo-de-la-lucha-feminista-1183880.jpg\",\"contentUrl\":\"https:\\\/\\\/thefeminismproject.com\\\/wp-content\\\/uploads\\\/2025\\\/05\\\/niunamenos-por-que-el-color-violeta-es-simbolo-de-la-lucha-feminista-1183880.jpg\",\"width\":900,\"height\":600},{\"@type\":\"BreadcrumbList\",\"@id\":\"https:\\\/\\\/thefeminismproject.com\\\/es\\\/presentada\\\/es-pink-feminista-pop-actitud-y-lucha\\\/#breadcrumb\",\"itemListElement\":[{\"@type\":\"ListItem\",\"position\":1,\"name\":\"Home\",\"item\":\"https:\\\/\\\/thefeminismproject.com\\\/es\\\/inicio\\\/\"},{\"@type\":\"ListItem\",\"position\":2,\"name\":\"\u00bfEs Pink feminista? Pop actitud y lucha\"}]},{\"@type\":\"WebSite\",\"@id\":\"https:\\\/\\\/thefeminismproject.com\\\/es\\\/#website\",\"url\":\"https:\\\/\\\/thefeminismproject.com\\\/es\\\/\",\"name\":\"thefeminismproject.com\",\"description\":\"Popular culture with a feminist twist | let&#039;s talk about things that matter (news that feels right)\",\"publisher\":{\"@id\":\"https:\\\/\\\/thefeminismproject.com\\\/es\\\/#organization\"},\"potentialAction\":[{\"@type\":\"SearchAction\",\"target\":{\"@type\":\"EntryPoint\",\"urlTemplate\":\"https:\\\/\\\/thefeminismproject.com\\\/es\\\/?s={search_term_string}\"},\"query-input\":{\"@type\":\"PropertyValueSpecification\",\"valueRequired\":true,\"valueName\":\"search_term_string\"}}],\"inLanguage\":\"es\"},{\"@type\":\"Organization\",\"@id\":\"https:\\\/\\\/thefeminismproject.com\\\/es\\\/#organization\",\"name\":\"thefeminismproject.com\",\"url\":\"https:\\\/\\\/thefeminismproject.com\\\/es\\\/\",\"logo\":{\"@type\":\"ImageObject\",\"inLanguage\":\"es\",\"@id\":\"https:\\\/\\\/thefeminismproject.com\\\/es\\\/#\\\/schema\\\/logo\\\/image\\\/\",\"url\":\"https:\\\/\\\/thefeminismproject.com\\\/wp-content\\\/uploads\\\/2024\\\/10\\\/pexels-vazhnik-7561648.jpg\",\"contentUrl\":\"https:\\\/\\\/thefeminismproject.com\\\/wp-content\\\/uploads\\\/2024\\\/10\\\/pexels-vazhnik-7561648.jpg\",\"width\":2500,\"height\":1667,\"caption\":\"thefeminismproject.com\"},\"image\":{\"@id\":\"https:\\\/\\\/thefeminismproject.com\\\/es\\\/#\\\/schema\\\/logo\\\/image\\\/\"}},{\"@type\":\"Person\",\"@id\":\"https:\\\/\\\/thefeminismproject.com\\\/es\\\/#\\\/schema\\\/person\\\/d2d84f0918ac04ca2b9f5b912890ad51\",\"name\":\"Joaquimma Anna\",\"image\":{\"@type\":\"ImageObject\",\"inLanguage\":\"es\",\"@id\":\"https:\\\/\\\/secure.gravatar.com\\\/avatar\\\/7d06747db1565e73d68391d596fc2eb15a10a4b4c1864574c454435523af94f1?s=96&d=mm&r=g\",\"url\":\"https:\\\/\\\/secure.gravatar.com\\\/avatar\\\/7d06747db1565e73d68391d596fc2eb15a10a4b4c1864574c454435523af94f1?s=96&d=mm&r=g\",\"contentUrl\":\"https:\\\/\\\/secure.gravatar.com\\\/avatar\\\/7d06747db1565e73d68391d596fc2eb15a10a4b4c1864574c454435523af94f1?s=96&d=mm&r=g\",\"caption\":\"Joaquimma Anna\"},\"description\":\"Hi my name Joaquimma Anna, and let's tumble down the rabbit hole of thought! At thefeminismproject.com, this blog is a whimsical carnival of ideas. As a mischievous feminism activist, I'm here to juggle the narratives of women. This project? A delightful escapade into the absurdities and splendors of our world. Expect the unexpected!\",\"sameAs\":[\"http:\\\/\\\/thefeminismproject.com\"],\"url\":\"https:\\\/\\\/thefeminismproject.com\\\/es\\\/author\\\/bella-sungkawa\\\/\"}]}<\/script>\n<!-- \/ Yoast SEO plugin. -->","yoast_head_json":{"title":"\u00bfEs Pink feminista? Pop actitud y lucha","description":"Cuando se habla de feminismo, generalmente emergen colores simb\u00f3licos que representan la lucha por la igualdad de g\u00e9nero, siendo el violeta el m\u00e1s","robots":{"index":"index","follow":"follow","max-snippet":"max-snippet:-1","max-image-preview":"max-image-preview:large","max-video-preview":"max-video-preview:-1"},"canonical":"https:\/\/thefeminismproject.com\/es\/presentada\/es-pink-feminista-pop-actitud-y-lucha\/","og_locale":"es_ES","og_type":"article","og_title":"\u00bfEs Pink feminista? Pop actitud y lucha","og_description":"Cuando se habla de feminismo, generalmente emergen colores simb\u00f3licos que representan la lucha por la igualdad de g\u00e9nero, siendo el violeta el m\u00e1s","og_url":"https:\/\/thefeminismproject.com\/es\/presentada\/es-pink-feminista-pop-actitud-y-lucha\/","og_site_name":"thefeminismproject.com","article_published_time":"2025-03-22T19:04:51+00:00","og_image":[{"width":900,"height":600,"url":"https:\/\/thefeminismproject.com\/wp-content\/uploads\/2025\/05\/niunamenos-por-que-el-color-violeta-es-simbolo-de-la-lucha-feminista-1183880.jpg","type":"image\/jpeg"}],"author":"Joaquimma Anna","twitter_card":"summary_large_image","twitter_misc":{"Escrito por":"Joaquimma Anna","Tiempo de lectura":"4 minutos"},"schema":{"@context":"https:\/\/schema.org","@graph":[{"@type":"Article","@id":"https:\/\/thefeminismproject.com\/es\/presentada\/es-pink-feminista-pop-actitud-y-lucha\/#article","isPartOf":{"@id":"https:\/\/thefeminismproject.com\/es\/presentada\/es-pink-feminista-pop-actitud-y-lucha\/"},"author":{"name":"Joaquimma Anna","@id":"https:\/\/thefeminismproject.com\/es\/#\/schema\/person\/d2d84f0918ac04ca2b9f5b912890ad51"},"headline":"\u00bfEs Pink feminista? Pop actitud y lucha","datePublished":"2025-03-22T19:04:51+00:00","mainEntityOfPage":{"@id":"https:\/\/thefeminismproject.com\/es\/presentada\/es-pink-feminista-pop-actitud-y-lucha\/"},"wordCount":857,"commentCount":0,"publisher":{"@id":"https:\/\/thefeminismproject.com\/es\/#organization"},"image":{"@id":"https:\/\/thefeminismproject.com\/es\/presentada\/es-pink-feminista-pop-actitud-y-lucha\/#primaryimage"},"thumbnailUrl":"https:\/\/thefeminismproject.com\/wp-content\/uploads\/2025\/05\/niunamenos-por-que-el-color-violeta-es-simbolo-de-la-lucha-feminista-1183880.jpg","articleSection":["Presentada"],"inLanguage":"es","potentialAction":[{"@type":"CommentAction","name":"Comment","target":["https:\/\/thefeminismproject.com\/es\/presentada\/es-pink-feminista-pop-actitud-y-lucha\/#respond"]}]},{"@type":"WebPage","@id":"https:\/\/thefeminismproject.com\/es\/presentada\/es-pink-feminista-pop-actitud-y-lucha\/","url":"https:\/\/thefeminismproject.com\/es\/presentada\/es-pink-feminista-pop-actitud-y-lucha\/","name":"\u00bfEs Pink feminista? Pop actitud y lucha","isPartOf":{"@id":"https:\/\/thefeminismproject.com\/es\/#website"},"primaryImageOfPage":{"@id":"https:\/\/thefeminismproject.com\/es\/presentada\/es-pink-feminista-pop-actitud-y-lucha\/#primaryimage"},"image":{"@id":"https:\/\/thefeminismproject.com\/es\/presentada\/es-pink-feminista-pop-actitud-y-lucha\/#primaryimage"},"thumbnailUrl":"https:\/\/thefeminismproject.com\/wp-content\/uploads\/2025\/05\/niunamenos-por-que-el-color-violeta-es-simbolo-de-la-lucha-feminista-1183880.jpg","datePublished":"2025-03-22T19:04:51+00:00","description":"Cuando se habla de feminismo, generalmente emergen colores simb\u00f3licos que representan la lucha por la igualdad de g\u00e9nero, siendo el violeta el m\u00e1s","breadcrumb":{"@id":"https:\/\/thefeminismproject.com\/es\/presentada\/es-pink-feminista-pop-actitud-y-lucha\/#breadcrumb"},"inLanguage":"es","potentialAction":[{"@type":"ReadAction","target":["https:\/\/thefeminismproject.com\/es\/presentada\/es-pink-feminista-pop-actitud-y-lucha\/"]}]},{"@type":"ImageObject","inLanguage":"es","@id":"https:\/\/thefeminismproject.com\/es\/presentada\/es-pink-feminista-pop-actitud-y-lucha\/#primaryimage","url":"https:\/\/thefeminismproject.com\/wp-content\/uploads\/2025\/05\/niunamenos-por-que-el-color-violeta-es-simbolo-de-la-lucha-feminista-1183880.jpg","contentUrl":"https:\/\/thefeminismproject.com\/wp-content\/uploads\/2025\/05\/niunamenos-por-que-el-color-violeta-es-simbolo-de-la-lucha-feminista-1183880.jpg","width":900,"height":600},{"@type":"BreadcrumbList","@id":"https:\/\/thefeminismproject.com\/es\/presentada\/es-pink-feminista-pop-actitud-y-lucha\/#breadcrumb","itemListElement":[{"@type":"ListItem","position":1,"name":"Home","item":"https:\/\/thefeminismproject.com\/es\/inicio\/"},{"@type":"ListItem","position":2,"name":"\u00bfEs Pink feminista? Pop actitud y lucha"}]},{"@type":"WebSite","@id":"https:\/\/thefeminismproject.com\/es\/#website","url":"https:\/\/thefeminismproject.com\/es\/","name":"thefeminismproject.com","description":"Popular culture with a feminist twist | let&#039;s talk about things that matter (news that feels right)","publisher":{"@id":"https:\/\/thefeminismproject.com\/es\/#organization"},"potentialAction":[{"@type":"SearchAction","target":{"@type":"EntryPoint","urlTemplate":"https:\/\/thefeminismproject.com\/es\/?s={search_term_string}"},"query-input":{"@type":"PropertyValueSpecification","valueRequired":true,"valueName":"search_term_string"}}],"inLanguage":"es"},{"@type":"Organization","@id":"https:\/\/thefeminismproject.com\/es\/#organization","name":"thefeminismproject.com","url":"https:\/\/thefeminismproject.com\/es\/","logo":{"@type":"ImageObject","inLanguage":"es","@id":"https:\/\/thefeminismproject.com\/es\/#\/schema\/logo\/image\/","url":"https:\/\/thefeminismproject.com\/wp-content\/uploads\/2024\/10\/pexels-vazhnik-7561648.jpg","contentUrl":"https:\/\/thefeminismproject.com\/wp-content\/uploads\/2024\/10\/pexels-vazhnik-7561648.jpg","width":2500,"height":1667,"caption":"thefeminismproject.com"},"image":{"@id":"https:\/\/thefeminismproject.com\/es\/#\/schema\/logo\/image\/"}},{"@type":"Person","@id":"https:\/\/thefeminismproject.com\/es\/#\/schema\/person\/d2d84f0918ac04ca2b9f5b912890ad51","name":"Joaquimma Anna","image":{"@type":"ImageObject","inLanguage":"es","@id":"https:\/\/secure.gravatar.com\/avatar\/7d06747db1565e73d68391d596fc2eb15a10a4b4c1864574c454435523af94f1?s=96&d=mm&r=g","url":"https:\/\/secure.gravatar.com\/avatar\/7d06747db1565e73d68391d596fc2eb15a10a4b4c1864574c454435523af94f1?s=96&d=mm&r=g","contentUrl":"https:\/\/secure.gravatar.com\/avatar\/7d06747db1565e73d68391d596fc2eb15a10a4b4c1864574c454435523af94f1?s=96&d=mm&r=g","caption":"Joaquimma Anna"},"description":"Hi my name Joaquimma Anna, and let's tumble down the rabbit hole of thought! At thefeminismproject.com, this blog is a whimsical carnival of ideas. As a mischievous feminism activist, I'm here to juggle the narratives of women. This project? A delightful escapade into the absurdities and splendors of our world. Expect the unexpected!","sameAs":["http:\/\/thefeminismproject.com"],"url":"https:\/\/thefeminismproject.com\/es\/author\/bella-sungkawa\/"}]}},"_links":{"self":[{"href":"https:\/\/thefeminismproject.com\/es\/wp-json\/wp\/v2\/posts\/1046210","targetHints":{"allow":["GET"]}}],"collection":[{"href":"https:\/\/thefeminismproject.com\/es\/wp-json\/wp\/v2\/posts"}],"about":[{"href":"https:\/\/thefeminismproject.com\/es\/wp-json\/wp\/v2\/types\/post"}],"author":[{"embeddable":true,"href":"https:\/\/thefeminismproject.com\/es\/wp-json\/wp\/v2\/users\/1"}],"replies":[{"embeddable":true,"href":"https:\/\/thefeminismproject.com\/es\/wp-json\/wp\/v2\/comments?post=1046210"}],"version-history":[{"count":0,"href":"https:\/\/thefeminismproject.com\/es\/wp-json\/wp\/v2\/posts\/1046210\/revisions"}],"wp:featuredmedia":[{"embeddable":true,"href":"https:\/\/thefeminismproject.com\/es\/wp-json\/wp\/v2\/media\/1045717"}],"wp:attachment":[{"href":"https:\/\/thefeminismproject.com\/es\/wp-json\/wp\/v2\/media?parent=1046210"}],"wp:term":[{"taxonomy":"category","embeddable":true,"href":"https:\/\/thefeminismproject.com\/es\/wp-json\/wp\/v2\/categories?post=1046210"},{"taxonomy":"post_tag","embeddable":true,"href":"https:\/\/thefeminismproject.com\/es\/wp-json\/wp\/v2\/tags?post=1046210"}],"curies":[{"name":"wp","href":"https:\/\/api.w.org\/{rel}","templated":true}]}}