{"id":1046229,"date":"2025-03-03T16:49:26","date_gmt":"2025-03-03T16:49:26","guid":{"rendered":"https:\/\/thefeminismproject.com\/sin-categoria\/existe-una-teoria-feminista-de-las-relaciones-internacionales-el-genero-en-la-politica-global\/"},"modified":"2025-03-03T16:49:26","modified_gmt":"2025-03-03T16:49:26","slug":"existe-una-teoria-feminista-de-las-relaciones-internacionales-el-genero-en-la-politica-global","status":"publish","type":"post","link":"https:\/\/thefeminismproject.com\/es\/presentada\/existe-una-teoria-feminista-de-las-relaciones-internacionales-el-genero-en-la-politica-global\/","title":{"rendered":"\u00bfExiste una teor\u00eda feminista de las relaciones internacionales? El g\u00e9nero en la pol\u00edtica global"},"content":{"rendered":"<p>La pregunta de si existe una teor\u00eda feminista de las relaciones internacionales es no solo pertinente, sino urgente. En una \u00e9poca donde las interacciones globales delinean la vida cotidiana, es ineludible examinar c\u00f3mo las din\u00e1micas de g\u00e9nero influyen en la pol\u00edtica mundial. Las relaciones internacionales, tradicionalmente dominadas por una perspectiva masculina, requieren un an\u00e1lisis cr\u00edtico que interpele su estructura y ruptura desde el prisma feminista. Esto no se limita a una mera inclusi\u00f3n de voces marginalizadas, sino que invita a un replanteamiento radical de c\u00f3mo entendemos el poder, la seguridad y la soberan\u00eda. <\/p>\n<p>A primera vista, la predominante agenda pol\u00edtica internacional parece estar delineada en un lenguaje neutro; sin embargo, al indagar m\u00e1s a fondo, se revelan las costuras de una narrativa que, a menudo, obvia las experiencias femeninas y el impacto del g\u00e9nero. Esos sutiles pero definitivos mecanismos de exclusi\u00f3n nos sugieren que el pensamiento feminista puede y debe ofrecer una cr\u00edtica profunda a las estructuras convencionales de la pol\u00edtica global. Pero, \u00bfqu\u00e9 significar\u00eda realmente incorporar una perspectiva feminista en el an\u00e1lisis de las relaciones internacionales?<\/p>\n<p>Desde el enfoque del feminismo liberal, uno de los pilares en la teor\u00eda feminista de las relaciones internacionales, se postula que la incorporaci\u00f3n de mujeres en las esferas de poder permite una mejora en las condiciones generales de la paz y la seguridad. Se argumenta que las mujeres, cuando est\u00e1n en posiciones de liderazgo, tienden a adoptar posturas m\u00e1s cooperativas y pacifistas. Sin embargo, esta aproximaci\u00f3n, a pesar de su importancia, puede pecar de ser simplista. S\u00ed, se evidencia que la presencia femenina en negociaciones de alto nivel puede aportar nuevas perspectivas. Sin embargo, se debe reconocer que simplemente agregar mujeres a las mismas estructuras patriarcales no modifica por s\u00ed solo el sistema opresor que las sostiene.<\/p>\n<p>Adentr\u00e1ndonos en la teor\u00eda feminista cr\u00edtica, encontramos una interpelaci\u00f3n m\u00e1s incisiva hacia los fundamentos del orden internacional. Este enfoque sugiere que las relaciones de poder no solo son moldeadas por el sexo biol\u00f3gico, sino que son igualmente constitutivas de construcciones sociales que perpet\u00faan desigualdades raciales, econ\u00f3micas y de g\u00e9nero. La interseccionalidad, que es central en el feminismo contempor\u00e1neo, revela c\u00f3mo las diferentes identidades de las mujeres intersectan en su experiencia pol\u00edtica y social. En este contexto, el an\u00e1lisis feminista de las relaciones internacionales no puede limitarse a lo que ocurre en las cumbres diplom\u00e1ticas de las naciones, sino que debe extenderse al estudio de las guerras, el militarismo, y las crisis humanitarias desde un \u00e1ngulo que resalte las vivencias de las mujeres en el terreno.<\/p>\n<p>En t\u00e9rminos de seguridad internacional, la perspectiva feminista ofrece una cr\u00edtica devastadora. El paradigma de seguridad tradicional, que se centra casi exclusivamente en amenazas militares y estatales, ignora el espectro m\u00e1s amplio de inseguridades que enfrentan las mujeres en situaciones de conflicto. Desde la violencia sexual en zonas de guerra hasta el desplazamiento forzado por crisis econ\u00f3micas o clim\u00e1ticas, es esta asimetr\u00eda en la experiencia de la inseguridad la que requiere nuestra atenci\u00f3n. La escasa visibilidad de estos asuntos en el discurso internacional revela un desprecio intolerable hacia las vidas de millones de mujeres en todo el mundo.<\/p>\n<p>Adem\u00e1s, es crucial considerar c\u00f3mo las pol\u00edticas de desarrollo internacional son a menudo ciegas a las realidades de g\u00e9nero. Los programas asistenciales, desde el Fondo Monetario Internacional hasta la cooperaci\u00f3n bilateral, en ocasiones fomentan la subordinaci\u00f3n econ\u00f3mica de las mujeres. El acceso desigual a recursos, educaci\u00f3n y empleo no solo perpet\u00faa la pobreza, sino que transforma a las mujeres en actores pasivos en el escenario global. La erradicaci\u00f3n de este ciclo pernicioso requiere una financiaci\u00f3n y pol\u00edticas que aborden expl\u00edcitamente las necesidades y aspiraciones de las mujeres.<\/p>\n<p>Los feminismos globales han comenzado a desmarcarse de un enfoque euroc\u00e9ntrico y han proporcionado visibilidad a los movimientos de mujeres en todo el mundo. Existe una frustrante fascinaci\u00f3n con el feminismo del Sur global, porque ofrece una resistencia radical a formas de dominaci\u00f3n que son invisibles a los ojos occidentales. Estas luchas est\u00e1n intr\u00ednsecamente ligadas a la lucha antiimperialista, lo que resalta cu\u00e1n interconectados est\u00e1n los espacios de lucha feminista y pol\u00edtica. La teor\u00eda feminista de las relaciones internacionales, por ende, no puede ser una cuesti\u00f3n de mera teor\u00eda, sino tambi\u00e9n de praxis. A medida que las feministas se unen y luchan en red, el potencial para desafiar y transformar las pol\u00edticas globales se vuelve cada vez m\u00e1s tangible.<\/p>\n<p>Sin embargo, aunque el avance de la teor\u00eda feminista en las relaciones internacionales es innegable, el camino hacia la verdadera integraci\u00f3n de g\u00e9nero en la pol\u00edtica global est\u00e1 plagado de desaf\u00edos. Las resistencias son feroces y los logros, precarios. La ideolog\u00eda patriarcal se aferra a las estructuras de poder con una fuerza desmedida. Reconocer los logros alcanzados es vital, pero tambi\u00e9n lo es identificar las grietas que a\u00fan deben ser reparadas. El viaje hacia un mundo m\u00e1s igualitario es largo y sinuoso, pero las voces feministas ya han empezado a borrar las l\u00edneas divisorias que el patriarcado se esfuerza por mantener.<\/p>\n<p>En conclusi\u00f3n, la existencia de una teor\u00eda feminista de las relaciones internacionales no solo es posible, es necesaria. La visi\u00f3n tradicional ha fallado en ofrecer explicaciones satisfactorias acerca de din\u00e1micas que hoy son esenciales para entender la pol\u00edtica global. Construir un mundo donde el g\u00e9nero se considere una variable cr\u00edtica en las relaciones globales no es solo un desaf\u00edo acad\u00e9mico, sino una necesidad imperiosa. Solo al incorporar el an\u00e1lisis de g\u00e9nero en nuestras discusiones acerca de la pol\u00edtica internacional lograremos acercarnos a una comprensi\u00f3n genuina de la justicia y la paz en el \u00e1mbito global.<\/p>\n","protected":false},"excerpt":{"rendered":"<p>La pregunta de si existe una teor\u00eda feminista de las relaciones internacionales es no solo pertinente, sino urgente. En una \u00e9poca donde las interacciones globales delinean la vida cotidiana, es ineludible examinar c\u00f3mo las din\u00e1micas de g\u00e9nero influyen en la pol\u00edtica mundial. Las relaciones internacionales, tradicionalmente dominadas por una perspectiva masculina, requieren un an\u00e1lisis cr\u00edtico [&hellip;]<\/p>\n","protected":false},"author":1,"featured_media":1045852,"comment_status":"open","ping_status":"open","sticky":false,"template":"","format":"standard","meta":{"footnotes":""},"categories":[83],"tags":[],"class_list":{"0":"post-1046229","1":"post","2":"type-post","3":"status-publish","4":"format-standard","5":"has-post-thumbnail","7":"category-presentada"},"yoast_head":"<!-- This site is optimized with the Yoast SEO plugin v27.4 - https:\/\/yoast.com\/product\/yoast-seo-wordpress\/ -->\n<title>\u00bfExiste una teor\u00eda feminista de las relaciones internacionales? El g\u00e9nero en la pol\u00edtica global<\/title>\n<meta name=\"description\" content=\"La pregunta de si existe una teor\u00eda feminista de las relaciones internacionales es no solo pertinente, sino urgente. En una \u00e9poca donde las interacciones\" \/>\n<meta name=\"robots\" content=\"index, follow, max-snippet:-1, max-image-preview:large, max-video-preview:-1\" \/>\n<link rel=\"canonical\" href=\"https:\/\/thefeminismproject.com\/es\/presentada\/existe-una-teoria-feminista-de-las-relaciones-internacionales-el-genero-en-la-politica-global\/\" \/>\n<meta property=\"og:locale\" content=\"es_ES\" \/>\n<meta property=\"og:type\" content=\"article\" \/>\n<meta property=\"og:title\" content=\"\u00bfExiste una teor\u00eda feminista de las relaciones internacionales? El g\u00e9nero en la pol\u00edtica global\" \/>\n<meta property=\"og:description\" content=\"La pregunta de si existe una teor\u00eda feminista de las relaciones internacionales es no solo pertinente, sino urgente. En una \u00e9poca donde las interacciones\" \/>\n<meta property=\"og:url\" content=\"https:\/\/thefeminismproject.com\/es\/presentada\/existe-una-teoria-feminista-de-las-relaciones-internacionales-el-genero-en-la-politica-global\/\" \/>\n<meta property=\"og:site_name\" content=\"thefeminismproject.com\" \/>\n<meta property=\"article:published_time\" content=\"2025-03-03T16:49:26+00:00\" \/>\n<meta property=\"og:image\" content=\"https:\/\/thefeminismproject.com\/wp-content\/uploads\/2025\/05\/teoria-feminista-03.jpeg\" \/>\n\t<meta property=\"og:image:width\" content=\"750\" \/>\n\t<meta property=\"og:image:height\" content=\"1201\" \/>\n\t<meta property=\"og:image:type\" content=\"image\/jpeg\" \/>\n<meta name=\"author\" content=\"Joaquimma Anna\" \/>\n<meta name=\"twitter:card\" content=\"summary_large_image\" \/>\n<meta name=\"twitter:label1\" content=\"Escrito por\" \/>\n\t<meta name=\"twitter:data1\" content=\"Joaquimma Anna\" \/>\n\t<meta name=\"twitter:label2\" content=\"Tiempo de lectura\" \/>\n\t<meta name=\"twitter:data2\" content=\"5 minutos\" \/>\n<script type=\"application\/ld+json\" class=\"yoast-schema-graph\">{\"@context\":\"https:\\\/\\\/schema.org\",\"@graph\":[{\"@type\":\"Article\",\"@id\":\"https:\\\/\\\/thefeminismproject.com\\\/es\\\/presentada\\\/existe-una-teoria-feminista-de-las-relaciones-internacionales-el-genero-en-la-politica-global\\\/#article\",\"isPartOf\":{\"@id\":\"https:\\\/\\\/thefeminismproject.com\\\/es\\\/presentada\\\/existe-una-teoria-feminista-de-las-relaciones-internacionales-el-genero-en-la-politica-global\\\/\"},\"author\":{\"name\":\"Joaquimma Anna\",\"@id\":\"https:\\\/\\\/thefeminismproject.com\\\/es\\\/#\\\/schema\\\/person\\\/d2d84f0918ac04ca2b9f5b912890ad51\"},\"headline\":\"\u00bfExiste una teor\u00eda feminista de las relaciones internacionales? El g\u00e9nero en la pol\u00edtica global\",\"datePublished\":\"2025-03-03T16:49:26+00:00\",\"mainEntityOfPage\":{\"@id\":\"https:\\\/\\\/thefeminismproject.com\\\/es\\\/presentada\\\/existe-una-teoria-feminista-de-las-relaciones-internacionales-el-genero-en-la-politica-global\\\/\"},\"wordCount\":1030,\"commentCount\":0,\"publisher\":{\"@id\":\"https:\\\/\\\/thefeminismproject.com\\\/es\\\/#organization\"},\"image\":{\"@id\":\"https:\\\/\\\/thefeminismproject.com\\\/es\\\/presentada\\\/existe-una-teoria-feminista-de-las-relaciones-internacionales-el-genero-en-la-politica-global\\\/#primaryimage\"},\"thumbnailUrl\":\"https:\\\/\\\/thefeminismproject.com\\\/wp-content\\\/uploads\\\/2025\\\/05\\\/teoria-feminista-03.jpeg\",\"articleSection\":[\"Presentada\"],\"inLanguage\":\"es\",\"potentialAction\":[{\"@type\":\"CommentAction\",\"name\":\"Comment\",\"target\":[\"https:\\\/\\\/thefeminismproject.com\\\/es\\\/presentada\\\/existe-una-teoria-feminista-de-las-relaciones-internacionales-el-genero-en-la-politica-global\\\/#respond\"]}]},{\"@type\":\"WebPage\",\"@id\":\"https:\\\/\\\/thefeminismproject.com\\\/es\\\/presentada\\\/existe-una-teoria-feminista-de-las-relaciones-internacionales-el-genero-en-la-politica-global\\\/\",\"url\":\"https:\\\/\\\/thefeminismproject.com\\\/es\\\/presentada\\\/existe-una-teoria-feminista-de-las-relaciones-internacionales-el-genero-en-la-politica-global\\\/\",\"name\":\"\u00bfExiste una teor\u00eda feminista de las relaciones internacionales? El g\u00e9nero en la pol\u00edtica global\",\"isPartOf\":{\"@id\":\"https:\\\/\\\/thefeminismproject.com\\\/es\\\/#website\"},\"primaryImageOfPage\":{\"@id\":\"https:\\\/\\\/thefeminismproject.com\\\/es\\\/presentada\\\/existe-una-teoria-feminista-de-las-relaciones-internacionales-el-genero-en-la-politica-global\\\/#primaryimage\"},\"image\":{\"@id\":\"https:\\\/\\\/thefeminismproject.com\\\/es\\\/presentada\\\/existe-una-teoria-feminista-de-las-relaciones-internacionales-el-genero-en-la-politica-global\\\/#primaryimage\"},\"thumbnailUrl\":\"https:\\\/\\\/thefeminismproject.com\\\/wp-content\\\/uploads\\\/2025\\\/05\\\/teoria-feminista-03.jpeg\",\"datePublished\":\"2025-03-03T16:49:26+00:00\",\"description\":\"La pregunta de si existe una teor\u00eda feminista de las relaciones internacionales es no solo pertinente, sino urgente. En una \u00e9poca donde las interacciones\",\"breadcrumb\":{\"@id\":\"https:\\\/\\\/thefeminismproject.com\\\/es\\\/presentada\\\/existe-una-teoria-feminista-de-las-relaciones-internacionales-el-genero-en-la-politica-global\\\/#breadcrumb\"},\"inLanguage\":\"es\",\"potentialAction\":[{\"@type\":\"ReadAction\",\"target\":[\"https:\\\/\\\/thefeminismproject.com\\\/es\\\/presentada\\\/existe-una-teoria-feminista-de-las-relaciones-internacionales-el-genero-en-la-politica-global\\\/\"]}]},{\"@type\":\"ImageObject\",\"inLanguage\":\"es\",\"@id\":\"https:\\\/\\\/thefeminismproject.com\\\/es\\\/presentada\\\/existe-una-teoria-feminista-de-las-relaciones-internacionales-el-genero-en-la-politica-global\\\/#primaryimage\",\"url\":\"https:\\\/\\\/thefeminismproject.com\\\/wp-content\\\/uploads\\\/2025\\\/05\\\/teoria-feminista-03.jpeg\",\"contentUrl\":\"https:\\\/\\\/thefeminismproject.com\\\/wp-content\\\/uploads\\\/2025\\\/05\\\/teoria-feminista-03.jpeg\",\"width\":750,\"height\":1201},{\"@type\":\"BreadcrumbList\",\"@id\":\"https:\\\/\\\/thefeminismproject.com\\\/es\\\/presentada\\\/existe-una-teoria-feminista-de-las-relaciones-internacionales-el-genero-en-la-politica-global\\\/#breadcrumb\",\"itemListElement\":[{\"@type\":\"ListItem\",\"position\":1,\"name\":\"Home\",\"item\":\"https:\\\/\\\/thefeminismproject.com\\\/es\\\/inicio\\\/\"},{\"@type\":\"ListItem\",\"position\":2,\"name\":\"\u00bfExiste una teor\u00eda feminista de las relaciones internacionales? El g\u00e9nero en la pol\u00edtica global\"}]},{\"@type\":\"WebSite\",\"@id\":\"https:\\\/\\\/thefeminismproject.com\\\/es\\\/#website\",\"url\":\"https:\\\/\\\/thefeminismproject.com\\\/es\\\/\",\"name\":\"thefeminismproject.com\",\"description\":\"Popular culture with a feminist twist | let&#039;s talk about things that matter (news that feels right)\",\"publisher\":{\"@id\":\"https:\\\/\\\/thefeminismproject.com\\\/es\\\/#organization\"},\"potentialAction\":[{\"@type\":\"SearchAction\",\"target\":{\"@type\":\"EntryPoint\",\"urlTemplate\":\"https:\\\/\\\/thefeminismproject.com\\\/es\\\/?s={search_term_string}\"},\"query-input\":{\"@type\":\"PropertyValueSpecification\",\"valueRequired\":true,\"valueName\":\"search_term_string\"}}],\"inLanguage\":\"es\"},{\"@type\":\"Organization\",\"@id\":\"https:\\\/\\\/thefeminismproject.com\\\/es\\\/#organization\",\"name\":\"thefeminismproject.com\",\"url\":\"https:\\\/\\\/thefeminismproject.com\\\/es\\\/\",\"logo\":{\"@type\":\"ImageObject\",\"inLanguage\":\"es\",\"@id\":\"https:\\\/\\\/thefeminismproject.com\\\/es\\\/#\\\/schema\\\/logo\\\/image\\\/\",\"url\":\"https:\\\/\\\/thefeminismproject.com\\\/wp-content\\\/uploads\\\/2024\\\/10\\\/pexels-vazhnik-7561648.jpg\",\"contentUrl\":\"https:\\\/\\\/thefeminismproject.com\\\/wp-content\\\/uploads\\\/2024\\\/10\\\/pexels-vazhnik-7561648.jpg\",\"width\":2500,\"height\":1667,\"caption\":\"thefeminismproject.com\"},\"image\":{\"@id\":\"https:\\\/\\\/thefeminismproject.com\\\/es\\\/#\\\/schema\\\/logo\\\/image\\\/\"}},{\"@type\":\"Person\",\"@id\":\"https:\\\/\\\/thefeminismproject.com\\\/es\\\/#\\\/schema\\\/person\\\/d2d84f0918ac04ca2b9f5b912890ad51\",\"name\":\"Joaquimma Anna\",\"image\":{\"@type\":\"ImageObject\",\"inLanguage\":\"es\",\"@id\":\"https:\\\/\\\/secure.gravatar.com\\\/avatar\\\/7d06747db1565e73d68391d596fc2eb15a10a4b4c1864574c454435523af94f1?s=96&d=mm&r=g\",\"url\":\"https:\\\/\\\/secure.gravatar.com\\\/avatar\\\/7d06747db1565e73d68391d596fc2eb15a10a4b4c1864574c454435523af94f1?s=96&d=mm&r=g\",\"contentUrl\":\"https:\\\/\\\/secure.gravatar.com\\\/avatar\\\/7d06747db1565e73d68391d596fc2eb15a10a4b4c1864574c454435523af94f1?s=96&d=mm&r=g\",\"caption\":\"Joaquimma Anna\"},\"description\":\"Hi my name Joaquimma Anna, and let's tumble down the rabbit hole of thought! At thefeminismproject.com, this blog is a whimsical carnival of ideas. As a mischievous feminism activist, I'm here to juggle the narratives of women. This project? A delightful escapade into the absurdities and splendors of our world. Expect the unexpected!\",\"sameAs\":[\"http:\\\/\\\/thefeminismproject.com\"],\"url\":\"https:\\\/\\\/thefeminismproject.com\\\/es\\\/author\\\/bella-sungkawa\\\/\"}]}<\/script>\n<!-- \/ Yoast SEO plugin. -->","yoast_head_json":{"title":"\u00bfExiste una teor\u00eda feminista de las relaciones internacionales? El g\u00e9nero en la pol\u00edtica global","description":"La pregunta de si existe una teor\u00eda feminista de las relaciones internacionales es no solo pertinente, sino urgente. En una \u00e9poca donde las interacciones","robots":{"index":"index","follow":"follow","max-snippet":"max-snippet:-1","max-image-preview":"max-image-preview:large","max-video-preview":"max-video-preview:-1"},"canonical":"https:\/\/thefeminismproject.com\/es\/presentada\/existe-una-teoria-feminista-de-las-relaciones-internacionales-el-genero-en-la-politica-global\/","og_locale":"es_ES","og_type":"article","og_title":"\u00bfExiste una teor\u00eda feminista de las relaciones internacionales? El g\u00e9nero en la pol\u00edtica global","og_description":"La pregunta de si existe una teor\u00eda feminista de las relaciones internacionales es no solo pertinente, sino urgente. En una \u00e9poca donde las interacciones","og_url":"https:\/\/thefeminismproject.com\/es\/presentada\/existe-una-teoria-feminista-de-las-relaciones-internacionales-el-genero-en-la-politica-global\/","og_site_name":"thefeminismproject.com","article_published_time":"2025-03-03T16:49:26+00:00","og_image":[{"width":750,"height":1201,"url":"https:\/\/thefeminismproject.com\/wp-content\/uploads\/2025\/05\/teoria-feminista-03.jpeg","type":"image\/jpeg"}],"author":"Joaquimma Anna","twitter_card":"summary_large_image","twitter_misc":{"Escrito por":"Joaquimma Anna","Tiempo de lectura":"5 minutos"},"schema":{"@context":"https:\/\/schema.org","@graph":[{"@type":"Article","@id":"https:\/\/thefeminismproject.com\/es\/presentada\/existe-una-teoria-feminista-de-las-relaciones-internacionales-el-genero-en-la-politica-global\/#article","isPartOf":{"@id":"https:\/\/thefeminismproject.com\/es\/presentada\/existe-una-teoria-feminista-de-las-relaciones-internacionales-el-genero-en-la-politica-global\/"},"author":{"name":"Joaquimma Anna","@id":"https:\/\/thefeminismproject.com\/es\/#\/schema\/person\/d2d84f0918ac04ca2b9f5b912890ad51"},"headline":"\u00bfExiste una teor\u00eda feminista de las relaciones internacionales? El g\u00e9nero en la pol\u00edtica global","datePublished":"2025-03-03T16:49:26+00:00","mainEntityOfPage":{"@id":"https:\/\/thefeminismproject.com\/es\/presentada\/existe-una-teoria-feminista-de-las-relaciones-internacionales-el-genero-en-la-politica-global\/"},"wordCount":1030,"commentCount":0,"publisher":{"@id":"https:\/\/thefeminismproject.com\/es\/#organization"},"image":{"@id":"https:\/\/thefeminismproject.com\/es\/presentada\/existe-una-teoria-feminista-de-las-relaciones-internacionales-el-genero-en-la-politica-global\/#primaryimage"},"thumbnailUrl":"https:\/\/thefeminismproject.com\/wp-content\/uploads\/2025\/05\/teoria-feminista-03.jpeg","articleSection":["Presentada"],"inLanguage":"es","potentialAction":[{"@type":"CommentAction","name":"Comment","target":["https:\/\/thefeminismproject.com\/es\/presentada\/existe-una-teoria-feminista-de-las-relaciones-internacionales-el-genero-en-la-politica-global\/#respond"]}]},{"@type":"WebPage","@id":"https:\/\/thefeminismproject.com\/es\/presentada\/existe-una-teoria-feminista-de-las-relaciones-internacionales-el-genero-en-la-politica-global\/","url":"https:\/\/thefeminismproject.com\/es\/presentada\/existe-una-teoria-feminista-de-las-relaciones-internacionales-el-genero-en-la-politica-global\/","name":"\u00bfExiste una teor\u00eda feminista de las relaciones internacionales? El g\u00e9nero en la pol\u00edtica global","isPartOf":{"@id":"https:\/\/thefeminismproject.com\/es\/#website"},"primaryImageOfPage":{"@id":"https:\/\/thefeminismproject.com\/es\/presentada\/existe-una-teoria-feminista-de-las-relaciones-internacionales-el-genero-en-la-politica-global\/#primaryimage"},"image":{"@id":"https:\/\/thefeminismproject.com\/es\/presentada\/existe-una-teoria-feminista-de-las-relaciones-internacionales-el-genero-en-la-politica-global\/#primaryimage"},"thumbnailUrl":"https:\/\/thefeminismproject.com\/wp-content\/uploads\/2025\/05\/teoria-feminista-03.jpeg","datePublished":"2025-03-03T16:49:26+00:00","description":"La pregunta de si existe una teor\u00eda feminista de las relaciones internacionales es no solo pertinente, sino urgente. En una \u00e9poca donde las interacciones","breadcrumb":{"@id":"https:\/\/thefeminismproject.com\/es\/presentada\/existe-una-teoria-feminista-de-las-relaciones-internacionales-el-genero-en-la-politica-global\/#breadcrumb"},"inLanguage":"es","potentialAction":[{"@type":"ReadAction","target":["https:\/\/thefeminismproject.com\/es\/presentada\/existe-una-teoria-feminista-de-las-relaciones-internacionales-el-genero-en-la-politica-global\/"]}]},{"@type":"ImageObject","inLanguage":"es","@id":"https:\/\/thefeminismproject.com\/es\/presentada\/existe-una-teoria-feminista-de-las-relaciones-internacionales-el-genero-en-la-politica-global\/#primaryimage","url":"https:\/\/thefeminismproject.com\/wp-content\/uploads\/2025\/05\/teoria-feminista-03.jpeg","contentUrl":"https:\/\/thefeminismproject.com\/wp-content\/uploads\/2025\/05\/teoria-feminista-03.jpeg","width":750,"height":1201},{"@type":"BreadcrumbList","@id":"https:\/\/thefeminismproject.com\/es\/presentada\/existe-una-teoria-feminista-de-las-relaciones-internacionales-el-genero-en-la-politica-global\/#breadcrumb","itemListElement":[{"@type":"ListItem","position":1,"name":"Home","item":"https:\/\/thefeminismproject.com\/es\/inicio\/"},{"@type":"ListItem","position":2,"name":"\u00bfExiste una teor\u00eda feminista de las relaciones internacionales? El g\u00e9nero en la pol\u00edtica global"}]},{"@type":"WebSite","@id":"https:\/\/thefeminismproject.com\/es\/#website","url":"https:\/\/thefeminismproject.com\/es\/","name":"thefeminismproject.com","description":"Popular culture with a feminist twist | let&#039;s talk about things that matter (news that feels right)","publisher":{"@id":"https:\/\/thefeminismproject.com\/es\/#organization"},"potentialAction":[{"@type":"SearchAction","target":{"@type":"EntryPoint","urlTemplate":"https:\/\/thefeminismproject.com\/es\/?s={search_term_string}"},"query-input":{"@type":"PropertyValueSpecification","valueRequired":true,"valueName":"search_term_string"}}],"inLanguage":"es"},{"@type":"Organization","@id":"https:\/\/thefeminismproject.com\/es\/#organization","name":"thefeminismproject.com","url":"https:\/\/thefeminismproject.com\/es\/","logo":{"@type":"ImageObject","inLanguage":"es","@id":"https:\/\/thefeminismproject.com\/es\/#\/schema\/logo\/image\/","url":"https:\/\/thefeminismproject.com\/wp-content\/uploads\/2024\/10\/pexels-vazhnik-7561648.jpg","contentUrl":"https:\/\/thefeminismproject.com\/wp-content\/uploads\/2024\/10\/pexels-vazhnik-7561648.jpg","width":2500,"height":1667,"caption":"thefeminismproject.com"},"image":{"@id":"https:\/\/thefeminismproject.com\/es\/#\/schema\/logo\/image\/"}},{"@type":"Person","@id":"https:\/\/thefeminismproject.com\/es\/#\/schema\/person\/d2d84f0918ac04ca2b9f5b912890ad51","name":"Joaquimma Anna","image":{"@type":"ImageObject","inLanguage":"es","@id":"https:\/\/secure.gravatar.com\/avatar\/7d06747db1565e73d68391d596fc2eb15a10a4b4c1864574c454435523af94f1?s=96&d=mm&r=g","url":"https:\/\/secure.gravatar.com\/avatar\/7d06747db1565e73d68391d596fc2eb15a10a4b4c1864574c454435523af94f1?s=96&d=mm&r=g","contentUrl":"https:\/\/secure.gravatar.com\/avatar\/7d06747db1565e73d68391d596fc2eb15a10a4b4c1864574c454435523af94f1?s=96&d=mm&r=g","caption":"Joaquimma Anna"},"description":"Hi my name Joaquimma Anna, and let's tumble down the rabbit hole of thought! At thefeminismproject.com, this blog is a whimsical carnival of ideas. As a mischievous feminism activist, I'm here to juggle the narratives of women. This project? A delightful escapade into the absurdities and splendors of our world. Expect the unexpected!","sameAs":["http:\/\/thefeminismproject.com"],"url":"https:\/\/thefeminismproject.com\/es\/author\/bella-sungkawa\/"}]}},"_links":{"self":[{"href":"https:\/\/thefeminismproject.com\/es\/wp-json\/wp\/v2\/posts\/1046229","targetHints":{"allow":["GET"]}}],"collection":[{"href":"https:\/\/thefeminismproject.com\/es\/wp-json\/wp\/v2\/posts"}],"about":[{"href":"https:\/\/thefeminismproject.com\/es\/wp-json\/wp\/v2\/types\/post"}],"author":[{"embeddable":true,"href":"https:\/\/thefeminismproject.com\/es\/wp-json\/wp\/v2\/users\/1"}],"replies":[{"embeddable":true,"href":"https:\/\/thefeminismproject.com\/es\/wp-json\/wp\/v2\/comments?post=1046229"}],"version-history":[{"count":0,"href":"https:\/\/thefeminismproject.com\/es\/wp-json\/wp\/v2\/posts\/1046229\/revisions"}],"wp:featuredmedia":[{"embeddable":true,"href":"https:\/\/thefeminismproject.com\/es\/wp-json\/wp\/v2\/media\/1045852"}],"wp:attachment":[{"href":"https:\/\/thefeminismproject.com\/es\/wp-json\/wp\/v2\/media?parent=1046229"}],"wp:term":[{"taxonomy":"category","embeddable":true,"href":"https:\/\/thefeminismproject.com\/es\/wp-json\/wp\/v2\/categories?post=1046229"},{"taxonomy":"post_tag","embeddable":true,"href":"https:\/\/thefeminismproject.com\/es\/wp-json\/wp\/v2\/tags?post=1046229"}],"curies":[{"name":"wp","href":"https:\/\/api.w.org\/{rel}","templated":true}]}}