{"id":1046273,"date":"2025-05-05T19:22:00","date_gmt":"2025-05-05T19:22:00","guid":{"rendered":"https:\/\/thefeminismproject.com\/sin-categoria\/como-educar-en-el-feminismo-ted-de-iria-inspiracion-para-nuevas-generaciones\/"},"modified":"2025-05-05T19:22:00","modified_gmt":"2025-05-05T19:22:00","slug":"como-educar-en-el-feminismo-ted-de-iria-inspiracion-para-nuevas-generaciones","status":"publish","type":"post","link":"https:\/\/thefeminismproject.com\/es\/presentada\/como-educar-en-el-feminismo-ted-de-iria-inspiracion-para-nuevas-generaciones\/","title":{"rendered":"\u00bfC\u00f3mo educar en el feminismo? (TED de Iria) Inspiraci\u00f3n para nuevas generaciones"},"content":{"rendered":"<p>Educar en el feminismo no es simplemente una cuesti\u00f3n de transmitir informaci\u00f3n; es un desaf\u00edo profundamente arraigado en la cultura y la historia que demanda una reconfiguraci\u00f3n de nuestros valores m\u00e1s elementales. En un mundo plagado de inequidades de g\u00e9nero, es imperativo que las nuevas generaciones adquieran una conciencia cr\u00edtica sobre el feminismo no solo como un movimiento social, sino como un modo de vida que aboga por la igualdad, la equidad y la justicia. \u00bfC\u00f3mo podemos, entonces, implantar estos principios en la educaci\u00f3n de los j\u00f3venes? La respuesta misma puede ser la chispa que encienda una revoluci\u00f3n tan necesaria.<\/p>\n<p>La educaci\u00f3n en el feminismo debe empezar desde la infancia. Los ni\u00f1os y ni\u00f1as deben ser acercados a las manifestaciones de g\u00e9nero en sus escasos entornos, y no mediante un enfoque sistem\u00e1tico y monol\u00edtico, sino a trav\u00e9s de narrativas accesibles y resonantes. Los cuentos que leen, las pel\u00edculas que ven y los juegos que juegan deber\u00edan, de alguna forma, reflejar los principios feministas. Esto se traduce en proyectos escolares que aborden la diversidad de experiencias de g\u00e9nero, y en actividades que celebren la agencia femenina y reinterpreten los cl\u00e1sicos con un enfoque renovador.<\/p>\n<p>Pensar en c\u00f3mo educar en el feminismo significa preguntarse en qu\u00e9 medida abarcamos la interseccionalidad. No podemos dar por hecho que el feminismo se percibe de la misma manera en todos los contextos. Hay que explorar c\u00f3mo se cruzan la raza, la clase social, la sexualidad y muchas otras identidades en una experiencia femenina particular. De este modo, es crucial introducir a los j\u00f3venes en textos y discursos que desaf\u00eden la narrativa dominante y, a su vez, muestran la pluralidad de voces que conforman el feminismo contempor\u00e1neo. Obviar estos matices no solo trivializa el movimiento, sino que perpet\u00faa un entendimiento superficial y obsoleto.<\/p>\n<p>Los espacios de discusi\u00f3n tambi\u00e9n juegan un papel fundamental en esta educaci\u00f3n. Crear c\u00edrculos de di\u00e1logo donde se fomente la escucha activa y la empat\u00eda no solo contribuye a difundir valores feministas, sino que tambi\u00e9n ayuda a los j\u00f3venes a desarrollar un pensamiento cr\u00edtico. Aqu\u00ed es donde pueden confrontar ideas preconcebidas, y donde el debate se convierte en un veh\u00edculo de transformaci\u00f3n personal y colectiva. La justicia social se nutre de la capacidad para cuestionar y redefinir lo que normalmente se acepta sin chistar.<\/p>\n<p>Sin embargo, el feminismo no es un fin, sino un medio. Educar en este contexto implica promover una involucraci\u00f3n activa en la lucha por los derechos humanos. Invitar a los j\u00f3venes a participar en movimientos, a desconocer las normas establecidas y a desafiar el estatus quo es esencial. Su entusiasmo y creatividad pueden impulsar campa\u00f1as que aborden cuestiones locales o globales, desde la violencia de g\u00e9nero hasta la representaci\u00f3n equitativa en los medios de comunicaci\u00f3n. La autoparticipaci\u00f3n en estas causas no solo les proporciona un sentido de pertenencia, sino que tambi\u00e9n fomenta la responsabilidad social.<\/p>\n<p>La importancia de los modelos a seguir no puede subestimarse. Las figuras inspiradoras son cruciales en la educaci\u00f3n feminista; permiten a los j\u00f3venes visualizar el cambio en acci\u00f3n. Compartir biograf\u00edas de mujeres revolucionarias de todas las \u00e9pocas y or\u00edgenes puede ser revigorante. Desde las activistas que lucharon por el sufragio femenino hasta las voces contempor\u00e1neas que exigen igualdad de derechos en las redes sociales, el espectro de referentes es amplio. Estas historias no solo deber\u00edan celebrarse; deben incluirse como parte integral del curr\u00edculo educativo.<\/p>\n<p>Por otro lado, es vital reconocer que educar en el feminismo no es tarea exclusiva de las mujeres. \u00a1Es indispensable que los hombres tambi\u00e9n se involucren! La lucha feminista no es solo una causa femenina, es una causa humana que exige la participaci\u00f3n activa de todos los g\u00e9neros. Al educar a los varones en la filosof\u00eda feminista, se les puede ofrecer un espacio para el cuestionamiento de las masculinidades t\u00f3xicas y la violencia de g\u00e9nero, y promover en ellos un modelo de masculinidad saludable y responsable.<\/p>\n<p>El arte y la educaci\u00f3n creativa son herramientas muy poderosas en este viaje. La creatividad tiene la capacidad de conectar con las emociones y puede romper barreras que los discursos acad\u00e9micos a menudo no logran. Talleres de escritura, teatro, m\u00fasica y arte visual pueden ser potentes veh\u00edculos para expresar experiencias personales y colectivas, y pueden canalizar la frustraci\u00f3n y la esperanza en formas innovadoras. El arte se convierte entonces en una forma de resistencia y empoderamiento que trasciende las palabras.<\/p>\n<p>Finalmente, es importante recordar que educar en el feminismo es un proceso continuo. Implica enfrentarse a la retroalimentaci\u00f3n y la autocr\u00edtica, un camino lleno de altibajos que demanda un compromiso profundo y duradero. Las nuevas generaciones deben estar preparadas para ser cr\u00edticas no solo con la sociedad que les rodea, sino tambi\u00e9n con sus propios prejuicios y limitaciones. En un mundo donde el feminismo todav\u00eda se ve como un &#8216;problema&#8217;, transformar esa percepci\u00f3n se convierte en un desaf\u00edo m\u00e1s que relevante.<\/p>\n<p>Educar en el feminismo es, en esencia, invitar a las nuevas generaciones a participar en una conversaci\u00f3n que ha estado en marcha durante siglos, pero que a\u00fan necesita ser enriquecida con nuevas voces. La interconexi\u00f3n de experiencias personales y colectivas es lo que har\u00e1 del feminismo un movimiento a\u00fan m\u00e1s vibrante y eficaz. Solamente as\u00ed, podremos cambiar no solo el mundo que nos rodea, sino tambi\u00e9n la manera en que nos entendemos a nosotros mismos. Porque la educaci\u00f3n feminista no es solo un deber, es una promesa de progreso hacia un futuro m\u00e1s brillante y equitativo.<\/p>\n","protected":false},"excerpt":{"rendered":"<p>Educar en el feminismo no es simplemente una cuesti\u00f3n de transmitir informaci\u00f3n; es un desaf\u00edo profundamente arraigado en la cultura y la historia que demanda una reconfiguraci\u00f3n de nuestros valores m\u00e1s elementales. En un mundo plagado de inequidades de g\u00e9nero, es imperativo que las nuevas generaciones adquieran una conciencia cr\u00edtica sobre el feminismo no solo [&hellip;]<\/p>\n","protected":false},"author":1,"featured_media":1046274,"comment_status":"open","ping_status":"open","sticky":false,"template":"","format":"standard","meta":{"footnotes":""},"categories":[83],"tags":[],"class_list":{"0":"post-1046273","1":"post","2":"type-post","3":"status-publish","4":"format-standard","5":"has-post-thumbnail","7":"category-presentada"},"yoast_head":"<!-- This site is optimized with the Yoast SEO plugin v27.4 - https:\/\/yoast.com\/product\/yoast-seo-wordpress\/ -->\n<title>\u00bfC\u00f3mo educar en el feminismo? (TED de Iria) Inspiraci\u00f3n para nuevas generaciones<\/title>\n<meta name=\"description\" content=\"Educar en el feminismo no es simplemente una cuesti\u00f3n de transmitir informaci\u00f3n; es un desaf\u00edo profundamente arraigado en la cultura y la historia que\" \/>\n<meta name=\"robots\" content=\"index, follow, max-snippet:-1, max-image-preview:large, max-video-preview:-1\" \/>\n<link rel=\"canonical\" href=\"https:\/\/thefeminismproject.com\/es\/presentada\/como-educar-en-el-feminismo-ted-de-iria-inspiracion-para-nuevas-generaciones\/\" \/>\n<meta property=\"og:locale\" content=\"es_ES\" \/>\n<meta property=\"og:type\" content=\"article\" \/>\n<meta property=\"og:title\" content=\"\u00bfC\u00f3mo educar en el feminismo? (TED de Iria) Inspiraci\u00f3n para nuevas generaciones\" \/>\n<meta property=\"og:description\" content=\"Educar en el feminismo no es simplemente una cuesti\u00f3n de transmitir informaci\u00f3n; es un desaf\u00edo profundamente arraigado en la cultura y la historia que\" \/>\n<meta property=\"og:url\" content=\"https:\/\/thefeminismproject.com\/es\/presentada\/como-educar-en-el-feminismo-ted-de-iria-inspiracion-para-nuevas-generaciones\/\" \/>\n<meta property=\"og:site_name\" content=\"thefeminismproject.com\" \/>\n<meta property=\"article:published_time\" content=\"2025-05-05T19:22:00+00:00\" \/>\n<meta property=\"og:image\" content=\"https:\/\/thefeminismproject.com\/wp-content\/uploads\/2025\/05\/51310.jpg\" \/>\n\t<meta property=\"og:image:width\" content=\"1200\" \/>\n\t<meta property=\"og:image:height\" content=\"1800\" \/>\n\t<meta property=\"og:image:type\" content=\"image\/jpeg\" \/>\n<meta name=\"author\" content=\"Joaquimma Anna\" \/>\n<meta name=\"twitter:card\" content=\"summary_large_image\" \/>\n<meta name=\"twitter:label1\" content=\"Escrito por\" \/>\n\t<meta name=\"twitter:data1\" content=\"Joaquimma Anna\" \/>\n\t<meta name=\"twitter:label2\" content=\"Tiempo de lectura\" \/>\n\t<meta name=\"twitter:data2\" content=\"5 minutos\" \/>\n<script type=\"application\/ld+json\" class=\"yoast-schema-graph\">{\"@context\":\"https:\\\/\\\/schema.org\",\"@graph\":[{\"@type\":\"Article\",\"@id\":\"https:\\\/\\\/thefeminismproject.com\\\/es\\\/presentada\\\/como-educar-en-el-feminismo-ted-de-iria-inspiracion-para-nuevas-generaciones\\\/#article\",\"isPartOf\":{\"@id\":\"https:\\\/\\\/thefeminismproject.com\\\/es\\\/presentada\\\/como-educar-en-el-feminismo-ted-de-iria-inspiracion-para-nuevas-generaciones\\\/\"},\"author\":{\"name\":\"Joaquimma Anna\",\"@id\":\"https:\\\/\\\/thefeminismproject.com\\\/es\\\/#\\\/schema\\\/person\\\/d2d84f0918ac04ca2b9f5b912890ad51\"},\"headline\":\"\u00bfC\u00f3mo educar en el feminismo? (TED de Iria) Inspiraci\u00f3n para nuevas generaciones\",\"datePublished\":\"2025-05-05T19:22:00+00:00\",\"mainEntityOfPage\":{\"@id\":\"https:\\\/\\\/thefeminismproject.com\\\/es\\\/presentada\\\/como-educar-en-el-feminismo-ted-de-iria-inspiracion-para-nuevas-generaciones\\\/\"},\"wordCount\":998,\"commentCount\":0,\"publisher\":{\"@id\":\"https:\\\/\\\/thefeminismproject.com\\\/es\\\/#organization\"},\"image\":{\"@id\":\"https:\\\/\\\/thefeminismproject.com\\\/es\\\/presentada\\\/como-educar-en-el-feminismo-ted-de-iria-inspiracion-para-nuevas-generaciones\\\/#primaryimage\"},\"thumbnailUrl\":\"https:\\\/\\\/thefeminismproject.com\\\/wp-content\\\/uploads\\\/2025\\\/05\\\/51310.jpg\",\"articleSection\":[\"Presentada\"],\"inLanguage\":\"es\",\"potentialAction\":[{\"@type\":\"CommentAction\",\"name\":\"Comment\",\"target\":[\"https:\\\/\\\/thefeminismproject.com\\\/es\\\/presentada\\\/como-educar-en-el-feminismo-ted-de-iria-inspiracion-para-nuevas-generaciones\\\/#respond\"]}]},{\"@type\":\"WebPage\",\"@id\":\"https:\\\/\\\/thefeminismproject.com\\\/es\\\/presentada\\\/como-educar-en-el-feminismo-ted-de-iria-inspiracion-para-nuevas-generaciones\\\/\",\"url\":\"https:\\\/\\\/thefeminismproject.com\\\/es\\\/presentada\\\/como-educar-en-el-feminismo-ted-de-iria-inspiracion-para-nuevas-generaciones\\\/\",\"name\":\"\u00bfC\u00f3mo educar en el feminismo? (TED de Iria) Inspiraci\u00f3n para nuevas generaciones\",\"isPartOf\":{\"@id\":\"https:\\\/\\\/thefeminismproject.com\\\/es\\\/#website\"},\"primaryImageOfPage\":{\"@id\":\"https:\\\/\\\/thefeminismproject.com\\\/es\\\/presentada\\\/como-educar-en-el-feminismo-ted-de-iria-inspiracion-para-nuevas-generaciones\\\/#primaryimage\"},\"image\":{\"@id\":\"https:\\\/\\\/thefeminismproject.com\\\/es\\\/presentada\\\/como-educar-en-el-feminismo-ted-de-iria-inspiracion-para-nuevas-generaciones\\\/#primaryimage\"},\"thumbnailUrl\":\"https:\\\/\\\/thefeminismproject.com\\\/wp-content\\\/uploads\\\/2025\\\/05\\\/51310.jpg\",\"datePublished\":\"2025-05-05T19:22:00+00:00\",\"description\":\"Educar en el feminismo no es simplemente una cuesti\u00f3n de transmitir informaci\u00f3n; es un desaf\u00edo profundamente arraigado en la cultura y la historia que\",\"breadcrumb\":{\"@id\":\"https:\\\/\\\/thefeminismproject.com\\\/es\\\/presentada\\\/como-educar-en-el-feminismo-ted-de-iria-inspiracion-para-nuevas-generaciones\\\/#breadcrumb\"},\"inLanguage\":\"es\",\"potentialAction\":[{\"@type\":\"ReadAction\",\"target\":[\"https:\\\/\\\/thefeminismproject.com\\\/es\\\/presentada\\\/como-educar-en-el-feminismo-ted-de-iria-inspiracion-para-nuevas-generaciones\\\/\"]}]},{\"@type\":\"ImageObject\",\"inLanguage\":\"es\",\"@id\":\"https:\\\/\\\/thefeminismproject.com\\\/es\\\/presentada\\\/como-educar-en-el-feminismo-ted-de-iria-inspiracion-para-nuevas-generaciones\\\/#primaryimage\",\"url\":\"https:\\\/\\\/thefeminismproject.com\\\/wp-content\\\/uploads\\\/2025\\\/05\\\/51310.jpg\",\"contentUrl\":\"https:\\\/\\\/thefeminismproject.com\\\/wp-content\\\/uploads\\\/2025\\\/05\\\/51310.jpg\",\"width\":1200,\"height\":1800},{\"@type\":\"BreadcrumbList\",\"@id\":\"https:\\\/\\\/thefeminismproject.com\\\/es\\\/presentada\\\/como-educar-en-el-feminismo-ted-de-iria-inspiracion-para-nuevas-generaciones\\\/#breadcrumb\",\"itemListElement\":[{\"@type\":\"ListItem\",\"position\":1,\"name\":\"Home\",\"item\":\"https:\\\/\\\/thefeminismproject.com\\\/es\\\/inicio\\\/\"},{\"@type\":\"ListItem\",\"position\":2,\"name\":\"\u00bfC\u00f3mo educar en el feminismo? (TED de Iria) Inspiraci\u00f3n para nuevas generaciones\"}]},{\"@type\":\"WebSite\",\"@id\":\"https:\\\/\\\/thefeminismproject.com\\\/es\\\/#website\",\"url\":\"https:\\\/\\\/thefeminismproject.com\\\/es\\\/\",\"name\":\"thefeminismproject.com\",\"description\":\"Popular culture with a feminist twist | let&#039;s talk about things that matter (news that feels right)\",\"publisher\":{\"@id\":\"https:\\\/\\\/thefeminismproject.com\\\/es\\\/#organization\"},\"potentialAction\":[{\"@type\":\"SearchAction\",\"target\":{\"@type\":\"EntryPoint\",\"urlTemplate\":\"https:\\\/\\\/thefeminismproject.com\\\/es\\\/?s={search_term_string}\"},\"query-input\":{\"@type\":\"PropertyValueSpecification\",\"valueRequired\":true,\"valueName\":\"search_term_string\"}}],\"inLanguage\":\"es\"},{\"@type\":\"Organization\",\"@id\":\"https:\\\/\\\/thefeminismproject.com\\\/es\\\/#organization\",\"name\":\"thefeminismproject.com\",\"url\":\"https:\\\/\\\/thefeminismproject.com\\\/es\\\/\",\"logo\":{\"@type\":\"ImageObject\",\"inLanguage\":\"es\",\"@id\":\"https:\\\/\\\/thefeminismproject.com\\\/es\\\/#\\\/schema\\\/logo\\\/image\\\/\",\"url\":\"https:\\\/\\\/thefeminismproject.com\\\/wp-content\\\/uploads\\\/2024\\\/10\\\/pexels-vazhnik-7561648.jpg\",\"contentUrl\":\"https:\\\/\\\/thefeminismproject.com\\\/wp-content\\\/uploads\\\/2024\\\/10\\\/pexels-vazhnik-7561648.jpg\",\"width\":2500,\"height\":1667,\"caption\":\"thefeminismproject.com\"},\"image\":{\"@id\":\"https:\\\/\\\/thefeminismproject.com\\\/es\\\/#\\\/schema\\\/logo\\\/image\\\/\"}},{\"@type\":\"Person\",\"@id\":\"https:\\\/\\\/thefeminismproject.com\\\/es\\\/#\\\/schema\\\/person\\\/d2d84f0918ac04ca2b9f5b912890ad51\",\"name\":\"Joaquimma Anna\",\"image\":{\"@type\":\"ImageObject\",\"inLanguage\":\"es\",\"@id\":\"https:\\\/\\\/secure.gravatar.com\\\/avatar\\\/7d06747db1565e73d68391d596fc2eb15a10a4b4c1864574c454435523af94f1?s=96&d=mm&r=g\",\"url\":\"https:\\\/\\\/secure.gravatar.com\\\/avatar\\\/7d06747db1565e73d68391d596fc2eb15a10a4b4c1864574c454435523af94f1?s=96&d=mm&r=g\",\"contentUrl\":\"https:\\\/\\\/secure.gravatar.com\\\/avatar\\\/7d06747db1565e73d68391d596fc2eb15a10a4b4c1864574c454435523af94f1?s=96&d=mm&r=g\",\"caption\":\"Joaquimma Anna\"},\"description\":\"Hi my name Joaquimma Anna, and let's tumble down the rabbit hole of thought! At thefeminismproject.com, this blog is a whimsical carnival of ideas. As a mischievous feminism activist, I'm here to juggle the narratives of women. This project? A delightful escapade into the absurdities and splendors of our world. Expect the unexpected!\",\"sameAs\":[\"http:\\\/\\\/thefeminismproject.com\"],\"url\":\"https:\\\/\\\/thefeminismproject.com\\\/es\\\/author\\\/bella-sungkawa\\\/\"}]}<\/script>\n<!-- \/ Yoast SEO plugin. -->","yoast_head_json":{"title":"\u00bfC\u00f3mo educar en el feminismo? (TED de Iria) Inspiraci\u00f3n para nuevas generaciones","description":"Educar en el feminismo no es simplemente una cuesti\u00f3n de transmitir informaci\u00f3n; es un desaf\u00edo profundamente arraigado en la cultura y la historia que","robots":{"index":"index","follow":"follow","max-snippet":"max-snippet:-1","max-image-preview":"max-image-preview:large","max-video-preview":"max-video-preview:-1"},"canonical":"https:\/\/thefeminismproject.com\/es\/presentada\/como-educar-en-el-feminismo-ted-de-iria-inspiracion-para-nuevas-generaciones\/","og_locale":"es_ES","og_type":"article","og_title":"\u00bfC\u00f3mo educar en el feminismo? (TED de Iria) Inspiraci\u00f3n para nuevas generaciones","og_description":"Educar en el feminismo no es simplemente una cuesti\u00f3n de transmitir informaci\u00f3n; es un desaf\u00edo profundamente arraigado en la cultura y la historia que","og_url":"https:\/\/thefeminismproject.com\/es\/presentada\/como-educar-en-el-feminismo-ted-de-iria-inspiracion-para-nuevas-generaciones\/","og_site_name":"thefeminismproject.com","article_published_time":"2025-05-05T19:22:00+00:00","og_image":[{"width":1200,"height":1800,"url":"https:\/\/thefeminismproject.com\/wp-content\/uploads\/2025\/05\/51310.jpg","type":"image\/jpeg"}],"author":"Joaquimma Anna","twitter_card":"summary_large_image","twitter_misc":{"Escrito por":"Joaquimma Anna","Tiempo de lectura":"5 minutos"},"schema":{"@context":"https:\/\/schema.org","@graph":[{"@type":"Article","@id":"https:\/\/thefeminismproject.com\/es\/presentada\/como-educar-en-el-feminismo-ted-de-iria-inspiracion-para-nuevas-generaciones\/#article","isPartOf":{"@id":"https:\/\/thefeminismproject.com\/es\/presentada\/como-educar-en-el-feminismo-ted-de-iria-inspiracion-para-nuevas-generaciones\/"},"author":{"name":"Joaquimma Anna","@id":"https:\/\/thefeminismproject.com\/es\/#\/schema\/person\/d2d84f0918ac04ca2b9f5b912890ad51"},"headline":"\u00bfC\u00f3mo educar en el feminismo? (TED de Iria) Inspiraci\u00f3n para nuevas generaciones","datePublished":"2025-05-05T19:22:00+00:00","mainEntityOfPage":{"@id":"https:\/\/thefeminismproject.com\/es\/presentada\/como-educar-en-el-feminismo-ted-de-iria-inspiracion-para-nuevas-generaciones\/"},"wordCount":998,"commentCount":0,"publisher":{"@id":"https:\/\/thefeminismproject.com\/es\/#organization"},"image":{"@id":"https:\/\/thefeminismproject.com\/es\/presentada\/como-educar-en-el-feminismo-ted-de-iria-inspiracion-para-nuevas-generaciones\/#primaryimage"},"thumbnailUrl":"https:\/\/thefeminismproject.com\/wp-content\/uploads\/2025\/05\/51310.jpg","articleSection":["Presentada"],"inLanguage":"es","potentialAction":[{"@type":"CommentAction","name":"Comment","target":["https:\/\/thefeminismproject.com\/es\/presentada\/como-educar-en-el-feminismo-ted-de-iria-inspiracion-para-nuevas-generaciones\/#respond"]}]},{"@type":"WebPage","@id":"https:\/\/thefeminismproject.com\/es\/presentada\/como-educar-en-el-feminismo-ted-de-iria-inspiracion-para-nuevas-generaciones\/","url":"https:\/\/thefeminismproject.com\/es\/presentada\/como-educar-en-el-feminismo-ted-de-iria-inspiracion-para-nuevas-generaciones\/","name":"\u00bfC\u00f3mo educar en el feminismo? (TED de Iria) Inspiraci\u00f3n para nuevas generaciones","isPartOf":{"@id":"https:\/\/thefeminismproject.com\/es\/#website"},"primaryImageOfPage":{"@id":"https:\/\/thefeminismproject.com\/es\/presentada\/como-educar-en-el-feminismo-ted-de-iria-inspiracion-para-nuevas-generaciones\/#primaryimage"},"image":{"@id":"https:\/\/thefeminismproject.com\/es\/presentada\/como-educar-en-el-feminismo-ted-de-iria-inspiracion-para-nuevas-generaciones\/#primaryimage"},"thumbnailUrl":"https:\/\/thefeminismproject.com\/wp-content\/uploads\/2025\/05\/51310.jpg","datePublished":"2025-05-05T19:22:00+00:00","description":"Educar en el feminismo no es simplemente una cuesti\u00f3n de transmitir informaci\u00f3n; es un desaf\u00edo profundamente arraigado en la cultura y la historia que","breadcrumb":{"@id":"https:\/\/thefeminismproject.com\/es\/presentada\/como-educar-en-el-feminismo-ted-de-iria-inspiracion-para-nuevas-generaciones\/#breadcrumb"},"inLanguage":"es","potentialAction":[{"@type":"ReadAction","target":["https:\/\/thefeminismproject.com\/es\/presentada\/como-educar-en-el-feminismo-ted-de-iria-inspiracion-para-nuevas-generaciones\/"]}]},{"@type":"ImageObject","inLanguage":"es","@id":"https:\/\/thefeminismproject.com\/es\/presentada\/como-educar-en-el-feminismo-ted-de-iria-inspiracion-para-nuevas-generaciones\/#primaryimage","url":"https:\/\/thefeminismproject.com\/wp-content\/uploads\/2025\/05\/51310.jpg","contentUrl":"https:\/\/thefeminismproject.com\/wp-content\/uploads\/2025\/05\/51310.jpg","width":1200,"height":1800},{"@type":"BreadcrumbList","@id":"https:\/\/thefeminismproject.com\/es\/presentada\/como-educar-en-el-feminismo-ted-de-iria-inspiracion-para-nuevas-generaciones\/#breadcrumb","itemListElement":[{"@type":"ListItem","position":1,"name":"Home","item":"https:\/\/thefeminismproject.com\/es\/inicio\/"},{"@type":"ListItem","position":2,"name":"\u00bfC\u00f3mo educar en el feminismo? (TED de Iria) Inspiraci\u00f3n para nuevas generaciones"}]},{"@type":"WebSite","@id":"https:\/\/thefeminismproject.com\/es\/#website","url":"https:\/\/thefeminismproject.com\/es\/","name":"thefeminismproject.com","description":"Popular culture with a feminist twist | let&#039;s talk about things that matter (news that feels right)","publisher":{"@id":"https:\/\/thefeminismproject.com\/es\/#organization"},"potentialAction":[{"@type":"SearchAction","target":{"@type":"EntryPoint","urlTemplate":"https:\/\/thefeminismproject.com\/es\/?s={search_term_string}"},"query-input":{"@type":"PropertyValueSpecification","valueRequired":true,"valueName":"search_term_string"}}],"inLanguage":"es"},{"@type":"Organization","@id":"https:\/\/thefeminismproject.com\/es\/#organization","name":"thefeminismproject.com","url":"https:\/\/thefeminismproject.com\/es\/","logo":{"@type":"ImageObject","inLanguage":"es","@id":"https:\/\/thefeminismproject.com\/es\/#\/schema\/logo\/image\/","url":"https:\/\/thefeminismproject.com\/wp-content\/uploads\/2024\/10\/pexels-vazhnik-7561648.jpg","contentUrl":"https:\/\/thefeminismproject.com\/wp-content\/uploads\/2024\/10\/pexels-vazhnik-7561648.jpg","width":2500,"height":1667,"caption":"thefeminismproject.com"},"image":{"@id":"https:\/\/thefeminismproject.com\/es\/#\/schema\/logo\/image\/"}},{"@type":"Person","@id":"https:\/\/thefeminismproject.com\/es\/#\/schema\/person\/d2d84f0918ac04ca2b9f5b912890ad51","name":"Joaquimma Anna","image":{"@type":"ImageObject","inLanguage":"es","@id":"https:\/\/secure.gravatar.com\/avatar\/7d06747db1565e73d68391d596fc2eb15a10a4b4c1864574c454435523af94f1?s=96&d=mm&r=g","url":"https:\/\/secure.gravatar.com\/avatar\/7d06747db1565e73d68391d596fc2eb15a10a4b4c1864574c454435523af94f1?s=96&d=mm&r=g","contentUrl":"https:\/\/secure.gravatar.com\/avatar\/7d06747db1565e73d68391d596fc2eb15a10a4b4c1864574c454435523af94f1?s=96&d=mm&r=g","caption":"Joaquimma Anna"},"description":"Hi my name Joaquimma Anna, and let's tumble down the rabbit hole of thought! At thefeminismproject.com, this blog is a whimsical carnival of ideas. As a mischievous feminism activist, I'm here to juggle the narratives of women. This project? A delightful escapade into the absurdities and splendors of our world. Expect the unexpected!","sameAs":["http:\/\/thefeminismproject.com"],"url":"https:\/\/thefeminismproject.com\/es\/author\/bella-sungkawa\/"}]}},"_links":{"self":[{"href":"https:\/\/thefeminismproject.com\/es\/wp-json\/wp\/v2\/posts\/1046273","targetHints":{"allow":["GET"]}}],"collection":[{"href":"https:\/\/thefeminismproject.com\/es\/wp-json\/wp\/v2\/posts"}],"about":[{"href":"https:\/\/thefeminismproject.com\/es\/wp-json\/wp\/v2\/types\/post"}],"author":[{"embeddable":true,"href":"https:\/\/thefeminismproject.com\/es\/wp-json\/wp\/v2\/users\/1"}],"replies":[{"embeddable":true,"href":"https:\/\/thefeminismproject.com\/es\/wp-json\/wp\/v2\/comments?post=1046273"}],"version-history":[{"count":0,"href":"https:\/\/thefeminismproject.com\/es\/wp-json\/wp\/v2\/posts\/1046273\/revisions"}],"wp:featuredmedia":[{"embeddable":true,"href":"https:\/\/thefeminismproject.com\/es\/wp-json\/wp\/v2\/media\/1046274"}],"wp:attachment":[{"href":"https:\/\/thefeminismproject.com\/es\/wp-json\/wp\/v2\/media?parent=1046273"}],"wp:term":[{"taxonomy":"category","embeddable":true,"href":"https:\/\/thefeminismproject.com\/es\/wp-json\/wp\/v2\/categories?post=1046273"},{"taxonomy":"post_tag","embeddable":true,"href":"https:\/\/thefeminismproject.com\/es\/wp-json\/wp\/v2\/tags?post=1046273"}],"curies":[{"name":"wp","href":"https:\/\/api.w.org\/{rel}","templated":true}]}}