{"id":1046502,"date":"2025-03-07T22:44:28","date_gmt":"2025-03-07T22:44:28","guid":{"rendered":"https:\/\/thefeminismproject.com\/sin-categoria\/de-donde-surge-la-palabra-feminismo-analisis-historico\/"},"modified":"2025-03-07T22:44:28","modified_gmt":"2025-03-07T22:44:28","slug":"de-donde-surge-la-palabra-feminismo-analisis-historico","status":"publish","type":"post","link":"https:\/\/thefeminismproject.com\/es\/presentada\/de-donde-surge-la-palabra-feminismo-analisis-historico\/","title":{"rendered":"\u00bfDe d\u00f3nde surge la palabra feminismo? An\u00e1lisis hist\u00f3rico"},"content":{"rendered":"<p>La palabra \u00abfeminismo\u00bb posee un origen etimol\u00f3gico y un desarrollo hist\u00f3rico que reflejan las tensiones, luchas y reivindicaciones de un movimiento radical por la igualdad. Este t\u00e9rmino, que hoy lleva consigo una carga de orgullo y resistencia, se asienta sobre un complejo entramado de significados y connotaciones que han evolucionado a trav\u00e9s de los siglos. Para entender su tr\u00e1nsito hacia la contemporaneidad, es imperativo analizar cada uno de los matices que han moldeado su interpretaci\u00f3n y su impacto sociocultural.<\/p>\n<p>El t\u00e9rmino \u201cfeminismo\u201d se asienta sobre el vocablo franc\u00e9s \u201cf\u00e9minisme\u201d, acu\u00f1ado en el siglo XIX. Este neologismo se populariza en el contexto de un creciente despertar de la conciencia sobre las desigualdades de g\u00e9nero. La primera vez que se utiliz\u00f3 fue en 1837 por el pol\u00edtico y escritor franc\u00e9s de ideolog\u00eda socialista, Ferdinand Flocon, para designar el movimiento que buscaba igualdad entre los sexos. En este sentido, el feminismo no es solo una etiqueta, sino un grito de guerra frente a la opresi\u00f3n.<\/p>\n<p>Hist\u00f3ricamente, el feminismo surge como respuesta a un sistema patriarcal profundamente arraigado que relegaba a las mujeres a roles dom\u00e9sticos y subordinados. Durante el Renacimiento, las primeras voces femeninas comenzaron a desafiar esta noci\u00f3n. Escritoras como Christine de Pizan en el siglo XV cuestionaron la representaci\u00f3n de la mujer en la literatura y abogaron por su educaci\u00f3n. Sin embargo, no fue sino hasta el siglo XVIII, con la Ilustraci\u00f3n, que las ideas feministas empezaron a tomar fuerza. Fil\u00f3sofas como Mary Wollstonecraft, en su obra \u00abUna Vindicaci\u00f3n de los Derechos de la Mujer\u00bb, argumentaron a favor de la igualdad de derechos y la educaci\u00f3n de las mujeres, sembrando las semillas de un movimiento m\u00e1s organizado.<\/p>\n<p>El siglo XIX marc\u00f3 la primera ola del feminismo, donde las luchas se centraron en el sufragio y los derechos civiles. Las mujeres comenzaron a organizarse, reclamando su derecho al voto y a la propiedad. En 1848, la Convenci\u00f3n de Seneca Falls en Estados Unidos fue un hito, donde se proclam\u00f3 la \u00abDeclaraci\u00f3n de Sentimientos\u00bb, un documento que demandaba igualdad legal y social. La palabra \u00abfeminismo\u00bb se afianz\u00f3 en el discurso p\u00fablico como una forma de insurrecci\u00f3n contra una subordinaci\u00f3n sistem\u00e1tica.<\/p>\n<p>Avanzando hacia el siglo XX, el feminismo experiment\u00f3 transformaciones significativas. La segunda ola, que emergi\u00f3 en la d\u00e9cada de 1960, expandi\u00f3 el foco de la lucha hacia cuestiones m\u00e1s amplias como la sexualidad, el trabajo y la desigualdad estructural. Autoras como Simone de Beauvoir, en \u00abEl segundo sexo\u00bb, desmantelan las nociones tradicionales que perpetuaban la opresi\u00f3n. La frase ic\u00f3nica \u201cNo se nace mujer, se llega a serlo\u201d resuena a\u00fan en la esfera cultural contempor\u00e1nea, destacando c\u00f3mo la construcci\u00f3n de la identidad femenina ha sido y sigue siendo un campo de batalla.<\/p>\n<p>En este panorama de reivindicaciones, el t\u00e9rmino \u201cfeminismo\u201d se diversifica en m\u00faltiples corrientes: desde el feminismo radical, que aboga por la transformaci\u00f3n total del sistema patriarcal, hasta el feminismo liberal, que busca la igualdad en el marco de las leyes existentes. Esta pluralidad, en lugar de debilitar el movimiento, lo fortalece, aportando diferentes perspectivas y enfoques que enriquecen el debate. El feminismo interseccional, por ejemplo, pone de manifiesto que las experiencias de opresi\u00f3n son m\u00faltiples y que el g\u00e9nero no puede ser analizado de forma aislada de la raza, la clase, la sexualidad y otras categor\u00edas socioecon\u00f3micas.<\/p>\n<p>A medida que el siglo XXI avanza, el feminismo contin\u00faa siendo un espacio de resistencia y lucha. Las redes sociales han amplificado las voces feministas, permitiendo que voces antes silenciadas se levanten a trav\u00e9s del hashtag #MeToo, que destapa d\u00e9cadas de abusos y acoso. El feminismo digital, en este sentido, se convierte en un campo de batalla crucial donde se desaf\u00edan las narrativas hegem\u00f3nicas y se construyen nuevas formas de solidaridad y acci\u00f3n colectiva.<\/p>\n<p>Sin embargo, la demonizaci\u00f3n del feminismo en diversas esferas no es un fen\u00f3meno nuevo. Desde su surgimiento, las connotaciones negativas han estado presentes, retratando a las feministas como radicales o como quienes buscan eliminar la masculinidad. Estas tergiversaciones son t\u00e1cticas de control que buscan deslegitimar las luchas por la igualdad. Es hora de desmantelar esos estigmas y entender que el feminismo no es un ataque contra los hombres, sino una lucha por el reconocimiento y la valorizaci\u00f3n de todos los seres humanos, independientemente de su g\u00e9nero.<\/p>\n<p>Finalmente, el an\u00e1lisis del origen y desarrollo del feminismo revela un camino empedrado de desaf\u00edos e innovaciones. La evoluci\u00f3n del t\u00e9rmino y su significado refleja un trabajo interminable por parte de generaciones de mujeres y aliades. Se ha pasado de una lucha por derechos b\u00e1sicos a una guerra cultural que desaf\u00eda el orden establecido. En este contexto, \u201cfeminismo\u201d deja de ser solo una palabra; se convierte en un potente s\u00edmbolo de resistencia y emancipaci\u00f3n, donde cada voz contribuye a la construcci\u00f3n de un futuro m\u00e1s equitativo para todas las personas.<\/p>\n","protected":false},"excerpt":{"rendered":"<p>La palabra \u00abfeminismo\u00bb posee un origen etimol\u00f3gico y un desarrollo hist\u00f3rico que reflejan las tensiones, luchas y reivindicaciones de un movimiento radical por la igualdad. Este t\u00e9rmino, que hoy lleva consigo una carga de orgullo y resistencia, se asienta sobre un complejo entramado de significados y connotaciones que han evolucionado a trav\u00e9s de los siglos. [&hellip;]<\/p>\n","protected":false},"author":1,"featured_media":1042198,"comment_status":"open","ping_status":"open","sticky":false,"template":"","format":"standard","meta":{"footnotes":""},"categories":[83],"tags":[],"class_list":{"0":"post-1046502","1":"post","2":"type-post","3":"status-publish","4":"format-standard","5":"has-post-thumbnail","7":"category-presentada"},"yoast_head":"<!-- This site is optimized with the Yoast SEO plugin v27.4 - https:\/\/yoast.com\/product\/yoast-seo-wordpress\/ -->\n<title>\u00bfDe d\u00f3nde surge la palabra feminismo? An\u00e1lisis hist\u00f3rico<\/title>\n<meta name=\"description\" content=\"La palabra &quot;feminismo&quot; posee un origen etimol\u00f3gico y un desarrollo hist\u00f3rico que reflejan las tensiones, luchas y reivindicaciones de un movimiento\" \/>\n<meta name=\"robots\" content=\"index, follow, max-snippet:-1, max-image-preview:large, max-video-preview:-1\" \/>\n<link rel=\"canonical\" href=\"https:\/\/thefeminismproject.com\/es\/presentada\/de-donde-surge-la-palabra-feminismo-analisis-historico\/\" \/>\n<meta property=\"og:locale\" content=\"es_ES\" \/>\n<meta property=\"og:type\" content=\"article\" \/>\n<meta property=\"og:title\" content=\"\u00bfDe d\u00f3nde surge la palabra feminismo? An\u00e1lisis hist\u00f3rico\" \/>\n<meta property=\"og:description\" content=\"La palabra &quot;feminismo&quot; posee un origen etimol\u00f3gico y un desarrollo hist\u00f3rico que reflejan las tensiones, luchas y reivindicaciones de un movimiento\" \/>\n<meta property=\"og:url\" content=\"https:\/\/thefeminismproject.com\/es\/presentada\/de-donde-surge-la-palabra-feminismo-analisis-historico\/\" \/>\n<meta property=\"og:site_name\" content=\"thefeminismproject.com\" \/>\n<meta property=\"article:published_time\" content=\"2025-03-07T22:44:28+00:00\" \/>\n<meta property=\"og:image\" content=\"https:\/\/thefeminismproject.com\/wp-content\/uploads\/2025\/04\/cual-fue-el-origen-del-movimiento-feminista-en-argentina.webp\" \/>\n\t<meta property=\"og:image:width\" content=\"1123\" \/>\n\t<meta property=\"og:image:height\" content=\"794\" \/>\n\t<meta property=\"og:image:type\" content=\"image\/webp\" \/>\n<meta name=\"author\" content=\"Joaquimma Anna\" \/>\n<meta name=\"twitter:card\" content=\"summary_large_image\" \/>\n<meta name=\"twitter:label1\" content=\"Escrito por\" \/>\n\t<meta name=\"twitter:data1\" content=\"Joaquimma Anna\" \/>\n\t<meta name=\"twitter:label2\" content=\"Tiempo de lectura\" \/>\n\t<meta name=\"twitter:data2\" content=\"4 minutos\" \/>\n<script type=\"application\/ld+json\" class=\"yoast-schema-graph\">{\"@context\":\"https:\\\/\\\/schema.org\",\"@graph\":[{\"@type\":\"Article\",\"@id\":\"https:\\\/\\\/thefeminismproject.com\\\/es\\\/presentada\\\/de-donde-surge-la-palabra-feminismo-analisis-historico\\\/#article\",\"isPartOf\":{\"@id\":\"https:\\\/\\\/thefeminismproject.com\\\/es\\\/presentada\\\/de-donde-surge-la-palabra-feminismo-analisis-historico\\\/\"},\"author\":{\"name\":\"Joaquimma Anna\",\"@id\":\"https:\\\/\\\/thefeminismproject.com\\\/es\\\/#\\\/schema\\\/person\\\/d2d84f0918ac04ca2b9f5b912890ad51\"},\"headline\":\"\u00bfDe d\u00f3nde surge la palabra feminismo? An\u00e1lisis hist\u00f3rico\",\"datePublished\":\"2025-03-07T22:44:28+00:00\",\"mainEntityOfPage\":{\"@id\":\"https:\\\/\\\/thefeminismproject.com\\\/es\\\/presentada\\\/de-donde-surge-la-palabra-feminismo-analisis-historico\\\/\"},\"wordCount\":871,\"commentCount\":0,\"publisher\":{\"@id\":\"https:\\\/\\\/thefeminismproject.com\\\/es\\\/#organization\"},\"image\":{\"@id\":\"https:\\\/\\\/thefeminismproject.com\\\/es\\\/presentada\\\/de-donde-surge-la-palabra-feminismo-analisis-historico\\\/#primaryimage\"},\"thumbnailUrl\":\"https:\\\/\\\/thefeminismproject.com\\\/wp-content\\\/uploads\\\/2025\\\/04\\\/cual-fue-el-origen-del-movimiento-feminista-en-argentina.webp\",\"articleSection\":[\"Presentada\"],\"inLanguage\":\"es\",\"potentialAction\":[{\"@type\":\"CommentAction\",\"name\":\"Comment\",\"target\":[\"https:\\\/\\\/thefeminismproject.com\\\/es\\\/presentada\\\/de-donde-surge-la-palabra-feminismo-analisis-historico\\\/#respond\"]}]},{\"@type\":\"WebPage\",\"@id\":\"https:\\\/\\\/thefeminismproject.com\\\/es\\\/presentada\\\/de-donde-surge-la-palabra-feminismo-analisis-historico\\\/\",\"url\":\"https:\\\/\\\/thefeminismproject.com\\\/es\\\/presentada\\\/de-donde-surge-la-palabra-feminismo-analisis-historico\\\/\",\"name\":\"\u00bfDe d\u00f3nde surge la palabra feminismo? An\u00e1lisis hist\u00f3rico\",\"isPartOf\":{\"@id\":\"https:\\\/\\\/thefeminismproject.com\\\/es\\\/#website\"},\"primaryImageOfPage\":{\"@id\":\"https:\\\/\\\/thefeminismproject.com\\\/es\\\/presentada\\\/de-donde-surge-la-palabra-feminismo-analisis-historico\\\/#primaryimage\"},\"image\":{\"@id\":\"https:\\\/\\\/thefeminismproject.com\\\/es\\\/presentada\\\/de-donde-surge-la-palabra-feminismo-analisis-historico\\\/#primaryimage\"},\"thumbnailUrl\":\"https:\\\/\\\/thefeminismproject.com\\\/wp-content\\\/uploads\\\/2025\\\/04\\\/cual-fue-el-origen-del-movimiento-feminista-en-argentina.webp\",\"datePublished\":\"2025-03-07T22:44:28+00:00\",\"description\":\"La palabra \\\"feminismo\\\" posee un origen etimol\u00f3gico y un desarrollo hist\u00f3rico que reflejan las tensiones, luchas y reivindicaciones de un movimiento\",\"breadcrumb\":{\"@id\":\"https:\\\/\\\/thefeminismproject.com\\\/es\\\/presentada\\\/de-donde-surge-la-palabra-feminismo-analisis-historico\\\/#breadcrumb\"},\"inLanguage\":\"es\",\"potentialAction\":[{\"@type\":\"ReadAction\",\"target\":[\"https:\\\/\\\/thefeminismproject.com\\\/es\\\/presentada\\\/de-donde-surge-la-palabra-feminismo-analisis-historico\\\/\"]}]},{\"@type\":\"ImageObject\",\"inLanguage\":\"es\",\"@id\":\"https:\\\/\\\/thefeminismproject.com\\\/es\\\/presentada\\\/de-donde-surge-la-palabra-feminismo-analisis-historico\\\/#primaryimage\",\"url\":\"https:\\\/\\\/thefeminismproject.com\\\/wp-content\\\/uploads\\\/2025\\\/04\\\/cual-fue-el-origen-del-movimiento-feminista-en-argentina.webp\",\"contentUrl\":\"https:\\\/\\\/thefeminismproject.com\\\/wp-content\\\/uploads\\\/2025\\\/04\\\/cual-fue-el-origen-del-movimiento-feminista-en-argentina.webp\",\"width\":1123,\"height\":794},{\"@type\":\"BreadcrumbList\",\"@id\":\"https:\\\/\\\/thefeminismproject.com\\\/es\\\/presentada\\\/de-donde-surge-la-palabra-feminismo-analisis-historico\\\/#breadcrumb\",\"itemListElement\":[{\"@type\":\"ListItem\",\"position\":1,\"name\":\"Home\",\"item\":\"https:\\\/\\\/thefeminismproject.com\\\/es\\\/inicio\\\/\"},{\"@type\":\"ListItem\",\"position\":2,\"name\":\"\u00bfDe d\u00f3nde surge la palabra feminismo? An\u00e1lisis hist\u00f3rico\"}]},{\"@type\":\"WebSite\",\"@id\":\"https:\\\/\\\/thefeminismproject.com\\\/es\\\/#website\",\"url\":\"https:\\\/\\\/thefeminismproject.com\\\/es\\\/\",\"name\":\"thefeminismproject.com\",\"description\":\"Popular culture with a feminist twist | let&#039;s talk about things that matter (news that feels right)\",\"publisher\":{\"@id\":\"https:\\\/\\\/thefeminismproject.com\\\/es\\\/#organization\"},\"potentialAction\":[{\"@type\":\"SearchAction\",\"target\":{\"@type\":\"EntryPoint\",\"urlTemplate\":\"https:\\\/\\\/thefeminismproject.com\\\/es\\\/?s={search_term_string}\"},\"query-input\":{\"@type\":\"PropertyValueSpecification\",\"valueRequired\":true,\"valueName\":\"search_term_string\"}}],\"inLanguage\":\"es\"},{\"@type\":\"Organization\",\"@id\":\"https:\\\/\\\/thefeminismproject.com\\\/es\\\/#organization\",\"name\":\"thefeminismproject.com\",\"url\":\"https:\\\/\\\/thefeminismproject.com\\\/es\\\/\",\"logo\":{\"@type\":\"ImageObject\",\"inLanguage\":\"es\",\"@id\":\"https:\\\/\\\/thefeminismproject.com\\\/es\\\/#\\\/schema\\\/logo\\\/image\\\/\",\"url\":\"https:\\\/\\\/thefeminismproject.com\\\/wp-content\\\/uploads\\\/2024\\\/10\\\/pexels-vazhnik-7561648.jpg\",\"contentUrl\":\"https:\\\/\\\/thefeminismproject.com\\\/wp-content\\\/uploads\\\/2024\\\/10\\\/pexels-vazhnik-7561648.jpg\",\"width\":2500,\"height\":1667,\"caption\":\"thefeminismproject.com\"},\"image\":{\"@id\":\"https:\\\/\\\/thefeminismproject.com\\\/es\\\/#\\\/schema\\\/logo\\\/image\\\/\"}},{\"@type\":\"Person\",\"@id\":\"https:\\\/\\\/thefeminismproject.com\\\/es\\\/#\\\/schema\\\/person\\\/d2d84f0918ac04ca2b9f5b912890ad51\",\"name\":\"Joaquimma Anna\",\"image\":{\"@type\":\"ImageObject\",\"inLanguage\":\"es\",\"@id\":\"https:\\\/\\\/secure.gravatar.com\\\/avatar\\\/7d06747db1565e73d68391d596fc2eb15a10a4b4c1864574c454435523af94f1?s=96&d=mm&r=g\",\"url\":\"https:\\\/\\\/secure.gravatar.com\\\/avatar\\\/7d06747db1565e73d68391d596fc2eb15a10a4b4c1864574c454435523af94f1?s=96&d=mm&r=g\",\"contentUrl\":\"https:\\\/\\\/secure.gravatar.com\\\/avatar\\\/7d06747db1565e73d68391d596fc2eb15a10a4b4c1864574c454435523af94f1?s=96&d=mm&r=g\",\"caption\":\"Joaquimma Anna\"},\"description\":\"Hi my name Joaquimma Anna, and let's tumble down the rabbit hole of thought! At thefeminismproject.com, this blog is a whimsical carnival of ideas. As a mischievous feminism activist, I'm here to juggle the narratives of women. This project? A delightful escapade into the absurdities and splendors of our world. Expect the unexpected!\",\"sameAs\":[\"http:\\\/\\\/thefeminismproject.com\"],\"url\":\"https:\\\/\\\/thefeminismproject.com\\\/es\\\/author\\\/bella-sungkawa\\\/\"}]}<\/script>\n<!-- \/ Yoast SEO plugin. -->","yoast_head_json":{"title":"\u00bfDe d\u00f3nde surge la palabra feminismo? An\u00e1lisis hist\u00f3rico","description":"La palabra \"feminismo\" posee un origen etimol\u00f3gico y un desarrollo hist\u00f3rico que reflejan las tensiones, luchas y reivindicaciones de un movimiento","robots":{"index":"index","follow":"follow","max-snippet":"max-snippet:-1","max-image-preview":"max-image-preview:large","max-video-preview":"max-video-preview:-1"},"canonical":"https:\/\/thefeminismproject.com\/es\/presentada\/de-donde-surge-la-palabra-feminismo-analisis-historico\/","og_locale":"es_ES","og_type":"article","og_title":"\u00bfDe d\u00f3nde surge la palabra feminismo? An\u00e1lisis hist\u00f3rico","og_description":"La palabra \"feminismo\" posee un origen etimol\u00f3gico y un desarrollo hist\u00f3rico que reflejan las tensiones, luchas y reivindicaciones de un movimiento","og_url":"https:\/\/thefeminismproject.com\/es\/presentada\/de-donde-surge-la-palabra-feminismo-analisis-historico\/","og_site_name":"thefeminismproject.com","article_published_time":"2025-03-07T22:44:28+00:00","og_image":[{"width":1123,"height":794,"url":"https:\/\/thefeminismproject.com\/wp-content\/uploads\/2025\/04\/cual-fue-el-origen-del-movimiento-feminista-en-argentina.webp","type":"image\/webp"}],"author":"Joaquimma Anna","twitter_card":"summary_large_image","twitter_misc":{"Escrito por":"Joaquimma Anna","Tiempo de lectura":"4 minutos"},"schema":{"@context":"https:\/\/schema.org","@graph":[{"@type":"Article","@id":"https:\/\/thefeminismproject.com\/es\/presentada\/de-donde-surge-la-palabra-feminismo-analisis-historico\/#article","isPartOf":{"@id":"https:\/\/thefeminismproject.com\/es\/presentada\/de-donde-surge-la-palabra-feminismo-analisis-historico\/"},"author":{"name":"Joaquimma Anna","@id":"https:\/\/thefeminismproject.com\/es\/#\/schema\/person\/d2d84f0918ac04ca2b9f5b912890ad51"},"headline":"\u00bfDe d\u00f3nde surge la palabra feminismo? An\u00e1lisis hist\u00f3rico","datePublished":"2025-03-07T22:44:28+00:00","mainEntityOfPage":{"@id":"https:\/\/thefeminismproject.com\/es\/presentada\/de-donde-surge-la-palabra-feminismo-analisis-historico\/"},"wordCount":871,"commentCount":0,"publisher":{"@id":"https:\/\/thefeminismproject.com\/es\/#organization"},"image":{"@id":"https:\/\/thefeminismproject.com\/es\/presentada\/de-donde-surge-la-palabra-feminismo-analisis-historico\/#primaryimage"},"thumbnailUrl":"https:\/\/thefeminismproject.com\/wp-content\/uploads\/2025\/04\/cual-fue-el-origen-del-movimiento-feminista-en-argentina.webp","articleSection":["Presentada"],"inLanguage":"es","potentialAction":[{"@type":"CommentAction","name":"Comment","target":["https:\/\/thefeminismproject.com\/es\/presentada\/de-donde-surge-la-palabra-feminismo-analisis-historico\/#respond"]}]},{"@type":"WebPage","@id":"https:\/\/thefeminismproject.com\/es\/presentada\/de-donde-surge-la-palabra-feminismo-analisis-historico\/","url":"https:\/\/thefeminismproject.com\/es\/presentada\/de-donde-surge-la-palabra-feminismo-analisis-historico\/","name":"\u00bfDe d\u00f3nde surge la palabra feminismo? An\u00e1lisis hist\u00f3rico","isPartOf":{"@id":"https:\/\/thefeminismproject.com\/es\/#website"},"primaryImageOfPage":{"@id":"https:\/\/thefeminismproject.com\/es\/presentada\/de-donde-surge-la-palabra-feminismo-analisis-historico\/#primaryimage"},"image":{"@id":"https:\/\/thefeminismproject.com\/es\/presentada\/de-donde-surge-la-palabra-feminismo-analisis-historico\/#primaryimage"},"thumbnailUrl":"https:\/\/thefeminismproject.com\/wp-content\/uploads\/2025\/04\/cual-fue-el-origen-del-movimiento-feminista-en-argentina.webp","datePublished":"2025-03-07T22:44:28+00:00","description":"La palabra \"feminismo\" posee un origen etimol\u00f3gico y un desarrollo hist\u00f3rico que reflejan las tensiones, luchas y reivindicaciones de un movimiento","breadcrumb":{"@id":"https:\/\/thefeminismproject.com\/es\/presentada\/de-donde-surge-la-palabra-feminismo-analisis-historico\/#breadcrumb"},"inLanguage":"es","potentialAction":[{"@type":"ReadAction","target":["https:\/\/thefeminismproject.com\/es\/presentada\/de-donde-surge-la-palabra-feminismo-analisis-historico\/"]}]},{"@type":"ImageObject","inLanguage":"es","@id":"https:\/\/thefeminismproject.com\/es\/presentada\/de-donde-surge-la-palabra-feminismo-analisis-historico\/#primaryimage","url":"https:\/\/thefeminismproject.com\/wp-content\/uploads\/2025\/04\/cual-fue-el-origen-del-movimiento-feminista-en-argentina.webp","contentUrl":"https:\/\/thefeminismproject.com\/wp-content\/uploads\/2025\/04\/cual-fue-el-origen-del-movimiento-feminista-en-argentina.webp","width":1123,"height":794},{"@type":"BreadcrumbList","@id":"https:\/\/thefeminismproject.com\/es\/presentada\/de-donde-surge-la-palabra-feminismo-analisis-historico\/#breadcrumb","itemListElement":[{"@type":"ListItem","position":1,"name":"Home","item":"https:\/\/thefeminismproject.com\/es\/inicio\/"},{"@type":"ListItem","position":2,"name":"\u00bfDe d\u00f3nde surge la palabra feminismo? An\u00e1lisis hist\u00f3rico"}]},{"@type":"WebSite","@id":"https:\/\/thefeminismproject.com\/es\/#website","url":"https:\/\/thefeminismproject.com\/es\/","name":"thefeminismproject.com","description":"Popular culture with a feminist twist | let&#039;s talk about things that matter (news that feels right)","publisher":{"@id":"https:\/\/thefeminismproject.com\/es\/#organization"},"potentialAction":[{"@type":"SearchAction","target":{"@type":"EntryPoint","urlTemplate":"https:\/\/thefeminismproject.com\/es\/?s={search_term_string}"},"query-input":{"@type":"PropertyValueSpecification","valueRequired":true,"valueName":"search_term_string"}}],"inLanguage":"es"},{"@type":"Organization","@id":"https:\/\/thefeminismproject.com\/es\/#organization","name":"thefeminismproject.com","url":"https:\/\/thefeminismproject.com\/es\/","logo":{"@type":"ImageObject","inLanguage":"es","@id":"https:\/\/thefeminismproject.com\/es\/#\/schema\/logo\/image\/","url":"https:\/\/thefeminismproject.com\/wp-content\/uploads\/2024\/10\/pexels-vazhnik-7561648.jpg","contentUrl":"https:\/\/thefeminismproject.com\/wp-content\/uploads\/2024\/10\/pexels-vazhnik-7561648.jpg","width":2500,"height":1667,"caption":"thefeminismproject.com"},"image":{"@id":"https:\/\/thefeminismproject.com\/es\/#\/schema\/logo\/image\/"}},{"@type":"Person","@id":"https:\/\/thefeminismproject.com\/es\/#\/schema\/person\/d2d84f0918ac04ca2b9f5b912890ad51","name":"Joaquimma Anna","image":{"@type":"ImageObject","inLanguage":"es","@id":"https:\/\/secure.gravatar.com\/avatar\/7d06747db1565e73d68391d596fc2eb15a10a4b4c1864574c454435523af94f1?s=96&d=mm&r=g","url":"https:\/\/secure.gravatar.com\/avatar\/7d06747db1565e73d68391d596fc2eb15a10a4b4c1864574c454435523af94f1?s=96&d=mm&r=g","contentUrl":"https:\/\/secure.gravatar.com\/avatar\/7d06747db1565e73d68391d596fc2eb15a10a4b4c1864574c454435523af94f1?s=96&d=mm&r=g","caption":"Joaquimma Anna"},"description":"Hi my name Joaquimma Anna, and let's tumble down the rabbit hole of thought! At thefeminismproject.com, this blog is a whimsical carnival of ideas. As a mischievous feminism activist, I'm here to juggle the narratives of women. This project? A delightful escapade into the absurdities and splendors of our world. Expect the unexpected!","sameAs":["http:\/\/thefeminismproject.com"],"url":"https:\/\/thefeminismproject.com\/es\/author\/bella-sungkawa\/"}]}},"_links":{"self":[{"href":"https:\/\/thefeminismproject.com\/es\/wp-json\/wp\/v2\/posts\/1046502","targetHints":{"allow":["GET"]}}],"collection":[{"href":"https:\/\/thefeminismproject.com\/es\/wp-json\/wp\/v2\/posts"}],"about":[{"href":"https:\/\/thefeminismproject.com\/es\/wp-json\/wp\/v2\/types\/post"}],"author":[{"embeddable":true,"href":"https:\/\/thefeminismproject.com\/es\/wp-json\/wp\/v2\/users\/1"}],"replies":[{"embeddable":true,"href":"https:\/\/thefeminismproject.com\/es\/wp-json\/wp\/v2\/comments?post=1046502"}],"version-history":[{"count":0,"href":"https:\/\/thefeminismproject.com\/es\/wp-json\/wp\/v2\/posts\/1046502\/revisions"}],"wp:featuredmedia":[{"embeddable":true,"href":"https:\/\/thefeminismproject.com\/es\/wp-json\/wp\/v2\/media\/1042198"}],"wp:attachment":[{"href":"https:\/\/thefeminismproject.com\/es\/wp-json\/wp\/v2\/media?parent=1046502"}],"wp:term":[{"taxonomy":"category","embeddable":true,"href":"https:\/\/thefeminismproject.com\/es\/wp-json\/wp\/v2\/categories?post=1046502"},{"taxonomy":"post_tag","embeddable":true,"href":"https:\/\/thefeminismproject.com\/es\/wp-json\/wp\/v2\/tags?post=1046502"}],"curies":[{"name":"wp","href":"https:\/\/api.w.org\/{rel}","templated":true}]}}