{"id":1046504,"date":"2025-04-15T04:29:25","date_gmt":"2025-04-15T04:29:25","guid":{"rendered":"https:\/\/thefeminismproject.com\/sin-categoria\/de-donde-viene-el-feminismo-de-genero-evolucion-del-concepto\/"},"modified":"2025-04-15T04:29:25","modified_gmt":"2025-04-15T04:29:25","slug":"de-donde-viene-el-feminismo-de-genero-evolucion-del-concepto","status":"publish","type":"post","link":"https:\/\/thefeminismproject.com\/es\/presentada\/de-donde-viene-el-feminismo-de-genero-evolucion-del-concepto\/","title":{"rendered":"\u00bfDe d\u00f3nde viene el feminismo de g\u00e9nero? Evoluci\u00f3n del concepto"},"content":{"rendered":"<p>El feminismo de g\u00e9nero, como lo entendemos hoy, es un concepto que ha evolucionado profundamente a lo largo de las d\u00e9cadas. Su nacimiento se sit\u00faa en un contexto hist\u00f3rico de opresi\u00f3n y desigualdad, pero su desarrollo ha estado mediado por una serie de movimientos socioculturales, enfoques acad\u00e9micos y luchas pol\u00edticas que han moldeado no solo la percepci\u00f3n del feminismo, sino tambi\u00e9n la propia noci\u00f3n de g\u00e9nero. Para comprender de d\u00f3nde surge el feminismo de g\u00e9nero, es preciso explorar sus ra\u00edces, sus transformaciones y el contexto en el que se enmarca.<\/p>\n<p>La historia del feminismo es amplia y multifac\u00e9tica. Durante la primera ola, que se desarroll\u00f3 a finales del siglo XIX y principios del XX, el foco principal se centr\u00f3 en la lucha por los derechos civiles b\u00e1sicos: el sufragio femenino, el acceso a la educaci\u00f3n y la propiedad. Este periodo sent\u00f3 las bases del activismo feminista, estableciendo la necesidad de visibilizar la condici\u00f3n de la mujer dentro de un sistema patriarcal profundamente arraigado. Sin embargo, el feminismo de g\u00e9nero, como corriente te\u00f3rica, no surgi\u00f3 hasta m\u00e1s adelante, cuando las feministas comenzaron a cuestionar las nociones esenciales de g\u00e9nero y c\u00f3mo \u00e9stas interactuaban con otras estructuras de poder.<\/p>\n<p>En los a\u00f1os 60 y 70, en medio de convulsiones sociales y pol\u00edticas, aparece la segunda ola del feminismo, caracterizada por un an\u00e1lisis m\u00e1s profundo de la opresi\u00f3n de las mujeres. Influenciadas por movimientos de derechos civiles, las feministas comenzaron a teorizar sobre la interseccionalidad y la construcci\u00f3n social del g\u00e9nero. Autoras como Simone de Beauvoir, con su c\u00e9lebre afirmaci\u00f3n \u00abno se nace mujer, se llega a serlo\u00bb, empezaron a desmantelar la idea de que las diferencias biol\u00f3gicas dictaban el lugar de la mujer en la sociedad. Esta era, en cierto modo, el despertar del feminismo de g\u00e9nero, que pasa a considerar al g\u00e9nero no solo como una categor\u00eda biol\u00f3gica, sino como una construcci\u00f3n social que se entrelaza con la raza, la clase y la sexualidad.<\/p>\n<p>El feminismo de g\u00e9nero se nutre de diversas corrientes filos\u00f3ficas y sociol\u00f3gicas. Entre ellas, el postestructuralismo y el pensamiento queer jugar\u00edan un papel crucial al desafiar las categor\u00edas fijas de identidad y al proponer un espectro m\u00e1s amplio de posibilidades existenciales. Judith Butler, por ejemplo, argumenta que el g\u00e9nero es una pr\u00e1ctica performativa, una serie de actos repetidos que crean la ilusi\u00f3n de una identidad estable. Esta perspectiva no solo abre la puerta a considerar el g\u00e9nero como fluido, sino que tambi\u00e9n hace eco de la lucha por una mayor aceptaci\u00f3n y reconocimiento de identidades diversas. Este es un fascinante indicativo de c\u00f3mo la lucha feminista ha buscado reconfigurar las narrativas dominantes sobre qui\u00e9nes somos y qu\u00e9 significa ser mujer.<\/p>\n<p>As\u00ed, el feminismo de g\u00e9nero se convierte en un campo de estudio y activismo profundamente complejo, que va m\u00e1s all\u00e1 de la mera b\u00fasqueda de igualdad. Se convierte en una cr\u00edtica contundente a la manera en que las sociedades han construido y perpetuado jerarqu\u00edas de g\u00e9nero. La insistencia en que el g\u00e9nero no es un atributo inherente sino una construcci\u00f3n permite a las feministas cuestionar no solo las desigualdades de g\u00e9nero, sino tambi\u00e9n las estructuras de opresi\u00f3n que a menudo se entrelazan con el racismo, el clasismo y la homofobia. De esta manera, el feminismo de g\u00e9nero no solo es una lucha por los derechos de las mujeres, sino un llamado a la justicia social en un sentido m\u00e1s amplio.<\/p>\n<p>A medida que avanza el siglo XXI, el feminismo de g\u00e9nero se enfrenta a nuevos retos y realidades. La globalizaci\u00f3n, las migraciones, la digitalizaci\u00f3n y la mercantilizaci\u00f3n de lo feminista han configurado un nuevo escenario en el que el feminismo de g\u00e9nero debe navegar. Aunque ha logrado actitudes m\u00e1s inclusivas y sistemas de apoyo m\u00e1s solidarios, tambi\u00e9n ha visto c\u00f3mo su mensaje es cooptado y mercantilizado por industrias que, en vez de empoderar, a menudo perpet\u00faan la opresi\u00f3n. La autoconsciencia cr\u00edtica dentro del movimiento es fundamental para mantener su integridad y prop\u00f3sito. \u00bfEs posible que, al mismo tiempo que luchamos por los derechos de las mujeres, estemos contribuyendo a nuevas formas de dominio a trav\u00e9s de la \u00abinclusi\u00f3n\u00bb vac\u00eda de significado?<\/p>\n<p>Adem\u00e1s, el auge de las redes sociales ha permitido una proliferaci\u00f3n de voces feministas, pero tambi\u00e9n ha creado un terreno f\u00e9rtil para el acoso y el backlash. El feminismo de g\u00e9nero, en su busca por una voz multifac\u00e9tica y accesible, debe exigir un espacio seguro para las opiniones diversas, sin olvidar que la interseccionalidad debe ser no solo un concepto, sino un principio activo en todas las formas de activismo. En lugar de permitir que las diferencias nos dividan, la diversidad debe ser vista como una fortaleza que enriquece nuestras luchas.<\/p>\n<p>El feminismo de g\u00e9nero, entonces, no es solo un legado del pasado. Es un movimiento vivo, que debe continuar cuestionando no solo las estructuras de poder, sino tambi\u00e9n el propio concepto de lucha. La evoluci\u00f3n del feminismo de g\u00e9nero refleja, en muchos sentidos, la necesidad de cuestionar nuestras premisas m\u00e1s b\u00e1sicas sobre la identidad, la justicia y el poder. En este contexto, es fundamental no perder de vista que la lucha por el feminismo no es solo la lucha de las mujeres, sino una lucha por la humanidad en su conjunto, un intento de replantear el futuro que deseamos construir.<\/p>\n","protected":false},"excerpt":{"rendered":"<p>El feminismo de g\u00e9nero, como lo entendemos hoy, es un concepto que ha evolucionado profundamente a lo largo de las d\u00e9cadas. Su nacimiento se sit\u00faa en un contexto hist\u00f3rico de opresi\u00f3n y desigualdad, pero su desarrollo ha estado mediado por una serie de movimientos socioculturales, enfoques acad\u00e9micos y luchas pol\u00edticas que han moldeado no solo [&hellip;]<\/p>\n","protected":false},"author":1,"featured_media":1046505,"comment_status":"open","ping_status":"open","sticky":false,"template":"","format":"standard","meta":{"footnotes":""},"categories":[83],"tags":[],"class_list":{"0":"post-1046504","1":"post","2":"type-post","3":"status-publish","4":"format-standard","5":"has-post-thumbnail","7":"category-presentada"},"yoast_head":"<!-- This site is optimized with the Yoast SEO plugin v27.4 - https:\/\/yoast.com\/product\/yoast-seo-wordpress\/ -->\n<title>\u00bfDe d\u00f3nde viene el feminismo de g\u00e9nero? Evoluci\u00f3n del concepto<\/title>\n<meta name=\"description\" content=\"El feminismo de g\u00e9nero, como lo entendemos hoy, es un concepto que ha evolucionado profundamente a lo largo de las d\u00e9cadas. Su nacimiento se sit\u00faa en un\" \/>\n<meta name=\"robots\" content=\"index, follow, max-snippet:-1, max-image-preview:large, max-video-preview:-1\" \/>\n<link rel=\"canonical\" href=\"https:\/\/thefeminismproject.com\/es\/presentada\/de-donde-viene-el-feminismo-de-genero-evolucion-del-concepto\/\" \/>\n<meta property=\"og:locale\" content=\"es_ES\" \/>\n<meta property=\"og:type\" content=\"article\" \/>\n<meta property=\"og:title\" content=\"\u00bfDe d\u00f3nde viene el feminismo de g\u00e9nero? Evoluci\u00f3n del concepto\" \/>\n<meta property=\"og:description\" content=\"El feminismo de g\u00e9nero, como lo entendemos hoy, es un concepto que ha evolucionado profundamente a lo largo de las d\u00e9cadas. Su nacimiento se sit\u00faa en un\" \/>\n<meta property=\"og:url\" content=\"https:\/\/thefeminismproject.com\/es\/presentada\/de-donde-viene-el-feminismo-de-genero-evolucion-del-concepto\/\" \/>\n<meta property=\"og:site_name\" content=\"thefeminismproject.com\" \/>\n<meta property=\"article:published_time\" content=\"2025-04-15T04:29:25+00:00\" \/>\n<meta property=\"og:image\" content=\"https:\/\/thefeminismproject.com\/wp-content\/uploads\/2025\/05\/1672168184.jpeg\" \/>\n\t<meta property=\"og:image:width\" content=\"768\" \/>\n\t<meta property=\"og:image:height\" content=\"1024\" \/>\n\t<meta property=\"og:image:type\" content=\"image\/jpeg\" \/>\n<meta name=\"author\" content=\"Joaquimma Anna\" \/>\n<meta name=\"twitter:card\" content=\"summary_large_image\" \/>\n<meta name=\"twitter:label1\" content=\"Escrito por\" \/>\n\t<meta name=\"twitter:data1\" content=\"Joaquimma Anna\" \/>\n\t<meta name=\"twitter:label2\" content=\"Tiempo de lectura\" \/>\n\t<meta name=\"twitter:data2\" content=\"5 minutos\" \/>\n<script type=\"application\/ld+json\" class=\"yoast-schema-graph\">{\"@context\":\"https:\\\/\\\/schema.org\",\"@graph\":[{\"@type\":\"Article\",\"@id\":\"https:\\\/\\\/thefeminismproject.com\\\/es\\\/presentada\\\/de-donde-viene-el-feminismo-de-genero-evolucion-del-concepto\\\/#article\",\"isPartOf\":{\"@id\":\"https:\\\/\\\/thefeminismproject.com\\\/es\\\/presentada\\\/de-donde-viene-el-feminismo-de-genero-evolucion-del-concepto\\\/\"},\"author\":{\"name\":\"Joaquimma Anna\",\"@id\":\"https:\\\/\\\/thefeminismproject.com\\\/es\\\/#\\\/schema\\\/person\\\/d2d84f0918ac04ca2b9f5b912890ad51\"},\"headline\":\"\u00bfDe d\u00f3nde viene el feminismo de g\u00e9nero? Evoluci\u00f3n del concepto\",\"datePublished\":\"2025-04-15T04:29:25+00:00\",\"mainEntityOfPage\":{\"@id\":\"https:\\\/\\\/thefeminismproject.com\\\/es\\\/presentada\\\/de-donde-viene-el-feminismo-de-genero-evolucion-del-concepto\\\/\"},\"wordCount\":979,\"commentCount\":0,\"publisher\":{\"@id\":\"https:\\\/\\\/thefeminismproject.com\\\/es\\\/#organization\"},\"image\":{\"@id\":\"https:\\\/\\\/thefeminismproject.com\\\/es\\\/presentada\\\/de-donde-viene-el-feminismo-de-genero-evolucion-del-concepto\\\/#primaryimage\"},\"thumbnailUrl\":\"https:\\\/\\\/thefeminismproject.com\\\/wp-content\\\/uploads\\\/2025\\\/05\\\/1672168184.jpeg\",\"articleSection\":[\"Presentada\"],\"inLanguage\":\"es\",\"potentialAction\":[{\"@type\":\"CommentAction\",\"name\":\"Comment\",\"target\":[\"https:\\\/\\\/thefeminismproject.com\\\/es\\\/presentada\\\/de-donde-viene-el-feminismo-de-genero-evolucion-del-concepto\\\/#respond\"]}]},{\"@type\":\"WebPage\",\"@id\":\"https:\\\/\\\/thefeminismproject.com\\\/es\\\/presentada\\\/de-donde-viene-el-feminismo-de-genero-evolucion-del-concepto\\\/\",\"url\":\"https:\\\/\\\/thefeminismproject.com\\\/es\\\/presentada\\\/de-donde-viene-el-feminismo-de-genero-evolucion-del-concepto\\\/\",\"name\":\"\u00bfDe d\u00f3nde viene el feminismo de g\u00e9nero? Evoluci\u00f3n del concepto\",\"isPartOf\":{\"@id\":\"https:\\\/\\\/thefeminismproject.com\\\/es\\\/#website\"},\"primaryImageOfPage\":{\"@id\":\"https:\\\/\\\/thefeminismproject.com\\\/es\\\/presentada\\\/de-donde-viene-el-feminismo-de-genero-evolucion-del-concepto\\\/#primaryimage\"},\"image\":{\"@id\":\"https:\\\/\\\/thefeminismproject.com\\\/es\\\/presentada\\\/de-donde-viene-el-feminismo-de-genero-evolucion-del-concepto\\\/#primaryimage\"},\"thumbnailUrl\":\"https:\\\/\\\/thefeminismproject.com\\\/wp-content\\\/uploads\\\/2025\\\/05\\\/1672168184.jpeg\",\"datePublished\":\"2025-04-15T04:29:25+00:00\",\"description\":\"El feminismo de g\u00e9nero, como lo entendemos hoy, es un concepto que ha evolucionado profundamente a lo largo de las d\u00e9cadas. Su nacimiento se sit\u00faa en un\",\"breadcrumb\":{\"@id\":\"https:\\\/\\\/thefeminismproject.com\\\/es\\\/presentada\\\/de-donde-viene-el-feminismo-de-genero-evolucion-del-concepto\\\/#breadcrumb\"},\"inLanguage\":\"es\",\"potentialAction\":[{\"@type\":\"ReadAction\",\"target\":[\"https:\\\/\\\/thefeminismproject.com\\\/es\\\/presentada\\\/de-donde-viene-el-feminismo-de-genero-evolucion-del-concepto\\\/\"]}]},{\"@type\":\"ImageObject\",\"inLanguage\":\"es\",\"@id\":\"https:\\\/\\\/thefeminismproject.com\\\/es\\\/presentada\\\/de-donde-viene-el-feminismo-de-genero-evolucion-del-concepto\\\/#primaryimage\",\"url\":\"https:\\\/\\\/thefeminismproject.com\\\/wp-content\\\/uploads\\\/2025\\\/05\\\/1672168184.jpeg\",\"contentUrl\":\"https:\\\/\\\/thefeminismproject.com\\\/wp-content\\\/uploads\\\/2025\\\/05\\\/1672168184.jpeg\",\"width\":768,\"height\":1024},{\"@type\":\"BreadcrumbList\",\"@id\":\"https:\\\/\\\/thefeminismproject.com\\\/es\\\/presentada\\\/de-donde-viene-el-feminismo-de-genero-evolucion-del-concepto\\\/#breadcrumb\",\"itemListElement\":[{\"@type\":\"ListItem\",\"position\":1,\"name\":\"Home\",\"item\":\"https:\\\/\\\/thefeminismproject.com\\\/es\\\/inicio\\\/\"},{\"@type\":\"ListItem\",\"position\":2,\"name\":\"\u00bfDe d\u00f3nde viene el feminismo de g\u00e9nero? Evoluci\u00f3n del concepto\"}]},{\"@type\":\"WebSite\",\"@id\":\"https:\\\/\\\/thefeminismproject.com\\\/es\\\/#website\",\"url\":\"https:\\\/\\\/thefeminismproject.com\\\/es\\\/\",\"name\":\"thefeminismproject.com\",\"description\":\"Popular culture with a feminist twist | let&#039;s talk about things that matter (news that feels right)\",\"publisher\":{\"@id\":\"https:\\\/\\\/thefeminismproject.com\\\/es\\\/#organization\"},\"potentialAction\":[{\"@type\":\"SearchAction\",\"target\":{\"@type\":\"EntryPoint\",\"urlTemplate\":\"https:\\\/\\\/thefeminismproject.com\\\/es\\\/?s={search_term_string}\"},\"query-input\":{\"@type\":\"PropertyValueSpecification\",\"valueRequired\":true,\"valueName\":\"search_term_string\"}}],\"inLanguage\":\"es\"},{\"@type\":\"Organization\",\"@id\":\"https:\\\/\\\/thefeminismproject.com\\\/es\\\/#organization\",\"name\":\"thefeminismproject.com\",\"url\":\"https:\\\/\\\/thefeminismproject.com\\\/es\\\/\",\"logo\":{\"@type\":\"ImageObject\",\"inLanguage\":\"es\",\"@id\":\"https:\\\/\\\/thefeminismproject.com\\\/es\\\/#\\\/schema\\\/logo\\\/image\\\/\",\"url\":\"https:\\\/\\\/thefeminismproject.com\\\/wp-content\\\/uploads\\\/2024\\\/10\\\/pexels-vazhnik-7561648.jpg\",\"contentUrl\":\"https:\\\/\\\/thefeminismproject.com\\\/wp-content\\\/uploads\\\/2024\\\/10\\\/pexels-vazhnik-7561648.jpg\",\"width\":2500,\"height\":1667,\"caption\":\"thefeminismproject.com\"},\"image\":{\"@id\":\"https:\\\/\\\/thefeminismproject.com\\\/es\\\/#\\\/schema\\\/logo\\\/image\\\/\"}},{\"@type\":\"Person\",\"@id\":\"https:\\\/\\\/thefeminismproject.com\\\/es\\\/#\\\/schema\\\/person\\\/d2d84f0918ac04ca2b9f5b912890ad51\",\"name\":\"Joaquimma Anna\",\"image\":{\"@type\":\"ImageObject\",\"inLanguage\":\"es\",\"@id\":\"https:\\\/\\\/secure.gravatar.com\\\/avatar\\\/7d06747db1565e73d68391d596fc2eb15a10a4b4c1864574c454435523af94f1?s=96&d=mm&r=g\",\"url\":\"https:\\\/\\\/secure.gravatar.com\\\/avatar\\\/7d06747db1565e73d68391d596fc2eb15a10a4b4c1864574c454435523af94f1?s=96&d=mm&r=g\",\"contentUrl\":\"https:\\\/\\\/secure.gravatar.com\\\/avatar\\\/7d06747db1565e73d68391d596fc2eb15a10a4b4c1864574c454435523af94f1?s=96&d=mm&r=g\",\"caption\":\"Joaquimma Anna\"},\"description\":\"Hi my name Joaquimma Anna, and let's tumble down the rabbit hole of thought! At thefeminismproject.com, this blog is a whimsical carnival of ideas. As a mischievous feminism activist, I'm here to juggle the narratives of women. This project? A delightful escapade into the absurdities and splendors of our world. Expect the unexpected!\",\"sameAs\":[\"http:\\\/\\\/thefeminismproject.com\"],\"url\":\"https:\\\/\\\/thefeminismproject.com\\\/es\\\/author\\\/bella-sungkawa\\\/\"}]}<\/script>\n<!-- \/ Yoast SEO plugin. -->","yoast_head_json":{"title":"\u00bfDe d\u00f3nde viene el feminismo de g\u00e9nero? Evoluci\u00f3n del concepto","description":"El feminismo de g\u00e9nero, como lo entendemos hoy, es un concepto que ha evolucionado profundamente a lo largo de las d\u00e9cadas. Su nacimiento se sit\u00faa en un","robots":{"index":"index","follow":"follow","max-snippet":"max-snippet:-1","max-image-preview":"max-image-preview:large","max-video-preview":"max-video-preview:-1"},"canonical":"https:\/\/thefeminismproject.com\/es\/presentada\/de-donde-viene-el-feminismo-de-genero-evolucion-del-concepto\/","og_locale":"es_ES","og_type":"article","og_title":"\u00bfDe d\u00f3nde viene el feminismo de g\u00e9nero? Evoluci\u00f3n del concepto","og_description":"El feminismo de g\u00e9nero, como lo entendemos hoy, es un concepto que ha evolucionado profundamente a lo largo de las d\u00e9cadas. Su nacimiento se sit\u00faa en un","og_url":"https:\/\/thefeminismproject.com\/es\/presentada\/de-donde-viene-el-feminismo-de-genero-evolucion-del-concepto\/","og_site_name":"thefeminismproject.com","article_published_time":"2025-04-15T04:29:25+00:00","og_image":[{"width":768,"height":1024,"url":"https:\/\/thefeminismproject.com\/wp-content\/uploads\/2025\/05\/1672168184.jpeg","type":"image\/jpeg"}],"author":"Joaquimma Anna","twitter_card":"summary_large_image","twitter_misc":{"Escrito por":"Joaquimma Anna","Tiempo de lectura":"5 minutos"},"schema":{"@context":"https:\/\/schema.org","@graph":[{"@type":"Article","@id":"https:\/\/thefeminismproject.com\/es\/presentada\/de-donde-viene-el-feminismo-de-genero-evolucion-del-concepto\/#article","isPartOf":{"@id":"https:\/\/thefeminismproject.com\/es\/presentada\/de-donde-viene-el-feminismo-de-genero-evolucion-del-concepto\/"},"author":{"name":"Joaquimma Anna","@id":"https:\/\/thefeminismproject.com\/es\/#\/schema\/person\/d2d84f0918ac04ca2b9f5b912890ad51"},"headline":"\u00bfDe d\u00f3nde viene el feminismo de g\u00e9nero? Evoluci\u00f3n del concepto","datePublished":"2025-04-15T04:29:25+00:00","mainEntityOfPage":{"@id":"https:\/\/thefeminismproject.com\/es\/presentada\/de-donde-viene-el-feminismo-de-genero-evolucion-del-concepto\/"},"wordCount":979,"commentCount":0,"publisher":{"@id":"https:\/\/thefeminismproject.com\/es\/#organization"},"image":{"@id":"https:\/\/thefeminismproject.com\/es\/presentada\/de-donde-viene-el-feminismo-de-genero-evolucion-del-concepto\/#primaryimage"},"thumbnailUrl":"https:\/\/thefeminismproject.com\/wp-content\/uploads\/2025\/05\/1672168184.jpeg","articleSection":["Presentada"],"inLanguage":"es","potentialAction":[{"@type":"CommentAction","name":"Comment","target":["https:\/\/thefeminismproject.com\/es\/presentada\/de-donde-viene-el-feminismo-de-genero-evolucion-del-concepto\/#respond"]}]},{"@type":"WebPage","@id":"https:\/\/thefeminismproject.com\/es\/presentada\/de-donde-viene-el-feminismo-de-genero-evolucion-del-concepto\/","url":"https:\/\/thefeminismproject.com\/es\/presentada\/de-donde-viene-el-feminismo-de-genero-evolucion-del-concepto\/","name":"\u00bfDe d\u00f3nde viene el feminismo de g\u00e9nero? Evoluci\u00f3n del concepto","isPartOf":{"@id":"https:\/\/thefeminismproject.com\/es\/#website"},"primaryImageOfPage":{"@id":"https:\/\/thefeminismproject.com\/es\/presentada\/de-donde-viene-el-feminismo-de-genero-evolucion-del-concepto\/#primaryimage"},"image":{"@id":"https:\/\/thefeminismproject.com\/es\/presentada\/de-donde-viene-el-feminismo-de-genero-evolucion-del-concepto\/#primaryimage"},"thumbnailUrl":"https:\/\/thefeminismproject.com\/wp-content\/uploads\/2025\/05\/1672168184.jpeg","datePublished":"2025-04-15T04:29:25+00:00","description":"El feminismo de g\u00e9nero, como lo entendemos hoy, es un concepto que ha evolucionado profundamente a lo largo de las d\u00e9cadas. Su nacimiento se sit\u00faa en un","breadcrumb":{"@id":"https:\/\/thefeminismproject.com\/es\/presentada\/de-donde-viene-el-feminismo-de-genero-evolucion-del-concepto\/#breadcrumb"},"inLanguage":"es","potentialAction":[{"@type":"ReadAction","target":["https:\/\/thefeminismproject.com\/es\/presentada\/de-donde-viene-el-feminismo-de-genero-evolucion-del-concepto\/"]}]},{"@type":"ImageObject","inLanguage":"es","@id":"https:\/\/thefeminismproject.com\/es\/presentada\/de-donde-viene-el-feminismo-de-genero-evolucion-del-concepto\/#primaryimage","url":"https:\/\/thefeminismproject.com\/wp-content\/uploads\/2025\/05\/1672168184.jpeg","contentUrl":"https:\/\/thefeminismproject.com\/wp-content\/uploads\/2025\/05\/1672168184.jpeg","width":768,"height":1024},{"@type":"BreadcrumbList","@id":"https:\/\/thefeminismproject.com\/es\/presentada\/de-donde-viene-el-feminismo-de-genero-evolucion-del-concepto\/#breadcrumb","itemListElement":[{"@type":"ListItem","position":1,"name":"Home","item":"https:\/\/thefeminismproject.com\/es\/inicio\/"},{"@type":"ListItem","position":2,"name":"\u00bfDe d\u00f3nde viene el feminismo de g\u00e9nero? Evoluci\u00f3n del concepto"}]},{"@type":"WebSite","@id":"https:\/\/thefeminismproject.com\/es\/#website","url":"https:\/\/thefeminismproject.com\/es\/","name":"thefeminismproject.com","description":"Popular culture with a feminist twist | let&#039;s talk about things that matter (news that feels right)","publisher":{"@id":"https:\/\/thefeminismproject.com\/es\/#organization"},"potentialAction":[{"@type":"SearchAction","target":{"@type":"EntryPoint","urlTemplate":"https:\/\/thefeminismproject.com\/es\/?s={search_term_string}"},"query-input":{"@type":"PropertyValueSpecification","valueRequired":true,"valueName":"search_term_string"}}],"inLanguage":"es"},{"@type":"Organization","@id":"https:\/\/thefeminismproject.com\/es\/#organization","name":"thefeminismproject.com","url":"https:\/\/thefeminismproject.com\/es\/","logo":{"@type":"ImageObject","inLanguage":"es","@id":"https:\/\/thefeminismproject.com\/es\/#\/schema\/logo\/image\/","url":"https:\/\/thefeminismproject.com\/wp-content\/uploads\/2024\/10\/pexels-vazhnik-7561648.jpg","contentUrl":"https:\/\/thefeminismproject.com\/wp-content\/uploads\/2024\/10\/pexels-vazhnik-7561648.jpg","width":2500,"height":1667,"caption":"thefeminismproject.com"},"image":{"@id":"https:\/\/thefeminismproject.com\/es\/#\/schema\/logo\/image\/"}},{"@type":"Person","@id":"https:\/\/thefeminismproject.com\/es\/#\/schema\/person\/d2d84f0918ac04ca2b9f5b912890ad51","name":"Joaquimma Anna","image":{"@type":"ImageObject","inLanguage":"es","@id":"https:\/\/secure.gravatar.com\/avatar\/7d06747db1565e73d68391d596fc2eb15a10a4b4c1864574c454435523af94f1?s=96&d=mm&r=g","url":"https:\/\/secure.gravatar.com\/avatar\/7d06747db1565e73d68391d596fc2eb15a10a4b4c1864574c454435523af94f1?s=96&d=mm&r=g","contentUrl":"https:\/\/secure.gravatar.com\/avatar\/7d06747db1565e73d68391d596fc2eb15a10a4b4c1864574c454435523af94f1?s=96&d=mm&r=g","caption":"Joaquimma Anna"},"description":"Hi my name Joaquimma Anna, and let's tumble down the rabbit hole of thought! At thefeminismproject.com, this blog is a whimsical carnival of ideas. As a mischievous feminism activist, I'm here to juggle the narratives of women. This project? A delightful escapade into the absurdities and splendors of our world. Expect the unexpected!","sameAs":["http:\/\/thefeminismproject.com"],"url":"https:\/\/thefeminismproject.com\/es\/author\/bella-sungkawa\/"}]}},"_links":{"self":[{"href":"https:\/\/thefeminismproject.com\/es\/wp-json\/wp\/v2\/posts\/1046504","targetHints":{"allow":["GET"]}}],"collection":[{"href":"https:\/\/thefeminismproject.com\/es\/wp-json\/wp\/v2\/posts"}],"about":[{"href":"https:\/\/thefeminismproject.com\/es\/wp-json\/wp\/v2\/types\/post"}],"author":[{"embeddable":true,"href":"https:\/\/thefeminismproject.com\/es\/wp-json\/wp\/v2\/users\/1"}],"replies":[{"embeddable":true,"href":"https:\/\/thefeminismproject.com\/es\/wp-json\/wp\/v2\/comments?post=1046504"}],"version-history":[{"count":0,"href":"https:\/\/thefeminismproject.com\/es\/wp-json\/wp\/v2\/posts\/1046504\/revisions"}],"wp:featuredmedia":[{"embeddable":true,"href":"https:\/\/thefeminismproject.com\/es\/wp-json\/wp\/v2\/media\/1046505"}],"wp:attachment":[{"href":"https:\/\/thefeminismproject.com\/es\/wp-json\/wp\/v2\/media?parent=1046504"}],"wp:term":[{"taxonomy":"category","embeddable":true,"href":"https:\/\/thefeminismproject.com\/es\/wp-json\/wp\/v2\/categories?post=1046504"},{"taxonomy":"post_tag","embeddable":true,"href":"https:\/\/thefeminismproject.com\/es\/wp-json\/wp\/v2\/tags?post=1046504"}],"curies":[{"name":"wp","href":"https:\/\/api.w.org\/{rel}","templated":true}]}}