{"id":1047079,"date":"2025-05-02T00:30:56","date_gmt":"2025-05-02T00:30:56","guid":{"rendered":"https:\/\/thefeminismproject.com\/sin-categoria\/hora-de-la-manifestacion-feminista-manana-en-bilbao-planifica-tu-marcha\/"},"modified":"2025-05-02T00:30:56","modified_gmt":"2025-05-02T00:30:56","slug":"hora-de-la-manifestacion-feminista-manana-en-bilbao-planifica-tu-marcha","status":"publish","type":"post","link":"https:\/\/thefeminismproject.com\/es\/presentada\/hora-de-la-manifestacion-feminista-manana-en-bilbao-planifica-tu-marcha\/","title":{"rendered":"\u00bfHora de la manifestaci\u00f3n feminista ma\u00f1ana en Bilbao? Planifica tu marcha"},"content":{"rendered":"<p>La lucha feminista ha cobrado una fuerza innegable en los \u00faltimos a\u00f1os, convirti\u00e9ndose no solo en un deber moral, sino en una necesidad urgente. Este 8 de marzo, el D\u00eda Internacional de la Mujer, se vislumbra como una fecha crucial para la movilizaci\u00f3n colectiva. \u00bfTe has preguntado a qu\u00e9 hora comenzar\u00e1 la manifestaci\u00f3n en Bilbao? M\u00e1s all\u00e1 de consultar simples horarios, es necesario adentrarse en la esencia misma de este movimiento y comprender el poder que reside en cada paso dado hacia la igualdad.<\/p>\n<p>La marcha feminista en Bilbao no es solo una convocatoria; es un grito unificado que desaf\u00eda el statu quo. Con cada a\u00f1o que pasa, esta manifestaci\u00f3n se ha convertido en un punto focal para quienes abogan por la erradicaci\u00f3n de la violencia de g\u00e9nero, la brecha salarial y la opresi\u00f3n sist\u00e9mica. La hora de inicio, que se ha establecido para las 18:00, no es meramente un dato temporal. Representa un momento en el que la ciudad se detiene para escuchar. Escuchar las historias de mujeres que han sido silenciadas, de ni\u00f1as que a\u00fan no han tenido la oportunidad de so\u00f1ar en libertad, y de todas aquellas que han combatido cada d\u00eda por un tiempo que les sea justo.<\/p>\n<p>Las calles de Bilbao se ti\u00f1en con el color morado, s\u00edmbolo emblem\u00e1tico del feminismo, y en cada rinc\u00f3n resuena la firme convicci\u00f3n de que la lucha feminista es una lucha por la humanidad. Los rostros que ver\u00e1s en esta marcha son el resultado de a\u00f1os de opresi\u00f3n y resistencia. Las que marchan no solo lo hacen para alzar su voz, sino tambi\u00e9n para honrar a quienes ya no est\u00e1n, a las que no pudieron soportar la carga del patriarcado. Este es el verdadero significado de la manifestaci\u00f3n: es una celebraci\u00f3n de la vida y un recuerdo perenne a la injusticia.<\/p>\n<p>Los motivos detr\u00e1s del mencionado encuentro van m\u00e1s all\u00e1 de la mera conmemoraci\u00f3n. La raz\u00f3n de ser de cada marcha radica en un entramado complejo de desigualdades. En una sociedad que a\u00fan se aferra a arcaicos estereotipos de g\u00e9nero, la manifestaci\u00f3n del 8 de marzo en Bilbao se erige como un frente de batalla contra una cultura patriarcal que perpet\u00faa el machismo. La agenda feminista de este a\u00f1o incluy\u00f3 la denuncia de la violencia de g\u00e9nero. Es una realidad ineludible que cada d\u00eda, mujeres son v\u00edctimas de agresiones y abusos, y que, en muchas ocasiones, la justicia no act\u00faa con la celeridad que se requiere. Este tipo de injusticias debe ser tratado no solo en el contexto de la marcha, sino tambi\u00e9n en el debate cotidiano.<\/p>\n<p>Adem\u00e1s, el salario sigue siendo un tema de discordia. La brecha salarial entre hombres y mujeres es una sombra constante que se cierne sobre nosotras. Seg\u00fan datos recientes, las mujeres todav\u00eda ganan, de media, un 20% menos que sus contrapartes masculinas. Este desfase venal cuestiona la noci\u00f3n de igualdad que muchos enarbolan con ligereza. La manifestaci\u00f3n resulta, por tanto, tambi\u00e9n ser un grito de protesta contra esta desigualdad econ\u00f3mica que supone un freno al empoderamiento de las mujeres. Las cifras y los informes son aplastantes, pero la realidad se siente a\u00fan m\u00e1s dura en la vida diaria. Exteriorizar esta lucha es esencial para que los cambios sean visibles y, sobre todo, efectivos.<\/p>\n<p>No debe pasarse por alto el valor de la comunidad. Una multitud, unida por la causa, es un espect\u00e1culo imponente. La cercan\u00eda en la hace evidente que no estamos solas; que hay una red de apoyo formidable que abarca toda la pen\u00ednsula. En este sentido, la manifestaci\u00f3n se convierte en un eco de otras luchas: las de las trabajadoras del hogar, las de las j\u00f3venes que se ven obligadas a violencia machista, y las de aquellas que luchan por sus derechos reproductivos. Al un\u00edsono, se dibuja un panorama de diversidad en la lucha feminista que exige el reconocimiento de diversas realidades. Esto puede llevar a debates enriquecedores sobre la interseccionalidad dentro del feminismo, donde se amalgaman diferentes corrientes que aportan riqueza a la lucha com\u00fan.<\/p>\n<p>Indudablemente, esta marcha es una invitaci\u00f3n para reflexionar sobre nuestro propio papel en la lucha feminista. No se trata solo de ser part\u00edcipes la jornada de ma\u00f1ana; la lucha debe ser constante y diaria. Es deber de cada uno de nosotros hacer espacio en nuestras conversaciones. Cada palabra cuenta, cada gesto es significativo. La manifestaci\u00f3n es tambi\u00e9n un llamado a la acci\u00f3n, no solo en la calle, sino en todas nuestras interacciones cotidianas. Si hoy nos unimos en Bilbao, ma\u00f1ana debemos recordarnos que nuestro compromiso va m\u00e1s all\u00e1 del evento.<\/p>\n<p>En resumen, que la hora de la manifestaci\u00f3n feminista en Bilbao sea un momento decisivo. M\u00e1s all\u00e1 de comprobar la hora correcta, es vital comprender el trasfondo de esta lucha. Un\u00e1monos este 8 de marzo con la claridad de que nuestras voces tienen un poder transformador. Esto es m\u00e1s que un horario; es la oportunidad perfecta para ser parte de un cambio radical que transcender\u00e1 generaciones. Cada paso en la marcha es un paso hacia la libertad. \u00a1Hacia adelante, Bilbao! \u00a1Nuestra lucha no termina aqu\u00ed!<\/p>\n","protected":false},"excerpt":{"rendered":"<p>La lucha feminista ha cobrado una fuerza innegable en los \u00faltimos a\u00f1os, convirti\u00e9ndose no solo en un deber moral, sino en una necesidad urgente. Este 8 de marzo, el D\u00eda Internacional de la Mujer, se vislumbra como una fecha crucial para la movilizaci\u00f3n colectiva. \u00bfTe has preguntado a qu\u00e9 hora comenzar\u00e1 la manifestaci\u00f3n en Bilbao? [&hellip;]<\/p>\n","protected":false},"author":1,"featured_media":1047080,"comment_status":"open","ping_status":"open","sticky":false,"template":"","format":"standard","meta":{"footnotes":""},"categories":[83],"tags":[],"class_list":{"0":"post-1047079","1":"post","2":"type-post","3":"status-publish","4":"format-standard","5":"has-post-thumbnail","7":"category-presentada"},"yoast_head":"<!-- This site is optimized with the Yoast SEO plugin v27.4 - https:\/\/yoast.com\/product\/yoast-seo-wordpress\/ -->\n<title>\u00bfHora de la manifestaci\u00f3n feminista ma\u00f1ana en Bilbao? Planifica tu marcha<\/title>\n<meta name=\"description\" content=\"La lucha feminista ha cobrado una fuerza innegable en los \u00faltimos a\u00f1os, convirti\u00e9ndose no solo en un deber moral, sino en una necesidad urgente. Este 8 de\" \/>\n<meta name=\"robots\" content=\"index, follow, max-snippet:-1, max-image-preview:large, max-video-preview:-1\" \/>\n<link rel=\"canonical\" href=\"https:\/\/thefeminismproject.com\/es\/presentada\/hora-de-la-manifestacion-feminista-manana-en-bilbao-planifica-tu-marcha\/\" \/>\n<meta property=\"og:locale\" content=\"es_ES\" \/>\n<meta property=\"og:type\" content=\"article\" \/>\n<meta property=\"og:title\" content=\"\u00bfHora de la manifestaci\u00f3n feminista ma\u00f1ana en Bilbao? Planifica tu marcha\" \/>\n<meta property=\"og:description\" content=\"La lucha feminista ha cobrado una fuerza innegable en los \u00faltimos a\u00f1os, convirti\u00e9ndose no solo en un deber moral, sino en una necesidad urgente. Este 8 de\" \/>\n<meta property=\"og:url\" content=\"https:\/\/thefeminismproject.com\/es\/presentada\/hora-de-la-manifestacion-feminista-manana-en-bilbao-planifica-tu-marcha\/\" \/>\n<meta property=\"og:site_name\" content=\"thefeminismproject.com\" \/>\n<meta property=\"article:published_time\" content=\"2025-05-02T00:30:56+00:00\" \/>\n<meta property=\"og:image\" content=\"https:\/\/thefeminismproject.com\/wp-content\/uploads\/2025\/05\/8m-bilbao-interior-635x358-1.jpg\" \/>\n\t<meta property=\"og:image:width\" content=\"635\" \/>\n\t<meta property=\"og:image:height\" content=\"358\" \/>\n\t<meta property=\"og:image:type\" content=\"image\/jpeg\" \/>\n<meta name=\"author\" content=\"Joaquimma Anna\" \/>\n<meta name=\"twitter:card\" content=\"summary_large_image\" \/>\n<meta name=\"twitter:label1\" content=\"Escrito por\" \/>\n\t<meta name=\"twitter:data1\" content=\"Joaquimma Anna\" \/>\n\t<meta name=\"twitter:label2\" content=\"Tiempo de lectura\" \/>\n\t<meta name=\"twitter:data2\" content=\"5 minutos\" \/>\n<script type=\"application\/ld+json\" class=\"yoast-schema-graph\">{\"@context\":\"https:\\\/\\\/schema.org\",\"@graph\":[{\"@type\":\"Article\",\"@id\":\"https:\\\/\\\/thefeminismproject.com\\\/es\\\/presentada\\\/hora-de-la-manifestacion-feminista-manana-en-bilbao-planifica-tu-marcha\\\/#article\",\"isPartOf\":{\"@id\":\"https:\\\/\\\/thefeminismproject.com\\\/es\\\/presentada\\\/hora-de-la-manifestacion-feminista-manana-en-bilbao-planifica-tu-marcha\\\/\"},\"author\":{\"name\":\"Joaquimma Anna\",\"@id\":\"https:\\\/\\\/thefeminismproject.com\\\/es\\\/#\\\/schema\\\/person\\\/d2d84f0918ac04ca2b9f5b912890ad51\"},\"headline\":\"\u00bfHora de la manifestaci\u00f3n feminista ma\u00f1ana en Bilbao? Planifica tu marcha\",\"datePublished\":\"2025-05-02T00:30:56+00:00\",\"mainEntityOfPage\":{\"@id\":\"https:\\\/\\\/thefeminismproject.com\\\/es\\\/presentada\\\/hora-de-la-manifestacion-feminista-manana-en-bilbao-planifica-tu-marcha\\\/\"},\"wordCount\":919,\"commentCount\":0,\"publisher\":{\"@id\":\"https:\\\/\\\/thefeminismproject.com\\\/es\\\/#organization\"},\"image\":{\"@id\":\"https:\\\/\\\/thefeminismproject.com\\\/es\\\/presentada\\\/hora-de-la-manifestacion-feminista-manana-en-bilbao-planifica-tu-marcha\\\/#primaryimage\"},\"thumbnailUrl\":\"https:\\\/\\\/thefeminismproject.com\\\/wp-content\\\/uploads\\\/2025\\\/05\\\/8m-bilbao-interior-635x358-1.jpg\",\"articleSection\":[\"Presentada\"],\"inLanguage\":\"es\",\"potentialAction\":[{\"@type\":\"CommentAction\",\"name\":\"Comment\",\"target\":[\"https:\\\/\\\/thefeminismproject.com\\\/es\\\/presentada\\\/hora-de-la-manifestacion-feminista-manana-en-bilbao-planifica-tu-marcha\\\/#respond\"]}]},{\"@type\":\"WebPage\",\"@id\":\"https:\\\/\\\/thefeminismproject.com\\\/es\\\/presentada\\\/hora-de-la-manifestacion-feminista-manana-en-bilbao-planifica-tu-marcha\\\/\",\"url\":\"https:\\\/\\\/thefeminismproject.com\\\/es\\\/presentada\\\/hora-de-la-manifestacion-feminista-manana-en-bilbao-planifica-tu-marcha\\\/\",\"name\":\"\u00bfHora de la manifestaci\u00f3n feminista ma\u00f1ana en Bilbao? Planifica tu marcha\",\"isPartOf\":{\"@id\":\"https:\\\/\\\/thefeminismproject.com\\\/es\\\/#website\"},\"primaryImageOfPage\":{\"@id\":\"https:\\\/\\\/thefeminismproject.com\\\/es\\\/presentada\\\/hora-de-la-manifestacion-feminista-manana-en-bilbao-planifica-tu-marcha\\\/#primaryimage\"},\"image\":{\"@id\":\"https:\\\/\\\/thefeminismproject.com\\\/es\\\/presentada\\\/hora-de-la-manifestacion-feminista-manana-en-bilbao-planifica-tu-marcha\\\/#primaryimage\"},\"thumbnailUrl\":\"https:\\\/\\\/thefeminismproject.com\\\/wp-content\\\/uploads\\\/2025\\\/05\\\/8m-bilbao-interior-635x358-1.jpg\",\"datePublished\":\"2025-05-02T00:30:56+00:00\",\"description\":\"La lucha feminista ha cobrado una fuerza innegable en los \u00faltimos a\u00f1os, convirti\u00e9ndose no solo en un deber moral, sino en una necesidad urgente. Este 8 de\",\"breadcrumb\":{\"@id\":\"https:\\\/\\\/thefeminismproject.com\\\/es\\\/presentada\\\/hora-de-la-manifestacion-feminista-manana-en-bilbao-planifica-tu-marcha\\\/#breadcrumb\"},\"inLanguage\":\"es\",\"potentialAction\":[{\"@type\":\"ReadAction\",\"target\":[\"https:\\\/\\\/thefeminismproject.com\\\/es\\\/presentada\\\/hora-de-la-manifestacion-feminista-manana-en-bilbao-planifica-tu-marcha\\\/\"]}]},{\"@type\":\"ImageObject\",\"inLanguage\":\"es\",\"@id\":\"https:\\\/\\\/thefeminismproject.com\\\/es\\\/presentada\\\/hora-de-la-manifestacion-feminista-manana-en-bilbao-planifica-tu-marcha\\\/#primaryimage\",\"url\":\"https:\\\/\\\/thefeminismproject.com\\\/wp-content\\\/uploads\\\/2025\\\/05\\\/8m-bilbao-interior-635x358-1.jpg\",\"contentUrl\":\"https:\\\/\\\/thefeminismproject.com\\\/wp-content\\\/uploads\\\/2025\\\/05\\\/8m-bilbao-interior-635x358-1.jpg\",\"width\":635,\"height\":358},{\"@type\":\"BreadcrumbList\",\"@id\":\"https:\\\/\\\/thefeminismproject.com\\\/es\\\/presentada\\\/hora-de-la-manifestacion-feminista-manana-en-bilbao-planifica-tu-marcha\\\/#breadcrumb\",\"itemListElement\":[{\"@type\":\"ListItem\",\"position\":1,\"name\":\"Home\",\"item\":\"https:\\\/\\\/thefeminismproject.com\\\/es\\\/inicio\\\/\"},{\"@type\":\"ListItem\",\"position\":2,\"name\":\"\u00bfHora de la manifestaci\u00f3n feminista ma\u00f1ana en Bilbao? Planifica tu marcha\"}]},{\"@type\":\"WebSite\",\"@id\":\"https:\\\/\\\/thefeminismproject.com\\\/es\\\/#website\",\"url\":\"https:\\\/\\\/thefeminismproject.com\\\/es\\\/\",\"name\":\"thefeminismproject.com\",\"description\":\"Popular culture with a feminist twist | let&#039;s talk about things that matter (news that feels right)\",\"publisher\":{\"@id\":\"https:\\\/\\\/thefeminismproject.com\\\/es\\\/#organization\"},\"potentialAction\":[{\"@type\":\"SearchAction\",\"target\":{\"@type\":\"EntryPoint\",\"urlTemplate\":\"https:\\\/\\\/thefeminismproject.com\\\/es\\\/?s={search_term_string}\"},\"query-input\":{\"@type\":\"PropertyValueSpecification\",\"valueRequired\":true,\"valueName\":\"search_term_string\"}}],\"inLanguage\":\"es\"},{\"@type\":\"Organization\",\"@id\":\"https:\\\/\\\/thefeminismproject.com\\\/es\\\/#organization\",\"name\":\"thefeminismproject.com\",\"url\":\"https:\\\/\\\/thefeminismproject.com\\\/es\\\/\",\"logo\":{\"@type\":\"ImageObject\",\"inLanguage\":\"es\",\"@id\":\"https:\\\/\\\/thefeminismproject.com\\\/es\\\/#\\\/schema\\\/logo\\\/image\\\/\",\"url\":\"https:\\\/\\\/thefeminismproject.com\\\/wp-content\\\/uploads\\\/2024\\\/10\\\/pexels-vazhnik-7561648.jpg\",\"contentUrl\":\"https:\\\/\\\/thefeminismproject.com\\\/wp-content\\\/uploads\\\/2024\\\/10\\\/pexels-vazhnik-7561648.jpg\",\"width\":2500,\"height\":1667,\"caption\":\"thefeminismproject.com\"},\"image\":{\"@id\":\"https:\\\/\\\/thefeminismproject.com\\\/es\\\/#\\\/schema\\\/logo\\\/image\\\/\"}},{\"@type\":\"Person\",\"@id\":\"https:\\\/\\\/thefeminismproject.com\\\/es\\\/#\\\/schema\\\/person\\\/d2d84f0918ac04ca2b9f5b912890ad51\",\"name\":\"Joaquimma Anna\",\"image\":{\"@type\":\"ImageObject\",\"inLanguage\":\"es\",\"@id\":\"https:\\\/\\\/secure.gravatar.com\\\/avatar\\\/7d06747db1565e73d68391d596fc2eb15a10a4b4c1864574c454435523af94f1?s=96&d=mm&r=g\",\"url\":\"https:\\\/\\\/secure.gravatar.com\\\/avatar\\\/7d06747db1565e73d68391d596fc2eb15a10a4b4c1864574c454435523af94f1?s=96&d=mm&r=g\",\"contentUrl\":\"https:\\\/\\\/secure.gravatar.com\\\/avatar\\\/7d06747db1565e73d68391d596fc2eb15a10a4b4c1864574c454435523af94f1?s=96&d=mm&r=g\",\"caption\":\"Joaquimma Anna\"},\"description\":\"Hi my name Joaquimma Anna, and let's tumble down the rabbit hole of thought! At thefeminismproject.com, this blog is a whimsical carnival of ideas. As a mischievous feminism activist, I'm here to juggle the narratives of women. This project? A delightful escapade into the absurdities and splendors of our world. Expect the unexpected!\",\"sameAs\":[\"http:\\\/\\\/thefeminismproject.com\"],\"url\":\"https:\\\/\\\/thefeminismproject.com\\\/es\\\/author\\\/bella-sungkawa\\\/\"}]}<\/script>\n<!-- \/ Yoast SEO plugin. -->","yoast_head_json":{"title":"\u00bfHora de la manifestaci\u00f3n feminista ma\u00f1ana en Bilbao? Planifica tu marcha","description":"La lucha feminista ha cobrado una fuerza innegable en los \u00faltimos a\u00f1os, convirti\u00e9ndose no solo en un deber moral, sino en una necesidad urgente. Este 8 de","robots":{"index":"index","follow":"follow","max-snippet":"max-snippet:-1","max-image-preview":"max-image-preview:large","max-video-preview":"max-video-preview:-1"},"canonical":"https:\/\/thefeminismproject.com\/es\/presentada\/hora-de-la-manifestacion-feminista-manana-en-bilbao-planifica-tu-marcha\/","og_locale":"es_ES","og_type":"article","og_title":"\u00bfHora de la manifestaci\u00f3n feminista ma\u00f1ana en Bilbao? Planifica tu marcha","og_description":"La lucha feminista ha cobrado una fuerza innegable en los \u00faltimos a\u00f1os, convirti\u00e9ndose no solo en un deber moral, sino en una necesidad urgente. Este 8 de","og_url":"https:\/\/thefeminismproject.com\/es\/presentada\/hora-de-la-manifestacion-feminista-manana-en-bilbao-planifica-tu-marcha\/","og_site_name":"thefeminismproject.com","article_published_time":"2025-05-02T00:30:56+00:00","og_image":[{"width":635,"height":358,"url":"https:\/\/thefeminismproject.com\/wp-content\/uploads\/2025\/05\/8m-bilbao-interior-635x358-1.jpg","type":"image\/jpeg"}],"author":"Joaquimma Anna","twitter_card":"summary_large_image","twitter_misc":{"Escrito por":"Joaquimma Anna","Tiempo de lectura":"5 minutos"},"schema":{"@context":"https:\/\/schema.org","@graph":[{"@type":"Article","@id":"https:\/\/thefeminismproject.com\/es\/presentada\/hora-de-la-manifestacion-feminista-manana-en-bilbao-planifica-tu-marcha\/#article","isPartOf":{"@id":"https:\/\/thefeminismproject.com\/es\/presentada\/hora-de-la-manifestacion-feminista-manana-en-bilbao-planifica-tu-marcha\/"},"author":{"name":"Joaquimma Anna","@id":"https:\/\/thefeminismproject.com\/es\/#\/schema\/person\/d2d84f0918ac04ca2b9f5b912890ad51"},"headline":"\u00bfHora de la manifestaci\u00f3n feminista ma\u00f1ana en Bilbao? Planifica tu marcha","datePublished":"2025-05-02T00:30:56+00:00","mainEntityOfPage":{"@id":"https:\/\/thefeminismproject.com\/es\/presentada\/hora-de-la-manifestacion-feminista-manana-en-bilbao-planifica-tu-marcha\/"},"wordCount":919,"commentCount":0,"publisher":{"@id":"https:\/\/thefeminismproject.com\/es\/#organization"},"image":{"@id":"https:\/\/thefeminismproject.com\/es\/presentada\/hora-de-la-manifestacion-feminista-manana-en-bilbao-planifica-tu-marcha\/#primaryimage"},"thumbnailUrl":"https:\/\/thefeminismproject.com\/wp-content\/uploads\/2025\/05\/8m-bilbao-interior-635x358-1.jpg","articleSection":["Presentada"],"inLanguage":"es","potentialAction":[{"@type":"CommentAction","name":"Comment","target":["https:\/\/thefeminismproject.com\/es\/presentada\/hora-de-la-manifestacion-feminista-manana-en-bilbao-planifica-tu-marcha\/#respond"]}]},{"@type":"WebPage","@id":"https:\/\/thefeminismproject.com\/es\/presentada\/hora-de-la-manifestacion-feminista-manana-en-bilbao-planifica-tu-marcha\/","url":"https:\/\/thefeminismproject.com\/es\/presentada\/hora-de-la-manifestacion-feminista-manana-en-bilbao-planifica-tu-marcha\/","name":"\u00bfHora de la manifestaci\u00f3n feminista ma\u00f1ana en Bilbao? Planifica tu marcha","isPartOf":{"@id":"https:\/\/thefeminismproject.com\/es\/#website"},"primaryImageOfPage":{"@id":"https:\/\/thefeminismproject.com\/es\/presentada\/hora-de-la-manifestacion-feminista-manana-en-bilbao-planifica-tu-marcha\/#primaryimage"},"image":{"@id":"https:\/\/thefeminismproject.com\/es\/presentada\/hora-de-la-manifestacion-feminista-manana-en-bilbao-planifica-tu-marcha\/#primaryimage"},"thumbnailUrl":"https:\/\/thefeminismproject.com\/wp-content\/uploads\/2025\/05\/8m-bilbao-interior-635x358-1.jpg","datePublished":"2025-05-02T00:30:56+00:00","description":"La lucha feminista ha cobrado una fuerza innegable en los \u00faltimos a\u00f1os, convirti\u00e9ndose no solo en un deber moral, sino en una necesidad urgente. Este 8 de","breadcrumb":{"@id":"https:\/\/thefeminismproject.com\/es\/presentada\/hora-de-la-manifestacion-feminista-manana-en-bilbao-planifica-tu-marcha\/#breadcrumb"},"inLanguage":"es","potentialAction":[{"@type":"ReadAction","target":["https:\/\/thefeminismproject.com\/es\/presentada\/hora-de-la-manifestacion-feminista-manana-en-bilbao-planifica-tu-marcha\/"]}]},{"@type":"ImageObject","inLanguage":"es","@id":"https:\/\/thefeminismproject.com\/es\/presentada\/hora-de-la-manifestacion-feminista-manana-en-bilbao-planifica-tu-marcha\/#primaryimage","url":"https:\/\/thefeminismproject.com\/wp-content\/uploads\/2025\/05\/8m-bilbao-interior-635x358-1.jpg","contentUrl":"https:\/\/thefeminismproject.com\/wp-content\/uploads\/2025\/05\/8m-bilbao-interior-635x358-1.jpg","width":635,"height":358},{"@type":"BreadcrumbList","@id":"https:\/\/thefeminismproject.com\/es\/presentada\/hora-de-la-manifestacion-feminista-manana-en-bilbao-planifica-tu-marcha\/#breadcrumb","itemListElement":[{"@type":"ListItem","position":1,"name":"Home","item":"https:\/\/thefeminismproject.com\/es\/inicio\/"},{"@type":"ListItem","position":2,"name":"\u00bfHora de la manifestaci\u00f3n feminista ma\u00f1ana en Bilbao? Planifica tu marcha"}]},{"@type":"WebSite","@id":"https:\/\/thefeminismproject.com\/es\/#website","url":"https:\/\/thefeminismproject.com\/es\/","name":"thefeminismproject.com","description":"Popular culture with a feminist twist | let&#039;s talk about things that matter (news that feels right)","publisher":{"@id":"https:\/\/thefeminismproject.com\/es\/#organization"},"potentialAction":[{"@type":"SearchAction","target":{"@type":"EntryPoint","urlTemplate":"https:\/\/thefeminismproject.com\/es\/?s={search_term_string}"},"query-input":{"@type":"PropertyValueSpecification","valueRequired":true,"valueName":"search_term_string"}}],"inLanguage":"es"},{"@type":"Organization","@id":"https:\/\/thefeminismproject.com\/es\/#organization","name":"thefeminismproject.com","url":"https:\/\/thefeminismproject.com\/es\/","logo":{"@type":"ImageObject","inLanguage":"es","@id":"https:\/\/thefeminismproject.com\/es\/#\/schema\/logo\/image\/","url":"https:\/\/thefeminismproject.com\/wp-content\/uploads\/2024\/10\/pexels-vazhnik-7561648.jpg","contentUrl":"https:\/\/thefeminismproject.com\/wp-content\/uploads\/2024\/10\/pexels-vazhnik-7561648.jpg","width":2500,"height":1667,"caption":"thefeminismproject.com"},"image":{"@id":"https:\/\/thefeminismproject.com\/es\/#\/schema\/logo\/image\/"}},{"@type":"Person","@id":"https:\/\/thefeminismproject.com\/es\/#\/schema\/person\/d2d84f0918ac04ca2b9f5b912890ad51","name":"Joaquimma Anna","image":{"@type":"ImageObject","inLanguage":"es","@id":"https:\/\/secure.gravatar.com\/avatar\/7d06747db1565e73d68391d596fc2eb15a10a4b4c1864574c454435523af94f1?s=96&d=mm&r=g","url":"https:\/\/secure.gravatar.com\/avatar\/7d06747db1565e73d68391d596fc2eb15a10a4b4c1864574c454435523af94f1?s=96&d=mm&r=g","contentUrl":"https:\/\/secure.gravatar.com\/avatar\/7d06747db1565e73d68391d596fc2eb15a10a4b4c1864574c454435523af94f1?s=96&d=mm&r=g","caption":"Joaquimma Anna"},"description":"Hi my name Joaquimma Anna, and let's tumble down the rabbit hole of thought! At thefeminismproject.com, this blog is a whimsical carnival of ideas. As a mischievous feminism activist, I'm here to juggle the narratives of women. This project? A delightful escapade into the absurdities and splendors of our world. Expect the unexpected!","sameAs":["http:\/\/thefeminismproject.com"],"url":"https:\/\/thefeminismproject.com\/es\/author\/bella-sungkawa\/"}]}},"_links":{"self":[{"href":"https:\/\/thefeminismproject.com\/es\/wp-json\/wp\/v2\/posts\/1047079","targetHints":{"allow":["GET"]}}],"collection":[{"href":"https:\/\/thefeminismproject.com\/es\/wp-json\/wp\/v2\/posts"}],"about":[{"href":"https:\/\/thefeminismproject.com\/es\/wp-json\/wp\/v2\/types\/post"}],"author":[{"embeddable":true,"href":"https:\/\/thefeminismproject.com\/es\/wp-json\/wp\/v2\/users\/1"}],"replies":[{"embeddable":true,"href":"https:\/\/thefeminismproject.com\/es\/wp-json\/wp\/v2\/comments?post=1047079"}],"version-history":[{"count":0,"href":"https:\/\/thefeminismproject.com\/es\/wp-json\/wp\/v2\/posts\/1047079\/revisions"}],"wp:featuredmedia":[{"embeddable":true,"href":"https:\/\/thefeminismproject.com\/es\/wp-json\/wp\/v2\/media\/1047080"}],"wp:attachment":[{"href":"https:\/\/thefeminismproject.com\/es\/wp-json\/wp\/v2\/media?parent=1047079"}],"wp:term":[{"taxonomy":"category","embeddable":true,"href":"https:\/\/thefeminismproject.com\/es\/wp-json\/wp\/v2\/categories?post=1047079"},{"taxonomy":"post_tag","embeddable":true,"href":"https:\/\/thefeminismproject.com\/es\/wp-json\/wp\/v2\/tags?post=1047079"}],"curies":[{"name":"wp","href":"https:\/\/api.w.org\/{rel}","templated":true}]}}