{"id":1047619,"date":"2025-03-20T10:37:51","date_gmt":"2025-03-20T10:37:51","guid":{"rendered":"https:\/\/thefeminismproject.com\/sin-categoria\/como-cultivar-amnesia-feminizada-el-clasico-que-nunca-falla\/"},"modified":"2025-03-20T10:37:51","modified_gmt":"2025-03-20T10:37:51","slug":"como-cultivar-amnesia-feminizada-el-clasico-que-nunca-falla","status":"publish","type":"post","link":"https:\/\/thefeminismproject.com\/es\/presentada\/como-cultivar-amnesia-feminizada-el-clasico-que-nunca-falla\/","title":{"rendered":"\u00bfC\u00f3mo cultivar Amnesia feminizada? El cl\u00e1sico que nunca falla"},"content":{"rendered":"<p>El cultivo de cannabis no es simplemente una actividad agr\u00edcola; es un arte, un ritual, una celebraci\u00f3n de la naturaleza en su forma m\u00e1s elevada. En este contexto, la Amnesia feminizada se erige como un \u00edcono, un cl\u00e1sico que nunca falla. Este cultivar no solo ofrece un producto de calidad superior, sino que tambi\u00e9n simboliza una conexi\u00f3n intr\u00ednseca con la feminidad, la resiliencia y la creatividad. As\u00ed que, \u00bfc\u00f3mo cultivar Amnesia feminizada? Acomp\u00e1\u00f1ame en este viaje fascinante, y descubramos el camino hacia el cultivo de un verdadero cl\u00e1sico.<\/p>\n<p>Primero, es fundamental adentrarse en la elecci\u00f3n de las semillas. Las semillas feminizadas son una maravilla de la biotecnolog\u00eda moderna, asegurando que cada planta que germina ser\u00e1 hembra, evitando el desasosiego de la polinizaci\u00f3n no deseada. Al seleccionar Amnesia feminizada, se opta por una variedad que a\u00fana potencia, sabor y una experiencia cerebral que trasciende lo ordinario. Su aroma fresco y citr\u00f3nico atrae los sentidos, casi como una invitaci\u00f3n a un fest\u00edn sensorial. A medida que se avanza en el proceso, cada decisi\u00f3n importa.<\/p>\n<p>La preparaci\u00f3n del entorno de cultivo es una danza delicada entre la ciencia y el arte. Es esencial crear un espacio que simule las condiciones ideales para el crecimiento. La temperatura ambiente deber\u00eda oscilar entre los 20 y 26 grados Celsius durante el d\u00eda, y de 15 a 20 grados por la noche. La Amnesia es exigente, como una diva que reclama su trono; necesita luz abundante, ya sea mediante iluminaci\u00f3n artificial o a la luz del sol. Las l\u00e1mparas LED de espectro completo son una opci\u00f3n brillante, seg\u00fan se quiere disponer de un cultivo en interior. Es un lujo accesible; crear un microcosmos donde cada planta se sienta valorada y capaz de florecer en su m\u00e1xima expresi\u00f3n.<\/p>\n<p>Una vez que el entorno est\u00e1 listo, se debe centrar en el sustrato. Aqu\u00ed es donde la planta echa ra\u00edces, tanto f\u00edsica como metaf\u00f3ricamente. Un sustrato bien equilibrado que contenga turba, perlita y algo de humus de lombriz puede hacer maravillas. Esta mezcla no solo proporciona nutrientes, sino tambi\u00e9n la aireaci\u00f3n necesaria para el desarrollo del sistema radicular. La Amnesia es un cuadro vibrante que necesita su lienzo; el sustrato es el fondo en el que se pintar\u00e1 el futuro.<\/p>\n<p>El riego es otro elemento crucial en este proceso art\u00edstico. La regla de oro es &#8216;menos es m\u00e1s&#8217;. A menudo los cultivadores novatos cometen el error de inundar sus plantas. Regar excesivamente ahoga a la Amnesia como a una sirena en aguas turbulentas. Se recomienda alegrar el coraz\u00f3n del cultivador con un riego moderado, permitiendo que la capa superior del sustrato se seque antes de volver a hidratar. La Amnesia, al igual que cualquier ser vivo, respira y necesita que se respete su ciclo natural.<\/p>\n<p>Cuando la planta comienza a florecer, la magia de la Amnesia se revela en su esplendor. Su hermoso follaje verde se ve salpicado de brotes que prometen un espect\u00e1culo maravilloso al momento de la cosecha. Aqu\u00ed es donde la t\u00e9cnica de poda se convierte en una herramienta crucial. El &#8216;topping&#8217; o desmochado es una estrategia que fomenta un crecimiento m\u00e1s robusto y un aumento significativo en la producci\u00f3n. Si la Amnesia fuese una estrella, el topping ser\u00eda el productor que asegura que brille con toda su intensidad.<\/p>\n<p>Cabe se\u00f1alar que no todo el cultivo es un lecho de rosas. La Amnesia, aunque resistente, no es inmune a las adversidades. Plagas y enfermedades son sombras en este viaje que si no se manejan con habilidad, pueden amenazar la cosecha. Mantener una vigilancia constante y asegurar un entorno limpio es primordial. La prevenci\u00f3n es el mejor aliado, como el conocimiento que nos empodera en el camino hacia la igualdad y la justicia. Aprovecha tratamientos org\u00e1nicos y naturales siempre que sea posible, como el uso de aceite de neem, que se convierte en un escudo protector en tiempos dif\u00edciles.<\/p>\n<p>A medida que se aproxima el tiempo de cosecha, la anticipaci\u00f3n se apodera del cultivador. La floraci\u00f3n de la Amnesia es un acto de culminaci\u00f3n, donde todo el esfuerzo y dedicaci\u00f3n florecen en un taburete de satisfacci\u00f3n. El momento de cortar llega cuando los tricomas en las flores cambian de transparente a un \u00e1mbar dorado, una verdadera obra maestra esperando ser revelada. La recolecci\u00f3n es un momento de conexi\u00f3n, de respeto hacia la planta y un tributo a la labor realizada. Es una alegor\u00eda de c\u00f3mo a menudo, lo que se cosecha en la vida es resultado de nuestro esfuerzo y dedicaci\u00f3n.<\/p>\n<p>Finalmente, el secado y la curaci\u00f3n. Estos son pasos cr\u00edticos que permiten que la Amnesia se desarrolle plenamente en su expresi\u00f3n final. Un secado lento y controlado garantiza la preservaci\u00f3n de los terpenos y cannabinoides, elementos que aportan a la experiencia. Cada inhalaci\u00f3n se convertir\u00e1 en un viaje introspectivo, donde la feminidad y la fortaleza se fusionan en una experiencia transformadora. Este proceso se asemeja a la madurez de una mujer empoderada: solo con el tiempo y la paciencia se pliega la verdadera esencia de la vida.<\/p>\n<p>As\u00ed, al final del viaje, cultivar Amnesia feminizada es m\u00e1s que simplemente obtener una planta; es un acto de rebeld\u00eda contra la mediocridad, un s\u00edmbolo de gloria y empoderamiento. Se alzar\u00e1 como un estandarte en el jard\u00edn, recordando a todos quienes lo miren que la feminidad, como la Amnesia, es poderosa, provocativa y nunca pasar\u00e1 de moda. Un cl\u00e1sico que nunca falla, sin duda. Ya sea que est\u00e9s comenzando en el mundo del cultivo o que seas un veterano, la Amnesia te da la bienvenida con los brazos abiertos, lista para adornar tu vida con su presencia biodiversa y fascinante.<\/p>\n","protected":false},"excerpt":{"rendered":"<p>El cultivo de cannabis no es simplemente una actividad agr\u00edcola; es un arte, un ritual, una celebraci\u00f3n de la naturaleza en su forma m\u00e1s elevada. En este contexto, la Amnesia feminizada se erige como un \u00edcono, un cl\u00e1sico que nunca falla. Este cultivar no solo ofrece un producto de calidad superior, sino que tambi\u00e9n simboliza [&hellip;]<\/p>\n","protected":false},"author":1,"featured_media":1047620,"comment_status":"open","ping_status":"open","sticky":false,"template":"","format":"standard","meta":{"footnotes":""},"categories":[83],"tags":[],"class_list":{"0":"post-1047619","1":"post","2":"type-post","3":"status-publish","4":"format-standard","5":"has-post-thumbnail","7":"category-presentada"},"yoast_head":"<!-- This site is optimized with the Yoast SEO plugin v27.4 - https:\/\/yoast.com\/product\/yoast-seo-wordpress\/ -->\n<title>\u00bfC\u00f3mo cultivar Amnesia feminizada? El cl\u00e1sico que nunca falla<\/title>\n<meta name=\"description\" content=\"El cultivo de cannabis no es simplemente una actividad agr\u00edcola; es un arte, un ritual, una celebraci\u00f3n de la naturaleza en su forma m\u00e1s elevada. En este\" \/>\n<meta name=\"robots\" content=\"index, follow, max-snippet:-1, max-image-preview:large, max-video-preview:-1\" \/>\n<link rel=\"canonical\" href=\"https:\/\/thefeminismproject.com\/es\/presentada\/como-cultivar-amnesia-feminizada-el-clasico-que-nunca-falla\/\" \/>\n<meta property=\"og:locale\" content=\"es_ES\" \/>\n<meta property=\"og:type\" content=\"article\" \/>\n<meta property=\"og:title\" content=\"\u00bfC\u00f3mo cultivar Amnesia feminizada? El cl\u00e1sico que nunca falla\" \/>\n<meta property=\"og:description\" content=\"El cultivo de cannabis no es simplemente una actividad agr\u00edcola; es un arte, un ritual, una celebraci\u00f3n de la naturaleza en su forma m\u00e1s elevada. En este\" \/>\n<meta property=\"og:url\" content=\"https:\/\/thefeminismproject.com\/es\/presentada\/como-cultivar-amnesia-feminizada-el-clasico-que-nunca-falla\/\" \/>\n<meta property=\"og:site_name\" content=\"thefeminismproject.com\" \/>\n<meta property=\"article:published_time\" content=\"2025-03-20T10:37:51+00:00\" \/>\n<meta property=\"og:image\" content=\"https:\/\/thefeminismproject.com\/wp-content\/uploads\/2025\/05\/amnesia-lemon.jpg\" \/>\n\t<meta property=\"og:image:width\" content=\"1200\" \/>\n\t<meta property=\"og:image:height\" content=\"1200\" \/>\n\t<meta property=\"og:image:type\" content=\"image\/jpeg\" \/>\n<meta name=\"author\" content=\"Joaquimma Anna\" \/>\n<meta name=\"twitter:card\" content=\"summary_large_image\" \/>\n<meta name=\"twitter:label1\" content=\"Escrito por\" \/>\n\t<meta name=\"twitter:data1\" content=\"Joaquimma Anna\" \/>\n\t<meta name=\"twitter:label2\" content=\"Tiempo de lectura\" \/>\n\t<meta name=\"twitter:data2\" content=\"5 minutos\" \/>\n<script type=\"application\/ld+json\" class=\"yoast-schema-graph\">{\"@context\":\"https:\\\/\\\/schema.org\",\"@graph\":[{\"@type\":\"Article\",\"@id\":\"https:\\\/\\\/thefeminismproject.com\\\/es\\\/presentada\\\/como-cultivar-amnesia-feminizada-el-clasico-que-nunca-falla\\\/#article\",\"isPartOf\":{\"@id\":\"https:\\\/\\\/thefeminismproject.com\\\/es\\\/presentada\\\/como-cultivar-amnesia-feminizada-el-clasico-que-nunca-falla\\\/\"},\"author\":{\"name\":\"Joaquimma Anna\",\"@id\":\"https:\\\/\\\/thefeminismproject.com\\\/es\\\/#\\\/schema\\\/person\\\/d2d84f0918ac04ca2b9f5b912890ad51\"},\"headline\":\"\u00bfC\u00f3mo cultivar Amnesia feminizada? El cl\u00e1sico que nunca falla\",\"datePublished\":\"2025-03-20T10:37:51+00:00\",\"mainEntityOfPage\":{\"@id\":\"https:\\\/\\\/thefeminismproject.com\\\/es\\\/presentada\\\/como-cultivar-amnesia-feminizada-el-clasico-que-nunca-falla\\\/\"},\"wordCount\":1002,\"commentCount\":0,\"publisher\":{\"@id\":\"https:\\\/\\\/thefeminismproject.com\\\/es\\\/#organization\"},\"image\":{\"@id\":\"https:\\\/\\\/thefeminismproject.com\\\/es\\\/presentada\\\/como-cultivar-amnesia-feminizada-el-clasico-que-nunca-falla\\\/#primaryimage\"},\"thumbnailUrl\":\"https:\\\/\\\/thefeminismproject.com\\\/wp-content\\\/uploads\\\/2025\\\/05\\\/amnesia-lemon.jpg\",\"articleSection\":[\"Presentada\"],\"inLanguage\":\"es\",\"potentialAction\":[{\"@type\":\"CommentAction\",\"name\":\"Comment\",\"target\":[\"https:\\\/\\\/thefeminismproject.com\\\/es\\\/presentada\\\/como-cultivar-amnesia-feminizada-el-clasico-que-nunca-falla\\\/#respond\"]}]},{\"@type\":\"WebPage\",\"@id\":\"https:\\\/\\\/thefeminismproject.com\\\/es\\\/presentada\\\/como-cultivar-amnesia-feminizada-el-clasico-que-nunca-falla\\\/\",\"url\":\"https:\\\/\\\/thefeminismproject.com\\\/es\\\/presentada\\\/como-cultivar-amnesia-feminizada-el-clasico-que-nunca-falla\\\/\",\"name\":\"\u00bfC\u00f3mo cultivar Amnesia feminizada? El cl\u00e1sico que nunca falla\",\"isPartOf\":{\"@id\":\"https:\\\/\\\/thefeminismproject.com\\\/es\\\/#website\"},\"primaryImageOfPage\":{\"@id\":\"https:\\\/\\\/thefeminismproject.com\\\/es\\\/presentada\\\/como-cultivar-amnesia-feminizada-el-clasico-que-nunca-falla\\\/#primaryimage\"},\"image\":{\"@id\":\"https:\\\/\\\/thefeminismproject.com\\\/es\\\/presentada\\\/como-cultivar-amnesia-feminizada-el-clasico-que-nunca-falla\\\/#primaryimage\"},\"thumbnailUrl\":\"https:\\\/\\\/thefeminismproject.com\\\/wp-content\\\/uploads\\\/2025\\\/05\\\/amnesia-lemon.jpg\",\"datePublished\":\"2025-03-20T10:37:51+00:00\",\"description\":\"El cultivo de cannabis no es simplemente una actividad agr\u00edcola; es un arte, un ritual, una celebraci\u00f3n de la naturaleza en su forma m\u00e1s elevada. En este\",\"breadcrumb\":{\"@id\":\"https:\\\/\\\/thefeminismproject.com\\\/es\\\/presentada\\\/como-cultivar-amnesia-feminizada-el-clasico-que-nunca-falla\\\/#breadcrumb\"},\"inLanguage\":\"es\",\"potentialAction\":[{\"@type\":\"ReadAction\",\"target\":[\"https:\\\/\\\/thefeminismproject.com\\\/es\\\/presentada\\\/como-cultivar-amnesia-feminizada-el-clasico-que-nunca-falla\\\/\"]}]},{\"@type\":\"ImageObject\",\"inLanguage\":\"es\",\"@id\":\"https:\\\/\\\/thefeminismproject.com\\\/es\\\/presentada\\\/como-cultivar-amnesia-feminizada-el-clasico-que-nunca-falla\\\/#primaryimage\",\"url\":\"https:\\\/\\\/thefeminismproject.com\\\/wp-content\\\/uploads\\\/2025\\\/05\\\/amnesia-lemon.jpg\",\"contentUrl\":\"https:\\\/\\\/thefeminismproject.com\\\/wp-content\\\/uploads\\\/2025\\\/05\\\/amnesia-lemon.jpg\",\"width\":1200,\"height\":1200},{\"@type\":\"BreadcrumbList\",\"@id\":\"https:\\\/\\\/thefeminismproject.com\\\/es\\\/presentada\\\/como-cultivar-amnesia-feminizada-el-clasico-que-nunca-falla\\\/#breadcrumb\",\"itemListElement\":[{\"@type\":\"ListItem\",\"position\":1,\"name\":\"Home\",\"item\":\"https:\\\/\\\/thefeminismproject.com\\\/es\\\/inicio\\\/\"},{\"@type\":\"ListItem\",\"position\":2,\"name\":\"\u00bfC\u00f3mo cultivar Amnesia feminizada? El cl\u00e1sico que nunca falla\"}]},{\"@type\":\"WebSite\",\"@id\":\"https:\\\/\\\/thefeminismproject.com\\\/es\\\/#website\",\"url\":\"https:\\\/\\\/thefeminismproject.com\\\/es\\\/\",\"name\":\"thefeminismproject.com\",\"description\":\"Popular culture with a feminist twist | let&#039;s talk about things that matter (news that feels right)\",\"publisher\":{\"@id\":\"https:\\\/\\\/thefeminismproject.com\\\/es\\\/#organization\"},\"potentialAction\":[{\"@type\":\"SearchAction\",\"target\":{\"@type\":\"EntryPoint\",\"urlTemplate\":\"https:\\\/\\\/thefeminismproject.com\\\/es\\\/?s={search_term_string}\"},\"query-input\":{\"@type\":\"PropertyValueSpecification\",\"valueRequired\":true,\"valueName\":\"search_term_string\"}}],\"inLanguage\":\"es\"},{\"@type\":\"Organization\",\"@id\":\"https:\\\/\\\/thefeminismproject.com\\\/es\\\/#organization\",\"name\":\"thefeminismproject.com\",\"url\":\"https:\\\/\\\/thefeminismproject.com\\\/es\\\/\",\"logo\":{\"@type\":\"ImageObject\",\"inLanguage\":\"es\",\"@id\":\"https:\\\/\\\/thefeminismproject.com\\\/es\\\/#\\\/schema\\\/logo\\\/image\\\/\",\"url\":\"https:\\\/\\\/thefeminismproject.com\\\/wp-content\\\/uploads\\\/2024\\\/10\\\/pexels-vazhnik-7561648.jpg\",\"contentUrl\":\"https:\\\/\\\/thefeminismproject.com\\\/wp-content\\\/uploads\\\/2024\\\/10\\\/pexels-vazhnik-7561648.jpg\",\"width\":2500,\"height\":1667,\"caption\":\"thefeminismproject.com\"},\"image\":{\"@id\":\"https:\\\/\\\/thefeminismproject.com\\\/es\\\/#\\\/schema\\\/logo\\\/image\\\/\"}},{\"@type\":\"Person\",\"@id\":\"https:\\\/\\\/thefeminismproject.com\\\/es\\\/#\\\/schema\\\/person\\\/d2d84f0918ac04ca2b9f5b912890ad51\",\"name\":\"Joaquimma Anna\",\"image\":{\"@type\":\"ImageObject\",\"inLanguage\":\"es\",\"@id\":\"https:\\\/\\\/secure.gravatar.com\\\/avatar\\\/7d06747db1565e73d68391d596fc2eb15a10a4b4c1864574c454435523af94f1?s=96&d=mm&r=g\",\"url\":\"https:\\\/\\\/secure.gravatar.com\\\/avatar\\\/7d06747db1565e73d68391d596fc2eb15a10a4b4c1864574c454435523af94f1?s=96&d=mm&r=g\",\"contentUrl\":\"https:\\\/\\\/secure.gravatar.com\\\/avatar\\\/7d06747db1565e73d68391d596fc2eb15a10a4b4c1864574c454435523af94f1?s=96&d=mm&r=g\",\"caption\":\"Joaquimma Anna\"},\"description\":\"Hi my name Joaquimma Anna, and let's tumble down the rabbit hole of thought! At thefeminismproject.com, this blog is a whimsical carnival of ideas. As a mischievous feminism activist, I'm here to juggle the narratives of women. This project? A delightful escapade into the absurdities and splendors of our world. Expect the unexpected!\",\"sameAs\":[\"http:\\\/\\\/thefeminismproject.com\"],\"url\":\"https:\\\/\\\/thefeminismproject.com\\\/es\\\/author\\\/bella-sungkawa\\\/\"}]}<\/script>\n<!-- \/ Yoast SEO plugin. -->","yoast_head_json":{"title":"\u00bfC\u00f3mo cultivar Amnesia feminizada? El cl\u00e1sico que nunca falla","description":"El cultivo de cannabis no es simplemente una actividad agr\u00edcola; es un arte, un ritual, una celebraci\u00f3n de la naturaleza en su forma m\u00e1s elevada. En este","robots":{"index":"index","follow":"follow","max-snippet":"max-snippet:-1","max-image-preview":"max-image-preview:large","max-video-preview":"max-video-preview:-1"},"canonical":"https:\/\/thefeminismproject.com\/es\/presentada\/como-cultivar-amnesia-feminizada-el-clasico-que-nunca-falla\/","og_locale":"es_ES","og_type":"article","og_title":"\u00bfC\u00f3mo cultivar Amnesia feminizada? El cl\u00e1sico que nunca falla","og_description":"El cultivo de cannabis no es simplemente una actividad agr\u00edcola; es un arte, un ritual, una celebraci\u00f3n de la naturaleza en su forma m\u00e1s elevada. En este","og_url":"https:\/\/thefeminismproject.com\/es\/presentada\/como-cultivar-amnesia-feminizada-el-clasico-que-nunca-falla\/","og_site_name":"thefeminismproject.com","article_published_time":"2025-03-20T10:37:51+00:00","og_image":[{"width":1200,"height":1200,"url":"https:\/\/thefeminismproject.com\/wp-content\/uploads\/2025\/05\/amnesia-lemon.jpg","type":"image\/jpeg"}],"author":"Joaquimma Anna","twitter_card":"summary_large_image","twitter_misc":{"Escrito por":"Joaquimma Anna","Tiempo de lectura":"5 minutos"},"schema":{"@context":"https:\/\/schema.org","@graph":[{"@type":"Article","@id":"https:\/\/thefeminismproject.com\/es\/presentada\/como-cultivar-amnesia-feminizada-el-clasico-que-nunca-falla\/#article","isPartOf":{"@id":"https:\/\/thefeminismproject.com\/es\/presentada\/como-cultivar-amnesia-feminizada-el-clasico-que-nunca-falla\/"},"author":{"name":"Joaquimma Anna","@id":"https:\/\/thefeminismproject.com\/es\/#\/schema\/person\/d2d84f0918ac04ca2b9f5b912890ad51"},"headline":"\u00bfC\u00f3mo cultivar Amnesia feminizada? El cl\u00e1sico que nunca falla","datePublished":"2025-03-20T10:37:51+00:00","mainEntityOfPage":{"@id":"https:\/\/thefeminismproject.com\/es\/presentada\/como-cultivar-amnesia-feminizada-el-clasico-que-nunca-falla\/"},"wordCount":1002,"commentCount":0,"publisher":{"@id":"https:\/\/thefeminismproject.com\/es\/#organization"},"image":{"@id":"https:\/\/thefeminismproject.com\/es\/presentada\/como-cultivar-amnesia-feminizada-el-clasico-que-nunca-falla\/#primaryimage"},"thumbnailUrl":"https:\/\/thefeminismproject.com\/wp-content\/uploads\/2025\/05\/amnesia-lemon.jpg","articleSection":["Presentada"],"inLanguage":"es","potentialAction":[{"@type":"CommentAction","name":"Comment","target":["https:\/\/thefeminismproject.com\/es\/presentada\/como-cultivar-amnesia-feminizada-el-clasico-que-nunca-falla\/#respond"]}]},{"@type":"WebPage","@id":"https:\/\/thefeminismproject.com\/es\/presentada\/como-cultivar-amnesia-feminizada-el-clasico-que-nunca-falla\/","url":"https:\/\/thefeminismproject.com\/es\/presentada\/como-cultivar-amnesia-feminizada-el-clasico-que-nunca-falla\/","name":"\u00bfC\u00f3mo cultivar Amnesia feminizada? El cl\u00e1sico que nunca falla","isPartOf":{"@id":"https:\/\/thefeminismproject.com\/es\/#website"},"primaryImageOfPage":{"@id":"https:\/\/thefeminismproject.com\/es\/presentada\/como-cultivar-amnesia-feminizada-el-clasico-que-nunca-falla\/#primaryimage"},"image":{"@id":"https:\/\/thefeminismproject.com\/es\/presentada\/como-cultivar-amnesia-feminizada-el-clasico-que-nunca-falla\/#primaryimage"},"thumbnailUrl":"https:\/\/thefeminismproject.com\/wp-content\/uploads\/2025\/05\/amnesia-lemon.jpg","datePublished":"2025-03-20T10:37:51+00:00","description":"El cultivo de cannabis no es simplemente una actividad agr\u00edcola; es un arte, un ritual, una celebraci\u00f3n de la naturaleza en su forma m\u00e1s elevada. En este","breadcrumb":{"@id":"https:\/\/thefeminismproject.com\/es\/presentada\/como-cultivar-amnesia-feminizada-el-clasico-que-nunca-falla\/#breadcrumb"},"inLanguage":"es","potentialAction":[{"@type":"ReadAction","target":["https:\/\/thefeminismproject.com\/es\/presentada\/como-cultivar-amnesia-feminizada-el-clasico-que-nunca-falla\/"]}]},{"@type":"ImageObject","inLanguage":"es","@id":"https:\/\/thefeminismproject.com\/es\/presentada\/como-cultivar-amnesia-feminizada-el-clasico-que-nunca-falla\/#primaryimage","url":"https:\/\/thefeminismproject.com\/wp-content\/uploads\/2025\/05\/amnesia-lemon.jpg","contentUrl":"https:\/\/thefeminismproject.com\/wp-content\/uploads\/2025\/05\/amnesia-lemon.jpg","width":1200,"height":1200},{"@type":"BreadcrumbList","@id":"https:\/\/thefeminismproject.com\/es\/presentada\/como-cultivar-amnesia-feminizada-el-clasico-que-nunca-falla\/#breadcrumb","itemListElement":[{"@type":"ListItem","position":1,"name":"Home","item":"https:\/\/thefeminismproject.com\/es\/inicio\/"},{"@type":"ListItem","position":2,"name":"\u00bfC\u00f3mo cultivar Amnesia feminizada? El cl\u00e1sico que nunca falla"}]},{"@type":"WebSite","@id":"https:\/\/thefeminismproject.com\/es\/#website","url":"https:\/\/thefeminismproject.com\/es\/","name":"thefeminismproject.com","description":"Popular culture with a feminist twist | let&#039;s talk about things that matter (news that feels right)","publisher":{"@id":"https:\/\/thefeminismproject.com\/es\/#organization"},"potentialAction":[{"@type":"SearchAction","target":{"@type":"EntryPoint","urlTemplate":"https:\/\/thefeminismproject.com\/es\/?s={search_term_string}"},"query-input":{"@type":"PropertyValueSpecification","valueRequired":true,"valueName":"search_term_string"}}],"inLanguage":"es"},{"@type":"Organization","@id":"https:\/\/thefeminismproject.com\/es\/#organization","name":"thefeminismproject.com","url":"https:\/\/thefeminismproject.com\/es\/","logo":{"@type":"ImageObject","inLanguage":"es","@id":"https:\/\/thefeminismproject.com\/es\/#\/schema\/logo\/image\/","url":"https:\/\/thefeminismproject.com\/wp-content\/uploads\/2024\/10\/pexels-vazhnik-7561648.jpg","contentUrl":"https:\/\/thefeminismproject.com\/wp-content\/uploads\/2024\/10\/pexels-vazhnik-7561648.jpg","width":2500,"height":1667,"caption":"thefeminismproject.com"},"image":{"@id":"https:\/\/thefeminismproject.com\/es\/#\/schema\/logo\/image\/"}},{"@type":"Person","@id":"https:\/\/thefeminismproject.com\/es\/#\/schema\/person\/d2d84f0918ac04ca2b9f5b912890ad51","name":"Joaquimma Anna","image":{"@type":"ImageObject","inLanguage":"es","@id":"https:\/\/secure.gravatar.com\/avatar\/7d06747db1565e73d68391d596fc2eb15a10a4b4c1864574c454435523af94f1?s=96&d=mm&r=g","url":"https:\/\/secure.gravatar.com\/avatar\/7d06747db1565e73d68391d596fc2eb15a10a4b4c1864574c454435523af94f1?s=96&d=mm&r=g","contentUrl":"https:\/\/secure.gravatar.com\/avatar\/7d06747db1565e73d68391d596fc2eb15a10a4b4c1864574c454435523af94f1?s=96&d=mm&r=g","caption":"Joaquimma Anna"},"description":"Hi my name Joaquimma Anna, and let's tumble down the rabbit hole of thought! At thefeminismproject.com, this blog is a whimsical carnival of ideas. As a mischievous feminism activist, I'm here to juggle the narratives of women. This project? A delightful escapade into the absurdities and splendors of our world. Expect the unexpected!","sameAs":["http:\/\/thefeminismproject.com"],"url":"https:\/\/thefeminismproject.com\/es\/author\/bella-sungkawa\/"}]}},"_links":{"self":[{"href":"https:\/\/thefeminismproject.com\/es\/wp-json\/wp\/v2\/posts\/1047619","targetHints":{"allow":["GET"]}}],"collection":[{"href":"https:\/\/thefeminismproject.com\/es\/wp-json\/wp\/v2\/posts"}],"about":[{"href":"https:\/\/thefeminismproject.com\/es\/wp-json\/wp\/v2\/types\/post"}],"author":[{"embeddable":true,"href":"https:\/\/thefeminismproject.com\/es\/wp-json\/wp\/v2\/users\/1"}],"replies":[{"embeddable":true,"href":"https:\/\/thefeminismproject.com\/es\/wp-json\/wp\/v2\/comments?post=1047619"}],"version-history":[{"count":0,"href":"https:\/\/thefeminismproject.com\/es\/wp-json\/wp\/v2\/posts\/1047619\/revisions"}],"wp:featuredmedia":[{"embeddable":true,"href":"https:\/\/thefeminismproject.com\/es\/wp-json\/wp\/v2\/media\/1047620"}],"wp:attachment":[{"href":"https:\/\/thefeminismproject.com\/es\/wp-json\/wp\/v2\/media?parent=1047619"}],"wp:term":[{"taxonomy":"category","embeddable":true,"href":"https:\/\/thefeminismproject.com\/es\/wp-json\/wp\/v2\/categories?post=1047619"},{"taxonomy":"post_tag","embeddable":true,"href":"https:\/\/thefeminismproject.com\/es\/wp-json\/wp\/v2\/tags?post=1047619"}],"curies":[{"name":"wp","href":"https:\/\/api.w.org\/{rel}","templated":true}]}}