{"id":1048982,"date":"2025-03-17T22:19:29","date_gmt":"2025-03-17T22:19:29","guid":{"rendered":"https:\/\/thefeminismproject.com\/sin-categoria\/eso-es-todo-el-feminismo-en-espanol-nuevas-perspectivas\/"},"modified":"2025-03-17T22:19:29","modified_gmt":"2025-03-17T22:19:29","slug":"eso-es-todo-el-feminismo-en-espanol-nuevas-perspectivas","status":"publish","type":"post","link":"https:\/\/thefeminismproject.com\/es\/presentada\/eso-es-todo-el-feminismo-en-espanol-nuevas-perspectivas\/","title":{"rendered":"\u00bfEso es todo el feminismo? (En espa\u00f1ol) Nuevas perspectivas"},"content":{"rendered":"<p>\u00bfEso es todo el feminismo? Esta inquietante pregunta resuena en los c\u00edrculos feministas actuales, desafiando la percepci\u00f3n monol\u00edtica y, a menudo, superficial del movimiento. El feminismo, en su esencia, se ha visto relegado a la lucha por la igualdad de g\u00e9nero, a una dicotom\u00eda entre sexos que simplifica la complejidad de las experiencias humanas. Pero, \u00bfes esta la suma total de lo que el feminismo deber\u00eda ser? Perm\u00edteme retar esa noci\u00f3n y explorar nuevas perspectivas que ampl\u00edan el horizonte de nuestra lucha.<\/p>\n<p>Comencemos por cuestionar el relato convencional en torno al feminismo. Durante d\u00e9cadas, hemos escuchado que el feminismo se trata de la b\u00fasqueda de la igualdad en todas las esferas de la vida. Sin embargo, esta b\u00fasqueda no debe ser vista como un fin en s\u00ed mismo, sino como una puerta abierta a un caleidoscopio de posibilidades. A menudo, quienes se presentan como \u00abfeministas\u00bb han ca\u00eddo en la trampa del activismo superficial, avasallados por el consumismo y la mercantilizaci\u00f3n del movimiento. \u00bfDeber\u00edamos aceptar que este es el \u00fanico camino, el \u00fanico derivado del feminismo? Por supuesto que no.<\/p>\n<p>Adentr\u00e1ndonos en estas nuevas perspectivas, es crucial reconocer que el feminismo no es un monolito. Es un espectro de voces, un entramado de experiencias diversas que van mucho m\u00e1s all\u00e1 de la lucha por la igualdad en el \u00e1mbito laboral o en la pol\u00edtica. Es vital incorporar discusiones sobre raza, clase, orientaci\u00f3n sexual y las distintas interseccionalidades que nos afectan en diferentes niveles. Las mujeres no experimentan la opresi\u00f3n de la misma manera, y nuestro enfoque debe ser lo suficientemente flexible para incluir estas diferencias. En este contexto, el feminismo se transforma en una herramienta poderosa de an\u00e1lisis cr\u00edtico y un catalizador para la acci\u00f3n social.<\/p>\n<p>Ahora, \u00bfqu\u00e9 pasa con el feminismo radical? A menudo descalificado y malinterpretado, este enfoque desaf\u00eda la estructura misma del patriarcado, proponiendo no solo la igualdad, sino la redistribuci\u00f3n del poder. Se trata de confrontar la opresi\u00f3n en sus formas m\u00e1s sutiles, en lugar de simplemente buscar asientos en la mesa de los opresores. Aqu\u00ed se plantea otra pregunta: \u00bfpodemos realmente hablar de feminismo sin cuestionar las bases del poder patriarcal? Si no, \u00bfeso es todo el feminismo? Defender la igualdad sin desmantelar el sistema que perpet\u00faa la desigualdad es, en esencia, un acto de complacencia.<\/p>\n<p>En este punto, vale la pena considerar el feminismo ecofeminista, que vincula la opresi\u00f3n de las mujeres con la explotaci\u00f3n del medio ambiente. M\u00e1s all\u00e1 de un simple enfoque ambientalista, este marco nos invita a reflexionar sobre la conexi\u00f3n intr\u00ednseca entre el da\u00f1o que infligimos al planeta y el patriarcado. Los ecofeministas sostienen que la lucha por los derechos de las mujeres y la preservaci\u00f3n de nuestro entorno son indisolubles. Si el feminismo se restringe a reclamar derechos dentro de un sistema destructivo, \u00bfrealmente estamos avanzando hacia un futuro sostenible?<\/p>\n<p>De igual manera, no podemos dejar de lado las voces de las mujeres trans y no binarias en el tejido del feminismo. La lucha por la inclusi\u00f3n y la equidad debe ser un pilar fundamental, a\u00fan a riesgo de incomodar a quienes se resisten a adaptarse. En un mundo donde el patriarcado funciona para dividir y reinar, excluir a cualquier grupo de esta lucha es una traici\u00f3n a la esencia misma del feminismo. Romper estos muros de exclusi\u00f3n no solo enriquece el discurso, sino que fortalece la lucha en su conjunto.<\/p>\n<p>As\u00ed, mientras contemplamos la pregunta inicial, encontramos que la respuesta es tanto compleja como fascinante. El feminismo no es est\u00e1tico; no puede serlo. Estamos en una constante metamorfosis, reevaluando y reconfigurando nuestras estrategias y objetivos. Debemos entender que la lucha feminista del siglo XXI tiene m\u00e1s dimensiones y matices que nunca. Invitamos a nuevas generaciones a aportar sus voces y experiencias, a desafiar las narrativas obsoletas y a imaginar un mundo m\u00e1s inclusivo.<\/p>\n<p>Es momento de aceptar que s\u00ed, hay mucho m\u00e1s en el feminismo que la mera b\u00fasqueda de igualdad. Necesitamos un enfoque hol\u00edstico que abarque diversas variables sociales, econ\u00f3micas y ambientales. La interseccionalidad se revela como un concepto crucial, y al integrarla en nuestras discusiones, comenzamos a reconstruir el feminismo en un sentido m\u00e1s amplio, m\u00e1s audaz y m\u00e1s inclusivo.<\/p>\n<p>En conclusi\u00f3n, no debemos rendirnos ante la visi\u00f3n reduccionista del feminismo. Expulsar algunas de las viejas piedras del camino podr\u00eda permitirnos construir un futuro que no solo sea igualitario, sino tambi\u00e9n justificado, diverso y sostenible. En lugar de preguntar \u00ab\u00bfEso es todo el feminismo?\u00bb, deber\u00edamos preguntarnos \u00ab\u00bfC\u00f3mo podemos expandirlo y llevarlo a nuevas alturas?\u00bb. As\u00ed, con un continuo cuestionamiento e innovaci\u00f3n, el feminismo abre un portal hacia un futuro que todos merecemos tener.<\/p>\n","protected":false},"excerpt":{"rendered":"<p>\u00bfEso es todo el feminismo? Esta inquietante pregunta resuena en los c\u00edrculos feministas actuales, desafiando la percepci\u00f3n monol\u00edtica y, a menudo, superficial del movimiento. El feminismo, en su esencia, se ha visto relegado a la lucha por la igualdad de g\u00e9nero, a una dicotom\u00eda entre sexos que simplifica la complejidad de las experiencias humanas. Pero, [&hellip;]<\/p>\n","protected":false},"author":1,"featured_media":1048983,"comment_status":"open","ping_status":"open","sticky":false,"template":"","format":"standard","meta":{"footnotes":""},"categories":[83],"tags":[],"class_list":{"0":"post-1048982","1":"post","2":"type-post","3":"status-publish","4":"format-standard","5":"has-post-thumbnail","7":"category-presentada"},"yoast_head":"<!-- This site is optimized with the Yoast SEO plugin v27.4 - https:\/\/yoast.com\/product\/yoast-seo-wordpress\/ -->\n<title>\u00bfEso es todo el feminismo? (En espa\u00f1ol) Nuevas perspectivas<\/title>\n<meta name=\"description\" content=\"\u00bfEso es todo el feminismo? Esta inquietante pregunta resuena en los c\u00edrculos feministas actuales, desafiando la percepci\u00f3n monol\u00edtica y, a menudo,\" \/>\n<meta name=\"robots\" content=\"index, follow, max-snippet:-1, max-image-preview:large, max-video-preview:-1\" \/>\n<link rel=\"canonical\" href=\"https:\/\/thefeminismproject.com\/es\/presentada\/eso-es-todo-el-feminismo-en-espanol-nuevas-perspectivas\/\" \/>\n<meta property=\"og:locale\" content=\"es_ES\" \/>\n<meta property=\"og:type\" content=\"article\" \/>\n<meta property=\"og:title\" content=\"\u00bfEso es todo el feminismo? (En espa\u00f1ol) Nuevas perspectivas\" \/>\n<meta property=\"og:description\" content=\"\u00bfEso es todo el feminismo? Esta inquietante pregunta resuena en los c\u00edrculos feministas actuales, desafiando la percepci\u00f3n monol\u00edtica y, a menudo,\" \/>\n<meta property=\"og:url\" content=\"https:\/\/thefeminismproject.com\/es\/presentada\/eso-es-todo-el-feminismo-en-espanol-nuevas-perspectivas\/\" \/>\n<meta property=\"og:site_name\" content=\"thefeminismproject.com\" \/>\n<meta property=\"article:published_time\" content=\"2025-03-17T22:19:29+00:00\" \/>\n<meta property=\"og:image\" content=\"https:\/\/thefeminismproject.com\/wp-content\/uploads\/2025\/05\/cover-51005-v02-scaled.jpg\" \/>\n\t<meta property=\"og:image:width\" content=\"2151\" \/>\n\t<meta property=\"og:image:height\" content=\"2560\" \/>\n\t<meta property=\"og:image:type\" content=\"image\/jpeg\" \/>\n<meta name=\"author\" content=\"Joaquimma Anna\" \/>\n<meta name=\"twitter:card\" content=\"summary_large_image\" \/>\n<meta name=\"twitter:label1\" content=\"Escrito por\" \/>\n\t<meta name=\"twitter:data1\" content=\"Joaquimma Anna\" \/>\n\t<meta name=\"twitter:label2\" content=\"Tiempo de lectura\" \/>\n\t<meta name=\"twitter:data2\" content=\"4 minutos\" \/>\n<script type=\"application\/ld+json\" class=\"yoast-schema-graph\">{\"@context\":\"https:\\\/\\\/schema.org\",\"@graph\":[{\"@type\":\"Article\",\"@id\":\"https:\\\/\\\/thefeminismproject.com\\\/es\\\/presentada\\\/eso-es-todo-el-feminismo-en-espanol-nuevas-perspectivas\\\/#article\",\"isPartOf\":{\"@id\":\"https:\\\/\\\/thefeminismproject.com\\\/es\\\/presentada\\\/eso-es-todo-el-feminismo-en-espanol-nuevas-perspectivas\\\/\"},\"author\":{\"name\":\"Joaquimma Anna\",\"@id\":\"https:\\\/\\\/thefeminismproject.com\\\/es\\\/#\\\/schema\\\/person\\\/d2d84f0918ac04ca2b9f5b912890ad51\"},\"headline\":\"\u00bfEso es todo el feminismo? (En espa\u00f1ol) Nuevas perspectivas\",\"datePublished\":\"2025-03-17T22:19:29+00:00\",\"mainEntityOfPage\":{\"@id\":\"https:\\\/\\\/thefeminismproject.com\\\/es\\\/presentada\\\/eso-es-todo-el-feminismo-en-espanol-nuevas-perspectivas\\\/\"},\"wordCount\":832,\"commentCount\":0,\"publisher\":{\"@id\":\"https:\\\/\\\/thefeminismproject.com\\\/es\\\/#organization\"},\"image\":{\"@id\":\"https:\\\/\\\/thefeminismproject.com\\\/es\\\/presentada\\\/eso-es-todo-el-feminismo-en-espanol-nuevas-perspectivas\\\/#primaryimage\"},\"thumbnailUrl\":\"https:\\\/\\\/thefeminismproject.com\\\/wp-content\\\/uploads\\\/2025\\\/05\\\/cover-51005-v02-scaled.jpg\",\"articleSection\":[\"Presentada\"],\"inLanguage\":\"es\",\"potentialAction\":[{\"@type\":\"CommentAction\",\"name\":\"Comment\",\"target\":[\"https:\\\/\\\/thefeminismproject.com\\\/es\\\/presentada\\\/eso-es-todo-el-feminismo-en-espanol-nuevas-perspectivas\\\/#respond\"]}]},{\"@type\":\"WebPage\",\"@id\":\"https:\\\/\\\/thefeminismproject.com\\\/es\\\/presentada\\\/eso-es-todo-el-feminismo-en-espanol-nuevas-perspectivas\\\/\",\"url\":\"https:\\\/\\\/thefeminismproject.com\\\/es\\\/presentada\\\/eso-es-todo-el-feminismo-en-espanol-nuevas-perspectivas\\\/\",\"name\":\"\u00bfEso es todo el feminismo? (En espa\u00f1ol) Nuevas perspectivas\",\"isPartOf\":{\"@id\":\"https:\\\/\\\/thefeminismproject.com\\\/es\\\/#website\"},\"primaryImageOfPage\":{\"@id\":\"https:\\\/\\\/thefeminismproject.com\\\/es\\\/presentada\\\/eso-es-todo-el-feminismo-en-espanol-nuevas-perspectivas\\\/#primaryimage\"},\"image\":{\"@id\":\"https:\\\/\\\/thefeminismproject.com\\\/es\\\/presentada\\\/eso-es-todo-el-feminismo-en-espanol-nuevas-perspectivas\\\/#primaryimage\"},\"thumbnailUrl\":\"https:\\\/\\\/thefeminismproject.com\\\/wp-content\\\/uploads\\\/2025\\\/05\\\/cover-51005-v02-scaled.jpg\",\"datePublished\":\"2025-03-17T22:19:29+00:00\",\"description\":\"\u00bfEso es todo el feminismo? Esta inquietante pregunta resuena en los c\u00edrculos feministas actuales, desafiando la percepci\u00f3n monol\u00edtica y, a menudo,\",\"breadcrumb\":{\"@id\":\"https:\\\/\\\/thefeminismproject.com\\\/es\\\/presentada\\\/eso-es-todo-el-feminismo-en-espanol-nuevas-perspectivas\\\/#breadcrumb\"},\"inLanguage\":\"es\",\"potentialAction\":[{\"@type\":\"ReadAction\",\"target\":[\"https:\\\/\\\/thefeminismproject.com\\\/es\\\/presentada\\\/eso-es-todo-el-feminismo-en-espanol-nuevas-perspectivas\\\/\"]}]},{\"@type\":\"ImageObject\",\"inLanguage\":\"es\",\"@id\":\"https:\\\/\\\/thefeminismproject.com\\\/es\\\/presentada\\\/eso-es-todo-el-feminismo-en-espanol-nuevas-perspectivas\\\/#primaryimage\",\"url\":\"https:\\\/\\\/thefeminismproject.com\\\/wp-content\\\/uploads\\\/2025\\\/05\\\/cover-51005-v02-scaled.jpg\",\"contentUrl\":\"https:\\\/\\\/thefeminismproject.com\\\/wp-content\\\/uploads\\\/2025\\\/05\\\/cover-51005-v02-scaled.jpg\",\"width\":2151,\"height\":2560},{\"@type\":\"BreadcrumbList\",\"@id\":\"https:\\\/\\\/thefeminismproject.com\\\/es\\\/presentada\\\/eso-es-todo-el-feminismo-en-espanol-nuevas-perspectivas\\\/#breadcrumb\",\"itemListElement\":[{\"@type\":\"ListItem\",\"position\":1,\"name\":\"Home\",\"item\":\"https:\\\/\\\/thefeminismproject.com\\\/es\\\/inicio\\\/\"},{\"@type\":\"ListItem\",\"position\":2,\"name\":\"\u00bfEso es todo el feminismo? (En espa\u00f1ol) Nuevas perspectivas\"}]},{\"@type\":\"WebSite\",\"@id\":\"https:\\\/\\\/thefeminismproject.com\\\/es\\\/#website\",\"url\":\"https:\\\/\\\/thefeminismproject.com\\\/es\\\/\",\"name\":\"thefeminismproject.com\",\"description\":\"Popular culture with a feminist twist | let&#039;s talk about things that matter (news that feels right)\",\"publisher\":{\"@id\":\"https:\\\/\\\/thefeminismproject.com\\\/es\\\/#organization\"},\"potentialAction\":[{\"@type\":\"SearchAction\",\"target\":{\"@type\":\"EntryPoint\",\"urlTemplate\":\"https:\\\/\\\/thefeminismproject.com\\\/es\\\/?s={search_term_string}\"},\"query-input\":{\"@type\":\"PropertyValueSpecification\",\"valueRequired\":true,\"valueName\":\"search_term_string\"}}],\"inLanguage\":\"es\"},{\"@type\":\"Organization\",\"@id\":\"https:\\\/\\\/thefeminismproject.com\\\/es\\\/#organization\",\"name\":\"thefeminismproject.com\",\"url\":\"https:\\\/\\\/thefeminismproject.com\\\/es\\\/\",\"logo\":{\"@type\":\"ImageObject\",\"inLanguage\":\"es\",\"@id\":\"https:\\\/\\\/thefeminismproject.com\\\/es\\\/#\\\/schema\\\/logo\\\/image\\\/\",\"url\":\"https:\\\/\\\/thefeminismproject.com\\\/wp-content\\\/uploads\\\/2024\\\/10\\\/pexels-vazhnik-7561648.jpg\",\"contentUrl\":\"https:\\\/\\\/thefeminismproject.com\\\/wp-content\\\/uploads\\\/2024\\\/10\\\/pexels-vazhnik-7561648.jpg\",\"width\":2500,\"height\":1667,\"caption\":\"thefeminismproject.com\"},\"image\":{\"@id\":\"https:\\\/\\\/thefeminismproject.com\\\/es\\\/#\\\/schema\\\/logo\\\/image\\\/\"}},{\"@type\":\"Person\",\"@id\":\"https:\\\/\\\/thefeminismproject.com\\\/es\\\/#\\\/schema\\\/person\\\/d2d84f0918ac04ca2b9f5b912890ad51\",\"name\":\"Joaquimma Anna\",\"image\":{\"@type\":\"ImageObject\",\"inLanguage\":\"es\",\"@id\":\"https:\\\/\\\/secure.gravatar.com\\\/avatar\\\/7d06747db1565e73d68391d596fc2eb15a10a4b4c1864574c454435523af94f1?s=96&d=mm&r=g\",\"url\":\"https:\\\/\\\/secure.gravatar.com\\\/avatar\\\/7d06747db1565e73d68391d596fc2eb15a10a4b4c1864574c454435523af94f1?s=96&d=mm&r=g\",\"contentUrl\":\"https:\\\/\\\/secure.gravatar.com\\\/avatar\\\/7d06747db1565e73d68391d596fc2eb15a10a4b4c1864574c454435523af94f1?s=96&d=mm&r=g\",\"caption\":\"Joaquimma Anna\"},\"description\":\"Hi my name Joaquimma Anna, and let's tumble down the rabbit hole of thought! At thefeminismproject.com, this blog is a whimsical carnival of ideas. As a mischievous feminism activist, I'm here to juggle the narratives of women. This project? A delightful escapade into the absurdities and splendors of our world. Expect the unexpected!\",\"sameAs\":[\"http:\\\/\\\/thefeminismproject.com\"],\"url\":\"https:\\\/\\\/thefeminismproject.com\\\/es\\\/author\\\/bella-sungkawa\\\/\"}]}<\/script>\n<!-- \/ Yoast SEO plugin. -->","yoast_head_json":{"title":"\u00bfEso es todo el feminismo? (En espa\u00f1ol) Nuevas perspectivas","description":"\u00bfEso es todo el feminismo? Esta inquietante pregunta resuena en los c\u00edrculos feministas actuales, desafiando la percepci\u00f3n monol\u00edtica y, a menudo,","robots":{"index":"index","follow":"follow","max-snippet":"max-snippet:-1","max-image-preview":"max-image-preview:large","max-video-preview":"max-video-preview:-1"},"canonical":"https:\/\/thefeminismproject.com\/es\/presentada\/eso-es-todo-el-feminismo-en-espanol-nuevas-perspectivas\/","og_locale":"es_ES","og_type":"article","og_title":"\u00bfEso es todo el feminismo? (En espa\u00f1ol) Nuevas perspectivas","og_description":"\u00bfEso es todo el feminismo? Esta inquietante pregunta resuena en los c\u00edrculos feministas actuales, desafiando la percepci\u00f3n monol\u00edtica y, a menudo,","og_url":"https:\/\/thefeminismproject.com\/es\/presentada\/eso-es-todo-el-feminismo-en-espanol-nuevas-perspectivas\/","og_site_name":"thefeminismproject.com","article_published_time":"2025-03-17T22:19:29+00:00","og_image":[{"width":2151,"height":2560,"url":"https:\/\/thefeminismproject.com\/wp-content\/uploads\/2025\/05\/cover-51005-v02-scaled.jpg","type":"image\/jpeg"}],"author":"Joaquimma Anna","twitter_card":"summary_large_image","twitter_misc":{"Escrito por":"Joaquimma Anna","Tiempo de lectura":"4 minutos"},"schema":{"@context":"https:\/\/schema.org","@graph":[{"@type":"Article","@id":"https:\/\/thefeminismproject.com\/es\/presentada\/eso-es-todo-el-feminismo-en-espanol-nuevas-perspectivas\/#article","isPartOf":{"@id":"https:\/\/thefeminismproject.com\/es\/presentada\/eso-es-todo-el-feminismo-en-espanol-nuevas-perspectivas\/"},"author":{"name":"Joaquimma Anna","@id":"https:\/\/thefeminismproject.com\/es\/#\/schema\/person\/d2d84f0918ac04ca2b9f5b912890ad51"},"headline":"\u00bfEso es todo el feminismo? (En espa\u00f1ol) Nuevas perspectivas","datePublished":"2025-03-17T22:19:29+00:00","mainEntityOfPage":{"@id":"https:\/\/thefeminismproject.com\/es\/presentada\/eso-es-todo-el-feminismo-en-espanol-nuevas-perspectivas\/"},"wordCount":832,"commentCount":0,"publisher":{"@id":"https:\/\/thefeminismproject.com\/es\/#organization"},"image":{"@id":"https:\/\/thefeminismproject.com\/es\/presentada\/eso-es-todo-el-feminismo-en-espanol-nuevas-perspectivas\/#primaryimage"},"thumbnailUrl":"https:\/\/thefeminismproject.com\/wp-content\/uploads\/2025\/05\/cover-51005-v02-scaled.jpg","articleSection":["Presentada"],"inLanguage":"es","potentialAction":[{"@type":"CommentAction","name":"Comment","target":["https:\/\/thefeminismproject.com\/es\/presentada\/eso-es-todo-el-feminismo-en-espanol-nuevas-perspectivas\/#respond"]}]},{"@type":"WebPage","@id":"https:\/\/thefeminismproject.com\/es\/presentada\/eso-es-todo-el-feminismo-en-espanol-nuevas-perspectivas\/","url":"https:\/\/thefeminismproject.com\/es\/presentada\/eso-es-todo-el-feminismo-en-espanol-nuevas-perspectivas\/","name":"\u00bfEso es todo el feminismo? (En espa\u00f1ol) Nuevas perspectivas","isPartOf":{"@id":"https:\/\/thefeminismproject.com\/es\/#website"},"primaryImageOfPage":{"@id":"https:\/\/thefeminismproject.com\/es\/presentada\/eso-es-todo-el-feminismo-en-espanol-nuevas-perspectivas\/#primaryimage"},"image":{"@id":"https:\/\/thefeminismproject.com\/es\/presentada\/eso-es-todo-el-feminismo-en-espanol-nuevas-perspectivas\/#primaryimage"},"thumbnailUrl":"https:\/\/thefeminismproject.com\/wp-content\/uploads\/2025\/05\/cover-51005-v02-scaled.jpg","datePublished":"2025-03-17T22:19:29+00:00","description":"\u00bfEso es todo el feminismo? Esta inquietante pregunta resuena en los c\u00edrculos feministas actuales, desafiando la percepci\u00f3n monol\u00edtica y, a menudo,","breadcrumb":{"@id":"https:\/\/thefeminismproject.com\/es\/presentada\/eso-es-todo-el-feminismo-en-espanol-nuevas-perspectivas\/#breadcrumb"},"inLanguage":"es","potentialAction":[{"@type":"ReadAction","target":["https:\/\/thefeminismproject.com\/es\/presentada\/eso-es-todo-el-feminismo-en-espanol-nuevas-perspectivas\/"]}]},{"@type":"ImageObject","inLanguage":"es","@id":"https:\/\/thefeminismproject.com\/es\/presentada\/eso-es-todo-el-feminismo-en-espanol-nuevas-perspectivas\/#primaryimage","url":"https:\/\/thefeminismproject.com\/wp-content\/uploads\/2025\/05\/cover-51005-v02-scaled.jpg","contentUrl":"https:\/\/thefeminismproject.com\/wp-content\/uploads\/2025\/05\/cover-51005-v02-scaled.jpg","width":2151,"height":2560},{"@type":"BreadcrumbList","@id":"https:\/\/thefeminismproject.com\/es\/presentada\/eso-es-todo-el-feminismo-en-espanol-nuevas-perspectivas\/#breadcrumb","itemListElement":[{"@type":"ListItem","position":1,"name":"Home","item":"https:\/\/thefeminismproject.com\/es\/inicio\/"},{"@type":"ListItem","position":2,"name":"\u00bfEso es todo el feminismo? (En espa\u00f1ol) Nuevas perspectivas"}]},{"@type":"WebSite","@id":"https:\/\/thefeminismproject.com\/es\/#website","url":"https:\/\/thefeminismproject.com\/es\/","name":"thefeminismproject.com","description":"Popular culture with a feminist twist | let&#039;s talk about things that matter (news that feels right)","publisher":{"@id":"https:\/\/thefeminismproject.com\/es\/#organization"},"potentialAction":[{"@type":"SearchAction","target":{"@type":"EntryPoint","urlTemplate":"https:\/\/thefeminismproject.com\/es\/?s={search_term_string}"},"query-input":{"@type":"PropertyValueSpecification","valueRequired":true,"valueName":"search_term_string"}}],"inLanguage":"es"},{"@type":"Organization","@id":"https:\/\/thefeminismproject.com\/es\/#organization","name":"thefeminismproject.com","url":"https:\/\/thefeminismproject.com\/es\/","logo":{"@type":"ImageObject","inLanguage":"es","@id":"https:\/\/thefeminismproject.com\/es\/#\/schema\/logo\/image\/","url":"https:\/\/thefeminismproject.com\/wp-content\/uploads\/2024\/10\/pexels-vazhnik-7561648.jpg","contentUrl":"https:\/\/thefeminismproject.com\/wp-content\/uploads\/2024\/10\/pexels-vazhnik-7561648.jpg","width":2500,"height":1667,"caption":"thefeminismproject.com"},"image":{"@id":"https:\/\/thefeminismproject.com\/es\/#\/schema\/logo\/image\/"}},{"@type":"Person","@id":"https:\/\/thefeminismproject.com\/es\/#\/schema\/person\/d2d84f0918ac04ca2b9f5b912890ad51","name":"Joaquimma Anna","image":{"@type":"ImageObject","inLanguage":"es","@id":"https:\/\/secure.gravatar.com\/avatar\/7d06747db1565e73d68391d596fc2eb15a10a4b4c1864574c454435523af94f1?s=96&d=mm&r=g","url":"https:\/\/secure.gravatar.com\/avatar\/7d06747db1565e73d68391d596fc2eb15a10a4b4c1864574c454435523af94f1?s=96&d=mm&r=g","contentUrl":"https:\/\/secure.gravatar.com\/avatar\/7d06747db1565e73d68391d596fc2eb15a10a4b4c1864574c454435523af94f1?s=96&d=mm&r=g","caption":"Joaquimma Anna"},"description":"Hi my name Joaquimma Anna, and let's tumble down the rabbit hole of thought! At thefeminismproject.com, this blog is a whimsical carnival of ideas. As a mischievous feminism activist, I'm here to juggle the narratives of women. This project? A delightful escapade into the absurdities and splendors of our world. Expect the unexpected!","sameAs":["http:\/\/thefeminismproject.com"],"url":"https:\/\/thefeminismproject.com\/es\/author\/bella-sungkawa\/"}]}},"_links":{"self":[{"href":"https:\/\/thefeminismproject.com\/es\/wp-json\/wp\/v2\/posts\/1048982","targetHints":{"allow":["GET"]}}],"collection":[{"href":"https:\/\/thefeminismproject.com\/es\/wp-json\/wp\/v2\/posts"}],"about":[{"href":"https:\/\/thefeminismproject.com\/es\/wp-json\/wp\/v2\/types\/post"}],"author":[{"embeddable":true,"href":"https:\/\/thefeminismproject.com\/es\/wp-json\/wp\/v2\/users\/1"}],"replies":[{"embeddable":true,"href":"https:\/\/thefeminismproject.com\/es\/wp-json\/wp\/v2\/comments?post=1048982"}],"version-history":[{"count":0,"href":"https:\/\/thefeminismproject.com\/es\/wp-json\/wp\/v2\/posts\/1048982\/revisions"}],"wp:featuredmedia":[{"embeddable":true,"href":"https:\/\/thefeminismproject.com\/es\/wp-json\/wp\/v2\/media\/1048983"}],"wp:attachment":[{"href":"https:\/\/thefeminismproject.com\/es\/wp-json\/wp\/v2\/media?parent=1048982"}],"wp:term":[{"taxonomy":"category","embeddable":true,"href":"https:\/\/thefeminismproject.com\/es\/wp-json\/wp\/v2\/categories?post=1048982"},{"taxonomy":"post_tag","embeddable":true,"href":"https:\/\/thefeminismproject.com\/es\/wp-json\/wp\/v2\/tags?post=1048982"}],"curies":[{"name":"wp","href":"https:\/\/api.w.org\/{rel}","templated":true}]}}