{"id":1049051,"date":"2025-03-12T18:53:26","date_gmt":"2025-03-12T18:53:26","guid":{"rendered":"https:\/\/thefeminismproject.com\/sin-categoria\/me-cuelo-en-una-huelga-feminista-infiltracion-inesperada\/"},"modified":"2025-03-12T18:53:26","modified_gmt":"2025-03-12T18:53:26","slug":"me-cuelo-en-una-huelga-feminista-infiltracion-inesperada","status":"publish","type":"post","link":"https:\/\/thefeminismproject.com\/es\/presentada\/me-cuelo-en-una-huelga-feminista-infiltracion-inesperada\/","title":{"rendered":"Me cuelo en una huelga feminista: Infiltraci\u00f3n inesperada"},"content":{"rendered":"<p>Me cuelo en una huelga feminista: Infiltraci\u00f3n inesperada<\/p>\n<p>Las huelgas feministas han emergido en el pulso de la sociedad contempor\u00e1nea como una manifestaci\u00f3n contundente de descontento ante las estructuras patriarcales que a\u00fan persisten. Sin embargo, hay un fen\u00f3meno que a menudo pasa desapercibido: la fascinaci\u00f3n de aquellos que, desde una postura externa, sienten la necesidad de observar, participar o incluso infiltrarse en estas movilizaciones. \u00bfQu\u00e9 motiva a estas personas? \u00bfAcaso hay un deseo de entender, criticar o simplemente observar desde la barrera? Este art\u00edculo busca explorar este fen\u00f3meno a trav\u00e9s del prisma de una infiltraci\u00f3n inesperada.<\/p>\n<p>Para ilustrar esta din\u00e1mica, imaginemos a alguien que decide \u00abcolarse\u00bb en una huelga feminista. Lo que al principio puede parecer una mera curiosidad revela un entramado mucho m\u00e1s complejo de emociones y cuestiones subyacentes. Las huelgas suelen estar cargadas de simbolismo, desde las pancartas hasta los discursos acalorados. En medio de esta marabunta, la infiltraci\u00f3n no es solo una cuesti\u00f3n t\u00e1ctica; es una forma de provocaci\u00f3n y reflexi\u00f3n.<\/p>\n<p>Una primera observaci\u00f3n v\u00e1lida es que la infiltraci\u00f3n activa de un individuo en una huelga feminista puede hablar de su necesidad de confrontarse con un tema que, tal vez, nunca ha tenido que afrontar de manera directa. Este individuo busca penetrar en una experiencia ajena, casi voyeurista, que le permita una comprensi\u00f3n \u00edntima de la lucha. Este acto de colarse tiene m\u00faltiples implicaciones: desde el deseo de empatizar hasta el impulso de deslegitimar la lucha femenina. Aqu\u00ed es donde la l\u00ednea entre la curiosidad y el oportunismo se difumina.<\/p>\n<p>A menudo, quienes se infiltran en estas movilizaciones pueden cultivar un discurso que parece solidario, pero a menudo hay un trasfondo de escepticismo. La pregunta que surge es: \u00bfest\u00e1 este observador realmente interesado en aprender sobre los desaf\u00edos feministas, o est\u00e1 m\u00e1s motivado por el deseo de encontrar fallas y evidenciar debilidades en el movimiento? El feminismo no es un monolito, y las cr\u00edticas suelen ser una parte esencial de su desarrollo. Sin embargo, la cr\u00edtica desde una posici\u00f3n externa puede ser insidiosa y deslegitimizadora.<\/p>\n<p>La impregnaci\u00f3n de la cultura popular en la percepci\u00f3n del feminismo puede llevar a muchas personas a ver estas huelgas como eventos performativos, donde se despliegan actitudes y tropel\u00edos que invitan a ser observados. En este sentido, la infiltraci\u00f3n puede ser vista como un acto de complicidad o de traici\u00f3n. \u00bfA qui\u00e9n realmente se sirve al colarse en un espacio destinado a la liberaci\u00f3n y al empoderamiento de las mujeres? La complejidad de la respuesta a esta pregunta revela c\u00f3mo, detr\u00e1s de la simple acci\u00f3n de aparecer en un lugar, se ocultan debates \u00e9ticos profundos.<\/p>\n<p>M\u00e1s all\u00e1 de las intenciones individuales, la infiltraci\u00f3n en una huelga feminista tambi\u00e9n puede ser s\u00edntoma de una sociedad que consume el sufrimiento ajeno sin ofrecer soluciones genuinas. Las redes sociales han transformado el activismo; el performar el activismo puede ser tan atractivo como el compromiso s\u00f3lido. No es raro que los infiltrados busquen reforzar una imagen de \u00abbuenos aliados\u00bb, mientras hacen poco por desmantelar los sistemas que oprimen a las mujeres. Esta dualidad resulta desgarradora y plantea un debate crucial: \u00bfes suficiente la presencia de estas personas en la huelga si su compromiso no va m\u00e1s all\u00e1 de un mero espect\u00e1culo social?<\/p>\n<p>La conexi\u00f3n emocional es un aspecto vital que tambi\u00e9n merece atenci\u00f3n. Las personas que deciden infiltrarse, a menudo, est\u00e1n llevadas por sentimientos de incomprensi\u00f3n o desconexi\u00f3n. El feminismo, con su exigencia de romper con la normalidad que perpet\u00faa la desigualdad, es en s\u00ed mismo un acto de resistencia. Colarse en estos espacios puede ser una forma de b\u00fasqueda de pertenencia. Sin embargo, este deseo de conectarse aunque solo sea en un nivel superficial no sustituye el trabajo real que se requiere para entender y apoyar la causa feminista de manera efectiva. Al final del d\u00eda, \u00bfes la mera presencia suficiente para considerarse parte del movimiento? La respuesta es, sin duda, no.<\/p>\n<p>Las huelgas feministas tambi\u00e9n est\u00e1n marcadas por la urgencia de crear espacios seguros y de construcciones colectivas. La infiltraci\u00f3n puede ser vista como un acto que pone en riesgo no solo la integridad de la movilizaci\u00f3n, sino que tambi\u00e9n merma la posibilidad de que estas mujeres se expresen libremente. En este sentido, la t\u00e1ctica de los infiltrados no suele ser inocente; es una manifestaci\u00f3n de un desd\u00e9n m\u00e1s profundo hacia el cambio real que se pretende lograr. A menudo, lo que se presenta bajo el disfraz de la curiosidad implica una anulaci\u00f3n de las voces femeninas en contexto.<\/p>\n<p>La reflexi\u00f3n final debe centrarse en la responsabilidad que cada uno tiene al participar en estas luchas. Infiltrarse en una huelga feminista sin el respeto debido no solo utiliza la experiencia de otros como un mero espect\u00e1culo, sino que tambi\u00e9n perpet\u00faa ciclos de desapego y marginaci\u00f3n. Cada manipulaci\u00f3n de la realidad feminista, cada intento de aprovecharse de una lucha profundamente esencial, es un recordatorio de que la verdadera apropriation cultural es perniciosa e irresponsable.<\/p>\n<p>As\u00ed, en el vasto y tumultuoso oc\u00e9ano del activismo, la infiltraci\u00f3n en una huelga feminista no es simplemente una curiosidad insatisfecha. Es un espejo que refleja las complejas motivaciones y tensiones de una sociedad que, a pesar de los avances logrados, a\u00fan lucha por encontrar su voz en la narrativa feminista. La verdadera pregunta es: \u00bfseremos capaces de escuchar y aprender de esta voz, o simplemente nos colaremos, una vez m\u00e1s, en una lucha que no nos pertenece?<\/p>\n","protected":false},"excerpt":{"rendered":"<p>Me cuelo en una huelga feminista: Infiltraci\u00f3n inesperada Las huelgas feministas han emergido en el pulso de la sociedad contempor\u00e1nea como una manifestaci\u00f3n contundente de descontento ante las estructuras patriarcales que a\u00fan persisten. Sin embargo, hay un fen\u00f3meno que a menudo pasa desapercibido: la fascinaci\u00f3n de aquellos que, desde una postura externa, sienten la necesidad [&hellip;]<\/p>\n","protected":false},"author":1,"featured_media":1042622,"comment_status":"open","ping_status":"open","sticky":false,"template":"","format":"standard","meta":{"footnotes":""},"categories":[83],"tags":[],"class_list":{"0":"post-1049051","1":"post","2":"type-post","3":"status-publish","4":"format-standard","5":"has-post-thumbnail","7":"category-presentada"},"yoast_head":"<!-- This site is optimized with the Yoast SEO plugin v27.4 - https:\/\/yoast.com\/product\/yoast-seo-wordpress\/ -->\n<title>Me cuelo en una huelga feminista: Infiltraci\u00f3n inesperada<\/title>\n<meta name=\"description\" content=\"Me cuelo en una huelga feminista: Infiltraci\u00f3n inesperada Las huelgas feministas han emergido en el pulso de la sociedad contempor\u00e1nea como una\" \/>\n<meta name=\"robots\" content=\"index, follow, max-snippet:-1, max-image-preview:large, max-video-preview:-1\" \/>\n<link rel=\"canonical\" href=\"https:\/\/thefeminismproject.com\/es\/presentada\/me-cuelo-en-una-huelga-feminista-infiltracion-inesperada\/\" \/>\n<meta property=\"og:locale\" content=\"es_ES\" \/>\n<meta property=\"og:type\" content=\"article\" \/>\n<meta property=\"og:title\" content=\"Me cuelo en una huelga feminista: Infiltraci\u00f3n inesperada\" \/>\n<meta property=\"og:description\" content=\"Me cuelo en una huelga feminista: Infiltraci\u00f3n inesperada Las huelgas feministas han emergido en el pulso de la sociedad contempor\u00e1nea como una\" \/>\n<meta property=\"og:url\" content=\"https:\/\/thefeminismproject.com\/es\/presentada\/me-cuelo-en-una-huelga-feminista-infiltracion-inesperada\/\" \/>\n<meta property=\"og:site_name\" content=\"thefeminismproject.com\" \/>\n<meta property=\"article:published_time\" content=\"2025-03-12T18:53:26+00:00\" \/>\n<meta property=\"og:image\" content=\"https:\/\/thefeminismproject.com\/wp-content\/uploads\/2025\/04\/huelga_general_feminista_88.jpg\" \/>\n\t<meta property=\"og:image:width\" content=\"980\" \/>\n\t<meta property=\"og:image:height\" content=\"643\" \/>\n\t<meta property=\"og:image:type\" content=\"image\/jpeg\" \/>\n<meta name=\"author\" content=\"Joaquimma Anna\" \/>\n<meta name=\"twitter:card\" content=\"summary_large_image\" \/>\n<meta name=\"twitter:label1\" content=\"Escrito por\" \/>\n\t<meta name=\"twitter:data1\" content=\"Joaquimma Anna\" \/>\n\t<meta name=\"twitter:label2\" content=\"Tiempo de lectura\" \/>\n\t<meta name=\"twitter:data2\" content=\"5 minutos\" \/>\n<script type=\"application\/ld+json\" class=\"yoast-schema-graph\">{\"@context\":\"https:\\\/\\\/schema.org\",\"@graph\":[{\"@type\":\"Article\",\"@id\":\"https:\\\/\\\/thefeminismproject.com\\\/es\\\/presentada\\\/me-cuelo-en-una-huelga-feminista-infiltracion-inesperada\\\/#article\",\"isPartOf\":{\"@id\":\"https:\\\/\\\/thefeminismproject.com\\\/es\\\/presentada\\\/me-cuelo-en-una-huelga-feminista-infiltracion-inesperada\\\/\"},\"author\":{\"name\":\"Joaquimma Anna\",\"@id\":\"https:\\\/\\\/thefeminismproject.com\\\/es\\\/#\\\/schema\\\/person\\\/d2d84f0918ac04ca2b9f5b912890ad51\"},\"headline\":\"Me cuelo en una huelga feminista: Infiltraci\u00f3n inesperada\",\"datePublished\":\"2025-03-12T18:53:26+00:00\",\"mainEntityOfPage\":{\"@id\":\"https:\\\/\\\/thefeminismproject.com\\\/es\\\/presentada\\\/me-cuelo-en-una-huelga-feminista-infiltracion-inesperada\\\/\"},\"wordCount\":980,\"commentCount\":0,\"publisher\":{\"@id\":\"https:\\\/\\\/thefeminismproject.com\\\/es\\\/#organization\"},\"image\":{\"@id\":\"https:\\\/\\\/thefeminismproject.com\\\/es\\\/presentada\\\/me-cuelo-en-una-huelga-feminista-infiltracion-inesperada\\\/#primaryimage\"},\"thumbnailUrl\":\"https:\\\/\\\/thefeminismproject.com\\\/wp-content\\\/uploads\\\/2025\\\/04\\\/huelga_general_feminista_88.jpg\",\"articleSection\":[\"Presentada\"],\"inLanguage\":\"es\",\"potentialAction\":[{\"@type\":\"CommentAction\",\"name\":\"Comment\",\"target\":[\"https:\\\/\\\/thefeminismproject.com\\\/es\\\/presentada\\\/me-cuelo-en-una-huelga-feminista-infiltracion-inesperada\\\/#respond\"]}]},{\"@type\":\"WebPage\",\"@id\":\"https:\\\/\\\/thefeminismproject.com\\\/es\\\/presentada\\\/me-cuelo-en-una-huelga-feminista-infiltracion-inesperada\\\/\",\"url\":\"https:\\\/\\\/thefeminismproject.com\\\/es\\\/presentada\\\/me-cuelo-en-una-huelga-feminista-infiltracion-inesperada\\\/\",\"name\":\"Me cuelo en una huelga feminista: Infiltraci\u00f3n inesperada\",\"isPartOf\":{\"@id\":\"https:\\\/\\\/thefeminismproject.com\\\/es\\\/#website\"},\"primaryImageOfPage\":{\"@id\":\"https:\\\/\\\/thefeminismproject.com\\\/es\\\/presentada\\\/me-cuelo-en-una-huelga-feminista-infiltracion-inesperada\\\/#primaryimage\"},\"image\":{\"@id\":\"https:\\\/\\\/thefeminismproject.com\\\/es\\\/presentada\\\/me-cuelo-en-una-huelga-feminista-infiltracion-inesperada\\\/#primaryimage\"},\"thumbnailUrl\":\"https:\\\/\\\/thefeminismproject.com\\\/wp-content\\\/uploads\\\/2025\\\/04\\\/huelga_general_feminista_88.jpg\",\"datePublished\":\"2025-03-12T18:53:26+00:00\",\"description\":\"Me cuelo en una huelga feminista: Infiltraci\u00f3n inesperada Las huelgas feministas han emergido en el pulso de la sociedad contempor\u00e1nea como una\",\"breadcrumb\":{\"@id\":\"https:\\\/\\\/thefeminismproject.com\\\/es\\\/presentada\\\/me-cuelo-en-una-huelga-feminista-infiltracion-inesperada\\\/#breadcrumb\"},\"inLanguage\":\"es\",\"potentialAction\":[{\"@type\":\"ReadAction\",\"target\":[\"https:\\\/\\\/thefeminismproject.com\\\/es\\\/presentada\\\/me-cuelo-en-una-huelga-feminista-infiltracion-inesperada\\\/\"]}]},{\"@type\":\"ImageObject\",\"inLanguage\":\"es\",\"@id\":\"https:\\\/\\\/thefeminismproject.com\\\/es\\\/presentada\\\/me-cuelo-en-una-huelga-feminista-infiltracion-inesperada\\\/#primaryimage\",\"url\":\"https:\\\/\\\/thefeminismproject.com\\\/wp-content\\\/uploads\\\/2025\\\/04\\\/huelga_general_feminista_88.jpg\",\"contentUrl\":\"https:\\\/\\\/thefeminismproject.com\\\/wp-content\\\/uploads\\\/2025\\\/04\\\/huelga_general_feminista_88.jpg\",\"width\":980,\"height\":643},{\"@type\":\"BreadcrumbList\",\"@id\":\"https:\\\/\\\/thefeminismproject.com\\\/es\\\/presentada\\\/me-cuelo-en-una-huelga-feminista-infiltracion-inesperada\\\/#breadcrumb\",\"itemListElement\":[{\"@type\":\"ListItem\",\"position\":1,\"name\":\"Home\",\"item\":\"https:\\\/\\\/thefeminismproject.com\\\/es\\\/inicio\\\/\"},{\"@type\":\"ListItem\",\"position\":2,\"name\":\"Me cuelo en una huelga feminista: Infiltraci\u00f3n inesperada\"}]},{\"@type\":\"WebSite\",\"@id\":\"https:\\\/\\\/thefeminismproject.com\\\/es\\\/#website\",\"url\":\"https:\\\/\\\/thefeminismproject.com\\\/es\\\/\",\"name\":\"thefeminismproject.com\",\"description\":\"Popular culture with a feminist twist | let&#039;s talk about things that matter (news that feels right)\",\"publisher\":{\"@id\":\"https:\\\/\\\/thefeminismproject.com\\\/es\\\/#organization\"},\"potentialAction\":[{\"@type\":\"SearchAction\",\"target\":{\"@type\":\"EntryPoint\",\"urlTemplate\":\"https:\\\/\\\/thefeminismproject.com\\\/es\\\/?s={search_term_string}\"},\"query-input\":{\"@type\":\"PropertyValueSpecification\",\"valueRequired\":true,\"valueName\":\"search_term_string\"}}],\"inLanguage\":\"es\"},{\"@type\":\"Organization\",\"@id\":\"https:\\\/\\\/thefeminismproject.com\\\/es\\\/#organization\",\"name\":\"thefeminismproject.com\",\"url\":\"https:\\\/\\\/thefeminismproject.com\\\/es\\\/\",\"logo\":{\"@type\":\"ImageObject\",\"inLanguage\":\"es\",\"@id\":\"https:\\\/\\\/thefeminismproject.com\\\/es\\\/#\\\/schema\\\/logo\\\/image\\\/\",\"url\":\"https:\\\/\\\/thefeminismproject.com\\\/wp-content\\\/uploads\\\/2024\\\/10\\\/pexels-vazhnik-7561648.jpg\",\"contentUrl\":\"https:\\\/\\\/thefeminismproject.com\\\/wp-content\\\/uploads\\\/2024\\\/10\\\/pexels-vazhnik-7561648.jpg\",\"width\":2500,\"height\":1667,\"caption\":\"thefeminismproject.com\"},\"image\":{\"@id\":\"https:\\\/\\\/thefeminismproject.com\\\/es\\\/#\\\/schema\\\/logo\\\/image\\\/\"}},{\"@type\":\"Person\",\"@id\":\"https:\\\/\\\/thefeminismproject.com\\\/es\\\/#\\\/schema\\\/person\\\/d2d84f0918ac04ca2b9f5b912890ad51\",\"name\":\"Joaquimma Anna\",\"image\":{\"@type\":\"ImageObject\",\"inLanguage\":\"es\",\"@id\":\"https:\\\/\\\/secure.gravatar.com\\\/avatar\\\/7d06747db1565e73d68391d596fc2eb15a10a4b4c1864574c454435523af94f1?s=96&d=mm&r=g\",\"url\":\"https:\\\/\\\/secure.gravatar.com\\\/avatar\\\/7d06747db1565e73d68391d596fc2eb15a10a4b4c1864574c454435523af94f1?s=96&d=mm&r=g\",\"contentUrl\":\"https:\\\/\\\/secure.gravatar.com\\\/avatar\\\/7d06747db1565e73d68391d596fc2eb15a10a4b4c1864574c454435523af94f1?s=96&d=mm&r=g\",\"caption\":\"Joaquimma Anna\"},\"description\":\"Hi my name Joaquimma Anna, and let's tumble down the rabbit hole of thought! At thefeminismproject.com, this blog is a whimsical carnival of ideas. As a mischievous feminism activist, I'm here to juggle the narratives of women. This project? A delightful escapade into the absurdities and splendors of our world. Expect the unexpected!\",\"sameAs\":[\"http:\\\/\\\/thefeminismproject.com\"],\"url\":\"https:\\\/\\\/thefeminismproject.com\\\/es\\\/author\\\/bella-sungkawa\\\/\"}]}<\/script>\n<!-- \/ Yoast SEO plugin. -->","yoast_head_json":{"title":"Me cuelo en una huelga feminista: Infiltraci\u00f3n inesperada","description":"Me cuelo en una huelga feminista: Infiltraci\u00f3n inesperada Las huelgas feministas han emergido en el pulso de la sociedad contempor\u00e1nea como una","robots":{"index":"index","follow":"follow","max-snippet":"max-snippet:-1","max-image-preview":"max-image-preview:large","max-video-preview":"max-video-preview:-1"},"canonical":"https:\/\/thefeminismproject.com\/es\/presentada\/me-cuelo-en-una-huelga-feminista-infiltracion-inesperada\/","og_locale":"es_ES","og_type":"article","og_title":"Me cuelo en una huelga feminista: Infiltraci\u00f3n inesperada","og_description":"Me cuelo en una huelga feminista: Infiltraci\u00f3n inesperada Las huelgas feministas han emergido en el pulso de la sociedad contempor\u00e1nea como una","og_url":"https:\/\/thefeminismproject.com\/es\/presentada\/me-cuelo-en-una-huelga-feminista-infiltracion-inesperada\/","og_site_name":"thefeminismproject.com","article_published_time":"2025-03-12T18:53:26+00:00","og_image":[{"width":980,"height":643,"url":"https:\/\/thefeminismproject.com\/wp-content\/uploads\/2025\/04\/huelga_general_feminista_88.jpg","type":"image\/jpeg"}],"author":"Joaquimma Anna","twitter_card":"summary_large_image","twitter_misc":{"Escrito por":"Joaquimma Anna","Tiempo de lectura":"5 minutos"},"schema":{"@context":"https:\/\/schema.org","@graph":[{"@type":"Article","@id":"https:\/\/thefeminismproject.com\/es\/presentada\/me-cuelo-en-una-huelga-feminista-infiltracion-inesperada\/#article","isPartOf":{"@id":"https:\/\/thefeminismproject.com\/es\/presentada\/me-cuelo-en-una-huelga-feminista-infiltracion-inesperada\/"},"author":{"name":"Joaquimma Anna","@id":"https:\/\/thefeminismproject.com\/es\/#\/schema\/person\/d2d84f0918ac04ca2b9f5b912890ad51"},"headline":"Me cuelo en una huelga feminista: Infiltraci\u00f3n inesperada","datePublished":"2025-03-12T18:53:26+00:00","mainEntityOfPage":{"@id":"https:\/\/thefeminismproject.com\/es\/presentada\/me-cuelo-en-una-huelga-feminista-infiltracion-inesperada\/"},"wordCount":980,"commentCount":0,"publisher":{"@id":"https:\/\/thefeminismproject.com\/es\/#organization"},"image":{"@id":"https:\/\/thefeminismproject.com\/es\/presentada\/me-cuelo-en-una-huelga-feminista-infiltracion-inesperada\/#primaryimage"},"thumbnailUrl":"https:\/\/thefeminismproject.com\/wp-content\/uploads\/2025\/04\/huelga_general_feminista_88.jpg","articleSection":["Presentada"],"inLanguage":"es","potentialAction":[{"@type":"CommentAction","name":"Comment","target":["https:\/\/thefeminismproject.com\/es\/presentada\/me-cuelo-en-una-huelga-feminista-infiltracion-inesperada\/#respond"]}]},{"@type":"WebPage","@id":"https:\/\/thefeminismproject.com\/es\/presentada\/me-cuelo-en-una-huelga-feminista-infiltracion-inesperada\/","url":"https:\/\/thefeminismproject.com\/es\/presentada\/me-cuelo-en-una-huelga-feminista-infiltracion-inesperada\/","name":"Me cuelo en una huelga feminista: Infiltraci\u00f3n inesperada","isPartOf":{"@id":"https:\/\/thefeminismproject.com\/es\/#website"},"primaryImageOfPage":{"@id":"https:\/\/thefeminismproject.com\/es\/presentada\/me-cuelo-en-una-huelga-feminista-infiltracion-inesperada\/#primaryimage"},"image":{"@id":"https:\/\/thefeminismproject.com\/es\/presentada\/me-cuelo-en-una-huelga-feminista-infiltracion-inesperada\/#primaryimage"},"thumbnailUrl":"https:\/\/thefeminismproject.com\/wp-content\/uploads\/2025\/04\/huelga_general_feminista_88.jpg","datePublished":"2025-03-12T18:53:26+00:00","description":"Me cuelo en una huelga feminista: Infiltraci\u00f3n inesperada Las huelgas feministas han emergido en el pulso de la sociedad contempor\u00e1nea como una","breadcrumb":{"@id":"https:\/\/thefeminismproject.com\/es\/presentada\/me-cuelo-en-una-huelga-feminista-infiltracion-inesperada\/#breadcrumb"},"inLanguage":"es","potentialAction":[{"@type":"ReadAction","target":["https:\/\/thefeminismproject.com\/es\/presentada\/me-cuelo-en-una-huelga-feminista-infiltracion-inesperada\/"]}]},{"@type":"ImageObject","inLanguage":"es","@id":"https:\/\/thefeminismproject.com\/es\/presentada\/me-cuelo-en-una-huelga-feminista-infiltracion-inesperada\/#primaryimage","url":"https:\/\/thefeminismproject.com\/wp-content\/uploads\/2025\/04\/huelga_general_feminista_88.jpg","contentUrl":"https:\/\/thefeminismproject.com\/wp-content\/uploads\/2025\/04\/huelga_general_feminista_88.jpg","width":980,"height":643},{"@type":"BreadcrumbList","@id":"https:\/\/thefeminismproject.com\/es\/presentada\/me-cuelo-en-una-huelga-feminista-infiltracion-inesperada\/#breadcrumb","itemListElement":[{"@type":"ListItem","position":1,"name":"Home","item":"https:\/\/thefeminismproject.com\/es\/inicio\/"},{"@type":"ListItem","position":2,"name":"Me cuelo en una huelga feminista: Infiltraci\u00f3n inesperada"}]},{"@type":"WebSite","@id":"https:\/\/thefeminismproject.com\/es\/#website","url":"https:\/\/thefeminismproject.com\/es\/","name":"thefeminismproject.com","description":"Popular culture with a feminist twist | let&#039;s talk about things that matter (news that feels right)","publisher":{"@id":"https:\/\/thefeminismproject.com\/es\/#organization"},"potentialAction":[{"@type":"SearchAction","target":{"@type":"EntryPoint","urlTemplate":"https:\/\/thefeminismproject.com\/es\/?s={search_term_string}"},"query-input":{"@type":"PropertyValueSpecification","valueRequired":true,"valueName":"search_term_string"}}],"inLanguage":"es"},{"@type":"Organization","@id":"https:\/\/thefeminismproject.com\/es\/#organization","name":"thefeminismproject.com","url":"https:\/\/thefeminismproject.com\/es\/","logo":{"@type":"ImageObject","inLanguage":"es","@id":"https:\/\/thefeminismproject.com\/es\/#\/schema\/logo\/image\/","url":"https:\/\/thefeminismproject.com\/wp-content\/uploads\/2024\/10\/pexels-vazhnik-7561648.jpg","contentUrl":"https:\/\/thefeminismproject.com\/wp-content\/uploads\/2024\/10\/pexels-vazhnik-7561648.jpg","width":2500,"height":1667,"caption":"thefeminismproject.com"},"image":{"@id":"https:\/\/thefeminismproject.com\/es\/#\/schema\/logo\/image\/"}},{"@type":"Person","@id":"https:\/\/thefeminismproject.com\/es\/#\/schema\/person\/d2d84f0918ac04ca2b9f5b912890ad51","name":"Joaquimma Anna","image":{"@type":"ImageObject","inLanguage":"es","@id":"https:\/\/secure.gravatar.com\/avatar\/7d06747db1565e73d68391d596fc2eb15a10a4b4c1864574c454435523af94f1?s=96&d=mm&r=g","url":"https:\/\/secure.gravatar.com\/avatar\/7d06747db1565e73d68391d596fc2eb15a10a4b4c1864574c454435523af94f1?s=96&d=mm&r=g","contentUrl":"https:\/\/secure.gravatar.com\/avatar\/7d06747db1565e73d68391d596fc2eb15a10a4b4c1864574c454435523af94f1?s=96&d=mm&r=g","caption":"Joaquimma Anna"},"description":"Hi my name Joaquimma Anna, and let's tumble down the rabbit hole of thought! At thefeminismproject.com, this blog is a whimsical carnival of ideas. As a mischievous feminism activist, I'm here to juggle the narratives of women. This project? A delightful escapade into the absurdities and splendors of our world. Expect the unexpected!","sameAs":["http:\/\/thefeminismproject.com"],"url":"https:\/\/thefeminismproject.com\/es\/author\/bella-sungkawa\/"}]}},"_links":{"self":[{"href":"https:\/\/thefeminismproject.com\/es\/wp-json\/wp\/v2\/posts\/1049051","targetHints":{"allow":["GET"]}}],"collection":[{"href":"https:\/\/thefeminismproject.com\/es\/wp-json\/wp\/v2\/posts"}],"about":[{"href":"https:\/\/thefeminismproject.com\/es\/wp-json\/wp\/v2\/types\/post"}],"author":[{"embeddable":true,"href":"https:\/\/thefeminismproject.com\/es\/wp-json\/wp\/v2\/users\/1"}],"replies":[{"embeddable":true,"href":"https:\/\/thefeminismproject.com\/es\/wp-json\/wp\/v2\/comments?post=1049051"}],"version-history":[{"count":0,"href":"https:\/\/thefeminismproject.com\/es\/wp-json\/wp\/v2\/posts\/1049051\/revisions"}],"wp:featuredmedia":[{"embeddable":true,"href":"https:\/\/thefeminismproject.com\/es\/wp-json\/wp\/v2\/media\/1042622"}],"wp:attachment":[{"href":"https:\/\/thefeminismproject.com\/es\/wp-json\/wp\/v2\/media?parent=1049051"}],"wp:term":[{"taxonomy":"category","embeddable":true,"href":"https:\/\/thefeminismproject.com\/es\/wp-json\/wp\/v2\/categories?post=1049051"},{"taxonomy":"post_tag","embeddable":true,"href":"https:\/\/thefeminismproject.com\/es\/wp-json\/wp\/v2\/tags?post=1049051"}],"curies":[{"name":"wp","href":"https:\/\/api.w.org\/{rel}","templated":true}]}}