{"id":1049079,"date":"2025-04-27T08:15:41","date_gmt":"2025-04-27T08:15:41","guid":{"rendered":"https:\/\/thefeminismproject.com\/sin-categoria\/me-duelen-los-senos-grupo-femina-musica-que-conecta-con-el-dolor\/"},"modified":"2025-04-27T08:15:41","modified_gmt":"2025-04-27T08:15:41","slug":"me-duelen-los-senos-grupo-femina-musica-que-conecta-con-el-dolor","status":"publish","type":"post","link":"https:\/\/thefeminismproject.com\/es\/presentada\/me-duelen-los-senos-grupo-femina-musica-que-conecta-con-el-dolor\/","title":{"rendered":"Me duelen los senos (Grupo F\u00e9mina): M\u00fasica que conecta con el dolor"},"content":{"rendered":"<p>Cuando escuchamos a Grupo F\u00e9mina, es dif\u00edcil no sentir una conexi\u00f3n visceral con su m\u00fasica. En particular, la canci\u00f3n \u00abMe duelen los senos\u00bb resuena con una profundizaci\u00f3n del dolor que muchas mujeres han experimentado a lo largo de su vida. Pero, \u00bfqu\u00e9 nos dice este tema sobre la experiencia femenina en un mundo que a menudo minimiza el sufrimiento de las mujeres? Es un desaf\u00edo audaz como oyentes, un llamado a la introspecci\u00f3n: \u00bfpodemos permitir que el dolor se convierta en un veh\u00edculo para el empoderamiento?<\/p>\n<p>La m\u00fasica de Grupo F\u00e9mina no es solo entretenimiento; es un manifiesto cultural. Utilizan su arte para abordar el sufrimiento y la resiliencia de las mujeres, llevando a la luz los temas que muchos preferir\u00edan ignorar. En \u00abMe duelen los senos\u00bb, la referencia al dolor f\u00edsico se entrelaza con el emocional, evidenciando la dualidad de la experiencia femenina. Las palabras son un grito de guerra contra la opresi\u00f3n, una demanda de validaci\u00f3n en un mundo que a menudo les dice a las mujeres que su dolor no importa.<\/p>\n<p>El uso de la met\u00e1fora del dolor de senos no es casual. Este s\u00edmbolo cargado de significado evoca no solo el malestar f\u00edsico, sino tambi\u00e9n la incomprensi\u00f3n de las preocupaciones predominantes que a menudo enfrentan las mujeres. Es un recordatorio poderoso de que, a pesar de que a menudo se les dice que \u00absuperen\u00bb su sufrimiento, la vulnerabilidad es parte de la condici\u00f3n humana. La canci\u00f3n convierte el dolor en melod\u00eda, haciendo que sea m\u00e1s accesible y, al mismo tiempo, m\u00e1s profundo. Desde este prisma, podemos considerar: \u00bfcu\u00e1nto de nuestro propio sufrimiento estamos dispuestas a compartir, y cu\u00e1nto decidimos callar?<\/p>\n<p>Esta cuesti\u00f3n trasciende la m\u00fasica y se infiltra en la vida cotidiana de las mujeres, donde a menudo se sienten presionadas a disimular sus emociones. Esto se traduce en una lucha constante por la validaci\u00f3n, donde el dolor se convierte en un tab\u00fa. Grupo F\u00e9mina, al abordar estas luchas, nos invita a reexaminar lo que consideramos \u00abnormal\u00bb. A trav\u00e9s de su l\u00edrica, empujan a las oyentes a abrazar el dolor como parte de su narrativa, desafiando la noci\u00f3n de que las mujeres deben ser siempre fuertes o \u00abperfectas\u00bb.<\/p>\n<p>La provocaci\u00f3n de su m\u00fasica reside en la habilidad de conectar experiencias personales con un sentimiento colectivo. El dolor mencionado en \u00abMe duelen los senos\u00bb va m\u00e1s all\u00e1 de lo f\u00edsico; es un espejo que refleja las luchas sist\u00e9micas que las mujeres enfrentan en su vida diaria. Este rasgo hace que la canci\u00f3n sea casi terap\u00e9utica; hay poder en compartir experiencias comunes, y Grupo F\u00e9mina lo entiende inherentemente. Nos plantean una cuesti\u00f3n fundamental: \u00bfpodemos encontrar fuerza en la vulnerabilidad?<\/p>\n<p>Como comunidad, es crucial reconocer que el dolor compartido puede convertirse en un armamento poderoso. En lugar de ocultarlo, lo celebramos. La m\u00fasica de Grupo F\u00e9mina nos lleva a esta realizaci\u00f3n, a esa revelaci\u00f3n donde el dolor se transforma en potencial. Cuando las mujeres se unen para compartir sus historias y experiencias, se crean lazos que pueden romper las cadenas del aislamiento. En este sentido, la canci\u00f3n se convierte en un catalizador para la transformaci\u00f3n social. Reflexionemos: \u00bfc\u00f3mo nuestras propias narrativas de dolor pueden ser el principio de algo revolucionario?<\/p>\n<p>Un aspecto fascinante de \u00abMe duelen los senos\u00bb es su capacidad de evocar una gama de emociones, desde la tristeza hasta la rabia y la alegr\u00eda. Cada nota parece estar impregnada de la historia de muchas mujeres que han soportado el peso del silencio. Al empoderar su voz, Grupo F\u00e9mina ofrece a las oyentes la oportunidad de abrazar su tripartita identidad: la luchadora, la v\u00edctima y la sobreviviente. Pero no se detienen ah\u00ed; desaf\u00edan a sus oyentes no solo a aceptar, sino a confrontar su dolor, convirti\u00e9ndolo en un recurso para catalizar el cambio.<\/p>\n<p><p>La m\u00fasica, con su innegable poder terap\u00e9utico, puede despertar discusiones sobre lo que a menudo se deja sin discernir: el dolor de ser mujer en una sociedad patriarcal. La canci\u00f3n es un grito ensordecedor que dice \u00abmira\u00bb, que invita a la reflexi\u00f3n sobre c\u00f3mo a menudo desestimamos el sufrimiento ajeno mientras luchamos con el nuestro. Este acto de conexi\u00f3n a trav\u00e9s de la m\u00fasica puede ser una poderosa cuerda para la solidaridad entre mujeres, permite la creaci\u00f3n de una comunidad emp\u00e1tica que se niega a ser silenciada.<\/p>\n<p>La producci\u00f3n musical de Grupo F\u00e9mina se nutre de ritmos que incitan al movimiento, pero tambi\u00e9n de letras que invitan a la introspecci\u00f3n. Es un balance efectivo que destaca la multifac\u00e9tica experiencia de ser mujer. En este sentido, la pregunta que se propone no es solo sobre el dolor, sino sobre la libertad de expresarlo. \u00bfEstamos listas para ser parte de un movimiento que redefine el significado de la vulnerabilidad? \u00bfEstamos dispuestas a permitir que nuestra m\u00fasica y nuestras historias sean un veh\u00edculo para la revoluci\u00f3n personal y colectiva?<\/p>\n<p>Como un eco que resuena a trav\u00e9s del paisaje sonoro, \u00abMe duelen los senos\u00bb es m\u00e1s que una simple canci\u00f3n; es una declaraci\u00f3n de resistencia. Nos desaf\u00eda a adoptar nuestro dolor como una parte integral de nuestras vidas, en lugar de algo para ocultar. Al escuchar, nos unimos en una sinfon\u00eda de voces que, al un\u00edsono, gritan que nuestras experiencias y sufrimientos son perfectamente v\u00e1lidos. En un mundo que intenta silenciar, la m\u00fasica de Grupo F\u00e9mina nos ense\u00f1a a gritar con orgullo y fuerza, porque al final, el dolor compartido es el camino hacia la sanaci\u00f3n. En lugar de avergonzarnos, \u00a1abracemos nuestro dolor y usemos nuestra voz para transformar el mundo!<\/p>\n","protected":false},"excerpt":{"rendered":"<p>Cuando escuchamos a Grupo F\u00e9mina, es dif\u00edcil no sentir una conexi\u00f3n visceral con su m\u00fasica. En particular, la canci\u00f3n \u00abMe duelen los senos\u00bb resuena con una profundizaci\u00f3n del dolor que muchas mujeres han experimentado a lo largo de su vida. Pero, \u00bfqu\u00e9 nos dice este tema sobre la experiencia femenina en un mundo que a [&hellip;]<\/p>\n","protected":false},"author":1,"featured_media":1049080,"comment_status":"open","ping_status":"open","sticky":false,"template":"","format":"standard","meta":{"footnotes":""},"categories":[83],"tags":[],"class_list":{"0":"post-1049079","1":"post","2":"type-post","3":"status-publish","4":"format-standard","5":"has-post-thumbnail","7":"category-presentada"},"yoast_head":"<!-- This site is optimized with the Yoast SEO plugin v27.4 - https:\/\/yoast.com\/product\/yoast-seo-wordpress\/ -->\n<title>Me duelen los senos (Grupo F\u00e9mina): M\u00fasica que conecta con el dolor<\/title>\n<meta name=\"description\" content=\"Cuando escuchamos a Grupo F\u00e9mina, es dif\u00edcil no sentir una conexi\u00f3n visceral con su m\u00fasica. En particular, la canci\u00f3n &quot;Me duelen los senos&quot; resuena con\" \/>\n<meta name=\"robots\" content=\"index, follow, max-snippet:-1, max-image-preview:large, max-video-preview:-1\" \/>\n<link rel=\"canonical\" href=\"https:\/\/thefeminismproject.com\/es\/presentada\/me-duelen-los-senos-grupo-femina-musica-que-conecta-con-el-dolor\/\" \/>\n<meta property=\"og:locale\" content=\"es_ES\" \/>\n<meta property=\"og:type\" content=\"article\" \/>\n<meta property=\"og:title\" content=\"Me duelen los senos (Grupo F\u00e9mina): M\u00fasica que conecta con el dolor\" \/>\n<meta property=\"og:description\" content=\"Cuando escuchamos a Grupo F\u00e9mina, es dif\u00edcil no sentir una conexi\u00f3n visceral con su m\u00fasica. En particular, la canci\u00f3n &quot;Me duelen los senos&quot; resuena con\" \/>\n<meta property=\"og:url\" content=\"https:\/\/thefeminismproject.com\/es\/presentada\/me-duelen-los-senos-grupo-femina-musica-que-conecta-con-el-dolor\/\" \/>\n<meta property=\"og:site_name\" content=\"thefeminismproject.com\" \/>\n<meta property=\"article:published_time\" content=\"2025-04-27T08:15:41+00:00\" \/>\n<meta property=\"og:image\" content=\"https:\/\/thefeminismproject.com\/wp-content\/uploads\/2025\/05\/feminas1-mdc-1200x675-1.jpg\" \/>\n\t<meta property=\"og:image:width\" content=\"1200\" \/>\n\t<meta property=\"og:image:height\" content=\"675\" \/>\n\t<meta property=\"og:image:type\" content=\"image\/jpeg\" \/>\n<meta name=\"author\" content=\"Joaquimma Anna\" \/>\n<meta name=\"twitter:card\" content=\"summary_large_image\" \/>\n<meta name=\"twitter:label1\" content=\"Escrito por\" \/>\n\t<meta name=\"twitter:data1\" content=\"Joaquimma Anna\" \/>\n\t<meta name=\"twitter:label2\" content=\"Tiempo de lectura\" \/>\n\t<meta name=\"twitter:data2\" content=\"5 minutos\" \/>\n<script type=\"application\/ld+json\" class=\"yoast-schema-graph\">{\"@context\":\"https:\\\/\\\/schema.org\",\"@graph\":[{\"@type\":\"Article\",\"@id\":\"https:\\\/\\\/thefeminismproject.com\\\/es\\\/presentada\\\/me-duelen-los-senos-grupo-femina-musica-que-conecta-con-el-dolor\\\/#article\",\"isPartOf\":{\"@id\":\"https:\\\/\\\/thefeminismproject.com\\\/es\\\/presentada\\\/me-duelen-los-senos-grupo-femina-musica-que-conecta-con-el-dolor\\\/\"},\"author\":{\"name\":\"Joaquimma Anna\",\"@id\":\"https:\\\/\\\/thefeminismproject.com\\\/es\\\/#\\\/schema\\\/person\\\/d2d84f0918ac04ca2b9f5b912890ad51\"},\"headline\":\"Me duelen los senos (Grupo F\u00e9mina): M\u00fasica que conecta con el dolor\",\"datePublished\":\"2025-04-27T08:15:41+00:00\",\"mainEntityOfPage\":{\"@id\":\"https:\\\/\\\/thefeminismproject.com\\\/es\\\/presentada\\\/me-duelen-los-senos-grupo-femina-musica-que-conecta-con-el-dolor\\\/\"},\"wordCount\":1011,\"commentCount\":0,\"publisher\":{\"@id\":\"https:\\\/\\\/thefeminismproject.com\\\/es\\\/#organization\"},\"image\":{\"@id\":\"https:\\\/\\\/thefeminismproject.com\\\/es\\\/presentada\\\/me-duelen-los-senos-grupo-femina-musica-que-conecta-con-el-dolor\\\/#primaryimage\"},\"thumbnailUrl\":\"https:\\\/\\\/thefeminismproject.com\\\/wp-content\\\/uploads\\\/2025\\\/05\\\/feminas1-mdc-1200x675-1.jpg\",\"articleSection\":[\"Presentada\"],\"inLanguage\":\"es\",\"potentialAction\":[{\"@type\":\"CommentAction\",\"name\":\"Comment\",\"target\":[\"https:\\\/\\\/thefeminismproject.com\\\/es\\\/presentada\\\/me-duelen-los-senos-grupo-femina-musica-que-conecta-con-el-dolor\\\/#respond\"]}]},{\"@type\":\"WebPage\",\"@id\":\"https:\\\/\\\/thefeminismproject.com\\\/es\\\/presentada\\\/me-duelen-los-senos-grupo-femina-musica-que-conecta-con-el-dolor\\\/\",\"url\":\"https:\\\/\\\/thefeminismproject.com\\\/es\\\/presentada\\\/me-duelen-los-senos-grupo-femina-musica-que-conecta-con-el-dolor\\\/\",\"name\":\"Me duelen los senos (Grupo F\u00e9mina): M\u00fasica que conecta con el dolor\",\"isPartOf\":{\"@id\":\"https:\\\/\\\/thefeminismproject.com\\\/es\\\/#website\"},\"primaryImageOfPage\":{\"@id\":\"https:\\\/\\\/thefeminismproject.com\\\/es\\\/presentada\\\/me-duelen-los-senos-grupo-femina-musica-que-conecta-con-el-dolor\\\/#primaryimage\"},\"image\":{\"@id\":\"https:\\\/\\\/thefeminismproject.com\\\/es\\\/presentada\\\/me-duelen-los-senos-grupo-femina-musica-que-conecta-con-el-dolor\\\/#primaryimage\"},\"thumbnailUrl\":\"https:\\\/\\\/thefeminismproject.com\\\/wp-content\\\/uploads\\\/2025\\\/05\\\/feminas1-mdc-1200x675-1.jpg\",\"datePublished\":\"2025-04-27T08:15:41+00:00\",\"description\":\"Cuando escuchamos a Grupo F\u00e9mina, es dif\u00edcil no sentir una conexi\u00f3n visceral con su m\u00fasica. En particular, la canci\u00f3n \\\"Me duelen los senos\\\" resuena con\",\"breadcrumb\":{\"@id\":\"https:\\\/\\\/thefeminismproject.com\\\/es\\\/presentada\\\/me-duelen-los-senos-grupo-femina-musica-que-conecta-con-el-dolor\\\/#breadcrumb\"},\"inLanguage\":\"es\",\"potentialAction\":[{\"@type\":\"ReadAction\",\"target\":[\"https:\\\/\\\/thefeminismproject.com\\\/es\\\/presentada\\\/me-duelen-los-senos-grupo-femina-musica-que-conecta-con-el-dolor\\\/\"]}]},{\"@type\":\"ImageObject\",\"inLanguage\":\"es\",\"@id\":\"https:\\\/\\\/thefeminismproject.com\\\/es\\\/presentada\\\/me-duelen-los-senos-grupo-femina-musica-que-conecta-con-el-dolor\\\/#primaryimage\",\"url\":\"https:\\\/\\\/thefeminismproject.com\\\/wp-content\\\/uploads\\\/2025\\\/05\\\/feminas1-mdc-1200x675-1.jpg\",\"contentUrl\":\"https:\\\/\\\/thefeminismproject.com\\\/wp-content\\\/uploads\\\/2025\\\/05\\\/feminas1-mdc-1200x675-1.jpg\",\"width\":1200,\"height\":675},{\"@type\":\"BreadcrumbList\",\"@id\":\"https:\\\/\\\/thefeminismproject.com\\\/es\\\/presentada\\\/me-duelen-los-senos-grupo-femina-musica-que-conecta-con-el-dolor\\\/#breadcrumb\",\"itemListElement\":[{\"@type\":\"ListItem\",\"position\":1,\"name\":\"Home\",\"item\":\"https:\\\/\\\/thefeminismproject.com\\\/es\\\/inicio\\\/\"},{\"@type\":\"ListItem\",\"position\":2,\"name\":\"Me duelen los senos (Grupo F\u00e9mina): M\u00fasica que conecta con el dolor\"}]},{\"@type\":\"WebSite\",\"@id\":\"https:\\\/\\\/thefeminismproject.com\\\/es\\\/#website\",\"url\":\"https:\\\/\\\/thefeminismproject.com\\\/es\\\/\",\"name\":\"thefeminismproject.com\",\"description\":\"Popular culture with a feminist twist | let&#039;s talk about things that matter (news that feels right)\",\"publisher\":{\"@id\":\"https:\\\/\\\/thefeminismproject.com\\\/es\\\/#organization\"},\"potentialAction\":[{\"@type\":\"SearchAction\",\"target\":{\"@type\":\"EntryPoint\",\"urlTemplate\":\"https:\\\/\\\/thefeminismproject.com\\\/es\\\/?s={search_term_string}\"},\"query-input\":{\"@type\":\"PropertyValueSpecification\",\"valueRequired\":true,\"valueName\":\"search_term_string\"}}],\"inLanguage\":\"es\"},{\"@type\":\"Organization\",\"@id\":\"https:\\\/\\\/thefeminismproject.com\\\/es\\\/#organization\",\"name\":\"thefeminismproject.com\",\"url\":\"https:\\\/\\\/thefeminismproject.com\\\/es\\\/\",\"logo\":{\"@type\":\"ImageObject\",\"inLanguage\":\"es\",\"@id\":\"https:\\\/\\\/thefeminismproject.com\\\/es\\\/#\\\/schema\\\/logo\\\/image\\\/\",\"url\":\"https:\\\/\\\/thefeminismproject.com\\\/wp-content\\\/uploads\\\/2024\\\/10\\\/pexels-vazhnik-7561648.jpg\",\"contentUrl\":\"https:\\\/\\\/thefeminismproject.com\\\/wp-content\\\/uploads\\\/2024\\\/10\\\/pexels-vazhnik-7561648.jpg\",\"width\":2500,\"height\":1667,\"caption\":\"thefeminismproject.com\"},\"image\":{\"@id\":\"https:\\\/\\\/thefeminismproject.com\\\/es\\\/#\\\/schema\\\/logo\\\/image\\\/\"}},{\"@type\":\"Person\",\"@id\":\"https:\\\/\\\/thefeminismproject.com\\\/es\\\/#\\\/schema\\\/person\\\/d2d84f0918ac04ca2b9f5b912890ad51\",\"name\":\"Joaquimma Anna\",\"image\":{\"@type\":\"ImageObject\",\"inLanguage\":\"es\",\"@id\":\"https:\\\/\\\/secure.gravatar.com\\\/avatar\\\/7d06747db1565e73d68391d596fc2eb15a10a4b4c1864574c454435523af94f1?s=96&d=mm&r=g\",\"url\":\"https:\\\/\\\/secure.gravatar.com\\\/avatar\\\/7d06747db1565e73d68391d596fc2eb15a10a4b4c1864574c454435523af94f1?s=96&d=mm&r=g\",\"contentUrl\":\"https:\\\/\\\/secure.gravatar.com\\\/avatar\\\/7d06747db1565e73d68391d596fc2eb15a10a4b4c1864574c454435523af94f1?s=96&d=mm&r=g\",\"caption\":\"Joaquimma Anna\"},\"description\":\"Hi my name Joaquimma Anna, and let's tumble down the rabbit hole of thought! At thefeminismproject.com, this blog is a whimsical carnival of ideas. As a mischievous feminism activist, I'm here to juggle the narratives of women. This project? A delightful escapade into the absurdities and splendors of our world. Expect the unexpected!\",\"sameAs\":[\"http:\\\/\\\/thefeminismproject.com\"],\"url\":\"https:\\\/\\\/thefeminismproject.com\\\/es\\\/author\\\/bella-sungkawa\\\/\"}]}<\/script>\n<!-- \/ Yoast SEO plugin. -->","yoast_head_json":{"title":"Me duelen los senos (Grupo F\u00e9mina): M\u00fasica que conecta con el dolor","description":"Cuando escuchamos a Grupo F\u00e9mina, es dif\u00edcil no sentir una conexi\u00f3n visceral con su m\u00fasica. En particular, la canci\u00f3n \"Me duelen los senos\" resuena con","robots":{"index":"index","follow":"follow","max-snippet":"max-snippet:-1","max-image-preview":"max-image-preview:large","max-video-preview":"max-video-preview:-1"},"canonical":"https:\/\/thefeminismproject.com\/es\/presentada\/me-duelen-los-senos-grupo-femina-musica-que-conecta-con-el-dolor\/","og_locale":"es_ES","og_type":"article","og_title":"Me duelen los senos (Grupo F\u00e9mina): M\u00fasica que conecta con el dolor","og_description":"Cuando escuchamos a Grupo F\u00e9mina, es dif\u00edcil no sentir una conexi\u00f3n visceral con su m\u00fasica. En particular, la canci\u00f3n \"Me duelen los senos\" resuena con","og_url":"https:\/\/thefeminismproject.com\/es\/presentada\/me-duelen-los-senos-grupo-femina-musica-que-conecta-con-el-dolor\/","og_site_name":"thefeminismproject.com","article_published_time":"2025-04-27T08:15:41+00:00","og_image":[{"width":1200,"height":675,"url":"https:\/\/thefeminismproject.com\/wp-content\/uploads\/2025\/05\/feminas1-mdc-1200x675-1.jpg","type":"image\/jpeg"}],"author":"Joaquimma Anna","twitter_card":"summary_large_image","twitter_misc":{"Escrito por":"Joaquimma Anna","Tiempo de lectura":"5 minutos"},"schema":{"@context":"https:\/\/schema.org","@graph":[{"@type":"Article","@id":"https:\/\/thefeminismproject.com\/es\/presentada\/me-duelen-los-senos-grupo-femina-musica-que-conecta-con-el-dolor\/#article","isPartOf":{"@id":"https:\/\/thefeminismproject.com\/es\/presentada\/me-duelen-los-senos-grupo-femina-musica-que-conecta-con-el-dolor\/"},"author":{"name":"Joaquimma Anna","@id":"https:\/\/thefeminismproject.com\/es\/#\/schema\/person\/d2d84f0918ac04ca2b9f5b912890ad51"},"headline":"Me duelen los senos (Grupo F\u00e9mina): M\u00fasica que conecta con el dolor","datePublished":"2025-04-27T08:15:41+00:00","mainEntityOfPage":{"@id":"https:\/\/thefeminismproject.com\/es\/presentada\/me-duelen-los-senos-grupo-femina-musica-que-conecta-con-el-dolor\/"},"wordCount":1011,"commentCount":0,"publisher":{"@id":"https:\/\/thefeminismproject.com\/es\/#organization"},"image":{"@id":"https:\/\/thefeminismproject.com\/es\/presentada\/me-duelen-los-senos-grupo-femina-musica-que-conecta-con-el-dolor\/#primaryimage"},"thumbnailUrl":"https:\/\/thefeminismproject.com\/wp-content\/uploads\/2025\/05\/feminas1-mdc-1200x675-1.jpg","articleSection":["Presentada"],"inLanguage":"es","potentialAction":[{"@type":"CommentAction","name":"Comment","target":["https:\/\/thefeminismproject.com\/es\/presentada\/me-duelen-los-senos-grupo-femina-musica-que-conecta-con-el-dolor\/#respond"]}]},{"@type":"WebPage","@id":"https:\/\/thefeminismproject.com\/es\/presentada\/me-duelen-los-senos-grupo-femina-musica-que-conecta-con-el-dolor\/","url":"https:\/\/thefeminismproject.com\/es\/presentada\/me-duelen-los-senos-grupo-femina-musica-que-conecta-con-el-dolor\/","name":"Me duelen los senos (Grupo F\u00e9mina): M\u00fasica que conecta con el dolor","isPartOf":{"@id":"https:\/\/thefeminismproject.com\/es\/#website"},"primaryImageOfPage":{"@id":"https:\/\/thefeminismproject.com\/es\/presentada\/me-duelen-los-senos-grupo-femina-musica-que-conecta-con-el-dolor\/#primaryimage"},"image":{"@id":"https:\/\/thefeminismproject.com\/es\/presentada\/me-duelen-los-senos-grupo-femina-musica-que-conecta-con-el-dolor\/#primaryimage"},"thumbnailUrl":"https:\/\/thefeminismproject.com\/wp-content\/uploads\/2025\/05\/feminas1-mdc-1200x675-1.jpg","datePublished":"2025-04-27T08:15:41+00:00","description":"Cuando escuchamos a Grupo F\u00e9mina, es dif\u00edcil no sentir una conexi\u00f3n visceral con su m\u00fasica. En particular, la canci\u00f3n \"Me duelen los senos\" resuena con","breadcrumb":{"@id":"https:\/\/thefeminismproject.com\/es\/presentada\/me-duelen-los-senos-grupo-femina-musica-que-conecta-con-el-dolor\/#breadcrumb"},"inLanguage":"es","potentialAction":[{"@type":"ReadAction","target":["https:\/\/thefeminismproject.com\/es\/presentada\/me-duelen-los-senos-grupo-femina-musica-que-conecta-con-el-dolor\/"]}]},{"@type":"ImageObject","inLanguage":"es","@id":"https:\/\/thefeminismproject.com\/es\/presentada\/me-duelen-los-senos-grupo-femina-musica-que-conecta-con-el-dolor\/#primaryimage","url":"https:\/\/thefeminismproject.com\/wp-content\/uploads\/2025\/05\/feminas1-mdc-1200x675-1.jpg","contentUrl":"https:\/\/thefeminismproject.com\/wp-content\/uploads\/2025\/05\/feminas1-mdc-1200x675-1.jpg","width":1200,"height":675},{"@type":"BreadcrumbList","@id":"https:\/\/thefeminismproject.com\/es\/presentada\/me-duelen-los-senos-grupo-femina-musica-que-conecta-con-el-dolor\/#breadcrumb","itemListElement":[{"@type":"ListItem","position":1,"name":"Home","item":"https:\/\/thefeminismproject.com\/es\/inicio\/"},{"@type":"ListItem","position":2,"name":"Me duelen los senos (Grupo F\u00e9mina): M\u00fasica que conecta con el dolor"}]},{"@type":"WebSite","@id":"https:\/\/thefeminismproject.com\/es\/#website","url":"https:\/\/thefeminismproject.com\/es\/","name":"thefeminismproject.com","description":"Popular culture with a feminist twist | let&#039;s talk about things that matter (news that feels right)","publisher":{"@id":"https:\/\/thefeminismproject.com\/es\/#organization"},"potentialAction":[{"@type":"SearchAction","target":{"@type":"EntryPoint","urlTemplate":"https:\/\/thefeminismproject.com\/es\/?s={search_term_string}"},"query-input":{"@type":"PropertyValueSpecification","valueRequired":true,"valueName":"search_term_string"}}],"inLanguage":"es"},{"@type":"Organization","@id":"https:\/\/thefeminismproject.com\/es\/#organization","name":"thefeminismproject.com","url":"https:\/\/thefeminismproject.com\/es\/","logo":{"@type":"ImageObject","inLanguage":"es","@id":"https:\/\/thefeminismproject.com\/es\/#\/schema\/logo\/image\/","url":"https:\/\/thefeminismproject.com\/wp-content\/uploads\/2024\/10\/pexels-vazhnik-7561648.jpg","contentUrl":"https:\/\/thefeminismproject.com\/wp-content\/uploads\/2024\/10\/pexels-vazhnik-7561648.jpg","width":2500,"height":1667,"caption":"thefeminismproject.com"},"image":{"@id":"https:\/\/thefeminismproject.com\/es\/#\/schema\/logo\/image\/"}},{"@type":"Person","@id":"https:\/\/thefeminismproject.com\/es\/#\/schema\/person\/d2d84f0918ac04ca2b9f5b912890ad51","name":"Joaquimma Anna","image":{"@type":"ImageObject","inLanguage":"es","@id":"https:\/\/secure.gravatar.com\/avatar\/7d06747db1565e73d68391d596fc2eb15a10a4b4c1864574c454435523af94f1?s=96&d=mm&r=g","url":"https:\/\/secure.gravatar.com\/avatar\/7d06747db1565e73d68391d596fc2eb15a10a4b4c1864574c454435523af94f1?s=96&d=mm&r=g","contentUrl":"https:\/\/secure.gravatar.com\/avatar\/7d06747db1565e73d68391d596fc2eb15a10a4b4c1864574c454435523af94f1?s=96&d=mm&r=g","caption":"Joaquimma Anna"},"description":"Hi my name Joaquimma Anna, and let's tumble down the rabbit hole of thought! At thefeminismproject.com, this blog is a whimsical carnival of ideas. As a mischievous feminism activist, I'm here to juggle the narratives of women. This project? A delightful escapade into the absurdities and splendors of our world. Expect the unexpected!","sameAs":["http:\/\/thefeminismproject.com"],"url":"https:\/\/thefeminismproject.com\/es\/author\/bella-sungkawa\/"}]}},"_links":{"self":[{"href":"https:\/\/thefeminismproject.com\/es\/wp-json\/wp\/v2\/posts\/1049079","targetHints":{"allow":["GET"]}}],"collection":[{"href":"https:\/\/thefeminismproject.com\/es\/wp-json\/wp\/v2\/posts"}],"about":[{"href":"https:\/\/thefeminismproject.com\/es\/wp-json\/wp\/v2\/types\/post"}],"author":[{"embeddable":true,"href":"https:\/\/thefeminismproject.com\/es\/wp-json\/wp\/v2\/users\/1"}],"replies":[{"embeddable":true,"href":"https:\/\/thefeminismproject.com\/es\/wp-json\/wp\/v2\/comments?post=1049079"}],"version-history":[{"count":0,"href":"https:\/\/thefeminismproject.com\/es\/wp-json\/wp\/v2\/posts\/1049079\/revisions"}],"wp:featuredmedia":[{"embeddable":true,"href":"https:\/\/thefeminismproject.com\/es\/wp-json\/wp\/v2\/media\/1049080"}],"wp:attachment":[{"href":"https:\/\/thefeminismproject.com\/es\/wp-json\/wp\/v2\/media?parent=1049079"}],"wp:term":[{"taxonomy":"category","embeddable":true,"href":"https:\/\/thefeminismproject.com\/es\/wp-json\/wp\/v2\/categories?post=1049079"},{"taxonomy":"post_tag","embeddable":true,"href":"https:\/\/thefeminismproject.com\/es\/wp-json\/wp\/v2\/tags?post=1049079"}],"curies":[{"name":"wp","href":"https:\/\/api.w.org\/{rel}","templated":true}]}}