{"id":1049287,"date":"2025-03-04T23:37:04","date_gmt":"2025-03-04T23:37:04","guid":{"rendered":"https:\/\/thefeminismproject.com\/sin-categoria\/me-too-y-el-ano-del-feminismo-google-academico-analisis-academico-y-social\/"},"modified":"2025-03-04T23:37:04","modified_gmt":"2025-03-04T23:37:04","slug":"me-too-y-el-ano-del-feminismo-google-academico-analisis-academico-y-social","status":"publish","type":"post","link":"https:\/\/thefeminismproject.com\/es\/presentada\/me-too-y-el-ano-del-feminismo-google-academico-analisis-academico-y-social\/","title":{"rendered":"Me Too y el A\u00f1o del Feminismo (Google Acad\u00e9mico): An\u00e1lisis acad\u00e9mico y social"},"content":{"rendered":"<p>El movimiento #MeToo se ha transformado en una de las manifestaciones m\u00e1s significativas del feminismo contempor\u00e1neo. Surgido inicialmente como una respuesta a las agresiones sexuales en Hollywood, se ha expandido universalmente, desafiando un sistema patriarcal que ha normalizado la violencia de g\u00e9nero en m\u00faltiples facetas de la vida social. Al conmemorar su quinto aniversario, es esencial realizar un an\u00e1lisis acad\u00e9mico y social sobre su impacto y proyecciones futuras, contraponi\u00e9ndolo a un contexto m\u00e1s amplio del feminismo del siglo XXI.<\/p>\n<p>Desde su origen, el movimiento ha suscitado un cambio paradigm\u00e1tico en c\u00f3mo se percibe el acoso y la violencia sexual. Hist\u00f3ricamente, estas experiencias se hab\u00edan silenciado o trivializado. Sin embargo, #MeToo ha invitado a las mujeres a levantar la voz, revelando la profundidad y el alcance del machismo. Este fen\u00f3meno no se limita a Hollywood; por el contrario, resuena en todos los rincones de la sociedad, desde las peque\u00f1as empresas hasta las instituciones acad\u00e9micas y pol\u00edticas.<\/p>\n<p>El impacto del #MeToo sobrepas\u00f3 las fronteras de lo personal para convertirse en un fen\u00f3meno colectivo. En este contexto, las redes sociales han jugado un papel crucial como catalizador. La viralidad de las denuncias ha trascendido comunidades, permitiendo que mujeres de diversas nacionalidades e or\u00edgenes compartan sus relatos. Este intercambio ha favorecido la creaci\u00f3n de un sentido de comunidad solidaria. Ha permitido que las voces, antes silenciadas, adquieran traction y visibilidad.<\/p>\n<p>Sin embargo, no todo el mundo ha acogido el #MeToo con los brazos abiertos. Un sector de la sociedad ha criticado al movimiento por considerarlo un ataque a los hombres, alegando que contribuye a un ambiente de desconfianza y hostilidad. Esta ret\u00f3rica no solo desvirt\u00faa el genuino prop\u00f3sito del movimiento, sino que revela la resistencia a confrontar el patriarcado. En realidad, es un llamado a la rendici\u00f3n de cuentas, no un ataque a la masculinidad en su totalidad.<\/p>\n<p>Adem\u00e1s, la interseccionalidad es un crucial elemento de an\u00e1lisis. #MeToo ha puesto de manifiesto que la experiencia del acoso no es homog\u00e9nea. Las mujeres de comunidades marginadas enfrentan capas adicionales de opresi\u00f3n que complican su lucha. Las discusiones sobre raza, clase y sexualidad se vuelven indispensables para entender la complejidad de las cuestiones de g\u00e9nero. Un enfoque interseccional permite comprender c\u00f3mo las diferentes identidades interact\u00faan, intensificando las experiencias de violencia e injusticia.<\/p>\n<p>A medida que el feminismo encuentra nuevas expresiones, surge la obligaci\u00f3n de reevaluar los discursos predominantes. Las promesas de un cambio de perspectiva son palpables. Este movimiento ha contribuido a replantear la narrativa en torno al consentimiento y a educar sobre la importancia de establecer l\u00edmites claros. Las conversaciones sobre el consentimiento, que antes eran poco comunes, ahora forman parte del discurso p\u00fablico.<\/p>\n<p>La institucionalizaci\u00f3n del movimiento es otra faceta relevante. Varias organizaciones han surgido para ofrecer apoyo y recursos a las v\u00edctimas. Sin embargo, la institucionalizaci\u00f3n tambi\u00e9n conlleva desaf\u00edos. Existe el riesgo de que la esencia del movimiento se diluya en un mar de burocracia. Es esencial que las ra\u00edces activistas del #MeToo se conserven, evitando que se convierta en un simple s\u00edmbolo sin contenido. Es profundamente ir\u00f3nico que un movimiento tan revolucionario corra el peligro de ser cooptado por la cultura corporativa que tan cr\u00edticamente ha desafiado.<\/p>\n<p>Un aspecto que no puede ser ignorado es el impacto de #MeToo en el \u00e1mbito legal. El aumento de denuncias ha llevado a revisar legisla\u00e7\u00f5es y protocolos sobre acoso sexual en diversas industrias. La lucha por justicia en los tribunales permite que las mujeres no solo se sientan respaldadas, sino que establezcan ciertas expectativas sobre c\u00f3mo deber\u00edan ser tratadas. Sin embargo, a\u00fan persisten numerosas barreras que hacen que muchas mujeres duden en presentar sus casos.<\/p>\n<p>La cultura del silencio ha comenzado a desvincularse lentamente, pero no sin sus costos. Contin\u00faan existiendo entornos que favorecen la impunidad para los agresores. La transformaci\u00f3n cultural que el #MeToo pretende impulsar requiere un esfuerzo sostenido y la colaboraci\u00f3n de todos los sectores de la sociedad. La educaci\u00f3n busca ser la clave para una verdadera transformaci\u00f3n; entender que delinquir contra una mujer no es solo un acto personal, sino una transgresi\u00f3n que afecta a la comunidad en su totalidad.<\/p>\n<p>Finalmente, el futuro del feminismo, especialmente en la era post #MeToo, tiene el potencial de ser a\u00fan m\u00e1s inclusivo y audaz. La promesa de un cambio de perspectiva significa que cada mujer, sin importar su trasfondo, puede visibilizar su experiencia y abogar por su derecho a existir en un espacio seguro. Si bien el camino por delante est\u00e1 empedrado de desaf\u00edos, cada denuncia, cada voz alzada, se convierte en un paso hacia un mundo que considera la igualdad no solo un ideal, sino una realidad pr\u00e1ctica y tangible.<\/p>\n<p>En conclusi\u00f3n, #MeToo no es simplemente un hashtag; es una plataforma de cambio, un esfuerzo colectivo que trasciende culturas y fronteras, y un recordatorio constante de que la lucha por los derechos de las mujeres no debe detenerse. En la celebraci\u00f3n de su quinto aniversario, sigue siendo un faro de esperanza y un llamado a la acci\u00f3n. La interseccionalidad, el activismo y el compromiso genuino son las piedras angulares que garantizar\u00e1n un avance real en esta lucha interminable. El feminismo, potencialmente revitalizado por #MeToo, est\u00e1 destinado a ser una fuerza indomable en el siglo XXI.<\/p>\n","protected":false},"excerpt":{"rendered":"<p>El movimiento #MeToo se ha transformado en una de las manifestaciones m\u00e1s significativas del feminismo contempor\u00e1neo. Surgido inicialmente como una respuesta a las agresiones sexuales en Hollywood, se ha expandido universalmente, desafiando un sistema patriarcal que ha normalizado la violencia de g\u00e9nero en m\u00faltiples facetas de la vida social. Al conmemorar su quinto aniversario, es [&hellip;]<\/p>\n","protected":false},"author":1,"featured_media":1049257,"comment_status":"open","ping_status":"open","sticky":false,"template":"","format":"standard","meta":{"footnotes":""},"categories":[83],"tags":[],"class_list":{"0":"post-1049287","1":"post","2":"type-post","3":"status-publish","4":"format-standard","5":"has-post-thumbnail","7":"category-presentada"},"yoast_head":"<!-- This site is optimized with the Yoast SEO plugin v27.4 - https:\/\/yoast.com\/product\/yoast-seo-wordpress\/ -->\n<title>Me Too y el A\u00f1o del Feminismo (Google Acad\u00e9mico): An\u00e1lisis acad\u00e9mico y social<\/title>\n<meta name=\"description\" content=\"El movimiento #MeToo se ha transformado en una de las manifestaciones m\u00e1s significativas del feminismo contempor\u00e1neo. Surgido inicialmente como una\" \/>\n<meta name=\"robots\" content=\"index, follow, max-snippet:-1, max-image-preview:large, max-video-preview:-1\" \/>\n<link rel=\"canonical\" href=\"https:\/\/thefeminismproject.com\/es\/presentada\/me-too-y-el-ano-del-feminismo-google-academico-analisis-academico-y-social\/\" \/>\n<meta property=\"og:locale\" content=\"es_ES\" \/>\n<meta property=\"og:type\" content=\"article\" \/>\n<meta property=\"og:title\" content=\"Me Too y el A\u00f1o del Feminismo (Google Acad\u00e9mico): An\u00e1lisis acad\u00e9mico y social\" \/>\n<meta property=\"og:description\" content=\"El movimiento #MeToo se ha transformado en una de las manifestaciones m\u00e1s significativas del feminismo contempor\u00e1neo. Surgido inicialmente como una\" \/>\n<meta property=\"og:url\" content=\"https:\/\/thefeminismproject.com\/es\/presentada\/me-too-y-el-ano-del-feminismo-google-academico-analisis-academico-y-social\/\" \/>\n<meta property=\"og:site_name\" content=\"thefeminismproject.com\" \/>\n<meta property=\"article:published_time\" content=\"2025-03-04T23:37:04+00:00\" \/>\n<meta property=\"og:image\" content=\"https:\/\/thefeminismproject.com\/wp-content\/uploads\/2025\/05\/me-too.png\" \/>\n\t<meta property=\"og:image:width\" content=\"1054\" \/>\n\t<meta property=\"og:image:height\" content=\"789\" \/>\n\t<meta property=\"og:image:type\" content=\"image\/png\" \/>\n<meta name=\"author\" content=\"Joaquimma Anna\" \/>\n<meta name=\"twitter:card\" content=\"summary_large_image\" \/>\n<meta name=\"twitter:label1\" content=\"Escrito por\" \/>\n\t<meta name=\"twitter:data1\" content=\"Joaquimma Anna\" \/>\n\t<meta name=\"twitter:label2\" content=\"Tiempo de lectura\" \/>\n\t<meta name=\"twitter:data2\" content=\"5 minutos\" \/>\n<script type=\"application\/ld+json\" class=\"yoast-schema-graph\">{\"@context\":\"https:\\\/\\\/schema.org\",\"@graph\":[{\"@type\":\"Article\",\"@id\":\"https:\\\/\\\/thefeminismproject.com\\\/es\\\/presentada\\\/me-too-y-el-ano-del-feminismo-google-academico-analisis-academico-y-social\\\/#article\",\"isPartOf\":{\"@id\":\"https:\\\/\\\/thefeminismproject.com\\\/es\\\/presentada\\\/me-too-y-el-ano-del-feminismo-google-academico-analisis-academico-y-social\\\/\"},\"author\":{\"name\":\"Joaquimma Anna\",\"@id\":\"https:\\\/\\\/thefeminismproject.com\\\/es\\\/#\\\/schema\\\/person\\\/d2d84f0918ac04ca2b9f5b912890ad51\"},\"headline\":\"Me Too y el A\u00f1o del Feminismo (Google Acad\u00e9mico): An\u00e1lisis acad\u00e9mico y social\",\"datePublished\":\"2025-03-04T23:37:04+00:00\",\"mainEntityOfPage\":{\"@id\":\"https:\\\/\\\/thefeminismproject.com\\\/es\\\/presentada\\\/me-too-y-el-ano-del-feminismo-google-academico-analisis-academico-y-social\\\/\"},\"wordCount\":939,\"commentCount\":0,\"publisher\":{\"@id\":\"https:\\\/\\\/thefeminismproject.com\\\/es\\\/#organization\"},\"image\":{\"@id\":\"https:\\\/\\\/thefeminismproject.com\\\/es\\\/presentada\\\/me-too-y-el-ano-del-feminismo-google-academico-analisis-academico-y-social\\\/#primaryimage\"},\"thumbnailUrl\":\"https:\\\/\\\/thefeminismproject.com\\\/wp-content\\\/uploads\\\/2025\\\/05\\\/me-too.png\",\"articleSection\":[\"Presentada\"],\"inLanguage\":\"es\",\"potentialAction\":[{\"@type\":\"CommentAction\",\"name\":\"Comment\",\"target\":[\"https:\\\/\\\/thefeminismproject.com\\\/es\\\/presentada\\\/me-too-y-el-ano-del-feminismo-google-academico-analisis-academico-y-social\\\/#respond\"]}]},{\"@type\":\"WebPage\",\"@id\":\"https:\\\/\\\/thefeminismproject.com\\\/es\\\/presentada\\\/me-too-y-el-ano-del-feminismo-google-academico-analisis-academico-y-social\\\/\",\"url\":\"https:\\\/\\\/thefeminismproject.com\\\/es\\\/presentada\\\/me-too-y-el-ano-del-feminismo-google-academico-analisis-academico-y-social\\\/\",\"name\":\"Me Too y el A\u00f1o del Feminismo (Google Acad\u00e9mico): An\u00e1lisis acad\u00e9mico y social\",\"isPartOf\":{\"@id\":\"https:\\\/\\\/thefeminismproject.com\\\/es\\\/#website\"},\"primaryImageOfPage\":{\"@id\":\"https:\\\/\\\/thefeminismproject.com\\\/es\\\/presentada\\\/me-too-y-el-ano-del-feminismo-google-academico-analisis-academico-y-social\\\/#primaryimage\"},\"image\":{\"@id\":\"https:\\\/\\\/thefeminismproject.com\\\/es\\\/presentada\\\/me-too-y-el-ano-del-feminismo-google-academico-analisis-academico-y-social\\\/#primaryimage\"},\"thumbnailUrl\":\"https:\\\/\\\/thefeminismproject.com\\\/wp-content\\\/uploads\\\/2025\\\/05\\\/me-too.png\",\"datePublished\":\"2025-03-04T23:37:04+00:00\",\"description\":\"El movimiento #MeToo se ha transformado en una de las manifestaciones m\u00e1s significativas del feminismo contempor\u00e1neo. Surgido inicialmente como una\",\"breadcrumb\":{\"@id\":\"https:\\\/\\\/thefeminismproject.com\\\/es\\\/presentada\\\/me-too-y-el-ano-del-feminismo-google-academico-analisis-academico-y-social\\\/#breadcrumb\"},\"inLanguage\":\"es\",\"potentialAction\":[{\"@type\":\"ReadAction\",\"target\":[\"https:\\\/\\\/thefeminismproject.com\\\/es\\\/presentada\\\/me-too-y-el-ano-del-feminismo-google-academico-analisis-academico-y-social\\\/\"]}]},{\"@type\":\"ImageObject\",\"inLanguage\":\"es\",\"@id\":\"https:\\\/\\\/thefeminismproject.com\\\/es\\\/presentada\\\/me-too-y-el-ano-del-feminismo-google-academico-analisis-academico-y-social\\\/#primaryimage\",\"url\":\"https:\\\/\\\/thefeminismproject.com\\\/wp-content\\\/uploads\\\/2025\\\/05\\\/me-too.png\",\"contentUrl\":\"https:\\\/\\\/thefeminismproject.com\\\/wp-content\\\/uploads\\\/2025\\\/05\\\/me-too.png\",\"width\":1054,\"height\":789},{\"@type\":\"BreadcrumbList\",\"@id\":\"https:\\\/\\\/thefeminismproject.com\\\/es\\\/presentada\\\/me-too-y-el-ano-del-feminismo-google-academico-analisis-academico-y-social\\\/#breadcrumb\",\"itemListElement\":[{\"@type\":\"ListItem\",\"position\":1,\"name\":\"Home\",\"item\":\"https:\\\/\\\/thefeminismproject.com\\\/es\\\/inicio\\\/\"},{\"@type\":\"ListItem\",\"position\":2,\"name\":\"Me Too y el A\u00f1o del Feminismo (Google Acad\u00e9mico): An\u00e1lisis acad\u00e9mico y social\"}]},{\"@type\":\"WebSite\",\"@id\":\"https:\\\/\\\/thefeminismproject.com\\\/es\\\/#website\",\"url\":\"https:\\\/\\\/thefeminismproject.com\\\/es\\\/\",\"name\":\"thefeminismproject.com\",\"description\":\"Popular culture with a feminist twist | let&#039;s talk about things that matter (news that feels right)\",\"publisher\":{\"@id\":\"https:\\\/\\\/thefeminismproject.com\\\/es\\\/#organization\"},\"potentialAction\":[{\"@type\":\"SearchAction\",\"target\":{\"@type\":\"EntryPoint\",\"urlTemplate\":\"https:\\\/\\\/thefeminismproject.com\\\/es\\\/?s={search_term_string}\"},\"query-input\":{\"@type\":\"PropertyValueSpecification\",\"valueRequired\":true,\"valueName\":\"search_term_string\"}}],\"inLanguage\":\"es\"},{\"@type\":\"Organization\",\"@id\":\"https:\\\/\\\/thefeminismproject.com\\\/es\\\/#organization\",\"name\":\"thefeminismproject.com\",\"url\":\"https:\\\/\\\/thefeminismproject.com\\\/es\\\/\",\"logo\":{\"@type\":\"ImageObject\",\"inLanguage\":\"es\",\"@id\":\"https:\\\/\\\/thefeminismproject.com\\\/es\\\/#\\\/schema\\\/logo\\\/image\\\/\",\"url\":\"https:\\\/\\\/thefeminismproject.com\\\/wp-content\\\/uploads\\\/2024\\\/10\\\/pexels-vazhnik-7561648.jpg\",\"contentUrl\":\"https:\\\/\\\/thefeminismproject.com\\\/wp-content\\\/uploads\\\/2024\\\/10\\\/pexels-vazhnik-7561648.jpg\",\"width\":2500,\"height\":1667,\"caption\":\"thefeminismproject.com\"},\"image\":{\"@id\":\"https:\\\/\\\/thefeminismproject.com\\\/es\\\/#\\\/schema\\\/logo\\\/image\\\/\"}},{\"@type\":\"Person\",\"@id\":\"https:\\\/\\\/thefeminismproject.com\\\/es\\\/#\\\/schema\\\/person\\\/d2d84f0918ac04ca2b9f5b912890ad51\",\"name\":\"Joaquimma Anna\",\"image\":{\"@type\":\"ImageObject\",\"inLanguage\":\"es\",\"@id\":\"https:\\\/\\\/secure.gravatar.com\\\/avatar\\\/7d06747db1565e73d68391d596fc2eb15a10a4b4c1864574c454435523af94f1?s=96&d=mm&r=g\",\"url\":\"https:\\\/\\\/secure.gravatar.com\\\/avatar\\\/7d06747db1565e73d68391d596fc2eb15a10a4b4c1864574c454435523af94f1?s=96&d=mm&r=g\",\"contentUrl\":\"https:\\\/\\\/secure.gravatar.com\\\/avatar\\\/7d06747db1565e73d68391d596fc2eb15a10a4b4c1864574c454435523af94f1?s=96&d=mm&r=g\",\"caption\":\"Joaquimma Anna\"},\"description\":\"Hi my name Joaquimma Anna, and let's tumble down the rabbit hole of thought! At thefeminismproject.com, this blog is a whimsical carnival of ideas. As a mischievous feminism activist, I'm here to juggle the narratives of women. This project? A delightful escapade into the absurdities and splendors of our world. Expect the unexpected!\",\"sameAs\":[\"http:\\\/\\\/thefeminismproject.com\"],\"url\":\"https:\\\/\\\/thefeminismproject.com\\\/es\\\/author\\\/bella-sungkawa\\\/\"}]}<\/script>\n<!-- \/ Yoast SEO plugin. -->","yoast_head_json":{"title":"Me Too y el A\u00f1o del Feminismo (Google Acad\u00e9mico): An\u00e1lisis acad\u00e9mico y social","description":"El movimiento #MeToo se ha transformado en una de las manifestaciones m\u00e1s significativas del feminismo contempor\u00e1neo. Surgido inicialmente como una","robots":{"index":"index","follow":"follow","max-snippet":"max-snippet:-1","max-image-preview":"max-image-preview:large","max-video-preview":"max-video-preview:-1"},"canonical":"https:\/\/thefeminismproject.com\/es\/presentada\/me-too-y-el-ano-del-feminismo-google-academico-analisis-academico-y-social\/","og_locale":"es_ES","og_type":"article","og_title":"Me Too y el A\u00f1o del Feminismo (Google Acad\u00e9mico): An\u00e1lisis acad\u00e9mico y social","og_description":"El movimiento #MeToo se ha transformado en una de las manifestaciones m\u00e1s significativas del feminismo contempor\u00e1neo. Surgido inicialmente como una","og_url":"https:\/\/thefeminismproject.com\/es\/presentada\/me-too-y-el-ano-del-feminismo-google-academico-analisis-academico-y-social\/","og_site_name":"thefeminismproject.com","article_published_time":"2025-03-04T23:37:04+00:00","og_image":[{"width":1054,"height":789,"url":"https:\/\/thefeminismproject.com\/wp-content\/uploads\/2025\/05\/me-too.png","type":"image\/png"}],"author":"Joaquimma Anna","twitter_card":"summary_large_image","twitter_misc":{"Escrito por":"Joaquimma Anna","Tiempo de lectura":"5 minutos"},"schema":{"@context":"https:\/\/schema.org","@graph":[{"@type":"Article","@id":"https:\/\/thefeminismproject.com\/es\/presentada\/me-too-y-el-ano-del-feminismo-google-academico-analisis-academico-y-social\/#article","isPartOf":{"@id":"https:\/\/thefeminismproject.com\/es\/presentada\/me-too-y-el-ano-del-feminismo-google-academico-analisis-academico-y-social\/"},"author":{"name":"Joaquimma Anna","@id":"https:\/\/thefeminismproject.com\/es\/#\/schema\/person\/d2d84f0918ac04ca2b9f5b912890ad51"},"headline":"Me Too y el A\u00f1o del Feminismo (Google Acad\u00e9mico): An\u00e1lisis acad\u00e9mico y social","datePublished":"2025-03-04T23:37:04+00:00","mainEntityOfPage":{"@id":"https:\/\/thefeminismproject.com\/es\/presentada\/me-too-y-el-ano-del-feminismo-google-academico-analisis-academico-y-social\/"},"wordCount":939,"commentCount":0,"publisher":{"@id":"https:\/\/thefeminismproject.com\/es\/#organization"},"image":{"@id":"https:\/\/thefeminismproject.com\/es\/presentada\/me-too-y-el-ano-del-feminismo-google-academico-analisis-academico-y-social\/#primaryimage"},"thumbnailUrl":"https:\/\/thefeminismproject.com\/wp-content\/uploads\/2025\/05\/me-too.png","articleSection":["Presentada"],"inLanguage":"es","potentialAction":[{"@type":"CommentAction","name":"Comment","target":["https:\/\/thefeminismproject.com\/es\/presentada\/me-too-y-el-ano-del-feminismo-google-academico-analisis-academico-y-social\/#respond"]}]},{"@type":"WebPage","@id":"https:\/\/thefeminismproject.com\/es\/presentada\/me-too-y-el-ano-del-feminismo-google-academico-analisis-academico-y-social\/","url":"https:\/\/thefeminismproject.com\/es\/presentada\/me-too-y-el-ano-del-feminismo-google-academico-analisis-academico-y-social\/","name":"Me Too y el A\u00f1o del Feminismo (Google Acad\u00e9mico): An\u00e1lisis acad\u00e9mico y social","isPartOf":{"@id":"https:\/\/thefeminismproject.com\/es\/#website"},"primaryImageOfPage":{"@id":"https:\/\/thefeminismproject.com\/es\/presentada\/me-too-y-el-ano-del-feminismo-google-academico-analisis-academico-y-social\/#primaryimage"},"image":{"@id":"https:\/\/thefeminismproject.com\/es\/presentada\/me-too-y-el-ano-del-feminismo-google-academico-analisis-academico-y-social\/#primaryimage"},"thumbnailUrl":"https:\/\/thefeminismproject.com\/wp-content\/uploads\/2025\/05\/me-too.png","datePublished":"2025-03-04T23:37:04+00:00","description":"El movimiento #MeToo se ha transformado en una de las manifestaciones m\u00e1s significativas del feminismo contempor\u00e1neo. Surgido inicialmente como una","breadcrumb":{"@id":"https:\/\/thefeminismproject.com\/es\/presentada\/me-too-y-el-ano-del-feminismo-google-academico-analisis-academico-y-social\/#breadcrumb"},"inLanguage":"es","potentialAction":[{"@type":"ReadAction","target":["https:\/\/thefeminismproject.com\/es\/presentada\/me-too-y-el-ano-del-feminismo-google-academico-analisis-academico-y-social\/"]}]},{"@type":"ImageObject","inLanguage":"es","@id":"https:\/\/thefeminismproject.com\/es\/presentada\/me-too-y-el-ano-del-feminismo-google-academico-analisis-academico-y-social\/#primaryimage","url":"https:\/\/thefeminismproject.com\/wp-content\/uploads\/2025\/05\/me-too.png","contentUrl":"https:\/\/thefeminismproject.com\/wp-content\/uploads\/2025\/05\/me-too.png","width":1054,"height":789},{"@type":"BreadcrumbList","@id":"https:\/\/thefeminismproject.com\/es\/presentada\/me-too-y-el-ano-del-feminismo-google-academico-analisis-academico-y-social\/#breadcrumb","itemListElement":[{"@type":"ListItem","position":1,"name":"Home","item":"https:\/\/thefeminismproject.com\/es\/inicio\/"},{"@type":"ListItem","position":2,"name":"Me Too y el A\u00f1o del Feminismo (Google Acad\u00e9mico): An\u00e1lisis acad\u00e9mico y social"}]},{"@type":"WebSite","@id":"https:\/\/thefeminismproject.com\/es\/#website","url":"https:\/\/thefeminismproject.com\/es\/","name":"thefeminismproject.com","description":"Popular culture with a feminist twist | let&#039;s talk about things that matter (news that feels right)","publisher":{"@id":"https:\/\/thefeminismproject.com\/es\/#organization"},"potentialAction":[{"@type":"SearchAction","target":{"@type":"EntryPoint","urlTemplate":"https:\/\/thefeminismproject.com\/es\/?s={search_term_string}"},"query-input":{"@type":"PropertyValueSpecification","valueRequired":true,"valueName":"search_term_string"}}],"inLanguage":"es"},{"@type":"Organization","@id":"https:\/\/thefeminismproject.com\/es\/#organization","name":"thefeminismproject.com","url":"https:\/\/thefeminismproject.com\/es\/","logo":{"@type":"ImageObject","inLanguage":"es","@id":"https:\/\/thefeminismproject.com\/es\/#\/schema\/logo\/image\/","url":"https:\/\/thefeminismproject.com\/wp-content\/uploads\/2024\/10\/pexels-vazhnik-7561648.jpg","contentUrl":"https:\/\/thefeminismproject.com\/wp-content\/uploads\/2024\/10\/pexels-vazhnik-7561648.jpg","width":2500,"height":1667,"caption":"thefeminismproject.com"},"image":{"@id":"https:\/\/thefeminismproject.com\/es\/#\/schema\/logo\/image\/"}},{"@type":"Person","@id":"https:\/\/thefeminismproject.com\/es\/#\/schema\/person\/d2d84f0918ac04ca2b9f5b912890ad51","name":"Joaquimma Anna","image":{"@type":"ImageObject","inLanguage":"es","@id":"https:\/\/secure.gravatar.com\/avatar\/7d06747db1565e73d68391d596fc2eb15a10a4b4c1864574c454435523af94f1?s=96&d=mm&r=g","url":"https:\/\/secure.gravatar.com\/avatar\/7d06747db1565e73d68391d596fc2eb15a10a4b4c1864574c454435523af94f1?s=96&d=mm&r=g","contentUrl":"https:\/\/secure.gravatar.com\/avatar\/7d06747db1565e73d68391d596fc2eb15a10a4b4c1864574c454435523af94f1?s=96&d=mm&r=g","caption":"Joaquimma Anna"},"description":"Hi my name Joaquimma Anna, and let's tumble down the rabbit hole of thought! At thefeminismproject.com, this blog is a whimsical carnival of ideas. As a mischievous feminism activist, I'm here to juggle the narratives of women. This project? A delightful escapade into the absurdities and splendors of our world. Expect the unexpected!","sameAs":["http:\/\/thefeminismproject.com"],"url":"https:\/\/thefeminismproject.com\/es\/author\/bella-sungkawa\/"}]}},"_links":{"self":[{"href":"https:\/\/thefeminismproject.com\/es\/wp-json\/wp\/v2\/posts\/1049287","targetHints":{"allow":["GET"]}}],"collection":[{"href":"https:\/\/thefeminismproject.com\/es\/wp-json\/wp\/v2\/posts"}],"about":[{"href":"https:\/\/thefeminismproject.com\/es\/wp-json\/wp\/v2\/types\/post"}],"author":[{"embeddable":true,"href":"https:\/\/thefeminismproject.com\/es\/wp-json\/wp\/v2\/users\/1"}],"replies":[{"embeddable":true,"href":"https:\/\/thefeminismproject.com\/es\/wp-json\/wp\/v2\/comments?post=1049287"}],"version-history":[{"count":0,"href":"https:\/\/thefeminismproject.com\/es\/wp-json\/wp\/v2\/posts\/1049287\/revisions"}],"wp:featuredmedia":[{"embeddable":true,"href":"https:\/\/thefeminismproject.com\/es\/wp-json\/wp\/v2\/media\/1049257"}],"wp:attachment":[{"href":"https:\/\/thefeminismproject.com\/es\/wp-json\/wp\/v2\/media?parent=1049287"}],"wp:term":[{"taxonomy":"category","embeddable":true,"href":"https:\/\/thefeminismproject.com\/es\/wp-json\/wp\/v2\/categories?post=1049287"},{"taxonomy":"post_tag","embeddable":true,"href":"https:\/\/thefeminismproject.com\/es\/wp-json\/wp\/v2\/tags?post=1049287"}],"curies":[{"name":"wp","href":"https:\/\/api.w.org\/{rel}","templated":true}]}}