{"id":1049336,"date":"2025-05-07T08:12:21","date_gmt":"2025-05-07T08:12:21","guid":{"rendered":"https:\/\/thefeminismproject.com\/sin-categoria\/para-que-es-la-huelga-feminista-del-8-m-detras-de-la-movilizacion-mundial\/"},"modified":"2025-05-07T08:12:21","modified_gmt":"2025-05-07T08:12:21","slug":"para-que-es-la-huelga-feminista-del-8-m-detras-de-la-movilizacion-mundial","status":"publish","type":"post","link":"https:\/\/thefeminismproject.com\/es\/presentada\/para-que-es-la-huelga-feminista-del-8-m-detras-de-la-movilizacion-mundial\/","title":{"rendered":"\u00bfPara qu\u00e9 es la huelga feminista del 8-M? Detr\u00e1s de la movilizaci\u00f3n mundial"},"content":{"rendered":"<p>\u00bfPara qu\u00e9 es la huelga feminista del 8-M? Esta pregunta resuena en cada rinc\u00f3n del mundo donde las mujeres, junto a aliados, se levantan para alzar sus voces en un aluvi\u00f3n de demandas. Este fen\u00f3meno no es simplemente un grito aislado, sino un complejo entramado de luchas, derechos y reivindicaciones que se entrelazan para construir un futuro m\u00e1s equitativo. Cada a\u00f1o, el 8 de marzo, se convierte en un escenario global donde se visibilizan las injusticias que nos oprimen y los logros que a\u00fan son una quimera.<\/p>\n<p>La movilizaci\u00f3n mundial del 8-M tiene su origen en la necesidad de confrontar la persistente desigualdad de g\u00e9nero que permea todos los estratos sociales. No se trata solo de una jornada de paro o de manifestaciones. Es un llamado a la acci\u00f3n para desenmascarar las estructuras patriarcales que contin\u00faan perpetuando la violencia, la explotaci\u00f3n y la discriminaci\u00f3n. \u00bfQu\u00e9 pasar\u00eda si un d\u00eda nos detuvi\u00e9ramos a pensar en la magnitud de lo que realmente significa esta huelga? \u00bfPodr\u00edamos realmente absorber la esencia de un movimiento que busca cambiar el rumbo de la historia?<\/p>\n<p>Desde su inicio, el 8-M ha evolucionado; ha trascendido las fronteras nacionales y ha resonado en diversos contextos culturales. En pa\u00edses donde las mujeres todav\u00eda son vistas como ciudadanos de segunda clase, la huelga feminista se erige como un acto audaz de resistencia. Las mujeres no solo se niegan a trabajar, sino que tambi\u00e9n se desaf\u00edan a s\u00ed mismas a cuestionar y a reimaginar sus roles dentro de la sociedad. En este sentido, la huelga no solo busca visibilizar problemas; plantea alternativas. La esencia de la huelga reside en la interrogante: \u00bfcu\u00e1ntas vidas podr\u00edamos transformar si realmente tom\u00e1ramos la decisi\u00f3n de parar?<\/p>\n<p>Sin embargo, el 8-M no es una celebraci\u00f3n, es una rendici\u00f3n de cuentas. La indignaci\u00f3n que se siente en el aire es la acumulaci\u00f3n de a\u00f1os de invisibilidad y desd\u00e9n hacia el sufrimiento de las mujeres. Desde el acoso en las calles hasta la violaci\u00f3n sistem\u00e1tica de los derechos humanos, toda mujer ha coleccionado historias que demandan ser escuchadas. Pero aqu\u00ed surge un desaf\u00edo: \u00bfc\u00f3mo canalizamos esta indignaci\u00f3n hacia una soluci\u00f3n efectiva? En lugar de convertir la rabia en desesperanza, es fundamental que la transformemos en una energ\u00eda propulsora de cambio.<\/p>\n<p>La huelga feminista del 8-M tambi\u00e9n act\u00faa como un term\u00f3metro social. Nos invita a reflexionar sobre el grado de avance que hemos logrado, pero tambi\u00e9n sobre las barreras que siguen en pie. En muchos lugares, las discusiones alrededor del feminismo han sido desvirtuadas, reducidas a un mero fen\u00f3meno de moda. Este es otro de los desaf\u00edos a los que nos enfrentamos. La profundizaci\u00f3n del debate sobre el feminismo, lejos de las trivialidades, es esencial para navegar por la complejidad del movimiento. Preguntar qu\u00e9 significa realmente ser feminista hoy, y c\u00f3mo esto se traduce en acciones concretas, es vital para nuestro progreso.<\/p>\n<p>Las reivindicaciones del 8-M son diversas. Abarcan desde la lucha contra el acoso sexual hasta la exigencia de igualdad salarial. \u00a1F\u00edjate en la iron\u00eda de que a estas alturas del siglo XXI todav\u00eda haya que exigir algo tan b\u00e1sico! Se nos ha dicho que vivimos en una era moderna, pero las cifras de violencia de g\u00e9nero y desigualdad son un recordatorio brutal de que estamos atrapadas en el pasado. \u00bfPor qu\u00e9 la sociedad parece escandalizarse m\u00e1s ante el ruido de una marcha que ante la realidad de una mujer asesinada por su pareja? Este es el tipo de cuestionamientos que surgen en el marco del 8-M, y es responsabilidad de cada uno de nosotros confrontar estas verdades inc\u00f3modas.<\/p>\n<p>No obstante, una de las cr\u00edticas m\u00e1s da\u00f1inas hacia el 8-M es la acusaci\u00f3n de ser un evento que solo representa a mujeres privilegiadas. Esto plantea un dilema apremiante: \u00bfc\u00f3mo incluimos todas las voces en esta narrativa? Es imperativo que el feminismo sea interseccional, que reconozca las luchas espec\u00edficas de mujeres de diversas etnias, clases sociales y orientaciones sexuales. La inclusi\u00f3n no es solo un lema, sino una necesidad urgente. Una huelga que no represente a todas es una huelga que pierde su esencia. \u00bfEstamos dispuestos a abrazar las diferencias y a trabajar colectivamente hacia la equidad?<\/p>\n<p>La consecuencia inmediata de la huelga del 8-M es la creaci\u00f3n de un espacio donde la voz femenina se eleva y resuena. Pero, \u00bfqu\u00e9 sigue despu\u00e9s? La movilizaci\u00f3n no puede convertirse en un mero acto perform\u00e1tico; debe traducirse en acciones colectivas sostenibles que promuevan cambios legislativos, culturales y sociales. En vez de ser un d\u00eda marcado en el calendario, debe ser un recordatorio constante de que la lucha feminista no cede, no descansa y no se detiene.<\/p>\n<p>En conclusi\u00f3n, la huelga feminista del 8-M no es simplemente un acto de protesta. Es un grito de resistencia, un clamor por la justicia y una celebraci\u00f3n de la fuerza colectiva. Cada a\u00f1o, millones de mujeres y hombres se unen en esta jornada, desafiando el status quo y exigiendo un mundo m\u00e1s justo. La pregunta que queda en el aire es: \u00bfestamos listos para sostener la antorcha del cambio? La respuesta depende de cada uno de nosotros y de c\u00f3mo decidamos actuar m\u00e1s all\u00e1 del 8 de marzo.<\/p>\n","protected":false},"excerpt":{"rendered":"<p>\u00bfPara qu\u00e9 es la huelga feminista del 8-M? Esta pregunta resuena en cada rinc\u00f3n del mundo donde las mujeres, junto a aliados, se levantan para alzar sus voces en un aluvi\u00f3n de demandas. Este fen\u00f3meno no es simplemente un grito aislado, sino un complejo entramado de luchas, derechos y reivindicaciones que se entrelazan para construir [&hellip;]<\/p>\n","protected":false},"author":1,"featured_media":1042622,"comment_status":"open","ping_status":"open","sticky":false,"template":"","format":"standard","meta":{"footnotes":""},"categories":[83],"tags":[],"class_list":{"0":"post-1049336","1":"post","2":"type-post","3":"status-publish","4":"format-standard","5":"has-post-thumbnail","7":"category-presentada"},"yoast_head":"<!-- This site is optimized with the Yoast SEO plugin v27.4 - https:\/\/yoast.com\/product\/yoast-seo-wordpress\/ -->\n<title>\u00bfPara qu\u00e9 es la huelga feminista del 8-M? Detr\u00e1s de la movilizaci\u00f3n mundial<\/title>\n<meta name=\"description\" content=\"\u00bfPara qu\u00e9 es la huelga feminista del 8-M? Esta pregunta resuena en cada rinc\u00f3n del mundo donde las mujeres, junto a aliados, se levantan para alzar sus\" \/>\n<meta name=\"robots\" content=\"index, follow, max-snippet:-1, max-image-preview:large, max-video-preview:-1\" \/>\n<link rel=\"canonical\" href=\"https:\/\/thefeminismproject.com\/es\/presentada\/para-que-es-la-huelga-feminista-del-8-m-detras-de-la-movilizacion-mundial\/\" \/>\n<meta property=\"og:locale\" content=\"es_ES\" \/>\n<meta property=\"og:type\" content=\"article\" \/>\n<meta property=\"og:title\" content=\"\u00bfPara qu\u00e9 es la huelga feminista del 8-M? Detr\u00e1s de la movilizaci\u00f3n mundial\" \/>\n<meta property=\"og:description\" content=\"\u00bfPara qu\u00e9 es la huelga feminista del 8-M? Esta pregunta resuena en cada rinc\u00f3n del mundo donde las mujeres, junto a aliados, se levantan para alzar sus\" \/>\n<meta property=\"og:url\" content=\"https:\/\/thefeminismproject.com\/es\/presentada\/para-que-es-la-huelga-feminista-del-8-m-detras-de-la-movilizacion-mundial\/\" \/>\n<meta property=\"og:site_name\" content=\"thefeminismproject.com\" \/>\n<meta property=\"article:published_time\" content=\"2025-05-07T08:12:21+00:00\" \/>\n<meta property=\"og:image\" content=\"https:\/\/thefeminismproject.com\/wp-content\/uploads\/2025\/04\/huelga_general_feminista_88.jpg\" \/>\n\t<meta property=\"og:image:width\" content=\"980\" \/>\n\t<meta property=\"og:image:height\" content=\"643\" \/>\n\t<meta property=\"og:image:type\" content=\"image\/jpeg\" \/>\n<meta name=\"author\" content=\"Joaquimma Anna\" \/>\n<meta name=\"twitter:card\" content=\"summary_large_image\" \/>\n<meta name=\"twitter:label1\" content=\"Escrito por\" \/>\n\t<meta name=\"twitter:data1\" content=\"Joaquimma Anna\" \/>\n\t<meta name=\"twitter:label2\" content=\"Tiempo de lectura\" \/>\n\t<meta name=\"twitter:data2\" content=\"5 minutos\" \/>\n<script type=\"application\/ld+json\" class=\"yoast-schema-graph\">{\"@context\":\"https:\\\/\\\/schema.org\",\"@graph\":[{\"@type\":\"Article\",\"@id\":\"https:\\\/\\\/thefeminismproject.com\\\/es\\\/presentada\\\/para-que-es-la-huelga-feminista-del-8-m-detras-de-la-movilizacion-mundial\\\/#article\",\"isPartOf\":{\"@id\":\"https:\\\/\\\/thefeminismproject.com\\\/es\\\/presentada\\\/para-que-es-la-huelga-feminista-del-8-m-detras-de-la-movilizacion-mundial\\\/\"},\"author\":{\"name\":\"Joaquimma Anna\",\"@id\":\"https:\\\/\\\/thefeminismproject.com\\\/es\\\/#\\\/schema\\\/person\\\/d2d84f0918ac04ca2b9f5b912890ad51\"},\"headline\":\"\u00bfPara qu\u00e9 es la huelga feminista del 8-M? Detr\u00e1s de la movilizaci\u00f3n mundial\",\"datePublished\":\"2025-05-07T08:12:21+00:00\",\"mainEntityOfPage\":{\"@id\":\"https:\\\/\\\/thefeminismproject.com\\\/es\\\/presentada\\\/para-que-es-la-huelga-feminista-del-8-m-detras-de-la-movilizacion-mundial\\\/\"},\"wordCount\":936,\"commentCount\":0,\"publisher\":{\"@id\":\"https:\\\/\\\/thefeminismproject.com\\\/es\\\/#organization\"},\"image\":{\"@id\":\"https:\\\/\\\/thefeminismproject.com\\\/es\\\/presentada\\\/para-que-es-la-huelga-feminista-del-8-m-detras-de-la-movilizacion-mundial\\\/#primaryimage\"},\"thumbnailUrl\":\"https:\\\/\\\/thefeminismproject.com\\\/wp-content\\\/uploads\\\/2025\\\/04\\\/huelga_general_feminista_88.jpg\",\"articleSection\":[\"Presentada\"],\"inLanguage\":\"es\",\"potentialAction\":[{\"@type\":\"CommentAction\",\"name\":\"Comment\",\"target\":[\"https:\\\/\\\/thefeminismproject.com\\\/es\\\/presentada\\\/para-que-es-la-huelga-feminista-del-8-m-detras-de-la-movilizacion-mundial\\\/#respond\"]}]},{\"@type\":\"WebPage\",\"@id\":\"https:\\\/\\\/thefeminismproject.com\\\/es\\\/presentada\\\/para-que-es-la-huelga-feminista-del-8-m-detras-de-la-movilizacion-mundial\\\/\",\"url\":\"https:\\\/\\\/thefeminismproject.com\\\/es\\\/presentada\\\/para-que-es-la-huelga-feminista-del-8-m-detras-de-la-movilizacion-mundial\\\/\",\"name\":\"\u00bfPara qu\u00e9 es la huelga feminista del 8-M? Detr\u00e1s de la movilizaci\u00f3n mundial\",\"isPartOf\":{\"@id\":\"https:\\\/\\\/thefeminismproject.com\\\/es\\\/#website\"},\"primaryImageOfPage\":{\"@id\":\"https:\\\/\\\/thefeminismproject.com\\\/es\\\/presentada\\\/para-que-es-la-huelga-feminista-del-8-m-detras-de-la-movilizacion-mundial\\\/#primaryimage\"},\"image\":{\"@id\":\"https:\\\/\\\/thefeminismproject.com\\\/es\\\/presentada\\\/para-que-es-la-huelga-feminista-del-8-m-detras-de-la-movilizacion-mundial\\\/#primaryimage\"},\"thumbnailUrl\":\"https:\\\/\\\/thefeminismproject.com\\\/wp-content\\\/uploads\\\/2025\\\/04\\\/huelga_general_feminista_88.jpg\",\"datePublished\":\"2025-05-07T08:12:21+00:00\",\"description\":\"\u00bfPara qu\u00e9 es la huelga feminista del 8-M? Esta pregunta resuena en cada rinc\u00f3n del mundo donde las mujeres, junto a aliados, se levantan para alzar sus\",\"breadcrumb\":{\"@id\":\"https:\\\/\\\/thefeminismproject.com\\\/es\\\/presentada\\\/para-que-es-la-huelga-feminista-del-8-m-detras-de-la-movilizacion-mundial\\\/#breadcrumb\"},\"inLanguage\":\"es\",\"potentialAction\":[{\"@type\":\"ReadAction\",\"target\":[\"https:\\\/\\\/thefeminismproject.com\\\/es\\\/presentada\\\/para-que-es-la-huelga-feminista-del-8-m-detras-de-la-movilizacion-mundial\\\/\"]}]},{\"@type\":\"ImageObject\",\"inLanguage\":\"es\",\"@id\":\"https:\\\/\\\/thefeminismproject.com\\\/es\\\/presentada\\\/para-que-es-la-huelga-feminista-del-8-m-detras-de-la-movilizacion-mundial\\\/#primaryimage\",\"url\":\"https:\\\/\\\/thefeminismproject.com\\\/wp-content\\\/uploads\\\/2025\\\/04\\\/huelga_general_feminista_88.jpg\",\"contentUrl\":\"https:\\\/\\\/thefeminismproject.com\\\/wp-content\\\/uploads\\\/2025\\\/04\\\/huelga_general_feminista_88.jpg\",\"width\":980,\"height\":643},{\"@type\":\"BreadcrumbList\",\"@id\":\"https:\\\/\\\/thefeminismproject.com\\\/es\\\/presentada\\\/para-que-es-la-huelga-feminista-del-8-m-detras-de-la-movilizacion-mundial\\\/#breadcrumb\",\"itemListElement\":[{\"@type\":\"ListItem\",\"position\":1,\"name\":\"Home\",\"item\":\"https:\\\/\\\/thefeminismproject.com\\\/es\\\/inicio\\\/\"},{\"@type\":\"ListItem\",\"position\":2,\"name\":\"\u00bfPara qu\u00e9 es la huelga feminista del 8-M? Detr\u00e1s de la movilizaci\u00f3n mundial\"}]},{\"@type\":\"WebSite\",\"@id\":\"https:\\\/\\\/thefeminismproject.com\\\/es\\\/#website\",\"url\":\"https:\\\/\\\/thefeminismproject.com\\\/es\\\/\",\"name\":\"thefeminismproject.com\",\"description\":\"Popular culture with a feminist twist | let&#039;s talk about things that matter (news that feels right)\",\"publisher\":{\"@id\":\"https:\\\/\\\/thefeminismproject.com\\\/es\\\/#organization\"},\"potentialAction\":[{\"@type\":\"SearchAction\",\"target\":{\"@type\":\"EntryPoint\",\"urlTemplate\":\"https:\\\/\\\/thefeminismproject.com\\\/es\\\/?s={search_term_string}\"},\"query-input\":{\"@type\":\"PropertyValueSpecification\",\"valueRequired\":true,\"valueName\":\"search_term_string\"}}],\"inLanguage\":\"es\"},{\"@type\":\"Organization\",\"@id\":\"https:\\\/\\\/thefeminismproject.com\\\/es\\\/#organization\",\"name\":\"thefeminismproject.com\",\"url\":\"https:\\\/\\\/thefeminismproject.com\\\/es\\\/\",\"logo\":{\"@type\":\"ImageObject\",\"inLanguage\":\"es\",\"@id\":\"https:\\\/\\\/thefeminismproject.com\\\/es\\\/#\\\/schema\\\/logo\\\/image\\\/\",\"url\":\"https:\\\/\\\/thefeminismproject.com\\\/wp-content\\\/uploads\\\/2024\\\/10\\\/pexels-vazhnik-7561648.jpg\",\"contentUrl\":\"https:\\\/\\\/thefeminismproject.com\\\/wp-content\\\/uploads\\\/2024\\\/10\\\/pexels-vazhnik-7561648.jpg\",\"width\":2500,\"height\":1667,\"caption\":\"thefeminismproject.com\"},\"image\":{\"@id\":\"https:\\\/\\\/thefeminismproject.com\\\/es\\\/#\\\/schema\\\/logo\\\/image\\\/\"}},{\"@type\":\"Person\",\"@id\":\"https:\\\/\\\/thefeminismproject.com\\\/es\\\/#\\\/schema\\\/person\\\/d2d84f0918ac04ca2b9f5b912890ad51\",\"name\":\"Joaquimma Anna\",\"image\":{\"@type\":\"ImageObject\",\"inLanguage\":\"es\",\"@id\":\"https:\\\/\\\/secure.gravatar.com\\\/avatar\\\/7d06747db1565e73d68391d596fc2eb15a10a4b4c1864574c454435523af94f1?s=96&d=mm&r=g\",\"url\":\"https:\\\/\\\/secure.gravatar.com\\\/avatar\\\/7d06747db1565e73d68391d596fc2eb15a10a4b4c1864574c454435523af94f1?s=96&d=mm&r=g\",\"contentUrl\":\"https:\\\/\\\/secure.gravatar.com\\\/avatar\\\/7d06747db1565e73d68391d596fc2eb15a10a4b4c1864574c454435523af94f1?s=96&d=mm&r=g\",\"caption\":\"Joaquimma Anna\"},\"description\":\"Hi my name Joaquimma Anna, and let's tumble down the rabbit hole of thought! At thefeminismproject.com, this blog is a whimsical carnival of ideas. As a mischievous feminism activist, I'm here to juggle the narratives of women. This project? A delightful escapade into the absurdities and splendors of our world. Expect the unexpected!\",\"sameAs\":[\"http:\\\/\\\/thefeminismproject.com\"],\"url\":\"https:\\\/\\\/thefeminismproject.com\\\/es\\\/author\\\/bella-sungkawa\\\/\"}]}<\/script>\n<!-- \/ Yoast SEO plugin. -->","yoast_head_json":{"title":"\u00bfPara qu\u00e9 es la huelga feminista del 8-M? Detr\u00e1s de la movilizaci\u00f3n mundial","description":"\u00bfPara qu\u00e9 es la huelga feminista del 8-M? Esta pregunta resuena en cada rinc\u00f3n del mundo donde las mujeres, junto a aliados, se levantan para alzar sus","robots":{"index":"index","follow":"follow","max-snippet":"max-snippet:-1","max-image-preview":"max-image-preview:large","max-video-preview":"max-video-preview:-1"},"canonical":"https:\/\/thefeminismproject.com\/es\/presentada\/para-que-es-la-huelga-feminista-del-8-m-detras-de-la-movilizacion-mundial\/","og_locale":"es_ES","og_type":"article","og_title":"\u00bfPara qu\u00e9 es la huelga feminista del 8-M? Detr\u00e1s de la movilizaci\u00f3n mundial","og_description":"\u00bfPara qu\u00e9 es la huelga feminista del 8-M? Esta pregunta resuena en cada rinc\u00f3n del mundo donde las mujeres, junto a aliados, se levantan para alzar sus","og_url":"https:\/\/thefeminismproject.com\/es\/presentada\/para-que-es-la-huelga-feminista-del-8-m-detras-de-la-movilizacion-mundial\/","og_site_name":"thefeminismproject.com","article_published_time":"2025-05-07T08:12:21+00:00","og_image":[{"width":980,"height":643,"url":"https:\/\/thefeminismproject.com\/wp-content\/uploads\/2025\/04\/huelga_general_feminista_88.jpg","type":"image\/jpeg"}],"author":"Joaquimma Anna","twitter_card":"summary_large_image","twitter_misc":{"Escrito por":"Joaquimma Anna","Tiempo de lectura":"5 minutos"},"schema":{"@context":"https:\/\/schema.org","@graph":[{"@type":"Article","@id":"https:\/\/thefeminismproject.com\/es\/presentada\/para-que-es-la-huelga-feminista-del-8-m-detras-de-la-movilizacion-mundial\/#article","isPartOf":{"@id":"https:\/\/thefeminismproject.com\/es\/presentada\/para-que-es-la-huelga-feminista-del-8-m-detras-de-la-movilizacion-mundial\/"},"author":{"name":"Joaquimma Anna","@id":"https:\/\/thefeminismproject.com\/es\/#\/schema\/person\/d2d84f0918ac04ca2b9f5b912890ad51"},"headline":"\u00bfPara qu\u00e9 es la huelga feminista del 8-M? Detr\u00e1s de la movilizaci\u00f3n mundial","datePublished":"2025-05-07T08:12:21+00:00","mainEntityOfPage":{"@id":"https:\/\/thefeminismproject.com\/es\/presentada\/para-que-es-la-huelga-feminista-del-8-m-detras-de-la-movilizacion-mundial\/"},"wordCount":936,"commentCount":0,"publisher":{"@id":"https:\/\/thefeminismproject.com\/es\/#organization"},"image":{"@id":"https:\/\/thefeminismproject.com\/es\/presentada\/para-que-es-la-huelga-feminista-del-8-m-detras-de-la-movilizacion-mundial\/#primaryimage"},"thumbnailUrl":"https:\/\/thefeminismproject.com\/wp-content\/uploads\/2025\/04\/huelga_general_feminista_88.jpg","articleSection":["Presentada"],"inLanguage":"es","potentialAction":[{"@type":"CommentAction","name":"Comment","target":["https:\/\/thefeminismproject.com\/es\/presentada\/para-que-es-la-huelga-feminista-del-8-m-detras-de-la-movilizacion-mundial\/#respond"]}]},{"@type":"WebPage","@id":"https:\/\/thefeminismproject.com\/es\/presentada\/para-que-es-la-huelga-feminista-del-8-m-detras-de-la-movilizacion-mundial\/","url":"https:\/\/thefeminismproject.com\/es\/presentada\/para-que-es-la-huelga-feminista-del-8-m-detras-de-la-movilizacion-mundial\/","name":"\u00bfPara qu\u00e9 es la huelga feminista del 8-M? Detr\u00e1s de la movilizaci\u00f3n mundial","isPartOf":{"@id":"https:\/\/thefeminismproject.com\/es\/#website"},"primaryImageOfPage":{"@id":"https:\/\/thefeminismproject.com\/es\/presentada\/para-que-es-la-huelga-feminista-del-8-m-detras-de-la-movilizacion-mundial\/#primaryimage"},"image":{"@id":"https:\/\/thefeminismproject.com\/es\/presentada\/para-que-es-la-huelga-feminista-del-8-m-detras-de-la-movilizacion-mundial\/#primaryimage"},"thumbnailUrl":"https:\/\/thefeminismproject.com\/wp-content\/uploads\/2025\/04\/huelga_general_feminista_88.jpg","datePublished":"2025-05-07T08:12:21+00:00","description":"\u00bfPara qu\u00e9 es la huelga feminista del 8-M? Esta pregunta resuena en cada rinc\u00f3n del mundo donde las mujeres, junto a aliados, se levantan para alzar sus","breadcrumb":{"@id":"https:\/\/thefeminismproject.com\/es\/presentada\/para-que-es-la-huelga-feminista-del-8-m-detras-de-la-movilizacion-mundial\/#breadcrumb"},"inLanguage":"es","potentialAction":[{"@type":"ReadAction","target":["https:\/\/thefeminismproject.com\/es\/presentada\/para-que-es-la-huelga-feminista-del-8-m-detras-de-la-movilizacion-mundial\/"]}]},{"@type":"ImageObject","inLanguage":"es","@id":"https:\/\/thefeminismproject.com\/es\/presentada\/para-que-es-la-huelga-feminista-del-8-m-detras-de-la-movilizacion-mundial\/#primaryimage","url":"https:\/\/thefeminismproject.com\/wp-content\/uploads\/2025\/04\/huelga_general_feminista_88.jpg","contentUrl":"https:\/\/thefeminismproject.com\/wp-content\/uploads\/2025\/04\/huelga_general_feminista_88.jpg","width":980,"height":643},{"@type":"BreadcrumbList","@id":"https:\/\/thefeminismproject.com\/es\/presentada\/para-que-es-la-huelga-feminista-del-8-m-detras-de-la-movilizacion-mundial\/#breadcrumb","itemListElement":[{"@type":"ListItem","position":1,"name":"Home","item":"https:\/\/thefeminismproject.com\/es\/inicio\/"},{"@type":"ListItem","position":2,"name":"\u00bfPara qu\u00e9 es la huelga feminista del 8-M? Detr\u00e1s de la movilizaci\u00f3n mundial"}]},{"@type":"WebSite","@id":"https:\/\/thefeminismproject.com\/es\/#website","url":"https:\/\/thefeminismproject.com\/es\/","name":"thefeminismproject.com","description":"Popular culture with a feminist twist | let&#039;s talk about things that matter (news that feels right)","publisher":{"@id":"https:\/\/thefeminismproject.com\/es\/#organization"},"potentialAction":[{"@type":"SearchAction","target":{"@type":"EntryPoint","urlTemplate":"https:\/\/thefeminismproject.com\/es\/?s={search_term_string}"},"query-input":{"@type":"PropertyValueSpecification","valueRequired":true,"valueName":"search_term_string"}}],"inLanguage":"es"},{"@type":"Organization","@id":"https:\/\/thefeminismproject.com\/es\/#organization","name":"thefeminismproject.com","url":"https:\/\/thefeminismproject.com\/es\/","logo":{"@type":"ImageObject","inLanguage":"es","@id":"https:\/\/thefeminismproject.com\/es\/#\/schema\/logo\/image\/","url":"https:\/\/thefeminismproject.com\/wp-content\/uploads\/2024\/10\/pexels-vazhnik-7561648.jpg","contentUrl":"https:\/\/thefeminismproject.com\/wp-content\/uploads\/2024\/10\/pexels-vazhnik-7561648.jpg","width":2500,"height":1667,"caption":"thefeminismproject.com"},"image":{"@id":"https:\/\/thefeminismproject.com\/es\/#\/schema\/logo\/image\/"}},{"@type":"Person","@id":"https:\/\/thefeminismproject.com\/es\/#\/schema\/person\/d2d84f0918ac04ca2b9f5b912890ad51","name":"Joaquimma Anna","image":{"@type":"ImageObject","inLanguage":"es","@id":"https:\/\/secure.gravatar.com\/avatar\/7d06747db1565e73d68391d596fc2eb15a10a4b4c1864574c454435523af94f1?s=96&d=mm&r=g","url":"https:\/\/secure.gravatar.com\/avatar\/7d06747db1565e73d68391d596fc2eb15a10a4b4c1864574c454435523af94f1?s=96&d=mm&r=g","contentUrl":"https:\/\/secure.gravatar.com\/avatar\/7d06747db1565e73d68391d596fc2eb15a10a4b4c1864574c454435523af94f1?s=96&d=mm&r=g","caption":"Joaquimma Anna"},"description":"Hi my name Joaquimma Anna, and let's tumble down the rabbit hole of thought! At thefeminismproject.com, this blog is a whimsical carnival of ideas. As a mischievous feminism activist, I'm here to juggle the narratives of women. This project? A delightful escapade into the absurdities and splendors of our world. Expect the unexpected!","sameAs":["http:\/\/thefeminismproject.com"],"url":"https:\/\/thefeminismproject.com\/es\/author\/bella-sungkawa\/"}]}},"_links":{"self":[{"href":"https:\/\/thefeminismproject.com\/es\/wp-json\/wp\/v2\/posts\/1049336","targetHints":{"allow":["GET"]}}],"collection":[{"href":"https:\/\/thefeminismproject.com\/es\/wp-json\/wp\/v2\/posts"}],"about":[{"href":"https:\/\/thefeminismproject.com\/es\/wp-json\/wp\/v2\/types\/post"}],"author":[{"embeddable":true,"href":"https:\/\/thefeminismproject.com\/es\/wp-json\/wp\/v2\/users\/1"}],"replies":[{"embeddable":true,"href":"https:\/\/thefeminismproject.com\/es\/wp-json\/wp\/v2\/comments?post=1049336"}],"version-history":[{"count":0,"href":"https:\/\/thefeminismproject.com\/es\/wp-json\/wp\/v2\/posts\/1049336\/revisions"}],"wp:featuredmedia":[{"embeddable":true,"href":"https:\/\/thefeminismproject.com\/es\/wp-json\/wp\/v2\/media\/1042622"}],"wp:attachment":[{"href":"https:\/\/thefeminismproject.com\/es\/wp-json\/wp\/v2\/media?parent=1049336"}],"wp:term":[{"taxonomy":"category","embeddable":true,"href":"https:\/\/thefeminismproject.com\/es\/wp-json\/wp\/v2\/categories?post=1049336"},{"taxonomy":"post_tag","embeddable":true,"href":"https:\/\/thefeminismproject.com\/es\/wp-json\/wp\/v2\/tags?post=1049336"}],"curies":[{"name":"wp","href":"https:\/\/api.w.org\/{rel}","templated":true}]}}