{"id":1049475,"date":"2025-04-16T22:53:40","date_gmt":"2025-04-16T22:53:40","guid":{"rendered":"https:\/\/thefeminismproject.com\/sin-categoria\/por-o-feminista-un-error-que-revela-mucho-mas\/"},"modified":"2025-04-16T22:53:40","modified_gmt":"2025-04-16T22:53:40","slug":"por-o-feminista-un-error-que-revela-mucho-mas","status":"publish","type":"post","link":"https:\/\/thefeminismproject.com\/es\/presentada\/por-o-feminista-un-error-que-revela-mucho-mas\/","title":{"rendered":"\u00bfPor o feminista? Un error que revela mucho m\u00e1s"},"content":{"rendered":"<p>En el vasto y enrevesado panorama de la lucha social, la pregunta \u201c\u00bfPor o feminista?\u201d resuena con una intensidad casi provocadora. A primera vista, podr\u00eda parecer un t\u00e9rmino inocuo, una mera cuesti\u00f3n de orientaci\u00f3n ideol\u00f3gica. Sin embargo, al desmenuzar la concepci\u00f3n de esta interrogante, descubrimos un error que desvela una cr\u00edtica aplastante sobre la insensibilidad y la resistencia al cambio que a\u00fan prevalece en muchas esferas de nuestra sociedad.<\/p>\n<p>La polarizaci\u00f3n del discurso sobre el feminismo es evidente. Desde quienes claman a favor de la igualdad hasta aquellos que buscan deslegitimar un movimiento que, en esencia, busca una vida menos desigual y m\u00e1s justa. Este acto de cuestionar la validez del feminismo ha dejado de ser un mero desacuerdo y se ha convertido en un ep\u00edtome de la ignorancia estructuralizada que subyace en un patriarcado a\u00f1ejo y rancio.<\/p>\n<p>\u201c\u00bfPor o feminista?\u201d implica una disyuntiva superficial que no aborda las m\u00faltiples capas y matices de lo que el feminismo realmente implica. Esta simplificaci\u00f3n no solo es err\u00f3nea, sino que tambi\u00e9n traza l\u00edmites en la forma en que entendemos y abordamos las complejidades del g\u00e9nero y la desigualdad. Esa mirada reduccionista limita las posibilidades de que una conversaci\u00f3n m\u00e1s rica y significativa tenga lugar.<\/p>\n<p>A lo largo de la historia, el feminismo ha evolucionado, adapt\u00e1ndose y reconfigur\u00e1ndose para responder a las necesidades y luchas de las mujeres en diversas culturas y contextos. La lucha por la igualdad de g\u00e9nero ha tomado diversas formas, desde el acceso al voto hasta la lucha contra la violencia de g\u00e9nero, cada una de estas etapas ha marcado un hito en la construcci\u00f3n de un mundo m\u00e1s equitativo. Pero, \u00bfpor qu\u00e9 sigue existiendo este renuente cuestionamiento de su validez? \u00bfEs acaso el miedo a perder privilegios lo que mantiene la resistencia?<\/p>\n<p>El hecho de que exista una necesidad de cuestionar el movimiento feminista pone de manifiesto una disonancia cognitiva que resulta profundamente intrigante. Se plantea entonces la pregunta: \u00bfQu\u00e9 encuentran tan amenazante aquellos que se niegan a aceptar el feminismo? Es innegable que el feminismo ha tra\u00eddo consigo una serie de reformas sociales que, aunque pueden ser percibidas como perturbadoras, son, de hecho, necesarias. El miedo al empoderamiento femenino ha fomentado esta hostilidad, revelando m\u00e1s sobre la fragilidad de la masculinidad hegem\u00f3nica que sobre la fuerza del movimiento feminista.<\/p>\n<p>Adem\u00e1s, al cuestionar \u201c\u00bfPor o feminista?\u201d, se expone una contradictoria naturaleza del discurso contempor\u00e1neo. Muchos sostienen que ya no necesitan etiquetas, que el concepto de feminismo es anacr\u00f3nico en un mundo que aspira a la equidad. No obstante, esta afirmaci\u00f3n minimiza la historia, la lucha y las conquistas que han sido alcanzadas gracias a las feministas de anta\u00f1o y las actuales. \u00bfPuede realmente haber un progreso sin reconocer las luchas pasadas? Este desprecio por el legado feminista es, en s\u00ed mismo, un acto de deslealtad hacia un movimiento que ha salvado vidas y ha proporcionado herramientas invaluables para la emancipaci\u00f3n.<\/p>\n<p>Un error que es crucial se\u00f1alar es el de la trivializaci\u00f3n del feminismo, considerado como un capricho para algunas. La lucha feminista no es un mero subvencionado capricho contempor\u00e1neo. Es un llamado a la acci\u00f3n, un grito desgarrador que refleja la frustraci\u00f3n acumulada de siglos de opresi\u00f3n. El feminismo se adentra en las entra\u00f1as de un sistema que no solo ha subyugado a las mujeres, sino que ha perpetuado la injusticia social en todas sus formas. Ignorar esto es no solo err\u00f3neo, sino tambi\u00e9n profundamente peligroso.<\/p>\n<p>Por lo tanto, nos hallamos ante una oportunidad invaluable para profundizar en el entendimiento y la aceptaci\u00f3n de la causa feminista. Esta pregunta no es solo una provocaci\u00f3n, es un desaf\u00edo que debemos aceptar. La respuesta a \u201c\u00bfPor o feminista?\u201d deber\u00eda ubicarse no en la negaci\u00f3n, sino en la afirmaci\u00f3n de la necesidad de un cambio radical en la forma en que percibimos el mundo y las relaciones de g\u00e9nero. Este es el momento de dejar de lado los dimes y diretes superficiales, y comprometernos con un di\u00e1logo que busque la transformaci\u00f3n radical de estructuras arraigadas.<\/p>\n<p>La pr\u00f3xima vez que uno se pregunte \u201c\u00bfPor o feminista?\u201d, quiz\u00e1s sea el instante para voltear la pregunta. \u00bfPor qu\u00e9 no ser feminista? Tal vez la respuesta resida en el temor de confrontar la inercia de nuestro entorno o tal vez en la renuencia a generalizar la necesidad apremiante de justicia social. Pero el verdadero desafiante no est\u00e1 en rechazar el feminismo, sino en comprender las muchas formas que toma la lucha y reconocer que no hay alternativa viable a la justicia y equidad.<\/p>\n<p>La lucha feminista no es solo un problema de mujeres, es un problema de todos. Es un llamado a la humanidad para unirse, para forjar un tejido social donde la igualdad y la dignidad sean la norma y no la excepci\u00f3n. En esta traves\u00eda, el feminismo es la luz que puede iluminar el camino hacia un futuro en el que las barreras de g\u00e9nero ya no dictan el destino de las vidas humanas. Y es en este tejido interconectado donde debe encontrarse el prop\u00f3sito com\u00fan de una sociedad m\u00e1s justa.<\/p>\n","protected":false},"excerpt":{"rendered":"<p>En el vasto y enrevesado panorama de la lucha social, la pregunta \u201c\u00bfPor o feminista?\u201d resuena con una intensidad casi provocadora. A primera vista, podr\u00eda parecer un t\u00e9rmino inocuo, una mera cuesti\u00f3n de orientaci\u00f3n ideol\u00f3gica. Sin embargo, al desmenuzar la concepci\u00f3n de esta interrogante, descubrimos un error que desvela una cr\u00edtica aplastante sobre la insensibilidad [&hellip;]<\/p>\n","protected":false},"author":1,"featured_media":1049476,"comment_status":"open","ping_status":"open","sticky":false,"template":"","format":"standard","meta":{"footnotes":""},"categories":[83],"tags":[],"class_list":{"0":"post-1049475","1":"post","2":"type-post","3":"status-publish","4":"format-standard","5":"has-post-thumbnail","7":"category-presentada"},"yoast_head":"<!-- This site is optimized with the Yoast SEO plugin v27.4 - https:\/\/yoast.com\/product\/yoast-seo-wordpress\/ -->\n<title>\u00bfPor o feminista? Un error que revela mucho m\u00e1s<\/title>\n<meta name=\"description\" content=\"En el vasto y enrevesado panorama de la lucha social, la pregunta \u201c\u00bfPor o feminista?\u201d resuena con una intensidad casi provocadora. A primera vista, podr\u00eda\" \/>\n<meta name=\"robots\" content=\"index, follow, max-snippet:-1, max-image-preview:large, max-video-preview:-1\" \/>\n<link rel=\"canonical\" href=\"https:\/\/thefeminismproject.com\/es\/presentada\/por-o-feminista-un-error-que-revela-mucho-mas\/\" \/>\n<meta property=\"og:locale\" content=\"es_ES\" \/>\n<meta property=\"og:type\" content=\"article\" \/>\n<meta property=\"og:title\" content=\"\u00bfPor o feminista? Un error que revela mucho m\u00e1s\" \/>\n<meta property=\"og:description\" content=\"En el vasto y enrevesado panorama de la lucha social, la pregunta \u201c\u00bfPor o feminista?\u201d resuena con una intensidad casi provocadora. A primera vista, podr\u00eda\" \/>\n<meta property=\"og:url\" content=\"https:\/\/thefeminismproject.com\/es\/presentada\/por-o-feminista-un-error-que-revela-mucho-mas\/\" \/>\n<meta property=\"og:site_name\" content=\"thefeminismproject.com\" \/>\n<meta property=\"article:published_time\" content=\"2025-04-16T22:53:40+00:00\" \/>\n<meta property=\"og:image\" content=\"https:\/\/thefeminismproject.com\/wp-content\/uploads\/2025\/05\/201109-cult4-f2-exposicion-casa-del-lago.jpg\" \/>\n\t<meta property=\"og:image:width\" content=\"990\" \/>\n\t<meta property=\"og:image:height\" content=\"556\" \/>\n\t<meta property=\"og:image:type\" content=\"image\/jpeg\" \/>\n<meta name=\"author\" content=\"Joaquimma Anna\" \/>\n<meta name=\"twitter:card\" content=\"summary_large_image\" \/>\n<meta name=\"twitter:label1\" content=\"Escrito por\" \/>\n\t<meta name=\"twitter:data1\" content=\"Joaquimma Anna\" \/>\n\t<meta name=\"twitter:label2\" content=\"Tiempo de lectura\" \/>\n\t<meta name=\"twitter:data2\" content=\"4 minutos\" \/>\n<script type=\"application\/ld+json\" class=\"yoast-schema-graph\">{\"@context\":\"https:\\\/\\\/schema.org\",\"@graph\":[{\"@type\":\"Article\",\"@id\":\"https:\\\/\\\/thefeminismproject.com\\\/es\\\/presentada\\\/por-o-feminista-un-error-que-revela-mucho-mas\\\/#article\",\"isPartOf\":{\"@id\":\"https:\\\/\\\/thefeminismproject.com\\\/es\\\/presentada\\\/por-o-feminista-un-error-que-revela-mucho-mas\\\/\"},\"author\":{\"name\":\"Joaquimma Anna\",\"@id\":\"https:\\\/\\\/thefeminismproject.com\\\/es\\\/#\\\/schema\\\/person\\\/d2d84f0918ac04ca2b9f5b912890ad51\"},\"headline\":\"\u00bfPor o feminista? Un error que revela mucho m\u00e1s\",\"datePublished\":\"2025-04-16T22:53:40+00:00\",\"mainEntityOfPage\":{\"@id\":\"https:\\\/\\\/thefeminismproject.com\\\/es\\\/presentada\\\/por-o-feminista-un-error-que-revela-mucho-mas\\\/\"},\"wordCount\":909,\"commentCount\":0,\"publisher\":{\"@id\":\"https:\\\/\\\/thefeminismproject.com\\\/es\\\/#organization\"},\"image\":{\"@id\":\"https:\\\/\\\/thefeminismproject.com\\\/es\\\/presentada\\\/por-o-feminista-un-error-que-revela-mucho-mas\\\/#primaryimage\"},\"thumbnailUrl\":\"https:\\\/\\\/thefeminismproject.com\\\/wp-content\\\/uploads\\\/2025\\\/05\\\/201109-cult4-f2-exposicion-casa-del-lago.jpg\",\"articleSection\":[\"Presentada\"],\"inLanguage\":\"es\",\"potentialAction\":[{\"@type\":\"CommentAction\",\"name\":\"Comment\",\"target\":[\"https:\\\/\\\/thefeminismproject.com\\\/es\\\/presentada\\\/por-o-feminista-un-error-que-revela-mucho-mas\\\/#respond\"]}]},{\"@type\":\"WebPage\",\"@id\":\"https:\\\/\\\/thefeminismproject.com\\\/es\\\/presentada\\\/por-o-feminista-un-error-que-revela-mucho-mas\\\/\",\"url\":\"https:\\\/\\\/thefeminismproject.com\\\/es\\\/presentada\\\/por-o-feminista-un-error-que-revela-mucho-mas\\\/\",\"name\":\"\u00bfPor o feminista? Un error que revela mucho m\u00e1s\",\"isPartOf\":{\"@id\":\"https:\\\/\\\/thefeminismproject.com\\\/es\\\/#website\"},\"primaryImageOfPage\":{\"@id\":\"https:\\\/\\\/thefeminismproject.com\\\/es\\\/presentada\\\/por-o-feminista-un-error-que-revela-mucho-mas\\\/#primaryimage\"},\"image\":{\"@id\":\"https:\\\/\\\/thefeminismproject.com\\\/es\\\/presentada\\\/por-o-feminista-un-error-que-revela-mucho-mas\\\/#primaryimage\"},\"thumbnailUrl\":\"https:\\\/\\\/thefeminismproject.com\\\/wp-content\\\/uploads\\\/2025\\\/05\\\/201109-cult4-f2-exposicion-casa-del-lago.jpg\",\"datePublished\":\"2025-04-16T22:53:40+00:00\",\"description\":\"En el vasto y enrevesado panorama de la lucha social, la pregunta \u201c\u00bfPor o feminista?\u201d resuena con una intensidad casi provocadora. A primera vista, podr\u00eda\",\"breadcrumb\":{\"@id\":\"https:\\\/\\\/thefeminismproject.com\\\/es\\\/presentada\\\/por-o-feminista-un-error-que-revela-mucho-mas\\\/#breadcrumb\"},\"inLanguage\":\"es\",\"potentialAction\":[{\"@type\":\"ReadAction\",\"target\":[\"https:\\\/\\\/thefeminismproject.com\\\/es\\\/presentada\\\/por-o-feminista-un-error-que-revela-mucho-mas\\\/\"]}]},{\"@type\":\"ImageObject\",\"inLanguage\":\"es\",\"@id\":\"https:\\\/\\\/thefeminismproject.com\\\/es\\\/presentada\\\/por-o-feminista-un-error-que-revela-mucho-mas\\\/#primaryimage\",\"url\":\"https:\\\/\\\/thefeminismproject.com\\\/wp-content\\\/uploads\\\/2025\\\/05\\\/201109-cult4-f2-exposicion-casa-del-lago.jpg\",\"contentUrl\":\"https:\\\/\\\/thefeminismproject.com\\\/wp-content\\\/uploads\\\/2025\\\/05\\\/201109-cult4-f2-exposicion-casa-del-lago.jpg\",\"width\":990,\"height\":556},{\"@type\":\"BreadcrumbList\",\"@id\":\"https:\\\/\\\/thefeminismproject.com\\\/es\\\/presentada\\\/por-o-feminista-un-error-que-revela-mucho-mas\\\/#breadcrumb\",\"itemListElement\":[{\"@type\":\"ListItem\",\"position\":1,\"name\":\"Home\",\"item\":\"https:\\\/\\\/thefeminismproject.com\\\/es\\\/inicio\\\/\"},{\"@type\":\"ListItem\",\"position\":2,\"name\":\"\u00bfPor o feminista? Un error que revela mucho m\u00e1s\"}]},{\"@type\":\"WebSite\",\"@id\":\"https:\\\/\\\/thefeminismproject.com\\\/es\\\/#website\",\"url\":\"https:\\\/\\\/thefeminismproject.com\\\/es\\\/\",\"name\":\"thefeminismproject.com\",\"description\":\"Popular culture with a feminist twist | let&#039;s talk about things that matter (news that feels right)\",\"publisher\":{\"@id\":\"https:\\\/\\\/thefeminismproject.com\\\/es\\\/#organization\"},\"potentialAction\":[{\"@type\":\"SearchAction\",\"target\":{\"@type\":\"EntryPoint\",\"urlTemplate\":\"https:\\\/\\\/thefeminismproject.com\\\/es\\\/?s={search_term_string}\"},\"query-input\":{\"@type\":\"PropertyValueSpecification\",\"valueRequired\":true,\"valueName\":\"search_term_string\"}}],\"inLanguage\":\"es\"},{\"@type\":\"Organization\",\"@id\":\"https:\\\/\\\/thefeminismproject.com\\\/es\\\/#organization\",\"name\":\"thefeminismproject.com\",\"url\":\"https:\\\/\\\/thefeminismproject.com\\\/es\\\/\",\"logo\":{\"@type\":\"ImageObject\",\"inLanguage\":\"es\",\"@id\":\"https:\\\/\\\/thefeminismproject.com\\\/es\\\/#\\\/schema\\\/logo\\\/image\\\/\",\"url\":\"https:\\\/\\\/thefeminismproject.com\\\/wp-content\\\/uploads\\\/2024\\\/10\\\/pexels-vazhnik-7561648.jpg\",\"contentUrl\":\"https:\\\/\\\/thefeminismproject.com\\\/wp-content\\\/uploads\\\/2024\\\/10\\\/pexels-vazhnik-7561648.jpg\",\"width\":2500,\"height\":1667,\"caption\":\"thefeminismproject.com\"},\"image\":{\"@id\":\"https:\\\/\\\/thefeminismproject.com\\\/es\\\/#\\\/schema\\\/logo\\\/image\\\/\"}},{\"@type\":\"Person\",\"@id\":\"https:\\\/\\\/thefeminismproject.com\\\/es\\\/#\\\/schema\\\/person\\\/d2d84f0918ac04ca2b9f5b912890ad51\",\"name\":\"Joaquimma Anna\",\"image\":{\"@type\":\"ImageObject\",\"inLanguage\":\"es\",\"@id\":\"https:\\\/\\\/secure.gravatar.com\\\/avatar\\\/7d06747db1565e73d68391d596fc2eb15a10a4b4c1864574c454435523af94f1?s=96&d=mm&r=g\",\"url\":\"https:\\\/\\\/secure.gravatar.com\\\/avatar\\\/7d06747db1565e73d68391d596fc2eb15a10a4b4c1864574c454435523af94f1?s=96&d=mm&r=g\",\"contentUrl\":\"https:\\\/\\\/secure.gravatar.com\\\/avatar\\\/7d06747db1565e73d68391d596fc2eb15a10a4b4c1864574c454435523af94f1?s=96&d=mm&r=g\",\"caption\":\"Joaquimma Anna\"},\"description\":\"Hi my name Joaquimma Anna, and let's tumble down the rabbit hole of thought! At thefeminismproject.com, this blog is a whimsical carnival of ideas. As a mischievous feminism activist, I'm here to juggle the narratives of women. This project? A delightful escapade into the absurdities and splendors of our world. Expect the unexpected!\",\"sameAs\":[\"http:\\\/\\\/thefeminismproject.com\"],\"url\":\"https:\\\/\\\/thefeminismproject.com\\\/es\\\/author\\\/bella-sungkawa\\\/\"}]}<\/script>\n<!-- \/ Yoast SEO plugin. -->","yoast_head_json":{"title":"\u00bfPor o feminista? Un error que revela mucho m\u00e1s","description":"En el vasto y enrevesado panorama de la lucha social, la pregunta \u201c\u00bfPor o feminista?\u201d resuena con una intensidad casi provocadora. A primera vista, podr\u00eda","robots":{"index":"index","follow":"follow","max-snippet":"max-snippet:-1","max-image-preview":"max-image-preview:large","max-video-preview":"max-video-preview:-1"},"canonical":"https:\/\/thefeminismproject.com\/es\/presentada\/por-o-feminista-un-error-que-revela-mucho-mas\/","og_locale":"es_ES","og_type":"article","og_title":"\u00bfPor o feminista? Un error que revela mucho m\u00e1s","og_description":"En el vasto y enrevesado panorama de la lucha social, la pregunta \u201c\u00bfPor o feminista?\u201d resuena con una intensidad casi provocadora. A primera vista, podr\u00eda","og_url":"https:\/\/thefeminismproject.com\/es\/presentada\/por-o-feminista-un-error-que-revela-mucho-mas\/","og_site_name":"thefeminismproject.com","article_published_time":"2025-04-16T22:53:40+00:00","og_image":[{"width":990,"height":556,"url":"https:\/\/thefeminismproject.com\/wp-content\/uploads\/2025\/05\/201109-cult4-f2-exposicion-casa-del-lago.jpg","type":"image\/jpeg"}],"author":"Joaquimma Anna","twitter_card":"summary_large_image","twitter_misc":{"Escrito por":"Joaquimma Anna","Tiempo de lectura":"4 minutos"},"schema":{"@context":"https:\/\/schema.org","@graph":[{"@type":"Article","@id":"https:\/\/thefeminismproject.com\/es\/presentada\/por-o-feminista-un-error-que-revela-mucho-mas\/#article","isPartOf":{"@id":"https:\/\/thefeminismproject.com\/es\/presentada\/por-o-feminista-un-error-que-revela-mucho-mas\/"},"author":{"name":"Joaquimma Anna","@id":"https:\/\/thefeminismproject.com\/es\/#\/schema\/person\/d2d84f0918ac04ca2b9f5b912890ad51"},"headline":"\u00bfPor o feminista? Un error que revela mucho m\u00e1s","datePublished":"2025-04-16T22:53:40+00:00","mainEntityOfPage":{"@id":"https:\/\/thefeminismproject.com\/es\/presentada\/por-o-feminista-un-error-que-revela-mucho-mas\/"},"wordCount":909,"commentCount":0,"publisher":{"@id":"https:\/\/thefeminismproject.com\/es\/#organization"},"image":{"@id":"https:\/\/thefeminismproject.com\/es\/presentada\/por-o-feminista-un-error-que-revela-mucho-mas\/#primaryimage"},"thumbnailUrl":"https:\/\/thefeminismproject.com\/wp-content\/uploads\/2025\/05\/201109-cult4-f2-exposicion-casa-del-lago.jpg","articleSection":["Presentada"],"inLanguage":"es","potentialAction":[{"@type":"CommentAction","name":"Comment","target":["https:\/\/thefeminismproject.com\/es\/presentada\/por-o-feminista-un-error-que-revela-mucho-mas\/#respond"]}]},{"@type":"WebPage","@id":"https:\/\/thefeminismproject.com\/es\/presentada\/por-o-feminista-un-error-que-revela-mucho-mas\/","url":"https:\/\/thefeminismproject.com\/es\/presentada\/por-o-feminista-un-error-que-revela-mucho-mas\/","name":"\u00bfPor o feminista? Un error que revela mucho m\u00e1s","isPartOf":{"@id":"https:\/\/thefeminismproject.com\/es\/#website"},"primaryImageOfPage":{"@id":"https:\/\/thefeminismproject.com\/es\/presentada\/por-o-feminista-un-error-que-revela-mucho-mas\/#primaryimage"},"image":{"@id":"https:\/\/thefeminismproject.com\/es\/presentada\/por-o-feminista-un-error-que-revela-mucho-mas\/#primaryimage"},"thumbnailUrl":"https:\/\/thefeminismproject.com\/wp-content\/uploads\/2025\/05\/201109-cult4-f2-exposicion-casa-del-lago.jpg","datePublished":"2025-04-16T22:53:40+00:00","description":"En el vasto y enrevesado panorama de la lucha social, la pregunta \u201c\u00bfPor o feminista?\u201d resuena con una intensidad casi provocadora. A primera vista, podr\u00eda","breadcrumb":{"@id":"https:\/\/thefeminismproject.com\/es\/presentada\/por-o-feminista-un-error-que-revela-mucho-mas\/#breadcrumb"},"inLanguage":"es","potentialAction":[{"@type":"ReadAction","target":["https:\/\/thefeminismproject.com\/es\/presentada\/por-o-feminista-un-error-que-revela-mucho-mas\/"]}]},{"@type":"ImageObject","inLanguage":"es","@id":"https:\/\/thefeminismproject.com\/es\/presentada\/por-o-feminista-un-error-que-revela-mucho-mas\/#primaryimage","url":"https:\/\/thefeminismproject.com\/wp-content\/uploads\/2025\/05\/201109-cult4-f2-exposicion-casa-del-lago.jpg","contentUrl":"https:\/\/thefeminismproject.com\/wp-content\/uploads\/2025\/05\/201109-cult4-f2-exposicion-casa-del-lago.jpg","width":990,"height":556},{"@type":"BreadcrumbList","@id":"https:\/\/thefeminismproject.com\/es\/presentada\/por-o-feminista-un-error-que-revela-mucho-mas\/#breadcrumb","itemListElement":[{"@type":"ListItem","position":1,"name":"Home","item":"https:\/\/thefeminismproject.com\/es\/inicio\/"},{"@type":"ListItem","position":2,"name":"\u00bfPor o feminista? Un error que revela mucho m\u00e1s"}]},{"@type":"WebSite","@id":"https:\/\/thefeminismproject.com\/es\/#website","url":"https:\/\/thefeminismproject.com\/es\/","name":"thefeminismproject.com","description":"Popular culture with a feminist twist | let&#039;s talk about things that matter (news that feels right)","publisher":{"@id":"https:\/\/thefeminismproject.com\/es\/#organization"},"potentialAction":[{"@type":"SearchAction","target":{"@type":"EntryPoint","urlTemplate":"https:\/\/thefeminismproject.com\/es\/?s={search_term_string}"},"query-input":{"@type":"PropertyValueSpecification","valueRequired":true,"valueName":"search_term_string"}}],"inLanguage":"es"},{"@type":"Organization","@id":"https:\/\/thefeminismproject.com\/es\/#organization","name":"thefeminismproject.com","url":"https:\/\/thefeminismproject.com\/es\/","logo":{"@type":"ImageObject","inLanguage":"es","@id":"https:\/\/thefeminismproject.com\/es\/#\/schema\/logo\/image\/","url":"https:\/\/thefeminismproject.com\/wp-content\/uploads\/2024\/10\/pexels-vazhnik-7561648.jpg","contentUrl":"https:\/\/thefeminismproject.com\/wp-content\/uploads\/2024\/10\/pexels-vazhnik-7561648.jpg","width":2500,"height":1667,"caption":"thefeminismproject.com"},"image":{"@id":"https:\/\/thefeminismproject.com\/es\/#\/schema\/logo\/image\/"}},{"@type":"Person","@id":"https:\/\/thefeminismproject.com\/es\/#\/schema\/person\/d2d84f0918ac04ca2b9f5b912890ad51","name":"Joaquimma Anna","image":{"@type":"ImageObject","inLanguage":"es","@id":"https:\/\/secure.gravatar.com\/avatar\/7d06747db1565e73d68391d596fc2eb15a10a4b4c1864574c454435523af94f1?s=96&d=mm&r=g","url":"https:\/\/secure.gravatar.com\/avatar\/7d06747db1565e73d68391d596fc2eb15a10a4b4c1864574c454435523af94f1?s=96&d=mm&r=g","contentUrl":"https:\/\/secure.gravatar.com\/avatar\/7d06747db1565e73d68391d596fc2eb15a10a4b4c1864574c454435523af94f1?s=96&d=mm&r=g","caption":"Joaquimma Anna"},"description":"Hi my name Joaquimma Anna, and let's tumble down the rabbit hole of thought! At thefeminismproject.com, this blog is a whimsical carnival of ideas. As a mischievous feminism activist, I'm here to juggle the narratives of women. This project? A delightful escapade into the absurdities and splendors of our world. Expect the unexpected!","sameAs":["http:\/\/thefeminismproject.com"],"url":"https:\/\/thefeminismproject.com\/es\/author\/bella-sungkawa\/"}]}},"_links":{"self":[{"href":"https:\/\/thefeminismproject.com\/es\/wp-json\/wp\/v2\/posts\/1049475","targetHints":{"allow":["GET"]}}],"collection":[{"href":"https:\/\/thefeminismproject.com\/es\/wp-json\/wp\/v2\/posts"}],"about":[{"href":"https:\/\/thefeminismproject.com\/es\/wp-json\/wp\/v2\/types\/post"}],"author":[{"embeddable":true,"href":"https:\/\/thefeminismproject.com\/es\/wp-json\/wp\/v2\/users\/1"}],"replies":[{"embeddable":true,"href":"https:\/\/thefeminismproject.com\/es\/wp-json\/wp\/v2\/comments?post=1049475"}],"version-history":[{"count":0,"href":"https:\/\/thefeminismproject.com\/es\/wp-json\/wp\/v2\/posts\/1049475\/revisions"}],"wp:featuredmedia":[{"embeddable":true,"href":"https:\/\/thefeminismproject.com\/es\/wp-json\/wp\/v2\/media\/1049476"}],"wp:attachment":[{"href":"https:\/\/thefeminismproject.com\/es\/wp-json\/wp\/v2\/media?parent=1049475"}],"wp:term":[{"taxonomy":"category","embeddable":true,"href":"https:\/\/thefeminismproject.com\/es\/wp-json\/wp\/v2\/categories?post=1049475"},{"taxonomy":"post_tag","embeddable":true,"href":"https:\/\/thefeminismproject.com\/es\/wp-json\/wp\/v2\/tags?post=1049475"}],"curies":[{"name":"wp","href":"https:\/\/api.w.org\/{rel}","templated":true}]}}