{"id":1049741,"date":"2025-03-25T18:13:40","date_gmt":"2025-03-25T18:13:40","guid":{"rendered":"https:\/\/thefeminismproject.com\/sin-categoria\/por-que-se-llama-feminismo-y-no-de-otra-manera-clave-para-entenderlo\/"},"modified":"2025-03-25T18:13:40","modified_gmt":"2025-03-25T18:13:40","slug":"por-que-se-llama-feminismo-y-no-de-otra-manera-clave-para-entenderlo","status":"publish","type":"post","link":"https:\/\/thefeminismproject.com\/es\/presentada\/por-que-se-llama-feminismo-y-no-de-otra-manera-clave-para-entenderlo\/","title":{"rendered":"\u00bfPor qu\u00e9 se llama feminismo y no de otra manera? Clave para entenderlo"},"content":{"rendered":"<p>\u00bfAlguna vez te has preguntado por qu\u00e9 a esta lucha se le llama feminismo y no de otra manera? La nomenclatura no es un mero capricho ling\u00fc\u00edstico; encierra en s\u00ed una complejidad que merece exploraci\u00f3n. La elecci\u00f3n del t\u00e9rmino \u201cfeminismo\u201d es, en s\u00ed misma, una declaraci\u00f3n de intenciones y una cr\u00edtica profundamente arraigada a las estructuras de poder existentes. En este contexto, vamos a diseccionar el uso de la palabra y a entender sus implicaciones y matices.<\/p>\n<p>El feminismo es un concepto que surge del contexto hist\u00f3rico, social y pol\u00edtico de la lucha por la igualdad de g\u00e9nero. Pero, \u00bfqu\u00e9 significa realmente ser feminista en un mundo que, a menudo, tergiversa esta lucha en su af\u00e1n por desacreditarla? Un factor crucial en este enfoque es la etimolog\u00eda del t\u00e9rmino: \u201cfeminismo\u201d deriva del lat\u00edn \u201cfemina\u201d, que significa mujer. En esta peque\u00f1a pero poderosa ra\u00edz se encuentra la clave para comprender la reivindicaci\u00f3n de un espacio que, durante siglos, ha sido negado y excluido a las mujeres.<\/p>\n<p>Este t\u00e9rmino se opone a la noci\u00f3n de machismo, que implica una jerarqu\u00eda desigual entre los g\u00e9neros y promueve valores patriarcales. Al abordar el concepto de feminismo, se plantea una batalla por la dignidad y el reconocimiento de la voz femenina en todos los \u00e1mbitos de la vida p\u00fablica y privada. As\u00ed, el feminismo no solo es una lucha por los derechos de las mujeres, sino una confrontaci\u00f3n directa contra un sistema que hist\u00f3ricamente ha favorecido a los hombres.<\/p>\n<p>Para profundizar, es esencial explorar c\u00f3mo el feminismo ha evolucionado a lo largo de los a\u00f1os. En sus primeras olas, el feminismo se centr\u00f3 en el sufragio y la igualdad legal. Sin embargo, a medida que el tiempo avanzaba, el movimiento comenz\u00f3 a abarcar temas como la sexualidad, la maternidad, y las expectativas culturales que se imponen a las mujeres. Esta ampliaci\u00f3n del concepto nos lleva a una pregunta provocativa: \u00bfc\u00f3mo definir\u00edamos el feminismo hoy? \u00bfEst\u00e1 limitado solo a las mujeres o deber\u00eda incluir a todas las identidades de g\u00e9nero que enfrentan opresi\u00f3n y marginaci\u00f3n?<\/p>\n<p>El debate sobre qui\u00e9n tiene \u201cderecho\u201d a afiliarse al feminismo es uno de los m\u00e1s intensos. Algunos puristas argumentan que el feminismo debe centrarse exclusivamente en la experiencia femenina, mientras que otros sostienen que un enfoque inclusivo es crucial para desafiar un patriarcado que se manifiesta no solo contra las mujeres, sino contra todas las personas que no se conforman con las normas tradicionales de g\u00e9nero. Este dilema nos lleva a la comprensi\u00f3n de que el feminismo, como t\u00e9rmino y movimiento, es intr\u00ednsecamente din\u00e1mico y en evoluci\u00f3n.<\/p>\n<p>Adem\u00e1s, la perspectiva intercultural y postcolonial en el feminismo subraya que las luchas de las mujeres no son homog\u00e9neas. La opresi\u00f3n que enfrenta una mujer en \u00c1frica, Asia o Am\u00e9rica Latina puede ser muy distinta a la que viven sus contrapartes en Occidente. La interpretaci\u00f3n y pr\u00e1ctica del feminismo debe ser sensible a estos diferencias y realidades, desafiando la noci\u00f3n euroc\u00e9ntrica que a menudo se impone en los discursos feministas. La universalizaci\u00f3n de la experiencia de la mujer carece de validez cuando nos encontramos ante un mosaico de contextos culturales y pol\u00edticos diferentes.<\/p>\n<p>Como resultado, la pregunta de por qu\u00e9 se llama feminismo en lugar de otra cosa se convierte en un desaf\u00edo al pensamiento convencional. \u00bfAcaso el t\u00e9rmino \u201cigualitarismo\u201d no ser\u00eda m\u00e1s apropiado? Sin embargo, aqu\u00ed es donde se asienta la esencia del feminismo: no se trata simplemente de igualdad, sino de justicia social. Reivindicar el t\u00e9rmino \u201cfeminismo\u201d es reconocer que las mujeres, por su historia y su lucha, han sido sistem\u00e1ticamente relegadas a un segundo plano. La adopci\u00f3n del feminismo implica una cr\u00edtica de la desigualdad hist\u00f3rica y un compromiso con la construcci\u00f3n de un mundo en el que las voces de las mujeres son escuchadas y valoradas.<\/p>\n<p>Finalmente, comprender por qu\u00e9 se llama feminismo nos invita a replantearnos c\u00f3mo abordamos el activismo y la militancia en nuestra vida diaria. Cada vez que una mujer se manifiesta, que una persona defiende los derechos de la diversidad de g\u00e9nero, se fortalece el concepto de feminismo en su m\u00e1s amplia expresi\u00f3n. As\u00ed que, para quienes podr\u00edan estar dudando entre llamar a esta lucha \u201cigualitarismo\u201d o \u201cdiversidad de g\u00e9nero\u201d, la realidad es que el feminismo es, sin duda, un faro en la oscuridad de la opresi\u00f3n. <\/p>\n<p>Por lo tanto, no solo hemos de preguntarnos por qu\u00e9 se llama feminismo, sino que debemos comprometernos a entenderlo, apoyarlo y llevar su undidad y diversidad al coraz\u00f3n de nuestras acciones. El feminismo, sea cual sea su forma o su interpretaci\u00f3n, es m\u00e1s que un t\u00e9rmino; es una manifestaci\u00f3n de resistencia y autodeterminaci\u00f3n. As\u00ed que, la pr\u00f3xima vez que escuches la palabra \u00abfeminismo\u00bb, recuerda el peso que carga y la historia que representa. Es un desaf\u00edo a todos nosotros a desmantelar las estructuras que perpet\u00faan la desigualdad y a construir un futuro donde cada voz, especialmente la de las mujeres, amplifique el sonido de la equidad y la justicia social.<\/p>\n","protected":false},"excerpt":{"rendered":"<p>\u00bfAlguna vez te has preguntado por qu\u00e9 a esta lucha se le llama feminismo y no de otra manera? La nomenclatura no es un mero capricho ling\u00fc\u00edstico; encierra en s\u00ed una complejidad que merece exploraci\u00f3n. La elecci\u00f3n del t\u00e9rmino \u201cfeminismo\u201d es, en s\u00ed misma, una declaraci\u00f3n de intenciones y una cr\u00edtica profundamente arraigada a las [&hellip;]<\/p>\n","protected":false},"author":1,"featured_media":1042401,"comment_status":"open","ping_status":"open","sticky":false,"template":"","format":"standard","meta":{"footnotes":""},"categories":[83],"tags":[],"class_list":{"0":"post-1049741","1":"post","2":"type-post","3":"status-publish","4":"format-standard","5":"has-post-thumbnail","7":"category-presentada"},"yoast_head":"<!-- This site is optimized with the Yoast SEO plugin v27.4 - https:\/\/yoast.com\/product\/yoast-seo-wordpress\/ -->\n<title>\u00bfPor qu\u00e9 se llama feminismo y no de otra manera? Clave para entenderlo<\/title>\n<meta name=\"description\" content=\"\u00bfAlguna vez te has preguntado por qu\u00e9 a esta lucha se le llama feminismo y no de otra manera? La nomenclatura no es un mero capricho ling\u00fc\u00edstico; encierra\" \/>\n<meta name=\"robots\" content=\"index, follow, max-snippet:-1, max-image-preview:large, max-video-preview:-1\" \/>\n<link rel=\"canonical\" href=\"https:\/\/thefeminismproject.com\/es\/presentada\/por-que-se-llama-feminismo-y-no-de-otra-manera-clave-para-entenderlo\/\" \/>\n<meta property=\"og:locale\" content=\"es_ES\" \/>\n<meta property=\"og:type\" content=\"article\" \/>\n<meta property=\"og:title\" content=\"\u00bfPor qu\u00e9 se llama feminismo y no de otra manera? Clave para entenderlo\" \/>\n<meta property=\"og:description\" content=\"\u00bfAlguna vez te has preguntado por qu\u00e9 a esta lucha se le llama feminismo y no de otra manera? La nomenclatura no es un mero capricho ling\u00fc\u00edstico; encierra\" \/>\n<meta property=\"og:url\" content=\"https:\/\/thefeminismproject.com\/es\/presentada\/por-que-se-llama-feminismo-y-no-de-otra-manera-clave-para-entenderlo\/\" \/>\n<meta property=\"og:site_name\" content=\"thefeminismproject.com\" \/>\n<meta property=\"article:published_time\" content=\"2025-03-25T18:13:40+00:00\" \/>\n<meta property=\"og:image\" content=\"https:\/\/thefeminismproject.com\/wp-content\/uploads\/2025\/04\/6829564.jpg\" \/>\n\t<meta property=\"og:image:width\" content=\"1600\" \/>\n\t<meta property=\"og:image:height\" content=\"900\" \/>\n\t<meta property=\"og:image:type\" content=\"image\/jpeg\" \/>\n<meta name=\"author\" content=\"Joaquimma Anna\" \/>\n<meta name=\"twitter:card\" content=\"summary_large_image\" \/>\n<meta name=\"twitter:label1\" content=\"Escrito por\" \/>\n\t<meta name=\"twitter:data1\" content=\"Joaquimma Anna\" \/>\n\t<meta name=\"twitter:label2\" content=\"Tiempo de lectura\" \/>\n\t<meta name=\"twitter:data2\" content=\"4 minutos\" \/>\n<script type=\"application\/ld+json\" class=\"yoast-schema-graph\">{\"@context\":\"https:\\\/\\\/schema.org\",\"@graph\":[{\"@type\":\"Article\",\"@id\":\"https:\\\/\\\/thefeminismproject.com\\\/es\\\/presentada\\\/por-que-se-llama-feminismo-y-no-de-otra-manera-clave-para-entenderlo\\\/#article\",\"isPartOf\":{\"@id\":\"https:\\\/\\\/thefeminismproject.com\\\/es\\\/presentada\\\/por-que-se-llama-feminismo-y-no-de-otra-manera-clave-para-entenderlo\\\/\"},\"author\":{\"name\":\"Joaquimma Anna\",\"@id\":\"https:\\\/\\\/thefeminismproject.com\\\/es\\\/#\\\/schema\\\/person\\\/d2d84f0918ac04ca2b9f5b912890ad51\"},\"headline\":\"\u00bfPor qu\u00e9 se llama feminismo y no de otra manera? Clave para entenderlo\",\"datePublished\":\"2025-03-25T18:13:40+00:00\",\"mainEntityOfPage\":{\"@id\":\"https:\\\/\\\/thefeminismproject.com\\\/es\\\/presentada\\\/por-que-se-llama-feminismo-y-no-de-otra-manera-clave-para-entenderlo\\\/\"},\"wordCount\":910,\"commentCount\":0,\"publisher\":{\"@id\":\"https:\\\/\\\/thefeminismproject.com\\\/es\\\/#organization\"},\"image\":{\"@id\":\"https:\\\/\\\/thefeminismproject.com\\\/es\\\/presentada\\\/por-que-se-llama-feminismo-y-no-de-otra-manera-clave-para-entenderlo\\\/#primaryimage\"},\"thumbnailUrl\":\"https:\\\/\\\/thefeminismproject.com\\\/wp-content\\\/uploads\\\/2025\\\/04\\\/6829564.jpg\",\"articleSection\":[\"Presentada\"],\"inLanguage\":\"es\",\"potentialAction\":[{\"@type\":\"CommentAction\",\"name\":\"Comment\",\"target\":[\"https:\\\/\\\/thefeminismproject.com\\\/es\\\/presentada\\\/por-que-se-llama-feminismo-y-no-de-otra-manera-clave-para-entenderlo\\\/#respond\"]}]},{\"@type\":\"WebPage\",\"@id\":\"https:\\\/\\\/thefeminismproject.com\\\/es\\\/presentada\\\/por-que-se-llama-feminismo-y-no-de-otra-manera-clave-para-entenderlo\\\/\",\"url\":\"https:\\\/\\\/thefeminismproject.com\\\/es\\\/presentada\\\/por-que-se-llama-feminismo-y-no-de-otra-manera-clave-para-entenderlo\\\/\",\"name\":\"\u00bfPor qu\u00e9 se llama feminismo y no de otra manera? Clave para entenderlo\",\"isPartOf\":{\"@id\":\"https:\\\/\\\/thefeminismproject.com\\\/es\\\/#website\"},\"primaryImageOfPage\":{\"@id\":\"https:\\\/\\\/thefeminismproject.com\\\/es\\\/presentada\\\/por-que-se-llama-feminismo-y-no-de-otra-manera-clave-para-entenderlo\\\/#primaryimage\"},\"image\":{\"@id\":\"https:\\\/\\\/thefeminismproject.com\\\/es\\\/presentada\\\/por-que-se-llama-feminismo-y-no-de-otra-manera-clave-para-entenderlo\\\/#primaryimage\"},\"thumbnailUrl\":\"https:\\\/\\\/thefeminismproject.com\\\/wp-content\\\/uploads\\\/2025\\\/04\\\/6829564.jpg\",\"datePublished\":\"2025-03-25T18:13:40+00:00\",\"description\":\"\u00bfAlguna vez te has preguntado por qu\u00e9 a esta lucha se le llama feminismo y no de otra manera? La nomenclatura no es un mero capricho ling\u00fc\u00edstico; encierra\",\"breadcrumb\":{\"@id\":\"https:\\\/\\\/thefeminismproject.com\\\/es\\\/presentada\\\/por-que-se-llama-feminismo-y-no-de-otra-manera-clave-para-entenderlo\\\/#breadcrumb\"},\"inLanguage\":\"es\",\"potentialAction\":[{\"@type\":\"ReadAction\",\"target\":[\"https:\\\/\\\/thefeminismproject.com\\\/es\\\/presentada\\\/por-que-se-llama-feminismo-y-no-de-otra-manera-clave-para-entenderlo\\\/\"]}]},{\"@type\":\"ImageObject\",\"inLanguage\":\"es\",\"@id\":\"https:\\\/\\\/thefeminismproject.com\\\/es\\\/presentada\\\/por-que-se-llama-feminismo-y-no-de-otra-manera-clave-para-entenderlo\\\/#primaryimage\",\"url\":\"https:\\\/\\\/thefeminismproject.com\\\/wp-content\\\/uploads\\\/2025\\\/04\\\/6829564.jpg\",\"contentUrl\":\"https:\\\/\\\/thefeminismproject.com\\\/wp-content\\\/uploads\\\/2025\\\/04\\\/6829564.jpg\",\"width\":1600,\"height\":900},{\"@type\":\"BreadcrumbList\",\"@id\":\"https:\\\/\\\/thefeminismproject.com\\\/es\\\/presentada\\\/por-que-se-llama-feminismo-y-no-de-otra-manera-clave-para-entenderlo\\\/#breadcrumb\",\"itemListElement\":[{\"@type\":\"ListItem\",\"position\":1,\"name\":\"Home\",\"item\":\"https:\\\/\\\/thefeminismproject.com\\\/es\\\/inicio\\\/\"},{\"@type\":\"ListItem\",\"position\":2,\"name\":\"\u00bfPor qu\u00e9 se llama feminismo y no de otra manera? Clave para entenderlo\"}]},{\"@type\":\"WebSite\",\"@id\":\"https:\\\/\\\/thefeminismproject.com\\\/es\\\/#website\",\"url\":\"https:\\\/\\\/thefeminismproject.com\\\/es\\\/\",\"name\":\"thefeminismproject.com\",\"description\":\"Popular culture with a feminist twist | let&#039;s talk about things that matter (news that feels right)\",\"publisher\":{\"@id\":\"https:\\\/\\\/thefeminismproject.com\\\/es\\\/#organization\"},\"potentialAction\":[{\"@type\":\"SearchAction\",\"target\":{\"@type\":\"EntryPoint\",\"urlTemplate\":\"https:\\\/\\\/thefeminismproject.com\\\/es\\\/?s={search_term_string}\"},\"query-input\":{\"@type\":\"PropertyValueSpecification\",\"valueRequired\":true,\"valueName\":\"search_term_string\"}}],\"inLanguage\":\"es\"},{\"@type\":\"Organization\",\"@id\":\"https:\\\/\\\/thefeminismproject.com\\\/es\\\/#organization\",\"name\":\"thefeminismproject.com\",\"url\":\"https:\\\/\\\/thefeminismproject.com\\\/es\\\/\",\"logo\":{\"@type\":\"ImageObject\",\"inLanguage\":\"es\",\"@id\":\"https:\\\/\\\/thefeminismproject.com\\\/es\\\/#\\\/schema\\\/logo\\\/image\\\/\",\"url\":\"https:\\\/\\\/thefeminismproject.com\\\/wp-content\\\/uploads\\\/2024\\\/10\\\/pexels-vazhnik-7561648.jpg\",\"contentUrl\":\"https:\\\/\\\/thefeminismproject.com\\\/wp-content\\\/uploads\\\/2024\\\/10\\\/pexels-vazhnik-7561648.jpg\",\"width\":2500,\"height\":1667,\"caption\":\"thefeminismproject.com\"},\"image\":{\"@id\":\"https:\\\/\\\/thefeminismproject.com\\\/es\\\/#\\\/schema\\\/logo\\\/image\\\/\"}},{\"@type\":\"Person\",\"@id\":\"https:\\\/\\\/thefeminismproject.com\\\/es\\\/#\\\/schema\\\/person\\\/d2d84f0918ac04ca2b9f5b912890ad51\",\"name\":\"Joaquimma Anna\",\"image\":{\"@type\":\"ImageObject\",\"inLanguage\":\"es\",\"@id\":\"https:\\\/\\\/secure.gravatar.com\\\/avatar\\\/7d06747db1565e73d68391d596fc2eb15a10a4b4c1864574c454435523af94f1?s=96&d=mm&r=g\",\"url\":\"https:\\\/\\\/secure.gravatar.com\\\/avatar\\\/7d06747db1565e73d68391d596fc2eb15a10a4b4c1864574c454435523af94f1?s=96&d=mm&r=g\",\"contentUrl\":\"https:\\\/\\\/secure.gravatar.com\\\/avatar\\\/7d06747db1565e73d68391d596fc2eb15a10a4b4c1864574c454435523af94f1?s=96&d=mm&r=g\",\"caption\":\"Joaquimma Anna\"},\"description\":\"Hi my name Joaquimma Anna, and let's tumble down the rabbit hole of thought! At thefeminismproject.com, this blog is a whimsical carnival of ideas. As a mischievous feminism activist, I'm here to juggle the narratives of women. This project? A delightful escapade into the absurdities and splendors of our world. Expect the unexpected!\",\"sameAs\":[\"http:\\\/\\\/thefeminismproject.com\"],\"url\":\"https:\\\/\\\/thefeminismproject.com\\\/es\\\/author\\\/bella-sungkawa\\\/\"}]}<\/script>\n<!-- \/ Yoast SEO plugin. -->","yoast_head_json":{"title":"\u00bfPor qu\u00e9 se llama feminismo y no de otra manera? Clave para entenderlo","description":"\u00bfAlguna vez te has preguntado por qu\u00e9 a esta lucha se le llama feminismo y no de otra manera? La nomenclatura no es un mero capricho ling\u00fc\u00edstico; encierra","robots":{"index":"index","follow":"follow","max-snippet":"max-snippet:-1","max-image-preview":"max-image-preview:large","max-video-preview":"max-video-preview:-1"},"canonical":"https:\/\/thefeminismproject.com\/es\/presentada\/por-que-se-llama-feminismo-y-no-de-otra-manera-clave-para-entenderlo\/","og_locale":"es_ES","og_type":"article","og_title":"\u00bfPor qu\u00e9 se llama feminismo y no de otra manera? Clave para entenderlo","og_description":"\u00bfAlguna vez te has preguntado por qu\u00e9 a esta lucha se le llama feminismo y no de otra manera? La nomenclatura no es un mero capricho ling\u00fc\u00edstico; encierra","og_url":"https:\/\/thefeminismproject.com\/es\/presentada\/por-que-se-llama-feminismo-y-no-de-otra-manera-clave-para-entenderlo\/","og_site_name":"thefeminismproject.com","article_published_time":"2025-03-25T18:13:40+00:00","og_image":[{"width":1600,"height":900,"url":"https:\/\/thefeminismproject.com\/wp-content\/uploads\/2025\/04\/6829564.jpg","type":"image\/jpeg"}],"author":"Joaquimma Anna","twitter_card":"summary_large_image","twitter_misc":{"Escrito por":"Joaquimma Anna","Tiempo de lectura":"4 minutos"},"schema":{"@context":"https:\/\/schema.org","@graph":[{"@type":"Article","@id":"https:\/\/thefeminismproject.com\/es\/presentada\/por-que-se-llama-feminismo-y-no-de-otra-manera-clave-para-entenderlo\/#article","isPartOf":{"@id":"https:\/\/thefeminismproject.com\/es\/presentada\/por-que-se-llama-feminismo-y-no-de-otra-manera-clave-para-entenderlo\/"},"author":{"name":"Joaquimma Anna","@id":"https:\/\/thefeminismproject.com\/es\/#\/schema\/person\/d2d84f0918ac04ca2b9f5b912890ad51"},"headline":"\u00bfPor qu\u00e9 se llama feminismo y no de otra manera? Clave para entenderlo","datePublished":"2025-03-25T18:13:40+00:00","mainEntityOfPage":{"@id":"https:\/\/thefeminismproject.com\/es\/presentada\/por-que-se-llama-feminismo-y-no-de-otra-manera-clave-para-entenderlo\/"},"wordCount":910,"commentCount":0,"publisher":{"@id":"https:\/\/thefeminismproject.com\/es\/#organization"},"image":{"@id":"https:\/\/thefeminismproject.com\/es\/presentada\/por-que-se-llama-feminismo-y-no-de-otra-manera-clave-para-entenderlo\/#primaryimage"},"thumbnailUrl":"https:\/\/thefeminismproject.com\/wp-content\/uploads\/2025\/04\/6829564.jpg","articleSection":["Presentada"],"inLanguage":"es","potentialAction":[{"@type":"CommentAction","name":"Comment","target":["https:\/\/thefeminismproject.com\/es\/presentada\/por-que-se-llama-feminismo-y-no-de-otra-manera-clave-para-entenderlo\/#respond"]}]},{"@type":"WebPage","@id":"https:\/\/thefeminismproject.com\/es\/presentada\/por-que-se-llama-feminismo-y-no-de-otra-manera-clave-para-entenderlo\/","url":"https:\/\/thefeminismproject.com\/es\/presentada\/por-que-se-llama-feminismo-y-no-de-otra-manera-clave-para-entenderlo\/","name":"\u00bfPor qu\u00e9 se llama feminismo y no de otra manera? Clave para entenderlo","isPartOf":{"@id":"https:\/\/thefeminismproject.com\/es\/#website"},"primaryImageOfPage":{"@id":"https:\/\/thefeminismproject.com\/es\/presentada\/por-que-se-llama-feminismo-y-no-de-otra-manera-clave-para-entenderlo\/#primaryimage"},"image":{"@id":"https:\/\/thefeminismproject.com\/es\/presentada\/por-que-se-llama-feminismo-y-no-de-otra-manera-clave-para-entenderlo\/#primaryimage"},"thumbnailUrl":"https:\/\/thefeminismproject.com\/wp-content\/uploads\/2025\/04\/6829564.jpg","datePublished":"2025-03-25T18:13:40+00:00","description":"\u00bfAlguna vez te has preguntado por qu\u00e9 a esta lucha se le llama feminismo y no de otra manera? La nomenclatura no es un mero capricho ling\u00fc\u00edstico; encierra","breadcrumb":{"@id":"https:\/\/thefeminismproject.com\/es\/presentada\/por-que-se-llama-feminismo-y-no-de-otra-manera-clave-para-entenderlo\/#breadcrumb"},"inLanguage":"es","potentialAction":[{"@type":"ReadAction","target":["https:\/\/thefeminismproject.com\/es\/presentada\/por-que-se-llama-feminismo-y-no-de-otra-manera-clave-para-entenderlo\/"]}]},{"@type":"ImageObject","inLanguage":"es","@id":"https:\/\/thefeminismproject.com\/es\/presentada\/por-que-se-llama-feminismo-y-no-de-otra-manera-clave-para-entenderlo\/#primaryimage","url":"https:\/\/thefeminismproject.com\/wp-content\/uploads\/2025\/04\/6829564.jpg","contentUrl":"https:\/\/thefeminismproject.com\/wp-content\/uploads\/2025\/04\/6829564.jpg","width":1600,"height":900},{"@type":"BreadcrumbList","@id":"https:\/\/thefeminismproject.com\/es\/presentada\/por-que-se-llama-feminismo-y-no-de-otra-manera-clave-para-entenderlo\/#breadcrumb","itemListElement":[{"@type":"ListItem","position":1,"name":"Home","item":"https:\/\/thefeminismproject.com\/es\/inicio\/"},{"@type":"ListItem","position":2,"name":"\u00bfPor qu\u00e9 se llama feminismo y no de otra manera? Clave para entenderlo"}]},{"@type":"WebSite","@id":"https:\/\/thefeminismproject.com\/es\/#website","url":"https:\/\/thefeminismproject.com\/es\/","name":"thefeminismproject.com","description":"Popular culture with a feminist twist | let&#039;s talk about things that matter (news that feels right)","publisher":{"@id":"https:\/\/thefeminismproject.com\/es\/#organization"},"potentialAction":[{"@type":"SearchAction","target":{"@type":"EntryPoint","urlTemplate":"https:\/\/thefeminismproject.com\/es\/?s={search_term_string}"},"query-input":{"@type":"PropertyValueSpecification","valueRequired":true,"valueName":"search_term_string"}}],"inLanguage":"es"},{"@type":"Organization","@id":"https:\/\/thefeminismproject.com\/es\/#organization","name":"thefeminismproject.com","url":"https:\/\/thefeminismproject.com\/es\/","logo":{"@type":"ImageObject","inLanguage":"es","@id":"https:\/\/thefeminismproject.com\/es\/#\/schema\/logo\/image\/","url":"https:\/\/thefeminismproject.com\/wp-content\/uploads\/2024\/10\/pexels-vazhnik-7561648.jpg","contentUrl":"https:\/\/thefeminismproject.com\/wp-content\/uploads\/2024\/10\/pexels-vazhnik-7561648.jpg","width":2500,"height":1667,"caption":"thefeminismproject.com"},"image":{"@id":"https:\/\/thefeminismproject.com\/es\/#\/schema\/logo\/image\/"}},{"@type":"Person","@id":"https:\/\/thefeminismproject.com\/es\/#\/schema\/person\/d2d84f0918ac04ca2b9f5b912890ad51","name":"Joaquimma Anna","image":{"@type":"ImageObject","inLanguage":"es","@id":"https:\/\/secure.gravatar.com\/avatar\/7d06747db1565e73d68391d596fc2eb15a10a4b4c1864574c454435523af94f1?s=96&d=mm&r=g","url":"https:\/\/secure.gravatar.com\/avatar\/7d06747db1565e73d68391d596fc2eb15a10a4b4c1864574c454435523af94f1?s=96&d=mm&r=g","contentUrl":"https:\/\/secure.gravatar.com\/avatar\/7d06747db1565e73d68391d596fc2eb15a10a4b4c1864574c454435523af94f1?s=96&d=mm&r=g","caption":"Joaquimma Anna"},"description":"Hi my name Joaquimma Anna, and let's tumble down the rabbit hole of thought! At thefeminismproject.com, this blog is a whimsical carnival of ideas. As a mischievous feminism activist, I'm here to juggle the narratives of women. This project? A delightful escapade into the absurdities and splendors of our world. Expect the unexpected!","sameAs":["http:\/\/thefeminismproject.com"],"url":"https:\/\/thefeminismproject.com\/es\/author\/bella-sungkawa\/"}]}},"_links":{"self":[{"href":"https:\/\/thefeminismproject.com\/es\/wp-json\/wp\/v2\/posts\/1049741","targetHints":{"allow":["GET"]}}],"collection":[{"href":"https:\/\/thefeminismproject.com\/es\/wp-json\/wp\/v2\/posts"}],"about":[{"href":"https:\/\/thefeminismproject.com\/es\/wp-json\/wp\/v2\/types\/post"}],"author":[{"embeddable":true,"href":"https:\/\/thefeminismproject.com\/es\/wp-json\/wp\/v2\/users\/1"}],"replies":[{"embeddable":true,"href":"https:\/\/thefeminismproject.com\/es\/wp-json\/wp\/v2\/comments?post=1049741"}],"version-history":[{"count":0,"href":"https:\/\/thefeminismproject.com\/es\/wp-json\/wp\/v2\/posts\/1049741\/revisions"}],"wp:featuredmedia":[{"embeddable":true,"href":"https:\/\/thefeminismproject.com\/es\/wp-json\/wp\/v2\/media\/1042401"}],"wp:attachment":[{"href":"https:\/\/thefeminismproject.com\/es\/wp-json\/wp\/v2\/media?parent=1049741"}],"wp:term":[{"taxonomy":"category","embeddable":true,"href":"https:\/\/thefeminismproject.com\/es\/wp-json\/wp\/v2\/categories?post=1049741"},{"taxonomy":"post_tag","embeddable":true,"href":"https:\/\/thefeminismproject.com\/es\/wp-json\/wp\/v2\/tags?post=1049741"}],"curies":[{"name":"wp","href":"https:\/\/api.w.org\/{rel}","templated":true}]}}