{"id":1049795,"date":"2025-04-29T01:31:16","date_gmt":"2025-04-29T01:31:16","guid":{"rendered":"https:\/\/thefeminismproject.com\/sin-categoria\/por-que-es-importante-que-los-hombres-sean-feministas-igualdad-real\/"},"modified":"2025-04-29T01:31:16","modified_gmt":"2025-04-29T01:31:16","slug":"por-que-es-importante-que-los-hombres-sean-feministas-igualdad-real","status":"publish","type":"post","link":"https:\/\/thefeminismproject.com\/es\/presentada\/por-que-es-importante-que-los-hombres-sean-feministas-igualdad-real\/","title":{"rendered":"\u00bfPor qu\u00e9 es importante que los hombres sean feministas? Igualdad real"},"content":{"rendered":"<p>La lucha por la igualdad de g\u00e9nero ha avanzado en muchas direcciones, pero a\u00fan se enfrenta a grandes desaf\u00edos. Un aspecto que a menudo se pasa por alto en esta batalla es el papel de los hombres como aliados en la causa feminista. \u00bfPor qu\u00e9 es crucial que los hombres se identifiquen como feministas? La respuesta es simple, pero poderosa: la igualdad real no puede lograrse sin la participaci\u00f3n activa de todos los g\u00e9neros. No se trata solo de un movimiento que ata\u00f1e a las mujeres; es, ante todo, un esfuerzo colectivo por una sociedad m\u00e1s justa.<\/p>\n<p>Para entender la importancia de la inclusi\u00f3n de los hombres en el feminismo, se debe considerar primero la naturaleza sistem\u00e1tica de la desigualdad de g\u00e9nero. Desde una edad temprana, a los hombres se les socializa para mostrar una serie de comportamientos que fomentan una jerarqu\u00eda de poder. Se les ense\u00f1a a ser competitivos, agresivos y, a menudo, insensibles. Este modelo no solo empodera a una minor\u00eda; tambi\u00e9n perjudica a los mismos hombres al limitar su expresi\u00f3n emocional y sus interacciones en el \u00e1mbito social. Al convertirse en feministas, los hombres pueden romper con estas limitaciones que les han sido impuestas, liber\u00e1ndose as\u00ed de un molde restrictivo.<\/p>\n<p>El feminismo no busca despojar a los hombres de su poder, sino cuestionar la estructura que permite que ese poder se concentre predominantemente en manos masculinas. La igualdad de g\u00e9nero implica la redistribuci\u00f3n de poder y recursos de forma equitativa. Aquellos hombres que se manifiestan como feministas tienen la oportunidad de abogar por una transformaci\u00f3n social que incluye sus voces. Se convierten en embajadores de un cambio que desaf\u00eda las normas tradicionales y promueve un equilibrio que beneficia a todos.<\/p>\n<p>Sin embargo, este proceso no es sencillo. Algunos hombres pueden ver el feminismo como una amenaza a su masculinidad o a su estatus social. Este temor es comprensible, dado que la sociedad ha hecho un gran esfuerzo por mantener un orden patriarcal. Pero aqu\u00ed es donde se presenta el desaf\u00edo. \u00bfNo es acaso m\u00e1s valioso el reconocimiento de nuestra vulnerabilidad y la aceptaci\u00f3n de nuestra humanidad compartida? El feminismo invita a todos a reexaminar lo que significa ser un hombre en un mundo que evolucionar\u00e1 inevitablemente hacia la equidad. <\/p>\n<p>Cuando los hombres deciden identificarse como feministas, lo hacen en un contexto que no solo les permite apoyar a las mujeres, sino que tambi\u00e9n les da la libertad de luchar contra la misoginia y el machismo que, ir\u00f3nicamente, tambi\u00e9n les perjudica. Por ejemplo, \u00bfacaso no es un acto de valent\u00eda alzar la voz contra comentarios despectivos o actitudes degradantes hacia las mujeres en sus c\u00edrculos sociales? La verdadera prueba de un aliado se manifiesta en su disposici\u00f3n para ser una voz activa en la lucha contra la opresi\u00f3n. Ello significa escuchar a las mujeres, aprender de sus experiencias y actuar en consecuencia.<\/p>\n<p>Adem\u00e1s, es esencial que los hombres comprendan que su papel como feministas no es ser los protagonistas de la narrativa feminista, sino los detractores de la opresi\u00f3n. La historia ha sido escrita principalmente por voces masculinas, lo que resulta en una falta de representaci\u00f3n y empat\u00eda hacia las experiencias de las mujeres. Este desequilibrio ha perpetuado ciclos de violencia y desigualdad. Al convertirse en aliados, los hombres pueden ayudar a reescribir esta narrativa y amplificar las voces que han sido marginalizadas durante demasiado tiempo.<\/p>\n<p>La lucha por la igualdad de g\u00e9nero requiere un esfuerzo comprometido y sostenido. Estrategias efectivas para impulsar la inclusi\u00f3n de los hombres en el feminismo incluyen la educaci\u00f3n y la sensibilizaci\u00f3n. Espacios de reflexi\u00f3n, grupos de discusi\u00f3n y talleres sobre masculinidad y feminismo pueden ser plataformas efectivas para fomentar el di\u00e1logo. A trav\u00e9s de estas iniciativas, se pueden desmantelar mitos da\u00f1inos y construir un entendimiento colectivo que reconozca la interconexi\u00f3n de los g\u00e9neros en el \u00e1mbito de los derechos humanos.<\/p>\n<p>Y, aunque algunos hombres tal vez sientan que su implicaci\u00f3n en el feminismo es irrelevante o que no hay nada en juego para ellos, es fundamental desmitificar esa percepci\u00f3n. La lucha por la igualdad beneficia a todos, no solo a las mujeres. Una sociedad justa y equitativa promueve el bienestar general, reduce las tasas de violencia, fomenta una mejor salud mental y mejora nuestras comunidades. En \u00faltima instancia, \u00bfno ser\u00eda un mundo m\u00e1s placentero si todos pudi\u00e9ramos contribuir a una causa tan noble?<\/p>\n<p>Para cerrar, el feminismo es una revoluci\u00f3n que invita a todos a participar. La lucha por la igualdad real est\u00e1 lejos de concluir, y los hombres tienen un papel crucial en ese viaje. Invitar a los hombres a ser feministas no solo es necesario; es esencial para lograr una transformaci\u00f3n duradera en nuestra sociedad. As\u00ed que, la pr\u00f3xima vez que escuchemos el t\u00e9rmino \u00abfeminista\u00bb, recordemos que no es exclusivo de un g\u00e9nero. En lugar de unirse a la resistencia, los hombres tienen la oportunidad de ser parte del cambio, un cambio que beneficiar\u00e1 a toda la humanidad. Y, sinceramente, \u00bfqui\u00e9n no quiere ser parte de un mundo m\u00e1s justo y equitativo?<\/p>\n","protected":false},"excerpt":{"rendered":"<p>La lucha por la igualdad de g\u00e9nero ha avanzado en muchas direcciones, pero a\u00fan se enfrenta a grandes desaf\u00edos. Un aspecto que a menudo se pasa por alto en esta batalla es el papel de los hombres como aliados en la causa feminista. \u00bfPor qu\u00e9 es crucial que los hombres se identifiquen como feministas? La [&hellip;]<\/p>\n","protected":false},"author":1,"featured_media":1042097,"comment_status":"open","ping_status":"open","sticky":false,"template":"","format":"standard","meta":{"footnotes":""},"categories":[83],"tags":[],"class_list":{"0":"post-1049795","1":"post","2":"type-post","3":"status-publish","4":"format-standard","5":"has-post-thumbnail","7":"category-presentada"},"yoast_head":"<!-- This site is optimized with the Yoast SEO plugin v27.4 - https:\/\/yoast.com\/product\/yoast-seo-wordpress\/ -->\n<title>\u00bfPor qu\u00e9 es importante que los hombres sean feministas? Igualdad real<\/title>\n<meta name=\"description\" content=\"La lucha por la igualdad de g\u00e9nero ha avanzado en muchas direcciones, pero a\u00fan se enfrenta a grandes desaf\u00edos. Un aspecto que a menudo se pasa por alto en\" \/>\n<meta name=\"robots\" content=\"index, follow, max-snippet:-1, max-image-preview:large, max-video-preview:-1\" \/>\n<link rel=\"canonical\" href=\"https:\/\/thefeminismproject.com\/es\/presentada\/por-que-es-importante-que-los-hombres-sean-feministas-igualdad-real\/\" \/>\n<meta property=\"og:locale\" content=\"es_ES\" \/>\n<meta property=\"og:type\" content=\"article\" \/>\n<meta property=\"og:title\" content=\"\u00bfPor qu\u00e9 es importante que los hombres sean feministas? Igualdad real\" \/>\n<meta property=\"og:description\" content=\"La lucha por la igualdad de g\u00e9nero ha avanzado en muchas direcciones, pero a\u00fan se enfrenta a grandes desaf\u00edos. Un aspecto que a menudo se pasa por alto en\" \/>\n<meta property=\"og:url\" content=\"https:\/\/thefeminismproject.com\/es\/presentada\/por-que-es-importante-que-los-hombres-sean-feministas-igualdad-real\/\" \/>\n<meta property=\"og:site_name\" content=\"thefeminismproject.com\" \/>\n<meta property=\"article:published_time\" content=\"2025-04-29T01:31:16+00:00\" \/>\n<meta property=\"og:image\" content=\"https:\/\/thefeminismproject.com\/wp-content\/uploads\/2025\/04\/Que-es-el-Feminismo.jpg\" \/>\n\t<meta property=\"og:image:width\" content=\"1263\" \/>\n\t<meta property=\"og:image:height\" content=\"893\" \/>\n\t<meta property=\"og:image:type\" content=\"image\/jpeg\" \/>\n<meta name=\"author\" content=\"Joaquimma Anna\" \/>\n<meta name=\"twitter:card\" content=\"summary_large_image\" \/>\n<meta name=\"twitter:label1\" content=\"Escrito por\" \/>\n\t<meta name=\"twitter:data1\" content=\"Joaquimma Anna\" \/>\n\t<meta name=\"twitter:label2\" content=\"Tiempo de lectura\" \/>\n\t<meta name=\"twitter:data2\" content=\"4 minutos\" \/>\n<script type=\"application\/ld+json\" class=\"yoast-schema-graph\">{\"@context\":\"https:\\\/\\\/schema.org\",\"@graph\":[{\"@type\":\"Article\",\"@id\":\"https:\\\/\\\/thefeminismproject.com\\\/es\\\/presentada\\\/por-que-es-importante-que-los-hombres-sean-feministas-igualdad-real\\\/#article\",\"isPartOf\":{\"@id\":\"https:\\\/\\\/thefeminismproject.com\\\/es\\\/presentada\\\/por-que-es-importante-que-los-hombres-sean-feministas-igualdad-real\\\/\"},\"author\":{\"name\":\"Joaquimma Anna\",\"@id\":\"https:\\\/\\\/thefeminismproject.com\\\/es\\\/#\\\/schema\\\/person\\\/d2d84f0918ac04ca2b9f5b912890ad51\"},\"headline\":\"\u00bfPor qu\u00e9 es importante que los hombres sean feministas? Igualdad real\",\"datePublished\":\"2025-04-29T01:31:16+00:00\",\"mainEntityOfPage\":{\"@id\":\"https:\\\/\\\/thefeminismproject.com\\\/es\\\/presentada\\\/por-que-es-importante-que-los-hombres-sean-feministas-igualdad-real\\\/\"},\"wordCount\":900,\"commentCount\":0,\"publisher\":{\"@id\":\"https:\\\/\\\/thefeminismproject.com\\\/es\\\/#organization\"},\"image\":{\"@id\":\"https:\\\/\\\/thefeminismproject.com\\\/es\\\/presentada\\\/por-que-es-importante-que-los-hombres-sean-feministas-igualdad-real\\\/#primaryimage\"},\"thumbnailUrl\":\"https:\\\/\\\/thefeminismproject.com\\\/wp-content\\\/uploads\\\/2025\\\/04\\\/Que-es-el-Feminismo.jpg\",\"articleSection\":[\"Presentada\"],\"inLanguage\":\"es\",\"potentialAction\":[{\"@type\":\"CommentAction\",\"name\":\"Comment\",\"target\":[\"https:\\\/\\\/thefeminismproject.com\\\/es\\\/presentada\\\/por-que-es-importante-que-los-hombres-sean-feministas-igualdad-real\\\/#respond\"]}]},{\"@type\":\"WebPage\",\"@id\":\"https:\\\/\\\/thefeminismproject.com\\\/es\\\/presentada\\\/por-que-es-importante-que-los-hombres-sean-feministas-igualdad-real\\\/\",\"url\":\"https:\\\/\\\/thefeminismproject.com\\\/es\\\/presentada\\\/por-que-es-importante-que-los-hombres-sean-feministas-igualdad-real\\\/\",\"name\":\"\u00bfPor qu\u00e9 es importante que los hombres sean feministas? Igualdad real\",\"isPartOf\":{\"@id\":\"https:\\\/\\\/thefeminismproject.com\\\/es\\\/#website\"},\"primaryImageOfPage\":{\"@id\":\"https:\\\/\\\/thefeminismproject.com\\\/es\\\/presentada\\\/por-que-es-importante-que-los-hombres-sean-feministas-igualdad-real\\\/#primaryimage\"},\"image\":{\"@id\":\"https:\\\/\\\/thefeminismproject.com\\\/es\\\/presentada\\\/por-que-es-importante-que-los-hombres-sean-feministas-igualdad-real\\\/#primaryimage\"},\"thumbnailUrl\":\"https:\\\/\\\/thefeminismproject.com\\\/wp-content\\\/uploads\\\/2025\\\/04\\\/Que-es-el-Feminismo.jpg\",\"datePublished\":\"2025-04-29T01:31:16+00:00\",\"description\":\"La lucha por la igualdad de g\u00e9nero ha avanzado en muchas direcciones, pero a\u00fan se enfrenta a grandes desaf\u00edos. Un aspecto que a menudo se pasa por alto en\",\"breadcrumb\":{\"@id\":\"https:\\\/\\\/thefeminismproject.com\\\/es\\\/presentada\\\/por-que-es-importante-que-los-hombres-sean-feministas-igualdad-real\\\/#breadcrumb\"},\"inLanguage\":\"es\",\"potentialAction\":[{\"@type\":\"ReadAction\",\"target\":[\"https:\\\/\\\/thefeminismproject.com\\\/es\\\/presentada\\\/por-que-es-importante-que-los-hombres-sean-feministas-igualdad-real\\\/\"]}]},{\"@type\":\"ImageObject\",\"inLanguage\":\"es\",\"@id\":\"https:\\\/\\\/thefeminismproject.com\\\/es\\\/presentada\\\/por-que-es-importante-que-los-hombres-sean-feministas-igualdad-real\\\/#primaryimage\",\"url\":\"https:\\\/\\\/thefeminismproject.com\\\/wp-content\\\/uploads\\\/2025\\\/04\\\/Que-es-el-Feminismo.jpg\",\"contentUrl\":\"https:\\\/\\\/thefeminismproject.com\\\/wp-content\\\/uploads\\\/2025\\\/04\\\/Que-es-el-Feminismo.jpg\",\"width\":1263,\"height\":893},{\"@type\":\"BreadcrumbList\",\"@id\":\"https:\\\/\\\/thefeminismproject.com\\\/es\\\/presentada\\\/por-que-es-importante-que-los-hombres-sean-feministas-igualdad-real\\\/#breadcrumb\",\"itemListElement\":[{\"@type\":\"ListItem\",\"position\":1,\"name\":\"Home\",\"item\":\"https:\\\/\\\/thefeminismproject.com\\\/es\\\/inicio\\\/\"},{\"@type\":\"ListItem\",\"position\":2,\"name\":\"\u00bfPor qu\u00e9 es importante que los hombres sean feministas? Igualdad real\"}]},{\"@type\":\"WebSite\",\"@id\":\"https:\\\/\\\/thefeminismproject.com\\\/es\\\/#website\",\"url\":\"https:\\\/\\\/thefeminismproject.com\\\/es\\\/\",\"name\":\"thefeminismproject.com\",\"description\":\"Popular culture with a feminist twist | let&#039;s talk about things that matter (news that feels right)\",\"publisher\":{\"@id\":\"https:\\\/\\\/thefeminismproject.com\\\/es\\\/#organization\"},\"potentialAction\":[{\"@type\":\"SearchAction\",\"target\":{\"@type\":\"EntryPoint\",\"urlTemplate\":\"https:\\\/\\\/thefeminismproject.com\\\/es\\\/?s={search_term_string}\"},\"query-input\":{\"@type\":\"PropertyValueSpecification\",\"valueRequired\":true,\"valueName\":\"search_term_string\"}}],\"inLanguage\":\"es\"},{\"@type\":\"Organization\",\"@id\":\"https:\\\/\\\/thefeminismproject.com\\\/es\\\/#organization\",\"name\":\"thefeminismproject.com\",\"url\":\"https:\\\/\\\/thefeminismproject.com\\\/es\\\/\",\"logo\":{\"@type\":\"ImageObject\",\"inLanguage\":\"es\",\"@id\":\"https:\\\/\\\/thefeminismproject.com\\\/es\\\/#\\\/schema\\\/logo\\\/image\\\/\",\"url\":\"https:\\\/\\\/thefeminismproject.com\\\/wp-content\\\/uploads\\\/2024\\\/10\\\/pexels-vazhnik-7561648.jpg\",\"contentUrl\":\"https:\\\/\\\/thefeminismproject.com\\\/wp-content\\\/uploads\\\/2024\\\/10\\\/pexels-vazhnik-7561648.jpg\",\"width\":2500,\"height\":1667,\"caption\":\"thefeminismproject.com\"},\"image\":{\"@id\":\"https:\\\/\\\/thefeminismproject.com\\\/es\\\/#\\\/schema\\\/logo\\\/image\\\/\"}},{\"@type\":\"Person\",\"@id\":\"https:\\\/\\\/thefeminismproject.com\\\/es\\\/#\\\/schema\\\/person\\\/d2d84f0918ac04ca2b9f5b912890ad51\",\"name\":\"Joaquimma Anna\",\"image\":{\"@type\":\"ImageObject\",\"inLanguage\":\"es\",\"@id\":\"https:\\\/\\\/secure.gravatar.com\\\/avatar\\\/7d06747db1565e73d68391d596fc2eb15a10a4b4c1864574c454435523af94f1?s=96&d=mm&r=g\",\"url\":\"https:\\\/\\\/secure.gravatar.com\\\/avatar\\\/7d06747db1565e73d68391d596fc2eb15a10a4b4c1864574c454435523af94f1?s=96&d=mm&r=g\",\"contentUrl\":\"https:\\\/\\\/secure.gravatar.com\\\/avatar\\\/7d06747db1565e73d68391d596fc2eb15a10a4b4c1864574c454435523af94f1?s=96&d=mm&r=g\",\"caption\":\"Joaquimma Anna\"},\"description\":\"Hi my name Joaquimma Anna, and let's tumble down the rabbit hole of thought! At thefeminismproject.com, this blog is a whimsical carnival of ideas. As a mischievous feminism activist, I'm here to juggle the narratives of women. This project? A delightful escapade into the absurdities and splendors of our world. Expect the unexpected!\",\"sameAs\":[\"http:\\\/\\\/thefeminismproject.com\"],\"url\":\"https:\\\/\\\/thefeminismproject.com\\\/es\\\/author\\\/bella-sungkawa\\\/\"}]}<\/script>\n<!-- \/ Yoast SEO plugin. -->","yoast_head_json":{"title":"\u00bfPor qu\u00e9 es importante que los hombres sean feministas? Igualdad real","description":"La lucha por la igualdad de g\u00e9nero ha avanzado en muchas direcciones, pero a\u00fan se enfrenta a grandes desaf\u00edos. Un aspecto que a menudo se pasa por alto en","robots":{"index":"index","follow":"follow","max-snippet":"max-snippet:-1","max-image-preview":"max-image-preview:large","max-video-preview":"max-video-preview:-1"},"canonical":"https:\/\/thefeminismproject.com\/es\/presentada\/por-que-es-importante-que-los-hombres-sean-feministas-igualdad-real\/","og_locale":"es_ES","og_type":"article","og_title":"\u00bfPor qu\u00e9 es importante que los hombres sean feministas? Igualdad real","og_description":"La lucha por la igualdad de g\u00e9nero ha avanzado en muchas direcciones, pero a\u00fan se enfrenta a grandes desaf\u00edos. Un aspecto que a menudo se pasa por alto en","og_url":"https:\/\/thefeminismproject.com\/es\/presentada\/por-que-es-importante-que-los-hombres-sean-feministas-igualdad-real\/","og_site_name":"thefeminismproject.com","article_published_time":"2025-04-29T01:31:16+00:00","og_image":[{"width":1263,"height":893,"url":"https:\/\/thefeminismproject.com\/wp-content\/uploads\/2025\/04\/Que-es-el-Feminismo.jpg","type":"image\/jpeg"}],"author":"Joaquimma Anna","twitter_card":"summary_large_image","twitter_misc":{"Escrito por":"Joaquimma Anna","Tiempo de lectura":"4 minutos"},"schema":{"@context":"https:\/\/schema.org","@graph":[{"@type":"Article","@id":"https:\/\/thefeminismproject.com\/es\/presentada\/por-que-es-importante-que-los-hombres-sean-feministas-igualdad-real\/#article","isPartOf":{"@id":"https:\/\/thefeminismproject.com\/es\/presentada\/por-que-es-importante-que-los-hombres-sean-feministas-igualdad-real\/"},"author":{"name":"Joaquimma Anna","@id":"https:\/\/thefeminismproject.com\/es\/#\/schema\/person\/d2d84f0918ac04ca2b9f5b912890ad51"},"headline":"\u00bfPor qu\u00e9 es importante que los hombres sean feministas? Igualdad real","datePublished":"2025-04-29T01:31:16+00:00","mainEntityOfPage":{"@id":"https:\/\/thefeminismproject.com\/es\/presentada\/por-que-es-importante-que-los-hombres-sean-feministas-igualdad-real\/"},"wordCount":900,"commentCount":0,"publisher":{"@id":"https:\/\/thefeminismproject.com\/es\/#organization"},"image":{"@id":"https:\/\/thefeminismproject.com\/es\/presentada\/por-que-es-importante-que-los-hombres-sean-feministas-igualdad-real\/#primaryimage"},"thumbnailUrl":"https:\/\/thefeminismproject.com\/wp-content\/uploads\/2025\/04\/Que-es-el-Feminismo.jpg","articleSection":["Presentada"],"inLanguage":"es","potentialAction":[{"@type":"CommentAction","name":"Comment","target":["https:\/\/thefeminismproject.com\/es\/presentada\/por-que-es-importante-que-los-hombres-sean-feministas-igualdad-real\/#respond"]}]},{"@type":"WebPage","@id":"https:\/\/thefeminismproject.com\/es\/presentada\/por-que-es-importante-que-los-hombres-sean-feministas-igualdad-real\/","url":"https:\/\/thefeminismproject.com\/es\/presentada\/por-que-es-importante-que-los-hombres-sean-feministas-igualdad-real\/","name":"\u00bfPor qu\u00e9 es importante que los hombres sean feministas? Igualdad real","isPartOf":{"@id":"https:\/\/thefeminismproject.com\/es\/#website"},"primaryImageOfPage":{"@id":"https:\/\/thefeminismproject.com\/es\/presentada\/por-que-es-importante-que-los-hombres-sean-feministas-igualdad-real\/#primaryimage"},"image":{"@id":"https:\/\/thefeminismproject.com\/es\/presentada\/por-que-es-importante-que-los-hombres-sean-feministas-igualdad-real\/#primaryimage"},"thumbnailUrl":"https:\/\/thefeminismproject.com\/wp-content\/uploads\/2025\/04\/Que-es-el-Feminismo.jpg","datePublished":"2025-04-29T01:31:16+00:00","description":"La lucha por la igualdad de g\u00e9nero ha avanzado en muchas direcciones, pero a\u00fan se enfrenta a grandes desaf\u00edos. Un aspecto que a menudo se pasa por alto en","breadcrumb":{"@id":"https:\/\/thefeminismproject.com\/es\/presentada\/por-que-es-importante-que-los-hombres-sean-feministas-igualdad-real\/#breadcrumb"},"inLanguage":"es","potentialAction":[{"@type":"ReadAction","target":["https:\/\/thefeminismproject.com\/es\/presentada\/por-que-es-importante-que-los-hombres-sean-feministas-igualdad-real\/"]}]},{"@type":"ImageObject","inLanguage":"es","@id":"https:\/\/thefeminismproject.com\/es\/presentada\/por-que-es-importante-que-los-hombres-sean-feministas-igualdad-real\/#primaryimage","url":"https:\/\/thefeminismproject.com\/wp-content\/uploads\/2025\/04\/Que-es-el-Feminismo.jpg","contentUrl":"https:\/\/thefeminismproject.com\/wp-content\/uploads\/2025\/04\/Que-es-el-Feminismo.jpg","width":1263,"height":893},{"@type":"BreadcrumbList","@id":"https:\/\/thefeminismproject.com\/es\/presentada\/por-que-es-importante-que-los-hombres-sean-feministas-igualdad-real\/#breadcrumb","itemListElement":[{"@type":"ListItem","position":1,"name":"Home","item":"https:\/\/thefeminismproject.com\/es\/inicio\/"},{"@type":"ListItem","position":2,"name":"\u00bfPor qu\u00e9 es importante que los hombres sean feministas? Igualdad real"}]},{"@type":"WebSite","@id":"https:\/\/thefeminismproject.com\/es\/#website","url":"https:\/\/thefeminismproject.com\/es\/","name":"thefeminismproject.com","description":"Popular culture with a feminist twist | let&#039;s talk about things that matter (news that feels right)","publisher":{"@id":"https:\/\/thefeminismproject.com\/es\/#organization"},"potentialAction":[{"@type":"SearchAction","target":{"@type":"EntryPoint","urlTemplate":"https:\/\/thefeminismproject.com\/es\/?s={search_term_string}"},"query-input":{"@type":"PropertyValueSpecification","valueRequired":true,"valueName":"search_term_string"}}],"inLanguage":"es"},{"@type":"Organization","@id":"https:\/\/thefeminismproject.com\/es\/#organization","name":"thefeminismproject.com","url":"https:\/\/thefeminismproject.com\/es\/","logo":{"@type":"ImageObject","inLanguage":"es","@id":"https:\/\/thefeminismproject.com\/es\/#\/schema\/logo\/image\/","url":"https:\/\/thefeminismproject.com\/wp-content\/uploads\/2024\/10\/pexels-vazhnik-7561648.jpg","contentUrl":"https:\/\/thefeminismproject.com\/wp-content\/uploads\/2024\/10\/pexels-vazhnik-7561648.jpg","width":2500,"height":1667,"caption":"thefeminismproject.com"},"image":{"@id":"https:\/\/thefeminismproject.com\/es\/#\/schema\/logo\/image\/"}},{"@type":"Person","@id":"https:\/\/thefeminismproject.com\/es\/#\/schema\/person\/d2d84f0918ac04ca2b9f5b912890ad51","name":"Joaquimma Anna","image":{"@type":"ImageObject","inLanguage":"es","@id":"https:\/\/secure.gravatar.com\/avatar\/7d06747db1565e73d68391d596fc2eb15a10a4b4c1864574c454435523af94f1?s=96&d=mm&r=g","url":"https:\/\/secure.gravatar.com\/avatar\/7d06747db1565e73d68391d596fc2eb15a10a4b4c1864574c454435523af94f1?s=96&d=mm&r=g","contentUrl":"https:\/\/secure.gravatar.com\/avatar\/7d06747db1565e73d68391d596fc2eb15a10a4b4c1864574c454435523af94f1?s=96&d=mm&r=g","caption":"Joaquimma Anna"},"description":"Hi my name Joaquimma Anna, and let's tumble down the rabbit hole of thought! At thefeminismproject.com, this blog is a whimsical carnival of ideas. As a mischievous feminism activist, I'm here to juggle the narratives of women. This project? A delightful escapade into the absurdities and splendors of our world. Expect the unexpected!","sameAs":["http:\/\/thefeminismproject.com"],"url":"https:\/\/thefeminismproject.com\/es\/author\/bella-sungkawa\/"}]}},"_links":{"self":[{"href":"https:\/\/thefeminismproject.com\/es\/wp-json\/wp\/v2\/posts\/1049795","targetHints":{"allow":["GET"]}}],"collection":[{"href":"https:\/\/thefeminismproject.com\/es\/wp-json\/wp\/v2\/posts"}],"about":[{"href":"https:\/\/thefeminismproject.com\/es\/wp-json\/wp\/v2\/types\/post"}],"author":[{"embeddable":true,"href":"https:\/\/thefeminismproject.com\/es\/wp-json\/wp\/v2\/users\/1"}],"replies":[{"embeddable":true,"href":"https:\/\/thefeminismproject.com\/es\/wp-json\/wp\/v2\/comments?post=1049795"}],"version-history":[{"count":0,"href":"https:\/\/thefeminismproject.com\/es\/wp-json\/wp\/v2\/posts\/1049795\/revisions"}],"wp:featuredmedia":[{"embeddable":true,"href":"https:\/\/thefeminismproject.com\/es\/wp-json\/wp\/v2\/media\/1042097"}],"wp:attachment":[{"href":"https:\/\/thefeminismproject.com\/es\/wp-json\/wp\/v2\/media?parent=1049795"}],"wp:term":[{"taxonomy":"category","embeddable":true,"href":"https:\/\/thefeminismproject.com\/es\/wp-json\/wp\/v2\/categories?post=1049795"},{"taxonomy":"post_tag","embeddable":true,"href":"https:\/\/thefeminismproject.com\/es\/wp-json\/wp\/v2\/tags?post=1049795"}],"curies":[{"name":"wp","href":"https:\/\/api.w.org\/{rel}","templated":true}]}}