{"id":1049841,"date":"2025-03-30T14:24:37","date_gmt":"2025-03-30T14:24:37","guid":{"rendered":"https:\/\/thefeminismproject.com\/sin-categoria\/por-que-feminismo-y-no-femenino-rompiendo-malentendidos\/"},"modified":"2025-03-30T14:24:37","modified_gmt":"2025-03-30T14:24:37","slug":"por-que-feminismo-y-no-femenino-rompiendo-malentendidos","status":"publish","type":"post","link":"https:\/\/thefeminismproject.com\/es\/presentada\/por-que-feminismo-y-no-femenino-rompiendo-malentendidos\/","title":{"rendered":"\u00bfPor qu\u00e9 feminismo y no femenino? Rompiendo malentendidos"},"content":{"rendered":"<p>El t\u00e9rmino \u00abfeminismo\u00bb evoca una amplia gama de emociones, desde la admiraci\u00f3n hasta el rechazo visceral. Pero, \u00bfpor qu\u00e9 se elige \u00abfeminismo\u00bb y no \u00abfemenino\u00bb? Esta disquisici\u00f3n inicial es crucial para desentra\u00f1ar un sinf\u00edn de malentendidos que han oscurecido el verdadero esp\u00edritu de la lucha por la igualdad. Al profundizar en esta ant\u00edtesis, se revela no solo un l\u00e9xico, sino un profundo abismo cultural que refleja las jerarqu\u00edas de poder y la construcci\u00f3n social del g\u00e9nero.<\/p>\n<p>En primer lugar, es imprescindible definir lo que implica el feminismo como movimiento social y pol\u00edtico. A diferencia de un t\u00e9rmino que podr\u00eda insinuar suavidad o delicadeza, \u00abfeminismo\u00bb denota fuerza, activismo y resistencia. El t\u00e9rmino deriva del lat\u00edn \u00abfemina\u00bb, que significa mujer, pero se amplifica en un contexto que se\u00f1ala la lucha contra la opresi\u00f3n patriarcal, el sexismo y la desigualdad sistem\u00e1tica. El feminismo propone no solo una revisi\u00f3n cr\u00edtica del estatus quo, sino una movilizaci\u00f3n activa hacia un futuro m\u00e1s equitativo.<\/p>\n<p>Por el contrario, \u00abfemenino\u00bb evoca caracter\u00edsticas consideradas socialmente aceptables o deseables en mujeres, tales como la compasi\u00f3n, la dulzura o la sumisi\u00f3n. En este contexto, \u00abfemenino\u00bb se convierte en un t\u00e9rmino reductivo, que limita la identidad femenina a estereotipos seductores y convencionalistas, sugiriendo que las mujeres deben cumplir con pautas preestablecidas. Esta reducci\u00f3n es insidiosa; promueve nociones de conformidad en vez de empoderamiento.<\/p>\n<p>La fascinaci\u00f3n por el \u00abfemenino\u00bb no es accidental. Es el resultado de siglos de socializaci\u00f3n en una cultura que a menudo considera que lo \u00abfemenino\u00bb es lo opuesto a lo \u00abfeminista\u00bb. En este sentido, \u00abfemenino\u00bb puede ser interpretado como un intento de englobar un ideal inalcanzable, una noci\u00f3n que, en la pr\u00e1ctica, perpet\u00faa la opresi\u00f3n al reforzar jerarqu\u00edas. As\u00ed, se genera una atracci\u00f3n hacia el \u00abfemenino\u00bb, que se manifiesta en la cultura visual, el arte y la publicidad. Las mujeres son a menudo representadas a trav\u00e9s de un prisma \u00abfemenino\u00bb, lo que provoca una fascinaci\u00f3n que a menudo se traduce en mitos rom\u00e1nticos, pero que es, en realidad, una trampa que perpet\u00faa la desigualdad.<\/p>\n<p>Aqu\u00ed radica uno de los problemas fundamentales: la persistencia de la idea de que el feminismo es una lucha solo por y para las mujeres. La realidad es que el feminismo aboga por un cambio social que beneficia a toda la humanidad, pues cuestiona concepciones y normas que oprimen a todos, independientemente de su g\u00e9nero. Marcar la diferencia entre feminismo y femenino es crucial para entender que no solo se trata de las mujeres, sino de la lucha colectiva por la justicia y la equidad en todos los espectros.<\/p>\n<p>Veamos m\u00e1s de cerca el t\u00e9rmino \u00abfeminismo\u00bb. Este movimiento es la respuesta a siglos de exclusi\u00f3n y silenciamiento. En lugar de ser una simple reclamaci\u00f3n de derechos, es una guerra cultural que reclama espacio, voz y visibilidad. Aqu\u00ed no hay lugar para el \u00abfemenino\u00bb como sin\u00f3nimo de debilidad. El feminismo desaf\u00eda las narrativas tradicionales y presenta un nuevo paradigma. La lucha feminista logra cuestionar no solo el rol de los hombres, sino tambi\u00e9n las construcciones de g\u00e9nero que da\u00f1an a ambos sexos al imponer expectativas limitantes.<\/p>\n<p>La historia del feminismo est\u00e1 llena de relatos de valent\u00eda y resistencia. Desde las sufragistas que exigieron el derecho al voto hasta las activistas contempor\u00e1neas que luchan contra la violencia de g\u00e9nero y en favor de los derechos reproductivos, el feminismo ha estado en la primera l\u00ednea de la batalla por la dignidad y el respeto. Este legado no debe ser trivializado con un enfoque en lo \u00abfemenino\u00bb, que nos desv\u00eda del foco principal: la equidad y el reconocimiento de la humanidad en todas sus formas.<\/p>\n<p>Adem\u00e1s, debemos considerar la noci\u00f3n de \u00abfeminismo\u00bb en un contexto global. La lucha no se manifiesta de igual manera en todas partes. Existen diversas corrientes dentro del feminismo que responden a diferentes realidades socioecon\u00f3micas y culturales. Feminismos interseccionales cuestionan c\u00f3mo el racismo, la clase, la orientaci\u00f3n sexual y otros factores influyen en las experiencias de las mujeres. Hablar de \u00abfemenino\u00bb no solo es simplista, es insensible a las complejidades de la vida de las mujeres a nivel mundial.<\/p>\n<p>La fascinaci\u00f3n por el \u00abfemenino\u00bb no es solo un fen\u00f3meno cultural; es tambi\u00e9n una estrategia de control. Al promulgar y glorificar ciertos rasgos \u00abfemeninos\u00bb, se perpet\u00faa la idea de que las mujeres deben encajar en un molde. Este molde, a menudo fr\u00e1gil y superficial, se convierte en una prisi\u00f3n que coarta la libertad de las mujeres para ser quienes realmente desean ser. Aqu\u00ed radica el desaf\u00edo: liberarse de estas expectativas es parte integral del feminismo.<\/p>\n<p>Por \u00faltimo, es fundamental recordar que la lucha por el feminismo es, en esencia, una lucha por la humanidad completa. Cuando decimos \u00abfeminismo\u00bb, decimos \u00abir m\u00e1s all\u00e1 del &#8216;femenino'\u00bb y empoderar la lucha por una sociedad donde cada individuo, sin importar su g\u00e9nero, pueda bailar al ritmo de su propia vida, libre de las cadenas de la opresi\u00f3n. La pr\u00f3xima vez que se escuche la graa fuerte voz del feminismo, recordemos que no se trata de dividir, sino de unir en la b\u00fasqueda de un mundo m\u00e1s justo.<\/p>\n","protected":false},"excerpt":{"rendered":"<p>El t\u00e9rmino \u00abfeminismo\u00bb evoca una amplia gama de emociones, desde la admiraci\u00f3n hasta el rechazo visceral. Pero, \u00bfpor qu\u00e9 se elige \u00abfeminismo\u00bb y no \u00abfemenino\u00bb? Esta disquisici\u00f3n inicial es crucial para desentra\u00f1ar un sinf\u00edn de malentendidos que han oscurecido el verdadero esp\u00edritu de la lucha por la igualdad. Al profundizar en esta ant\u00edtesis, se revela [&hellip;]<\/p>\n","protected":false},"author":1,"featured_media":1043380,"comment_status":"open","ping_status":"open","sticky":false,"template":"","format":"standard","meta":{"footnotes":""},"categories":[83],"tags":[],"class_list":{"0":"post-1049841","1":"post","2":"type-post","3":"status-publish","4":"format-standard","5":"has-post-thumbnail","7":"category-presentada"},"yoast_head":"<!-- This site is optimized with the Yoast SEO plugin v27.4 - https:\/\/yoast.com\/product\/yoast-seo-wordpress\/ -->\n<title>\u00bfPor qu\u00e9 feminismo y no femenino? Rompiendo malentendidos<\/title>\n<meta name=\"description\" content=\"El t\u00e9rmino &quot;feminismo&quot; evoca una amplia gama de emociones, desde la admiraci\u00f3n hasta el rechazo visceral. Pero, \u00bfpor qu\u00e9 se elige &quot;feminismo&quot; y no\" \/>\n<meta name=\"robots\" content=\"index, follow, max-snippet:-1, max-image-preview:large, max-video-preview:-1\" \/>\n<link rel=\"canonical\" href=\"https:\/\/thefeminismproject.com\/es\/presentada\/por-que-feminismo-y-no-femenino-rompiendo-malentendidos\/\" \/>\n<meta property=\"og:locale\" content=\"es_ES\" \/>\n<meta property=\"og:type\" content=\"article\" \/>\n<meta property=\"og:title\" content=\"\u00bfPor qu\u00e9 feminismo y no femenino? Rompiendo malentendidos\" \/>\n<meta property=\"og:description\" content=\"El t\u00e9rmino &quot;feminismo&quot; evoca una amplia gama de emociones, desde la admiraci\u00f3n hasta el rechazo visceral. Pero, \u00bfpor qu\u00e9 se elige &quot;feminismo&quot; y no\" \/>\n<meta property=\"og:url\" content=\"https:\/\/thefeminismproject.com\/es\/presentada\/por-que-feminismo-y-no-femenino-rompiendo-malentendidos\/\" \/>\n<meta property=\"og:site_name\" content=\"thefeminismproject.com\" \/>\n<meta property=\"article:published_time\" content=\"2025-03-30T14:24:37+00:00\" \/>\n<meta property=\"og:image\" content=\"https:\/\/thefeminismproject.com\/wp-content\/uploads\/2025\/04\/feminismo.png\" \/>\n\t<meta property=\"og:image:width\" content=\"529\" \/>\n\t<meta property=\"og:image:height\" content=\"681\" \/>\n\t<meta property=\"og:image:type\" content=\"image\/png\" \/>\n<meta name=\"author\" content=\"Joaquimma Anna\" \/>\n<meta name=\"twitter:card\" content=\"summary_large_image\" \/>\n<meta name=\"twitter:label1\" content=\"Escrito por\" \/>\n\t<meta name=\"twitter:data1\" content=\"Joaquimma Anna\" \/>\n\t<meta name=\"twitter:label2\" content=\"Tiempo de lectura\" \/>\n\t<meta name=\"twitter:data2\" content=\"5 minutos\" \/>\n<script type=\"application\/ld+json\" class=\"yoast-schema-graph\">{\"@context\":\"https:\\\/\\\/schema.org\",\"@graph\":[{\"@type\":\"Article\",\"@id\":\"https:\\\/\\\/thefeminismproject.com\\\/es\\\/presentada\\\/por-que-feminismo-y-no-femenino-rompiendo-malentendidos\\\/#article\",\"isPartOf\":{\"@id\":\"https:\\\/\\\/thefeminismproject.com\\\/es\\\/presentada\\\/por-que-feminismo-y-no-femenino-rompiendo-malentendidos\\\/\"},\"author\":{\"name\":\"Joaquimma Anna\",\"@id\":\"https:\\\/\\\/thefeminismproject.com\\\/es\\\/#\\\/schema\\\/person\\\/d2d84f0918ac04ca2b9f5b912890ad51\"},\"headline\":\"\u00bfPor qu\u00e9 feminismo y no femenino? Rompiendo malentendidos\",\"datePublished\":\"2025-03-30T14:24:37+00:00\",\"mainEntityOfPage\":{\"@id\":\"https:\\\/\\\/thefeminismproject.com\\\/es\\\/presentada\\\/por-que-feminismo-y-no-femenino-rompiendo-malentendidos\\\/\"},\"wordCount\":918,\"commentCount\":0,\"publisher\":{\"@id\":\"https:\\\/\\\/thefeminismproject.com\\\/es\\\/#organization\"},\"image\":{\"@id\":\"https:\\\/\\\/thefeminismproject.com\\\/es\\\/presentada\\\/por-que-feminismo-y-no-femenino-rompiendo-malentendidos\\\/#primaryimage\"},\"thumbnailUrl\":\"https:\\\/\\\/thefeminismproject.com\\\/wp-content\\\/uploads\\\/2025\\\/04\\\/feminismo.png\",\"articleSection\":[\"Presentada\"],\"inLanguage\":\"es\",\"potentialAction\":[{\"@type\":\"CommentAction\",\"name\":\"Comment\",\"target\":[\"https:\\\/\\\/thefeminismproject.com\\\/es\\\/presentada\\\/por-que-feminismo-y-no-femenino-rompiendo-malentendidos\\\/#respond\"]}]},{\"@type\":\"WebPage\",\"@id\":\"https:\\\/\\\/thefeminismproject.com\\\/es\\\/presentada\\\/por-que-feminismo-y-no-femenino-rompiendo-malentendidos\\\/\",\"url\":\"https:\\\/\\\/thefeminismproject.com\\\/es\\\/presentada\\\/por-que-feminismo-y-no-femenino-rompiendo-malentendidos\\\/\",\"name\":\"\u00bfPor qu\u00e9 feminismo y no femenino? Rompiendo malentendidos\",\"isPartOf\":{\"@id\":\"https:\\\/\\\/thefeminismproject.com\\\/es\\\/#website\"},\"primaryImageOfPage\":{\"@id\":\"https:\\\/\\\/thefeminismproject.com\\\/es\\\/presentada\\\/por-que-feminismo-y-no-femenino-rompiendo-malentendidos\\\/#primaryimage\"},\"image\":{\"@id\":\"https:\\\/\\\/thefeminismproject.com\\\/es\\\/presentada\\\/por-que-feminismo-y-no-femenino-rompiendo-malentendidos\\\/#primaryimage\"},\"thumbnailUrl\":\"https:\\\/\\\/thefeminismproject.com\\\/wp-content\\\/uploads\\\/2025\\\/04\\\/feminismo.png\",\"datePublished\":\"2025-03-30T14:24:37+00:00\",\"description\":\"El t\u00e9rmino \\\"feminismo\\\" evoca una amplia gama de emociones, desde la admiraci\u00f3n hasta el rechazo visceral. Pero, \u00bfpor qu\u00e9 se elige \\\"feminismo\\\" y no\",\"breadcrumb\":{\"@id\":\"https:\\\/\\\/thefeminismproject.com\\\/es\\\/presentada\\\/por-que-feminismo-y-no-femenino-rompiendo-malentendidos\\\/#breadcrumb\"},\"inLanguage\":\"es\",\"potentialAction\":[{\"@type\":\"ReadAction\",\"target\":[\"https:\\\/\\\/thefeminismproject.com\\\/es\\\/presentada\\\/por-que-feminismo-y-no-femenino-rompiendo-malentendidos\\\/\"]}]},{\"@type\":\"ImageObject\",\"inLanguage\":\"es\",\"@id\":\"https:\\\/\\\/thefeminismproject.com\\\/es\\\/presentada\\\/por-que-feminismo-y-no-femenino-rompiendo-malentendidos\\\/#primaryimage\",\"url\":\"https:\\\/\\\/thefeminismproject.com\\\/wp-content\\\/uploads\\\/2025\\\/04\\\/feminismo.png\",\"contentUrl\":\"https:\\\/\\\/thefeminismproject.com\\\/wp-content\\\/uploads\\\/2025\\\/04\\\/feminismo.png\",\"width\":529,\"height\":681},{\"@type\":\"BreadcrumbList\",\"@id\":\"https:\\\/\\\/thefeminismproject.com\\\/es\\\/presentada\\\/por-que-feminismo-y-no-femenino-rompiendo-malentendidos\\\/#breadcrumb\",\"itemListElement\":[{\"@type\":\"ListItem\",\"position\":1,\"name\":\"Home\",\"item\":\"https:\\\/\\\/thefeminismproject.com\\\/es\\\/inicio\\\/\"},{\"@type\":\"ListItem\",\"position\":2,\"name\":\"\u00bfPor qu\u00e9 feminismo y no femenino? Rompiendo malentendidos\"}]},{\"@type\":\"WebSite\",\"@id\":\"https:\\\/\\\/thefeminismproject.com\\\/es\\\/#website\",\"url\":\"https:\\\/\\\/thefeminismproject.com\\\/es\\\/\",\"name\":\"thefeminismproject.com\",\"description\":\"Popular culture with a feminist twist | let&#039;s talk about things that matter (news that feels right)\",\"publisher\":{\"@id\":\"https:\\\/\\\/thefeminismproject.com\\\/es\\\/#organization\"},\"potentialAction\":[{\"@type\":\"SearchAction\",\"target\":{\"@type\":\"EntryPoint\",\"urlTemplate\":\"https:\\\/\\\/thefeminismproject.com\\\/es\\\/?s={search_term_string}\"},\"query-input\":{\"@type\":\"PropertyValueSpecification\",\"valueRequired\":true,\"valueName\":\"search_term_string\"}}],\"inLanguage\":\"es\"},{\"@type\":\"Organization\",\"@id\":\"https:\\\/\\\/thefeminismproject.com\\\/es\\\/#organization\",\"name\":\"thefeminismproject.com\",\"url\":\"https:\\\/\\\/thefeminismproject.com\\\/es\\\/\",\"logo\":{\"@type\":\"ImageObject\",\"inLanguage\":\"es\",\"@id\":\"https:\\\/\\\/thefeminismproject.com\\\/es\\\/#\\\/schema\\\/logo\\\/image\\\/\",\"url\":\"https:\\\/\\\/thefeminismproject.com\\\/wp-content\\\/uploads\\\/2024\\\/10\\\/pexels-vazhnik-7561648.jpg\",\"contentUrl\":\"https:\\\/\\\/thefeminismproject.com\\\/wp-content\\\/uploads\\\/2024\\\/10\\\/pexels-vazhnik-7561648.jpg\",\"width\":2500,\"height\":1667,\"caption\":\"thefeminismproject.com\"},\"image\":{\"@id\":\"https:\\\/\\\/thefeminismproject.com\\\/es\\\/#\\\/schema\\\/logo\\\/image\\\/\"}},{\"@type\":\"Person\",\"@id\":\"https:\\\/\\\/thefeminismproject.com\\\/es\\\/#\\\/schema\\\/person\\\/d2d84f0918ac04ca2b9f5b912890ad51\",\"name\":\"Joaquimma Anna\",\"image\":{\"@type\":\"ImageObject\",\"inLanguage\":\"es\",\"@id\":\"https:\\\/\\\/secure.gravatar.com\\\/avatar\\\/7d06747db1565e73d68391d596fc2eb15a10a4b4c1864574c454435523af94f1?s=96&d=mm&r=g\",\"url\":\"https:\\\/\\\/secure.gravatar.com\\\/avatar\\\/7d06747db1565e73d68391d596fc2eb15a10a4b4c1864574c454435523af94f1?s=96&d=mm&r=g\",\"contentUrl\":\"https:\\\/\\\/secure.gravatar.com\\\/avatar\\\/7d06747db1565e73d68391d596fc2eb15a10a4b4c1864574c454435523af94f1?s=96&d=mm&r=g\",\"caption\":\"Joaquimma Anna\"},\"description\":\"Hi my name Joaquimma Anna, and let's tumble down the rabbit hole of thought! At thefeminismproject.com, this blog is a whimsical carnival of ideas. As a mischievous feminism activist, I'm here to juggle the narratives of women. This project? A delightful escapade into the absurdities and splendors of our world. Expect the unexpected!\",\"sameAs\":[\"http:\\\/\\\/thefeminismproject.com\"],\"url\":\"https:\\\/\\\/thefeminismproject.com\\\/es\\\/author\\\/bella-sungkawa\\\/\"}]}<\/script>\n<!-- \/ Yoast SEO plugin. -->","yoast_head_json":{"title":"\u00bfPor qu\u00e9 feminismo y no femenino? Rompiendo malentendidos","description":"El t\u00e9rmino \"feminismo\" evoca una amplia gama de emociones, desde la admiraci\u00f3n hasta el rechazo visceral. Pero, \u00bfpor qu\u00e9 se elige \"feminismo\" y no","robots":{"index":"index","follow":"follow","max-snippet":"max-snippet:-1","max-image-preview":"max-image-preview:large","max-video-preview":"max-video-preview:-1"},"canonical":"https:\/\/thefeminismproject.com\/es\/presentada\/por-que-feminismo-y-no-femenino-rompiendo-malentendidos\/","og_locale":"es_ES","og_type":"article","og_title":"\u00bfPor qu\u00e9 feminismo y no femenino? Rompiendo malentendidos","og_description":"El t\u00e9rmino \"feminismo\" evoca una amplia gama de emociones, desde la admiraci\u00f3n hasta el rechazo visceral. Pero, \u00bfpor qu\u00e9 se elige \"feminismo\" y no","og_url":"https:\/\/thefeminismproject.com\/es\/presentada\/por-que-feminismo-y-no-femenino-rompiendo-malentendidos\/","og_site_name":"thefeminismproject.com","article_published_time":"2025-03-30T14:24:37+00:00","og_image":[{"width":529,"height":681,"url":"https:\/\/thefeminismproject.com\/wp-content\/uploads\/2025\/04\/feminismo.png","type":"image\/png"}],"author":"Joaquimma Anna","twitter_card":"summary_large_image","twitter_misc":{"Escrito por":"Joaquimma Anna","Tiempo de lectura":"5 minutos"},"schema":{"@context":"https:\/\/schema.org","@graph":[{"@type":"Article","@id":"https:\/\/thefeminismproject.com\/es\/presentada\/por-que-feminismo-y-no-femenino-rompiendo-malentendidos\/#article","isPartOf":{"@id":"https:\/\/thefeminismproject.com\/es\/presentada\/por-que-feminismo-y-no-femenino-rompiendo-malentendidos\/"},"author":{"name":"Joaquimma Anna","@id":"https:\/\/thefeminismproject.com\/es\/#\/schema\/person\/d2d84f0918ac04ca2b9f5b912890ad51"},"headline":"\u00bfPor qu\u00e9 feminismo y no femenino? Rompiendo malentendidos","datePublished":"2025-03-30T14:24:37+00:00","mainEntityOfPage":{"@id":"https:\/\/thefeminismproject.com\/es\/presentada\/por-que-feminismo-y-no-femenino-rompiendo-malentendidos\/"},"wordCount":918,"commentCount":0,"publisher":{"@id":"https:\/\/thefeminismproject.com\/es\/#organization"},"image":{"@id":"https:\/\/thefeminismproject.com\/es\/presentada\/por-que-feminismo-y-no-femenino-rompiendo-malentendidos\/#primaryimage"},"thumbnailUrl":"https:\/\/thefeminismproject.com\/wp-content\/uploads\/2025\/04\/feminismo.png","articleSection":["Presentada"],"inLanguage":"es","potentialAction":[{"@type":"CommentAction","name":"Comment","target":["https:\/\/thefeminismproject.com\/es\/presentada\/por-que-feminismo-y-no-femenino-rompiendo-malentendidos\/#respond"]}]},{"@type":"WebPage","@id":"https:\/\/thefeminismproject.com\/es\/presentada\/por-que-feminismo-y-no-femenino-rompiendo-malentendidos\/","url":"https:\/\/thefeminismproject.com\/es\/presentada\/por-que-feminismo-y-no-femenino-rompiendo-malentendidos\/","name":"\u00bfPor qu\u00e9 feminismo y no femenino? Rompiendo malentendidos","isPartOf":{"@id":"https:\/\/thefeminismproject.com\/es\/#website"},"primaryImageOfPage":{"@id":"https:\/\/thefeminismproject.com\/es\/presentada\/por-que-feminismo-y-no-femenino-rompiendo-malentendidos\/#primaryimage"},"image":{"@id":"https:\/\/thefeminismproject.com\/es\/presentada\/por-que-feminismo-y-no-femenino-rompiendo-malentendidos\/#primaryimage"},"thumbnailUrl":"https:\/\/thefeminismproject.com\/wp-content\/uploads\/2025\/04\/feminismo.png","datePublished":"2025-03-30T14:24:37+00:00","description":"El t\u00e9rmino \"feminismo\" evoca una amplia gama de emociones, desde la admiraci\u00f3n hasta el rechazo visceral. Pero, \u00bfpor qu\u00e9 se elige \"feminismo\" y no","breadcrumb":{"@id":"https:\/\/thefeminismproject.com\/es\/presentada\/por-que-feminismo-y-no-femenino-rompiendo-malentendidos\/#breadcrumb"},"inLanguage":"es","potentialAction":[{"@type":"ReadAction","target":["https:\/\/thefeminismproject.com\/es\/presentada\/por-que-feminismo-y-no-femenino-rompiendo-malentendidos\/"]}]},{"@type":"ImageObject","inLanguage":"es","@id":"https:\/\/thefeminismproject.com\/es\/presentada\/por-que-feminismo-y-no-femenino-rompiendo-malentendidos\/#primaryimage","url":"https:\/\/thefeminismproject.com\/wp-content\/uploads\/2025\/04\/feminismo.png","contentUrl":"https:\/\/thefeminismproject.com\/wp-content\/uploads\/2025\/04\/feminismo.png","width":529,"height":681},{"@type":"BreadcrumbList","@id":"https:\/\/thefeminismproject.com\/es\/presentada\/por-que-feminismo-y-no-femenino-rompiendo-malentendidos\/#breadcrumb","itemListElement":[{"@type":"ListItem","position":1,"name":"Home","item":"https:\/\/thefeminismproject.com\/es\/inicio\/"},{"@type":"ListItem","position":2,"name":"\u00bfPor qu\u00e9 feminismo y no femenino? Rompiendo malentendidos"}]},{"@type":"WebSite","@id":"https:\/\/thefeminismproject.com\/es\/#website","url":"https:\/\/thefeminismproject.com\/es\/","name":"thefeminismproject.com","description":"Popular culture with a feminist twist | let&#039;s talk about things that matter (news that feels right)","publisher":{"@id":"https:\/\/thefeminismproject.com\/es\/#organization"},"potentialAction":[{"@type":"SearchAction","target":{"@type":"EntryPoint","urlTemplate":"https:\/\/thefeminismproject.com\/es\/?s={search_term_string}"},"query-input":{"@type":"PropertyValueSpecification","valueRequired":true,"valueName":"search_term_string"}}],"inLanguage":"es"},{"@type":"Organization","@id":"https:\/\/thefeminismproject.com\/es\/#organization","name":"thefeminismproject.com","url":"https:\/\/thefeminismproject.com\/es\/","logo":{"@type":"ImageObject","inLanguage":"es","@id":"https:\/\/thefeminismproject.com\/es\/#\/schema\/logo\/image\/","url":"https:\/\/thefeminismproject.com\/wp-content\/uploads\/2024\/10\/pexels-vazhnik-7561648.jpg","contentUrl":"https:\/\/thefeminismproject.com\/wp-content\/uploads\/2024\/10\/pexels-vazhnik-7561648.jpg","width":2500,"height":1667,"caption":"thefeminismproject.com"},"image":{"@id":"https:\/\/thefeminismproject.com\/es\/#\/schema\/logo\/image\/"}},{"@type":"Person","@id":"https:\/\/thefeminismproject.com\/es\/#\/schema\/person\/d2d84f0918ac04ca2b9f5b912890ad51","name":"Joaquimma Anna","image":{"@type":"ImageObject","inLanguage":"es","@id":"https:\/\/secure.gravatar.com\/avatar\/7d06747db1565e73d68391d596fc2eb15a10a4b4c1864574c454435523af94f1?s=96&d=mm&r=g","url":"https:\/\/secure.gravatar.com\/avatar\/7d06747db1565e73d68391d596fc2eb15a10a4b4c1864574c454435523af94f1?s=96&d=mm&r=g","contentUrl":"https:\/\/secure.gravatar.com\/avatar\/7d06747db1565e73d68391d596fc2eb15a10a4b4c1864574c454435523af94f1?s=96&d=mm&r=g","caption":"Joaquimma Anna"},"description":"Hi my name Joaquimma Anna, and let's tumble down the rabbit hole of thought! At thefeminismproject.com, this blog is a whimsical carnival of ideas. As a mischievous feminism activist, I'm here to juggle the narratives of women. This project? A delightful escapade into the absurdities and splendors of our world. Expect the unexpected!","sameAs":["http:\/\/thefeminismproject.com"],"url":"https:\/\/thefeminismproject.com\/es\/author\/bella-sungkawa\/"}]}},"_links":{"self":[{"href":"https:\/\/thefeminismproject.com\/es\/wp-json\/wp\/v2\/posts\/1049841","targetHints":{"allow":["GET"]}}],"collection":[{"href":"https:\/\/thefeminismproject.com\/es\/wp-json\/wp\/v2\/posts"}],"about":[{"href":"https:\/\/thefeminismproject.com\/es\/wp-json\/wp\/v2\/types\/post"}],"author":[{"embeddable":true,"href":"https:\/\/thefeminismproject.com\/es\/wp-json\/wp\/v2\/users\/1"}],"replies":[{"embeddable":true,"href":"https:\/\/thefeminismproject.com\/es\/wp-json\/wp\/v2\/comments?post=1049841"}],"version-history":[{"count":0,"href":"https:\/\/thefeminismproject.com\/es\/wp-json\/wp\/v2\/posts\/1049841\/revisions"}],"wp:featuredmedia":[{"embeddable":true,"href":"https:\/\/thefeminismproject.com\/es\/wp-json\/wp\/v2\/media\/1043380"}],"wp:attachment":[{"href":"https:\/\/thefeminismproject.com\/es\/wp-json\/wp\/v2\/media?parent=1049841"}],"wp:term":[{"taxonomy":"category","embeddable":true,"href":"https:\/\/thefeminismproject.com\/es\/wp-json\/wp\/v2\/categories?post=1049841"},{"taxonomy":"post_tag","embeddable":true,"href":"https:\/\/thefeminismproject.com\/es\/wp-json\/wp\/v2\/tags?post=1049841"}],"curies":[{"name":"wp","href":"https:\/\/api.w.org\/{rel}","templated":true}]}}