{"id":1050537,"date":"2025-05-08T07:14:01","date_gmt":"2025-05-08T07:14:01","guid":{"rendered":"https:\/\/thefeminismproject.com\/sin-categoria\/por-un-feminismo-sin-distincion-de-especies-extender-la-empatia\/"},"modified":"2025-05-09T03:27:21","modified_gmt":"2025-05-09T03:27:21","slug":"por-un-feminismo-sin-distincion-de-especies-extender-la-empatia","status":"publish","type":"post","link":"https:\/\/thefeminismproject.com\/es\/presentada\/por-un-feminismo-sin-distincion-de-especies-extender-la-empatia\/","title":{"rendered":"Por un feminismo sin distinci\u00f3n de especies: Extender la empat\u00eda"},"content":{"rendered":"<p>En la intersecci\u00f3n del feminismo y la \u00e9tica animal surge una necesidad urgente: un feminismo que no haga distinciones de especies. A lo largo de la historia, hemos presenciado c\u00f3mo la lucha por la igualdad y la dignidad se ha reforzado mediante valores de empat\u00eda y justicia. Sin embargo, esta lucha a menudo excluye a las voces m\u00e1s vulnerables: los animales, que sufren en un silencio ensordecedor. La conexi\u00f3n entre el sufrimiento humano y el sufrimiento animal no solo es evidente, sino que tambi\u00e9n revela profundidades de interconexi\u00f3n que suelen ser ignoradas por la mayor\u00eda.<\/p>\n<p>\u00bfPor qu\u00e9 insistimos en perpetuar una visi\u00f3n antropoc\u00e9ntrica que limita la experiencia de empat\u00eda? La cultura ha condicionado a la sociedad para ver a los animales como meros recursos o accesorios en lugar de seres con su propia dignidad. Al cuestionar esta \u00f3ptica, nos enfrentamos a un mundo donde la liberaci\u00f3n no es solo una cuesti\u00f3n de g\u00e9nero, sino tambi\u00e9n de especies. Cada acto de violencia contra un ser sintiente se convierte, en \u00faltima instancia, en un eco del patriarcado que nos asedia. La explotaci\u00f3n animal opera bajo las mismas l\u00f3gicas que la opresi\u00f3n de g\u00e9nero y raza, validando as\u00ed la urgencia de un feminismo inclusivo y expansivo.<\/p>\n<p>La famosa frase \u00abLa libertad de cada uno se mide por la libertad de los otros\u00bb deber\u00eda resonar entre los feministas. \u00bfPuede uno realmente luchar por la emancipaci\u00f3n de las mujeres mientras se ignora el sufrimiento de otras especies? Esta disociaci\u00f3n revela un profundo nivel de hipocres\u00eda. Al extender nuestra empat\u00eda hacia los animales, no solo enriquecemos nuestra propia lucha, sino que tambi\u00e9n cultivamos un sentido de justicia m\u00e1s universal, menos fragmentado y m\u00e1s humano.<\/p>\n<p>Malas pr\u00e1cticas como la explotaci\u00f3n en f\u00e1bricas de carne, laboratorios de cosm\u00e9ticos y circos, son reflexiones grotescas de un mundo que prioriza lo material sobre lo \u00e9tico. Imaginemos una mujer, una madre, una hermana, que vive en una constante batalla para que se escuche su voz en la sociedad patriarcal. Ahora, llevemos esa imagen a cada ser que tambi\u00e9n grita en su propia prisi\u00f3n: las vacas, los cerdos, los pollos. \u00bfNo son ellos tambi\u00e9n parte de la lucha? Extendiendo el feminismo a todas las criaturas, nos enfrentamos a la monumental tarea no solo de liberarnos a nosotras mismas, sino de liberarnos colectivamente.<\/p>\n<p>La idea de la interseccionalidad ha tomado un cariz importante en el feminismo contempor\u00e1neo. Pero, \u00bfqu\u00e9 pasar\u00eda si tambi\u00e9n integr\u00e1ramos las categor\u00edas de especie en esta interseccionalidad? La categor\u00eda de \u00abanimal\u00bb podr\u00eda ser tan v\u00e1lida como la de \u00abmujer\u00bb en una lucha por derechos iguales. Al hacerlo, comenzamos a desmontar una serie de estructuras violentas que perpet\u00faan el sufrimiento. La objetificaci\u00f3n y la deshumanizaci\u00f3n van de la mano en una cultura que normaliza la separaci\u00f3n entre humanos y \u00abotros\u00bb. No podemos permitir que esa separaci\u00f3n defina nuestra \u00e9tica.<\/p>\n<p>La pr\u00e1ctica de la empat\u00eda se convierte aqu\u00ed en nuestro mejor aliado. Aprender a entender el sufrimiento ajeno, ya sea humano o no, requiere un esfuerzo consciente y una voluntad de cuestionar nuestros h\u00e1bitos arraigados. Las iniciativas feministas que no consideran la crueldad hacia los seres no humanos son, en \u00faltima instancia, esfuerzos incompletos que no lograron considerar el entramado m\u00e1s profundo de opresi\u00f3n. Es crucial que la lucha feminista reclame la voz de quienes no pueden hablar.<\/p>\n<p>Entender que nuestras decisiones diarias tienen un impacto, no solo en otras personas sino tambi\u00e9n en los animales, es fundamental. La alimentaci\u00f3n, el vestuario, y el consumo en general deben ser objeto de escrutinio. Adoptar un enfoque m\u00e1s \u00e9tico y compasivo no es solo una declaraci\u00f3n de intenciones. Es una acci\u00f3n que resuena. Al escoger productos que no da\u00f1en a los seres vivos, formamos una red de resistencia que muestra que la opresi\u00f3n no se detiene en las fronteras humanistas.<\/p>\n<p>Las figuras feministas que se han aventurado a cruzar este umbral est\u00e1n contribuyendo a la creaci\u00f3n de un movimiento m\u00e1s s\u00f3lido, un movimiento que entiende la importancia de la solidaridad. Autoras, activistas y pensadoras han comenzado a vislumbrar un feminismo que se atreve a incluir a las vacas en sus carteles de protesta y a cuestionar la normalidad de la explotaci\u00f3n. Sus voces, aunque a\u00fan en minor\u00eda, est\u00e1n abriendo un camino hacia una revoluci\u00f3n multidimensional.<\/p>\n<p>Es hora de que la comunidad feminista abarque esta lucha con la misma pasi\u00f3n y fervor que se destila en otras \u00e1reas. La opresi\u00f3n no es una cuesti\u00f3n de categor\u00edas aisladas; es un fen\u00f3meno que se alimenta de la injusticia en todas sus formas. Sin duda, un feminismo que se atreva a desafiar no solo a los patriarcados humanos, sino tambi\u00e9n a la opresi\u00f3n hacia los animales, liderar\u00e1 un cambio cultural poderoso que transformar\u00e1 la sociedad en su conjunto. Este movimiento, m\u00e1s que una simple fase dentro del feminismo, es un llamado a la empat\u00eda universal y a la integralidad de la justicia. Solo as\u00ed podremos aspirar a un mundo verdaderamente equitativo. As\u00ed que, propong\u00e1monos extender nuestra empat\u00eda y redescubramos la lucha que, a d\u00eda de hoy, sigue pendiente.<\/p>\n","protected":false},"excerpt":{"rendered":"<p>En la intersecci\u00f3n del feminismo y la \u00e9tica animal surge una necesidad urgente: un feminismo que no haga distinciones de especies. A lo largo de la historia, hemos presenciado c\u00f3mo la lucha por la igualdad y la dignidad se ha reforzado mediante valores de empat\u00eda y justicia. Sin embargo, esta lucha a menudo excluye a [&hellip;]<\/p>\n","protected":false},"author":1,"featured_media":1050538,"comment_status":"open","ping_status":"open","sticky":false,"template":"","format":"standard","meta":{"footnotes":""},"categories":[83],"tags":[],"class_list":{"0":"post-1050537","1":"post","2":"type-post","3":"status-publish","4":"format-standard","5":"has-post-thumbnail","7":"category-presentada"},"yoast_head":"<!-- This site is optimized with the Yoast SEO plugin v27.4 - https:\/\/yoast.com\/product\/yoast-seo-wordpress\/ -->\n<title>Por un feminismo sin distinci\u00f3n de especies: Extender la empat\u00eda<\/title>\n<meta name=\"description\" content=\"En la intersecci\u00f3n del feminismo y la \u00e9tica animal surge una necesidad urgente: un feminismo que no haga distinciones de especies. A lo largo de la\" \/>\n<meta name=\"robots\" content=\"index, follow, max-snippet:-1, max-image-preview:large, max-video-preview:-1\" \/>\n<link rel=\"canonical\" href=\"https:\/\/thefeminismproject.com\/es\/presentada\/por-un-feminismo-sin-distincion-de-especies-extender-la-empatia\/\" \/>\n<meta property=\"og:locale\" content=\"es_ES\" \/>\n<meta property=\"og:type\" content=\"article\" \/>\n<meta property=\"og:title\" content=\"Por un feminismo sin distinci\u00f3n de especies: Extender la empat\u00eda\" \/>\n<meta property=\"og:description\" content=\"En la intersecci\u00f3n del feminismo y la \u00e9tica animal surge una necesidad urgente: un feminismo que no haga distinciones de especies. A lo largo de la\" \/>\n<meta property=\"og:url\" content=\"https:\/\/thefeminismproject.com\/es\/presentada\/por-un-feminismo-sin-distincion-de-especies-extender-la-empatia\/\" \/>\n<meta property=\"og:site_name\" content=\"thefeminismproject.com\" \/>\n<meta property=\"article:published_time\" content=\"2025-05-08T07:14:01+00:00\" \/>\n<meta property=\"article:modified_time\" content=\"2025-05-09T03:27:21+00:00\" \/>\n<meta property=\"og:image\" content=\"https:\/\/thefeminismproject.com\/wp-content\/uploads\/2024\/10\/pexels-vazhnik-7561648.jpg\" \/>\n\t<meta property=\"og:image:width\" content=\"2500\" \/>\n\t<meta property=\"og:image:height\" content=\"1667\" \/>\n\t<meta property=\"og:image:type\" content=\"image\/jpeg\" \/>\n<meta name=\"author\" content=\"Joaquimma Anna\" \/>\n<meta name=\"twitter:card\" content=\"summary_large_image\" \/>\n<meta name=\"twitter:label1\" content=\"Escrito por\" \/>\n\t<meta name=\"twitter:data1\" content=\"Joaquimma Anna\" \/>\n\t<meta name=\"twitter:label2\" content=\"Tiempo de lectura\" \/>\n\t<meta name=\"twitter:data2\" content=\"5 minutos\" \/>\n<script type=\"application\/ld+json\" class=\"yoast-schema-graph\">{\"@context\":\"https:\\\/\\\/schema.org\",\"@graph\":[{\"@type\":\"Article\",\"@id\":\"https:\\\/\\\/thefeminismproject.com\\\/es\\\/presentada\\\/por-un-feminismo-sin-distincion-de-especies-extender-la-empatia\\\/#article\",\"isPartOf\":{\"@id\":\"https:\\\/\\\/thefeminismproject.com\\\/es\\\/presentada\\\/por-un-feminismo-sin-distincion-de-especies-extender-la-empatia\\\/\"},\"author\":{\"name\":\"Joaquimma Anna\",\"@id\":\"https:\\\/\\\/thefeminismproject.com\\\/es\\\/#\\\/schema\\\/person\\\/d2d84f0918ac04ca2b9f5b912890ad51\"},\"headline\":\"Por un feminismo sin distinci\u00f3n de especies: Extender la empat\u00eda\",\"datePublished\":\"2025-05-08T07:14:01+00:00\",\"dateModified\":\"2025-05-09T03:27:21+00:00\",\"mainEntityOfPage\":{\"@id\":\"https:\\\/\\\/thefeminismproject.com\\\/es\\\/presentada\\\/por-un-feminismo-sin-distincion-de-especies-extender-la-empatia\\\/\"},\"wordCount\":922,\"commentCount\":0,\"publisher\":{\"@id\":\"https:\\\/\\\/thefeminismproject.com\\\/es\\\/#organization\"},\"image\":{\"@id\":\"https:\\\/\\\/thefeminismproject.com\\\/es\\\/presentada\\\/por-un-feminismo-sin-distincion-de-especies-extender-la-empatia\\\/#primaryimage\"},\"thumbnailUrl\":\"https:\\\/\\\/thefeminismproject.com\\\/wp-content\\\/uploads\\\/2025\\\/05\\\/cartel-pacma_98.jpg\",\"articleSection\":[\"Presentada\"],\"inLanguage\":\"es\",\"potentialAction\":[{\"@type\":\"CommentAction\",\"name\":\"Comment\",\"target\":[\"https:\\\/\\\/thefeminismproject.com\\\/es\\\/presentada\\\/por-un-feminismo-sin-distincion-de-especies-extender-la-empatia\\\/#respond\"]}]},{\"@type\":\"WebPage\",\"@id\":\"https:\\\/\\\/thefeminismproject.com\\\/es\\\/presentada\\\/por-un-feminismo-sin-distincion-de-especies-extender-la-empatia\\\/\",\"url\":\"https:\\\/\\\/thefeminismproject.com\\\/es\\\/presentada\\\/por-un-feminismo-sin-distincion-de-especies-extender-la-empatia\\\/\",\"name\":\"Por un feminismo sin distinci\u00f3n de especies: Extender la empat\u00eda\",\"isPartOf\":{\"@id\":\"https:\\\/\\\/thefeminismproject.com\\\/es\\\/#website\"},\"primaryImageOfPage\":{\"@id\":\"https:\\\/\\\/thefeminismproject.com\\\/es\\\/presentada\\\/por-un-feminismo-sin-distincion-de-especies-extender-la-empatia\\\/#primaryimage\"},\"image\":{\"@id\":\"https:\\\/\\\/thefeminismproject.com\\\/es\\\/presentada\\\/por-un-feminismo-sin-distincion-de-especies-extender-la-empatia\\\/#primaryimage\"},\"thumbnailUrl\":\"https:\\\/\\\/thefeminismproject.com\\\/wp-content\\\/uploads\\\/2025\\\/05\\\/cartel-pacma_98.jpg\",\"datePublished\":\"2025-05-08T07:14:01+00:00\",\"dateModified\":\"2025-05-09T03:27:21+00:00\",\"description\":\"En la intersecci\u00f3n del feminismo y la \u00e9tica animal surge una necesidad urgente: un feminismo que no haga distinciones de especies. A lo largo de la\",\"breadcrumb\":{\"@id\":\"https:\\\/\\\/thefeminismproject.com\\\/es\\\/presentada\\\/por-un-feminismo-sin-distincion-de-especies-extender-la-empatia\\\/#breadcrumb\"},\"inLanguage\":\"es\",\"potentialAction\":[{\"@type\":\"ReadAction\",\"target\":[\"https:\\\/\\\/thefeminismproject.com\\\/es\\\/presentada\\\/por-un-feminismo-sin-distincion-de-especies-extender-la-empatia\\\/\"]}]},{\"@type\":\"ImageObject\",\"inLanguage\":\"es\",\"@id\":\"https:\\\/\\\/thefeminismproject.com\\\/es\\\/presentada\\\/por-un-feminismo-sin-distincion-de-especies-extender-la-empatia\\\/#primaryimage\",\"url\":\"https:\\\/\\\/thefeminismproject.com\\\/wp-content\\\/uploads\\\/2025\\\/05\\\/cartel-pacma_98.jpg\",\"contentUrl\":\"https:\\\/\\\/thefeminismproject.com\\\/wp-content\\\/uploads\\\/2025\\\/05\\\/cartel-pacma_98.jpg\",\"width\":1080,\"height\":1080},{\"@type\":\"BreadcrumbList\",\"@id\":\"https:\\\/\\\/thefeminismproject.com\\\/es\\\/presentada\\\/por-un-feminismo-sin-distincion-de-especies-extender-la-empatia\\\/#breadcrumb\",\"itemListElement\":[{\"@type\":\"ListItem\",\"position\":1,\"name\":\"Home\",\"item\":\"https:\\\/\\\/thefeminismproject.com\\\/es\\\/inicio\\\/\"},{\"@type\":\"ListItem\",\"position\":2,\"name\":\"Por un feminismo sin distinci\u00f3n de especies: Extender la empat\u00eda\"}]},{\"@type\":\"WebSite\",\"@id\":\"https:\\\/\\\/thefeminismproject.com\\\/es\\\/#website\",\"url\":\"https:\\\/\\\/thefeminismproject.com\\\/es\\\/\",\"name\":\"thefeminismproject.com\",\"description\":\"Popular culture with a feminist twist | let&#039;s talk about things that matter (news that feels right)\",\"publisher\":{\"@id\":\"https:\\\/\\\/thefeminismproject.com\\\/es\\\/#organization\"},\"potentialAction\":[{\"@type\":\"SearchAction\",\"target\":{\"@type\":\"EntryPoint\",\"urlTemplate\":\"https:\\\/\\\/thefeminismproject.com\\\/es\\\/?s={search_term_string}\"},\"query-input\":{\"@type\":\"PropertyValueSpecification\",\"valueRequired\":true,\"valueName\":\"search_term_string\"}}],\"inLanguage\":\"es\"},{\"@type\":\"Organization\",\"@id\":\"https:\\\/\\\/thefeminismproject.com\\\/es\\\/#organization\",\"name\":\"thefeminismproject.com\",\"url\":\"https:\\\/\\\/thefeminismproject.com\\\/es\\\/\",\"logo\":{\"@type\":\"ImageObject\",\"inLanguage\":\"es\",\"@id\":\"https:\\\/\\\/thefeminismproject.com\\\/es\\\/#\\\/schema\\\/logo\\\/image\\\/\",\"url\":\"https:\\\/\\\/thefeminismproject.com\\\/wp-content\\\/uploads\\\/2024\\\/10\\\/pexels-vazhnik-7561648.jpg\",\"contentUrl\":\"https:\\\/\\\/thefeminismproject.com\\\/wp-content\\\/uploads\\\/2024\\\/10\\\/pexels-vazhnik-7561648.jpg\",\"width\":2500,\"height\":1667,\"caption\":\"thefeminismproject.com\"},\"image\":{\"@id\":\"https:\\\/\\\/thefeminismproject.com\\\/es\\\/#\\\/schema\\\/logo\\\/image\\\/\"}},{\"@type\":\"Person\",\"@id\":\"https:\\\/\\\/thefeminismproject.com\\\/es\\\/#\\\/schema\\\/person\\\/d2d84f0918ac04ca2b9f5b912890ad51\",\"name\":\"Joaquimma Anna\",\"image\":{\"@type\":\"ImageObject\",\"inLanguage\":\"es\",\"@id\":\"https:\\\/\\\/secure.gravatar.com\\\/avatar\\\/7d06747db1565e73d68391d596fc2eb15a10a4b4c1864574c454435523af94f1?s=96&d=mm&r=g\",\"url\":\"https:\\\/\\\/secure.gravatar.com\\\/avatar\\\/7d06747db1565e73d68391d596fc2eb15a10a4b4c1864574c454435523af94f1?s=96&d=mm&r=g\",\"contentUrl\":\"https:\\\/\\\/secure.gravatar.com\\\/avatar\\\/7d06747db1565e73d68391d596fc2eb15a10a4b4c1864574c454435523af94f1?s=96&d=mm&r=g\",\"caption\":\"Joaquimma Anna\"},\"description\":\"Hi my name Joaquimma Anna, and let's tumble down the rabbit hole of thought! At thefeminismproject.com, this blog is a whimsical carnival of ideas. As a mischievous feminism activist, I'm here to juggle the narratives of women. This project? A delightful escapade into the absurdities and splendors of our world. Expect the unexpected!\",\"sameAs\":[\"http:\\\/\\\/thefeminismproject.com\"],\"url\":\"https:\\\/\\\/thefeminismproject.com\\\/es\\\/author\\\/bella-sungkawa\\\/\"}]}<\/script>\n<!-- \/ Yoast SEO plugin. -->","yoast_head_json":{"title":"Por un feminismo sin distinci\u00f3n de especies: Extender la empat\u00eda","description":"En la intersecci\u00f3n del feminismo y la \u00e9tica animal surge una necesidad urgente: un feminismo que no haga distinciones de especies. A lo largo de la","robots":{"index":"index","follow":"follow","max-snippet":"max-snippet:-1","max-image-preview":"max-image-preview:large","max-video-preview":"max-video-preview:-1"},"canonical":"https:\/\/thefeminismproject.com\/es\/presentada\/por-un-feminismo-sin-distincion-de-especies-extender-la-empatia\/","og_locale":"es_ES","og_type":"article","og_title":"Por un feminismo sin distinci\u00f3n de especies: Extender la empat\u00eda","og_description":"En la intersecci\u00f3n del feminismo y la \u00e9tica animal surge una necesidad urgente: un feminismo que no haga distinciones de especies. A lo largo de la","og_url":"https:\/\/thefeminismproject.com\/es\/presentada\/por-un-feminismo-sin-distincion-de-especies-extender-la-empatia\/","og_site_name":"thefeminismproject.com","article_published_time":"2025-05-08T07:14:01+00:00","article_modified_time":"2025-05-09T03:27:21+00:00","og_image":[{"width":2500,"height":1667,"url":"https:\/\/thefeminismproject.com\/wp-content\/uploads\/2024\/10\/pexels-vazhnik-7561648.jpg","type":"image\/jpeg"}],"author":"Joaquimma Anna","twitter_card":"summary_large_image","twitter_misc":{"Escrito por":"Joaquimma Anna","Tiempo de lectura":"5 minutos"},"schema":{"@context":"https:\/\/schema.org","@graph":[{"@type":"Article","@id":"https:\/\/thefeminismproject.com\/es\/presentada\/por-un-feminismo-sin-distincion-de-especies-extender-la-empatia\/#article","isPartOf":{"@id":"https:\/\/thefeminismproject.com\/es\/presentada\/por-un-feminismo-sin-distincion-de-especies-extender-la-empatia\/"},"author":{"name":"Joaquimma Anna","@id":"https:\/\/thefeminismproject.com\/es\/#\/schema\/person\/d2d84f0918ac04ca2b9f5b912890ad51"},"headline":"Por un feminismo sin distinci\u00f3n de especies: Extender la empat\u00eda","datePublished":"2025-05-08T07:14:01+00:00","dateModified":"2025-05-09T03:27:21+00:00","mainEntityOfPage":{"@id":"https:\/\/thefeminismproject.com\/es\/presentada\/por-un-feminismo-sin-distincion-de-especies-extender-la-empatia\/"},"wordCount":922,"commentCount":0,"publisher":{"@id":"https:\/\/thefeminismproject.com\/es\/#organization"},"image":{"@id":"https:\/\/thefeminismproject.com\/es\/presentada\/por-un-feminismo-sin-distincion-de-especies-extender-la-empatia\/#primaryimage"},"thumbnailUrl":"https:\/\/thefeminismproject.com\/wp-content\/uploads\/2025\/05\/cartel-pacma_98.jpg","articleSection":["Presentada"],"inLanguage":"es","potentialAction":[{"@type":"CommentAction","name":"Comment","target":["https:\/\/thefeminismproject.com\/es\/presentada\/por-un-feminismo-sin-distincion-de-especies-extender-la-empatia\/#respond"]}]},{"@type":"WebPage","@id":"https:\/\/thefeminismproject.com\/es\/presentada\/por-un-feminismo-sin-distincion-de-especies-extender-la-empatia\/","url":"https:\/\/thefeminismproject.com\/es\/presentada\/por-un-feminismo-sin-distincion-de-especies-extender-la-empatia\/","name":"Por un feminismo sin distinci\u00f3n de especies: Extender la empat\u00eda","isPartOf":{"@id":"https:\/\/thefeminismproject.com\/es\/#website"},"primaryImageOfPage":{"@id":"https:\/\/thefeminismproject.com\/es\/presentada\/por-un-feminismo-sin-distincion-de-especies-extender-la-empatia\/#primaryimage"},"image":{"@id":"https:\/\/thefeminismproject.com\/es\/presentada\/por-un-feminismo-sin-distincion-de-especies-extender-la-empatia\/#primaryimage"},"thumbnailUrl":"https:\/\/thefeminismproject.com\/wp-content\/uploads\/2025\/05\/cartel-pacma_98.jpg","datePublished":"2025-05-08T07:14:01+00:00","dateModified":"2025-05-09T03:27:21+00:00","description":"En la intersecci\u00f3n del feminismo y la \u00e9tica animal surge una necesidad urgente: un feminismo que no haga distinciones de especies. A lo largo de la","breadcrumb":{"@id":"https:\/\/thefeminismproject.com\/es\/presentada\/por-un-feminismo-sin-distincion-de-especies-extender-la-empatia\/#breadcrumb"},"inLanguage":"es","potentialAction":[{"@type":"ReadAction","target":["https:\/\/thefeminismproject.com\/es\/presentada\/por-un-feminismo-sin-distincion-de-especies-extender-la-empatia\/"]}]},{"@type":"ImageObject","inLanguage":"es","@id":"https:\/\/thefeminismproject.com\/es\/presentada\/por-un-feminismo-sin-distincion-de-especies-extender-la-empatia\/#primaryimage","url":"https:\/\/thefeminismproject.com\/wp-content\/uploads\/2025\/05\/cartel-pacma_98.jpg","contentUrl":"https:\/\/thefeminismproject.com\/wp-content\/uploads\/2025\/05\/cartel-pacma_98.jpg","width":1080,"height":1080},{"@type":"BreadcrumbList","@id":"https:\/\/thefeminismproject.com\/es\/presentada\/por-un-feminismo-sin-distincion-de-especies-extender-la-empatia\/#breadcrumb","itemListElement":[{"@type":"ListItem","position":1,"name":"Home","item":"https:\/\/thefeminismproject.com\/es\/inicio\/"},{"@type":"ListItem","position":2,"name":"Por un feminismo sin distinci\u00f3n de especies: Extender la empat\u00eda"}]},{"@type":"WebSite","@id":"https:\/\/thefeminismproject.com\/es\/#website","url":"https:\/\/thefeminismproject.com\/es\/","name":"thefeminismproject.com","description":"Popular culture with a feminist twist | let&#039;s talk about things that matter (news that feels right)","publisher":{"@id":"https:\/\/thefeminismproject.com\/es\/#organization"},"potentialAction":[{"@type":"SearchAction","target":{"@type":"EntryPoint","urlTemplate":"https:\/\/thefeminismproject.com\/es\/?s={search_term_string}"},"query-input":{"@type":"PropertyValueSpecification","valueRequired":true,"valueName":"search_term_string"}}],"inLanguage":"es"},{"@type":"Organization","@id":"https:\/\/thefeminismproject.com\/es\/#organization","name":"thefeminismproject.com","url":"https:\/\/thefeminismproject.com\/es\/","logo":{"@type":"ImageObject","inLanguage":"es","@id":"https:\/\/thefeminismproject.com\/es\/#\/schema\/logo\/image\/","url":"https:\/\/thefeminismproject.com\/wp-content\/uploads\/2024\/10\/pexels-vazhnik-7561648.jpg","contentUrl":"https:\/\/thefeminismproject.com\/wp-content\/uploads\/2024\/10\/pexels-vazhnik-7561648.jpg","width":2500,"height":1667,"caption":"thefeminismproject.com"},"image":{"@id":"https:\/\/thefeminismproject.com\/es\/#\/schema\/logo\/image\/"}},{"@type":"Person","@id":"https:\/\/thefeminismproject.com\/es\/#\/schema\/person\/d2d84f0918ac04ca2b9f5b912890ad51","name":"Joaquimma Anna","image":{"@type":"ImageObject","inLanguage":"es","@id":"https:\/\/secure.gravatar.com\/avatar\/7d06747db1565e73d68391d596fc2eb15a10a4b4c1864574c454435523af94f1?s=96&d=mm&r=g","url":"https:\/\/secure.gravatar.com\/avatar\/7d06747db1565e73d68391d596fc2eb15a10a4b4c1864574c454435523af94f1?s=96&d=mm&r=g","contentUrl":"https:\/\/secure.gravatar.com\/avatar\/7d06747db1565e73d68391d596fc2eb15a10a4b4c1864574c454435523af94f1?s=96&d=mm&r=g","caption":"Joaquimma Anna"},"description":"Hi my name Joaquimma Anna, and let's tumble down the rabbit hole of thought! At thefeminismproject.com, this blog is a whimsical carnival of ideas. As a mischievous feminism activist, I'm here to juggle the narratives of women. This project? A delightful escapade into the absurdities and splendors of our world. Expect the unexpected!","sameAs":["http:\/\/thefeminismproject.com"],"url":"https:\/\/thefeminismproject.com\/es\/author\/bella-sungkawa\/"}]}},"_links":{"self":[{"href":"https:\/\/thefeminismproject.com\/es\/wp-json\/wp\/v2\/posts\/1050537","targetHints":{"allow":["GET"]}}],"collection":[{"href":"https:\/\/thefeminismproject.com\/es\/wp-json\/wp\/v2\/posts"}],"about":[{"href":"https:\/\/thefeminismproject.com\/es\/wp-json\/wp\/v2\/types\/post"}],"author":[{"embeddable":true,"href":"https:\/\/thefeminismproject.com\/es\/wp-json\/wp\/v2\/users\/1"}],"replies":[{"embeddable":true,"href":"https:\/\/thefeminismproject.com\/es\/wp-json\/wp\/v2\/comments?post=1050537"}],"version-history":[{"count":1,"href":"https:\/\/thefeminismproject.com\/es\/wp-json\/wp\/v2\/posts\/1050537\/revisions"}],"predecessor-version":[{"id":1050543,"href":"https:\/\/thefeminismproject.com\/es\/wp-json\/wp\/v2\/posts\/1050537\/revisions\/1050543"}],"wp:featuredmedia":[{"embeddable":true,"href":"https:\/\/thefeminismproject.com\/es\/wp-json\/wp\/v2\/media\/1050538"}],"wp:attachment":[{"href":"https:\/\/thefeminismproject.com\/es\/wp-json\/wp\/v2\/media?parent=1050537"}],"wp:term":[{"taxonomy":"category","embeddable":true,"href":"https:\/\/thefeminismproject.com\/es\/wp-json\/wp\/v2\/categories?post=1050537"},{"taxonomy":"post_tag","embeddable":true,"href":"https:\/\/thefeminismproject.com\/es\/wp-json\/wp\/v2\/tags?post=1050537"}],"curies":[{"name":"wp","href":"https:\/\/api.w.org\/{rel}","templated":true}]}}