{"id":1050837,"date":"2025-04-04T18:26:33","date_gmt":"2025-04-04T18:26:33","guid":{"rendered":"https:\/\/thefeminismproject.com\/sin-categoria\/quien-eres-tu-en-el-feminismo-descubrelo-con-este-test\/"},"modified":"2025-04-04T18:26:33","modified_gmt":"2025-04-04T18:26:33","slug":"quien-eres-tu-en-el-feminismo-descubrelo-con-este-test","status":"publish","type":"post","link":"https:\/\/thefeminismproject.com\/es\/presentada\/quien-eres-tu-en-el-feminismo-descubrelo-con-este-test\/","title":{"rendered":"\u00bfQui\u00e9n eres t\u00fa en el feminismo? Desc\u00fabrelo con este test"},"content":{"rendered":"<p>\u00bfQui\u00e9n eres t\u00fa en el feminismo? Pregunta intrigante, \u00bfverdad? En tiempos en que el feminismo se presenta como un concepto tan amplio y multifac\u00e9tico, es imperativo que cada uno de nosotros reflexione sobre su propio papel en esta lucha. Es un desaf\u00edo que muchas veces pasamos por alto, sumergidos en la vor\u00e1gine de reivindicaciones y debates. Pero, \u00bfte has detenido a pensar qu\u00e9 tipo de feminista eres realmente? Si no lo has hecho, quiz\u00e1s sea el momento de poner a prueba tus convicciones. \u00bfEst\u00e1s lista para descubrirlo?<\/p>\n<p>El feminismo no es una etiqueta que puedas simplemente llevar; es una identidad construida a partir de experiencias, aprendizajes y decisiones. Hay tantos matices, corrientes y perspectivas dentro del feminismo que resulta casi laborioso catalogarlos todos. Estamos hablando, desde el feminismo liberal que aboga por la igualdad de derechos, hasta el feminismo radical que cuestiona las ra\u00edces patriarcales de la sociedad. Cada una de estas corrientes ofrece herramientas para discutir y comprender la complejidad del escenario actual. As\u00ed que, \u00bfcu\u00e1l resuena m\u00e1s contigo?<\/p>\n<p>Quiz\u00e1s pienses que lo tienes claro. Tal vez te consideras una aliada en la lucha por la igualdad de g\u00e9nero o, incluso, una ferviente defensora de los derechos de las mujeres. Pero no te dejes enga\u00f1ar por las apariencias; las ra\u00edces del feminismo son profundas y, a veces, complicadas. Por eso, embarcarse en un test puede ser una forma casi l\u00fadica de confrontar y desentra\u00f1ar tus creencias y expectativas. \u00bfEst\u00e1s dispuesta a desnudarte ideol\u00f3gicamente?<\/p>\n<p>La primera pregunta que podr\u00edas encontrarte en un test sobre feminismo puede girar en torno a tu percepci\u00f3n de la igualdad de g\u00e9nero. \u00bfCrees que el feminismo deber\u00eda centrarse \u00fanicamente en los derechos de las mujeres? O, por el contrario, \u00bfhay un lugar en tu entendimiento para las cuestiones de g\u00e9nero de manera inclusiva, reconociendo la diversidad que existe? Quiz\u00e1s pienses que la lucha por los derechos LGBTQ+ deber\u00eda tener un papel preponderante. Despu\u00e9s de todo, el feminismo no tiene sentido si no consideramos las interseccionalidades que afectan a mujeres de diversas etnias, orientaciones sexuales y clases sociales.<\/p>\n<p>Pero la diversi\u00f3n no termina ah\u00ed. A medida que avanzas en este test, podr\u00e1s encontrarte con preguntas que te confrontar\u00e1n no solo con tus ideales, sino tambi\u00e9n con tus acciones. A veces, nuestras creencias se ven opacadas por la inercia del d\u00eda a d\u00eda. \u00bfTe deslumbras ante la posibilidad de cuestionar tu propio comportamiento y decidirte a actuar? Este es un pilar del feminismo: la autoevaluaci\u00f3n y la disposici\u00f3n al cambio. Si alguna vez has sentido que tal o cual comentario sexista ha pasado desapercibido o has tomado una postura pasiva ante una injusticia, este es el momento de reflexionar. La omisi\u00f3n tambi\u00e9n es complicidad.<\/p>\n<p>En un mundo donde el machismo se disfraza de bromas inocentes y comentarios \u201ccaritativos\u201d, tambi\u00e9n es un ejercicio liberador preguntarte: \u00bfc\u00f3mo reaccionas ante el humor mis\u00f3gino? \u00bfTe sientes inc\u00f3moda? \u00bfTe r\u00edes por no quedar mal? Reconocer nuestras reacciones es un paso crucial hacia una toma de conciencia m\u00e1s profunda. Aqu\u00ed, el test act\u00faa como un espejo, reflejando no s\u00f3lo tus convicciones, sino tus actos, tus silencios y, sobre todo, tus complicidades. <\/p>\n<p>Pero el viaje a trav\u00e9s de estas preguntas no deber\u00eda ser doloroso. Por el contrario, deber\u00edan invitarte a disfrutar y a reconocer las \u00e1reas en las que puedes crecer y aprender. \u00bfAcaso no es emocionante la idea de formar parte de un movimiento que ha promovido cambios sociales y pol\u00edtico-culturales a lo largo de la historia? Y, aunque pueda parecer tentador deslizarse hacia un tono pesimista, vale la pena recordar que, a pesar de los retrocesos, tambi\u00e9n hemos logrado avances monumentales.<\/p>\n<p>A medida que finalizas este test, es probable que encuentres categor\u00edas que te identifiquen, que te coloquen en un espectro de feminismo que quiz\u00e1s no hab\u00edas considerado. Pero recuerda, ninguna etiqueta es absoluta. Lo valioso del feminismo es su flexibilidad y capacidad de adaptaci\u00f3n. Es un movimiento vivo que evoluciona constantemente con las experiencias de sus individuos. Tu viaje es \u00fanico, as\u00ed que no dudes de tu val\u00eda en la lucha colectiva.<\/p>\n<p>Finalmente, la pregunta que subyace en todo este proceso es: \u00bfqu\u00e9 har\u00e1s con la informaci\u00f3n que obtengas? Recuerda que reflexionar sobre tu rol en el feminismo no tiene solo un componente introspectivo; es un llamado a la acci\u00f3n. Your insights should ignite a desire for change, tanto en ti misma como en tu entorno. Tu camino dentro del feminismo no es solo sobre ti, es una luz que puede guiar a otros en su propia traves\u00eda. \u00bfEst\u00e1s lista para iluminar el sendero? \u00a1La aventura apenas comienza!<\/p>\n","protected":false},"excerpt":{"rendered":"<p>\u00bfQui\u00e9n eres t\u00fa en el feminismo? Pregunta intrigante, \u00bfverdad? En tiempos en que el feminismo se presenta como un concepto tan amplio y multifac\u00e9tico, es imperativo que cada uno de nosotros reflexione sobre su propio papel en esta lucha. Es un desaf\u00edo que muchas veces pasamos por alto, sumergidos en la vor\u00e1gine de reivindicaciones y [&hellip;]<\/p>\n","protected":false},"author":1,"featured_media":0,"comment_status":"open","ping_status":"open","sticky":false,"template":"","format":"standard","meta":{"footnotes":""},"categories":[83],"tags":[],"class_list":{"0":"post-1050837","1":"post","2":"type-post","3":"status-publish","4":"format-standard","6":"category-presentada"},"yoast_head":"<!-- This site is optimized with the Yoast SEO plugin v27.4 - https:\/\/yoast.com\/product\/yoast-seo-wordpress\/ -->\n<title>\u00bfQui\u00e9n eres t\u00fa en el feminismo? Desc\u00fabrelo con este test<\/title>\n<meta name=\"description\" content=\"\u00bfQui\u00e9n eres t\u00fa en el feminismo? Pregunta intrigante, \u00bfverdad? En tiempos en que el feminismo se presenta como un concepto tan amplio y multifac\u00e9tico, es\" \/>\n<meta name=\"robots\" content=\"index, follow, max-snippet:-1, max-image-preview:large, max-video-preview:-1\" \/>\n<link rel=\"canonical\" href=\"https:\/\/thefeminismproject.com\/es\/presentada\/quien-eres-tu-en-el-feminismo-descubrelo-con-este-test\/\" \/>\n<meta property=\"og:locale\" content=\"es_ES\" \/>\n<meta property=\"og:type\" content=\"article\" \/>\n<meta property=\"og:title\" content=\"\u00bfQui\u00e9n eres t\u00fa en el feminismo? Desc\u00fabrelo con este test\" \/>\n<meta property=\"og:description\" content=\"\u00bfQui\u00e9n eres t\u00fa en el feminismo? Pregunta intrigante, \u00bfverdad? En tiempos en que el feminismo se presenta como un concepto tan amplio y multifac\u00e9tico, es\" \/>\n<meta property=\"og:url\" content=\"https:\/\/thefeminismproject.com\/es\/presentada\/quien-eres-tu-en-el-feminismo-descubrelo-con-este-test\/\" \/>\n<meta property=\"og:site_name\" content=\"thefeminismproject.com\" \/>\n<meta property=\"article:published_time\" content=\"2025-04-04T18:26:33+00:00\" \/>\n<meta property=\"og:image\" content=\"https:\/\/thefeminismproject.com\/wp-content\/uploads\/2024\/10\/pexels-vazhnik-7561648.jpg\" \/>\n\t<meta property=\"og:image:width\" content=\"2500\" \/>\n\t<meta property=\"og:image:height\" content=\"1667\" \/>\n\t<meta property=\"og:image:type\" content=\"image\/jpeg\" \/>\n<meta name=\"author\" content=\"Joaquimma Anna\" \/>\n<meta name=\"twitter:card\" content=\"summary_large_image\" \/>\n<meta name=\"twitter:label1\" content=\"Escrito por\" \/>\n\t<meta name=\"twitter:data1\" content=\"Joaquimma Anna\" \/>\n\t<meta name=\"twitter:label2\" content=\"Tiempo de lectura\" \/>\n\t<meta name=\"twitter:data2\" content=\"4 minutos\" \/>\n<script type=\"application\/ld+json\" class=\"yoast-schema-graph\">{\"@context\":\"https:\\\/\\\/schema.org\",\"@graph\":[{\"@type\":\"Article\",\"@id\":\"https:\\\/\\\/thefeminismproject.com\\\/es\\\/presentada\\\/quien-eres-tu-en-el-feminismo-descubrelo-con-este-test\\\/#article\",\"isPartOf\":{\"@id\":\"https:\\\/\\\/thefeminismproject.com\\\/es\\\/presentada\\\/quien-eres-tu-en-el-feminismo-descubrelo-con-este-test\\\/\"},\"author\":{\"name\":\"Joaquimma Anna\",\"@id\":\"https:\\\/\\\/thefeminismproject.com\\\/es\\\/#\\\/schema\\\/person\\\/d2d84f0918ac04ca2b9f5b912890ad51\"},\"headline\":\"\u00bfQui\u00e9n eres t\u00fa en el feminismo? Desc\u00fabrelo con este test\",\"datePublished\":\"2025-04-04T18:26:33+00:00\",\"mainEntityOfPage\":{\"@id\":\"https:\\\/\\\/thefeminismproject.com\\\/es\\\/presentada\\\/quien-eres-tu-en-el-feminismo-descubrelo-con-este-test\\\/\"},\"wordCount\":827,\"commentCount\":0,\"publisher\":{\"@id\":\"https:\\\/\\\/thefeminismproject.com\\\/es\\\/#organization\"},\"articleSection\":[\"Presentada\"],\"inLanguage\":\"es\",\"potentialAction\":[{\"@type\":\"CommentAction\",\"name\":\"Comment\",\"target\":[\"https:\\\/\\\/thefeminismproject.com\\\/es\\\/presentada\\\/quien-eres-tu-en-el-feminismo-descubrelo-con-este-test\\\/#respond\"]}]},{\"@type\":\"WebPage\",\"@id\":\"https:\\\/\\\/thefeminismproject.com\\\/es\\\/presentada\\\/quien-eres-tu-en-el-feminismo-descubrelo-con-este-test\\\/\",\"url\":\"https:\\\/\\\/thefeminismproject.com\\\/es\\\/presentada\\\/quien-eres-tu-en-el-feminismo-descubrelo-con-este-test\\\/\",\"name\":\"\u00bfQui\u00e9n eres t\u00fa en el feminismo? Desc\u00fabrelo con este test\",\"isPartOf\":{\"@id\":\"https:\\\/\\\/thefeminismproject.com\\\/es\\\/#website\"},\"datePublished\":\"2025-04-04T18:26:33+00:00\",\"description\":\"\u00bfQui\u00e9n eres t\u00fa en el feminismo? Pregunta intrigante, \u00bfverdad? En tiempos en que el feminismo se presenta como un concepto tan amplio y multifac\u00e9tico, es\",\"breadcrumb\":{\"@id\":\"https:\\\/\\\/thefeminismproject.com\\\/es\\\/presentada\\\/quien-eres-tu-en-el-feminismo-descubrelo-con-este-test\\\/#breadcrumb\"},\"inLanguage\":\"es\",\"potentialAction\":[{\"@type\":\"ReadAction\",\"target\":[\"https:\\\/\\\/thefeminismproject.com\\\/es\\\/presentada\\\/quien-eres-tu-en-el-feminismo-descubrelo-con-este-test\\\/\"]}]},{\"@type\":\"BreadcrumbList\",\"@id\":\"https:\\\/\\\/thefeminismproject.com\\\/es\\\/presentada\\\/quien-eres-tu-en-el-feminismo-descubrelo-con-este-test\\\/#breadcrumb\",\"itemListElement\":[{\"@type\":\"ListItem\",\"position\":1,\"name\":\"Home\",\"item\":\"https:\\\/\\\/thefeminismproject.com\\\/es\\\/inicio\\\/\"},{\"@type\":\"ListItem\",\"position\":2,\"name\":\"\u00bfQui\u00e9n eres t\u00fa en el feminismo? Desc\u00fabrelo con este test\"}]},{\"@type\":\"WebSite\",\"@id\":\"https:\\\/\\\/thefeminismproject.com\\\/es\\\/#website\",\"url\":\"https:\\\/\\\/thefeminismproject.com\\\/es\\\/\",\"name\":\"thefeminismproject.com\",\"description\":\"Popular culture with a feminist twist | let&#039;s talk about things that matter (news that feels right)\",\"publisher\":{\"@id\":\"https:\\\/\\\/thefeminismproject.com\\\/es\\\/#organization\"},\"potentialAction\":[{\"@type\":\"SearchAction\",\"target\":{\"@type\":\"EntryPoint\",\"urlTemplate\":\"https:\\\/\\\/thefeminismproject.com\\\/es\\\/?s={search_term_string}\"},\"query-input\":{\"@type\":\"PropertyValueSpecification\",\"valueRequired\":true,\"valueName\":\"search_term_string\"}}],\"inLanguage\":\"es\"},{\"@type\":\"Organization\",\"@id\":\"https:\\\/\\\/thefeminismproject.com\\\/es\\\/#organization\",\"name\":\"thefeminismproject.com\",\"url\":\"https:\\\/\\\/thefeminismproject.com\\\/es\\\/\",\"logo\":{\"@type\":\"ImageObject\",\"inLanguage\":\"es\",\"@id\":\"https:\\\/\\\/thefeminismproject.com\\\/es\\\/#\\\/schema\\\/logo\\\/image\\\/\",\"url\":\"https:\\\/\\\/thefeminismproject.com\\\/wp-content\\\/uploads\\\/2024\\\/10\\\/pexels-vazhnik-7561648.jpg\",\"contentUrl\":\"https:\\\/\\\/thefeminismproject.com\\\/wp-content\\\/uploads\\\/2024\\\/10\\\/pexels-vazhnik-7561648.jpg\",\"width\":2500,\"height\":1667,\"caption\":\"thefeminismproject.com\"},\"image\":{\"@id\":\"https:\\\/\\\/thefeminismproject.com\\\/es\\\/#\\\/schema\\\/logo\\\/image\\\/\"}},{\"@type\":\"Person\",\"@id\":\"https:\\\/\\\/thefeminismproject.com\\\/es\\\/#\\\/schema\\\/person\\\/d2d84f0918ac04ca2b9f5b912890ad51\",\"name\":\"Joaquimma Anna\",\"image\":{\"@type\":\"ImageObject\",\"inLanguage\":\"es\",\"@id\":\"https:\\\/\\\/secure.gravatar.com\\\/avatar\\\/7d06747db1565e73d68391d596fc2eb15a10a4b4c1864574c454435523af94f1?s=96&d=mm&r=g\",\"url\":\"https:\\\/\\\/secure.gravatar.com\\\/avatar\\\/7d06747db1565e73d68391d596fc2eb15a10a4b4c1864574c454435523af94f1?s=96&d=mm&r=g\",\"contentUrl\":\"https:\\\/\\\/secure.gravatar.com\\\/avatar\\\/7d06747db1565e73d68391d596fc2eb15a10a4b4c1864574c454435523af94f1?s=96&d=mm&r=g\",\"caption\":\"Joaquimma Anna\"},\"description\":\"Hi my name Joaquimma Anna, and let's tumble down the rabbit hole of thought! At thefeminismproject.com, this blog is a whimsical carnival of ideas. As a mischievous feminism activist, I'm here to juggle the narratives of women. This project? A delightful escapade into the absurdities and splendors of our world. Expect the unexpected!\",\"sameAs\":[\"http:\\\/\\\/thefeminismproject.com\"],\"url\":\"https:\\\/\\\/thefeminismproject.com\\\/es\\\/author\\\/bella-sungkawa\\\/\"}]}<\/script>\n<!-- \/ Yoast SEO plugin. -->","yoast_head_json":{"title":"\u00bfQui\u00e9n eres t\u00fa en el feminismo? Desc\u00fabrelo con este test","description":"\u00bfQui\u00e9n eres t\u00fa en el feminismo? Pregunta intrigante, \u00bfverdad? En tiempos en que el feminismo se presenta como un concepto tan amplio y multifac\u00e9tico, es","robots":{"index":"index","follow":"follow","max-snippet":"max-snippet:-1","max-image-preview":"max-image-preview:large","max-video-preview":"max-video-preview:-1"},"canonical":"https:\/\/thefeminismproject.com\/es\/presentada\/quien-eres-tu-en-el-feminismo-descubrelo-con-este-test\/","og_locale":"es_ES","og_type":"article","og_title":"\u00bfQui\u00e9n eres t\u00fa en el feminismo? Desc\u00fabrelo con este test","og_description":"\u00bfQui\u00e9n eres t\u00fa en el feminismo? Pregunta intrigante, \u00bfverdad? En tiempos en que el feminismo se presenta como un concepto tan amplio y multifac\u00e9tico, es","og_url":"https:\/\/thefeminismproject.com\/es\/presentada\/quien-eres-tu-en-el-feminismo-descubrelo-con-este-test\/","og_site_name":"thefeminismproject.com","article_published_time":"2025-04-04T18:26:33+00:00","og_image":[{"width":2500,"height":1667,"url":"https:\/\/thefeminismproject.com\/wp-content\/uploads\/2024\/10\/pexels-vazhnik-7561648.jpg","type":"image\/jpeg"}],"author":"Joaquimma Anna","twitter_card":"summary_large_image","twitter_misc":{"Escrito por":"Joaquimma Anna","Tiempo de lectura":"4 minutos"},"schema":{"@context":"https:\/\/schema.org","@graph":[{"@type":"Article","@id":"https:\/\/thefeminismproject.com\/es\/presentada\/quien-eres-tu-en-el-feminismo-descubrelo-con-este-test\/#article","isPartOf":{"@id":"https:\/\/thefeminismproject.com\/es\/presentada\/quien-eres-tu-en-el-feminismo-descubrelo-con-este-test\/"},"author":{"name":"Joaquimma Anna","@id":"https:\/\/thefeminismproject.com\/es\/#\/schema\/person\/d2d84f0918ac04ca2b9f5b912890ad51"},"headline":"\u00bfQui\u00e9n eres t\u00fa en el feminismo? Desc\u00fabrelo con este test","datePublished":"2025-04-04T18:26:33+00:00","mainEntityOfPage":{"@id":"https:\/\/thefeminismproject.com\/es\/presentada\/quien-eres-tu-en-el-feminismo-descubrelo-con-este-test\/"},"wordCount":827,"commentCount":0,"publisher":{"@id":"https:\/\/thefeminismproject.com\/es\/#organization"},"articleSection":["Presentada"],"inLanguage":"es","potentialAction":[{"@type":"CommentAction","name":"Comment","target":["https:\/\/thefeminismproject.com\/es\/presentada\/quien-eres-tu-en-el-feminismo-descubrelo-con-este-test\/#respond"]}]},{"@type":"WebPage","@id":"https:\/\/thefeminismproject.com\/es\/presentada\/quien-eres-tu-en-el-feminismo-descubrelo-con-este-test\/","url":"https:\/\/thefeminismproject.com\/es\/presentada\/quien-eres-tu-en-el-feminismo-descubrelo-con-este-test\/","name":"\u00bfQui\u00e9n eres t\u00fa en el feminismo? Desc\u00fabrelo con este test","isPartOf":{"@id":"https:\/\/thefeminismproject.com\/es\/#website"},"datePublished":"2025-04-04T18:26:33+00:00","description":"\u00bfQui\u00e9n eres t\u00fa en el feminismo? Pregunta intrigante, \u00bfverdad? En tiempos en que el feminismo se presenta como un concepto tan amplio y multifac\u00e9tico, es","breadcrumb":{"@id":"https:\/\/thefeminismproject.com\/es\/presentada\/quien-eres-tu-en-el-feminismo-descubrelo-con-este-test\/#breadcrumb"},"inLanguage":"es","potentialAction":[{"@type":"ReadAction","target":["https:\/\/thefeminismproject.com\/es\/presentada\/quien-eres-tu-en-el-feminismo-descubrelo-con-este-test\/"]}]},{"@type":"BreadcrumbList","@id":"https:\/\/thefeminismproject.com\/es\/presentada\/quien-eres-tu-en-el-feminismo-descubrelo-con-este-test\/#breadcrumb","itemListElement":[{"@type":"ListItem","position":1,"name":"Home","item":"https:\/\/thefeminismproject.com\/es\/inicio\/"},{"@type":"ListItem","position":2,"name":"\u00bfQui\u00e9n eres t\u00fa en el feminismo? Desc\u00fabrelo con este test"}]},{"@type":"WebSite","@id":"https:\/\/thefeminismproject.com\/es\/#website","url":"https:\/\/thefeminismproject.com\/es\/","name":"thefeminismproject.com","description":"Popular culture with a feminist twist | let&#039;s talk about things that matter (news that feels right)","publisher":{"@id":"https:\/\/thefeminismproject.com\/es\/#organization"},"potentialAction":[{"@type":"SearchAction","target":{"@type":"EntryPoint","urlTemplate":"https:\/\/thefeminismproject.com\/es\/?s={search_term_string}"},"query-input":{"@type":"PropertyValueSpecification","valueRequired":true,"valueName":"search_term_string"}}],"inLanguage":"es"},{"@type":"Organization","@id":"https:\/\/thefeminismproject.com\/es\/#organization","name":"thefeminismproject.com","url":"https:\/\/thefeminismproject.com\/es\/","logo":{"@type":"ImageObject","inLanguage":"es","@id":"https:\/\/thefeminismproject.com\/es\/#\/schema\/logo\/image\/","url":"https:\/\/thefeminismproject.com\/wp-content\/uploads\/2024\/10\/pexels-vazhnik-7561648.jpg","contentUrl":"https:\/\/thefeminismproject.com\/wp-content\/uploads\/2024\/10\/pexels-vazhnik-7561648.jpg","width":2500,"height":1667,"caption":"thefeminismproject.com"},"image":{"@id":"https:\/\/thefeminismproject.com\/es\/#\/schema\/logo\/image\/"}},{"@type":"Person","@id":"https:\/\/thefeminismproject.com\/es\/#\/schema\/person\/d2d84f0918ac04ca2b9f5b912890ad51","name":"Joaquimma Anna","image":{"@type":"ImageObject","inLanguage":"es","@id":"https:\/\/secure.gravatar.com\/avatar\/7d06747db1565e73d68391d596fc2eb15a10a4b4c1864574c454435523af94f1?s=96&d=mm&r=g","url":"https:\/\/secure.gravatar.com\/avatar\/7d06747db1565e73d68391d596fc2eb15a10a4b4c1864574c454435523af94f1?s=96&d=mm&r=g","contentUrl":"https:\/\/secure.gravatar.com\/avatar\/7d06747db1565e73d68391d596fc2eb15a10a4b4c1864574c454435523af94f1?s=96&d=mm&r=g","caption":"Joaquimma Anna"},"description":"Hi my name Joaquimma Anna, and let's tumble down the rabbit hole of thought! At thefeminismproject.com, this blog is a whimsical carnival of ideas. As a mischievous feminism activist, I'm here to juggle the narratives of women. This project? A delightful escapade into the absurdities and splendors of our world. Expect the unexpected!","sameAs":["http:\/\/thefeminismproject.com"],"url":"https:\/\/thefeminismproject.com\/es\/author\/bella-sungkawa\/"}]}},"_links":{"self":[{"href":"https:\/\/thefeminismproject.com\/es\/wp-json\/wp\/v2\/posts\/1050837","targetHints":{"allow":["GET"]}}],"collection":[{"href":"https:\/\/thefeminismproject.com\/es\/wp-json\/wp\/v2\/posts"}],"about":[{"href":"https:\/\/thefeminismproject.com\/es\/wp-json\/wp\/v2\/types\/post"}],"author":[{"embeddable":true,"href":"https:\/\/thefeminismproject.com\/es\/wp-json\/wp\/v2\/users\/1"}],"replies":[{"embeddable":true,"href":"https:\/\/thefeminismproject.com\/es\/wp-json\/wp\/v2\/comments?post=1050837"}],"version-history":[{"count":0,"href":"https:\/\/thefeminismproject.com\/es\/wp-json\/wp\/v2\/posts\/1050837\/revisions"}],"wp:attachment":[{"href":"https:\/\/thefeminismproject.com\/es\/wp-json\/wp\/v2\/media?parent=1050837"}],"wp:term":[{"taxonomy":"category","embeddable":true,"href":"https:\/\/thefeminismproject.com\/es\/wp-json\/wp\/v2\/categories?post=1050837"},{"taxonomy":"post_tag","embeddable":true,"href":"https:\/\/thefeminismproject.com\/es\/wp-json\/wp\/v2\/tags?post=1050837"}],"curies":[{"name":"wp","href":"https:\/\/api.w.org\/{rel}","templated":true}]}}