{"id":1051251,"date":"2025-03-17T03:10:00","date_gmt":"2025-03-17T03:10:00","guid":{"rendered":"https:\/\/thefeminismproject.com\/sin-categoria\/que-son-los-cuidados-segun-el-feminismo-politicas-para-la-vida\/"},"modified":"2025-03-17T03:10:00","modified_gmt":"2025-03-17T03:10:00","slug":"que-son-los-cuidados-segun-el-feminismo-politicas-para-la-vida","status":"publish","type":"post","link":"https:\/\/thefeminismproject.com\/es\/presentada\/que-son-los-cuidados-segun-el-feminismo-politicas-para-la-vida\/","title":{"rendered":"\u00bfQu\u00e9 son los cuidados seg\u00fan el feminismo? Pol\u00edticas para la vida"},"content":{"rendered":"<p>La noci\u00f3n de cuidados en el marco del feminismo se erige como un faro luminoso en medio de la bruma de un sistema patriarcal que tiende a desvalorizar y invisibilizar aquellas actividades que son fundamentales para la reproducci\u00f3n de la vida. Los cuidados, lejos de ser una mera obligaci\u00f3n social, son un acto pol\u00edtico que cristaliza la interconexi\u00f3n entre la vida, el trabajo y la justicia social. Las pol\u00edticas para la vida, por lo tanto, deben abrazar y revalorizar esta actividad esencial, proponiendo una reorganizaci\u00f3n radical de nuestras sociedades.<\/p>\n<p>En primer lugar, es preciso entender qu\u00e9 significan los cuidados. En un contexto feminista, los cuidados abarcan no solo las actividades que sostienen el bienestar f\u00edsico de las personas \u2014como la atenci\u00f3n a la infancia, los ancianos, o las personas enfermas\u2014, sino tambi\u00e9n los aspectos emocionales, psicol\u00f3gicos y comunitarios que edifican relaciones humanas significativas. Los cuidados trascienden el \u00e1mbito privado y personal y son, en realidad, un entramado esencial para la cohesi\u00f3n social. Al abordar esta tem\u00e1tica, se nos presenta una paradoja: mientras m\u00e1s invisibles son los cuidados, m\u00e1s fundamental es su funci\u00f3n.<\/p>\n<p>El feminismo propone reconceptualizar los cuidados mediante pol\u00edticas que garanticen su distribuci\u00f3n equitativa y su reconocimiento como parte vital del tejido social. Esta perspectiva desaf\u00eda la noci\u00f3n tradicional de progreso, que ha relegado los trabajos de cuidado a un segundo plano. En lugar de medir el desarrollo \u00fanicamente por indicadores econ\u00f3micos, deber\u00edamos incorporar m\u00e9tricas que evaluaran el cuidado como una medida de bienestar social. As\u00ed, se nos presenta la oportunidad de desmantelar las jerarqu\u00edas de g\u00e9nero que perpet\u00faan la idea de que dichos cuidados son innatos a las mujeres, relegando a los hombres a un papel de mero espectador.<\/p>\n<p>El trabajo de cuidados, su esencia, se asemeja a un pa\u00f1uelo de seda, suave y fuerte a la vez, que entrelaza el hilo de la solidaridad con el de la comunidad. Al permitir que este hilo se desgaste, fraccionamos nuestra sociedad. La organizaci\u00f3n de la vida diaria recaer\u00eda en unos pocos, perpetuando ciclos de explotaci\u00f3n y agotamiento. Sin embargo, reconocer y politizar el trabajo de los cuidados entre personas de diferentes g\u00e9neros y clases sociales resulta en un enfoque inclusivo y transformador. Promueve modelos comunitarios donde la responsabilidad es colectiva, no individual.<\/p>\n<p>En esencia, abogar por una \u00abpol\u00edtica de cuidados\u00bb equivale a reclamar un pacto social que trascienda las din\u00e1micas econ\u00f3micas convencionales. Potenciamos as\u00ed la idea de que el trabajo no remunerado \u2014que recae predominantemente en las mujeres\u2014 debe ser revalorizado, recompensado y apoyado. Esto incluye la implementaci\u00f3n de soluciones tangibles como licencias de maternidad y paternidad extendidas, servicios de guarder\u00eda asequibles y de calidad, y pol\u00edticas laborales que reconozcan la interdependencia entre los seres humanos en el contexto del trabajo remunerado. La vida no puede ser totalmente extr\u00ednseca a un entorno que marginaliza lo cotidiano.<\/p>\n<p>Asimismo, la interseccionalidad juega un papel crucial en esta discusi\u00f3n. Las experiencias de cuidado son profundamente variadas y est\u00e1n influenciadas por factores como la raza, la clase social, la sexualidad y la discapacidad. Un enfoque feminista debe considerar c\u00f3mo diferentes identidades afectan la distribuci\u00f3n de actividades de cuidado y, por lo tanto, la calidad de vida. Eso significa que las pol\u00edticas deben ser inclusivas, dise\u00f1adas para contemplar las demandas de todas las mujeres y hombres que, por diferentes razones, demandan y ofrecen cuidados. Ignorar la pluralidad de experiencias es despojar de agencia a aquellos que, aunque implicados en el trabajo de cuidados, su voz se ahoga en las din\u00e1micas hegem\u00f3nicas.<\/p>\n<p>Aqu\u00ed es donde surge un reto significativo: implementar pol\u00edticas que no solo reconozcan el valor del trabajo de cuidados, sino que tambi\u00e9n propongan un cambio cultural en la forma en que concebimos la masculinidad y la feminidad en las din\u00e1micas de cuidado. Anhelar un mundo en que los hombres puedan abiertamente involucrarse en el cuidado sin temor a ser estigmatizados como d\u00e9biles o poco masculinos es esencial. La deconstrucci\u00f3n de estereotipos de g\u00e9nero resulta primordial para cultivar un futuro inclusivo donde las tareas del cuidado sean compartidas equitativamente.<\/p>\n<p>En conclusi\u00f3n, los cuidados deben ser entendidos como un eje central del feminismo, articulando no solo pol\u00edticas p\u00fablicas, sino tambi\u00e9n un cambio cultural y social. La interdependencia que caracteriza nuestras vidas sugiere que el bienestar colectivo se encuentra intr\u00ednsecamente ligado a c\u00f3mo organizamos y valoramos el trabajo de cuidados. La invitaci\u00f3n queda lanzada: es hora de robustecer nuestra lucha a favor de pol\u00edticas que no s\u00f3lo hablen de igualdad, sino que tambi\u00e9n la materialicen en cada rinc\u00f3n de la vida cotidiana. Porque, al final, como bien se\u00f1ala la tradici\u00f3n feminista, cuidar no es un deber, sino un acto revolucionario. La transformaci\u00f3n social empieza en la cuna del cuidado.<\/p>\n","protected":false},"excerpt":{"rendered":"<p>La noci\u00f3n de cuidados en el marco del feminismo se erige como un faro luminoso en medio de la bruma de un sistema patriarcal que tiende a desvalorizar y invisibilizar aquellas actividades que son fundamentales para la reproducci\u00f3n de la vida. Los cuidados, lejos de ser una mera obligaci\u00f3n social, son un acto pol\u00edtico que [&hellip;]<\/p>\n","protected":false},"author":1,"featured_media":1051252,"comment_status":"open","ping_status":"open","sticky":false,"template":"","format":"standard","meta":{"footnotes":""},"categories":[83],"tags":[],"class_list":{"0":"post-1051251","1":"post","2":"type-post","3":"status-publish","4":"format-standard","5":"has-post-thumbnail","7":"category-presentada"},"yoast_head":"<!-- This site is optimized with the Yoast SEO plugin v27.4 - https:\/\/yoast.com\/product\/yoast-seo-wordpress\/ -->\n<title>\u00bfQu\u00e9 son los cuidados seg\u00fan el feminismo? Pol\u00edticas para la vida<\/title>\n<meta name=\"description\" content=\"La noci\u00f3n de cuidados en el marco del feminismo se erige como un faro luminoso en medio de la bruma de un sistema patriarcal que tiende a desvalorizar y\" \/>\n<meta name=\"robots\" content=\"index, follow, max-snippet:-1, max-image-preview:large, max-video-preview:-1\" \/>\n<link rel=\"canonical\" href=\"https:\/\/thefeminismproject.com\/es\/presentada\/que-son-los-cuidados-segun-el-feminismo-politicas-para-la-vida\/\" \/>\n<meta property=\"og:locale\" content=\"es_ES\" \/>\n<meta property=\"og:type\" content=\"article\" \/>\n<meta property=\"og:title\" content=\"\u00bfQu\u00e9 son los cuidados seg\u00fan el feminismo? Pol\u00edticas para la vida\" \/>\n<meta property=\"og:description\" content=\"La noci\u00f3n de cuidados en el marco del feminismo se erige como un faro luminoso en medio de la bruma de un sistema patriarcal que tiende a desvalorizar y\" \/>\n<meta property=\"og:url\" content=\"https:\/\/thefeminismproject.com\/es\/presentada\/que-son-los-cuidados-segun-el-feminismo-politicas-para-la-vida\/\" \/>\n<meta property=\"og:site_name\" content=\"thefeminismproject.com\" \/>\n<meta property=\"article:published_time\" content=\"2025-03-17T03:10:00+00:00\" \/>\n<meta property=\"og:image\" content=\"https:\/\/thefeminismproject.com\/wp-content\/uploads\/2025\/05\/Astrid-Agenjo-5-octu-731x1030-1.png\" \/>\n\t<meta property=\"og:image:width\" content=\"731\" \/>\n\t<meta property=\"og:image:height\" content=\"1030\" \/>\n\t<meta property=\"og:image:type\" content=\"image\/png\" \/>\n<meta name=\"author\" content=\"Joaquimma Anna\" \/>\n<meta name=\"twitter:card\" content=\"summary_large_image\" \/>\n<meta name=\"twitter:label1\" content=\"Escrito por\" \/>\n\t<meta name=\"twitter:data1\" content=\"Joaquimma Anna\" \/>\n\t<meta name=\"twitter:label2\" content=\"Tiempo de lectura\" \/>\n\t<meta name=\"twitter:data2\" content=\"4 minutos\" \/>\n<script type=\"application\/ld+json\" class=\"yoast-schema-graph\">{\"@context\":\"https:\\\/\\\/schema.org\",\"@graph\":[{\"@type\":\"Article\",\"@id\":\"https:\\\/\\\/thefeminismproject.com\\\/es\\\/presentada\\\/que-son-los-cuidados-segun-el-feminismo-politicas-para-la-vida\\\/#article\",\"isPartOf\":{\"@id\":\"https:\\\/\\\/thefeminismproject.com\\\/es\\\/presentada\\\/que-son-los-cuidados-segun-el-feminismo-politicas-para-la-vida\\\/\"},\"author\":{\"name\":\"Joaquimma Anna\",\"@id\":\"https:\\\/\\\/thefeminismproject.com\\\/es\\\/#\\\/schema\\\/person\\\/d2d84f0918ac04ca2b9f5b912890ad51\"},\"headline\":\"\u00bfQu\u00e9 son los cuidados seg\u00fan el feminismo? Pol\u00edticas para la vida\",\"datePublished\":\"2025-03-17T03:10:00+00:00\",\"mainEntityOfPage\":{\"@id\":\"https:\\\/\\\/thefeminismproject.com\\\/es\\\/presentada\\\/que-son-los-cuidados-segun-el-feminismo-politicas-para-la-vida\\\/\"},\"wordCount\":852,\"commentCount\":0,\"publisher\":{\"@id\":\"https:\\\/\\\/thefeminismproject.com\\\/es\\\/#organization\"},\"image\":{\"@id\":\"https:\\\/\\\/thefeminismproject.com\\\/es\\\/presentada\\\/que-son-los-cuidados-segun-el-feminismo-politicas-para-la-vida\\\/#primaryimage\"},\"thumbnailUrl\":\"https:\\\/\\\/thefeminismproject.com\\\/wp-content\\\/uploads\\\/2025\\\/05\\\/Astrid-Agenjo-5-octu-731x1030-1.png\",\"articleSection\":[\"Presentada\"],\"inLanguage\":\"es\",\"potentialAction\":[{\"@type\":\"CommentAction\",\"name\":\"Comment\",\"target\":[\"https:\\\/\\\/thefeminismproject.com\\\/es\\\/presentada\\\/que-son-los-cuidados-segun-el-feminismo-politicas-para-la-vida\\\/#respond\"]}]},{\"@type\":\"WebPage\",\"@id\":\"https:\\\/\\\/thefeminismproject.com\\\/es\\\/presentada\\\/que-son-los-cuidados-segun-el-feminismo-politicas-para-la-vida\\\/\",\"url\":\"https:\\\/\\\/thefeminismproject.com\\\/es\\\/presentada\\\/que-son-los-cuidados-segun-el-feminismo-politicas-para-la-vida\\\/\",\"name\":\"\u00bfQu\u00e9 son los cuidados seg\u00fan el feminismo? Pol\u00edticas para la vida\",\"isPartOf\":{\"@id\":\"https:\\\/\\\/thefeminismproject.com\\\/es\\\/#website\"},\"primaryImageOfPage\":{\"@id\":\"https:\\\/\\\/thefeminismproject.com\\\/es\\\/presentada\\\/que-son-los-cuidados-segun-el-feminismo-politicas-para-la-vida\\\/#primaryimage\"},\"image\":{\"@id\":\"https:\\\/\\\/thefeminismproject.com\\\/es\\\/presentada\\\/que-son-los-cuidados-segun-el-feminismo-politicas-para-la-vida\\\/#primaryimage\"},\"thumbnailUrl\":\"https:\\\/\\\/thefeminismproject.com\\\/wp-content\\\/uploads\\\/2025\\\/05\\\/Astrid-Agenjo-5-octu-731x1030-1.png\",\"datePublished\":\"2025-03-17T03:10:00+00:00\",\"description\":\"La noci\u00f3n de cuidados en el marco del feminismo se erige como un faro luminoso en medio de la bruma de un sistema patriarcal que tiende a desvalorizar y\",\"breadcrumb\":{\"@id\":\"https:\\\/\\\/thefeminismproject.com\\\/es\\\/presentada\\\/que-son-los-cuidados-segun-el-feminismo-politicas-para-la-vida\\\/#breadcrumb\"},\"inLanguage\":\"es\",\"potentialAction\":[{\"@type\":\"ReadAction\",\"target\":[\"https:\\\/\\\/thefeminismproject.com\\\/es\\\/presentada\\\/que-son-los-cuidados-segun-el-feminismo-politicas-para-la-vida\\\/\"]}]},{\"@type\":\"ImageObject\",\"inLanguage\":\"es\",\"@id\":\"https:\\\/\\\/thefeminismproject.com\\\/es\\\/presentada\\\/que-son-los-cuidados-segun-el-feminismo-politicas-para-la-vida\\\/#primaryimage\",\"url\":\"https:\\\/\\\/thefeminismproject.com\\\/wp-content\\\/uploads\\\/2025\\\/05\\\/Astrid-Agenjo-5-octu-731x1030-1.png\",\"contentUrl\":\"https:\\\/\\\/thefeminismproject.com\\\/wp-content\\\/uploads\\\/2025\\\/05\\\/Astrid-Agenjo-5-octu-731x1030-1.png\",\"width\":731,\"height\":1030},{\"@type\":\"BreadcrumbList\",\"@id\":\"https:\\\/\\\/thefeminismproject.com\\\/es\\\/presentada\\\/que-son-los-cuidados-segun-el-feminismo-politicas-para-la-vida\\\/#breadcrumb\",\"itemListElement\":[{\"@type\":\"ListItem\",\"position\":1,\"name\":\"Home\",\"item\":\"https:\\\/\\\/thefeminismproject.com\\\/es\\\/inicio\\\/\"},{\"@type\":\"ListItem\",\"position\":2,\"name\":\"\u00bfQu\u00e9 son los cuidados seg\u00fan el feminismo? Pol\u00edticas para la vida\"}]},{\"@type\":\"WebSite\",\"@id\":\"https:\\\/\\\/thefeminismproject.com\\\/es\\\/#website\",\"url\":\"https:\\\/\\\/thefeminismproject.com\\\/es\\\/\",\"name\":\"thefeminismproject.com\",\"description\":\"Popular culture with a feminist twist | let&#039;s talk about things that matter (news that feels right)\",\"publisher\":{\"@id\":\"https:\\\/\\\/thefeminismproject.com\\\/es\\\/#organization\"},\"potentialAction\":[{\"@type\":\"SearchAction\",\"target\":{\"@type\":\"EntryPoint\",\"urlTemplate\":\"https:\\\/\\\/thefeminismproject.com\\\/es\\\/?s={search_term_string}\"},\"query-input\":{\"@type\":\"PropertyValueSpecification\",\"valueRequired\":true,\"valueName\":\"search_term_string\"}}],\"inLanguage\":\"es\"},{\"@type\":\"Organization\",\"@id\":\"https:\\\/\\\/thefeminismproject.com\\\/es\\\/#organization\",\"name\":\"thefeminismproject.com\",\"url\":\"https:\\\/\\\/thefeminismproject.com\\\/es\\\/\",\"logo\":{\"@type\":\"ImageObject\",\"inLanguage\":\"es\",\"@id\":\"https:\\\/\\\/thefeminismproject.com\\\/es\\\/#\\\/schema\\\/logo\\\/image\\\/\",\"url\":\"https:\\\/\\\/thefeminismproject.com\\\/wp-content\\\/uploads\\\/2024\\\/10\\\/pexels-vazhnik-7561648.jpg\",\"contentUrl\":\"https:\\\/\\\/thefeminismproject.com\\\/wp-content\\\/uploads\\\/2024\\\/10\\\/pexels-vazhnik-7561648.jpg\",\"width\":2500,\"height\":1667,\"caption\":\"thefeminismproject.com\"},\"image\":{\"@id\":\"https:\\\/\\\/thefeminismproject.com\\\/es\\\/#\\\/schema\\\/logo\\\/image\\\/\"}},{\"@type\":\"Person\",\"@id\":\"https:\\\/\\\/thefeminismproject.com\\\/es\\\/#\\\/schema\\\/person\\\/d2d84f0918ac04ca2b9f5b912890ad51\",\"name\":\"Joaquimma Anna\",\"image\":{\"@type\":\"ImageObject\",\"inLanguage\":\"es\",\"@id\":\"https:\\\/\\\/secure.gravatar.com\\\/avatar\\\/7d06747db1565e73d68391d596fc2eb15a10a4b4c1864574c454435523af94f1?s=96&d=mm&r=g\",\"url\":\"https:\\\/\\\/secure.gravatar.com\\\/avatar\\\/7d06747db1565e73d68391d596fc2eb15a10a4b4c1864574c454435523af94f1?s=96&d=mm&r=g\",\"contentUrl\":\"https:\\\/\\\/secure.gravatar.com\\\/avatar\\\/7d06747db1565e73d68391d596fc2eb15a10a4b4c1864574c454435523af94f1?s=96&d=mm&r=g\",\"caption\":\"Joaquimma Anna\"},\"description\":\"Hi my name Joaquimma Anna, and let's tumble down the rabbit hole of thought! At thefeminismproject.com, this blog is a whimsical carnival of ideas. As a mischievous feminism activist, I'm here to juggle the narratives of women. This project? A delightful escapade into the absurdities and splendors of our world. Expect the unexpected!\",\"sameAs\":[\"http:\\\/\\\/thefeminismproject.com\"],\"url\":\"https:\\\/\\\/thefeminismproject.com\\\/es\\\/author\\\/bella-sungkawa\\\/\"}]}<\/script>\n<!-- \/ Yoast SEO plugin. -->","yoast_head_json":{"title":"\u00bfQu\u00e9 son los cuidados seg\u00fan el feminismo? Pol\u00edticas para la vida","description":"La noci\u00f3n de cuidados en el marco del feminismo se erige como un faro luminoso en medio de la bruma de un sistema patriarcal que tiende a desvalorizar y","robots":{"index":"index","follow":"follow","max-snippet":"max-snippet:-1","max-image-preview":"max-image-preview:large","max-video-preview":"max-video-preview:-1"},"canonical":"https:\/\/thefeminismproject.com\/es\/presentada\/que-son-los-cuidados-segun-el-feminismo-politicas-para-la-vida\/","og_locale":"es_ES","og_type":"article","og_title":"\u00bfQu\u00e9 son los cuidados seg\u00fan el feminismo? Pol\u00edticas para la vida","og_description":"La noci\u00f3n de cuidados en el marco del feminismo se erige como un faro luminoso en medio de la bruma de un sistema patriarcal que tiende a desvalorizar y","og_url":"https:\/\/thefeminismproject.com\/es\/presentada\/que-son-los-cuidados-segun-el-feminismo-politicas-para-la-vida\/","og_site_name":"thefeminismproject.com","article_published_time":"2025-03-17T03:10:00+00:00","og_image":[{"width":731,"height":1030,"url":"https:\/\/thefeminismproject.com\/wp-content\/uploads\/2025\/05\/Astrid-Agenjo-5-octu-731x1030-1.png","type":"image\/png"}],"author":"Joaquimma Anna","twitter_card":"summary_large_image","twitter_misc":{"Escrito por":"Joaquimma Anna","Tiempo de lectura":"4 minutos"},"schema":{"@context":"https:\/\/schema.org","@graph":[{"@type":"Article","@id":"https:\/\/thefeminismproject.com\/es\/presentada\/que-son-los-cuidados-segun-el-feminismo-politicas-para-la-vida\/#article","isPartOf":{"@id":"https:\/\/thefeminismproject.com\/es\/presentada\/que-son-los-cuidados-segun-el-feminismo-politicas-para-la-vida\/"},"author":{"name":"Joaquimma Anna","@id":"https:\/\/thefeminismproject.com\/es\/#\/schema\/person\/d2d84f0918ac04ca2b9f5b912890ad51"},"headline":"\u00bfQu\u00e9 son los cuidados seg\u00fan el feminismo? Pol\u00edticas para la vida","datePublished":"2025-03-17T03:10:00+00:00","mainEntityOfPage":{"@id":"https:\/\/thefeminismproject.com\/es\/presentada\/que-son-los-cuidados-segun-el-feminismo-politicas-para-la-vida\/"},"wordCount":852,"commentCount":0,"publisher":{"@id":"https:\/\/thefeminismproject.com\/es\/#organization"},"image":{"@id":"https:\/\/thefeminismproject.com\/es\/presentada\/que-son-los-cuidados-segun-el-feminismo-politicas-para-la-vida\/#primaryimage"},"thumbnailUrl":"https:\/\/thefeminismproject.com\/wp-content\/uploads\/2025\/05\/Astrid-Agenjo-5-octu-731x1030-1.png","articleSection":["Presentada"],"inLanguage":"es","potentialAction":[{"@type":"CommentAction","name":"Comment","target":["https:\/\/thefeminismproject.com\/es\/presentada\/que-son-los-cuidados-segun-el-feminismo-politicas-para-la-vida\/#respond"]}]},{"@type":"WebPage","@id":"https:\/\/thefeminismproject.com\/es\/presentada\/que-son-los-cuidados-segun-el-feminismo-politicas-para-la-vida\/","url":"https:\/\/thefeminismproject.com\/es\/presentada\/que-son-los-cuidados-segun-el-feminismo-politicas-para-la-vida\/","name":"\u00bfQu\u00e9 son los cuidados seg\u00fan el feminismo? Pol\u00edticas para la vida","isPartOf":{"@id":"https:\/\/thefeminismproject.com\/es\/#website"},"primaryImageOfPage":{"@id":"https:\/\/thefeminismproject.com\/es\/presentada\/que-son-los-cuidados-segun-el-feminismo-politicas-para-la-vida\/#primaryimage"},"image":{"@id":"https:\/\/thefeminismproject.com\/es\/presentada\/que-son-los-cuidados-segun-el-feminismo-politicas-para-la-vida\/#primaryimage"},"thumbnailUrl":"https:\/\/thefeminismproject.com\/wp-content\/uploads\/2025\/05\/Astrid-Agenjo-5-octu-731x1030-1.png","datePublished":"2025-03-17T03:10:00+00:00","description":"La noci\u00f3n de cuidados en el marco del feminismo se erige como un faro luminoso en medio de la bruma de un sistema patriarcal que tiende a desvalorizar y","breadcrumb":{"@id":"https:\/\/thefeminismproject.com\/es\/presentada\/que-son-los-cuidados-segun-el-feminismo-politicas-para-la-vida\/#breadcrumb"},"inLanguage":"es","potentialAction":[{"@type":"ReadAction","target":["https:\/\/thefeminismproject.com\/es\/presentada\/que-son-los-cuidados-segun-el-feminismo-politicas-para-la-vida\/"]}]},{"@type":"ImageObject","inLanguage":"es","@id":"https:\/\/thefeminismproject.com\/es\/presentada\/que-son-los-cuidados-segun-el-feminismo-politicas-para-la-vida\/#primaryimage","url":"https:\/\/thefeminismproject.com\/wp-content\/uploads\/2025\/05\/Astrid-Agenjo-5-octu-731x1030-1.png","contentUrl":"https:\/\/thefeminismproject.com\/wp-content\/uploads\/2025\/05\/Astrid-Agenjo-5-octu-731x1030-1.png","width":731,"height":1030},{"@type":"BreadcrumbList","@id":"https:\/\/thefeminismproject.com\/es\/presentada\/que-son-los-cuidados-segun-el-feminismo-politicas-para-la-vida\/#breadcrumb","itemListElement":[{"@type":"ListItem","position":1,"name":"Home","item":"https:\/\/thefeminismproject.com\/es\/inicio\/"},{"@type":"ListItem","position":2,"name":"\u00bfQu\u00e9 son los cuidados seg\u00fan el feminismo? Pol\u00edticas para la vida"}]},{"@type":"WebSite","@id":"https:\/\/thefeminismproject.com\/es\/#website","url":"https:\/\/thefeminismproject.com\/es\/","name":"thefeminismproject.com","description":"Popular culture with a feminist twist | let&#039;s talk about things that matter (news that feels right)","publisher":{"@id":"https:\/\/thefeminismproject.com\/es\/#organization"},"potentialAction":[{"@type":"SearchAction","target":{"@type":"EntryPoint","urlTemplate":"https:\/\/thefeminismproject.com\/es\/?s={search_term_string}"},"query-input":{"@type":"PropertyValueSpecification","valueRequired":true,"valueName":"search_term_string"}}],"inLanguage":"es"},{"@type":"Organization","@id":"https:\/\/thefeminismproject.com\/es\/#organization","name":"thefeminismproject.com","url":"https:\/\/thefeminismproject.com\/es\/","logo":{"@type":"ImageObject","inLanguage":"es","@id":"https:\/\/thefeminismproject.com\/es\/#\/schema\/logo\/image\/","url":"https:\/\/thefeminismproject.com\/wp-content\/uploads\/2024\/10\/pexels-vazhnik-7561648.jpg","contentUrl":"https:\/\/thefeminismproject.com\/wp-content\/uploads\/2024\/10\/pexels-vazhnik-7561648.jpg","width":2500,"height":1667,"caption":"thefeminismproject.com"},"image":{"@id":"https:\/\/thefeminismproject.com\/es\/#\/schema\/logo\/image\/"}},{"@type":"Person","@id":"https:\/\/thefeminismproject.com\/es\/#\/schema\/person\/d2d84f0918ac04ca2b9f5b912890ad51","name":"Joaquimma Anna","image":{"@type":"ImageObject","inLanguage":"es","@id":"https:\/\/secure.gravatar.com\/avatar\/7d06747db1565e73d68391d596fc2eb15a10a4b4c1864574c454435523af94f1?s=96&d=mm&r=g","url":"https:\/\/secure.gravatar.com\/avatar\/7d06747db1565e73d68391d596fc2eb15a10a4b4c1864574c454435523af94f1?s=96&d=mm&r=g","contentUrl":"https:\/\/secure.gravatar.com\/avatar\/7d06747db1565e73d68391d596fc2eb15a10a4b4c1864574c454435523af94f1?s=96&d=mm&r=g","caption":"Joaquimma Anna"},"description":"Hi my name Joaquimma Anna, and let's tumble down the rabbit hole of thought! At thefeminismproject.com, this blog is a whimsical carnival of ideas. As a mischievous feminism activist, I'm here to juggle the narratives of women. This project? A delightful escapade into the absurdities and splendors of our world. Expect the unexpected!","sameAs":["http:\/\/thefeminismproject.com"],"url":"https:\/\/thefeminismproject.com\/es\/author\/bella-sungkawa\/"}]}},"_links":{"self":[{"href":"https:\/\/thefeminismproject.com\/es\/wp-json\/wp\/v2\/posts\/1051251","targetHints":{"allow":["GET"]}}],"collection":[{"href":"https:\/\/thefeminismproject.com\/es\/wp-json\/wp\/v2\/posts"}],"about":[{"href":"https:\/\/thefeminismproject.com\/es\/wp-json\/wp\/v2\/types\/post"}],"author":[{"embeddable":true,"href":"https:\/\/thefeminismproject.com\/es\/wp-json\/wp\/v2\/users\/1"}],"replies":[{"embeddable":true,"href":"https:\/\/thefeminismproject.com\/es\/wp-json\/wp\/v2\/comments?post=1051251"}],"version-history":[{"count":0,"href":"https:\/\/thefeminismproject.com\/es\/wp-json\/wp\/v2\/posts\/1051251\/revisions"}],"wp:featuredmedia":[{"embeddable":true,"href":"https:\/\/thefeminismproject.com\/es\/wp-json\/wp\/v2\/media\/1051252"}],"wp:attachment":[{"href":"https:\/\/thefeminismproject.com\/es\/wp-json\/wp\/v2\/media?parent=1051251"}],"wp:term":[{"taxonomy":"category","embeddable":true,"href":"https:\/\/thefeminismproject.com\/es\/wp-json\/wp\/v2\/categories?post=1051251"},{"taxonomy":"post_tag","embeddable":true,"href":"https:\/\/thefeminismproject.com\/es\/wp-json\/wp\/v2\/tags?post=1051251"}],"curies":[{"name":"wp","href":"https:\/\/api.w.org\/{rel}","templated":true}]}}