{"id":1051399,"date":"2025-05-02T23:24:44","date_gmt":"2025-05-02T23:24:44","guid":{"rendered":"https:\/\/thefeminismproject.com\/sin-categoria\/quien-dijo-que-el-feminismo-es-cancer-origen-de-una-frase-polemica\/"},"modified":"2025-05-02T23:24:44","modified_gmt":"2025-05-02T23:24:44","slug":"quien-dijo-que-el-feminismo-es-cancer-origen-de-una-frase-polemica","status":"publish","type":"post","link":"https:\/\/thefeminismproject.com\/es\/presentada\/quien-dijo-que-el-feminismo-es-cancer-origen-de-una-frase-polemica\/","title":{"rendered":"\u00bfQui\u00e9n dijo que el feminismo es c\u00e1ncer? Origen de una frase pol\u00e9mica"},"content":{"rendered":"<p>La afirmaci\u00f3n \u00abel feminismo es c\u00e1ncer\u00bb es un ataque desmedido que, lejos de ser simplemente una frase desafortunada, revela una profunda resistencia a la lucha por la igualdad de g\u00e9nero. Esta eufem\u00edstica met\u00e1fora, que intenta deslegitimar un movimiento que busca justicia social, carece de toda l\u00f3gica, pero, a la vez, proporciona un rico campo de an\u00e1lisis sobre c\u00f3mo se percibe y se acomete la lucha feminista en nuestra sociedad.<\/p>\n<p>En primer lugar, es crucial considerar el contexto hist\u00f3rico en el que surge esta frase intr\u00ednsecamente problem\u00e1tica. El feminismo, en sus m\u00faltiples formas y olas, ha buscado visibilizar las injusticias que enfrentan las mujeres y reivindicar sus derechos fundamentales. Desde el sufragismo hasta el movimiento #MeToo, cada etapa ha enfrentado su propia resistencia, pero ninguno de estos puntos de quiebre ha sido tan ignorado o vilipendiado como el presente. Esta catalogaci\u00f3n del feminismo como \u00abc\u00e1ncer\u00bb puede verse como un intento desesperado por erradicar una ideolog\u00eda que amenaza el status quo de una sociedad patriarcal y profundamente enraizada en estructuras de poder desigual.<\/p>\n<p>Adem\u00e1s, es imperativo atravesar la narrativa que presenta el feminismo no solo como un desafiante de la tradici\u00f3n, sino como un catalizador de cambio. Al vincular el feminismo con el c\u00e1ncer, se impone la idea de que es una enfermedad que se expande, que contamina el tejido social. Lo ir\u00f3nico, y a la vez tr\u00e1gico, es que en este contexto, es precisamente el patriarcado el que representa el verdadero c\u00e1ncer de nuestras sociedades. Se propaga a trav\u00e9s de violencia, desigualdad y misoginia, debilitando nuestras din\u00e1micas sociales hasta hacerlas insostenibles. Mientras el feminismo busca sanear estas injusticias, la resistencia que encuentra a menudo se presenta en la forma de ataques incendiarios que intentan demonizarlo.<\/p>\n<p>En la esfera p\u00fablica contempor\u00e1nea, comentaristas reaccionarios han encontrado en esta imagen una herramienta poderosa, un recurso que les permite descalificar discursos feministas y desviar la atenci\u00f3n de las problem\u00e1ticas reales que enfrentan mujeres en todos los rincones del mundo. En esta batalla ret\u00f3rica, la met\u00e1fora del c\u00e1ncer se convierte en un arma en manos de quienes desean perpetuar el sometimiento. Ellos se sirven de la polarizaci\u00f3n, pues saben que este tipo de afirmaciones resuenan en la opini\u00f3n p\u00fablica, avivando la convicci\u00f3n de que el feminismo es un fen\u00f3meno que deber\u00eda ser reprimido en lugar de nutrido. Aqu\u00ed radica la cruel iron\u00eda: al calificar el feminismo de manera tan despectiva, se avanza en la creaci\u00f3n de un clima t\u00f3xico donde el cambio social es visto como algo que debe ser temido y no abra\u00e7ado.<\/p>\n<p>Asimismo, es vital abordar el papel que juegan los medios en propagar y perpetuar este tipo de ret\u00f3rica. La viralidad de la frase ha sido facilitada por plataformas digitales que convierten las opiniones infundadas en verdades populares, creando una narrativa que se siente m\u00e1s real que los hechos. Este fen\u00f3meno hace que sea crucial fomentar una discusi\u00f3n enf\u00e1tica y cr\u00edtica sobre el feminismo y su rol en la sociedad actual. La argumentaci\u00f3n contra el feminismo como \u00abc\u00e1ncer\u00bb no deber\u00eda solo centrarse en desmentir la afirmaci\u00f3n, sino que tambi\u00e9n debe incluir un an\u00e1lisis de la noci\u00f3n misma de lo que significa ser feminista en el siglo XXI. A medida que avanza la lucha por la igualdad, las viejas narrativas se desmoronan, y es nuestra responsabilidad tejer nuevas historias que reflejen la pluralidad y la fuerza del movimiento.<\/p>\n<p>Tambi\u00e9n cabe recordar que las cr\u00edticas a menudo provienen de un lugar de miedo, incertidumbre y desinformaci\u00f3n. El feminismo desaf\u00eda estructuras patriarcales que han moldeado la vida de los hombres y mujeres por generaciones. En este escenario, aquellos que se encuentran en una posici\u00f3n de privilegio pueden ver el feminismo como una amenaza a su identidad y existencia. La queja de que el feminismo es c\u00e1ncer refleja este miedo, resaltando una falta de entendimiento sobre la relaci\u00f3n entre g\u00e9nero, poder y sociedad.<\/p>\n<p>Frente a este tipo de resistencia, la clave se encuentra en la educaci\u00f3n y el di\u00e1logo. El feminismo no es un organismo patol\u00f3gico, sino una respuesta vital a las injusticias que persistieron a lo largo de siglos. La labor radical del feminismo radica en su capacidad de desafiar nociones preconcebidas, de cuestionar el orden establecido y de proponer nuevas formas de coexistir en solidaridad y equidad. Este es, sin duda, un cambio necesario y saludable para el desarrollo de sociedades m\u00e1s justas.<\/p>\n<p>En conclusi\u00f3n, la noci\u00f3n de que \u00abel feminismo es c\u00e1ncer\u00bb no solo es una frase desafortunada, sino un ejemplo de la resistencia que enfrenta un movimiento vital. Al abordar esta met\u00e1fora pol\u00e9mica, no solo revelamos la l\u00f3gica defectuosa que la sostiene, sino que tambi\u00e9n debemos aprovechar esta oportunidad para abrir un debate m\u00e1s amplio sobre el feminismo y su importancia en el mundo actual. A medida que seguimos luchando por la igualdad, es nuestro deber rechazar estas descalificaciones y seguir abogando por un futuro donde las personas sean valoradas por igual, independientemente de su g\u00e9nero.<\/p>\n","protected":false},"excerpt":{"rendered":"<p>La afirmaci\u00f3n \u00abel feminismo es c\u00e1ncer\u00bb es un ataque desmedido que, lejos de ser simplemente una frase desafortunada, revela una profunda resistencia a la lucha por la igualdad de g\u00e9nero. Esta eufem\u00edstica met\u00e1fora, que intenta deslegitimar un movimiento que busca justicia social, carece de toda l\u00f3gica, pero, a la vez, proporciona un rico campo de [&hellip;]<\/p>\n","protected":false},"author":1,"featured_media":1051400,"comment_status":"open","ping_status":"open","sticky":false,"template":"","format":"standard","meta":{"footnotes":""},"categories":[83],"tags":[],"class_list":{"0":"post-1051399","1":"post","2":"type-post","3":"status-publish","4":"format-standard","5":"has-post-thumbnail","7":"category-presentada"},"yoast_head":"<!-- This site is optimized with the Yoast SEO plugin v27.4 - https:\/\/yoast.com\/product\/yoast-seo-wordpress\/ -->\n<title>\u00bfQui\u00e9n dijo que el feminismo es c\u00e1ncer? Origen de una frase pol\u00e9mica<\/title>\n<meta name=\"description\" content=\"La afirmaci\u00f3n &quot;el feminismo es c\u00e1ncer&quot; es un ataque desmedido que, lejos de ser simplemente una frase desafortunada, revela una profunda resistencia a la\" \/>\n<meta name=\"robots\" content=\"index, follow, max-snippet:-1, max-image-preview:large, max-video-preview:-1\" \/>\n<link rel=\"canonical\" href=\"https:\/\/thefeminismproject.com\/es\/presentada\/quien-dijo-que-el-feminismo-es-cancer-origen-de-una-frase-polemica\/\" \/>\n<meta property=\"og:locale\" content=\"es_ES\" \/>\n<meta property=\"og:type\" content=\"article\" \/>\n<meta property=\"og:title\" content=\"\u00bfQui\u00e9n dijo que el feminismo es c\u00e1ncer? Origen de una frase pol\u00e9mica\" \/>\n<meta property=\"og:description\" content=\"La afirmaci\u00f3n &quot;el feminismo es c\u00e1ncer&quot; es un ataque desmedido que, lejos de ser simplemente una frase desafortunada, revela una profunda resistencia a la\" \/>\n<meta property=\"og:url\" content=\"https:\/\/thefeminismproject.com\/es\/presentada\/quien-dijo-que-el-feminismo-es-cancer-origen-de-una-frase-polemica\/\" \/>\n<meta property=\"og:site_name\" content=\"thefeminismproject.com\" \/>\n<meta property=\"article:published_time\" content=\"2025-05-02T23:24:44+00:00\" \/>\n<meta property=\"og:image\" content=\"https:\/\/thefeminismproject.com\/wp-content\/uploads\/2025\/05\/1-1.jpg\" \/>\n\t<meta property=\"og:image:width\" content=\"960\" \/>\n\t<meta property=\"og:image:height\" content=\"720\" \/>\n\t<meta property=\"og:image:type\" content=\"image\/jpeg\" \/>\n<meta name=\"author\" content=\"Joaquimma Anna\" \/>\n<meta name=\"twitter:card\" content=\"summary_large_image\" \/>\n<meta name=\"twitter:label1\" content=\"Escrito por\" \/>\n\t<meta name=\"twitter:data1\" content=\"Joaquimma Anna\" \/>\n\t<meta name=\"twitter:label2\" content=\"Tiempo de lectura\" \/>\n\t<meta name=\"twitter:data2\" content=\"4 minutos\" \/>\n<script type=\"application\/ld+json\" class=\"yoast-schema-graph\">{\"@context\":\"https:\\\/\\\/schema.org\",\"@graph\":[{\"@type\":\"Article\",\"@id\":\"https:\\\/\\\/thefeminismproject.com\\\/es\\\/presentada\\\/quien-dijo-que-el-feminismo-es-cancer-origen-de-una-frase-polemica\\\/#article\",\"isPartOf\":{\"@id\":\"https:\\\/\\\/thefeminismproject.com\\\/es\\\/presentada\\\/quien-dijo-que-el-feminismo-es-cancer-origen-de-una-frase-polemica\\\/\"},\"author\":{\"name\":\"Joaquimma Anna\",\"@id\":\"https:\\\/\\\/thefeminismproject.com\\\/es\\\/#\\\/schema\\\/person\\\/d2d84f0918ac04ca2b9f5b912890ad51\"},\"headline\":\"\u00bfQui\u00e9n dijo que el feminismo es c\u00e1ncer? Origen de una frase pol\u00e9mica\",\"datePublished\":\"2025-05-02T23:24:44+00:00\",\"mainEntityOfPage\":{\"@id\":\"https:\\\/\\\/thefeminismproject.com\\\/es\\\/presentada\\\/quien-dijo-que-el-feminismo-es-cancer-origen-de-una-frase-polemica\\\/\"},\"wordCount\":902,\"commentCount\":0,\"publisher\":{\"@id\":\"https:\\\/\\\/thefeminismproject.com\\\/es\\\/#organization\"},\"image\":{\"@id\":\"https:\\\/\\\/thefeminismproject.com\\\/es\\\/presentada\\\/quien-dijo-que-el-feminismo-es-cancer-origen-de-una-frase-polemica\\\/#primaryimage\"},\"thumbnailUrl\":\"https:\\\/\\\/thefeminismproject.com\\\/wp-content\\\/uploads\\\/2025\\\/05\\\/1-1.jpg\",\"articleSection\":[\"Presentada\"],\"inLanguage\":\"es\",\"potentialAction\":[{\"@type\":\"CommentAction\",\"name\":\"Comment\",\"target\":[\"https:\\\/\\\/thefeminismproject.com\\\/es\\\/presentada\\\/quien-dijo-que-el-feminismo-es-cancer-origen-de-una-frase-polemica\\\/#respond\"]}]},{\"@type\":\"WebPage\",\"@id\":\"https:\\\/\\\/thefeminismproject.com\\\/es\\\/presentada\\\/quien-dijo-que-el-feminismo-es-cancer-origen-de-una-frase-polemica\\\/\",\"url\":\"https:\\\/\\\/thefeminismproject.com\\\/es\\\/presentada\\\/quien-dijo-que-el-feminismo-es-cancer-origen-de-una-frase-polemica\\\/\",\"name\":\"\u00bfQui\u00e9n dijo que el feminismo es c\u00e1ncer? Origen de una frase pol\u00e9mica\",\"isPartOf\":{\"@id\":\"https:\\\/\\\/thefeminismproject.com\\\/es\\\/#website\"},\"primaryImageOfPage\":{\"@id\":\"https:\\\/\\\/thefeminismproject.com\\\/es\\\/presentada\\\/quien-dijo-que-el-feminismo-es-cancer-origen-de-una-frase-polemica\\\/#primaryimage\"},\"image\":{\"@id\":\"https:\\\/\\\/thefeminismproject.com\\\/es\\\/presentada\\\/quien-dijo-que-el-feminismo-es-cancer-origen-de-una-frase-polemica\\\/#primaryimage\"},\"thumbnailUrl\":\"https:\\\/\\\/thefeminismproject.com\\\/wp-content\\\/uploads\\\/2025\\\/05\\\/1-1.jpg\",\"datePublished\":\"2025-05-02T23:24:44+00:00\",\"description\":\"La afirmaci\u00f3n \\\"el feminismo es c\u00e1ncer\\\" es un ataque desmedido que, lejos de ser simplemente una frase desafortunada, revela una profunda resistencia a la\",\"breadcrumb\":{\"@id\":\"https:\\\/\\\/thefeminismproject.com\\\/es\\\/presentada\\\/quien-dijo-que-el-feminismo-es-cancer-origen-de-una-frase-polemica\\\/#breadcrumb\"},\"inLanguage\":\"es\",\"potentialAction\":[{\"@type\":\"ReadAction\",\"target\":[\"https:\\\/\\\/thefeminismproject.com\\\/es\\\/presentada\\\/quien-dijo-que-el-feminismo-es-cancer-origen-de-una-frase-polemica\\\/\"]}]},{\"@type\":\"ImageObject\",\"inLanguage\":\"es\",\"@id\":\"https:\\\/\\\/thefeminismproject.com\\\/es\\\/presentada\\\/quien-dijo-que-el-feminismo-es-cancer-origen-de-una-frase-polemica\\\/#primaryimage\",\"url\":\"https:\\\/\\\/thefeminismproject.com\\\/wp-content\\\/uploads\\\/2025\\\/05\\\/1-1.jpg\",\"contentUrl\":\"https:\\\/\\\/thefeminismproject.com\\\/wp-content\\\/uploads\\\/2025\\\/05\\\/1-1.jpg\",\"width\":960,\"height\":720},{\"@type\":\"BreadcrumbList\",\"@id\":\"https:\\\/\\\/thefeminismproject.com\\\/es\\\/presentada\\\/quien-dijo-que-el-feminismo-es-cancer-origen-de-una-frase-polemica\\\/#breadcrumb\",\"itemListElement\":[{\"@type\":\"ListItem\",\"position\":1,\"name\":\"Home\",\"item\":\"https:\\\/\\\/thefeminismproject.com\\\/es\\\/inicio\\\/\"},{\"@type\":\"ListItem\",\"position\":2,\"name\":\"\u00bfQui\u00e9n dijo que el feminismo es c\u00e1ncer? Origen de una frase pol\u00e9mica\"}]},{\"@type\":\"WebSite\",\"@id\":\"https:\\\/\\\/thefeminismproject.com\\\/es\\\/#website\",\"url\":\"https:\\\/\\\/thefeminismproject.com\\\/es\\\/\",\"name\":\"thefeminismproject.com\",\"description\":\"Popular culture with a feminist twist | let&#039;s talk about things that matter (news that feels right)\",\"publisher\":{\"@id\":\"https:\\\/\\\/thefeminismproject.com\\\/es\\\/#organization\"},\"potentialAction\":[{\"@type\":\"SearchAction\",\"target\":{\"@type\":\"EntryPoint\",\"urlTemplate\":\"https:\\\/\\\/thefeminismproject.com\\\/es\\\/?s={search_term_string}\"},\"query-input\":{\"@type\":\"PropertyValueSpecification\",\"valueRequired\":true,\"valueName\":\"search_term_string\"}}],\"inLanguage\":\"es\"},{\"@type\":\"Organization\",\"@id\":\"https:\\\/\\\/thefeminismproject.com\\\/es\\\/#organization\",\"name\":\"thefeminismproject.com\",\"url\":\"https:\\\/\\\/thefeminismproject.com\\\/es\\\/\",\"logo\":{\"@type\":\"ImageObject\",\"inLanguage\":\"es\",\"@id\":\"https:\\\/\\\/thefeminismproject.com\\\/es\\\/#\\\/schema\\\/logo\\\/image\\\/\",\"url\":\"https:\\\/\\\/thefeminismproject.com\\\/wp-content\\\/uploads\\\/2024\\\/10\\\/pexels-vazhnik-7561648.jpg\",\"contentUrl\":\"https:\\\/\\\/thefeminismproject.com\\\/wp-content\\\/uploads\\\/2024\\\/10\\\/pexels-vazhnik-7561648.jpg\",\"width\":2500,\"height\":1667,\"caption\":\"thefeminismproject.com\"},\"image\":{\"@id\":\"https:\\\/\\\/thefeminismproject.com\\\/es\\\/#\\\/schema\\\/logo\\\/image\\\/\"}},{\"@type\":\"Person\",\"@id\":\"https:\\\/\\\/thefeminismproject.com\\\/es\\\/#\\\/schema\\\/person\\\/d2d84f0918ac04ca2b9f5b912890ad51\",\"name\":\"Joaquimma Anna\",\"image\":{\"@type\":\"ImageObject\",\"inLanguage\":\"es\",\"@id\":\"https:\\\/\\\/secure.gravatar.com\\\/avatar\\\/7d06747db1565e73d68391d596fc2eb15a10a4b4c1864574c454435523af94f1?s=96&d=mm&r=g\",\"url\":\"https:\\\/\\\/secure.gravatar.com\\\/avatar\\\/7d06747db1565e73d68391d596fc2eb15a10a4b4c1864574c454435523af94f1?s=96&d=mm&r=g\",\"contentUrl\":\"https:\\\/\\\/secure.gravatar.com\\\/avatar\\\/7d06747db1565e73d68391d596fc2eb15a10a4b4c1864574c454435523af94f1?s=96&d=mm&r=g\",\"caption\":\"Joaquimma Anna\"},\"description\":\"Hi my name Joaquimma Anna, and let's tumble down the rabbit hole of thought! At thefeminismproject.com, this blog is a whimsical carnival of ideas. As a mischievous feminism activist, I'm here to juggle the narratives of women. This project? A delightful escapade into the absurdities and splendors of our world. Expect the unexpected!\",\"sameAs\":[\"http:\\\/\\\/thefeminismproject.com\"],\"url\":\"https:\\\/\\\/thefeminismproject.com\\\/es\\\/author\\\/bella-sungkawa\\\/\"}]}<\/script>\n<!-- \/ Yoast SEO plugin. -->","yoast_head_json":{"title":"\u00bfQui\u00e9n dijo que el feminismo es c\u00e1ncer? Origen de una frase pol\u00e9mica","description":"La afirmaci\u00f3n \"el feminismo es c\u00e1ncer\" es un ataque desmedido que, lejos de ser simplemente una frase desafortunada, revela una profunda resistencia a la","robots":{"index":"index","follow":"follow","max-snippet":"max-snippet:-1","max-image-preview":"max-image-preview:large","max-video-preview":"max-video-preview:-1"},"canonical":"https:\/\/thefeminismproject.com\/es\/presentada\/quien-dijo-que-el-feminismo-es-cancer-origen-de-una-frase-polemica\/","og_locale":"es_ES","og_type":"article","og_title":"\u00bfQui\u00e9n dijo que el feminismo es c\u00e1ncer? Origen de una frase pol\u00e9mica","og_description":"La afirmaci\u00f3n \"el feminismo es c\u00e1ncer\" es un ataque desmedido que, lejos de ser simplemente una frase desafortunada, revela una profunda resistencia a la","og_url":"https:\/\/thefeminismproject.com\/es\/presentada\/quien-dijo-que-el-feminismo-es-cancer-origen-de-una-frase-polemica\/","og_site_name":"thefeminismproject.com","article_published_time":"2025-05-02T23:24:44+00:00","og_image":[{"width":960,"height":720,"url":"https:\/\/thefeminismproject.com\/wp-content\/uploads\/2025\/05\/1-1.jpg","type":"image\/jpeg"}],"author":"Joaquimma Anna","twitter_card":"summary_large_image","twitter_misc":{"Escrito por":"Joaquimma Anna","Tiempo de lectura":"4 minutos"},"schema":{"@context":"https:\/\/schema.org","@graph":[{"@type":"Article","@id":"https:\/\/thefeminismproject.com\/es\/presentada\/quien-dijo-que-el-feminismo-es-cancer-origen-de-una-frase-polemica\/#article","isPartOf":{"@id":"https:\/\/thefeminismproject.com\/es\/presentada\/quien-dijo-que-el-feminismo-es-cancer-origen-de-una-frase-polemica\/"},"author":{"name":"Joaquimma Anna","@id":"https:\/\/thefeminismproject.com\/es\/#\/schema\/person\/d2d84f0918ac04ca2b9f5b912890ad51"},"headline":"\u00bfQui\u00e9n dijo que el feminismo es c\u00e1ncer? Origen de una frase pol\u00e9mica","datePublished":"2025-05-02T23:24:44+00:00","mainEntityOfPage":{"@id":"https:\/\/thefeminismproject.com\/es\/presentada\/quien-dijo-que-el-feminismo-es-cancer-origen-de-una-frase-polemica\/"},"wordCount":902,"commentCount":0,"publisher":{"@id":"https:\/\/thefeminismproject.com\/es\/#organization"},"image":{"@id":"https:\/\/thefeminismproject.com\/es\/presentada\/quien-dijo-que-el-feminismo-es-cancer-origen-de-una-frase-polemica\/#primaryimage"},"thumbnailUrl":"https:\/\/thefeminismproject.com\/wp-content\/uploads\/2025\/05\/1-1.jpg","articleSection":["Presentada"],"inLanguage":"es","potentialAction":[{"@type":"CommentAction","name":"Comment","target":["https:\/\/thefeminismproject.com\/es\/presentada\/quien-dijo-que-el-feminismo-es-cancer-origen-de-una-frase-polemica\/#respond"]}]},{"@type":"WebPage","@id":"https:\/\/thefeminismproject.com\/es\/presentada\/quien-dijo-que-el-feminismo-es-cancer-origen-de-una-frase-polemica\/","url":"https:\/\/thefeminismproject.com\/es\/presentada\/quien-dijo-que-el-feminismo-es-cancer-origen-de-una-frase-polemica\/","name":"\u00bfQui\u00e9n dijo que el feminismo es c\u00e1ncer? Origen de una frase pol\u00e9mica","isPartOf":{"@id":"https:\/\/thefeminismproject.com\/es\/#website"},"primaryImageOfPage":{"@id":"https:\/\/thefeminismproject.com\/es\/presentada\/quien-dijo-que-el-feminismo-es-cancer-origen-de-una-frase-polemica\/#primaryimage"},"image":{"@id":"https:\/\/thefeminismproject.com\/es\/presentada\/quien-dijo-que-el-feminismo-es-cancer-origen-de-una-frase-polemica\/#primaryimage"},"thumbnailUrl":"https:\/\/thefeminismproject.com\/wp-content\/uploads\/2025\/05\/1-1.jpg","datePublished":"2025-05-02T23:24:44+00:00","description":"La afirmaci\u00f3n \"el feminismo es c\u00e1ncer\" es un ataque desmedido que, lejos de ser simplemente una frase desafortunada, revela una profunda resistencia a la","breadcrumb":{"@id":"https:\/\/thefeminismproject.com\/es\/presentada\/quien-dijo-que-el-feminismo-es-cancer-origen-de-una-frase-polemica\/#breadcrumb"},"inLanguage":"es","potentialAction":[{"@type":"ReadAction","target":["https:\/\/thefeminismproject.com\/es\/presentada\/quien-dijo-que-el-feminismo-es-cancer-origen-de-una-frase-polemica\/"]}]},{"@type":"ImageObject","inLanguage":"es","@id":"https:\/\/thefeminismproject.com\/es\/presentada\/quien-dijo-que-el-feminismo-es-cancer-origen-de-una-frase-polemica\/#primaryimage","url":"https:\/\/thefeminismproject.com\/wp-content\/uploads\/2025\/05\/1-1.jpg","contentUrl":"https:\/\/thefeminismproject.com\/wp-content\/uploads\/2025\/05\/1-1.jpg","width":960,"height":720},{"@type":"BreadcrumbList","@id":"https:\/\/thefeminismproject.com\/es\/presentada\/quien-dijo-que-el-feminismo-es-cancer-origen-de-una-frase-polemica\/#breadcrumb","itemListElement":[{"@type":"ListItem","position":1,"name":"Home","item":"https:\/\/thefeminismproject.com\/es\/inicio\/"},{"@type":"ListItem","position":2,"name":"\u00bfQui\u00e9n dijo que el feminismo es c\u00e1ncer? Origen de una frase pol\u00e9mica"}]},{"@type":"WebSite","@id":"https:\/\/thefeminismproject.com\/es\/#website","url":"https:\/\/thefeminismproject.com\/es\/","name":"thefeminismproject.com","description":"Popular culture with a feminist twist | let&#039;s talk about things that matter (news that feels right)","publisher":{"@id":"https:\/\/thefeminismproject.com\/es\/#organization"},"potentialAction":[{"@type":"SearchAction","target":{"@type":"EntryPoint","urlTemplate":"https:\/\/thefeminismproject.com\/es\/?s={search_term_string}"},"query-input":{"@type":"PropertyValueSpecification","valueRequired":true,"valueName":"search_term_string"}}],"inLanguage":"es"},{"@type":"Organization","@id":"https:\/\/thefeminismproject.com\/es\/#organization","name":"thefeminismproject.com","url":"https:\/\/thefeminismproject.com\/es\/","logo":{"@type":"ImageObject","inLanguage":"es","@id":"https:\/\/thefeminismproject.com\/es\/#\/schema\/logo\/image\/","url":"https:\/\/thefeminismproject.com\/wp-content\/uploads\/2024\/10\/pexels-vazhnik-7561648.jpg","contentUrl":"https:\/\/thefeminismproject.com\/wp-content\/uploads\/2024\/10\/pexels-vazhnik-7561648.jpg","width":2500,"height":1667,"caption":"thefeminismproject.com"},"image":{"@id":"https:\/\/thefeminismproject.com\/es\/#\/schema\/logo\/image\/"}},{"@type":"Person","@id":"https:\/\/thefeminismproject.com\/es\/#\/schema\/person\/d2d84f0918ac04ca2b9f5b912890ad51","name":"Joaquimma Anna","image":{"@type":"ImageObject","inLanguage":"es","@id":"https:\/\/secure.gravatar.com\/avatar\/7d06747db1565e73d68391d596fc2eb15a10a4b4c1864574c454435523af94f1?s=96&d=mm&r=g","url":"https:\/\/secure.gravatar.com\/avatar\/7d06747db1565e73d68391d596fc2eb15a10a4b4c1864574c454435523af94f1?s=96&d=mm&r=g","contentUrl":"https:\/\/secure.gravatar.com\/avatar\/7d06747db1565e73d68391d596fc2eb15a10a4b4c1864574c454435523af94f1?s=96&d=mm&r=g","caption":"Joaquimma Anna"},"description":"Hi my name Joaquimma Anna, and let's tumble down the rabbit hole of thought! At thefeminismproject.com, this blog is a whimsical carnival of ideas. As a mischievous feminism activist, I'm here to juggle the narratives of women. This project? A delightful escapade into the absurdities and splendors of our world. Expect the unexpected!","sameAs":["http:\/\/thefeminismproject.com"],"url":"https:\/\/thefeminismproject.com\/es\/author\/bella-sungkawa\/"}]}},"_links":{"self":[{"href":"https:\/\/thefeminismproject.com\/es\/wp-json\/wp\/v2\/posts\/1051399","targetHints":{"allow":["GET"]}}],"collection":[{"href":"https:\/\/thefeminismproject.com\/es\/wp-json\/wp\/v2\/posts"}],"about":[{"href":"https:\/\/thefeminismproject.com\/es\/wp-json\/wp\/v2\/types\/post"}],"author":[{"embeddable":true,"href":"https:\/\/thefeminismproject.com\/es\/wp-json\/wp\/v2\/users\/1"}],"replies":[{"embeddable":true,"href":"https:\/\/thefeminismproject.com\/es\/wp-json\/wp\/v2\/comments?post=1051399"}],"version-history":[{"count":0,"href":"https:\/\/thefeminismproject.com\/es\/wp-json\/wp\/v2\/posts\/1051399\/revisions"}],"wp:featuredmedia":[{"embeddable":true,"href":"https:\/\/thefeminismproject.com\/es\/wp-json\/wp\/v2\/media\/1051400"}],"wp:attachment":[{"href":"https:\/\/thefeminismproject.com\/es\/wp-json\/wp\/v2\/media?parent=1051399"}],"wp:term":[{"taxonomy":"category","embeddable":true,"href":"https:\/\/thefeminismproject.com\/es\/wp-json\/wp\/v2\/categories?post=1051399"},{"taxonomy":"post_tag","embeddable":true,"href":"https:\/\/thefeminismproject.com\/es\/wp-json\/wp\/v2\/tags?post=1051399"}],"curies":[{"name":"wp","href":"https:\/\/api.w.org\/{rel}","templated":true}]}}