{"id":1051595,"date":"2025-03-22T04:46:04","date_gmt":"2025-03-22T04:46:04","guid":{"rendered":"https:\/\/thefeminismproject.com\/sin-categoria\/por-que-el-feminismo-es-malo-voces-criticas-y-defensas\/"},"modified":"2025-03-22T04:46:04","modified_gmt":"2025-03-22T04:46:04","slug":"por-que-el-feminismo-es-malo-voces-criticas-y-defensas","status":"publish","type":"post","link":"https:\/\/thefeminismproject.com\/es\/presentada\/por-que-el-feminismo-es-malo-voces-criticas-y-defensas\/","title":{"rendered":"\u00bfPor qu\u00e9 el feminismo es malo? Voces cr\u00edticas y defensas"},"content":{"rendered":"<p>El feminismo, un movimiento que ha abanderado la lucha por la igualdad de g\u00e9nero, se erige como una de las corrientes sociales m\u00e1s controvertidas de nuestra era. Sin embargo, hay voces cr\u00edticas que secretamente o abiertamente argumentan que el feminismo, en sus diversas manifestaciones, es, en muchos aspectos, perjudicial. Esta percepci\u00f3n refuerza un debate acalorado que merece un an\u00e1lisis profundo. \u00bfEs el feminismo realmente malo? A continuaci\u00f3n, exploraremos las voces cr\u00edticas, sus argumentos y las defensas que emergen en este contexto.<\/p>\n<p>Primero, es crucial abordar las voces cr\u00edticas que sostienen que el feminismo puede ser perjudicial. Un argumento frecuente es que la ideolog\u00eda feminista ha evolucionado hacia una forma de radicalismo que promueve la discordia entre g\u00e9neros, en lugar de la armon\u00eda. Estos cr\u00edticos sostienen que ciertos sectores del feminismo contempor\u00e1neo se enfocan m\u00e1s en la demonizaci\u00f3n de los hombres que en la igualdad real. Esta narrativa sugiere que el auge de un feminismo agresivo contribuye a eludir los nuanciamientos necesarios en el di\u00e1logo sobre g\u00e9nero, en lugar de promover una verdadera equidad.<\/p>\n<p>Adem\u00e1s, en el \u00e1mbito acad\u00e9mico, algunos soci\u00f3logos argumentan que el feminismo ha desdibujado los l\u00edmites entre los sexos, fomentando un clima de confusi\u00f3n respecto a la identidad de g\u00e9nero. Esta cr\u00edtica se centra en c\u00f3mo la proliferaci\u00f3n de terminolog\u00edas relacionadas con identidades no binarias ha complicado a\u00fan m\u00e1s el discurso sobre derechos, lo que podr\u00eda llevar a una fragmentaci\u00f3n en la lucha por la equidad. En efecto, se sugiere que el feminismo, en un intento de ser inclusivo, ha abandonado una agenda com\u00fan y en su lugar ha creado un mosaico de reivindicaciones que, aunque v\u00e1lidas, pueden resultar contraproducentes.<\/p>\n<p>En este mismo orden de ideas, hay quienes afirman que el feminismo ha fallado en abordar las injusticias socioecon\u00f3micas que afectan a mujeres de diferentes or\u00edgenes. Las discusiones suelen estar centradas en las mujeres de clase media y alta, mientras que las que pertenecen a estratos econ\u00f3micos m\u00e1s bajos se sienten relegadas. Si bien el feminismo ha hecho avances significativos, las cr\u00edticas se\u00f1alan que es esencial que el movimiento no se convierta en un club exclusivo para las m\u00e1s afortunadas. De hecho, este aspecto tiene la potencia de dividir a\u00fan m\u00e1s la lucha por la igualdad, al crear un elitismo encubierto dentro del mismo feminismo.<\/p>\n<p>No obstante, es crucial ofrecer una defensa robusta al movimiento feminista. Las cr\u00edticas al feminismo, aunque a menudo cuentan con s\u00f3lidos argumentos, a menudo descontextualizan el objetivo fundamental del movimiento: la b\u00fasqueda de la igualdad. Los defensores del feminismo argumentan que la radicalizaci\u00f3n de algunas voces dentro del feminismo no debe ser un reflejo del movimiento en su totalidad. La pluralidad de enfoques, un hecho innegable, enriquece el di\u00e1logo y permite que la lucha evolucione adapt\u00e1ndose a las nuevas realidades sociales.<\/p>\n<p>Adem\u00e1s, el feminismo ha sido fundamental en la lucha por los derechos de las mujeres en todo el mundo. Desde la obtenci\u00f3n del voto hasta la promoci\u00f3n de los derechos laborales y la visibilizaci\u00f3n de la violencia de g\u00e9nero, el feminismo ha liderado iniciativas que no solo benefician a las mujeres, sino que tambi\u00e9n contribuyen al bienestar de toda la sociedad. La premisa de que un movimiento centrado en la igualdad pueda ser da\u00f1ino es, en s\u00ed misma, problem\u00e1tica. La cuesti\u00f3n no reside en la ra\u00edz del feminismo, sino en las manifestaciones y formas en que se elige llevar a cabo esta lucha.<\/p>\n<p>Frente a la cr\u00edtica de que el feminismo favorece la divisi\u00f3n de g\u00e9nero, los defensores contrarrestan que abordar las desigualdades no es promover el odio, sino visibilizar las disparidades que, hist\u00f3ricamente, han sido ignoradas. Es un intento de abrir un espacio de discusi\u00f3n que ha sido brevemente paralizado por el miedo a ser etiquetado de \u00abradical\u00bb. En este sentido, es esencial recordar que la lucha por la equidad de g\u00e9nero no solo beneficia a las mujeres, sino que tambi\u00e9n libera a los hombres de las constricciones de una sociedad que los ha empujado a actuar en consonancia con estereotipos da\u00f1inos.<\/p>\n<p>Otro argumento defensor es que el feminismo ha evolucionado incorporando una cr\u00edtica interseccional que desaf\u00eda las narrativas excluyentes. En este sentido, el feminismo contempor\u00e1neo busca ser inclusivo y reconocer que las luchas de las mujeres no pueden ser desvinculadas de otras formas de discriminaci\u00f3n, como el racismo, la homofobia y la pobreza. Este enfoque diversificado establece un puente que puede, potencialmente, conectar diferentes grupos y facilitar un di\u00e1logo enriquecedor sobre los muchos matices de la opresi\u00f3n.<\/p>\n<p>La lucha feminista es, por tanto, un microcosmos de las tensiones y debates sociales m\u00e1s amplios. Las cr\u00edticas que apuntan a un radicalismo desbocado no deben ser desestimadas, sino que deber\u00edan impulsar una reflexi\u00f3n m\u00e1s profunda sobre c\u00f3mo el feminismo puede adaptarse y evolucionar. Sin embargo, es imperativo que no se pierda de vista su esencia: la b\u00fasqueda de la igualdad. La complejidad de la conversaci\u00f3n sobre el feminismo exige no s\u00f3lo un reconocimiento de sus imperfecciones, sino una valoraci\u00f3n de sus logros, as\u00ed como su potencial para seguir transformando la sociedad en direcci\u00f3n a una mayor equidad y justicia.<\/p>\n","protected":false},"excerpt":{"rendered":"<p>El feminismo, un movimiento que ha abanderado la lucha por la igualdad de g\u00e9nero, se erige como una de las corrientes sociales m\u00e1s controvertidas de nuestra era. Sin embargo, hay voces cr\u00edticas que secretamente o abiertamente argumentan que el feminismo, en sus diversas manifestaciones, es, en muchos aspectos, perjudicial. Esta percepci\u00f3n refuerza un debate acalorado [&hellip;]<\/p>\n","protected":false},"author":1,"featured_media":1042401,"comment_status":"open","ping_status":"open","sticky":false,"template":"","format":"standard","meta":{"footnotes":""},"categories":[83],"tags":[],"class_list":{"0":"post-1051595","1":"post","2":"type-post","3":"status-publish","4":"format-standard","5":"has-post-thumbnail","7":"category-presentada"},"yoast_head":"<!-- This site is optimized with the Yoast SEO plugin v27.4 - https:\/\/yoast.com\/product\/yoast-seo-wordpress\/ -->\n<title>\u00bfPor qu\u00e9 el feminismo es malo? Voces cr\u00edticas y defensas<\/title>\n<meta name=\"description\" content=\"El feminismo, un movimiento que ha abanderado la lucha por la igualdad de g\u00e9nero, se erige como una de las corrientes sociales m\u00e1s controvertidas de\" \/>\n<meta name=\"robots\" content=\"index, follow, max-snippet:-1, max-image-preview:large, max-video-preview:-1\" \/>\n<link rel=\"canonical\" href=\"https:\/\/thefeminismproject.com\/es\/presentada\/por-que-el-feminismo-es-malo-voces-criticas-y-defensas\/\" \/>\n<meta property=\"og:locale\" content=\"es_ES\" \/>\n<meta property=\"og:type\" content=\"article\" \/>\n<meta property=\"og:title\" content=\"\u00bfPor qu\u00e9 el feminismo es malo? Voces cr\u00edticas y defensas\" \/>\n<meta property=\"og:description\" content=\"El feminismo, un movimiento que ha abanderado la lucha por la igualdad de g\u00e9nero, se erige como una de las corrientes sociales m\u00e1s controvertidas de\" \/>\n<meta property=\"og:url\" content=\"https:\/\/thefeminismproject.com\/es\/presentada\/por-que-el-feminismo-es-malo-voces-criticas-y-defensas\/\" \/>\n<meta property=\"og:site_name\" content=\"thefeminismproject.com\" \/>\n<meta property=\"article:published_time\" content=\"2025-03-22T04:46:04+00:00\" \/>\n<meta property=\"og:image\" content=\"https:\/\/thefeminismproject.com\/wp-content\/uploads\/2025\/04\/6829564.jpg\" \/>\n\t<meta property=\"og:image:width\" content=\"1600\" \/>\n\t<meta property=\"og:image:height\" content=\"900\" \/>\n\t<meta property=\"og:image:type\" content=\"image\/jpeg\" \/>\n<meta name=\"author\" content=\"Joaquimma Anna\" \/>\n<meta name=\"twitter:card\" content=\"summary_large_image\" \/>\n<meta name=\"twitter:label1\" content=\"Escrito por\" \/>\n\t<meta name=\"twitter:data1\" content=\"Joaquimma Anna\" \/>\n\t<meta name=\"twitter:label2\" content=\"Tiempo de lectura\" \/>\n\t<meta name=\"twitter:data2\" content=\"5 minutos\" \/>\n<script type=\"application\/ld+json\" class=\"yoast-schema-graph\">{\"@context\":\"https:\\\/\\\/schema.org\",\"@graph\":[{\"@type\":\"Article\",\"@id\":\"https:\\\/\\\/thefeminismproject.com\\\/es\\\/presentada\\\/por-que-el-feminismo-es-malo-voces-criticas-y-defensas\\\/#article\",\"isPartOf\":{\"@id\":\"https:\\\/\\\/thefeminismproject.com\\\/es\\\/presentada\\\/por-que-el-feminismo-es-malo-voces-criticas-y-defensas\\\/\"},\"author\":{\"name\":\"Joaquimma Anna\",\"@id\":\"https:\\\/\\\/thefeminismproject.com\\\/es\\\/#\\\/schema\\\/person\\\/d2d84f0918ac04ca2b9f5b912890ad51\"},\"headline\":\"\u00bfPor qu\u00e9 el feminismo es malo? Voces cr\u00edticas y defensas\",\"datePublished\":\"2025-03-22T04:46:04+00:00\",\"mainEntityOfPage\":{\"@id\":\"https:\\\/\\\/thefeminismproject.com\\\/es\\\/presentada\\\/por-que-el-feminismo-es-malo-voces-criticas-y-defensas\\\/\"},\"wordCount\":931,\"commentCount\":0,\"publisher\":{\"@id\":\"https:\\\/\\\/thefeminismproject.com\\\/es\\\/#organization\"},\"image\":{\"@id\":\"https:\\\/\\\/thefeminismproject.com\\\/es\\\/presentada\\\/por-que-el-feminismo-es-malo-voces-criticas-y-defensas\\\/#primaryimage\"},\"thumbnailUrl\":\"https:\\\/\\\/thefeminismproject.com\\\/wp-content\\\/uploads\\\/2025\\\/04\\\/6829564.jpg\",\"articleSection\":[\"Presentada\"],\"inLanguage\":\"es\",\"potentialAction\":[{\"@type\":\"CommentAction\",\"name\":\"Comment\",\"target\":[\"https:\\\/\\\/thefeminismproject.com\\\/es\\\/presentada\\\/por-que-el-feminismo-es-malo-voces-criticas-y-defensas\\\/#respond\"]}]},{\"@type\":\"WebPage\",\"@id\":\"https:\\\/\\\/thefeminismproject.com\\\/es\\\/presentada\\\/por-que-el-feminismo-es-malo-voces-criticas-y-defensas\\\/\",\"url\":\"https:\\\/\\\/thefeminismproject.com\\\/es\\\/presentada\\\/por-que-el-feminismo-es-malo-voces-criticas-y-defensas\\\/\",\"name\":\"\u00bfPor qu\u00e9 el feminismo es malo? Voces cr\u00edticas y defensas\",\"isPartOf\":{\"@id\":\"https:\\\/\\\/thefeminismproject.com\\\/es\\\/#website\"},\"primaryImageOfPage\":{\"@id\":\"https:\\\/\\\/thefeminismproject.com\\\/es\\\/presentada\\\/por-que-el-feminismo-es-malo-voces-criticas-y-defensas\\\/#primaryimage\"},\"image\":{\"@id\":\"https:\\\/\\\/thefeminismproject.com\\\/es\\\/presentada\\\/por-que-el-feminismo-es-malo-voces-criticas-y-defensas\\\/#primaryimage\"},\"thumbnailUrl\":\"https:\\\/\\\/thefeminismproject.com\\\/wp-content\\\/uploads\\\/2025\\\/04\\\/6829564.jpg\",\"datePublished\":\"2025-03-22T04:46:04+00:00\",\"description\":\"El feminismo, un movimiento que ha abanderado la lucha por la igualdad de g\u00e9nero, se erige como una de las corrientes sociales m\u00e1s controvertidas de\",\"breadcrumb\":{\"@id\":\"https:\\\/\\\/thefeminismproject.com\\\/es\\\/presentada\\\/por-que-el-feminismo-es-malo-voces-criticas-y-defensas\\\/#breadcrumb\"},\"inLanguage\":\"es\",\"potentialAction\":[{\"@type\":\"ReadAction\",\"target\":[\"https:\\\/\\\/thefeminismproject.com\\\/es\\\/presentada\\\/por-que-el-feminismo-es-malo-voces-criticas-y-defensas\\\/\"]}]},{\"@type\":\"ImageObject\",\"inLanguage\":\"es\",\"@id\":\"https:\\\/\\\/thefeminismproject.com\\\/es\\\/presentada\\\/por-que-el-feminismo-es-malo-voces-criticas-y-defensas\\\/#primaryimage\",\"url\":\"https:\\\/\\\/thefeminismproject.com\\\/wp-content\\\/uploads\\\/2025\\\/04\\\/6829564.jpg\",\"contentUrl\":\"https:\\\/\\\/thefeminismproject.com\\\/wp-content\\\/uploads\\\/2025\\\/04\\\/6829564.jpg\",\"width\":1600,\"height\":900},{\"@type\":\"BreadcrumbList\",\"@id\":\"https:\\\/\\\/thefeminismproject.com\\\/es\\\/presentada\\\/por-que-el-feminismo-es-malo-voces-criticas-y-defensas\\\/#breadcrumb\",\"itemListElement\":[{\"@type\":\"ListItem\",\"position\":1,\"name\":\"Home\",\"item\":\"https:\\\/\\\/thefeminismproject.com\\\/es\\\/inicio\\\/\"},{\"@type\":\"ListItem\",\"position\":2,\"name\":\"\u00bfPor qu\u00e9 el feminismo es malo? Voces cr\u00edticas y defensas\"}]},{\"@type\":\"WebSite\",\"@id\":\"https:\\\/\\\/thefeminismproject.com\\\/es\\\/#website\",\"url\":\"https:\\\/\\\/thefeminismproject.com\\\/es\\\/\",\"name\":\"thefeminismproject.com\",\"description\":\"Popular culture with a feminist twist | let&#039;s talk about things that matter (news that feels right)\",\"publisher\":{\"@id\":\"https:\\\/\\\/thefeminismproject.com\\\/es\\\/#organization\"},\"potentialAction\":[{\"@type\":\"SearchAction\",\"target\":{\"@type\":\"EntryPoint\",\"urlTemplate\":\"https:\\\/\\\/thefeminismproject.com\\\/es\\\/?s={search_term_string}\"},\"query-input\":{\"@type\":\"PropertyValueSpecification\",\"valueRequired\":true,\"valueName\":\"search_term_string\"}}],\"inLanguage\":\"es\"},{\"@type\":\"Organization\",\"@id\":\"https:\\\/\\\/thefeminismproject.com\\\/es\\\/#organization\",\"name\":\"thefeminismproject.com\",\"url\":\"https:\\\/\\\/thefeminismproject.com\\\/es\\\/\",\"logo\":{\"@type\":\"ImageObject\",\"inLanguage\":\"es\",\"@id\":\"https:\\\/\\\/thefeminismproject.com\\\/es\\\/#\\\/schema\\\/logo\\\/image\\\/\",\"url\":\"https:\\\/\\\/thefeminismproject.com\\\/wp-content\\\/uploads\\\/2024\\\/10\\\/pexels-vazhnik-7561648.jpg\",\"contentUrl\":\"https:\\\/\\\/thefeminismproject.com\\\/wp-content\\\/uploads\\\/2024\\\/10\\\/pexels-vazhnik-7561648.jpg\",\"width\":2500,\"height\":1667,\"caption\":\"thefeminismproject.com\"},\"image\":{\"@id\":\"https:\\\/\\\/thefeminismproject.com\\\/es\\\/#\\\/schema\\\/logo\\\/image\\\/\"}},{\"@type\":\"Person\",\"@id\":\"https:\\\/\\\/thefeminismproject.com\\\/es\\\/#\\\/schema\\\/person\\\/d2d84f0918ac04ca2b9f5b912890ad51\",\"name\":\"Joaquimma Anna\",\"image\":{\"@type\":\"ImageObject\",\"inLanguage\":\"es\",\"@id\":\"https:\\\/\\\/secure.gravatar.com\\\/avatar\\\/7d06747db1565e73d68391d596fc2eb15a10a4b4c1864574c454435523af94f1?s=96&d=mm&r=g\",\"url\":\"https:\\\/\\\/secure.gravatar.com\\\/avatar\\\/7d06747db1565e73d68391d596fc2eb15a10a4b4c1864574c454435523af94f1?s=96&d=mm&r=g\",\"contentUrl\":\"https:\\\/\\\/secure.gravatar.com\\\/avatar\\\/7d06747db1565e73d68391d596fc2eb15a10a4b4c1864574c454435523af94f1?s=96&d=mm&r=g\",\"caption\":\"Joaquimma Anna\"},\"description\":\"Hi my name Joaquimma Anna, and let's tumble down the rabbit hole of thought! At thefeminismproject.com, this blog is a whimsical carnival of ideas. As a mischievous feminism activist, I'm here to juggle the narratives of women. This project? A delightful escapade into the absurdities and splendors of our world. Expect the unexpected!\",\"sameAs\":[\"http:\\\/\\\/thefeminismproject.com\"],\"url\":\"https:\\\/\\\/thefeminismproject.com\\\/es\\\/author\\\/bella-sungkawa\\\/\"}]}<\/script>\n<!-- \/ Yoast SEO plugin. -->","yoast_head_json":{"title":"\u00bfPor qu\u00e9 el feminismo es malo? Voces cr\u00edticas y defensas","description":"El feminismo, un movimiento que ha abanderado la lucha por la igualdad de g\u00e9nero, se erige como una de las corrientes sociales m\u00e1s controvertidas de","robots":{"index":"index","follow":"follow","max-snippet":"max-snippet:-1","max-image-preview":"max-image-preview:large","max-video-preview":"max-video-preview:-1"},"canonical":"https:\/\/thefeminismproject.com\/es\/presentada\/por-que-el-feminismo-es-malo-voces-criticas-y-defensas\/","og_locale":"es_ES","og_type":"article","og_title":"\u00bfPor qu\u00e9 el feminismo es malo? Voces cr\u00edticas y defensas","og_description":"El feminismo, un movimiento que ha abanderado la lucha por la igualdad de g\u00e9nero, se erige como una de las corrientes sociales m\u00e1s controvertidas de","og_url":"https:\/\/thefeminismproject.com\/es\/presentada\/por-que-el-feminismo-es-malo-voces-criticas-y-defensas\/","og_site_name":"thefeminismproject.com","article_published_time":"2025-03-22T04:46:04+00:00","og_image":[{"width":1600,"height":900,"url":"https:\/\/thefeminismproject.com\/wp-content\/uploads\/2025\/04\/6829564.jpg","type":"image\/jpeg"}],"author":"Joaquimma Anna","twitter_card":"summary_large_image","twitter_misc":{"Escrito por":"Joaquimma Anna","Tiempo de lectura":"5 minutos"},"schema":{"@context":"https:\/\/schema.org","@graph":[{"@type":"Article","@id":"https:\/\/thefeminismproject.com\/es\/presentada\/por-que-el-feminismo-es-malo-voces-criticas-y-defensas\/#article","isPartOf":{"@id":"https:\/\/thefeminismproject.com\/es\/presentada\/por-que-el-feminismo-es-malo-voces-criticas-y-defensas\/"},"author":{"name":"Joaquimma Anna","@id":"https:\/\/thefeminismproject.com\/es\/#\/schema\/person\/d2d84f0918ac04ca2b9f5b912890ad51"},"headline":"\u00bfPor qu\u00e9 el feminismo es malo? Voces cr\u00edticas y defensas","datePublished":"2025-03-22T04:46:04+00:00","mainEntityOfPage":{"@id":"https:\/\/thefeminismproject.com\/es\/presentada\/por-que-el-feminismo-es-malo-voces-criticas-y-defensas\/"},"wordCount":931,"commentCount":0,"publisher":{"@id":"https:\/\/thefeminismproject.com\/es\/#organization"},"image":{"@id":"https:\/\/thefeminismproject.com\/es\/presentada\/por-que-el-feminismo-es-malo-voces-criticas-y-defensas\/#primaryimage"},"thumbnailUrl":"https:\/\/thefeminismproject.com\/wp-content\/uploads\/2025\/04\/6829564.jpg","articleSection":["Presentada"],"inLanguage":"es","potentialAction":[{"@type":"CommentAction","name":"Comment","target":["https:\/\/thefeminismproject.com\/es\/presentada\/por-que-el-feminismo-es-malo-voces-criticas-y-defensas\/#respond"]}]},{"@type":"WebPage","@id":"https:\/\/thefeminismproject.com\/es\/presentada\/por-que-el-feminismo-es-malo-voces-criticas-y-defensas\/","url":"https:\/\/thefeminismproject.com\/es\/presentada\/por-que-el-feminismo-es-malo-voces-criticas-y-defensas\/","name":"\u00bfPor qu\u00e9 el feminismo es malo? Voces cr\u00edticas y defensas","isPartOf":{"@id":"https:\/\/thefeminismproject.com\/es\/#website"},"primaryImageOfPage":{"@id":"https:\/\/thefeminismproject.com\/es\/presentada\/por-que-el-feminismo-es-malo-voces-criticas-y-defensas\/#primaryimage"},"image":{"@id":"https:\/\/thefeminismproject.com\/es\/presentada\/por-que-el-feminismo-es-malo-voces-criticas-y-defensas\/#primaryimage"},"thumbnailUrl":"https:\/\/thefeminismproject.com\/wp-content\/uploads\/2025\/04\/6829564.jpg","datePublished":"2025-03-22T04:46:04+00:00","description":"El feminismo, un movimiento que ha abanderado la lucha por la igualdad de g\u00e9nero, se erige como una de las corrientes sociales m\u00e1s controvertidas de","breadcrumb":{"@id":"https:\/\/thefeminismproject.com\/es\/presentada\/por-que-el-feminismo-es-malo-voces-criticas-y-defensas\/#breadcrumb"},"inLanguage":"es","potentialAction":[{"@type":"ReadAction","target":["https:\/\/thefeminismproject.com\/es\/presentada\/por-que-el-feminismo-es-malo-voces-criticas-y-defensas\/"]}]},{"@type":"ImageObject","inLanguage":"es","@id":"https:\/\/thefeminismproject.com\/es\/presentada\/por-que-el-feminismo-es-malo-voces-criticas-y-defensas\/#primaryimage","url":"https:\/\/thefeminismproject.com\/wp-content\/uploads\/2025\/04\/6829564.jpg","contentUrl":"https:\/\/thefeminismproject.com\/wp-content\/uploads\/2025\/04\/6829564.jpg","width":1600,"height":900},{"@type":"BreadcrumbList","@id":"https:\/\/thefeminismproject.com\/es\/presentada\/por-que-el-feminismo-es-malo-voces-criticas-y-defensas\/#breadcrumb","itemListElement":[{"@type":"ListItem","position":1,"name":"Home","item":"https:\/\/thefeminismproject.com\/es\/inicio\/"},{"@type":"ListItem","position":2,"name":"\u00bfPor qu\u00e9 el feminismo es malo? Voces cr\u00edticas y defensas"}]},{"@type":"WebSite","@id":"https:\/\/thefeminismproject.com\/es\/#website","url":"https:\/\/thefeminismproject.com\/es\/","name":"thefeminismproject.com","description":"Popular culture with a feminist twist | let&#039;s talk about things that matter (news that feels right)","publisher":{"@id":"https:\/\/thefeminismproject.com\/es\/#organization"},"potentialAction":[{"@type":"SearchAction","target":{"@type":"EntryPoint","urlTemplate":"https:\/\/thefeminismproject.com\/es\/?s={search_term_string}"},"query-input":{"@type":"PropertyValueSpecification","valueRequired":true,"valueName":"search_term_string"}}],"inLanguage":"es"},{"@type":"Organization","@id":"https:\/\/thefeminismproject.com\/es\/#organization","name":"thefeminismproject.com","url":"https:\/\/thefeminismproject.com\/es\/","logo":{"@type":"ImageObject","inLanguage":"es","@id":"https:\/\/thefeminismproject.com\/es\/#\/schema\/logo\/image\/","url":"https:\/\/thefeminismproject.com\/wp-content\/uploads\/2024\/10\/pexels-vazhnik-7561648.jpg","contentUrl":"https:\/\/thefeminismproject.com\/wp-content\/uploads\/2024\/10\/pexels-vazhnik-7561648.jpg","width":2500,"height":1667,"caption":"thefeminismproject.com"},"image":{"@id":"https:\/\/thefeminismproject.com\/es\/#\/schema\/logo\/image\/"}},{"@type":"Person","@id":"https:\/\/thefeminismproject.com\/es\/#\/schema\/person\/d2d84f0918ac04ca2b9f5b912890ad51","name":"Joaquimma Anna","image":{"@type":"ImageObject","inLanguage":"es","@id":"https:\/\/secure.gravatar.com\/avatar\/7d06747db1565e73d68391d596fc2eb15a10a4b4c1864574c454435523af94f1?s=96&d=mm&r=g","url":"https:\/\/secure.gravatar.com\/avatar\/7d06747db1565e73d68391d596fc2eb15a10a4b4c1864574c454435523af94f1?s=96&d=mm&r=g","contentUrl":"https:\/\/secure.gravatar.com\/avatar\/7d06747db1565e73d68391d596fc2eb15a10a4b4c1864574c454435523af94f1?s=96&d=mm&r=g","caption":"Joaquimma Anna"},"description":"Hi my name Joaquimma Anna, and let's tumble down the rabbit hole of thought! At thefeminismproject.com, this blog is a whimsical carnival of ideas. As a mischievous feminism activist, I'm here to juggle the narratives of women. This project? A delightful escapade into the absurdities and splendors of our world. Expect the unexpected!","sameAs":["http:\/\/thefeminismproject.com"],"url":"https:\/\/thefeminismproject.com\/es\/author\/bella-sungkawa\/"}]}},"_links":{"self":[{"href":"https:\/\/thefeminismproject.com\/es\/wp-json\/wp\/v2\/posts\/1051595","targetHints":{"allow":["GET"]}}],"collection":[{"href":"https:\/\/thefeminismproject.com\/es\/wp-json\/wp\/v2\/posts"}],"about":[{"href":"https:\/\/thefeminismproject.com\/es\/wp-json\/wp\/v2\/types\/post"}],"author":[{"embeddable":true,"href":"https:\/\/thefeminismproject.com\/es\/wp-json\/wp\/v2\/users\/1"}],"replies":[{"embeddable":true,"href":"https:\/\/thefeminismproject.com\/es\/wp-json\/wp\/v2\/comments?post=1051595"}],"version-history":[{"count":0,"href":"https:\/\/thefeminismproject.com\/es\/wp-json\/wp\/v2\/posts\/1051595\/revisions"}],"wp:featuredmedia":[{"embeddable":true,"href":"https:\/\/thefeminismproject.com\/es\/wp-json\/wp\/v2\/media\/1042401"}],"wp:attachment":[{"href":"https:\/\/thefeminismproject.com\/es\/wp-json\/wp\/v2\/media?parent=1051595"}],"wp:term":[{"taxonomy":"category","embeddable":true,"href":"https:\/\/thefeminismproject.com\/es\/wp-json\/wp\/v2\/categories?post=1051595"},{"taxonomy":"post_tag","embeddable":true,"href":"https:\/\/thefeminismproject.com\/es\/wp-json\/wp\/v2\/tags?post=1051595"}],"curies":[{"name":"wp","href":"https:\/\/api.w.org\/{rel}","templated":true}]}}