{"id":1051758,"date":"2025-04-16T17:13:21","date_gmt":"2025-04-16T17:13:21","guid":{"rendered":"https:\/\/thefeminismproject.com\/sin-categoria\/que-es-el-feminismo-transnacional-luchas-globales-por-la-equidad\/"},"modified":"2025-04-16T17:13:21","modified_gmt":"2025-04-16T17:13:21","slug":"que-es-el-feminismo-transnacional-luchas-globales-por-la-equidad","status":"publish","type":"post","link":"https:\/\/thefeminismproject.com\/es\/presentada\/que-es-el-feminismo-transnacional-luchas-globales-por-la-equidad\/","title":{"rendered":"\u00bfQu\u00e9 es el feminismo transnacional? Luchas globales por la equidad"},"content":{"rendered":"<p>\u00bfAlguna vez te has preguntado c\u00f3mo se interrelacionan las luchas por la equidad de g\u00e9nero en diferentes partes del mundo? \u00bfEs el feminismo una lucha monol\u00edtica o se diversifica seg\u00fan el contexto cultural, social y econ\u00f3mico de cada regi\u00f3n? El feminismo transnacional emerge como una respuesta intrigante a estas cuestiones, abriendo un panorama en el que las luchas locales se entrelazan con las globales.<\/p>\n<p>El feminismo transnacional no es simplemente una extensi\u00f3n del feminismo cl\u00e1sico; es un enfoque integral que reconoce la interconexi\u00f3n entre las diversas formas de opresi\u00f3n que experimentan las mujeres y las personas de g\u00e9neros diversos en distintos lugares del mundo. Esta corriente cr\u00edtica subraya que las desigualdades de g\u00e9nero no se pueden entender en un vac\u00edo, sino que se entrelazan con factores como la clase social, la raza, la etnicidad, la orientaci\u00f3n sexual y m\u00e1s. As\u00ed, el feminismo transnacional busca desmantelar no solo el patriarcado, sino tambi\u00e9n las estructuras de poder que perpet\u00faan el colonialismo, el capitalismo y el racismo.<\/p>\n<p>Una de las caracter\u00edsticas m\u00e1s provocativas del feminismo transnacional es su capacidad para desafiar el eurocentrismo que ha dominado hist\u00f3ricamente muchas de las teor\u00edas feministas. En lugar de adoptar un enfoque uniforme que imponga las experiencias de las mujeres en el norte global sobre las del sur, el feminismo transnacional aboga por un di\u00e1logo intercultural. Este enfatiza que las mujeres de todo el mundo tienen historias y luchas \u00fanicas que deben ser escuchadas y valoradas. La no homogenizaci\u00f3n de experiencias nos lleva a una pregunta intrigante: \u00bfson nuestras luchas realmente universales o m\u00e1s bien espec\u00edficas del contexto en el que se desarrollan?<\/p>\n<p>El concepto de \u201cfeminismo transnacional\u201d se apoya en teor\u00edas cr\u00edticas que subrayan la importancia de reconocer los poderes hegem\u00f3nicos que afectan la vida de las mujeres. Por ejemplo, las mujeres afrodescendientes pueden enfrentarse a una opresi\u00f3n doble: por su g\u00e9nero y por su raza. En este sentido, el feminismo transnacional se convierte en una lente que facilita la comprensi\u00f3n de c\u00f3mo diferentes sistemas de opresi\u00f3n operan simult\u00e1neamente.<\/p>\n<p>Sin embargo, esta amalgama de luchas no es libre de controversias. Un reto persistente dentro del feminismo transnacional es la fragmentaci\u00f3n interna. \u00bfC\u00f3mo alinearse con principios y valores comunes cuando hay intereses tan diversos? A veces, lo que una comunidad considera emancipaci\u00f3n, otra puede verlo como una forma de neo-colonialismo.  Es fundamental tener en cuenta que las luchas de las mujeres en espacios como Am\u00e9rica Latina o \u00c1frica no pueden ser simplificadas en un marco que han dictado fundamentalmente las voces del norte. La coexistencia de m\u00faltiples perspectivas no solo enriquece el discurso, sino que tambi\u00e9n puede llevar a malentendidos o tensiones.<\/p>\n<p>Los movimientos de mujeres en diversas regiones han demostrado que el feminismo transnacional tiene el potencial de generar uni\u00f3n, pero tambi\u00e9n de crear grietas. Las redes de activistas a menudo se ven enfrentadas a la necesidad de negociar entre prioridades regionales y globales. Por ejemplo, en situaciones de violencia estructural graves, como las que se viven en Centroam\u00e9rica, las demandas por seguridad pueden eclipsar las luchas por la equidad de g\u00e9nero si no se gestionan adecuadamente.<\/p>\n<p>A pesar de estos retos, el feminismo transnacional ha logrado varios triunfos significativos. Movimientos como #MeToo, que comenz\u00f3 en Estados Unidos, han resonado en todo el mundo, mostrando que las luchas por la justicia de g\u00e9nero puede tener un eco global. Los foros internacionales, como la Comisi\u00f3n de la Condici\u00f3n Jur\u00eddica y Social de la Mujer de las Naciones Unidas, tambi\u00e9n han sido un espacio en el que las mujeres de diversas regiones han podido unirse para abogar por pol\u00edticas que protejan sus derechos. Esto ha contribuido a visibilizar problem\u00e1ticas \u00fanicas, como la trata de personas o la violencia sexual en conflictos armados, que afectan de manera desproporcionada a las mujeres en contextos de guerra y pobreza.<\/p>\n<p>Otro aspecto crucial del feminismo transnacional es la sostenibilidad de los movimientos. M\u00e1s all\u00e1 de hacer ruido, \u00bfc\u00f3mo se puede garantizar que las luchas feministas se traduzcan en cambios significativos y duraderos? Esto requiere de un enfoque cr\u00edtico a largo plazo que no solo abogue por la igualdad en el \u00e1mbito legal, sino tambi\u00e9n en los espacios econ\u00f3micos y sociales. La intersecci\u00f3n con causas como el cambio clim\u00e1tico resalta c\u00f3mo las mujeres pobres en el sur global son las m\u00e1s afectadas por las crisis ambientales, un recordatorio de que las luchas feministas no pueden existir en aislamiento de otros problemas sociales.<\/p>\n<p>En conclusi\u00f3n, el feminismo transnacional nos invita a tejer un canto de voces plurales en un mundo donde el patriarcado sigue siendo una fuerza poderosa. Es una plataforma para reconocer tanto las luchas individuales como las colectivas y una invitaci\u00f3n a crear una sororidad que trascienda fronteras. Las luchas por la equidad son complejas, multifac\u00e9ticas, pero, sobre todo, son una llamada a la acci\u00f3n. \u00bfEstamos listas para abogar no solo por nuestra libertad, sino por la de todas las mujeres en el planeta? \u00a1La lucha apenas comienza y necesitamos todas nuestras voces en la mesa!<\/p>\n","protected":false},"excerpt":{"rendered":"<p>\u00bfAlguna vez te has preguntado c\u00f3mo se interrelacionan las luchas por la equidad de g\u00e9nero en diferentes partes del mundo? \u00bfEs el feminismo una lucha monol\u00edtica o se diversifica seg\u00fan el contexto cultural, social y econ\u00f3mico de cada regi\u00f3n? El feminismo transnacional emerge como una respuesta intrigante a estas cuestiones, abriendo un panorama en el [&hellip;]<\/p>\n","protected":false},"author":1,"featured_media":1042609,"comment_status":"open","ping_status":"open","sticky":false,"template":"","format":"standard","meta":{"footnotes":""},"categories":[83],"tags":[],"class_list":{"0":"post-1051758","1":"post","2":"type-post","3":"status-publish","4":"format-standard","5":"has-post-thumbnail","7":"category-presentada"},"yoast_head":"<!-- This site is optimized with the Yoast SEO plugin v27.4 - https:\/\/yoast.com\/product\/yoast-seo-wordpress\/ -->\n<title>\u00bfQu\u00e9 es el feminismo transnacional? Luchas globales por la equidad<\/title>\n<meta name=\"description\" content=\"\u00bfAlguna vez te has preguntado c\u00f3mo se interrelacionan las luchas por la equidad de g\u00e9nero en diferentes partes del mundo? \u00bfEs el feminismo una lucha\" \/>\n<meta name=\"robots\" content=\"index, follow, max-snippet:-1, max-image-preview:large, max-video-preview:-1\" \/>\n<link rel=\"canonical\" href=\"https:\/\/thefeminismproject.com\/es\/presentada\/que-es-el-feminismo-transnacional-luchas-globales-por-la-equidad\/\" \/>\n<meta property=\"og:locale\" content=\"es_ES\" \/>\n<meta property=\"og:type\" content=\"article\" \/>\n<meta property=\"og:title\" content=\"\u00bfQu\u00e9 es el feminismo transnacional? Luchas globales por la equidad\" \/>\n<meta property=\"og:description\" content=\"\u00bfAlguna vez te has preguntado c\u00f3mo se interrelacionan las luchas por la equidad de g\u00e9nero en diferentes partes del mundo? \u00bfEs el feminismo una lucha\" \/>\n<meta property=\"og:url\" content=\"https:\/\/thefeminismproject.com\/es\/presentada\/que-es-el-feminismo-transnacional-luchas-globales-por-la-equidad\/\" \/>\n<meta property=\"og:site_name\" content=\"thefeminismproject.com\" \/>\n<meta property=\"article:published_time\" content=\"2025-04-16T17:13:21+00:00\" \/>\n<meta property=\"og:image\" content=\"https:\/\/thefeminismproject.com\/wp-content\/uploads\/2025\/04\/2Y7P2RYMBRBLDM2QMBXFOKUML4.jpg\" \/>\n\t<meta property=\"og:image:width\" content=\"768\" \/>\n\t<meta property=\"og:image:height\" content=\"512\" \/>\n\t<meta property=\"og:image:type\" content=\"image\/jpeg\" \/>\n<meta name=\"author\" content=\"Joaquimma Anna\" \/>\n<meta name=\"twitter:card\" content=\"summary_large_image\" \/>\n<meta name=\"twitter:label1\" content=\"Escrito por\" \/>\n\t<meta name=\"twitter:data1\" content=\"Joaquimma Anna\" \/>\n\t<meta name=\"twitter:label2\" content=\"Tiempo de lectura\" \/>\n\t<meta name=\"twitter:data2\" content=\"4 minutos\" \/>\n<script type=\"application\/ld+json\" class=\"yoast-schema-graph\">{\"@context\":\"https:\\\/\\\/schema.org\",\"@graph\":[{\"@type\":\"Article\",\"@id\":\"https:\\\/\\\/thefeminismproject.com\\\/es\\\/presentada\\\/que-es-el-feminismo-transnacional-luchas-globales-por-la-equidad\\\/#article\",\"isPartOf\":{\"@id\":\"https:\\\/\\\/thefeminismproject.com\\\/es\\\/presentada\\\/que-es-el-feminismo-transnacional-luchas-globales-por-la-equidad\\\/\"},\"author\":{\"name\":\"Joaquimma Anna\",\"@id\":\"https:\\\/\\\/thefeminismproject.com\\\/es\\\/#\\\/schema\\\/person\\\/d2d84f0918ac04ca2b9f5b912890ad51\"},\"headline\":\"\u00bfQu\u00e9 es el feminismo transnacional? Luchas globales por la equidad\",\"datePublished\":\"2025-04-16T17:13:21+00:00\",\"mainEntityOfPage\":{\"@id\":\"https:\\\/\\\/thefeminismproject.com\\\/es\\\/presentada\\\/que-es-el-feminismo-transnacional-luchas-globales-por-la-equidad\\\/\"},\"wordCount\":899,\"commentCount\":0,\"publisher\":{\"@id\":\"https:\\\/\\\/thefeminismproject.com\\\/es\\\/#organization\"},\"image\":{\"@id\":\"https:\\\/\\\/thefeminismproject.com\\\/es\\\/presentada\\\/que-es-el-feminismo-transnacional-luchas-globales-por-la-equidad\\\/#primaryimage\"},\"thumbnailUrl\":\"https:\\\/\\\/thefeminismproject.com\\\/wp-content\\\/uploads\\\/2025\\\/04\\\/2Y7P2RYMBRBLDM2QMBXFOKUML4.jpg\",\"articleSection\":[\"Presentada\"],\"inLanguage\":\"es\",\"potentialAction\":[{\"@type\":\"CommentAction\",\"name\":\"Comment\",\"target\":[\"https:\\\/\\\/thefeminismproject.com\\\/es\\\/presentada\\\/que-es-el-feminismo-transnacional-luchas-globales-por-la-equidad\\\/#respond\"]}]},{\"@type\":\"WebPage\",\"@id\":\"https:\\\/\\\/thefeminismproject.com\\\/es\\\/presentada\\\/que-es-el-feminismo-transnacional-luchas-globales-por-la-equidad\\\/\",\"url\":\"https:\\\/\\\/thefeminismproject.com\\\/es\\\/presentada\\\/que-es-el-feminismo-transnacional-luchas-globales-por-la-equidad\\\/\",\"name\":\"\u00bfQu\u00e9 es el feminismo transnacional? Luchas globales por la equidad\",\"isPartOf\":{\"@id\":\"https:\\\/\\\/thefeminismproject.com\\\/es\\\/#website\"},\"primaryImageOfPage\":{\"@id\":\"https:\\\/\\\/thefeminismproject.com\\\/es\\\/presentada\\\/que-es-el-feminismo-transnacional-luchas-globales-por-la-equidad\\\/#primaryimage\"},\"image\":{\"@id\":\"https:\\\/\\\/thefeminismproject.com\\\/es\\\/presentada\\\/que-es-el-feminismo-transnacional-luchas-globales-por-la-equidad\\\/#primaryimage\"},\"thumbnailUrl\":\"https:\\\/\\\/thefeminismproject.com\\\/wp-content\\\/uploads\\\/2025\\\/04\\\/2Y7P2RYMBRBLDM2QMBXFOKUML4.jpg\",\"datePublished\":\"2025-04-16T17:13:21+00:00\",\"description\":\"\u00bfAlguna vez te has preguntado c\u00f3mo se interrelacionan las luchas por la equidad de g\u00e9nero en diferentes partes del mundo? \u00bfEs el feminismo una lucha\",\"breadcrumb\":{\"@id\":\"https:\\\/\\\/thefeminismproject.com\\\/es\\\/presentada\\\/que-es-el-feminismo-transnacional-luchas-globales-por-la-equidad\\\/#breadcrumb\"},\"inLanguage\":\"es\",\"potentialAction\":[{\"@type\":\"ReadAction\",\"target\":[\"https:\\\/\\\/thefeminismproject.com\\\/es\\\/presentada\\\/que-es-el-feminismo-transnacional-luchas-globales-por-la-equidad\\\/\"]}]},{\"@type\":\"ImageObject\",\"inLanguage\":\"es\",\"@id\":\"https:\\\/\\\/thefeminismproject.com\\\/es\\\/presentada\\\/que-es-el-feminismo-transnacional-luchas-globales-por-la-equidad\\\/#primaryimage\",\"url\":\"https:\\\/\\\/thefeminismproject.com\\\/wp-content\\\/uploads\\\/2025\\\/04\\\/2Y7P2RYMBRBLDM2QMBXFOKUML4.jpg\",\"contentUrl\":\"https:\\\/\\\/thefeminismproject.com\\\/wp-content\\\/uploads\\\/2025\\\/04\\\/2Y7P2RYMBRBLDM2QMBXFOKUML4.jpg\",\"width\":768,\"height\":512},{\"@type\":\"BreadcrumbList\",\"@id\":\"https:\\\/\\\/thefeminismproject.com\\\/es\\\/presentada\\\/que-es-el-feminismo-transnacional-luchas-globales-por-la-equidad\\\/#breadcrumb\",\"itemListElement\":[{\"@type\":\"ListItem\",\"position\":1,\"name\":\"Home\",\"item\":\"https:\\\/\\\/thefeminismproject.com\\\/es\\\/inicio\\\/\"},{\"@type\":\"ListItem\",\"position\":2,\"name\":\"\u00bfQu\u00e9 es el feminismo transnacional? Luchas globales por la equidad\"}]},{\"@type\":\"WebSite\",\"@id\":\"https:\\\/\\\/thefeminismproject.com\\\/es\\\/#website\",\"url\":\"https:\\\/\\\/thefeminismproject.com\\\/es\\\/\",\"name\":\"thefeminismproject.com\",\"description\":\"Popular culture with a feminist twist | let&#039;s talk about things that matter (news that feels right)\",\"publisher\":{\"@id\":\"https:\\\/\\\/thefeminismproject.com\\\/es\\\/#organization\"},\"potentialAction\":[{\"@type\":\"SearchAction\",\"target\":{\"@type\":\"EntryPoint\",\"urlTemplate\":\"https:\\\/\\\/thefeminismproject.com\\\/es\\\/?s={search_term_string}\"},\"query-input\":{\"@type\":\"PropertyValueSpecification\",\"valueRequired\":true,\"valueName\":\"search_term_string\"}}],\"inLanguage\":\"es\"},{\"@type\":\"Organization\",\"@id\":\"https:\\\/\\\/thefeminismproject.com\\\/es\\\/#organization\",\"name\":\"thefeminismproject.com\",\"url\":\"https:\\\/\\\/thefeminismproject.com\\\/es\\\/\",\"logo\":{\"@type\":\"ImageObject\",\"inLanguage\":\"es\",\"@id\":\"https:\\\/\\\/thefeminismproject.com\\\/es\\\/#\\\/schema\\\/logo\\\/image\\\/\",\"url\":\"https:\\\/\\\/thefeminismproject.com\\\/wp-content\\\/uploads\\\/2024\\\/10\\\/pexels-vazhnik-7561648.jpg\",\"contentUrl\":\"https:\\\/\\\/thefeminismproject.com\\\/wp-content\\\/uploads\\\/2024\\\/10\\\/pexels-vazhnik-7561648.jpg\",\"width\":2500,\"height\":1667,\"caption\":\"thefeminismproject.com\"},\"image\":{\"@id\":\"https:\\\/\\\/thefeminismproject.com\\\/es\\\/#\\\/schema\\\/logo\\\/image\\\/\"}},{\"@type\":\"Person\",\"@id\":\"https:\\\/\\\/thefeminismproject.com\\\/es\\\/#\\\/schema\\\/person\\\/d2d84f0918ac04ca2b9f5b912890ad51\",\"name\":\"Joaquimma Anna\",\"image\":{\"@type\":\"ImageObject\",\"inLanguage\":\"es\",\"@id\":\"https:\\\/\\\/secure.gravatar.com\\\/avatar\\\/7d06747db1565e73d68391d596fc2eb15a10a4b4c1864574c454435523af94f1?s=96&d=mm&r=g\",\"url\":\"https:\\\/\\\/secure.gravatar.com\\\/avatar\\\/7d06747db1565e73d68391d596fc2eb15a10a4b4c1864574c454435523af94f1?s=96&d=mm&r=g\",\"contentUrl\":\"https:\\\/\\\/secure.gravatar.com\\\/avatar\\\/7d06747db1565e73d68391d596fc2eb15a10a4b4c1864574c454435523af94f1?s=96&d=mm&r=g\",\"caption\":\"Joaquimma Anna\"},\"description\":\"Hi my name Joaquimma Anna, and let's tumble down the rabbit hole of thought! At thefeminismproject.com, this blog is a whimsical carnival of ideas. As a mischievous feminism activist, I'm here to juggle the narratives of women. This project? A delightful escapade into the absurdities and splendors of our world. Expect the unexpected!\",\"sameAs\":[\"http:\\\/\\\/thefeminismproject.com\"],\"url\":\"https:\\\/\\\/thefeminismproject.com\\\/es\\\/author\\\/bella-sungkawa\\\/\"}]}<\/script>\n<!-- \/ Yoast SEO plugin. -->","yoast_head_json":{"title":"\u00bfQu\u00e9 es el feminismo transnacional? Luchas globales por la equidad","description":"\u00bfAlguna vez te has preguntado c\u00f3mo se interrelacionan las luchas por la equidad de g\u00e9nero en diferentes partes del mundo? \u00bfEs el feminismo una lucha","robots":{"index":"index","follow":"follow","max-snippet":"max-snippet:-1","max-image-preview":"max-image-preview:large","max-video-preview":"max-video-preview:-1"},"canonical":"https:\/\/thefeminismproject.com\/es\/presentada\/que-es-el-feminismo-transnacional-luchas-globales-por-la-equidad\/","og_locale":"es_ES","og_type":"article","og_title":"\u00bfQu\u00e9 es el feminismo transnacional? Luchas globales por la equidad","og_description":"\u00bfAlguna vez te has preguntado c\u00f3mo se interrelacionan las luchas por la equidad de g\u00e9nero en diferentes partes del mundo? \u00bfEs el feminismo una lucha","og_url":"https:\/\/thefeminismproject.com\/es\/presentada\/que-es-el-feminismo-transnacional-luchas-globales-por-la-equidad\/","og_site_name":"thefeminismproject.com","article_published_time":"2025-04-16T17:13:21+00:00","og_image":[{"width":768,"height":512,"url":"https:\/\/thefeminismproject.com\/wp-content\/uploads\/2025\/04\/2Y7P2RYMBRBLDM2QMBXFOKUML4.jpg","type":"image\/jpeg"}],"author":"Joaquimma Anna","twitter_card":"summary_large_image","twitter_misc":{"Escrito por":"Joaquimma Anna","Tiempo de lectura":"4 minutos"},"schema":{"@context":"https:\/\/schema.org","@graph":[{"@type":"Article","@id":"https:\/\/thefeminismproject.com\/es\/presentada\/que-es-el-feminismo-transnacional-luchas-globales-por-la-equidad\/#article","isPartOf":{"@id":"https:\/\/thefeminismproject.com\/es\/presentada\/que-es-el-feminismo-transnacional-luchas-globales-por-la-equidad\/"},"author":{"name":"Joaquimma Anna","@id":"https:\/\/thefeminismproject.com\/es\/#\/schema\/person\/d2d84f0918ac04ca2b9f5b912890ad51"},"headline":"\u00bfQu\u00e9 es el feminismo transnacional? Luchas globales por la equidad","datePublished":"2025-04-16T17:13:21+00:00","mainEntityOfPage":{"@id":"https:\/\/thefeminismproject.com\/es\/presentada\/que-es-el-feminismo-transnacional-luchas-globales-por-la-equidad\/"},"wordCount":899,"commentCount":0,"publisher":{"@id":"https:\/\/thefeminismproject.com\/es\/#organization"},"image":{"@id":"https:\/\/thefeminismproject.com\/es\/presentada\/que-es-el-feminismo-transnacional-luchas-globales-por-la-equidad\/#primaryimage"},"thumbnailUrl":"https:\/\/thefeminismproject.com\/wp-content\/uploads\/2025\/04\/2Y7P2RYMBRBLDM2QMBXFOKUML4.jpg","articleSection":["Presentada"],"inLanguage":"es","potentialAction":[{"@type":"CommentAction","name":"Comment","target":["https:\/\/thefeminismproject.com\/es\/presentada\/que-es-el-feminismo-transnacional-luchas-globales-por-la-equidad\/#respond"]}]},{"@type":"WebPage","@id":"https:\/\/thefeminismproject.com\/es\/presentada\/que-es-el-feminismo-transnacional-luchas-globales-por-la-equidad\/","url":"https:\/\/thefeminismproject.com\/es\/presentada\/que-es-el-feminismo-transnacional-luchas-globales-por-la-equidad\/","name":"\u00bfQu\u00e9 es el feminismo transnacional? Luchas globales por la equidad","isPartOf":{"@id":"https:\/\/thefeminismproject.com\/es\/#website"},"primaryImageOfPage":{"@id":"https:\/\/thefeminismproject.com\/es\/presentada\/que-es-el-feminismo-transnacional-luchas-globales-por-la-equidad\/#primaryimage"},"image":{"@id":"https:\/\/thefeminismproject.com\/es\/presentada\/que-es-el-feminismo-transnacional-luchas-globales-por-la-equidad\/#primaryimage"},"thumbnailUrl":"https:\/\/thefeminismproject.com\/wp-content\/uploads\/2025\/04\/2Y7P2RYMBRBLDM2QMBXFOKUML4.jpg","datePublished":"2025-04-16T17:13:21+00:00","description":"\u00bfAlguna vez te has preguntado c\u00f3mo se interrelacionan las luchas por la equidad de g\u00e9nero en diferentes partes del mundo? \u00bfEs el feminismo una lucha","breadcrumb":{"@id":"https:\/\/thefeminismproject.com\/es\/presentada\/que-es-el-feminismo-transnacional-luchas-globales-por-la-equidad\/#breadcrumb"},"inLanguage":"es","potentialAction":[{"@type":"ReadAction","target":["https:\/\/thefeminismproject.com\/es\/presentada\/que-es-el-feminismo-transnacional-luchas-globales-por-la-equidad\/"]}]},{"@type":"ImageObject","inLanguage":"es","@id":"https:\/\/thefeminismproject.com\/es\/presentada\/que-es-el-feminismo-transnacional-luchas-globales-por-la-equidad\/#primaryimage","url":"https:\/\/thefeminismproject.com\/wp-content\/uploads\/2025\/04\/2Y7P2RYMBRBLDM2QMBXFOKUML4.jpg","contentUrl":"https:\/\/thefeminismproject.com\/wp-content\/uploads\/2025\/04\/2Y7P2RYMBRBLDM2QMBXFOKUML4.jpg","width":768,"height":512},{"@type":"BreadcrumbList","@id":"https:\/\/thefeminismproject.com\/es\/presentada\/que-es-el-feminismo-transnacional-luchas-globales-por-la-equidad\/#breadcrumb","itemListElement":[{"@type":"ListItem","position":1,"name":"Home","item":"https:\/\/thefeminismproject.com\/es\/inicio\/"},{"@type":"ListItem","position":2,"name":"\u00bfQu\u00e9 es el feminismo transnacional? Luchas globales por la equidad"}]},{"@type":"WebSite","@id":"https:\/\/thefeminismproject.com\/es\/#website","url":"https:\/\/thefeminismproject.com\/es\/","name":"thefeminismproject.com","description":"Popular culture with a feminist twist | let&#039;s talk about things that matter (news that feels right)","publisher":{"@id":"https:\/\/thefeminismproject.com\/es\/#organization"},"potentialAction":[{"@type":"SearchAction","target":{"@type":"EntryPoint","urlTemplate":"https:\/\/thefeminismproject.com\/es\/?s={search_term_string}"},"query-input":{"@type":"PropertyValueSpecification","valueRequired":true,"valueName":"search_term_string"}}],"inLanguage":"es"},{"@type":"Organization","@id":"https:\/\/thefeminismproject.com\/es\/#organization","name":"thefeminismproject.com","url":"https:\/\/thefeminismproject.com\/es\/","logo":{"@type":"ImageObject","inLanguage":"es","@id":"https:\/\/thefeminismproject.com\/es\/#\/schema\/logo\/image\/","url":"https:\/\/thefeminismproject.com\/wp-content\/uploads\/2024\/10\/pexels-vazhnik-7561648.jpg","contentUrl":"https:\/\/thefeminismproject.com\/wp-content\/uploads\/2024\/10\/pexels-vazhnik-7561648.jpg","width":2500,"height":1667,"caption":"thefeminismproject.com"},"image":{"@id":"https:\/\/thefeminismproject.com\/es\/#\/schema\/logo\/image\/"}},{"@type":"Person","@id":"https:\/\/thefeminismproject.com\/es\/#\/schema\/person\/d2d84f0918ac04ca2b9f5b912890ad51","name":"Joaquimma Anna","image":{"@type":"ImageObject","inLanguage":"es","@id":"https:\/\/secure.gravatar.com\/avatar\/7d06747db1565e73d68391d596fc2eb15a10a4b4c1864574c454435523af94f1?s=96&d=mm&r=g","url":"https:\/\/secure.gravatar.com\/avatar\/7d06747db1565e73d68391d596fc2eb15a10a4b4c1864574c454435523af94f1?s=96&d=mm&r=g","contentUrl":"https:\/\/secure.gravatar.com\/avatar\/7d06747db1565e73d68391d596fc2eb15a10a4b4c1864574c454435523af94f1?s=96&d=mm&r=g","caption":"Joaquimma Anna"},"description":"Hi my name Joaquimma Anna, and let's tumble down the rabbit hole of thought! At thefeminismproject.com, this blog is a whimsical carnival of ideas. As a mischievous feminism activist, I'm here to juggle the narratives of women. This project? A delightful escapade into the absurdities and splendors of our world. Expect the unexpected!","sameAs":["http:\/\/thefeminismproject.com"],"url":"https:\/\/thefeminismproject.com\/es\/author\/bella-sungkawa\/"}]}},"_links":{"self":[{"href":"https:\/\/thefeminismproject.com\/es\/wp-json\/wp\/v2\/posts\/1051758","targetHints":{"allow":["GET"]}}],"collection":[{"href":"https:\/\/thefeminismproject.com\/es\/wp-json\/wp\/v2\/posts"}],"about":[{"href":"https:\/\/thefeminismproject.com\/es\/wp-json\/wp\/v2\/types\/post"}],"author":[{"embeddable":true,"href":"https:\/\/thefeminismproject.com\/es\/wp-json\/wp\/v2\/users\/1"}],"replies":[{"embeddable":true,"href":"https:\/\/thefeminismproject.com\/es\/wp-json\/wp\/v2\/comments?post=1051758"}],"version-history":[{"count":0,"href":"https:\/\/thefeminismproject.com\/es\/wp-json\/wp\/v2\/posts\/1051758\/revisions"}],"wp:featuredmedia":[{"embeddable":true,"href":"https:\/\/thefeminismproject.com\/es\/wp-json\/wp\/v2\/media\/1042609"}],"wp:attachment":[{"href":"https:\/\/thefeminismproject.com\/es\/wp-json\/wp\/v2\/media?parent=1051758"}],"wp:term":[{"taxonomy":"category","embeddable":true,"href":"https:\/\/thefeminismproject.com\/es\/wp-json\/wp\/v2\/categories?post=1051758"},{"taxonomy":"post_tag","embeddable":true,"href":"https:\/\/thefeminismproject.com\/es\/wp-json\/wp\/v2\/tags?post=1051758"}],"curies":[{"name":"wp","href":"https:\/\/api.w.org\/{rel}","templated":true}]}}