{"id":1052022,"date":"2025-05-07T12:30:07","date_gmt":"2025-05-07T12:30:07","guid":{"rendered":"https:\/\/thefeminismproject.com\/sin-categoria\/por-que-participar-en-una-huelga-feminista-tu-voz-tambien-importa\/"},"modified":"2025-05-07T12:30:07","modified_gmt":"2025-05-07T12:30:07","slug":"por-que-participar-en-una-huelga-feminista-tu-voz-tambien-importa","status":"publish","type":"post","link":"https:\/\/thefeminismproject.com\/es\/presentada\/por-que-participar-en-una-huelga-feminista-tu-voz-tambien-importa\/","title":{"rendered":"\u00bfPor qu\u00e9 participar en una huelga feminista? Tu voz tambi\u00e9n importa"},"content":{"rendered":"<p>En un mundo donde las estructuras patriarcales dominan la narrativa, participar en una huelga feminista se convierte en un acto de resistencia y reivindicaci\u00f3n. \u00bfPor qu\u00e9 unirse a este clamor colectivo? La respuesta no se encuentra \u00fanicamente en la protesta, sino en el poder transformador que cada voz individual puede ejercer cuando se entrelaza con las de miles. Cada paso en la calle, cada grito de unidad, se convierte en un eco de la historia que reclamamos. Este art\u00edculo explora las razones fundamentales para participar en una huelga feminista, destacando c\u00f3mo cada una de nuestras voces, aunque parezca peque\u00f1a, tiene el potencial de crear un sinf\u00edn de olas en el vasto oc\u00e9ano de la lucha por la equidad.<\/p>\n<p>La huelga feminista es como un lienzo vibrante de emociones y historias. En este espacio, cada mujer, cada persona que se identifica como mujer, lleva consigo no solo su vida, sino tambi\u00e9n las vidas de tantas otras que han sido silenciadas. La participaci\u00f3n en estas movilizaciones no solo es un acto de presencia f\u00edsica; es una afirmaci\u00f3n de que nuestras experiencias y dignidades cuentan. La historia de la opresi\u00f3n se narra en m\u00faltiples voces, y al alzar la nuestra, contribuimos a un relato colectivo que se niega a ser borrado.<\/p>\n<p>Una de las razones m\u00e1s contundentes para participar en una huelga feminista es el deseo de visibilizar las injusticias. Vivimos en un sistema que a menudo ignora las luchas diarias que enfrentan las mujeres. Desde la brecha salarial hasta la violencia de g\u00e9nero, cada d\u00eda es una batalla que muchas enfrentan solas. La huelga se convierte en un meg\u00e1fono que amplifica esas voces, un grito unificado que desaf\u00eda al statu quo. Al participar, nos unimos en un prop\u00f3sito com\u00fan: desmantelar las estructuras opresivas y reclamar nuestro derecho a existir en igualdad.<\/p>\n<p>\u00bfQu\u00e9 mejor manera de sembrar la semilla del cambio que al manifestarse en masa? La efectividad de una huelga no radica \u00fanicamente en el n\u00famero de participantes, sino en la diversidad de experiencias que cada uno aporta. Las huelgas feministas son un mosaico de historias, culturas y perspectivas. Al unirnos, formamos un frente multicolor que desmantela el mito de que la lucha por la equidad es un esfuerzo aislado. Por el contrario, demuestra que la solidaridad no tiene fronteras. Cada voz, cada historia, enriquece el tejido de nuestra reivindicaci\u00f3n.<\/p>\n<p>Unirse a una huelga feminista tambi\u00e9n significa formar parte de un legado hist\u00f3rico. La lucha por los derechos de las mujeres no es nueva; ha sido un viaje arduo y lleno de resistencia. Desde las sufragistas que se alzaron hace m\u00e1s de un siglo hasta los movimientos contempor\u00e1neos que contin\u00faan luchando contra la violencia de g\u00e9nero, cada generaci\u00f3n ha aportado su granito de arena a esta lucha. Participar en una huelga es un acto de tributo a todas aquellas valientes que nos precedieron y una promesa a las que vendr\u00e1n despu\u00e9s de nosotros. Es un compromiso de que no cesaremos en nuestra b\u00fasqueda de justicia y equidad.<\/p>\n<p>Adem\u00e1s, la huelga feminista act\u00faa como un catalizador para el cambio social. La participaci\u00f3n activa de individuos diversos no solo transforma la narrativa, sino que tambi\u00e9n incita a quienes ocupan posiciones de poder a escuchar. Cuando las calles se inundan con nuestros cuerpos y nuestras demandas, se crea un espacio en el que es imposible ignorar la urgencia de nuestras peticiones. La incomodidad que surge de estos momentos puede ser el precursor de un cambio significativo. Las miradas esc\u00e9pticas, las dudas y las cr\u00edticas se convierten en el combustible que alimenta la llama de nuestra lucha.<\/p>\n<p>Participar en una huelga feminista tambi\u00e9n fomenta un sentido profundo de comunidad y pertenencia. En tiempos oscuros, cuando la opresi\u00f3n parece omnipresente, encontrarnos en la misma trinchera nos recuerda que no estamos solas. La camarader\u00eda que se forma entre quienes comparten las mismas inquietudes es un poderoso recordatorio de que nuestra lucha es colectiva. Cada abrazo, cada mirada de complicidad y cada risa compartida refuerza nuestra determinaci\u00f3n y nos ofrece la esperanza que necesitamos para seguir adelante.<\/p>\n<p>A veces, la pregunta no es solo por qu\u00e9 participar en una huelga feminista, sino qu\u00e9 sucede cuando decidimos no hacerlo. Ignorar la oportunidad de alzar la voz es quitarle fuerza a la lucha que tantxs han llevado a cabo. La inacci\u00f3n puede ser interpretada como complicidad en un sistema que perpet\u00faa la discriminaci\u00f3n y la violencia. As\u00ed que al decidir no participar, elegimos el silencio en lugar de la resistencia. Esta realidad es inaceptable. Nuestra voz cuenta y, m\u00e1s que nunca, debemos asegurarnos de que se escuche fuerte y clara.<\/p>\n<p>En conclusi\u00f3n, participar en una huelga feminista es m\u00e1s que una simple acci\u00f3n; es una declaraci\u00f3n de intenciones. Es un acto de uni\u00f3n que busca desmantelar el patriarcado y sus m\u00faltiples formas de opresi\u00f3n. Al hacerlo, afirmamos que nuestras voces importan, que nuestras historias merecen ser contadas y que la lucha por la equidad es una responsabilidad compartida. Cada paso que damos juntas, cada grito que alzamos, no solo transforma nuestra realidad, sino que tambi\u00e9n deja un legado para futuras generaciones. Entonces, no te limites a observar; \u00fanete a la revoluci\u00f3n, porque tu voz tambi\u00e9n importa. Juntas somos m\u00e1s fuertes.<\/p>\n","protected":false},"excerpt":{"rendered":"<p>En un mundo donde las estructuras patriarcales dominan la narrativa, participar en una huelga feminista se convierte en un acto de resistencia y reivindicaci\u00f3n. \u00bfPor qu\u00e9 unirse a este clamor colectivo? La respuesta no se encuentra \u00fanicamente en la protesta, sino en el poder transformador que cada voz individual puede ejercer cuando se entrelaza con [&hellip;]<\/p>\n","protected":false},"author":1,"featured_media":1042622,"comment_status":"open","ping_status":"open","sticky":false,"template":"","format":"standard","meta":{"footnotes":""},"categories":[83],"tags":[],"class_list":{"0":"post-1052022","1":"post","2":"type-post","3":"status-publish","4":"format-standard","5":"has-post-thumbnail","7":"category-presentada"},"yoast_head":"<!-- This site is optimized with the Yoast SEO plugin v27.4 - https:\/\/yoast.com\/product\/yoast-seo-wordpress\/ -->\n<title>\u00bfPor qu\u00e9 participar en una huelga feminista? Tu voz tambi\u00e9n importa<\/title>\n<meta name=\"description\" content=\"En un mundo donde las estructuras patriarcales dominan la narrativa, participar en una huelga feminista se convierte en un acto de resistencia y\" \/>\n<meta name=\"robots\" content=\"index, follow, max-snippet:-1, max-image-preview:large, max-video-preview:-1\" \/>\n<link rel=\"canonical\" href=\"https:\/\/thefeminismproject.com\/es\/presentada\/por-que-participar-en-una-huelga-feminista-tu-voz-tambien-importa\/\" \/>\n<meta property=\"og:locale\" content=\"es_ES\" \/>\n<meta property=\"og:type\" content=\"article\" \/>\n<meta property=\"og:title\" content=\"\u00bfPor qu\u00e9 participar en una huelga feminista? Tu voz tambi\u00e9n importa\" \/>\n<meta property=\"og:description\" content=\"En un mundo donde las estructuras patriarcales dominan la narrativa, participar en una huelga feminista se convierte en un acto de resistencia y\" \/>\n<meta property=\"og:url\" content=\"https:\/\/thefeminismproject.com\/es\/presentada\/por-que-participar-en-una-huelga-feminista-tu-voz-tambien-importa\/\" \/>\n<meta property=\"og:site_name\" content=\"thefeminismproject.com\" \/>\n<meta property=\"article:published_time\" content=\"2025-05-07T12:30:07+00:00\" \/>\n<meta property=\"og:image\" content=\"https:\/\/thefeminismproject.com\/wp-content\/uploads\/2025\/04\/huelga_general_feminista_88.jpg\" \/>\n\t<meta property=\"og:image:width\" content=\"980\" \/>\n\t<meta property=\"og:image:height\" content=\"643\" \/>\n\t<meta property=\"og:image:type\" content=\"image\/jpeg\" \/>\n<meta name=\"author\" content=\"Joaquimma Anna\" \/>\n<meta name=\"twitter:card\" content=\"summary_large_image\" \/>\n<meta name=\"twitter:label1\" content=\"Escrito por\" \/>\n\t<meta name=\"twitter:data1\" content=\"Joaquimma Anna\" \/>\n\t<meta name=\"twitter:label2\" content=\"Tiempo de lectura\" \/>\n\t<meta name=\"twitter:data2\" content=\"5 minutos\" \/>\n<script type=\"application\/ld+json\" class=\"yoast-schema-graph\">{\"@context\":\"https:\\\/\\\/schema.org\",\"@graph\":[{\"@type\":\"Article\",\"@id\":\"https:\\\/\\\/thefeminismproject.com\\\/es\\\/presentada\\\/por-que-participar-en-una-huelga-feminista-tu-voz-tambien-importa\\\/#article\",\"isPartOf\":{\"@id\":\"https:\\\/\\\/thefeminismproject.com\\\/es\\\/presentada\\\/por-que-participar-en-una-huelga-feminista-tu-voz-tambien-importa\\\/\"},\"author\":{\"name\":\"Joaquimma Anna\",\"@id\":\"https:\\\/\\\/thefeminismproject.com\\\/es\\\/#\\\/schema\\\/person\\\/d2d84f0918ac04ca2b9f5b912890ad51\"},\"headline\":\"\u00bfPor qu\u00e9 participar en una huelga feminista? Tu voz tambi\u00e9n importa\",\"datePublished\":\"2025-05-07T12:30:07+00:00\",\"mainEntityOfPage\":{\"@id\":\"https:\\\/\\\/thefeminismproject.com\\\/es\\\/presentada\\\/por-que-participar-en-una-huelga-feminista-tu-voz-tambien-importa\\\/\"},\"wordCount\":927,\"commentCount\":0,\"publisher\":{\"@id\":\"https:\\\/\\\/thefeminismproject.com\\\/es\\\/#organization\"},\"image\":{\"@id\":\"https:\\\/\\\/thefeminismproject.com\\\/es\\\/presentada\\\/por-que-participar-en-una-huelga-feminista-tu-voz-tambien-importa\\\/#primaryimage\"},\"thumbnailUrl\":\"https:\\\/\\\/thefeminismproject.com\\\/wp-content\\\/uploads\\\/2025\\\/04\\\/huelga_general_feminista_88.jpg\",\"articleSection\":[\"Presentada\"],\"inLanguage\":\"es\",\"potentialAction\":[{\"@type\":\"CommentAction\",\"name\":\"Comment\",\"target\":[\"https:\\\/\\\/thefeminismproject.com\\\/es\\\/presentada\\\/por-que-participar-en-una-huelga-feminista-tu-voz-tambien-importa\\\/#respond\"]}]},{\"@type\":\"WebPage\",\"@id\":\"https:\\\/\\\/thefeminismproject.com\\\/es\\\/presentada\\\/por-que-participar-en-una-huelga-feminista-tu-voz-tambien-importa\\\/\",\"url\":\"https:\\\/\\\/thefeminismproject.com\\\/es\\\/presentada\\\/por-que-participar-en-una-huelga-feminista-tu-voz-tambien-importa\\\/\",\"name\":\"\u00bfPor qu\u00e9 participar en una huelga feminista? Tu voz tambi\u00e9n importa\",\"isPartOf\":{\"@id\":\"https:\\\/\\\/thefeminismproject.com\\\/es\\\/#website\"},\"primaryImageOfPage\":{\"@id\":\"https:\\\/\\\/thefeminismproject.com\\\/es\\\/presentada\\\/por-que-participar-en-una-huelga-feminista-tu-voz-tambien-importa\\\/#primaryimage\"},\"image\":{\"@id\":\"https:\\\/\\\/thefeminismproject.com\\\/es\\\/presentada\\\/por-que-participar-en-una-huelga-feminista-tu-voz-tambien-importa\\\/#primaryimage\"},\"thumbnailUrl\":\"https:\\\/\\\/thefeminismproject.com\\\/wp-content\\\/uploads\\\/2025\\\/04\\\/huelga_general_feminista_88.jpg\",\"datePublished\":\"2025-05-07T12:30:07+00:00\",\"description\":\"En un mundo donde las estructuras patriarcales dominan la narrativa, participar en una huelga feminista se convierte en un acto de resistencia y\",\"breadcrumb\":{\"@id\":\"https:\\\/\\\/thefeminismproject.com\\\/es\\\/presentada\\\/por-que-participar-en-una-huelga-feminista-tu-voz-tambien-importa\\\/#breadcrumb\"},\"inLanguage\":\"es\",\"potentialAction\":[{\"@type\":\"ReadAction\",\"target\":[\"https:\\\/\\\/thefeminismproject.com\\\/es\\\/presentada\\\/por-que-participar-en-una-huelga-feminista-tu-voz-tambien-importa\\\/\"]}]},{\"@type\":\"ImageObject\",\"inLanguage\":\"es\",\"@id\":\"https:\\\/\\\/thefeminismproject.com\\\/es\\\/presentada\\\/por-que-participar-en-una-huelga-feminista-tu-voz-tambien-importa\\\/#primaryimage\",\"url\":\"https:\\\/\\\/thefeminismproject.com\\\/wp-content\\\/uploads\\\/2025\\\/04\\\/huelga_general_feminista_88.jpg\",\"contentUrl\":\"https:\\\/\\\/thefeminismproject.com\\\/wp-content\\\/uploads\\\/2025\\\/04\\\/huelga_general_feminista_88.jpg\",\"width\":980,\"height\":643},{\"@type\":\"BreadcrumbList\",\"@id\":\"https:\\\/\\\/thefeminismproject.com\\\/es\\\/presentada\\\/por-que-participar-en-una-huelga-feminista-tu-voz-tambien-importa\\\/#breadcrumb\",\"itemListElement\":[{\"@type\":\"ListItem\",\"position\":1,\"name\":\"Home\",\"item\":\"https:\\\/\\\/thefeminismproject.com\\\/es\\\/inicio\\\/\"},{\"@type\":\"ListItem\",\"position\":2,\"name\":\"\u00bfPor qu\u00e9 participar en una huelga feminista? Tu voz tambi\u00e9n importa\"}]},{\"@type\":\"WebSite\",\"@id\":\"https:\\\/\\\/thefeminismproject.com\\\/es\\\/#website\",\"url\":\"https:\\\/\\\/thefeminismproject.com\\\/es\\\/\",\"name\":\"thefeminismproject.com\",\"description\":\"Popular culture with a feminist twist | let&#039;s talk about things that matter (news that feels right)\",\"publisher\":{\"@id\":\"https:\\\/\\\/thefeminismproject.com\\\/es\\\/#organization\"},\"potentialAction\":[{\"@type\":\"SearchAction\",\"target\":{\"@type\":\"EntryPoint\",\"urlTemplate\":\"https:\\\/\\\/thefeminismproject.com\\\/es\\\/?s={search_term_string}\"},\"query-input\":{\"@type\":\"PropertyValueSpecification\",\"valueRequired\":true,\"valueName\":\"search_term_string\"}}],\"inLanguage\":\"es\"},{\"@type\":\"Organization\",\"@id\":\"https:\\\/\\\/thefeminismproject.com\\\/es\\\/#organization\",\"name\":\"thefeminismproject.com\",\"url\":\"https:\\\/\\\/thefeminismproject.com\\\/es\\\/\",\"logo\":{\"@type\":\"ImageObject\",\"inLanguage\":\"es\",\"@id\":\"https:\\\/\\\/thefeminismproject.com\\\/es\\\/#\\\/schema\\\/logo\\\/image\\\/\",\"url\":\"https:\\\/\\\/thefeminismproject.com\\\/wp-content\\\/uploads\\\/2024\\\/10\\\/pexels-vazhnik-7561648.jpg\",\"contentUrl\":\"https:\\\/\\\/thefeminismproject.com\\\/wp-content\\\/uploads\\\/2024\\\/10\\\/pexels-vazhnik-7561648.jpg\",\"width\":2500,\"height\":1667,\"caption\":\"thefeminismproject.com\"},\"image\":{\"@id\":\"https:\\\/\\\/thefeminismproject.com\\\/es\\\/#\\\/schema\\\/logo\\\/image\\\/\"}},{\"@type\":\"Person\",\"@id\":\"https:\\\/\\\/thefeminismproject.com\\\/es\\\/#\\\/schema\\\/person\\\/d2d84f0918ac04ca2b9f5b912890ad51\",\"name\":\"Joaquimma Anna\",\"image\":{\"@type\":\"ImageObject\",\"inLanguage\":\"es\",\"@id\":\"https:\\\/\\\/secure.gravatar.com\\\/avatar\\\/7d06747db1565e73d68391d596fc2eb15a10a4b4c1864574c454435523af94f1?s=96&d=mm&r=g\",\"url\":\"https:\\\/\\\/secure.gravatar.com\\\/avatar\\\/7d06747db1565e73d68391d596fc2eb15a10a4b4c1864574c454435523af94f1?s=96&d=mm&r=g\",\"contentUrl\":\"https:\\\/\\\/secure.gravatar.com\\\/avatar\\\/7d06747db1565e73d68391d596fc2eb15a10a4b4c1864574c454435523af94f1?s=96&d=mm&r=g\",\"caption\":\"Joaquimma Anna\"},\"description\":\"Hi my name Joaquimma Anna, and let's tumble down the rabbit hole of thought! At thefeminismproject.com, this blog is a whimsical carnival of ideas. As a mischievous feminism activist, I'm here to juggle the narratives of women. This project? A delightful escapade into the absurdities and splendors of our world. Expect the unexpected!\",\"sameAs\":[\"http:\\\/\\\/thefeminismproject.com\"],\"url\":\"https:\\\/\\\/thefeminismproject.com\\\/es\\\/author\\\/bella-sungkawa\\\/\"}]}<\/script>\n<!-- \/ Yoast SEO plugin. -->","yoast_head_json":{"title":"\u00bfPor qu\u00e9 participar en una huelga feminista? Tu voz tambi\u00e9n importa","description":"En un mundo donde las estructuras patriarcales dominan la narrativa, participar en una huelga feminista se convierte en un acto de resistencia y","robots":{"index":"index","follow":"follow","max-snippet":"max-snippet:-1","max-image-preview":"max-image-preview:large","max-video-preview":"max-video-preview:-1"},"canonical":"https:\/\/thefeminismproject.com\/es\/presentada\/por-que-participar-en-una-huelga-feminista-tu-voz-tambien-importa\/","og_locale":"es_ES","og_type":"article","og_title":"\u00bfPor qu\u00e9 participar en una huelga feminista? Tu voz tambi\u00e9n importa","og_description":"En un mundo donde las estructuras patriarcales dominan la narrativa, participar en una huelga feminista se convierte en un acto de resistencia y","og_url":"https:\/\/thefeminismproject.com\/es\/presentada\/por-que-participar-en-una-huelga-feminista-tu-voz-tambien-importa\/","og_site_name":"thefeminismproject.com","article_published_time":"2025-05-07T12:30:07+00:00","og_image":[{"width":980,"height":643,"url":"https:\/\/thefeminismproject.com\/wp-content\/uploads\/2025\/04\/huelga_general_feminista_88.jpg","type":"image\/jpeg"}],"author":"Joaquimma Anna","twitter_card":"summary_large_image","twitter_misc":{"Escrito por":"Joaquimma Anna","Tiempo de lectura":"5 minutos"},"schema":{"@context":"https:\/\/schema.org","@graph":[{"@type":"Article","@id":"https:\/\/thefeminismproject.com\/es\/presentada\/por-que-participar-en-una-huelga-feminista-tu-voz-tambien-importa\/#article","isPartOf":{"@id":"https:\/\/thefeminismproject.com\/es\/presentada\/por-que-participar-en-una-huelga-feminista-tu-voz-tambien-importa\/"},"author":{"name":"Joaquimma Anna","@id":"https:\/\/thefeminismproject.com\/es\/#\/schema\/person\/d2d84f0918ac04ca2b9f5b912890ad51"},"headline":"\u00bfPor qu\u00e9 participar en una huelga feminista? Tu voz tambi\u00e9n importa","datePublished":"2025-05-07T12:30:07+00:00","mainEntityOfPage":{"@id":"https:\/\/thefeminismproject.com\/es\/presentada\/por-que-participar-en-una-huelga-feminista-tu-voz-tambien-importa\/"},"wordCount":927,"commentCount":0,"publisher":{"@id":"https:\/\/thefeminismproject.com\/es\/#organization"},"image":{"@id":"https:\/\/thefeminismproject.com\/es\/presentada\/por-que-participar-en-una-huelga-feminista-tu-voz-tambien-importa\/#primaryimage"},"thumbnailUrl":"https:\/\/thefeminismproject.com\/wp-content\/uploads\/2025\/04\/huelga_general_feminista_88.jpg","articleSection":["Presentada"],"inLanguage":"es","potentialAction":[{"@type":"CommentAction","name":"Comment","target":["https:\/\/thefeminismproject.com\/es\/presentada\/por-que-participar-en-una-huelga-feminista-tu-voz-tambien-importa\/#respond"]}]},{"@type":"WebPage","@id":"https:\/\/thefeminismproject.com\/es\/presentada\/por-que-participar-en-una-huelga-feminista-tu-voz-tambien-importa\/","url":"https:\/\/thefeminismproject.com\/es\/presentada\/por-que-participar-en-una-huelga-feminista-tu-voz-tambien-importa\/","name":"\u00bfPor qu\u00e9 participar en una huelga feminista? Tu voz tambi\u00e9n importa","isPartOf":{"@id":"https:\/\/thefeminismproject.com\/es\/#website"},"primaryImageOfPage":{"@id":"https:\/\/thefeminismproject.com\/es\/presentada\/por-que-participar-en-una-huelga-feminista-tu-voz-tambien-importa\/#primaryimage"},"image":{"@id":"https:\/\/thefeminismproject.com\/es\/presentada\/por-que-participar-en-una-huelga-feminista-tu-voz-tambien-importa\/#primaryimage"},"thumbnailUrl":"https:\/\/thefeminismproject.com\/wp-content\/uploads\/2025\/04\/huelga_general_feminista_88.jpg","datePublished":"2025-05-07T12:30:07+00:00","description":"En un mundo donde las estructuras patriarcales dominan la narrativa, participar en una huelga feminista se convierte en un acto de resistencia y","breadcrumb":{"@id":"https:\/\/thefeminismproject.com\/es\/presentada\/por-que-participar-en-una-huelga-feminista-tu-voz-tambien-importa\/#breadcrumb"},"inLanguage":"es","potentialAction":[{"@type":"ReadAction","target":["https:\/\/thefeminismproject.com\/es\/presentada\/por-que-participar-en-una-huelga-feminista-tu-voz-tambien-importa\/"]}]},{"@type":"ImageObject","inLanguage":"es","@id":"https:\/\/thefeminismproject.com\/es\/presentada\/por-que-participar-en-una-huelga-feminista-tu-voz-tambien-importa\/#primaryimage","url":"https:\/\/thefeminismproject.com\/wp-content\/uploads\/2025\/04\/huelga_general_feminista_88.jpg","contentUrl":"https:\/\/thefeminismproject.com\/wp-content\/uploads\/2025\/04\/huelga_general_feminista_88.jpg","width":980,"height":643},{"@type":"BreadcrumbList","@id":"https:\/\/thefeminismproject.com\/es\/presentada\/por-que-participar-en-una-huelga-feminista-tu-voz-tambien-importa\/#breadcrumb","itemListElement":[{"@type":"ListItem","position":1,"name":"Home","item":"https:\/\/thefeminismproject.com\/es\/inicio\/"},{"@type":"ListItem","position":2,"name":"\u00bfPor qu\u00e9 participar en una huelga feminista? Tu voz tambi\u00e9n importa"}]},{"@type":"WebSite","@id":"https:\/\/thefeminismproject.com\/es\/#website","url":"https:\/\/thefeminismproject.com\/es\/","name":"thefeminismproject.com","description":"Popular culture with a feminist twist | let&#039;s talk about things that matter (news that feels right)","publisher":{"@id":"https:\/\/thefeminismproject.com\/es\/#organization"},"potentialAction":[{"@type":"SearchAction","target":{"@type":"EntryPoint","urlTemplate":"https:\/\/thefeminismproject.com\/es\/?s={search_term_string}"},"query-input":{"@type":"PropertyValueSpecification","valueRequired":true,"valueName":"search_term_string"}}],"inLanguage":"es"},{"@type":"Organization","@id":"https:\/\/thefeminismproject.com\/es\/#organization","name":"thefeminismproject.com","url":"https:\/\/thefeminismproject.com\/es\/","logo":{"@type":"ImageObject","inLanguage":"es","@id":"https:\/\/thefeminismproject.com\/es\/#\/schema\/logo\/image\/","url":"https:\/\/thefeminismproject.com\/wp-content\/uploads\/2024\/10\/pexels-vazhnik-7561648.jpg","contentUrl":"https:\/\/thefeminismproject.com\/wp-content\/uploads\/2024\/10\/pexels-vazhnik-7561648.jpg","width":2500,"height":1667,"caption":"thefeminismproject.com"},"image":{"@id":"https:\/\/thefeminismproject.com\/es\/#\/schema\/logo\/image\/"}},{"@type":"Person","@id":"https:\/\/thefeminismproject.com\/es\/#\/schema\/person\/d2d84f0918ac04ca2b9f5b912890ad51","name":"Joaquimma Anna","image":{"@type":"ImageObject","inLanguage":"es","@id":"https:\/\/secure.gravatar.com\/avatar\/7d06747db1565e73d68391d596fc2eb15a10a4b4c1864574c454435523af94f1?s=96&d=mm&r=g","url":"https:\/\/secure.gravatar.com\/avatar\/7d06747db1565e73d68391d596fc2eb15a10a4b4c1864574c454435523af94f1?s=96&d=mm&r=g","contentUrl":"https:\/\/secure.gravatar.com\/avatar\/7d06747db1565e73d68391d596fc2eb15a10a4b4c1864574c454435523af94f1?s=96&d=mm&r=g","caption":"Joaquimma Anna"},"description":"Hi my name Joaquimma Anna, and let's tumble down the rabbit hole of thought! At thefeminismproject.com, this blog is a whimsical carnival of ideas. As a mischievous feminism activist, I'm here to juggle the narratives of women. This project? A delightful escapade into the absurdities and splendors of our world. Expect the unexpected!","sameAs":["http:\/\/thefeminismproject.com"],"url":"https:\/\/thefeminismproject.com\/es\/author\/bella-sungkawa\/"}]}},"_links":{"self":[{"href":"https:\/\/thefeminismproject.com\/es\/wp-json\/wp\/v2\/posts\/1052022","targetHints":{"allow":["GET"]}}],"collection":[{"href":"https:\/\/thefeminismproject.com\/es\/wp-json\/wp\/v2\/posts"}],"about":[{"href":"https:\/\/thefeminismproject.com\/es\/wp-json\/wp\/v2\/types\/post"}],"author":[{"embeddable":true,"href":"https:\/\/thefeminismproject.com\/es\/wp-json\/wp\/v2\/users\/1"}],"replies":[{"embeddable":true,"href":"https:\/\/thefeminismproject.com\/es\/wp-json\/wp\/v2\/comments?post=1052022"}],"version-history":[{"count":0,"href":"https:\/\/thefeminismproject.com\/es\/wp-json\/wp\/v2\/posts\/1052022\/revisions"}],"wp:featuredmedia":[{"embeddable":true,"href":"https:\/\/thefeminismproject.com\/es\/wp-json\/wp\/v2\/media\/1042622"}],"wp:attachment":[{"href":"https:\/\/thefeminismproject.com\/es\/wp-json\/wp\/v2\/media?parent=1052022"}],"wp:term":[{"taxonomy":"category","embeddable":true,"href":"https:\/\/thefeminismproject.com\/es\/wp-json\/wp\/v2\/categories?post=1052022"},{"taxonomy":"post_tag","embeddable":true,"href":"https:\/\/thefeminismproject.com\/es\/wp-json\/wp\/v2\/tags?post=1052022"}],"curies":[{"name":"wp","href":"https:\/\/api.w.org\/{rel}","templated":true}]}}