{"id":1052099,"date":"2025-03-29T18:13:50","date_gmt":"2025-03-29T18:13:50","guid":{"rendered":"https:\/\/thefeminismproject.com\/sin-categoria\/por-que-las-feministas-se-desnudan-el-cuerpo-como-arma-de-protesta\/"},"modified":"2025-03-29T18:13:50","modified_gmt":"2025-03-29T18:13:50","slug":"por-que-las-feministas-se-desnudan-el-cuerpo-como-arma-de-protesta","status":"publish","type":"post","link":"https:\/\/thefeminismproject.com\/es\/presentada\/por-que-las-feministas-se-desnudan-el-cuerpo-como-arma-de-protesta\/","title":{"rendered":"\u00bfPor qu\u00e9 las feministas se desnudan? El cuerpo como arma de protesta"},"content":{"rendered":"<p>La desnudarse ha sido, a lo largo de la historia, un acto cargado de significados diversos, ya sea en el \u00e1mbito cultural, pol\u00edtico o social. Sin embargo, cuando las feministas optan por despojarse de su vestimenta en un contexto de protesta, est\u00e1n eligiendo un simbolismo que trasciende lo superficial. Pero, \u00bfpor qu\u00e9 esta elecci\u00f3n aparentemente provocadora? \u00bfPor qu\u00e9 el cuerpo se convierte en un veh\u00edculo de resistencia y reivindicaci\u00f3n en las manos de las feministas?<\/p>\n<p>En primer lugar, es crucial entender que el cuerpo femenino ha sido objeto de control y opresi\u00f3n durante siglos. Desde la cosificaci\u00f3n en los medios hasta la regulaci\u00f3n de la vestimenta en distintas culturas, el cuerpo de la mujer ha sido un campo de batalla. Al desnudarse, las feministas desaf\u00edan esta narrativa. No son meras figuras pasivas; reivindican el derecho a ser due\u00f1as del propio cuerpo, a despojarse de las cadenas impuestas por una sociedad patriarcal que dictamina c\u00f3mo deben comportarse, vestirse y presentarse.<\/p>\n<p>\u201c\u00bfQu\u00e9 pasar\u00eda si dej\u00e1ramos de ser vistas s\u00f3lo como cuerpos?\u201d Esta interrogante puede parecer inc\u00f3moda, y precisamente esta incomodidad es parte del enfoque feminista. La desnudez en manifestaciones puede interpretarse como una manera de desnudar no solo los cuerpos, sino tambi\u00e9n las complejas estructuras de poder que dictan las normas sociales. De esta manera, la protesta se convierte en un acto de visibilidad; la presencia f\u00edsica de las activistas toma un protagonismo que no puede ser ignorado.<\/p>\n<p>Adem\u00e1s, el uso del desnudo como forma de protesta invita a la reflexi\u00f3n sobre la sexualidad y el deseo. En un mundo donde el cuerpo femenino a menudo se sexualiza y explota, al utilizar la desnudez como una herramienta de activismo, las feministas logran volverse las narradoras de su propia historia. Rechazan ser objeto de deseo ajeno y toman el control sobre c\u00f3mo y cu\u00e1ndo quieren mostrar su cuerpo. Este acto transgresor plantea preguntas provocadoras sobre la libertad sexual y la autonom\u00eda.<\/p>\n<p>Desde el movimiento de las \u00abTopless\u00bb en Estados Unidos hasta las intervenciones art\u00edsticas de grupos como Femen, es evidente que el nudismo como forma de protesta busca rasgar el velo del tab\u00fa que rodea la desnudez. Son movimientos que se amparan en la convicci\u00f3n de que el cuerpo no deber\u00eda ser un motivo de verg\u00fcenza tampoco en la lucha por la igualdad. Al desnudarse, destruyen las barreras que la sociedad denuncia y desaf\u00edan convencionalismos que limitan la percepci\u00f3n sobre el cuerpo femenino.<\/p>\n<p>Sin embargo, esta t\u00e1ctica no est\u00e1 exenta de cr\u00edticas. Algunas voces se elevan en contra de la desnudez como herramienta de activismo, cuestionando si efectivamente se logra el objetivo de empoderar o si, por el contrario, perpet\u00faa un ciclo de objetivaci\u00f3n. Surge la pregunta: \u00bfse convierten las mujeres en meros cuerpos expuestos al realizar este tipo de protestas? A trav\u00e9s de este cuestionamiento se revela una iron\u00eda intr\u00ednseca: al luchar contra la objetivaci\u00f3n del cuerpo, se podr\u00eda estar, inconscientemente, reforzando el mismo esquema que se pretende derribar.<\/p>\n<p>Es vital, entonces, analizar el contexto en el cual se lleva a cabo la desnudez en protesta. En algunos casos, se puede observar un vac\u00edo ideol\u00f3gico que reduce el acto a un simple exhibicionismo, pero en otros, es un grito contundente que emana desde una profunda necesidad de visibilidad y reconocimiento. La diferencia radica en la intenci\u00f3n y en el mensaje que se desea comunicar. Cuando las feministas se desnudan, invitan a un proceso de reflexi\u00f3n que puede ser tan provocativo como transformador.<\/p>\n<p>A la par, es esencial que se integre una perspectiva cr\u00edtica que examina la diversidad de experiencias que componen el feminismo. El nudismo en s\u00ed mismo no debe ser visto como un monolito, sino como una de las m\u00faltiples voces en un espectro m\u00e1s amplio. Hay quienes optan por estrategias que no implican la desnudez y que igualmente son relevantes y eficaces. La diversidad de t\u00e1cticas refleja la pluralidad de posibilidades que existen dentro del feminismo contempor\u00e1neo, y, en \u00faltima instancia, el desenredo de posibles alternativas invita a un di\u00e1logo m\u00e1s enriquecedor.<\/p>\n<p>El cuerpo, en su forma desnuda, puede ser una herramienta formidable en la lucha por la igualdad. Simboliza vulnerabilidad, pero tambi\u00e9n una manifiesta resistencia. La desnudez se convierte en el emblema de la autodeterminaci\u00f3n: ser due\u00f1a de su propio cuerpo para dar a conocer un mensaje claro y contundente. Este fen\u00f3meno pone de relieve la pelea por la libertad de elecci\u00f3n, el respeto hacia la autonom\u00eda personal y la reivindicaci\u00f3n de los derechos de las mujeres.<\/p>\n<p>Por lo tanto, al contemplar el porqu\u00e9 de la desnudez en el feminismo, se vuelve evidente que no se trata meramente de un gesto llamativo, sino de una t\u00e1ctica estrat\u00e9gica que busca reestructurar la relaci\u00f3n entre los cuerpos de las mujeres y su representaci\u00f3n en la sociedad. La provocaci\u00f3n permite abrir espacios de di\u00e1logo, cuestionar normativas y desafiar el estatus quo. Entonces, la siguiente vez que nos enfrentemos a una manifestaci\u00f3n desnuda, \u00bfpodr\u00edamos dejar de lado nuestra incomodidad para vislumbrar el poderoso alegato que se esconde detr\u00e1s de esa piel expuesta?<\/p>\n","protected":false},"excerpt":{"rendered":"<p>La desnudarse ha sido, a lo largo de la historia, un acto cargado de significados diversos, ya sea en el \u00e1mbito cultural, pol\u00edtico o social. Sin embargo, cuando las feministas optan por despojarse de su vestimenta en un contexto de protesta, est\u00e1n eligiendo un simbolismo que trasciende lo superficial. Pero, \u00bfpor qu\u00e9 esta elecci\u00f3n aparentemente [&hellip;]<\/p>\n","protected":false},"author":1,"featured_media":1052100,"comment_status":"open","ping_status":"open","sticky":false,"template":"","format":"standard","meta":{"footnotes":""},"categories":[83],"tags":[],"class_list":{"0":"post-1052099","1":"post","2":"type-post","3":"status-publish","4":"format-standard","5":"has-post-thumbnail","7":"category-presentada"},"yoast_head":"<!-- This site is optimized with the Yoast SEO plugin v27.4 - https:\/\/yoast.com\/product\/yoast-seo-wordpress\/ -->\n<title>\u00bfPor qu\u00e9 las feministas se desnudan? El cuerpo como arma de protesta<\/title>\n<meta name=\"description\" content=\"La desnudarse ha sido, a lo largo de la historia, un acto cargado de significados diversos, ya sea en el \u00e1mbito cultural, pol\u00edtico o social. Sin embargo,\" \/>\n<meta name=\"robots\" content=\"index, follow, max-snippet:-1, max-image-preview:large, max-video-preview:-1\" \/>\n<link rel=\"canonical\" href=\"https:\/\/thefeminismproject.com\/es\/presentada\/por-que-las-feministas-se-desnudan-el-cuerpo-como-arma-de-protesta\/\" \/>\n<meta property=\"og:locale\" content=\"es_ES\" \/>\n<meta property=\"og:type\" content=\"article\" \/>\n<meta property=\"og:title\" content=\"\u00bfPor qu\u00e9 las feministas se desnudan? El cuerpo como arma de protesta\" \/>\n<meta property=\"og:description\" content=\"La desnudarse ha sido, a lo largo de la historia, un acto cargado de significados diversos, ya sea en el \u00e1mbito cultural, pol\u00edtico o social. Sin embargo,\" \/>\n<meta property=\"og:url\" content=\"https:\/\/thefeminismproject.com\/es\/presentada\/por-que-las-feministas-se-desnudan-el-cuerpo-como-arma-de-protesta\/\" \/>\n<meta property=\"og:site_name\" content=\"thefeminismproject.com\" \/>\n<meta property=\"article:published_time\" content=\"2025-03-29T18:13:50+00:00\" \/>\n<meta property=\"og:image\" content=\"https:\/\/thefeminismproject.com\/wp-content\/uploads\/2025\/05\/511408.jpg\" \/>\n\t<meta property=\"og:image:width\" content=\"1600\" \/>\n\t<meta property=\"og:image:height\" content=\"1027\" \/>\n\t<meta property=\"og:image:type\" content=\"image\/jpeg\" \/>\n<meta name=\"author\" content=\"Joaquimma Anna\" \/>\n<meta name=\"twitter:card\" content=\"summary_large_image\" \/>\n<meta name=\"twitter:label1\" content=\"Escrito por\" \/>\n\t<meta name=\"twitter:data1\" content=\"Joaquimma Anna\" \/>\n\t<meta name=\"twitter:label2\" content=\"Tiempo de lectura\" \/>\n\t<meta name=\"twitter:data2\" content=\"4 minutos\" \/>\n<script type=\"application\/ld+json\" class=\"yoast-schema-graph\">{\"@context\":\"https:\\\/\\\/schema.org\",\"@graph\":[{\"@type\":\"Article\",\"@id\":\"https:\\\/\\\/thefeminismproject.com\\\/es\\\/presentada\\\/por-que-las-feministas-se-desnudan-el-cuerpo-como-arma-de-protesta\\\/#article\",\"isPartOf\":{\"@id\":\"https:\\\/\\\/thefeminismproject.com\\\/es\\\/presentada\\\/por-que-las-feministas-se-desnudan-el-cuerpo-como-arma-de-protesta\\\/\"},\"author\":{\"name\":\"Joaquimma Anna\",\"@id\":\"https:\\\/\\\/thefeminismproject.com\\\/es\\\/#\\\/schema\\\/person\\\/d2d84f0918ac04ca2b9f5b912890ad51\"},\"headline\":\"\u00bfPor qu\u00e9 las feministas se desnudan? El cuerpo como arma de protesta\",\"datePublished\":\"2025-03-29T18:13:50+00:00\",\"mainEntityOfPage\":{\"@id\":\"https:\\\/\\\/thefeminismproject.com\\\/es\\\/presentada\\\/por-que-las-feministas-se-desnudan-el-cuerpo-como-arma-de-protesta\\\/\"},\"wordCount\":905,\"commentCount\":0,\"publisher\":{\"@id\":\"https:\\\/\\\/thefeminismproject.com\\\/es\\\/#organization\"},\"image\":{\"@id\":\"https:\\\/\\\/thefeminismproject.com\\\/es\\\/presentada\\\/por-que-las-feministas-se-desnudan-el-cuerpo-como-arma-de-protesta\\\/#primaryimage\"},\"thumbnailUrl\":\"https:\\\/\\\/thefeminismproject.com\\\/wp-content\\\/uploads\\\/2025\\\/05\\\/511408.jpg\",\"articleSection\":[\"Presentada\"],\"inLanguage\":\"es\",\"potentialAction\":[{\"@type\":\"CommentAction\",\"name\":\"Comment\",\"target\":[\"https:\\\/\\\/thefeminismproject.com\\\/es\\\/presentada\\\/por-que-las-feministas-se-desnudan-el-cuerpo-como-arma-de-protesta\\\/#respond\"]}]},{\"@type\":\"WebPage\",\"@id\":\"https:\\\/\\\/thefeminismproject.com\\\/es\\\/presentada\\\/por-que-las-feministas-se-desnudan-el-cuerpo-como-arma-de-protesta\\\/\",\"url\":\"https:\\\/\\\/thefeminismproject.com\\\/es\\\/presentada\\\/por-que-las-feministas-se-desnudan-el-cuerpo-como-arma-de-protesta\\\/\",\"name\":\"\u00bfPor qu\u00e9 las feministas se desnudan? El cuerpo como arma de protesta\",\"isPartOf\":{\"@id\":\"https:\\\/\\\/thefeminismproject.com\\\/es\\\/#website\"},\"primaryImageOfPage\":{\"@id\":\"https:\\\/\\\/thefeminismproject.com\\\/es\\\/presentada\\\/por-que-las-feministas-se-desnudan-el-cuerpo-como-arma-de-protesta\\\/#primaryimage\"},\"image\":{\"@id\":\"https:\\\/\\\/thefeminismproject.com\\\/es\\\/presentada\\\/por-que-las-feministas-se-desnudan-el-cuerpo-como-arma-de-protesta\\\/#primaryimage\"},\"thumbnailUrl\":\"https:\\\/\\\/thefeminismproject.com\\\/wp-content\\\/uploads\\\/2025\\\/05\\\/511408.jpg\",\"datePublished\":\"2025-03-29T18:13:50+00:00\",\"description\":\"La desnudarse ha sido, a lo largo de la historia, un acto cargado de significados diversos, ya sea en el \u00e1mbito cultural, pol\u00edtico o social. Sin embargo,\",\"breadcrumb\":{\"@id\":\"https:\\\/\\\/thefeminismproject.com\\\/es\\\/presentada\\\/por-que-las-feministas-se-desnudan-el-cuerpo-como-arma-de-protesta\\\/#breadcrumb\"},\"inLanguage\":\"es\",\"potentialAction\":[{\"@type\":\"ReadAction\",\"target\":[\"https:\\\/\\\/thefeminismproject.com\\\/es\\\/presentada\\\/por-que-las-feministas-se-desnudan-el-cuerpo-como-arma-de-protesta\\\/\"]}]},{\"@type\":\"ImageObject\",\"inLanguage\":\"es\",\"@id\":\"https:\\\/\\\/thefeminismproject.com\\\/es\\\/presentada\\\/por-que-las-feministas-se-desnudan-el-cuerpo-como-arma-de-protesta\\\/#primaryimage\",\"url\":\"https:\\\/\\\/thefeminismproject.com\\\/wp-content\\\/uploads\\\/2025\\\/05\\\/511408.jpg\",\"contentUrl\":\"https:\\\/\\\/thefeminismproject.com\\\/wp-content\\\/uploads\\\/2025\\\/05\\\/511408.jpg\",\"width\":1600,\"height\":1027},{\"@type\":\"BreadcrumbList\",\"@id\":\"https:\\\/\\\/thefeminismproject.com\\\/es\\\/presentada\\\/por-que-las-feministas-se-desnudan-el-cuerpo-como-arma-de-protesta\\\/#breadcrumb\",\"itemListElement\":[{\"@type\":\"ListItem\",\"position\":1,\"name\":\"Home\",\"item\":\"https:\\\/\\\/thefeminismproject.com\\\/es\\\/inicio\\\/\"},{\"@type\":\"ListItem\",\"position\":2,\"name\":\"\u00bfPor qu\u00e9 las feministas se desnudan? El cuerpo como arma de protesta\"}]},{\"@type\":\"WebSite\",\"@id\":\"https:\\\/\\\/thefeminismproject.com\\\/es\\\/#website\",\"url\":\"https:\\\/\\\/thefeminismproject.com\\\/es\\\/\",\"name\":\"thefeminismproject.com\",\"description\":\"Popular culture with a feminist twist | let&#039;s talk about things that matter (news that feels right)\",\"publisher\":{\"@id\":\"https:\\\/\\\/thefeminismproject.com\\\/es\\\/#organization\"},\"potentialAction\":[{\"@type\":\"SearchAction\",\"target\":{\"@type\":\"EntryPoint\",\"urlTemplate\":\"https:\\\/\\\/thefeminismproject.com\\\/es\\\/?s={search_term_string}\"},\"query-input\":{\"@type\":\"PropertyValueSpecification\",\"valueRequired\":true,\"valueName\":\"search_term_string\"}}],\"inLanguage\":\"es\"},{\"@type\":\"Organization\",\"@id\":\"https:\\\/\\\/thefeminismproject.com\\\/es\\\/#organization\",\"name\":\"thefeminismproject.com\",\"url\":\"https:\\\/\\\/thefeminismproject.com\\\/es\\\/\",\"logo\":{\"@type\":\"ImageObject\",\"inLanguage\":\"es\",\"@id\":\"https:\\\/\\\/thefeminismproject.com\\\/es\\\/#\\\/schema\\\/logo\\\/image\\\/\",\"url\":\"https:\\\/\\\/thefeminismproject.com\\\/wp-content\\\/uploads\\\/2024\\\/10\\\/pexels-vazhnik-7561648.jpg\",\"contentUrl\":\"https:\\\/\\\/thefeminismproject.com\\\/wp-content\\\/uploads\\\/2024\\\/10\\\/pexels-vazhnik-7561648.jpg\",\"width\":2500,\"height\":1667,\"caption\":\"thefeminismproject.com\"},\"image\":{\"@id\":\"https:\\\/\\\/thefeminismproject.com\\\/es\\\/#\\\/schema\\\/logo\\\/image\\\/\"}},{\"@type\":\"Person\",\"@id\":\"https:\\\/\\\/thefeminismproject.com\\\/es\\\/#\\\/schema\\\/person\\\/d2d84f0918ac04ca2b9f5b912890ad51\",\"name\":\"Joaquimma Anna\",\"image\":{\"@type\":\"ImageObject\",\"inLanguage\":\"es\",\"@id\":\"https:\\\/\\\/secure.gravatar.com\\\/avatar\\\/7d06747db1565e73d68391d596fc2eb15a10a4b4c1864574c454435523af94f1?s=96&d=mm&r=g\",\"url\":\"https:\\\/\\\/secure.gravatar.com\\\/avatar\\\/7d06747db1565e73d68391d596fc2eb15a10a4b4c1864574c454435523af94f1?s=96&d=mm&r=g\",\"contentUrl\":\"https:\\\/\\\/secure.gravatar.com\\\/avatar\\\/7d06747db1565e73d68391d596fc2eb15a10a4b4c1864574c454435523af94f1?s=96&d=mm&r=g\",\"caption\":\"Joaquimma Anna\"},\"description\":\"Hi my name Joaquimma Anna, and let's tumble down the rabbit hole of thought! At thefeminismproject.com, this blog is a whimsical carnival of ideas. As a mischievous feminism activist, I'm here to juggle the narratives of women. This project? A delightful escapade into the absurdities and splendors of our world. Expect the unexpected!\",\"sameAs\":[\"http:\\\/\\\/thefeminismproject.com\"],\"url\":\"https:\\\/\\\/thefeminismproject.com\\\/es\\\/author\\\/bella-sungkawa\\\/\"}]}<\/script>\n<!-- \/ Yoast SEO plugin. -->","yoast_head_json":{"title":"\u00bfPor qu\u00e9 las feministas se desnudan? El cuerpo como arma de protesta","description":"La desnudarse ha sido, a lo largo de la historia, un acto cargado de significados diversos, ya sea en el \u00e1mbito cultural, pol\u00edtico o social. Sin embargo,","robots":{"index":"index","follow":"follow","max-snippet":"max-snippet:-1","max-image-preview":"max-image-preview:large","max-video-preview":"max-video-preview:-1"},"canonical":"https:\/\/thefeminismproject.com\/es\/presentada\/por-que-las-feministas-se-desnudan-el-cuerpo-como-arma-de-protesta\/","og_locale":"es_ES","og_type":"article","og_title":"\u00bfPor qu\u00e9 las feministas se desnudan? El cuerpo como arma de protesta","og_description":"La desnudarse ha sido, a lo largo de la historia, un acto cargado de significados diversos, ya sea en el \u00e1mbito cultural, pol\u00edtico o social. Sin embargo,","og_url":"https:\/\/thefeminismproject.com\/es\/presentada\/por-que-las-feministas-se-desnudan-el-cuerpo-como-arma-de-protesta\/","og_site_name":"thefeminismproject.com","article_published_time":"2025-03-29T18:13:50+00:00","og_image":[{"width":1600,"height":1027,"url":"https:\/\/thefeminismproject.com\/wp-content\/uploads\/2025\/05\/511408.jpg","type":"image\/jpeg"}],"author":"Joaquimma Anna","twitter_card":"summary_large_image","twitter_misc":{"Escrito por":"Joaquimma Anna","Tiempo de lectura":"4 minutos"},"schema":{"@context":"https:\/\/schema.org","@graph":[{"@type":"Article","@id":"https:\/\/thefeminismproject.com\/es\/presentada\/por-que-las-feministas-se-desnudan-el-cuerpo-como-arma-de-protesta\/#article","isPartOf":{"@id":"https:\/\/thefeminismproject.com\/es\/presentada\/por-que-las-feministas-se-desnudan-el-cuerpo-como-arma-de-protesta\/"},"author":{"name":"Joaquimma Anna","@id":"https:\/\/thefeminismproject.com\/es\/#\/schema\/person\/d2d84f0918ac04ca2b9f5b912890ad51"},"headline":"\u00bfPor qu\u00e9 las feministas se desnudan? El cuerpo como arma de protesta","datePublished":"2025-03-29T18:13:50+00:00","mainEntityOfPage":{"@id":"https:\/\/thefeminismproject.com\/es\/presentada\/por-que-las-feministas-se-desnudan-el-cuerpo-como-arma-de-protesta\/"},"wordCount":905,"commentCount":0,"publisher":{"@id":"https:\/\/thefeminismproject.com\/es\/#organization"},"image":{"@id":"https:\/\/thefeminismproject.com\/es\/presentada\/por-que-las-feministas-se-desnudan-el-cuerpo-como-arma-de-protesta\/#primaryimage"},"thumbnailUrl":"https:\/\/thefeminismproject.com\/wp-content\/uploads\/2025\/05\/511408.jpg","articleSection":["Presentada"],"inLanguage":"es","potentialAction":[{"@type":"CommentAction","name":"Comment","target":["https:\/\/thefeminismproject.com\/es\/presentada\/por-que-las-feministas-se-desnudan-el-cuerpo-como-arma-de-protesta\/#respond"]}]},{"@type":"WebPage","@id":"https:\/\/thefeminismproject.com\/es\/presentada\/por-que-las-feministas-se-desnudan-el-cuerpo-como-arma-de-protesta\/","url":"https:\/\/thefeminismproject.com\/es\/presentada\/por-que-las-feministas-se-desnudan-el-cuerpo-como-arma-de-protesta\/","name":"\u00bfPor qu\u00e9 las feministas se desnudan? El cuerpo como arma de protesta","isPartOf":{"@id":"https:\/\/thefeminismproject.com\/es\/#website"},"primaryImageOfPage":{"@id":"https:\/\/thefeminismproject.com\/es\/presentada\/por-que-las-feministas-se-desnudan-el-cuerpo-como-arma-de-protesta\/#primaryimage"},"image":{"@id":"https:\/\/thefeminismproject.com\/es\/presentada\/por-que-las-feministas-se-desnudan-el-cuerpo-como-arma-de-protesta\/#primaryimage"},"thumbnailUrl":"https:\/\/thefeminismproject.com\/wp-content\/uploads\/2025\/05\/511408.jpg","datePublished":"2025-03-29T18:13:50+00:00","description":"La desnudarse ha sido, a lo largo de la historia, un acto cargado de significados diversos, ya sea en el \u00e1mbito cultural, pol\u00edtico o social. Sin embargo,","breadcrumb":{"@id":"https:\/\/thefeminismproject.com\/es\/presentada\/por-que-las-feministas-se-desnudan-el-cuerpo-como-arma-de-protesta\/#breadcrumb"},"inLanguage":"es","potentialAction":[{"@type":"ReadAction","target":["https:\/\/thefeminismproject.com\/es\/presentada\/por-que-las-feministas-se-desnudan-el-cuerpo-como-arma-de-protesta\/"]}]},{"@type":"ImageObject","inLanguage":"es","@id":"https:\/\/thefeminismproject.com\/es\/presentada\/por-que-las-feministas-se-desnudan-el-cuerpo-como-arma-de-protesta\/#primaryimage","url":"https:\/\/thefeminismproject.com\/wp-content\/uploads\/2025\/05\/511408.jpg","contentUrl":"https:\/\/thefeminismproject.com\/wp-content\/uploads\/2025\/05\/511408.jpg","width":1600,"height":1027},{"@type":"BreadcrumbList","@id":"https:\/\/thefeminismproject.com\/es\/presentada\/por-que-las-feministas-se-desnudan-el-cuerpo-como-arma-de-protesta\/#breadcrumb","itemListElement":[{"@type":"ListItem","position":1,"name":"Home","item":"https:\/\/thefeminismproject.com\/es\/inicio\/"},{"@type":"ListItem","position":2,"name":"\u00bfPor qu\u00e9 las feministas se desnudan? El cuerpo como arma de protesta"}]},{"@type":"WebSite","@id":"https:\/\/thefeminismproject.com\/es\/#website","url":"https:\/\/thefeminismproject.com\/es\/","name":"thefeminismproject.com","description":"Popular culture with a feminist twist | let&#039;s talk about things that matter (news that feels right)","publisher":{"@id":"https:\/\/thefeminismproject.com\/es\/#organization"},"potentialAction":[{"@type":"SearchAction","target":{"@type":"EntryPoint","urlTemplate":"https:\/\/thefeminismproject.com\/es\/?s={search_term_string}"},"query-input":{"@type":"PropertyValueSpecification","valueRequired":true,"valueName":"search_term_string"}}],"inLanguage":"es"},{"@type":"Organization","@id":"https:\/\/thefeminismproject.com\/es\/#organization","name":"thefeminismproject.com","url":"https:\/\/thefeminismproject.com\/es\/","logo":{"@type":"ImageObject","inLanguage":"es","@id":"https:\/\/thefeminismproject.com\/es\/#\/schema\/logo\/image\/","url":"https:\/\/thefeminismproject.com\/wp-content\/uploads\/2024\/10\/pexels-vazhnik-7561648.jpg","contentUrl":"https:\/\/thefeminismproject.com\/wp-content\/uploads\/2024\/10\/pexels-vazhnik-7561648.jpg","width":2500,"height":1667,"caption":"thefeminismproject.com"},"image":{"@id":"https:\/\/thefeminismproject.com\/es\/#\/schema\/logo\/image\/"}},{"@type":"Person","@id":"https:\/\/thefeminismproject.com\/es\/#\/schema\/person\/d2d84f0918ac04ca2b9f5b912890ad51","name":"Joaquimma Anna","image":{"@type":"ImageObject","inLanguage":"es","@id":"https:\/\/secure.gravatar.com\/avatar\/7d06747db1565e73d68391d596fc2eb15a10a4b4c1864574c454435523af94f1?s=96&d=mm&r=g","url":"https:\/\/secure.gravatar.com\/avatar\/7d06747db1565e73d68391d596fc2eb15a10a4b4c1864574c454435523af94f1?s=96&d=mm&r=g","contentUrl":"https:\/\/secure.gravatar.com\/avatar\/7d06747db1565e73d68391d596fc2eb15a10a4b4c1864574c454435523af94f1?s=96&d=mm&r=g","caption":"Joaquimma Anna"},"description":"Hi my name Joaquimma Anna, and let's tumble down the rabbit hole of thought! At thefeminismproject.com, this blog is a whimsical carnival of ideas. As a mischievous feminism activist, I'm here to juggle the narratives of women. This project? A delightful escapade into the absurdities and splendors of our world. Expect the unexpected!","sameAs":["http:\/\/thefeminismproject.com"],"url":"https:\/\/thefeminismproject.com\/es\/author\/bella-sungkawa\/"}]}},"_links":{"self":[{"href":"https:\/\/thefeminismproject.com\/es\/wp-json\/wp\/v2\/posts\/1052099","targetHints":{"allow":["GET"]}}],"collection":[{"href":"https:\/\/thefeminismproject.com\/es\/wp-json\/wp\/v2\/posts"}],"about":[{"href":"https:\/\/thefeminismproject.com\/es\/wp-json\/wp\/v2\/types\/post"}],"author":[{"embeddable":true,"href":"https:\/\/thefeminismproject.com\/es\/wp-json\/wp\/v2\/users\/1"}],"replies":[{"embeddable":true,"href":"https:\/\/thefeminismproject.com\/es\/wp-json\/wp\/v2\/comments?post=1052099"}],"version-history":[{"count":0,"href":"https:\/\/thefeminismproject.com\/es\/wp-json\/wp\/v2\/posts\/1052099\/revisions"}],"wp:featuredmedia":[{"embeddable":true,"href":"https:\/\/thefeminismproject.com\/es\/wp-json\/wp\/v2\/media\/1052100"}],"wp:attachment":[{"href":"https:\/\/thefeminismproject.com\/es\/wp-json\/wp\/v2\/media?parent=1052099"}],"wp:term":[{"taxonomy":"category","embeddable":true,"href":"https:\/\/thefeminismproject.com\/es\/wp-json\/wp\/v2\/categories?post=1052099"},{"taxonomy":"post_tag","embeddable":true,"href":"https:\/\/thefeminismproject.com\/es\/wp-json\/wp\/v2\/tags?post=1052099"}],"curies":[{"name":"wp","href":"https:\/\/api.w.org\/{rel}","templated":true}]}}