{"id":1052325,"date":"2025-03-08T02:13:05","date_gmt":"2025-03-08T02:13:05","guid":{"rendered":"https:\/\/thefeminismproject.com\/sin-categoria\/por-que-se-utiliza-el-color-lila-para-el-feminismo-el-simbolismo-detras-del-tono\/"},"modified":"2025-03-08T02:13:05","modified_gmt":"2025-03-08T02:13:05","slug":"por-que-se-utiliza-el-color-lila-para-el-feminismo-el-simbolismo-detras-del-tono","status":"publish","type":"post","link":"https:\/\/thefeminismproject.com\/es\/presentada\/por-que-se-utiliza-el-color-lila-para-el-feminismo-el-simbolismo-detras-del-tono\/","title":{"rendered":"\u00bfPor qu\u00e9 se utiliza el color lila para el feminismo? El simbolismo detr\u00e1s del tono"},"content":{"rendered":"<p>El color lila, en su fascinante y vibrante tonalidad, ha emergido como un s\u00edmbolo poderoso del movimiento feminista. Pero, \u00bfpor qu\u00e9 precisamente este color? A primera vista, podr\u00eda parecer que la elecci\u00f3n del lila es arbitraria o meramente est\u00e9tica. Sin embargo, detr\u00e1s de este matiz se esconde una rica historia cargada de simbolismo y significado que invita a una reflexi\u00f3n m\u00e1s profunda.<\/p>\n<p>En la cultura occidental, el violeta ha sido tradicionalmente asociado con la nobleza, la espiritualidad y la trascendencia. Este color ha sido utilizado a lo largo de los siglos para significar dignidad y respeto. Pero, m\u00e1s all\u00e1 de su asociaci\u00f3n con la \u00e9lite, el violeta tambi\u00e9n tiene un matiz de complejidad y ambig\u00fcedad que resulta profundamente perturbador. Este propio entrelazado de significados resuena con las luchas contempor\u00e1neas de las mujeres, quienes se encuentran en la intersecci\u00f3n de lo que la sociedad espera y de su b\u00fasqueda de autenticidad. El lila es, en esencia, un abrazo a la dualidad de la experiencia femenina.<\/p>\n<p>Una de las razones fundamentales que fundamenta el uso del color lila en el feminismo es su capacidad para sintetizar lo masculino y lo femenino. En su mezcla, el lila provoca una reflexi\u00f3n sobre la construcci\u00f3n social de g\u00e9nero. La dualidad que representa es un recordatorio constante de que la lucha feminista no debe centrarse \u00fanicamente en la reivindicaci\u00f3n de las mujeres, sino tambi\u00e9n en la deconstrucci\u00f3n de sistemas opresivos que limitan a todas las identidades de g\u00e9nero. Al elegir este tono, los feministas no solo reivindican la voz de la mujer, sino que subrayan la necesidad de una transformaci\u00f3n social que trascienda las divisiones tradicionales.<\/p>\n<p>El simbolismo del lila se profundiza a\u00fan m\u00e1s cuando se considera su historia dentro de los movimientos sociales. A finales del siglo XIX y durante gran parte del siglo XX, el lila fue adoptado por diversas luchas por la igualdad, incluyendo el sufragismo. Las pioneras del feminismo utilizaban el violeta en sus banderas y pancartas, transmitiendo un mensaje de fuerza y resiliencia. Esta utilizaci\u00f3n hist\u00f3rica del lila no solo consolid\u00f3 su presencia en la arena pol\u00edtica, sino que tambi\u00e9n engendr\u00f3 un sentido de continuidad y legado entre las generaciones de feministas. Elevar el lila al estatus de s\u00edmbolo es reconocer el trabajo de aquellas que lucharon por los derechos b\u00e1sicos que hoy damos por sentado.<\/p>\n<p>Adem\u00e1s de su historia, el lila tambi\u00e9n ofrece un gran campo para la exploraci\u00f3n psicol\u00f3gica. La psicolog\u00eda del color ha estudiado la manera en que diversas tonalidades influyen en nuestras emociones y acciones. El violeta es conocido por su capacidad para transmitir calma, introspecci\u00f3n y creatividad. Estos atributos son especialmente pertinentes en el contexto del feminismo, donde se busca la reflexi\u00f3n y el cambio personal y colectivo. Optar por el lila puede ser visto como un grito por la sanaci\u00f3n emocional, tanto a nivel individual como comunitario. Este color se convierte en un s\u00edmbolo de la guerra emocional que muchas mujeres enfrentan cada d\u00eda.<\/p>\n<p>Por otro lado, el lila tambi\u00e9n puede ser percibido como un gui\u00f1o a las generaciones m\u00e1s j\u00f3venes; es un color que trasciende el tiempo y las tendencias. La cultura pop ha abrazado el lila como un s\u00edmbolo de nuevas formas de expresi\u00f3n e identidad, lo que lo convierte en un escogido adorado de los j\u00f3venes feministas. Este matiz, que a menudo se asocia con la juventud y la rebeld\u00eda, permite que el feminismo se revitalice y renueve, atrayendo a nuevas voces a la causa. De esta manera, el lila puede ser considerado como un puente entre las luchas del pasado y la revoluci\u00f3n social contempor\u00e1nea.<\/p>\n<p>Sin embargo, como en toda elecci\u00f3n simb\u00f3lica, no podemos ignorar la controversia y el debate que surgen en torno al uso del color lila. Existen voces cr\u00edticas dentro del movimiento feminista que consideran que la elecci\u00f3n de un color puede trivializar las luchas fundamentales. Algunos argumentan que el simbolismo del lila, aunque rico, puede desdibujar la urgencia del activismo feminista. Este tipo de argumentaciones merece ser considerado. Es esencial que el movimiento no se quede atrapar en el simbolismo, sino que, al contrario, utilice este color como una herramienta para fomentar una discusi\u00f3n m\u00e1s amplia sobre igualdad, justicia y cambio social.<\/p>\n<p>As\u00ed, el lila se convierte en un s\u00edmbolo no solo de identificaci\u00f3n feminista, sino tambi\u00e9n de la complejidad de las experiencias vividas. En el fondo, esta tonalidad peculiar puede ser vista como una invitaci\u00f3n a cuestionar, a desafiar y a redefinir lo que realmente significa ser feminista en el presente. Cada vez que alguien lleva el lila, est\u00e1 no solo reivindicando su identidad sino tambi\u00e9n invocando una conversaci\u00f3n m\u00e1s amplia sobre la inclusividad y la diversidad en la lucha por la igualdad. En \u00faltima instancia, el lila es m\u00e1s que un color; es un estandarte de lucha, esperanza y transformaci\u00f3n.<\/p>\n<p>Por lo tanto, no se trata simplemente de un color que se utiliza en marchas y manifestaciones. Es la representaci\u00f3n de una rica y multifac\u00e9tica narrativa. En su vibrante matiz, el lila encarna la esencia de la lucha feminista: una b\u00fasqueda incansable por la equidad, en la que todas las voces, tonos y experiencias son valoradas y, sobre todo, escuchadas.<\/p>\n","protected":false},"excerpt":{"rendered":"<p>El color lila, en su fascinante y vibrante tonalidad, ha emergido como un s\u00edmbolo poderoso del movimiento feminista. Pero, \u00bfpor qu\u00e9 precisamente este color? A primera vista, podr\u00eda parecer que la elecci\u00f3n del lila es arbitraria o meramente est\u00e9tica. Sin embargo, detr\u00e1s de este matiz se esconde una rica historia cargada de simbolismo y significado [&hellip;]<\/p>\n","protected":false},"author":1,"featured_media":1052326,"comment_status":"open","ping_status":"open","sticky":false,"template":"","format":"standard","meta":{"footnotes":""},"categories":[83],"tags":[],"class_list":{"0":"post-1052325","1":"post","2":"type-post","3":"status-publish","4":"format-standard","5":"has-post-thumbnail","7":"category-presentada"},"yoast_head":"<!-- This site is optimized with the Yoast SEO plugin v27.4 - https:\/\/yoast.com\/product\/yoast-seo-wordpress\/ -->\n<title>\u00bfPor qu\u00e9 se utiliza el color lila para el feminismo? El simbolismo detr\u00e1s del tono<\/title>\n<meta name=\"description\" content=\"El color lila, en su fascinante y vibrante tonalidad, ha emergido como un s\u00edmbolo poderoso del movimiento feminista. Pero, \u00bfpor qu\u00e9 precisamente este\" \/>\n<meta name=\"robots\" content=\"index, follow, max-snippet:-1, max-image-preview:large, max-video-preview:-1\" \/>\n<link rel=\"canonical\" href=\"https:\/\/thefeminismproject.com\/es\/presentada\/por-que-se-utiliza-el-color-lila-para-el-feminismo-el-simbolismo-detras-del-tono\/\" \/>\n<meta property=\"og:locale\" content=\"es_ES\" \/>\n<meta property=\"og:type\" content=\"article\" \/>\n<meta property=\"og:title\" content=\"\u00bfPor qu\u00e9 se utiliza el color lila para el feminismo? El simbolismo detr\u00e1s del tono\" \/>\n<meta property=\"og:description\" content=\"El color lila, en su fascinante y vibrante tonalidad, ha emergido como un s\u00edmbolo poderoso del movimiento feminista. Pero, \u00bfpor qu\u00e9 precisamente este\" \/>\n<meta property=\"og:url\" content=\"https:\/\/thefeminismproject.com\/es\/presentada\/por-que-se-utiliza-el-color-lila-para-el-feminismo-el-simbolismo-detras-del-tono\/\" \/>\n<meta property=\"og:site_name\" content=\"thefeminismproject.com\" \/>\n<meta property=\"article:published_time\" content=\"2025-03-08T02:13:05+00:00\" \/>\n<meta property=\"og:image\" content=\"https:\/\/thefeminismproject.com\/wp-content\/uploads\/2025\/05\/violeta-y-morado-color-del-feminismo-1024x576-1.jpg\" \/>\n\t<meta property=\"og:image:width\" content=\"1024\" \/>\n\t<meta property=\"og:image:height\" content=\"576\" \/>\n\t<meta property=\"og:image:type\" content=\"image\/jpeg\" \/>\n<meta name=\"author\" content=\"Joaquimma Anna\" \/>\n<meta name=\"twitter:card\" content=\"summary_large_image\" \/>\n<meta name=\"twitter:label1\" content=\"Escrito por\" \/>\n\t<meta name=\"twitter:data1\" content=\"Joaquimma Anna\" \/>\n\t<meta name=\"twitter:label2\" content=\"Tiempo de lectura\" \/>\n\t<meta name=\"twitter:data2\" content=\"5 minutos\" \/>\n<script type=\"application\/ld+json\" class=\"yoast-schema-graph\">{\"@context\":\"https:\\\/\\\/schema.org\",\"@graph\":[{\"@type\":\"Article\",\"@id\":\"https:\\\/\\\/thefeminismproject.com\\\/es\\\/presentada\\\/por-que-se-utiliza-el-color-lila-para-el-feminismo-el-simbolismo-detras-del-tono\\\/#article\",\"isPartOf\":{\"@id\":\"https:\\\/\\\/thefeminismproject.com\\\/es\\\/presentada\\\/por-que-se-utiliza-el-color-lila-para-el-feminismo-el-simbolismo-detras-del-tono\\\/\"},\"author\":{\"name\":\"Joaquimma Anna\",\"@id\":\"https:\\\/\\\/thefeminismproject.com\\\/es\\\/#\\\/schema\\\/person\\\/d2d84f0918ac04ca2b9f5b912890ad51\"},\"headline\":\"\u00bfPor qu\u00e9 se utiliza el color lila para el feminismo? El simbolismo detr\u00e1s del tono\",\"datePublished\":\"2025-03-08T02:13:05+00:00\",\"mainEntityOfPage\":{\"@id\":\"https:\\\/\\\/thefeminismproject.com\\\/es\\\/presentada\\\/por-que-se-utiliza-el-color-lila-para-el-feminismo-el-simbolismo-detras-del-tono\\\/\"},\"wordCount\":939,\"commentCount\":0,\"publisher\":{\"@id\":\"https:\\\/\\\/thefeminismproject.com\\\/es\\\/#organization\"},\"image\":{\"@id\":\"https:\\\/\\\/thefeminismproject.com\\\/es\\\/presentada\\\/por-que-se-utiliza-el-color-lila-para-el-feminismo-el-simbolismo-detras-del-tono\\\/#primaryimage\"},\"thumbnailUrl\":\"https:\\\/\\\/thefeminismproject.com\\\/wp-content\\\/uploads\\\/2025\\\/05\\\/violeta-y-morado-color-del-feminismo-1024x576-1.jpg\",\"articleSection\":[\"Presentada\"],\"inLanguage\":\"es\",\"potentialAction\":[{\"@type\":\"CommentAction\",\"name\":\"Comment\",\"target\":[\"https:\\\/\\\/thefeminismproject.com\\\/es\\\/presentada\\\/por-que-se-utiliza-el-color-lila-para-el-feminismo-el-simbolismo-detras-del-tono\\\/#respond\"]}]},{\"@type\":\"WebPage\",\"@id\":\"https:\\\/\\\/thefeminismproject.com\\\/es\\\/presentada\\\/por-que-se-utiliza-el-color-lila-para-el-feminismo-el-simbolismo-detras-del-tono\\\/\",\"url\":\"https:\\\/\\\/thefeminismproject.com\\\/es\\\/presentada\\\/por-que-se-utiliza-el-color-lila-para-el-feminismo-el-simbolismo-detras-del-tono\\\/\",\"name\":\"\u00bfPor qu\u00e9 se utiliza el color lila para el feminismo? El simbolismo detr\u00e1s del tono\",\"isPartOf\":{\"@id\":\"https:\\\/\\\/thefeminismproject.com\\\/es\\\/#website\"},\"primaryImageOfPage\":{\"@id\":\"https:\\\/\\\/thefeminismproject.com\\\/es\\\/presentada\\\/por-que-se-utiliza-el-color-lila-para-el-feminismo-el-simbolismo-detras-del-tono\\\/#primaryimage\"},\"image\":{\"@id\":\"https:\\\/\\\/thefeminismproject.com\\\/es\\\/presentada\\\/por-que-se-utiliza-el-color-lila-para-el-feminismo-el-simbolismo-detras-del-tono\\\/#primaryimage\"},\"thumbnailUrl\":\"https:\\\/\\\/thefeminismproject.com\\\/wp-content\\\/uploads\\\/2025\\\/05\\\/violeta-y-morado-color-del-feminismo-1024x576-1.jpg\",\"datePublished\":\"2025-03-08T02:13:05+00:00\",\"description\":\"El color lila, en su fascinante y vibrante tonalidad, ha emergido como un s\u00edmbolo poderoso del movimiento feminista. Pero, \u00bfpor qu\u00e9 precisamente este\",\"breadcrumb\":{\"@id\":\"https:\\\/\\\/thefeminismproject.com\\\/es\\\/presentada\\\/por-que-se-utiliza-el-color-lila-para-el-feminismo-el-simbolismo-detras-del-tono\\\/#breadcrumb\"},\"inLanguage\":\"es\",\"potentialAction\":[{\"@type\":\"ReadAction\",\"target\":[\"https:\\\/\\\/thefeminismproject.com\\\/es\\\/presentada\\\/por-que-se-utiliza-el-color-lila-para-el-feminismo-el-simbolismo-detras-del-tono\\\/\"]}]},{\"@type\":\"ImageObject\",\"inLanguage\":\"es\",\"@id\":\"https:\\\/\\\/thefeminismproject.com\\\/es\\\/presentada\\\/por-que-se-utiliza-el-color-lila-para-el-feminismo-el-simbolismo-detras-del-tono\\\/#primaryimage\",\"url\":\"https:\\\/\\\/thefeminismproject.com\\\/wp-content\\\/uploads\\\/2025\\\/05\\\/violeta-y-morado-color-del-feminismo-1024x576-1.jpg\",\"contentUrl\":\"https:\\\/\\\/thefeminismproject.com\\\/wp-content\\\/uploads\\\/2025\\\/05\\\/violeta-y-morado-color-del-feminismo-1024x576-1.jpg\",\"width\":1024,\"height\":576},{\"@type\":\"BreadcrumbList\",\"@id\":\"https:\\\/\\\/thefeminismproject.com\\\/es\\\/presentada\\\/por-que-se-utiliza-el-color-lila-para-el-feminismo-el-simbolismo-detras-del-tono\\\/#breadcrumb\",\"itemListElement\":[{\"@type\":\"ListItem\",\"position\":1,\"name\":\"Home\",\"item\":\"https:\\\/\\\/thefeminismproject.com\\\/es\\\/inicio\\\/\"},{\"@type\":\"ListItem\",\"position\":2,\"name\":\"\u00bfPor qu\u00e9 se utiliza el color lila para el feminismo? El simbolismo detr\u00e1s del tono\"}]},{\"@type\":\"WebSite\",\"@id\":\"https:\\\/\\\/thefeminismproject.com\\\/es\\\/#website\",\"url\":\"https:\\\/\\\/thefeminismproject.com\\\/es\\\/\",\"name\":\"thefeminismproject.com\",\"description\":\"Popular culture with a feminist twist | let&#039;s talk about things that matter (news that feels right)\",\"publisher\":{\"@id\":\"https:\\\/\\\/thefeminismproject.com\\\/es\\\/#organization\"},\"potentialAction\":[{\"@type\":\"SearchAction\",\"target\":{\"@type\":\"EntryPoint\",\"urlTemplate\":\"https:\\\/\\\/thefeminismproject.com\\\/es\\\/?s={search_term_string}\"},\"query-input\":{\"@type\":\"PropertyValueSpecification\",\"valueRequired\":true,\"valueName\":\"search_term_string\"}}],\"inLanguage\":\"es\"},{\"@type\":\"Organization\",\"@id\":\"https:\\\/\\\/thefeminismproject.com\\\/es\\\/#organization\",\"name\":\"thefeminismproject.com\",\"url\":\"https:\\\/\\\/thefeminismproject.com\\\/es\\\/\",\"logo\":{\"@type\":\"ImageObject\",\"inLanguage\":\"es\",\"@id\":\"https:\\\/\\\/thefeminismproject.com\\\/es\\\/#\\\/schema\\\/logo\\\/image\\\/\",\"url\":\"https:\\\/\\\/thefeminismproject.com\\\/wp-content\\\/uploads\\\/2024\\\/10\\\/pexels-vazhnik-7561648.jpg\",\"contentUrl\":\"https:\\\/\\\/thefeminismproject.com\\\/wp-content\\\/uploads\\\/2024\\\/10\\\/pexels-vazhnik-7561648.jpg\",\"width\":2500,\"height\":1667,\"caption\":\"thefeminismproject.com\"},\"image\":{\"@id\":\"https:\\\/\\\/thefeminismproject.com\\\/es\\\/#\\\/schema\\\/logo\\\/image\\\/\"}},{\"@type\":\"Person\",\"@id\":\"https:\\\/\\\/thefeminismproject.com\\\/es\\\/#\\\/schema\\\/person\\\/d2d84f0918ac04ca2b9f5b912890ad51\",\"name\":\"Joaquimma Anna\",\"image\":{\"@type\":\"ImageObject\",\"inLanguage\":\"es\",\"@id\":\"https:\\\/\\\/secure.gravatar.com\\\/avatar\\\/7d06747db1565e73d68391d596fc2eb15a10a4b4c1864574c454435523af94f1?s=96&d=mm&r=g\",\"url\":\"https:\\\/\\\/secure.gravatar.com\\\/avatar\\\/7d06747db1565e73d68391d596fc2eb15a10a4b4c1864574c454435523af94f1?s=96&d=mm&r=g\",\"contentUrl\":\"https:\\\/\\\/secure.gravatar.com\\\/avatar\\\/7d06747db1565e73d68391d596fc2eb15a10a4b4c1864574c454435523af94f1?s=96&d=mm&r=g\",\"caption\":\"Joaquimma Anna\"},\"description\":\"Hi my name Joaquimma Anna, and let's tumble down the rabbit hole of thought! At thefeminismproject.com, this blog is a whimsical carnival of ideas. As a mischievous feminism activist, I'm here to juggle the narratives of women. This project? A delightful escapade into the absurdities and splendors of our world. Expect the unexpected!\",\"sameAs\":[\"http:\\\/\\\/thefeminismproject.com\"],\"url\":\"https:\\\/\\\/thefeminismproject.com\\\/es\\\/author\\\/bella-sungkawa\\\/\"}]}<\/script>\n<!-- \/ Yoast SEO plugin. -->","yoast_head_json":{"title":"\u00bfPor qu\u00e9 se utiliza el color lila para el feminismo? El simbolismo detr\u00e1s del tono","description":"El color lila, en su fascinante y vibrante tonalidad, ha emergido como un s\u00edmbolo poderoso del movimiento feminista. Pero, \u00bfpor qu\u00e9 precisamente este","robots":{"index":"index","follow":"follow","max-snippet":"max-snippet:-1","max-image-preview":"max-image-preview:large","max-video-preview":"max-video-preview:-1"},"canonical":"https:\/\/thefeminismproject.com\/es\/presentada\/por-que-se-utiliza-el-color-lila-para-el-feminismo-el-simbolismo-detras-del-tono\/","og_locale":"es_ES","og_type":"article","og_title":"\u00bfPor qu\u00e9 se utiliza el color lila para el feminismo? El simbolismo detr\u00e1s del tono","og_description":"El color lila, en su fascinante y vibrante tonalidad, ha emergido como un s\u00edmbolo poderoso del movimiento feminista. Pero, \u00bfpor qu\u00e9 precisamente este","og_url":"https:\/\/thefeminismproject.com\/es\/presentada\/por-que-se-utiliza-el-color-lila-para-el-feminismo-el-simbolismo-detras-del-tono\/","og_site_name":"thefeminismproject.com","article_published_time":"2025-03-08T02:13:05+00:00","og_image":[{"width":1024,"height":576,"url":"https:\/\/thefeminismproject.com\/wp-content\/uploads\/2025\/05\/violeta-y-morado-color-del-feminismo-1024x576-1.jpg","type":"image\/jpeg"}],"author":"Joaquimma Anna","twitter_card":"summary_large_image","twitter_misc":{"Escrito por":"Joaquimma Anna","Tiempo de lectura":"5 minutos"},"schema":{"@context":"https:\/\/schema.org","@graph":[{"@type":"Article","@id":"https:\/\/thefeminismproject.com\/es\/presentada\/por-que-se-utiliza-el-color-lila-para-el-feminismo-el-simbolismo-detras-del-tono\/#article","isPartOf":{"@id":"https:\/\/thefeminismproject.com\/es\/presentada\/por-que-se-utiliza-el-color-lila-para-el-feminismo-el-simbolismo-detras-del-tono\/"},"author":{"name":"Joaquimma Anna","@id":"https:\/\/thefeminismproject.com\/es\/#\/schema\/person\/d2d84f0918ac04ca2b9f5b912890ad51"},"headline":"\u00bfPor qu\u00e9 se utiliza el color lila para el feminismo? El simbolismo detr\u00e1s del tono","datePublished":"2025-03-08T02:13:05+00:00","mainEntityOfPage":{"@id":"https:\/\/thefeminismproject.com\/es\/presentada\/por-que-se-utiliza-el-color-lila-para-el-feminismo-el-simbolismo-detras-del-tono\/"},"wordCount":939,"commentCount":0,"publisher":{"@id":"https:\/\/thefeminismproject.com\/es\/#organization"},"image":{"@id":"https:\/\/thefeminismproject.com\/es\/presentada\/por-que-se-utiliza-el-color-lila-para-el-feminismo-el-simbolismo-detras-del-tono\/#primaryimage"},"thumbnailUrl":"https:\/\/thefeminismproject.com\/wp-content\/uploads\/2025\/05\/violeta-y-morado-color-del-feminismo-1024x576-1.jpg","articleSection":["Presentada"],"inLanguage":"es","potentialAction":[{"@type":"CommentAction","name":"Comment","target":["https:\/\/thefeminismproject.com\/es\/presentada\/por-que-se-utiliza-el-color-lila-para-el-feminismo-el-simbolismo-detras-del-tono\/#respond"]}]},{"@type":"WebPage","@id":"https:\/\/thefeminismproject.com\/es\/presentada\/por-que-se-utiliza-el-color-lila-para-el-feminismo-el-simbolismo-detras-del-tono\/","url":"https:\/\/thefeminismproject.com\/es\/presentada\/por-que-se-utiliza-el-color-lila-para-el-feminismo-el-simbolismo-detras-del-tono\/","name":"\u00bfPor qu\u00e9 se utiliza el color lila para el feminismo? El simbolismo detr\u00e1s del tono","isPartOf":{"@id":"https:\/\/thefeminismproject.com\/es\/#website"},"primaryImageOfPage":{"@id":"https:\/\/thefeminismproject.com\/es\/presentada\/por-que-se-utiliza-el-color-lila-para-el-feminismo-el-simbolismo-detras-del-tono\/#primaryimage"},"image":{"@id":"https:\/\/thefeminismproject.com\/es\/presentada\/por-que-se-utiliza-el-color-lila-para-el-feminismo-el-simbolismo-detras-del-tono\/#primaryimage"},"thumbnailUrl":"https:\/\/thefeminismproject.com\/wp-content\/uploads\/2025\/05\/violeta-y-morado-color-del-feminismo-1024x576-1.jpg","datePublished":"2025-03-08T02:13:05+00:00","description":"El color lila, en su fascinante y vibrante tonalidad, ha emergido como un s\u00edmbolo poderoso del movimiento feminista. Pero, \u00bfpor qu\u00e9 precisamente este","breadcrumb":{"@id":"https:\/\/thefeminismproject.com\/es\/presentada\/por-que-se-utiliza-el-color-lila-para-el-feminismo-el-simbolismo-detras-del-tono\/#breadcrumb"},"inLanguage":"es","potentialAction":[{"@type":"ReadAction","target":["https:\/\/thefeminismproject.com\/es\/presentada\/por-que-se-utiliza-el-color-lila-para-el-feminismo-el-simbolismo-detras-del-tono\/"]}]},{"@type":"ImageObject","inLanguage":"es","@id":"https:\/\/thefeminismproject.com\/es\/presentada\/por-que-se-utiliza-el-color-lila-para-el-feminismo-el-simbolismo-detras-del-tono\/#primaryimage","url":"https:\/\/thefeminismproject.com\/wp-content\/uploads\/2025\/05\/violeta-y-morado-color-del-feminismo-1024x576-1.jpg","contentUrl":"https:\/\/thefeminismproject.com\/wp-content\/uploads\/2025\/05\/violeta-y-morado-color-del-feminismo-1024x576-1.jpg","width":1024,"height":576},{"@type":"BreadcrumbList","@id":"https:\/\/thefeminismproject.com\/es\/presentada\/por-que-se-utiliza-el-color-lila-para-el-feminismo-el-simbolismo-detras-del-tono\/#breadcrumb","itemListElement":[{"@type":"ListItem","position":1,"name":"Home","item":"https:\/\/thefeminismproject.com\/es\/inicio\/"},{"@type":"ListItem","position":2,"name":"\u00bfPor qu\u00e9 se utiliza el color lila para el feminismo? El simbolismo detr\u00e1s del tono"}]},{"@type":"WebSite","@id":"https:\/\/thefeminismproject.com\/es\/#website","url":"https:\/\/thefeminismproject.com\/es\/","name":"thefeminismproject.com","description":"Popular culture with a feminist twist | let&#039;s talk about things that matter (news that feels right)","publisher":{"@id":"https:\/\/thefeminismproject.com\/es\/#organization"},"potentialAction":[{"@type":"SearchAction","target":{"@type":"EntryPoint","urlTemplate":"https:\/\/thefeminismproject.com\/es\/?s={search_term_string}"},"query-input":{"@type":"PropertyValueSpecification","valueRequired":true,"valueName":"search_term_string"}}],"inLanguage":"es"},{"@type":"Organization","@id":"https:\/\/thefeminismproject.com\/es\/#organization","name":"thefeminismproject.com","url":"https:\/\/thefeminismproject.com\/es\/","logo":{"@type":"ImageObject","inLanguage":"es","@id":"https:\/\/thefeminismproject.com\/es\/#\/schema\/logo\/image\/","url":"https:\/\/thefeminismproject.com\/wp-content\/uploads\/2024\/10\/pexels-vazhnik-7561648.jpg","contentUrl":"https:\/\/thefeminismproject.com\/wp-content\/uploads\/2024\/10\/pexels-vazhnik-7561648.jpg","width":2500,"height":1667,"caption":"thefeminismproject.com"},"image":{"@id":"https:\/\/thefeminismproject.com\/es\/#\/schema\/logo\/image\/"}},{"@type":"Person","@id":"https:\/\/thefeminismproject.com\/es\/#\/schema\/person\/d2d84f0918ac04ca2b9f5b912890ad51","name":"Joaquimma Anna","image":{"@type":"ImageObject","inLanguage":"es","@id":"https:\/\/secure.gravatar.com\/avatar\/7d06747db1565e73d68391d596fc2eb15a10a4b4c1864574c454435523af94f1?s=96&d=mm&r=g","url":"https:\/\/secure.gravatar.com\/avatar\/7d06747db1565e73d68391d596fc2eb15a10a4b4c1864574c454435523af94f1?s=96&d=mm&r=g","contentUrl":"https:\/\/secure.gravatar.com\/avatar\/7d06747db1565e73d68391d596fc2eb15a10a4b4c1864574c454435523af94f1?s=96&d=mm&r=g","caption":"Joaquimma Anna"},"description":"Hi my name Joaquimma Anna, and let's tumble down the rabbit hole of thought! At thefeminismproject.com, this blog is a whimsical carnival of ideas. As a mischievous feminism activist, I'm here to juggle the narratives of women. This project? A delightful escapade into the absurdities and splendors of our world. Expect the unexpected!","sameAs":["http:\/\/thefeminismproject.com"],"url":"https:\/\/thefeminismproject.com\/es\/author\/bella-sungkawa\/"}]}},"_links":{"self":[{"href":"https:\/\/thefeminismproject.com\/es\/wp-json\/wp\/v2\/posts\/1052325","targetHints":{"allow":["GET"]}}],"collection":[{"href":"https:\/\/thefeminismproject.com\/es\/wp-json\/wp\/v2\/posts"}],"about":[{"href":"https:\/\/thefeminismproject.com\/es\/wp-json\/wp\/v2\/types\/post"}],"author":[{"embeddable":true,"href":"https:\/\/thefeminismproject.com\/es\/wp-json\/wp\/v2\/users\/1"}],"replies":[{"embeddable":true,"href":"https:\/\/thefeminismproject.com\/es\/wp-json\/wp\/v2\/comments?post=1052325"}],"version-history":[{"count":0,"href":"https:\/\/thefeminismproject.com\/es\/wp-json\/wp\/v2\/posts\/1052325\/revisions"}],"wp:featuredmedia":[{"embeddable":true,"href":"https:\/\/thefeminismproject.com\/es\/wp-json\/wp\/v2\/media\/1052326"}],"wp:attachment":[{"href":"https:\/\/thefeminismproject.com\/es\/wp-json\/wp\/v2\/media?parent=1052325"}],"wp:term":[{"taxonomy":"category","embeddable":true,"href":"https:\/\/thefeminismproject.com\/es\/wp-json\/wp\/v2\/categories?post=1052325"},{"taxonomy":"post_tag","embeddable":true,"href":"https:\/\/thefeminismproject.com\/es\/wp-json\/wp\/v2\/tags?post=1052325"}],"curies":[{"name":"wp","href":"https:\/\/api.w.org\/{rel}","templated":true}]}}