{"id":1036475,"date":"2025-04-07T02:15:58","date_gmt":"2025-04-07T02:15:58","guid":{"rendered":"https:\/\/thefeminismproject.com\/non-categorise\/resume-percutant-nous-sommes-tous-des-feministes-en-5-points-cles-2\/"},"modified":"2025-04-07T02:15:58","modified_gmt":"2025-04-07T02:15:58","slug":"resume-percutant-nous-sommes-tous-des-feministes-en-5-points-cles-2","status":"publish","type":"post","link":"https:\/\/thefeminismproject.com\/fr\/en-vedette\/resume-percutant-nous-sommes-tous-des-feministes-en-5-points-cles-2\/","title":{"rendered":"R\u00e9sum\u00e9 percutant\u00a0: Nous sommes tous des f\u00e9ministes en 5 points cl\u00e9s"},"content":{"rendered":"<p>Le f\u00e9minisme, souvent caricatur\u00e9 ou mal compris, \u00e9merge comme une n\u00e9cessit\u00e9 intrins\u00e8que \u00e0 notre soci\u00e9t\u00e9 contemporaine, et le livre \u00ab\u00a0Nous sommes tous des f\u00e9ministes\u00a0\u00bb en est la quintessence. Ce manifesto vibrant invite \u00e0 une r\u00e9flexion collective et critique sur l\u2019\u00e9galit\u00e9 des sexes, en articulant des arguments solides qui interpellent v\u00e9ritablement le lecteur. Voici un r\u00e9sum\u00e9 percutant des points cl\u00e9s \u00e0 retenir, qui devraient r\u00e9sonner chez chacun d&rsquo;entre nous.<\/p>\n<p>1. **Red\u00e9finir le f\u00e9minisme : un terme malheureux**<\/p>\n<p>Le mot \u00ab\u00a0f\u00e9minisme\u00a0\u00bb est souvent utilis\u00e9 \u00e0 tort comme une arme pour stigmatiser les voix qui l\u2019\u00e9l\u00e8vent. Outre un ensemble d&rsquo;ideaux et de revendications, le f\u00e9minisme incarne la lutte pour l\u2019\u00e9galit\u00e9. En d\u00e9mystifiant ce terme, il devient \u00e9vident qu\u2019il ne s\u2019agit pas d\u2019une guerre entre les sexes, mais plut\u00f4t d\u2019une qu\u00eate de justice sociale. L\u2019utilisation du f\u00e9minisme est mal interpr\u00e9t\u00e9e en raison de la pr\u00e9sence d&rsquo;une misogynie syst\u00e9mique profond\u00e9ment enracin\u00e9e dans notre culture. Le d\u00e9fi consiste \u00e0 d\u00e9passer les clich\u00e9s r\u00e9ducteurs et \u00e0 percevoir ce mouvement comme une opportunit\u00e9 pour tous, ind\u00e9pendamment du genre.<\/p>\n<p>2. **Le patriarcat : une structure d\u00e9faillante**<\/p>\n<p>Comprendre le patriarcat, c\u2019est saisir les m\u00e9canismes d\u2019oppression qui impr\u00e8gnent presque tous les aspects de nos vies quotidiennes. Cette structure sociale d\u00e9faillante n\u2019oublie personne et nuit autant aux femmes qu\u2019aux hommes, en imposant des r\u00f4les et des attentes rigides. Les hommes, par exemple, sont souvent contraints \u00e0 une d\u00e9monstration de force qui les emp\u00eache de se livrer \u00e0 des \u00e9motions authentiques, tandis que les femmes sont rel\u00e9gu\u00e9es \u00e0 un r\u00f4le subalterne. Les enjeux li\u00e9s au patriarcat d\u00e9passent les simples questions de genre et plongent dans des r\u00e9alit\u00e9s \u00e9conomiques, culturelles et psychologiques. Reconna\u00eetre cette toxicit\u00e9 est crucial pour engager un dialogue constructif.<\/p>\n<p>3. **L&rsquo;importance de la solidarit\u00e9 interg\u00e9n\u00e9rationnelle**<\/p>\n<p>Le f\u00e9minisme n&rsquo;est pas fig\u00e9 dans le temps; il \u00e9volue et se nourrit des exp\u00e9riences de chaque g\u00e9n\u00e9ration. Une solidarit\u00e9 interg\u00e9n\u00e9rationnelle est essentielle pour tisser une toile de soutien et d&rsquo;encouragement. Les femmes, qu&rsquo;elles soient militantes des d\u00e9cennies pass\u00e9es ou jeunes activistes contemporaines, doivent unir leurs forces pour b\u00e2tir un avenir plus \u00e9quitable. L\u2019histoire du f\u00e9minisme est jalonn\u00e9e d\u2019accomplissements, mais elle reste incompl\u00e8te tant que chaque voix n\u2019est pas entendue. Cette collaboration entre g\u00e9n\u00e9rations soul\u00e8ve des questions fondamentales sur l\u2019h\u00e9ritage et la continuit\u00e9 des luttes, faisant ainsi \u00e9cho \u00e0 des enjeux plus vastes de justice et d&rsquo;\u00e9quit\u00e9.<\/p>\n<p>4. **La n\u00e9cessit\u00e9 d\u2019une \u00e9ducation sexiste**<\/p>\n<p>Il est imp\u00e9ratif de r\u00e9examiner notre syst\u00e8me \u00e9ducatif afin de d\u00e9samorcer les st\u00e9r\u00e9otypes de genre d\u00e8s le plus jeune \u00e2ge. Une \u00e9ducation sexiste normalise des comportements inappropri\u00e9s et renforce des dynamiques de pouvoir d\u00e9s\u00e9quilibr\u00e9es. Il convient d&rsquo;int\u00e9grer des luttes f\u00e9ministes et des \u00e9tudes de genre dans le curriculum. En adoptant une approche inclusive, nous pouvons \u00e9tablir une compr\u00e9hension critique de la mani\u00e8re dont les genres conditionnent nos perceptions et nos comportements. La transformation passe par l\u2019\u00e9ducation, un vecteur puissant pour d\u00e9construire des d\u00e9cennies de pr\u00e9jug\u00e9s et d&rsquo;injustices.<\/p>\n<p>5. **L\u2019urgence d\u2019un engagement collectif**<\/p>\n<p>Le f\u00e9minisme transcende les luttes individuelles; il requiert le soutien de tous. L\u2019engagement collectif est l\u2019\u00e9l\u00e9ment d\u00e9clencheur pour initier un changement durable. Il est essentiel d\u2019inciter les alli\u00e9s, qu\u2019ils soient hommes ou femmes, \u00e0 s\u2019unir dans cette cause d\u00e9pendante de la justice. Les manifestations, les p\u00e9titions, et m\u00eame des actes de r\u00e9sistance passive sont des outils puissants \u00e0 notre disposition. Chaque geste compte, chaque voix compte. Ignorer cette responsabilit\u00e9, c&rsquo;est opter pour l&rsquo;inaction, permettant ainsi de perp\u00e9tuer le statu quo.<\/p>\n<p>En conclusion, \u00ab\u00a0Nous sommes tous des f\u00e9ministes\u00a0\u00bb ne se limite pas \u00e0 une simple incitation \u00e0 la r\u00e9flexion, mais repr\u00e9sente un appel \u00e0 l\u2019action irr\u00e9sistible. Chaque point cl\u00e9 \u00e9voqu\u00e9 ici constitue une pierre angulaire au processus de d\u00e9construction du patriarcat et \u00e0 l\u2019\u00e9mergence d\u2019une soci\u00e9t\u00e9 plus juste et \u00e9galitaire. Au final, le f\u00e9minisme n&rsquo;est pas une lutte exclusive; c\u2019est une qu\u00eate collective d&rsquo;un avenir o\u00f9 chaque individu, peu importe son genre, peut vivre librement et \u00e9panoui. N\u2019attendons plus pour embrasser cette v\u00e9rit\u00e9 essentielle : nous sommes tous des f\u00e9ministes.<\/p>\n","protected":false},"excerpt":{"rendered":"<p>Le f\u00e9minisme, souvent caricatur\u00e9 ou mal compris, \u00e9merge comme une n\u00e9cessit\u00e9 intrins\u00e8que \u00e0 notre soci\u00e9t\u00e9 contemporaine, et le livre \u00ab\u00a0Nous sommes tous des f\u00e9ministes\u00a0\u00bb en est la quintessence. Ce manifesto vibrant invite \u00e0 une r\u00e9flexion collective et critique sur l\u2019\u00e9galit\u00e9 des sexes, en articulant des arguments solides qui interpellent v\u00e9ritablement le lecteur. Voici un r\u00e9sum\u00e9 [&hellip;]<\/p>\n","protected":false},"author":1,"featured_media":1036385,"comment_status":"open","ping_status":"open","sticky":false,"template":"","format":"standard","meta":{"footnotes":""},"categories":[77],"tags":[],"class_list":{"0":"post-1036475","1":"post","2":"type-post","3":"status-publish","4":"format-standard","5":"has-post-thumbnail","7":"category-en-vedette"},"yoast_head":"<!-- This site is optimized with the Yoast SEO plugin v27.4 - https:\/\/yoast.com\/product\/yoast-seo-wordpress\/ -->\n<title>R\u00e9sum\u00e9 percutant\u00a0: Nous sommes tous des f\u00e9ministes en 5 points cl\u00e9s<\/title>\n<meta name=\"description\" content=\"Le f\u00e9minisme, souvent caricatur\u00e9 ou mal compris, \u00e9merge comme une n\u00e9cessit\u00e9 intrins\u00e8que \u00e0 notre soci\u00e9t\u00e9 contemporaine, et le livre &quot;Nous sommes tous des\" \/>\n<meta name=\"robots\" content=\"index, follow, max-snippet:-1, max-image-preview:large, max-video-preview:-1\" \/>\n<link rel=\"canonical\" href=\"https:\/\/thefeminismproject.com\/fr\/en-vedette\/resume-percutant-nous-sommes-tous-des-feministes-en-5-points-cles-2\/\" \/>\n<meta property=\"og:locale\" content=\"fr_FR\" \/>\n<meta property=\"og:type\" content=\"article\" \/>\n<meta property=\"og:title\" content=\"R\u00e9sum\u00e9 percutant\u00a0: Nous sommes tous des f\u00e9ministes en 5 points cl\u00e9s\" \/>\n<meta property=\"og:description\" content=\"Le f\u00e9minisme, souvent caricatur\u00e9 ou mal compris, \u00e9merge comme une n\u00e9cessit\u00e9 intrins\u00e8que \u00e0 notre soci\u00e9t\u00e9 contemporaine, et le livre &quot;Nous sommes tous des\" \/>\n<meta property=\"og:url\" content=\"https:\/\/thefeminismproject.com\/fr\/en-vedette\/resume-percutant-nous-sommes-tous-des-feministes-en-5-points-cles-2\/\" \/>\n<meta property=\"og:site_name\" content=\"thefeminismproject.com\" \/>\n<meta property=\"article:published_time\" content=\"2025-04-07T02:15:58+00:00\" \/>\n<meta property=\"og:image\" content=\"https:\/\/thefeminismproject.com\/wp-content\/uploads\/2025\/04\/image-3.jpeg\" \/>\n\t<meta property=\"og:image:width\" content=\"1080\" \/>\n\t<meta property=\"og:image:height\" content=\"1527\" \/>\n\t<meta property=\"og:image:type\" content=\"image\/jpeg\" \/>\n<meta name=\"author\" content=\"Joaquimma Anna\" \/>\n<meta name=\"twitter:card\" content=\"summary_large_image\" \/>\n<meta name=\"twitter:label1\" content=\"\u00c9crit par\" \/>\n\t<meta name=\"twitter:data1\" content=\"Joaquimma Anna\" \/>\n\t<meta name=\"twitter:label2\" content=\"Dur\u00e9e de lecture estim\u00e9e\" \/>\n\t<meta name=\"twitter:data2\" content=\"4 minutes\" \/>\n<script type=\"application\/ld+json\" class=\"yoast-schema-graph\">{\"@context\":\"https:\\\/\\\/schema.org\",\"@graph\":[{\"@type\":\"Article\",\"@id\":\"https:\\\/\\\/thefeminismproject.com\\\/fr\\\/en-vedette\\\/resume-percutant-nous-sommes-tous-des-feministes-en-5-points-cles-2\\\/#article\",\"isPartOf\":{\"@id\":\"https:\\\/\\\/thefeminismproject.com\\\/fr\\\/en-vedette\\\/resume-percutant-nous-sommes-tous-des-feministes-en-5-points-cles-2\\\/\"},\"author\":{\"name\":\"Joaquimma Anna\",\"@id\":\"https:\\\/\\\/thefeminismproject.com\\\/fr\\\/#\\\/schema\\\/person\\\/d2d84f0918ac04ca2b9f5b912890ad51\"},\"headline\":\"R\u00e9sum\u00e9 percutant\u00a0: Nous sommes tous des f\u00e9ministes en 5 points cl\u00e9s\",\"datePublished\":\"2025-04-07T02:15:58+00:00\",\"mainEntityOfPage\":{\"@id\":\"https:\\\/\\\/thefeminismproject.com\\\/fr\\\/en-vedette\\\/resume-percutant-nous-sommes-tous-des-feministes-en-5-points-cles-2\\\/\"},\"wordCount\":783,\"commentCount\":0,\"publisher\":{\"@id\":\"https:\\\/\\\/thefeminismproject.com\\\/fr\\\/#organization\"},\"image\":{\"@id\":\"https:\\\/\\\/thefeminismproject.com\\\/fr\\\/en-vedette\\\/resume-percutant-nous-sommes-tous-des-feministes-en-5-points-cles-2\\\/#primaryimage\"},\"thumbnailUrl\":\"https:\\\/\\\/thefeminismproject.com\\\/wp-content\\\/uploads\\\/2025\\\/04\\\/image-3.jpeg\",\"articleSection\":[\"En vedette\"],\"inLanguage\":\"fr-FR\",\"potentialAction\":[{\"@type\":\"CommentAction\",\"name\":\"Comment\",\"target\":[\"https:\\\/\\\/thefeminismproject.com\\\/fr\\\/en-vedette\\\/resume-percutant-nous-sommes-tous-des-feministes-en-5-points-cles-2\\\/#respond\"]}]},{\"@type\":\"WebPage\",\"@id\":\"https:\\\/\\\/thefeminismproject.com\\\/fr\\\/en-vedette\\\/resume-percutant-nous-sommes-tous-des-feministes-en-5-points-cles-2\\\/\",\"url\":\"https:\\\/\\\/thefeminismproject.com\\\/fr\\\/en-vedette\\\/resume-percutant-nous-sommes-tous-des-feministes-en-5-points-cles-2\\\/\",\"name\":\"R\u00e9sum\u00e9 percutant\u00a0: Nous sommes tous des f\u00e9ministes en 5 points cl\u00e9s\",\"isPartOf\":{\"@id\":\"https:\\\/\\\/thefeminismproject.com\\\/fr\\\/#website\"},\"primaryImageOfPage\":{\"@id\":\"https:\\\/\\\/thefeminismproject.com\\\/fr\\\/en-vedette\\\/resume-percutant-nous-sommes-tous-des-feministes-en-5-points-cles-2\\\/#primaryimage\"},\"image\":{\"@id\":\"https:\\\/\\\/thefeminismproject.com\\\/fr\\\/en-vedette\\\/resume-percutant-nous-sommes-tous-des-feministes-en-5-points-cles-2\\\/#primaryimage\"},\"thumbnailUrl\":\"https:\\\/\\\/thefeminismproject.com\\\/wp-content\\\/uploads\\\/2025\\\/04\\\/image-3.jpeg\",\"datePublished\":\"2025-04-07T02:15:58+00:00\",\"description\":\"Le f\u00e9minisme, souvent caricatur\u00e9 ou mal compris, \u00e9merge comme une n\u00e9cessit\u00e9 intrins\u00e8que \u00e0 notre soci\u00e9t\u00e9 contemporaine, et le livre \\\"Nous sommes tous des\",\"breadcrumb\":{\"@id\":\"https:\\\/\\\/thefeminismproject.com\\\/fr\\\/en-vedette\\\/resume-percutant-nous-sommes-tous-des-feministes-en-5-points-cles-2\\\/#breadcrumb\"},\"inLanguage\":\"fr-FR\",\"potentialAction\":[{\"@type\":\"ReadAction\",\"target\":[\"https:\\\/\\\/thefeminismproject.com\\\/fr\\\/en-vedette\\\/resume-percutant-nous-sommes-tous-des-feministes-en-5-points-cles-2\\\/\"]}]},{\"@type\":\"ImageObject\",\"inLanguage\":\"fr-FR\",\"@id\":\"https:\\\/\\\/thefeminismproject.com\\\/fr\\\/en-vedette\\\/resume-percutant-nous-sommes-tous-des-feministes-en-5-points-cles-2\\\/#primaryimage\",\"url\":\"https:\\\/\\\/thefeminismproject.com\\\/wp-content\\\/uploads\\\/2025\\\/04\\\/image-3.jpeg\",\"contentUrl\":\"https:\\\/\\\/thefeminismproject.com\\\/wp-content\\\/uploads\\\/2025\\\/04\\\/image-3.jpeg\",\"width\":1080,\"height\":1527},{\"@type\":\"BreadcrumbList\",\"@id\":\"https:\\\/\\\/thefeminismproject.com\\\/fr\\\/en-vedette\\\/resume-percutant-nous-sommes-tous-des-feministes-en-5-points-cles-2\\\/#breadcrumb\",\"itemListElement\":[{\"@type\":\"ListItem\",\"position\":1,\"name\":\"Home\",\"item\":\"https:\\\/\\\/thefeminismproject.com\\\/fr\\\/accueil\\\/\"},{\"@type\":\"ListItem\",\"position\":2,\"name\":\"R\u00e9sum\u00e9 percutant\u00a0: Nous sommes tous des f\u00e9ministes en 5 points cl\u00e9s\"}]},{\"@type\":\"WebSite\",\"@id\":\"https:\\\/\\\/thefeminismproject.com\\\/fr\\\/#website\",\"url\":\"https:\\\/\\\/thefeminismproject.com\\\/fr\\\/\",\"name\":\"thefeminismproject.com\",\"description\":\"Popular culture with a feminist twist | let&#039;s talk about things that matter (news that feels right)\",\"publisher\":{\"@id\":\"https:\\\/\\\/thefeminismproject.com\\\/fr\\\/#organization\"},\"potentialAction\":[{\"@type\":\"SearchAction\",\"target\":{\"@type\":\"EntryPoint\",\"urlTemplate\":\"https:\\\/\\\/thefeminismproject.com\\\/fr\\\/?s={search_term_string}\"},\"query-input\":{\"@type\":\"PropertyValueSpecification\",\"valueRequired\":true,\"valueName\":\"search_term_string\"}}],\"inLanguage\":\"fr-FR\"},{\"@type\":\"Organization\",\"@id\":\"https:\\\/\\\/thefeminismproject.com\\\/fr\\\/#organization\",\"name\":\"thefeminismproject.com\",\"url\":\"https:\\\/\\\/thefeminismproject.com\\\/fr\\\/\",\"logo\":{\"@type\":\"ImageObject\",\"inLanguage\":\"fr-FR\",\"@id\":\"https:\\\/\\\/thefeminismproject.com\\\/fr\\\/#\\\/schema\\\/logo\\\/image\\\/\",\"url\":\"https:\\\/\\\/thefeminismproject.com\\\/wp-content\\\/uploads\\\/2024\\\/10\\\/pexels-vazhnik-7561648.jpg\",\"contentUrl\":\"https:\\\/\\\/thefeminismproject.com\\\/wp-content\\\/uploads\\\/2024\\\/10\\\/pexels-vazhnik-7561648.jpg\",\"width\":2500,\"height\":1667,\"caption\":\"thefeminismproject.com\"},\"image\":{\"@id\":\"https:\\\/\\\/thefeminismproject.com\\\/fr\\\/#\\\/schema\\\/logo\\\/image\\\/\"}},{\"@type\":\"Person\",\"@id\":\"https:\\\/\\\/thefeminismproject.com\\\/fr\\\/#\\\/schema\\\/person\\\/d2d84f0918ac04ca2b9f5b912890ad51\",\"name\":\"Joaquimma Anna\",\"image\":{\"@type\":\"ImageObject\",\"inLanguage\":\"fr-FR\",\"@id\":\"https:\\\/\\\/secure.gravatar.com\\\/avatar\\\/7d06747db1565e73d68391d596fc2eb15a10a4b4c1864574c454435523af94f1?s=96&d=mm&r=g\",\"url\":\"https:\\\/\\\/secure.gravatar.com\\\/avatar\\\/7d06747db1565e73d68391d596fc2eb15a10a4b4c1864574c454435523af94f1?s=96&d=mm&r=g\",\"contentUrl\":\"https:\\\/\\\/secure.gravatar.com\\\/avatar\\\/7d06747db1565e73d68391d596fc2eb15a10a4b4c1864574c454435523af94f1?s=96&d=mm&r=g\",\"caption\":\"Joaquimma Anna\"},\"description\":\"Hi my name Joaquimma Anna, and let's tumble down the rabbit hole of thought! At thefeminismproject.com, this blog is a whimsical carnival of ideas. As a mischievous feminism activist, I'm here to juggle the narratives of women. This project? A delightful escapade into the absurdities and splendors of our world. Expect the unexpected!\",\"sameAs\":[\"http:\\\/\\\/thefeminismproject.com\"],\"url\":\"https:\\\/\\\/thefeminismproject.com\\\/fr\\\/author\\\/bella-sungkawa\\\/\"}]}<\/script>\n<!-- \/ Yoast SEO plugin. -->","yoast_head_json":{"title":"R\u00e9sum\u00e9 percutant\u00a0: Nous sommes tous des f\u00e9ministes en 5 points cl\u00e9s","description":"Le f\u00e9minisme, souvent caricatur\u00e9 ou mal compris, \u00e9merge comme une n\u00e9cessit\u00e9 intrins\u00e8que \u00e0 notre soci\u00e9t\u00e9 contemporaine, et le livre \"Nous sommes tous des","robots":{"index":"index","follow":"follow","max-snippet":"max-snippet:-1","max-image-preview":"max-image-preview:large","max-video-preview":"max-video-preview:-1"},"canonical":"https:\/\/thefeminismproject.com\/fr\/en-vedette\/resume-percutant-nous-sommes-tous-des-feministes-en-5-points-cles-2\/","og_locale":"fr_FR","og_type":"article","og_title":"R\u00e9sum\u00e9 percutant\u00a0: Nous sommes tous des f\u00e9ministes en 5 points cl\u00e9s","og_description":"Le f\u00e9minisme, souvent caricatur\u00e9 ou mal compris, \u00e9merge comme une n\u00e9cessit\u00e9 intrins\u00e8que \u00e0 notre soci\u00e9t\u00e9 contemporaine, et le livre \"Nous sommes tous des","og_url":"https:\/\/thefeminismproject.com\/fr\/en-vedette\/resume-percutant-nous-sommes-tous-des-feministes-en-5-points-cles-2\/","og_site_name":"thefeminismproject.com","article_published_time":"2025-04-07T02:15:58+00:00","og_image":[{"width":1080,"height":1527,"url":"https:\/\/thefeminismproject.com\/wp-content\/uploads\/2025\/04\/image-3.jpeg","type":"image\/jpeg"}],"author":"Joaquimma Anna","twitter_card":"summary_large_image","twitter_misc":{"\u00c9crit par":"Joaquimma Anna","Dur\u00e9e de lecture estim\u00e9e":"4 minutes"},"schema":{"@context":"https:\/\/schema.org","@graph":[{"@type":"Article","@id":"https:\/\/thefeminismproject.com\/fr\/en-vedette\/resume-percutant-nous-sommes-tous-des-feministes-en-5-points-cles-2\/#article","isPartOf":{"@id":"https:\/\/thefeminismproject.com\/fr\/en-vedette\/resume-percutant-nous-sommes-tous-des-feministes-en-5-points-cles-2\/"},"author":{"name":"Joaquimma Anna","@id":"https:\/\/thefeminismproject.com\/fr\/#\/schema\/person\/d2d84f0918ac04ca2b9f5b912890ad51"},"headline":"R\u00e9sum\u00e9 percutant\u00a0: Nous sommes tous des f\u00e9ministes en 5 points cl\u00e9s","datePublished":"2025-04-07T02:15:58+00:00","mainEntityOfPage":{"@id":"https:\/\/thefeminismproject.com\/fr\/en-vedette\/resume-percutant-nous-sommes-tous-des-feministes-en-5-points-cles-2\/"},"wordCount":783,"commentCount":0,"publisher":{"@id":"https:\/\/thefeminismproject.com\/fr\/#organization"},"image":{"@id":"https:\/\/thefeminismproject.com\/fr\/en-vedette\/resume-percutant-nous-sommes-tous-des-feministes-en-5-points-cles-2\/#primaryimage"},"thumbnailUrl":"https:\/\/thefeminismproject.com\/wp-content\/uploads\/2025\/04\/image-3.jpeg","articleSection":["En vedette"],"inLanguage":"fr-FR","potentialAction":[{"@type":"CommentAction","name":"Comment","target":["https:\/\/thefeminismproject.com\/fr\/en-vedette\/resume-percutant-nous-sommes-tous-des-feministes-en-5-points-cles-2\/#respond"]}]},{"@type":"WebPage","@id":"https:\/\/thefeminismproject.com\/fr\/en-vedette\/resume-percutant-nous-sommes-tous-des-feministes-en-5-points-cles-2\/","url":"https:\/\/thefeminismproject.com\/fr\/en-vedette\/resume-percutant-nous-sommes-tous-des-feministes-en-5-points-cles-2\/","name":"R\u00e9sum\u00e9 percutant\u00a0: Nous sommes tous des f\u00e9ministes en 5 points cl\u00e9s","isPartOf":{"@id":"https:\/\/thefeminismproject.com\/fr\/#website"},"primaryImageOfPage":{"@id":"https:\/\/thefeminismproject.com\/fr\/en-vedette\/resume-percutant-nous-sommes-tous-des-feministes-en-5-points-cles-2\/#primaryimage"},"image":{"@id":"https:\/\/thefeminismproject.com\/fr\/en-vedette\/resume-percutant-nous-sommes-tous-des-feministes-en-5-points-cles-2\/#primaryimage"},"thumbnailUrl":"https:\/\/thefeminismproject.com\/wp-content\/uploads\/2025\/04\/image-3.jpeg","datePublished":"2025-04-07T02:15:58+00:00","description":"Le f\u00e9minisme, souvent caricatur\u00e9 ou mal compris, \u00e9merge comme une n\u00e9cessit\u00e9 intrins\u00e8que \u00e0 notre soci\u00e9t\u00e9 contemporaine, et le livre \"Nous sommes tous des","breadcrumb":{"@id":"https:\/\/thefeminismproject.com\/fr\/en-vedette\/resume-percutant-nous-sommes-tous-des-feministes-en-5-points-cles-2\/#breadcrumb"},"inLanguage":"fr-FR","potentialAction":[{"@type":"ReadAction","target":["https:\/\/thefeminismproject.com\/fr\/en-vedette\/resume-percutant-nous-sommes-tous-des-feministes-en-5-points-cles-2\/"]}]},{"@type":"ImageObject","inLanguage":"fr-FR","@id":"https:\/\/thefeminismproject.com\/fr\/en-vedette\/resume-percutant-nous-sommes-tous-des-feministes-en-5-points-cles-2\/#primaryimage","url":"https:\/\/thefeminismproject.com\/wp-content\/uploads\/2025\/04\/image-3.jpeg","contentUrl":"https:\/\/thefeminismproject.com\/wp-content\/uploads\/2025\/04\/image-3.jpeg","width":1080,"height":1527},{"@type":"BreadcrumbList","@id":"https:\/\/thefeminismproject.com\/fr\/en-vedette\/resume-percutant-nous-sommes-tous-des-feministes-en-5-points-cles-2\/#breadcrumb","itemListElement":[{"@type":"ListItem","position":1,"name":"Home","item":"https:\/\/thefeminismproject.com\/fr\/accueil\/"},{"@type":"ListItem","position":2,"name":"R\u00e9sum\u00e9 percutant\u00a0: Nous sommes tous des f\u00e9ministes en 5 points cl\u00e9s"}]},{"@type":"WebSite","@id":"https:\/\/thefeminismproject.com\/fr\/#website","url":"https:\/\/thefeminismproject.com\/fr\/","name":"thefeminismproject.com","description":"Popular culture with a feminist twist | let&#039;s talk about things that matter (news that feels right)","publisher":{"@id":"https:\/\/thefeminismproject.com\/fr\/#organization"},"potentialAction":[{"@type":"SearchAction","target":{"@type":"EntryPoint","urlTemplate":"https:\/\/thefeminismproject.com\/fr\/?s={search_term_string}"},"query-input":{"@type":"PropertyValueSpecification","valueRequired":true,"valueName":"search_term_string"}}],"inLanguage":"fr-FR"},{"@type":"Organization","@id":"https:\/\/thefeminismproject.com\/fr\/#organization","name":"thefeminismproject.com","url":"https:\/\/thefeminismproject.com\/fr\/","logo":{"@type":"ImageObject","inLanguage":"fr-FR","@id":"https:\/\/thefeminismproject.com\/fr\/#\/schema\/logo\/image\/","url":"https:\/\/thefeminismproject.com\/wp-content\/uploads\/2024\/10\/pexels-vazhnik-7561648.jpg","contentUrl":"https:\/\/thefeminismproject.com\/wp-content\/uploads\/2024\/10\/pexels-vazhnik-7561648.jpg","width":2500,"height":1667,"caption":"thefeminismproject.com"},"image":{"@id":"https:\/\/thefeminismproject.com\/fr\/#\/schema\/logo\/image\/"}},{"@type":"Person","@id":"https:\/\/thefeminismproject.com\/fr\/#\/schema\/person\/d2d84f0918ac04ca2b9f5b912890ad51","name":"Joaquimma Anna","image":{"@type":"ImageObject","inLanguage":"fr-FR","@id":"https:\/\/secure.gravatar.com\/avatar\/7d06747db1565e73d68391d596fc2eb15a10a4b4c1864574c454435523af94f1?s=96&d=mm&r=g","url":"https:\/\/secure.gravatar.com\/avatar\/7d06747db1565e73d68391d596fc2eb15a10a4b4c1864574c454435523af94f1?s=96&d=mm&r=g","contentUrl":"https:\/\/secure.gravatar.com\/avatar\/7d06747db1565e73d68391d596fc2eb15a10a4b4c1864574c454435523af94f1?s=96&d=mm&r=g","caption":"Joaquimma Anna"},"description":"Hi my name Joaquimma Anna, and let's tumble down the rabbit hole of thought! At thefeminismproject.com, this blog is a whimsical carnival of ideas. As a mischievous feminism activist, I'm here to juggle the narratives of women. This project? A delightful escapade into the absurdities and splendors of our world. Expect the unexpected!","sameAs":["http:\/\/thefeminismproject.com"],"url":"https:\/\/thefeminismproject.com\/fr\/author\/bella-sungkawa\/"}]}},"_links":{"self":[{"href":"https:\/\/thefeminismproject.com\/fr\/wp-json\/wp\/v2\/posts\/1036475","targetHints":{"allow":["GET"]}}],"collection":[{"href":"https:\/\/thefeminismproject.com\/fr\/wp-json\/wp\/v2\/posts"}],"about":[{"href":"https:\/\/thefeminismproject.com\/fr\/wp-json\/wp\/v2\/types\/post"}],"author":[{"embeddable":true,"href":"https:\/\/thefeminismproject.com\/fr\/wp-json\/wp\/v2\/users\/1"}],"replies":[{"embeddable":true,"href":"https:\/\/thefeminismproject.com\/fr\/wp-json\/wp\/v2\/comments?post=1036475"}],"version-history":[{"count":0,"href":"https:\/\/thefeminismproject.com\/fr\/wp-json\/wp\/v2\/posts\/1036475\/revisions"}],"wp:featuredmedia":[{"embeddable":true,"href":"https:\/\/thefeminismproject.com\/fr\/wp-json\/wp\/v2\/media\/1036385"}],"wp:attachment":[{"href":"https:\/\/thefeminismproject.com\/fr\/wp-json\/wp\/v2\/media?parent=1036475"}],"wp:term":[{"taxonomy":"category","embeddable":true,"href":"https:\/\/thefeminismproject.com\/fr\/wp-json\/wp\/v2\/categories?post=1036475"},{"taxonomy":"post_tag","embeddable":true,"href":"https:\/\/thefeminismproject.com\/fr\/wp-json\/wp\/v2\/tags?post=1036475"}],"curies":[{"name":"wp","href":"https:\/\/api.w.org\/{rel}","templated":true}]}}