{"id":1036491,"date":"2025-04-16T18:19:39","date_gmt":"2025-04-16T18:19:39","guid":{"rendered":"https:\/\/thefeminismproject.com\/non-categorise\/chimamanda-ngozi-adichie-nous-sommes-tous-des-feministes-2\/"},"modified":"2025-04-16T18:19:39","modified_gmt":"2025-04-16T18:19:39","slug":"chimamanda-ngozi-adichie-nous-sommes-tous-des-feministes-2","status":"publish","type":"post","link":"https:\/\/thefeminismproject.com\/fr\/en-vedette\/chimamanda-ngozi-adichie-nous-sommes-tous-des-feministes-2\/","title":{"rendered":"Chimamanda Ngozi Adichie\u00a0: Nous sommes tous des f\u00e9ministes"},"content":{"rendered":"<p>Chimamanda Ngozi Adichie, figure embl\u00e9matique de la litt\u00e9rature contemporaine et fervente d\u00e9fenseure des droits des femmes, propose dans son essai \u00ab\u00a0Nous sommes tous des f\u00e9ministes\u00a0\u00bb une analyse incisive et \u00e9clairante du f\u00e9minisme. Par sa plume raffin\u00e9e mais percutante, Adichie d\u00e9teste l&rsquo;id\u00e9e que le f\u00e9minisme soit r\u00e9serv\u00e9 \u00e0 un cercle restreint. Elle r\u00e9affirme avec force que le f\u00e9minisme n&rsquo;est pas un vain mot, mais un mouvement n\u00e9cessaire pour red\u00e9finir le r\u00f4le des femmes dans la soci\u00e9t\u00e9. R\u00e9veillons-nous, car il est grand temps de plonger dans cette oeuvre qui promet non seulement un changement de perspective, mais \u00e9galement l&rsquo;\u00e9veil d&rsquo;une curiosit\u00e9 ardente envers la lutte pour l&rsquo;\u00e9galit\u00e9.<\/p>\n<p>L\u2019argumentation d\u2019Adichie repose sur l&rsquo;id\u00e9e que la notion de f\u00e9minisme est souvent mal comprise et souvent r\u00e9duite \u00e0 des clich\u00e9s simplistes. Les f\u00e9ministes sont souvent per\u00e7ues comme des femmes enrag\u00e9es, des extr\u00e9mistes ou m\u00eame, de mani\u00e8re plus insidieuse, des adversaires de la masculinit\u00e9. Cette vision tronqu\u00e9e nuit \u00e0 la cause, car elle cr\u00e9e une dichotomie entre les sexes qui ne doit pas exister. Adichie d\u00e9peint le f\u00e9minisme non comme une guerre entre hommes et femmes, mais comme une qu\u00eate d&rsquo;\u00e9quit\u00e9, bas\u00e9e sur le respect mutuel et l&#8217;empathie. Cela nous am\u00e8ne \u00e0 questionner notre propre conception du f\u00e9minisme. Ne gagnerait-on pas \u00e0 r\u00e9\u00e9valuer notre position sur la question du genre ?<\/p>\n<p>Au fil des pages, Adichie partage ses r\u00e9flexions personnelles sur la mani\u00e8re dont le sexisme est profond\u00e9ment enracin\u00e9 dans notre culture. Elle relate des anecdotes r\u00e9v\u00e9latrices qui scrutent les attitudes banales mais insidieuses que les femmes rencontrent quotidiennement. Par exemple, ces petits commentaires d\u00e9sobligeants, ces regard g\u00ean\u00e9s, ces attentes soci\u00e9tales qui imposent aux femmes de se conformer \u00e0 des st\u00e9r\u00e9otypes. Ces r\u00e9cits t\u00e9moignent d&rsquo;une r\u00e9alit\u00e9 que beaucoup pr\u00e9f\u00e8rent ignorer. La r\u00e9sonance de ses paroles interpelle : pourquoi continuons-nous \u00e0 tol\u00e9rer ces injustices ? L\u2019auteur nous pousse \u00e0 contempler notre silence complice et \u00e0 nous interroger sur notre propre r\u00f4le dans ce syst\u00e8me patriarcal. Sommes-nous vraiment si \u00e0 l&rsquo;aise avec l&rsquo;in\u00e9galit\u00e9 ?<\/p>\n<p>Adichie insiste \u00e9galement sur le fait que le f\u00e9minisme doit \u00eatre inclusif. Son universelle approche \u00e9largit la port\u00e9e de son message pour inclure des femmes de toutes origines, de toutes classes sociales et de toutes orientations sexuelles. Elle plaide pour la solidarit\u00e9 entre toutes celles qui luttent pour leurs droits. \u00c0 une \u00e9poque o\u00f9 les vagues de diversit\u00e9 et d&rsquo;inclusion fa\u00e7onnent notre soci\u00e9t\u00e9, n\u2019y a-t-il pas l\u00e0 quelque chose d\u2019urgemment pertinent ? Le f\u00e9minisme que pr\u00f4ne Adichie est transnational, il traverse les continents et les cultures, unissant les voix pour faire \u00e9merger une lutte collective. La pluralit\u00e9 des exp\u00e9riences f\u00e9minines enrichit le discours et offre une perspective plus riche et plus nuanc\u00e9e sur la question de l&rsquo;\u00e9galit\u00e9.<\/p>\n<p>Dans un monde satur\u00e9 de messages simplistes, la r\u00e9clame d\u2019Adichie pour un f\u00e9minisme engag\u00e9 et conscient s\u00e9duit par sa r\u00e9flexion sur les designations de genre. Elle appelle \u00e0 remettre en question les attentes qui nous collent \u00e0 la peau, que ce soit la soumission ou la virilit\u00e9 exacerb\u00e9e. Ainsi, elle ne se contente pas de d\u00e9noncer le patriarcat ; elle interroge notre fa\u00e7on m\u00eame de penser les rapports de genre. Cela soul\u00e8ve une question cruciale : sommes-nous pr\u00eats \u00e0 changer nos paradigmes ?<\/p>\n<p>En outre, Adichie r\u00e9sonne avec ceux et celles qui craignent de s&rsquo;aventurer sur le terrain du f\u00e9minisme, en proposant une voie rassurante vers la compr\u00e9hension. Elle d\u00e9fie les mythes et les \u00e9lans contre-productifs qui entourent le mouvement. Ce faisant, elle fait preuve d&rsquo;une immense p\u00e9dagogie. Son approche permet d&rsquo;\u00e9carter l&rsquo;id\u00e9e que le f\u00e9minisme est une doctrine intimidante, en l&rsquo;\u00e9clairant sous un jour accessible et compr\u00e9hensible pour tous. Comme elle le souligne, le f\u00e9minisme n&rsquo;est pas une lutte qui se limite \u00e0 un groupe, c&rsquo;est un appel \u00e0 la justice qui concerne tout un chacun. Pourquoi devrions-nous nous y opposer ?<\/p>\n<p>Chimamanda Ngozi Adichie ne se contente pas de d\u00e9peindre un tableau sombre et d\u00e9sesp\u00e9r\u00e9 des in\u00e9galit\u00e9s. Au contraire, elle est porteuse de r\u00eaves et d&rsquo;espoirs, d&rsquo;un avenir o\u00f9 les femmes peuvent briser leurs cha\u00eenes et revendiquer leur place \u00e0 la table des d\u00e9cisions. Sa vision est radicale et audacieuse, mais elle repose sur un fondement simple : la dignit\u00e9 humaine. Son essai est une invitation \u00e0 participer \u00e0 un mouvement collectif o\u00f9 nous pouvons tous jouer un r\u00f4le, o\u00f9 le f\u00e9minisme devient un levier pour r\u00e9former la soci\u00e9t\u00e9.<\/p>\n<p>En fin de compte, \u00ab\u00a0Nous sommes tous des f\u00e9ministes\u00a0\u00bb est un appel retentissant \u00e0 la transformation culturelle et sociale. Adichie r\u00e9ussit \u00e0 piquer notre curiosit\u00e9 tout en cultivant un esprit critique face aux conventions \u00e9tablies. Ce texte n&rsquo;est pas qu&rsquo;une simple lecture ; c&rsquo;est une n\u00e9cessit\u00e9. Elle nous pousse non seulement \u00e0 r\u00e9fl\u00e9chir, mais \u00e9galement \u00e0 agir. Embrassons ce f\u00e9minisme qui n&rsquo;est rien d&rsquo;autre qu&rsquo;une qu\u00eate de droits fondamentaux, l\u00e0 o\u00f9 chacun, ind\u00e9pendamment de son genre, peut aspirer \u00e0 l&rsquo;\u00e9galit\u00e9. Osons inclure toutes les voix, car, en effet, nous sommes tous des f\u00e9ministes.<\/p>\n","protected":false},"excerpt":{"rendered":"<p>Chimamanda Ngozi Adichie, figure embl\u00e9matique de la litt\u00e9rature contemporaine et fervente d\u00e9fenseure des droits des femmes, propose dans son essai \u00ab\u00a0Nous sommes tous des f\u00e9ministes\u00a0\u00bb une analyse incisive et \u00e9clairante du f\u00e9minisme. Par sa plume raffin\u00e9e mais percutante, Adichie d\u00e9teste l&rsquo;id\u00e9e que le f\u00e9minisme soit r\u00e9serv\u00e9 \u00e0 un cercle restreint. Elle r\u00e9affirme avec force que [&hellip;]<\/p>\n","protected":false},"author":1,"featured_media":1036242,"comment_status":"open","ping_status":"open","sticky":false,"template":"","format":"standard","meta":{"footnotes":""},"categories":[77],"tags":[],"class_list":{"0":"post-1036491","1":"post","2":"type-post","3":"status-publish","4":"format-standard","5":"has-post-thumbnail","7":"category-en-vedette"},"yoast_head":"<!-- This site is optimized with the Yoast SEO plugin v27.4 - https:\/\/yoast.com\/product\/yoast-seo-wordpress\/ -->\n<title>Chimamanda Ngozi Adichie\u00a0: Nous sommes tous des f\u00e9ministes<\/title>\n<meta name=\"description\" content=\"Chimamanda Ngozi Adichie, figure embl\u00e9matique de la litt\u00e9rature contemporaine et fervente d\u00e9fenseure des droits des femmes, propose dans son essai &quot;Nous\" \/>\n<meta name=\"robots\" content=\"index, follow, max-snippet:-1, max-image-preview:large, max-video-preview:-1\" \/>\n<link rel=\"canonical\" href=\"https:\/\/thefeminismproject.com\/fr\/en-vedette\/chimamanda-ngozi-adichie-nous-sommes-tous-des-feministes-2\/\" \/>\n<meta property=\"og:locale\" content=\"fr_FR\" \/>\n<meta property=\"og:type\" content=\"article\" \/>\n<meta property=\"og:title\" content=\"Chimamanda Ngozi Adichie\u00a0: Nous sommes tous des f\u00e9ministes\" \/>\n<meta property=\"og:description\" content=\"Chimamanda Ngozi Adichie, figure embl\u00e9matique de la litt\u00e9rature contemporaine et fervente d\u00e9fenseure des droits des femmes, propose dans son essai &quot;Nous\" \/>\n<meta property=\"og:url\" content=\"https:\/\/thefeminismproject.com\/fr\/en-vedette\/chimamanda-ngozi-adichie-nous-sommes-tous-des-feministes-2\/\" \/>\n<meta property=\"og:site_name\" content=\"thefeminismproject.com\" \/>\n<meta property=\"article:published_time\" content=\"2025-04-16T18:19:39+00:00\" \/>\n<meta property=\"og:image\" content=\"https:\/\/thefeminismproject.com\/wp-content\/uploads\/2025\/04\/9782072886508.jpg\" \/>\n\t<meta property=\"og:image:width\" content=\"400\" \/>\n\t<meta property=\"og:image:height\" content=\"658\" \/>\n\t<meta property=\"og:image:type\" content=\"image\/jpeg\" \/>\n<meta name=\"author\" content=\"Joaquimma Anna\" \/>\n<meta name=\"twitter:card\" content=\"summary_large_image\" \/>\n<meta name=\"twitter:label1\" content=\"\u00c9crit par\" \/>\n\t<meta name=\"twitter:data1\" content=\"Joaquimma Anna\" \/>\n\t<meta name=\"twitter:label2\" content=\"Dur\u00e9e de lecture estim\u00e9e\" \/>\n\t<meta name=\"twitter:data2\" content=\"4 minutes\" \/>\n<script type=\"application\/ld+json\" class=\"yoast-schema-graph\">{\"@context\":\"https:\\\/\\\/schema.org\",\"@graph\":[{\"@type\":\"Article\",\"@id\":\"https:\\\/\\\/thefeminismproject.com\\\/fr\\\/en-vedette\\\/chimamanda-ngozi-adichie-nous-sommes-tous-des-feministes-2\\\/#article\",\"isPartOf\":{\"@id\":\"https:\\\/\\\/thefeminismproject.com\\\/fr\\\/en-vedette\\\/chimamanda-ngozi-adichie-nous-sommes-tous-des-feministes-2\\\/\"},\"author\":{\"name\":\"Joaquimma Anna\",\"@id\":\"https:\\\/\\\/thefeminismproject.com\\\/fr\\\/#\\\/schema\\\/person\\\/d2d84f0918ac04ca2b9f5b912890ad51\"},\"headline\":\"Chimamanda Ngozi Adichie\u00a0: Nous sommes tous des f\u00e9ministes\",\"datePublished\":\"2025-04-16T18:19:39+00:00\",\"mainEntityOfPage\":{\"@id\":\"https:\\\/\\\/thefeminismproject.com\\\/fr\\\/en-vedette\\\/chimamanda-ngozi-adichie-nous-sommes-tous-des-feministes-2\\\/\"},\"wordCount\":922,\"commentCount\":0,\"publisher\":{\"@id\":\"https:\\\/\\\/thefeminismproject.com\\\/fr\\\/#organization\"},\"image\":{\"@id\":\"https:\\\/\\\/thefeminismproject.com\\\/fr\\\/en-vedette\\\/chimamanda-ngozi-adichie-nous-sommes-tous-des-feministes-2\\\/#primaryimage\"},\"thumbnailUrl\":\"https:\\\/\\\/thefeminismproject.com\\\/wp-content\\\/uploads\\\/2025\\\/04\\\/9782072886508.jpg\",\"articleSection\":[\"En vedette\"],\"inLanguage\":\"fr-FR\",\"potentialAction\":[{\"@type\":\"CommentAction\",\"name\":\"Comment\",\"target\":[\"https:\\\/\\\/thefeminismproject.com\\\/fr\\\/en-vedette\\\/chimamanda-ngozi-adichie-nous-sommes-tous-des-feministes-2\\\/#respond\"]}]},{\"@type\":\"WebPage\",\"@id\":\"https:\\\/\\\/thefeminismproject.com\\\/fr\\\/en-vedette\\\/chimamanda-ngozi-adichie-nous-sommes-tous-des-feministes-2\\\/\",\"url\":\"https:\\\/\\\/thefeminismproject.com\\\/fr\\\/en-vedette\\\/chimamanda-ngozi-adichie-nous-sommes-tous-des-feministes-2\\\/\",\"name\":\"Chimamanda Ngozi Adichie\u00a0: Nous sommes tous des f\u00e9ministes\",\"isPartOf\":{\"@id\":\"https:\\\/\\\/thefeminismproject.com\\\/fr\\\/#website\"},\"primaryImageOfPage\":{\"@id\":\"https:\\\/\\\/thefeminismproject.com\\\/fr\\\/en-vedette\\\/chimamanda-ngozi-adichie-nous-sommes-tous-des-feministes-2\\\/#primaryimage\"},\"image\":{\"@id\":\"https:\\\/\\\/thefeminismproject.com\\\/fr\\\/en-vedette\\\/chimamanda-ngozi-adichie-nous-sommes-tous-des-feministes-2\\\/#primaryimage\"},\"thumbnailUrl\":\"https:\\\/\\\/thefeminismproject.com\\\/wp-content\\\/uploads\\\/2025\\\/04\\\/9782072886508.jpg\",\"datePublished\":\"2025-04-16T18:19:39+00:00\",\"description\":\"Chimamanda Ngozi Adichie, figure embl\u00e9matique de la litt\u00e9rature contemporaine et fervente d\u00e9fenseure des droits des femmes, propose dans son essai \\\"Nous\",\"breadcrumb\":{\"@id\":\"https:\\\/\\\/thefeminismproject.com\\\/fr\\\/en-vedette\\\/chimamanda-ngozi-adichie-nous-sommes-tous-des-feministes-2\\\/#breadcrumb\"},\"inLanguage\":\"fr-FR\",\"potentialAction\":[{\"@type\":\"ReadAction\",\"target\":[\"https:\\\/\\\/thefeminismproject.com\\\/fr\\\/en-vedette\\\/chimamanda-ngozi-adichie-nous-sommes-tous-des-feministes-2\\\/\"]}]},{\"@type\":\"ImageObject\",\"inLanguage\":\"fr-FR\",\"@id\":\"https:\\\/\\\/thefeminismproject.com\\\/fr\\\/en-vedette\\\/chimamanda-ngozi-adichie-nous-sommes-tous-des-feministes-2\\\/#primaryimage\",\"url\":\"https:\\\/\\\/thefeminismproject.com\\\/wp-content\\\/uploads\\\/2025\\\/04\\\/9782072886508.jpg\",\"contentUrl\":\"https:\\\/\\\/thefeminismproject.com\\\/wp-content\\\/uploads\\\/2025\\\/04\\\/9782072886508.jpg\",\"width\":400,\"height\":658},{\"@type\":\"BreadcrumbList\",\"@id\":\"https:\\\/\\\/thefeminismproject.com\\\/fr\\\/en-vedette\\\/chimamanda-ngozi-adichie-nous-sommes-tous-des-feministes-2\\\/#breadcrumb\",\"itemListElement\":[{\"@type\":\"ListItem\",\"position\":1,\"name\":\"Home\",\"item\":\"https:\\\/\\\/thefeminismproject.com\\\/fr\\\/accueil\\\/\"},{\"@type\":\"ListItem\",\"position\":2,\"name\":\"Chimamanda Ngozi Adichie\u00a0: Nous sommes tous des f\u00e9ministes\"}]},{\"@type\":\"WebSite\",\"@id\":\"https:\\\/\\\/thefeminismproject.com\\\/fr\\\/#website\",\"url\":\"https:\\\/\\\/thefeminismproject.com\\\/fr\\\/\",\"name\":\"thefeminismproject.com\",\"description\":\"Popular culture with a feminist twist | let&#039;s talk about things that matter (news that feels right)\",\"publisher\":{\"@id\":\"https:\\\/\\\/thefeminismproject.com\\\/fr\\\/#organization\"},\"potentialAction\":[{\"@type\":\"SearchAction\",\"target\":{\"@type\":\"EntryPoint\",\"urlTemplate\":\"https:\\\/\\\/thefeminismproject.com\\\/fr\\\/?s={search_term_string}\"},\"query-input\":{\"@type\":\"PropertyValueSpecification\",\"valueRequired\":true,\"valueName\":\"search_term_string\"}}],\"inLanguage\":\"fr-FR\"},{\"@type\":\"Organization\",\"@id\":\"https:\\\/\\\/thefeminismproject.com\\\/fr\\\/#organization\",\"name\":\"thefeminismproject.com\",\"url\":\"https:\\\/\\\/thefeminismproject.com\\\/fr\\\/\",\"logo\":{\"@type\":\"ImageObject\",\"inLanguage\":\"fr-FR\",\"@id\":\"https:\\\/\\\/thefeminismproject.com\\\/fr\\\/#\\\/schema\\\/logo\\\/image\\\/\",\"url\":\"https:\\\/\\\/thefeminismproject.com\\\/wp-content\\\/uploads\\\/2024\\\/10\\\/pexels-vazhnik-7561648.jpg\",\"contentUrl\":\"https:\\\/\\\/thefeminismproject.com\\\/wp-content\\\/uploads\\\/2024\\\/10\\\/pexels-vazhnik-7561648.jpg\",\"width\":2500,\"height\":1667,\"caption\":\"thefeminismproject.com\"},\"image\":{\"@id\":\"https:\\\/\\\/thefeminismproject.com\\\/fr\\\/#\\\/schema\\\/logo\\\/image\\\/\"}},{\"@type\":\"Person\",\"@id\":\"https:\\\/\\\/thefeminismproject.com\\\/fr\\\/#\\\/schema\\\/person\\\/d2d84f0918ac04ca2b9f5b912890ad51\",\"name\":\"Joaquimma Anna\",\"image\":{\"@type\":\"ImageObject\",\"inLanguage\":\"fr-FR\",\"@id\":\"https:\\\/\\\/secure.gravatar.com\\\/avatar\\\/7d06747db1565e73d68391d596fc2eb15a10a4b4c1864574c454435523af94f1?s=96&d=mm&r=g\",\"url\":\"https:\\\/\\\/secure.gravatar.com\\\/avatar\\\/7d06747db1565e73d68391d596fc2eb15a10a4b4c1864574c454435523af94f1?s=96&d=mm&r=g\",\"contentUrl\":\"https:\\\/\\\/secure.gravatar.com\\\/avatar\\\/7d06747db1565e73d68391d596fc2eb15a10a4b4c1864574c454435523af94f1?s=96&d=mm&r=g\",\"caption\":\"Joaquimma Anna\"},\"description\":\"Hi my name Joaquimma Anna, and let's tumble down the rabbit hole of thought! At thefeminismproject.com, this blog is a whimsical carnival of ideas. As a mischievous feminism activist, I'm here to juggle the narratives of women. This project? A delightful escapade into the absurdities and splendors of our world. Expect the unexpected!\",\"sameAs\":[\"http:\\\/\\\/thefeminismproject.com\"],\"url\":\"https:\\\/\\\/thefeminismproject.com\\\/fr\\\/author\\\/bella-sungkawa\\\/\"}]}<\/script>\n<!-- \/ Yoast SEO plugin. -->","yoast_head_json":{"title":"Chimamanda Ngozi Adichie\u00a0: Nous sommes tous des f\u00e9ministes","description":"Chimamanda Ngozi Adichie, figure embl\u00e9matique de la litt\u00e9rature contemporaine et fervente d\u00e9fenseure des droits des femmes, propose dans son essai \"Nous","robots":{"index":"index","follow":"follow","max-snippet":"max-snippet:-1","max-image-preview":"max-image-preview:large","max-video-preview":"max-video-preview:-1"},"canonical":"https:\/\/thefeminismproject.com\/fr\/en-vedette\/chimamanda-ngozi-adichie-nous-sommes-tous-des-feministes-2\/","og_locale":"fr_FR","og_type":"article","og_title":"Chimamanda Ngozi Adichie\u00a0: Nous sommes tous des f\u00e9ministes","og_description":"Chimamanda Ngozi Adichie, figure embl\u00e9matique de la litt\u00e9rature contemporaine et fervente d\u00e9fenseure des droits des femmes, propose dans son essai \"Nous","og_url":"https:\/\/thefeminismproject.com\/fr\/en-vedette\/chimamanda-ngozi-adichie-nous-sommes-tous-des-feministes-2\/","og_site_name":"thefeminismproject.com","article_published_time":"2025-04-16T18:19:39+00:00","og_image":[{"width":400,"height":658,"url":"https:\/\/thefeminismproject.com\/wp-content\/uploads\/2025\/04\/9782072886508.jpg","type":"image\/jpeg"}],"author":"Joaquimma Anna","twitter_card":"summary_large_image","twitter_misc":{"\u00c9crit par":"Joaquimma Anna","Dur\u00e9e de lecture estim\u00e9e":"4 minutes"},"schema":{"@context":"https:\/\/schema.org","@graph":[{"@type":"Article","@id":"https:\/\/thefeminismproject.com\/fr\/en-vedette\/chimamanda-ngozi-adichie-nous-sommes-tous-des-feministes-2\/#article","isPartOf":{"@id":"https:\/\/thefeminismproject.com\/fr\/en-vedette\/chimamanda-ngozi-adichie-nous-sommes-tous-des-feministes-2\/"},"author":{"name":"Joaquimma Anna","@id":"https:\/\/thefeminismproject.com\/fr\/#\/schema\/person\/d2d84f0918ac04ca2b9f5b912890ad51"},"headline":"Chimamanda Ngozi Adichie\u00a0: Nous sommes tous des f\u00e9ministes","datePublished":"2025-04-16T18:19:39+00:00","mainEntityOfPage":{"@id":"https:\/\/thefeminismproject.com\/fr\/en-vedette\/chimamanda-ngozi-adichie-nous-sommes-tous-des-feministes-2\/"},"wordCount":922,"commentCount":0,"publisher":{"@id":"https:\/\/thefeminismproject.com\/fr\/#organization"},"image":{"@id":"https:\/\/thefeminismproject.com\/fr\/en-vedette\/chimamanda-ngozi-adichie-nous-sommes-tous-des-feministes-2\/#primaryimage"},"thumbnailUrl":"https:\/\/thefeminismproject.com\/wp-content\/uploads\/2025\/04\/9782072886508.jpg","articleSection":["En vedette"],"inLanguage":"fr-FR","potentialAction":[{"@type":"CommentAction","name":"Comment","target":["https:\/\/thefeminismproject.com\/fr\/en-vedette\/chimamanda-ngozi-adichie-nous-sommes-tous-des-feministes-2\/#respond"]}]},{"@type":"WebPage","@id":"https:\/\/thefeminismproject.com\/fr\/en-vedette\/chimamanda-ngozi-adichie-nous-sommes-tous-des-feministes-2\/","url":"https:\/\/thefeminismproject.com\/fr\/en-vedette\/chimamanda-ngozi-adichie-nous-sommes-tous-des-feministes-2\/","name":"Chimamanda Ngozi Adichie\u00a0: Nous sommes tous des f\u00e9ministes","isPartOf":{"@id":"https:\/\/thefeminismproject.com\/fr\/#website"},"primaryImageOfPage":{"@id":"https:\/\/thefeminismproject.com\/fr\/en-vedette\/chimamanda-ngozi-adichie-nous-sommes-tous-des-feministes-2\/#primaryimage"},"image":{"@id":"https:\/\/thefeminismproject.com\/fr\/en-vedette\/chimamanda-ngozi-adichie-nous-sommes-tous-des-feministes-2\/#primaryimage"},"thumbnailUrl":"https:\/\/thefeminismproject.com\/wp-content\/uploads\/2025\/04\/9782072886508.jpg","datePublished":"2025-04-16T18:19:39+00:00","description":"Chimamanda Ngozi Adichie, figure embl\u00e9matique de la litt\u00e9rature contemporaine et fervente d\u00e9fenseure des droits des femmes, propose dans son essai \"Nous","breadcrumb":{"@id":"https:\/\/thefeminismproject.com\/fr\/en-vedette\/chimamanda-ngozi-adichie-nous-sommes-tous-des-feministes-2\/#breadcrumb"},"inLanguage":"fr-FR","potentialAction":[{"@type":"ReadAction","target":["https:\/\/thefeminismproject.com\/fr\/en-vedette\/chimamanda-ngozi-adichie-nous-sommes-tous-des-feministes-2\/"]}]},{"@type":"ImageObject","inLanguage":"fr-FR","@id":"https:\/\/thefeminismproject.com\/fr\/en-vedette\/chimamanda-ngozi-adichie-nous-sommes-tous-des-feministes-2\/#primaryimage","url":"https:\/\/thefeminismproject.com\/wp-content\/uploads\/2025\/04\/9782072886508.jpg","contentUrl":"https:\/\/thefeminismproject.com\/wp-content\/uploads\/2025\/04\/9782072886508.jpg","width":400,"height":658},{"@type":"BreadcrumbList","@id":"https:\/\/thefeminismproject.com\/fr\/en-vedette\/chimamanda-ngozi-adichie-nous-sommes-tous-des-feministes-2\/#breadcrumb","itemListElement":[{"@type":"ListItem","position":1,"name":"Home","item":"https:\/\/thefeminismproject.com\/fr\/accueil\/"},{"@type":"ListItem","position":2,"name":"Chimamanda Ngozi Adichie\u00a0: Nous sommes tous des f\u00e9ministes"}]},{"@type":"WebSite","@id":"https:\/\/thefeminismproject.com\/fr\/#website","url":"https:\/\/thefeminismproject.com\/fr\/","name":"thefeminismproject.com","description":"Popular culture with a feminist twist | let&#039;s talk about things that matter (news that feels right)","publisher":{"@id":"https:\/\/thefeminismproject.com\/fr\/#organization"},"potentialAction":[{"@type":"SearchAction","target":{"@type":"EntryPoint","urlTemplate":"https:\/\/thefeminismproject.com\/fr\/?s={search_term_string}"},"query-input":{"@type":"PropertyValueSpecification","valueRequired":true,"valueName":"search_term_string"}}],"inLanguage":"fr-FR"},{"@type":"Organization","@id":"https:\/\/thefeminismproject.com\/fr\/#organization","name":"thefeminismproject.com","url":"https:\/\/thefeminismproject.com\/fr\/","logo":{"@type":"ImageObject","inLanguage":"fr-FR","@id":"https:\/\/thefeminismproject.com\/fr\/#\/schema\/logo\/image\/","url":"https:\/\/thefeminismproject.com\/wp-content\/uploads\/2024\/10\/pexels-vazhnik-7561648.jpg","contentUrl":"https:\/\/thefeminismproject.com\/wp-content\/uploads\/2024\/10\/pexels-vazhnik-7561648.jpg","width":2500,"height":1667,"caption":"thefeminismproject.com"},"image":{"@id":"https:\/\/thefeminismproject.com\/fr\/#\/schema\/logo\/image\/"}},{"@type":"Person","@id":"https:\/\/thefeminismproject.com\/fr\/#\/schema\/person\/d2d84f0918ac04ca2b9f5b912890ad51","name":"Joaquimma Anna","image":{"@type":"ImageObject","inLanguage":"fr-FR","@id":"https:\/\/secure.gravatar.com\/avatar\/7d06747db1565e73d68391d596fc2eb15a10a4b4c1864574c454435523af94f1?s=96&d=mm&r=g","url":"https:\/\/secure.gravatar.com\/avatar\/7d06747db1565e73d68391d596fc2eb15a10a4b4c1864574c454435523af94f1?s=96&d=mm&r=g","contentUrl":"https:\/\/secure.gravatar.com\/avatar\/7d06747db1565e73d68391d596fc2eb15a10a4b4c1864574c454435523af94f1?s=96&d=mm&r=g","caption":"Joaquimma Anna"},"description":"Hi my name Joaquimma Anna, and let's tumble down the rabbit hole of thought! At thefeminismproject.com, this blog is a whimsical carnival of ideas. As a mischievous feminism activist, I'm here to juggle the narratives of women. This project? A delightful escapade into the absurdities and splendors of our world. Expect the unexpected!","sameAs":["http:\/\/thefeminismproject.com"],"url":"https:\/\/thefeminismproject.com\/fr\/author\/bella-sungkawa\/"}]}},"_links":{"self":[{"href":"https:\/\/thefeminismproject.com\/fr\/wp-json\/wp\/v2\/posts\/1036491","targetHints":{"allow":["GET"]}}],"collection":[{"href":"https:\/\/thefeminismproject.com\/fr\/wp-json\/wp\/v2\/posts"}],"about":[{"href":"https:\/\/thefeminismproject.com\/fr\/wp-json\/wp\/v2\/types\/post"}],"author":[{"embeddable":true,"href":"https:\/\/thefeminismproject.com\/fr\/wp-json\/wp\/v2\/users\/1"}],"replies":[{"embeddable":true,"href":"https:\/\/thefeminismproject.com\/fr\/wp-json\/wp\/v2\/comments?post=1036491"}],"version-history":[{"count":0,"href":"https:\/\/thefeminismproject.com\/fr\/wp-json\/wp\/v2\/posts\/1036491\/revisions"}],"wp:featuredmedia":[{"embeddable":true,"href":"https:\/\/thefeminismproject.com\/fr\/wp-json\/wp\/v2\/media\/1036242"}],"wp:attachment":[{"href":"https:\/\/thefeminismproject.com\/fr\/wp-json\/wp\/v2\/media?parent=1036491"}],"wp:term":[{"taxonomy":"category","embeddable":true,"href":"https:\/\/thefeminismproject.com\/fr\/wp-json\/wp\/v2\/categories?post=1036491"},{"taxonomy":"post_tag","embeddable":true,"href":"https:\/\/thefeminismproject.com\/fr\/wp-json\/wp\/v2\/tags?post=1036491"}],"curies":[{"name":"wp","href":"https:\/\/api.w.org\/{rel}","templated":true}]}}