{"id":1036532,"date":"2025-04-11T22:37:12","date_gmt":"2025-04-11T22:37:12","guid":{"rendered":"https:\/\/thefeminismproject.com\/non-categorise\/je-ne-suis-pas-feministe-3\/"},"modified":"2025-04-11T22:37:12","modified_gmt":"2025-04-11T22:37:12","slug":"je-ne-suis-pas-feministe-3","status":"publish","type":"post","link":"https:\/\/thefeminismproject.com\/fr\/en-vedette\/je-ne-suis-pas-feministe-3\/","title":{"rendered":"\u201cJe ne suis pas f\u00e9ministe"},"content":{"rendered":"<p>Le f\u00e9minisme, ce mot qui semble \u00e0 la fois porteur d\u2019espoir et d\u00e9clencheur de tensions, ne laisse personne indiff\u00e9rent. Paradoxalement, l&rsquo;expression \u00ab Je ne suis pas f\u00e9ministe \u00bb r\u00e9sonne dans nos conversations contemporaines comme un triste refrain. Cette affirmation, loin d&rsquo;\u00eatre anodine, m\u00e9rite qu&rsquo;on s&rsquo;y attarde. Pourquoi tant de gens se distancient-ils d&rsquo;un mouvement cens\u00e9 pr\u00f4ner l&rsquo;\u00e9galit\u00e9 ? Quelles sont les implications d&rsquo;une telle d\u00e9claration dans le paysage soci\u00e9tal actuel ?<\/p>\n<p>D\u2019abord, il est crucial de d\u00e9busquer le malentendu qui entoure le f\u00e9minisme. Beaucoup l&rsquo;associent \u00e0 une radicalit\u00e9 d\u00e9chirante, \u00e0 un combat guerrier contre les hommes, tout en n\u00e9gligeant son essence m\u00eame: l&rsquo;\u00e9galit\u00e9. Ces pr\u00e9jug\u00e9s sont \u00e9galement le reflet d&rsquo;un d\u00e9saccord historique sur ce que signifie \u00eatre f\u00e9ministe. Le terme est souvent d\u00e9tourn\u00e9, mal compris. Parler de f\u00e9minisme, c\u2019est aborder une lutte multiforme, diverse et plus que jamais actuelle.<\/p>\n<p>Ensuite, distinguons les raisons qui poussent certains \u00e0 d\u00e9clarer leur non-adh\u00e9sion au f\u00e9minisme. Parmi ces raisons, l&rsquo;un des plus courants est l\u2019id\u00e9e selon laquelle les droits des femmes auraient d\u00e9j\u00e0 \u00e9t\u00e9 acquis. Cette illusion, insidieuse et p\u00e9rilleuse, s&rsquo;installe dans des soci\u00e9t\u00e9s o\u00f9 des progr\u00e8s ind\u00e9niables ont \u00e9t\u00e9 r\u00e9alis\u00e9s. Pourtant, en d\u00e9pit des avanc\u00e9es, le travail est loin d\u2019\u00eatre termin\u00e9. Dire \u00ab Je ne suis pas f\u00e9ministe \u00bb peut alors \u00eatre per\u00e7u comme une forme de d\u00e9ni, un refus d\u2019appr\u00e9hender les in\u00e9galit\u00e9s persistantes qui gangr\u00e8nent nos soci\u00e9t\u00e9s. Les statistiques, elles, ne mentent pas: les violences faites aux femmes, les \u00e9carts salariaux, et la repr\u00e9sentation dans la sph\u00e8re politique continuent de r\u00e9v\u00e9ler un paysage in\u00e9galitaire.<\/p>\n<p>On peut \u00e9galement aborder la question du f\u00e9minisme d&rsquo;une mani\u00e8re plus personnelle. Pour certaines femmes, renoncer \u00e0 l&rsquo;\u00e9tiquette f\u00e9ministe peut \u00eatre un acte de protection. Qui souhaite s&rsquo;afficher comme militante dans un contexte o\u00f9 le f\u00e9minisme est parfois synonyme de confrontation ? La peur du jugement, de la stigmatisation, et \u00e9ventuellement des repr\u00e9sailles joue un r\u00f4le crucial dans l&rsquo;adh\u00e9sion ou le rejet de ce mouvement. Le f\u00e9minisme, tout en aspirant \u00e0 un objectif d\u2019\u00e9mancipation, peut appara\u00eetre comme per\u00e7u comme une arme \u00e0 double tranchant. N\u00e9anmoins, fuir ce terme revient \u00e0 abandonner une lutte syst\u00e9mique qui vise \u00e0 transformer les structures de pouvoir. Pour ces femmes, il est crucial de comprendre que les avanc\u00e9es acquises \u00e0 ce jour ne sont pas extensibles et que chaque individu a la responsabilit\u00e9 de prendre position.<\/p>\n<p>Mais parlons aussi des hommes. L&rsquo;affirmation \u00ab Je ne suis pas f\u00e9ministe \u00bb est souvent aliment\u00e9e par un raisonnement consid\u00e9r\u00e9 comme bienveillant, volont\u00e9 de ne pas s&rsquo;approprier une lutte qui ne semble pas leur appartenir. En parall\u00e8le, il traverse une soci\u00e9t\u00e9 qui valorise la virilit\u00e9 et le non-\u00e9motionnel, o\u00f9 \u00eatre f\u00e9ministe pourrait \u00eatre synonyme de renoncer \u00e0 son statut privil\u00e9gi\u00e9. Loin de se dissocier, les hommes doivent comprendre qu&rsquo;ils ont un r\u00f4le pr\u00e9pond\u00e9rant dans cette lutte. Un vrai alli\u00e9, c&rsquo;est celui qui comprend que le f\u00e9minisme ne supprime rien pour personne ; il en rajoute un peu d&rsquo;humanit\u00e9 \u00e0 nos relations.<\/p>\n<p>En outre, l&rsquo;ide\u0301e que le f\u00e9minisme est un d\u00e9bat exclusivement f\u00e9minin est erron\u00e9e. Quel homme averti pourrait ignorer l\u2019impact de cette lutte sur sa propre existence ? Les syst\u00e8mes patriarcaux qui existent engloutissent tout le monde dans leur filet. \u00ab Je ne suis pas f\u00e9ministe \u00bb peut ainsi devenir une mani\u00e8re de nier une probl\u00e9matique qui le concerne aussi, que ce soit en tant que p\u00e8re, partenaire ou simplement en tant que membre d&rsquo;une soci\u00e9t\u00e9 qui m\u00e9rite d&rsquo;\u00eatre juste.<\/p>\n<p>Puis, examinons les divers courants f\u00e9ministes. Peut-\u00eatre que ces diversit\u00e9s sont \u00e0 l&rsquo;origine de la g\u00eane rencontr\u00e9e face au mot f\u00e9minisme. Loin d\u2019\u00eatre un monolithe, le f\u00e9minisme est pluriel et donc parfois en friction. On retrouve le f\u00e9minisme intersectionnel, le f\u00e9minisme radical, ou encore le f\u00e9minisme lib\u00e9ral, chacun avec ses particularit\u00e9s et parfois, ses divergences de m\u00e9thode. Il est fondamental de faire ressortir cette vari\u00e9t\u00e9 afin de l&rsquo;expliciter au grand public. \u00c9viter d&rsquo;apposer une \u00e9tiquette unique \u00e0 cette lutte permettrait de la rendre plus accessible et moins clivante, \u00e0 m\u00eame d&rsquo;attirer \u00e0 elle des personnes qui, pour une raison ou une autre, s&rsquo;en distancient.<\/p>\n<p>Finalement, il est impossible d\u2019\u00e9viter le d\u00e9bat sur la perception et l\u2019impact des r\u00e9seaux sociaux dans cette dynamique. Les plateformes num\u00e9riques sont devenues un terrain de bataille o\u00f9 le f\u00e9minisme est expos\u00e9, parfois d\u00e9form\u00e9. Au sein de ces ar\u00e8nes publiques, des voix se l\u00e8vent, amplifiant tant\u00f4t le soutien, tant\u00f4t l\u2019opposition \u00e0 cette id\u00e9ologie. Ce bastion num\u00e9rique repr\u00e9sente \u00e0 la fois une opportunit\u00e9 de diffusion d&rsquo;id\u00e9es et un risque d&rsquo;incompr\u00e9hension. La m\u00e9canique algorithmique favorise les discours extr\u00eames, et il est essentiel de favoriser une approche nuanc\u00e9e pour r\u00e9parer l&rsquo;image du f\u00e9minisme aux yeux des r\u00e9ticents, des ind\u00e9cis, et m\u00eame des adversaires id\u00e9ologiques.<\/p>\n<p>En somme, la phrase \u00ab Je ne suis pas f\u00e9ministe \u00bb est non seulement r\u00e9v\u00e9latrice d&rsquo;une d\u00e9sunion sociale, mais elle est aussi repr\u00e9sentative d\u2019un manque d\u2019\u00e9change et de compr\u00e9hension. L\u00e0 o\u00f9 il devrait y avoir dialogue, il y a souvent silence. Le f\u00e9minisme ne doit plus \u00eatre per\u00e7u comme un obstacle \u00e0 la cohabitation, mais comme un chemin vers une soci\u00e9t\u00e9 plus juste. Il est grand temps de red\u00e9finir ensemble la notion d\u2019\u00e9galit\u00e9, d\u2019abattre les st\u00e9r\u00e9otypes qui y sont li\u00e9s, pour une \u00e9mancipation collective. Ce combat ne s\u2019arr\u00eate pas \u00e0 ceux qui se revendiquent f\u00e9ministes, mais concerne, en fin de compte, chacun d&rsquo;entre nous.<\/p>\n","protected":false},"excerpt":{"rendered":"<p>Le f\u00e9minisme, ce mot qui semble \u00e0 la fois porteur d\u2019espoir et d\u00e9clencheur de tensions, ne laisse personne indiff\u00e9rent. Paradoxalement, l&rsquo;expression \u00ab Je ne suis pas f\u00e9ministe \u00bb r\u00e9sonne dans nos conversations contemporaines comme un triste refrain. Cette affirmation, loin d&rsquo;\u00eatre anodine, m\u00e9rite qu&rsquo;on s&rsquo;y attarde. Pourquoi tant de gens se distancient-ils d&rsquo;un mouvement cens\u00e9 [&hellip;]<\/p>\n","protected":false},"author":1,"featured_media":1036327,"comment_status":"open","ping_status":"open","sticky":false,"template":"","format":"standard","meta":{"footnotes":""},"categories":[77],"tags":[],"class_list":{"0":"post-1036532","1":"post","2":"type-post","3":"status-publish","4":"format-standard","5":"has-post-thumbnail","7":"category-en-vedette"},"yoast_head":"<!-- This site is optimized with the Yoast SEO plugin v27.4 - https:\/\/yoast.com\/product\/yoast-seo-wordpress\/ -->\n<title>\u201cJe ne suis pas f\u00e9ministe<\/title>\n<meta name=\"description\" content=\"Le f\u00e9minisme, ce mot qui semble \u00e0 la fois porteur d\u2019espoir et d\u00e9clencheur de tensions, ne laisse personne indiff\u00e9rent. Paradoxalement, l&#039;expression \u00ab Je\" \/>\n<meta name=\"robots\" content=\"index, follow, max-snippet:-1, max-image-preview:large, max-video-preview:-1\" \/>\n<link rel=\"canonical\" href=\"https:\/\/thefeminismproject.com\/fr\/en-vedette\/je-ne-suis-pas-feministe-3\/\" \/>\n<meta property=\"og:locale\" content=\"fr_FR\" \/>\n<meta property=\"og:type\" content=\"article\" \/>\n<meta property=\"og:title\" content=\"\u201cJe ne suis pas f\u00e9ministe\" \/>\n<meta property=\"og:description\" content=\"Le f\u00e9minisme, ce mot qui semble \u00e0 la fois porteur d\u2019espoir et d\u00e9clencheur de tensions, ne laisse personne indiff\u00e9rent. Paradoxalement, l&#039;expression \u00ab Je\" \/>\n<meta property=\"og:url\" content=\"https:\/\/thefeminismproject.com\/fr\/en-vedette\/je-ne-suis-pas-feministe-3\/\" \/>\n<meta property=\"og:site_name\" content=\"thefeminismproject.com\" \/>\n<meta property=\"article:published_time\" content=\"2025-04-11T22:37:12+00:00\" \/>\n<meta property=\"og:image\" content=\"https:\/\/thefeminismproject.com\/wp-content\/uploads\/2025\/04\/livret-je-ne-suis-pas-feministe-mais.png\" \/>\n\t<meta property=\"og:image:width\" content=\"355\" \/>\n\t<meta property=\"og:image:height\" content=\"490\" \/>\n\t<meta property=\"og:image:type\" content=\"image\/png\" \/>\n<meta name=\"author\" content=\"Joaquimma Anna\" \/>\n<meta name=\"twitter:card\" content=\"summary_large_image\" \/>\n<meta name=\"twitter:label1\" content=\"\u00c9crit par\" \/>\n\t<meta name=\"twitter:data1\" content=\"Joaquimma Anna\" \/>\n\t<meta name=\"twitter:label2\" content=\"Dur\u00e9e de lecture estim\u00e9e\" \/>\n\t<meta name=\"twitter:data2\" content=\"5 minutes\" \/>\n<script type=\"application\/ld+json\" class=\"yoast-schema-graph\">{\"@context\":\"https:\\\/\\\/schema.org\",\"@graph\":[{\"@type\":\"Article\",\"@id\":\"https:\\\/\\\/thefeminismproject.com\\\/fr\\\/en-vedette\\\/je-ne-suis-pas-feministe-3\\\/#article\",\"isPartOf\":{\"@id\":\"https:\\\/\\\/thefeminismproject.com\\\/fr\\\/en-vedette\\\/je-ne-suis-pas-feministe-3\\\/\"},\"author\":{\"name\":\"Joaquimma Anna\",\"@id\":\"https:\\\/\\\/thefeminismproject.com\\\/fr\\\/#\\\/schema\\\/person\\\/d2d84f0918ac04ca2b9f5b912890ad51\"},\"headline\":\"\u201cJe ne suis pas f\u00e9ministe\",\"datePublished\":\"2025-04-11T22:37:12+00:00\",\"mainEntityOfPage\":{\"@id\":\"https:\\\/\\\/thefeminismproject.com\\\/fr\\\/en-vedette\\\/je-ne-suis-pas-feministe-3\\\/\"},\"wordCount\":1032,\"commentCount\":0,\"publisher\":{\"@id\":\"https:\\\/\\\/thefeminismproject.com\\\/fr\\\/#organization\"},\"image\":{\"@id\":\"https:\\\/\\\/thefeminismproject.com\\\/fr\\\/en-vedette\\\/je-ne-suis-pas-feministe-3\\\/#primaryimage\"},\"thumbnailUrl\":\"https:\\\/\\\/thefeminismproject.com\\\/wp-content\\\/uploads\\\/2025\\\/04\\\/livret-je-ne-suis-pas-feministe-mais.png\",\"articleSection\":[\"En vedette\"],\"inLanguage\":\"fr-FR\",\"potentialAction\":[{\"@type\":\"CommentAction\",\"name\":\"Comment\",\"target\":[\"https:\\\/\\\/thefeminismproject.com\\\/fr\\\/en-vedette\\\/je-ne-suis-pas-feministe-3\\\/#respond\"]}]},{\"@type\":\"WebPage\",\"@id\":\"https:\\\/\\\/thefeminismproject.com\\\/fr\\\/en-vedette\\\/je-ne-suis-pas-feministe-3\\\/\",\"url\":\"https:\\\/\\\/thefeminismproject.com\\\/fr\\\/en-vedette\\\/je-ne-suis-pas-feministe-3\\\/\",\"name\":\"\u201cJe ne suis pas f\u00e9ministe\",\"isPartOf\":{\"@id\":\"https:\\\/\\\/thefeminismproject.com\\\/fr\\\/#website\"},\"primaryImageOfPage\":{\"@id\":\"https:\\\/\\\/thefeminismproject.com\\\/fr\\\/en-vedette\\\/je-ne-suis-pas-feministe-3\\\/#primaryimage\"},\"image\":{\"@id\":\"https:\\\/\\\/thefeminismproject.com\\\/fr\\\/en-vedette\\\/je-ne-suis-pas-feministe-3\\\/#primaryimage\"},\"thumbnailUrl\":\"https:\\\/\\\/thefeminismproject.com\\\/wp-content\\\/uploads\\\/2025\\\/04\\\/livret-je-ne-suis-pas-feministe-mais.png\",\"datePublished\":\"2025-04-11T22:37:12+00:00\",\"description\":\"Le f\u00e9minisme, ce mot qui semble \u00e0 la fois porteur d\u2019espoir et d\u00e9clencheur de tensions, ne laisse personne indiff\u00e9rent. Paradoxalement, l'expression \u00ab Je\",\"breadcrumb\":{\"@id\":\"https:\\\/\\\/thefeminismproject.com\\\/fr\\\/en-vedette\\\/je-ne-suis-pas-feministe-3\\\/#breadcrumb\"},\"inLanguage\":\"fr-FR\",\"potentialAction\":[{\"@type\":\"ReadAction\",\"target\":[\"https:\\\/\\\/thefeminismproject.com\\\/fr\\\/en-vedette\\\/je-ne-suis-pas-feministe-3\\\/\"]}]},{\"@type\":\"ImageObject\",\"inLanguage\":\"fr-FR\",\"@id\":\"https:\\\/\\\/thefeminismproject.com\\\/fr\\\/en-vedette\\\/je-ne-suis-pas-feministe-3\\\/#primaryimage\",\"url\":\"https:\\\/\\\/thefeminismproject.com\\\/wp-content\\\/uploads\\\/2025\\\/04\\\/livret-je-ne-suis-pas-feministe-mais.png\",\"contentUrl\":\"https:\\\/\\\/thefeminismproject.com\\\/wp-content\\\/uploads\\\/2025\\\/04\\\/livret-je-ne-suis-pas-feministe-mais.png\",\"width\":355,\"height\":490},{\"@type\":\"BreadcrumbList\",\"@id\":\"https:\\\/\\\/thefeminismproject.com\\\/fr\\\/en-vedette\\\/je-ne-suis-pas-feministe-3\\\/#breadcrumb\",\"itemListElement\":[{\"@type\":\"ListItem\",\"position\":1,\"name\":\"Home\",\"item\":\"https:\\\/\\\/thefeminismproject.com\\\/fr\\\/accueil\\\/\"},{\"@type\":\"ListItem\",\"position\":2,\"name\":\"\u201cJe ne suis pas f\u00e9ministe\"}]},{\"@type\":\"WebSite\",\"@id\":\"https:\\\/\\\/thefeminismproject.com\\\/fr\\\/#website\",\"url\":\"https:\\\/\\\/thefeminismproject.com\\\/fr\\\/\",\"name\":\"thefeminismproject.com\",\"description\":\"Popular culture with a feminist twist | let&#039;s talk about things that matter (news that feels right)\",\"publisher\":{\"@id\":\"https:\\\/\\\/thefeminismproject.com\\\/fr\\\/#organization\"},\"potentialAction\":[{\"@type\":\"SearchAction\",\"target\":{\"@type\":\"EntryPoint\",\"urlTemplate\":\"https:\\\/\\\/thefeminismproject.com\\\/fr\\\/?s={search_term_string}\"},\"query-input\":{\"@type\":\"PropertyValueSpecification\",\"valueRequired\":true,\"valueName\":\"search_term_string\"}}],\"inLanguage\":\"fr-FR\"},{\"@type\":\"Organization\",\"@id\":\"https:\\\/\\\/thefeminismproject.com\\\/fr\\\/#organization\",\"name\":\"thefeminismproject.com\",\"url\":\"https:\\\/\\\/thefeminismproject.com\\\/fr\\\/\",\"logo\":{\"@type\":\"ImageObject\",\"inLanguage\":\"fr-FR\",\"@id\":\"https:\\\/\\\/thefeminismproject.com\\\/fr\\\/#\\\/schema\\\/logo\\\/image\\\/\",\"url\":\"https:\\\/\\\/thefeminismproject.com\\\/wp-content\\\/uploads\\\/2024\\\/10\\\/pexels-vazhnik-7561648.jpg\",\"contentUrl\":\"https:\\\/\\\/thefeminismproject.com\\\/wp-content\\\/uploads\\\/2024\\\/10\\\/pexels-vazhnik-7561648.jpg\",\"width\":2500,\"height\":1667,\"caption\":\"thefeminismproject.com\"},\"image\":{\"@id\":\"https:\\\/\\\/thefeminismproject.com\\\/fr\\\/#\\\/schema\\\/logo\\\/image\\\/\"}},{\"@type\":\"Person\",\"@id\":\"https:\\\/\\\/thefeminismproject.com\\\/fr\\\/#\\\/schema\\\/person\\\/d2d84f0918ac04ca2b9f5b912890ad51\",\"name\":\"Joaquimma Anna\",\"image\":{\"@type\":\"ImageObject\",\"inLanguage\":\"fr-FR\",\"@id\":\"https:\\\/\\\/secure.gravatar.com\\\/avatar\\\/7d06747db1565e73d68391d596fc2eb15a10a4b4c1864574c454435523af94f1?s=96&d=mm&r=g\",\"url\":\"https:\\\/\\\/secure.gravatar.com\\\/avatar\\\/7d06747db1565e73d68391d596fc2eb15a10a4b4c1864574c454435523af94f1?s=96&d=mm&r=g\",\"contentUrl\":\"https:\\\/\\\/secure.gravatar.com\\\/avatar\\\/7d06747db1565e73d68391d596fc2eb15a10a4b4c1864574c454435523af94f1?s=96&d=mm&r=g\",\"caption\":\"Joaquimma Anna\"},\"description\":\"Hi my name Joaquimma Anna, and let's tumble down the rabbit hole of thought! At thefeminismproject.com, this blog is a whimsical carnival of ideas. As a mischievous feminism activist, I'm here to juggle the narratives of women. This project? A delightful escapade into the absurdities and splendors of our world. Expect the unexpected!\",\"sameAs\":[\"http:\\\/\\\/thefeminismproject.com\"],\"url\":\"https:\\\/\\\/thefeminismproject.com\\\/fr\\\/author\\\/bella-sungkawa\\\/\"}]}<\/script>\n<!-- \/ Yoast SEO plugin. -->","yoast_head_json":{"title":"\u201cJe ne suis pas f\u00e9ministe","description":"Le f\u00e9minisme, ce mot qui semble \u00e0 la fois porteur d\u2019espoir et d\u00e9clencheur de tensions, ne laisse personne indiff\u00e9rent. Paradoxalement, l'expression \u00ab Je","robots":{"index":"index","follow":"follow","max-snippet":"max-snippet:-1","max-image-preview":"max-image-preview:large","max-video-preview":"max-video-preview:-1"},"canonical":"https:\/\/thefeminismproject.com\/fr\/en-vedette\/je-ne-suis-pas-feministe-3\/","og_locale":"fr_FR","og_type":"article","og_title":"\u201cJe ne suis pas f\u00e9ministe","og_description":"Le f\u00e9minisme, ce mot qui semble \u00e0 la fois porteur d\u2019espoir et d\u00e9clencheur de tensions, ne laisse personne indiff\u00e9rent. Paradoxalement, l'expression \u00ab Je","og_url":"https:\/\/thefeminismproject.com\/fr\/en-vedette\/je-ne-suis-pas-feministe-3\/","og_site_name":"thefeminismproject.com","article_published_time":"2025-04-11T22:37:12+00:00","og_image":[{"width":355,"height":490,"url":"https:\/\/thefeminismproject.com\/wp-content\/uploads\/2025\/04\/livret-je-ne-suis-pas-feministe-mais.png","type":"image\/png"}],"author":"Joaquimma Anna","twitter_card":"summary_large_image","twitter_misc":{"\u00c9crit par":"Joaquimma Anna","Dur\u00e9e de lecture estim\u00e9e":"5 minutes"},"schema":{"@context":"https:\/\/schema.org","@graph":[{"@type":"Article","@id":"https:\/\/thefeminismproject.com\/fr\/en-vedette\/je-ne-suis-pas-feministe-3\/#article","isPartOf":{"@id":"https:\/\/thefeminismproject.com\/fr\/en-vedette\/je-ne-suis-pas-feministe-3\/"},"author":{"name":"Joaquimma Anna","@id":"https:\/\/thefeminismproject.com\/fr\/#\/schema\/person\/d2d84f0918ac04ca2b9f5b912890ad51"},"headline":"\u201cJe ne suis pas f\u00e9ministe","datePublished":"2025-04-11T22:37:12+00:00","mainEntityOfPage":{"@id":"https:\/\/thefeminismproject.com\/fr\/en-vedette\/je-ne-suis-pas-feministe-3\/"},"wordCount":1032,"commentCount":0,"publisher":{"@id":"https:\/\/thefeminismproject.com\/fr\/#organization"},"image":{"@id":"https:\/\/thefeminismproject.com\/fr\/en-vedette\/je-ne-suis-pas-feministe-3\/#primaryimage"},"thumbnailUrl":"https:\/\/thefeminismproject.com\/wp-content\/uploads\/2025\/04\/livret-je-ne-suis-pas-feministe-mais.png","articleSection":["En vedette"],"inLanguage":"fr-FR","potentialAction":[{"@type":"CommentAction","name":"Comment","target":["https:\/\/thefeminismproject.com\/fr\/en-vedette\/je-ne-suis-pas-feministe-3\/#respond"]}]},{"@type":"WebPage","@id":"https:\/\/thefeminismproject.com\/fr\/en-vedette\/je-ne-suis-pas-feministe-3\/","url":"https:\/\/thefeminismproject.com\/fr\/en-vedette\/je-ne-suis-pas-feministe-3\/","name":"\u201cJe ne suis pas f\u00e9ministe","isPartOf":{"@id":"https:\/\/thefeminismproject.com\/fr\/#website"},"primaryImageOfPage":{"@id":"https:\/\/thefeminismproject.com\/fr\/en-vedette\/je-ne-suis-pas-feministe-3\/#primaryimage"},"image":{"@id":"https:\/\/thefeminismproject.com\/fr\/en-vedette\/je-ne-suis-pas-feministe-3\/#primaryimage"},"thumbnailUrl":"https:\/\/thefeminismproject.com\/wp-content\/uploads\/2025\/04\/livret-je-ne-suis-pas-feministe-mais.png","datePublished":"2025-04-11T22:37:12+00:00","description":"Le f\u00e9minisme, ce mot qui semble \u00e0 la fois porteur d\u2019espoir et d\u00e9clencheur de tensions, ne laisse personne indiff\u00e9rent. Paradoxalement, l'expression \u00ab Je","breadcrumb":{"@id":"https:\/\/thefeminismproject.com\/fr\/en-vedette\/je-ne-suis-pas-feministe-3\/#breadcrumb"},"inLanguage":"fr-FR","potentialAction":[{"@type":"ReadAction","target":["https:\/\/thefeminismproject.com\/fr\/en-vedette\/je-ne-suis-pas-feministe-3\/"]}]},{"@type":"ImageObject","inLanguage":"fr-FR","@id":"https:\/\/thefeminismproject.com\/fr\/en-vedette\/je-ne-suis-pas-feministe-3\/#primaryimage","url":"https:\/\/thefeminismproject.com\/wp-content\/uploads\/2025\/04\/livret-je-ne-suis-pas-feministe-mais.png","contentUrl":"https:\/\/thefeminismproject.com\/wp-content\/uploads\/2025\/04\/livret-je-ne-suis-pas-feministe-mais.png","width":355,"height":490},{"@type":"BreadcrumbList","@id":"https:\/\/thefeminismproject.com\/fr\/en-vedette\/je-ne-suis-pas-feministe-3\/#breadcrumb","itemListElement":[{"@type":"ListItem","position":1,"name":"Home","item":"https:\/\/thefeminismproject.com\/fr\/accueil\/"},{"@type":"ListItem","position":2,"name":"\u201cJe ne suis pas f\u00e9ministe"}]},{"@type":"WebSite","@id":"https:\/\/thefeminismproject.com\/fr\/#website","url":"https:\/\/thefeminismproject.com\/fr\/","name":"thefeminismproject.com","description":"Popular culture with a feminist twist | let&#039;s talk about things that matter (news that feels right)","publisher":{"@id":"https:\/\/thefeminismproject.com\/fr\/#organization"},"potentialAction":[{"@type":"SearchAction","target":{"@type":"EntryPoint","urlTemplate":"https:\/\/thefeminismproject.com\/fr\/?s={search_term_string}"},"query-input":{"@type":"PropertyValueSpecification","valueRequired":true,"valueName":"search_term_string"}}],"inLanguage":"fr-FR"},{"@type":"Organization","@id":"https:\/\/thefeminismproject.com\/fr\/#organization","name":"thefeminismproject.com","url":"https:\/\/thefeminismproject.com\/fr\/","logo":{"@type":"ImageObject","inLanguage":"fr-FR","@id":"https:\/\/thefeminismproject.com\/fr\/#\/schema\/logo\/image\/","url":"https:\/\/thefeminismproject.com\/wp-content\/uploads\/2024\/10\/pexels-vazhnik-7561648.jpg","contentUrl":"https:\/\/thefeminismproject.com\/wp-content\/uploads\/2024\/10\/pexels-vazhnik-7561648.jpg","width":2500,"height":1667,"caption":"thefeminismproject.com"},"image":{"@id":"https:\/\/thefeminismproject.com\/fr\/#\/schema\/logo\/image\/"}},{"@type":"Person","@id":"https:\/\/thefeminismproject.com\/fr\/#\/schema\/person\/d2d84f0918ac04ca2b9f5b912890ad51","name":"Joaquimma Anna","image":{"@type":"ImageObject","inLanguage":"fr-FR","@id":"https:\/\/secure.gravatar.com\/avatar\/7d06747db1565e73d68391d596fc2eb15a10a4b4c1864574c454435523af94f1?s=96&d=mm&r=g","url":"https:\/\/secure.gravatar.com\/avatar\/7d06747db1565e73d68391d596fc2eb15a10a4b4c1864574c454435523af94f1?s=96&d=mm&r=g","contentUrl":"https:\/\/secure.gravatar.com\/avatar\/7d06747db1565e73d68391d596fc2eb15a10a4b4c1864574c454435523af94f1?s=96&d=mm&r=g","caption":"Joaquimma Anna"},"description":"Hi my name Joaquimma Anna, and let's tumble down the rabbit hole of thought! At thefeminismproject.com, this blog is a whimsical carnival of ideas. As a mischievous feminism activist, I'm here to juggle the narratives of women. This project? A delightful escapade into the absurdities and splendors of our world. Expect the unexpected!","sameAs":["http:\/\/thefeminismproject.com"],"url":"https:\/\/thefeminismproject.com\/fr\/author\/bella-sungkawa\/"}]}},"_links":{"self":[{"href":"https:\/\/thefeminismproject.com\/fr\/wp-json\/wp\/v2\/posts\/1036532","targetHints":{"allow":["GET"]}}],"collection":[{"href":"https:\/\/thefeminismproject.com\/fr\/wp-json\/wp\/v2\/posts"}],"about":[{"href":"https:\/\/thefeminismproject.com\/fr\/wp-json\/wp\/v2\/types\/post"}],"author":[{"embeddable":true,"href":"https:\/\/thefeminismproject.com\/fr\/wp-json\/wp\/v2\/users\/1"}],"replies":[{"embeddable":true,"href":"https:\/\/thefeminismproject.com\/fr\/wp-json\/wp\/v2\/comments?post=1036532"}],"version-history":[{"count":0,"href":"https:\/\/thefeminismproject.com\/fr\/wp-json\/wp\/v2\/posts\/1036532\/revisions"}],"wp:featuredmedia":[{"embeddable":true,"href":"https:\/\/thefeminismproject.com\/fr\/wp-json\/wp\/v2\/media\/1036327"}],"wp:attachment":[{"href":"https:\/\/thefeminismproject.com\/fr\/wp-json\/wp\/v2\/media?parent=1036532"}],"wp:term":[{"taxonomy":"category","embeddable":true,"href":"https:\/\/thefeminismproject.com\/fr\/wp-json\/wp\/v2\/categories?post=1036532"},{"taxonomy":"post_tag","embeddable":true,"href":"https:\/\/thefeminismproject.com\/fr\/wp-json\/wp\/v2\/tags?post=1036532"}],"curies":[{"name":"wp","href":"https:\/\/api.w.org\/{rel}","templated":true}]}}