{"id":1036616,"date":"2024-10-28T04:08:01","date_gmt":"2024-10-28T04:08:01","guid":{"rendered":"https:\/\/thefeminismproject.com\/?p=1036616"},"modified":"2025-04-22T11:41:20","modified_gmt":"2025-04-22T11:41:20","slug":"5-postures-de-yoga-pour-votre-prochaine-seance-dentrainement-en-exterieur","status":"publish","type":"post","link":"https:\/\/thefeminismproject.com\/fr\/beaute\/se-maquiller\/5-postures-de-yoga-pour-votre-prochaine-seance-dentrainement-en-exterieur\/","title":{"rendered":"5 postures de yoga pour votre prochaine s\u00e9ance d&rsquo;entra\u00eenement en ext\u00e9rieur"},"content":{"rendered":"<p>Pratiquer le yoga en plein air, c\u2019est profiter d\u2019une connexion imm\u00e9diate avec la nature et insuffler un vent de fra\u00eecheur \u00e0 votre routine fitness. Que vous soyez un\u00b7e yogi confirm\u00e9\u00b7e ou un\u00b7e d\u00e9butant\u00b7e curieux\u00b7se, l\u2019air libre offre un cadre stimulant pour renforcer votre corps et apaiser votre esprit. Voici cinq postures\u00a0<strong>incontournables<\/strong>\u00a0\u00e0 int\u00e9grer \u00e0 votre prochaine s\u00e9ance en ext\u00e9rieur.<\/p>\n<hr \/>\n<h2 id=\"1-tadasana-la-posture-de-la-montagne-\">1. Tadasana (la posture de la montagne)<\/h2>\n<h3 id=\"pourquoi-l-adopter-en-ext-rieur\">Pourquoi l\u2019adopter en ext\u00e9rieur<\/h3>\n<p>Tadasana est une posture d\u2019alignement et de centrage. Elle vous permet de ressentir le contact de vos pieds avec le sol naturel (herbe, sable ou terre l\u00e9g\u00e8rement meuble), ce qui renforce votre ancrage.<\/p>\n<h3 id=\"comment-pratiquer\">Comment pratiquer<\/h3>\n<ol>\n<li><strong>Position de d\u00e9part<\/strong>\u00a0: debout, pieds joints ou l\u00e9g\u00e8rement \u00e9cart\u00e9s (largeur des hanches), genoux souples.<\/li>\n<li><strong>Alignement<\/strong>\u00a0: imaginez une ligne partant du coccyx jusqu\u2019au sommet du cr\u00e2ne.<\/li>\n<li><strong>Bras rel\u00e2ch\u00e9s<\/strong>\u00a0: paumes tourn\u00e9es vers l\u2019int\u00e9rieur, \u00e9paules basses.<\/li>\n<li><strong>Respiration<\/strong>\u00a0: inspirez profond\u00e9ment en allongeant la colonne, expirez en ancrant bien les talons.<\/li>\n<\/ol>\n<h3 id=\"bienfaits\">Bienfaits<\/h3>\n<ul>\n<li>Am\u00e9liore la posture musculaire<\/li>\n<li>Stimule la circulation sanguine<\/li>\n<li>Favorise la conscience corporelle et la stabilit\u00e9 \u00e9motionnelle<\/li>\n<\/ul>\n<hr \/>\n<h2 id=\"2-virabhadrasana-ii-le-guerrier-ii-\">2. Virabhadrasana II (le guerrier II)<\/h2>\n<h3 id=\"pourquoi-l-adopter-en-ext-rieur\">Pourquoi l\u2019adopter en ext\u00e9rieur<\/h3>\n<p>Cette posture puissante puise son \u00e9nergie dans l\u2019espace qui vous entoure. Sous un ciel d\u00e9gag\u00e9, vos bras s\u2019\u00e9tirent vers l\u2019infini et l\u2019esprit s\u2019ouvre \u00e0 la confiance.<\/p>\n<h3 id=\"comment-pratiquer\">Comment pratiquer<\/h3>\n<ol>\n<li><strong>Position de base<\/strong>\u00a0: \u00e9cartez les jambes d\u2019environ 1 m\u00e8tre.<\/li>\n<li><strong>Pied avant<\/strong>\u00a0: orient\u00e9 \u00e0 90\u00b0 vers l\u2019ext\u00e9rieur.<\/li>\n<li><strong>Pied arri\u00e8re<\/strong>\u00a0: tourn\u00e9 l\u00e9g\u00e8rement vers l\u2019int\u00e9rieur.<\/li>\n<li><strong>Flexion du genou avant<\/strong>\u00a0: cuisse parall\u00e8le au sol.<\/li>\n<li><strong>Bras \u00e0 l\u2019horizontale<\/strong>\u00a0: paumes vers le bas, regard vers la main avant.<\/li>\n<li><strong>Respiration<\/strong>\u00a0: inspirez en ouvrant la poitrine, expirez en enracinant les pieds.<\/li>\n<\/ol>\n<h3 id=\"variantes-et-conseils\">Variantes et conseils<\/h3>\n<ul>\n<li>Si l\u2019\u00e9quilibre est d\u00e9licat sur un sol irr\u00e9gulier, posez un tapis de yoga ou une serviette antid\u00e9rapante.<\/li>\n<li>Pour plus d\u2019ouverture, essayez Virabhadrasana I (les bras lev\u00e9s en V).<\/li>\n<\/ul>\n<h3 id=\"bienfaits\">Bienfaits<\/h3>\n<ul>\n<li>Renforce les jambes, les hanches et les \u00e9paules<\/li>\n<li>Ouvre la poitrine et stimule la digestion<\/li>\n<li>D\u00e9veloppe le courage physique et mental<\/li>\n<\/ul>\n<hr \/>\n<h2 id=\"3-utthita-parsvakonasana-l-angle-lat-ral-tir-\">3. Utthita Parsvakonasana (l\u2019angle lat\u00e9ral \u00e9tir\u00e9)<\/h2>\n<h3 id=\"pourquoi-l-adopter-en-ext-rieur\">Pourquoi l\u2019adopter en ext\u00e9rieur<\/h3>\n<p>L\u2019\u00e9tirement lat\u00e9ral prend toute sa dimension lorsque l\u2019air circule autour de vous. Le souffle se lib\u00e8re, et vous profitez pleinement de l\u2019environnement.<\/p>\n<h3 id=\"comment-pratiquer\">Comment pratiquer<\/h3>\n<ol>\n<li><strong>De Virabhadrasana II<\/strong>\u00a0: gardez le pied avant fl\u00e9chi.<\/li>\n<li><strong>Main avant<\/strong>\u00a0: descend le long de la jambe ou jusqu\u2019au sol (ou sur un bloc si besoin).<\/li>\n<li><strong>Bras arri\u00e8re<\/strong>\u00a0: tendu vers le ciel, paume ouverte.<\/li>\n<li><strong>Regard<\/strong>\u00a0: vers la main haute.<\/li>\n<li><strong>Alignement<\/strong>\u00a0: hanche avant ouverte, rotation externe du pied arri\u00e8re.<\/li>\n<\/ol>\n<h3 id=\"modifications\">Modifications<\/h3>\n<ul>\n<li>Placez un bloc ou une brique sous la main avant pour \u00e9viter de trop solliciter la colonne.<\/li>\n<li>Adaptez l\u2019\u00e9cartement des jambes selon votre souplesse.<\/li>\n<\/ul>\n<h3 id=\"bienfaits\">Bienfaits<\/h3>\n<ul>\n<li>\u00c9tirage intensif des flancs et de l\u2019aine<\/li>\n<li>Renforcement des jambes et de la sangle abdominale<\/li>\n<li>Am\u00e9lioration de la respiration et de la concentration<\/li>\n<\/ul>\n<hr \/>\n<h2 id=\"4-vrksasana-la-posture-de-l-arbre-\">4. Vrksasana (la posture de l\u2019arbre)<\/h2>\n<h3 id=\"pourquoi-l-adopter-en-ext-rieur\">Pourquoi l\u2019adopter en ext\u00e9rieur<\/h3>\n<p>Vrksasana symbolise la connexion avec la terre. En plein air, votre \u00e9quilibre se nourrit du sol naturel et de la force tranquille du paysage.<\/p>\n<h3 id=\"comment-pratiquer\">Comment pratiquer<\/h3>\n<ol>\n<li><strong>Position de d\u00e9part<\/strong>\u00a0: Tadasana.<\/li>\n<li><strong>Pied d\u2019appui<\/strong>\u00a0: bien enracin\u00e9, orteils \u00e9cart\u00e9s.<\/li>\n<li><strong>Pied lev\u00e9<\/strong>\u00a0: pos\u00e9 contre la cuisse ou le mollet (\u00e9vitez le genou).<\/li>\n<li><strong>Mains en pri\u00e8re<\/strong>\u00a0: position Namast\u00e9 devant la poitrine ou bras tendus vers le ciel.<\/li>\n<li><strong>Regard<\/strong>\u00a0: fixe un point au loin.<\/li>\n<\/ol>\n<h3 id=\"astuces\">Astuces<\/h3>\n<ul>\n<li>Si l\u2019\u00e9quilibre vacille, commencez pr\u00e8s d\u2019un arbre, d\u2019un banc ou d\u2019un mur pour vous stabiliser.<\/li>\n<li>Respirez profond\u00e9ment pour renforcer la concentration.<\/li>\n<\/ul>\n<h3 id=\"bienfaits\">Bienfaits<\/h3>\n<ul>\n<li>Renforce les chevilles et les mollets<\/li>\n<li>Am\u00e9liore la proprioception et l\u2019\u00e9quilibre<\/li>\n<li>Apaise le mental et d\u00e9veloppe la patience<\/li>\n<\/ul>\n<hr \/>\n<h2 id=\"5-setu-bandha-sarvangasana-le-pont-\">5. Setu Bandha Sarvangasana (le pont)<\/h2>\n<h3 id=\"pourquoi-l-adopter-en-ext-rieur\">Pourquoi l\u2019adopter en ext\u00e9rieur<\/h3>\n<p>Cette posture de flexion arri\u00e8re vous ouvre le c\u0153ur au ciel. Sous les arbres ou face \u00e0 l\u2019horizon, vous ressentirez pleinement la vertigineuse sensation d\u2019ouverture.<\/p>\n<h3 id=\"comment-pratiquer\">Comment pratiquer<\/h3>\n<ol>\n<li><strong>Position de d\u00e9part<\/strong>\u00a0: allong\u00e9\u00b7e sur le dos, genoux pli\u00e9s, pieds \u00e0 plat, \u00e9cart\u00e9s largeur de hanches.<\/li>\n<li><strong>Mains<\/strong>\u00a0: pos\u00e9es \u00e0 plat pr\u00e8s du corps, doigts point\u00e9s vers les pieds.<\/li>\n<li><strong>\u00c9l\u00e9vation du bassin<\/strong>\u00a0: poussez dans les talons pour soulever les hanches.<\/li>\n<li><strong>Buste et cuisses<\/strong>\u00a0: align\u00e9s, \u00e9paules bien ancr\u00e9es.<\/li>\n<li><strong>Regard<\/strong>\u00a0: vers le sternum ou le ciel.<\/li>\n<\/ol>\n<h3 id=\"variantes\">Variantes<\/h3>\n<ul>\n<li>Entrelacez les doigts sous le dos pour accentuer l\u2019ouverture des \u00e9paules.<\/li>\n<li>Placez un bolster ou une brique sous le sacrum pour une posture restauratrice.<\/li>\n<\/ul>\n<h3 id=\"bienfaits\">Bienfaits<\/h3>\n<ul>\n<li>Renforce les muscles dorsaux et fessiers<\/li>\n<li>\u00c9tire la poitrine, la colonne vert\u00e9brale et la gorge<\/li>\n<li>Favorise l\u2019ouverture du c\u0153ur et la d\u00e9tente profonde<\/li>\n<\/ul>\n<hr \/>\n<h2 id=\"conseils-pour-une-s-ance-en-plein-air-r-ussie\">Conseils pour une s\u00e9ance en plein air r\u00e9ussie<\/h2>\n<ol>\n<li><strong>Choix de l\u2019emplacement<\/strong>\u00a0: optez pour un sol plan et stable, loin des zones \u00e0 fort passage.<\/li>\n<li><strong>Mat\u00e9riel adapt\u00e9<\/strong>\u00a0: un tapis antid\u00e9rapant ou une serviette \u00e9paisse pour compenser les irr\u00e9gularit\u00e9s.<\/li>\n<li><strong>Tenue l\u00e9g\u00e8re et respirante<\/strong>\u00a0: privil\u00e9giez des tissus \u00e9co\u2011responsables et extensibles.<\/li>\n<li><strong>Protection solaire<\/strong>\u00a0: chapeau, lunettes, cr\u00e8me SPF et hydratation.<\/li>\n<li><strong>\u00c9coute de soi<\/strong>\u00a0: adaptez la s\u00e9ance \u00e0 votre niveau et aux conditions m\u00e9t\u00e9o (vent, humidit\u00e9, temp\u00e9rature).<\/li>\n<\/ol>\n<hr \/>\n<h2 id=\"conclusion\">Conclusion<\/h2>\n<p>Pratiquer ces cinq postures en ext\u00e9rieur, c\u2019est red\u00e9couvrir le yoga sous un jour\u00a0<strong>renouvel\u00e9<\/strong>. L\u2019air pur, le chant des oiseaux et la caresse du vent ajoutent une dimension sensorielle unique \u00e0 chaque asana. Que vous cherchiez \u00e0 renforcer votre corps, \u00e0 apaiser votre esprit ou simplement \u00e0 varier votre routine, ces postures vous accompagneront dans une exp\u00e9rience\u00a0<strong>holistique<\/strong>\u00a0et inspirante. Alors, \u00e9talez votre tapis, respirez profond\u00e9ment\u2026 et laissez la nature guider votre pratique !<\/p>\n","protected":false},"excerpt":{"rendered":"<p>Pratiquer le yoga en plein air, c\u2019est profiter d\u2019une connexion imm\u00e9diate avec la nature et insuffler un vent de fra\u00eecheur \u00e0 votre routine fitness. Que vous soyez un\u00b7e yogi confirm\u00e9\u00b7e ou un\u00b7e d\u00e9butant\u00b7e curieux\u00b7se, l\u2019air libre offre un cadre stimulant pour renforcer votre corps et apaiser votre esprit. Voici cinq postures\u00a0incontournables\u00a0\u00e0 int\u00e9grer \u00e0 votre prochaine [&hellip;]<\/p>\n","protected":false},"author":1,"featured_media":1009217,"comment_status":"open","ping_status":"open","sticky":false,"template":"","format":"standard","meta":{"footnotes":""},"categories":[71],"tags":[],"class_list":{"0":"post-1036616","1":"post","2":"type-post","3":"status-publish","4":"format-standard","5":"has-post-thumbnail","7":"category-se-maquiller"},"yoast_head":"<!-- This site is optimized with the Yoast SEO plugin v27.4 - https:\/\/yoast.com\/product\/yoast-seo-wordpress\/ -->\n<title>5 postures de yoga pour votre prochaine s\u00e9ance d&#039;entra\u00eenement en ext\u00e9rieur<\/title>\n<meta name=\"description\" content=\"Pratiquer le yoga en plein air, c\u2019est profiter d\u2019une connexion imm\u00e9diate avec la nature et insuffler un vent de fra\u00eecheur \u00e0 votre routine fitness. Que\" \/>\n<meta name=\"robots\" content=\"index, follow, max-snippet:-1, max-image-preview:large, max-video-preview:-1\" \/>\n<link rel=\"canonical\" href=\"https:\/\/thefeminismproject.com\/fr\/beaute\/se-maquiller\/5-postures-de-yoga-pour-votre-prochaine-seance-dentrainement-en-exterieur\/\" \/>\n<meta property=\"og:locale\" content=\"fr_FR\" \/>\n<meta property=\"og:type\" content=\"article\" \/>\n<meta property=\"og:title\" content=\"5 postures de yoga pour votre prochaine s\u00e9ance d&#039;entra\u00eenement en ext\u00e9rieur\" \/>\n<meta property=\"og:description\" content=\"Pratiquer le yoga en plein air, c\u2019est profiter d\u2019une connexion imm\u00e9diate avec la nature et insuffler un vent de fra\u00eecheur \u00e0 votre routine fitness. Que\" \/>\n<meta property=\"og:url\" content=\"https:\/\/thefeminismproject.com\/fr\/beaute\/se-maquiller\/5-postures-de-yoga-pour-votre-prochaine-seance-dentrainement-en-exterieur\/\" \/>\n<meta property=\"og:site_name\" content=\"thefeminismproject.com\" \/>\n<meta property=\"article:published_time\" content=\"2024-10-28T04:08:01+00:00\" \/>\n<meta property=\"article:modified_time\" content=\"2025-04-22T11:41:20+00:00\" \/>\n<meta property=\"og:image\" content=\"https:\/\/thefeminismproject.com\/wp-content\/uploads\/2024\/10\/10.jpg\" \/>\n\t<meta property=\"og:image:width\" content=\"1068\" \/>\n\t<meta property=\"og:image:height\" content=\"712\" \/>\n\t<meta property=\"og:image:type\" content=\"image\/jpeg\" \/>\n<meta name=\"author\" content=\"Joaquimma Anna\" \/>\n<meta name=\"twitter:card\" content=\"summary_large_image\" \/>\n<meta name=\"twitter:label1\" content=\"\u00c9crit par\" \/>\n\t<meta name=\"twitter:data1\" content=\"Joaquimma Anna\" \/>\n\t<meta name=\"twitter:label2\" content=\"Dur\u00e9e de lecture estim\u00e9e\" \/>\n\t<meta name=\"twitter:data2\" content=\"5 minutes\" \/>\n<script type=\"application\/ld+json\" class=\"yoast-schema-graph\">{\"@context\":\"https:\\\/\\\/schema.org\",\"@graph\":[{\"@type\":\"Article\",\"@id\":\"https:\\\/\\\/thefeminismproject.com\\\/fr\\\/beaute\\\/se-maquiller\\\/5-postures-de-yoga-pour-votre-prochaine-seance-dentrainement-en-exterieur\\\/#article\",\"isPartOf\":{\"@id\":\"https:\\\/\\\/thefeminismproject.com\\\/fr\\\/beaute\\\/se-maquiller\\\/5-postures-de-yoga-pour-votre-prochaine-seance-dentrainement-en-exterieur\\\/\"},\"author\":{\"name\":\"Joaquimma Anna\",\"@id\":\"https:\\\/\\\/thefeminismproject.com\\\/fr\\\/#\\\/schema\\\/person\\\/d2d84f0918ac04ca2b9f5b912890ad51\"},\"headline\":\"5 postures de yoga pour votre prochaine s\u00e9ance d&rsquo;entra\u00eenement en ext\u00e9rieur\",\"datePublished\":\"2024-10-28T04:08:01+00:00\",\"dateModified\":\"2025-04-22T11:41:20+00:00\",\"mainEntityOfPage\":{\"@id\":\"https:\\\/\\\/thefeminismproject.com\\\/fr\\\/beaute\\\/se-maquiller\\\/5-postures-de-yoga-pour-votre-prochaine-seance-dentrainement-en-exterieur\\\/\"},\"wordCount\":971,\"commentCount\":0,\"publisher\":{\"@id\":\"https:\\\/\\\/thefeminismproject.com\\\/fr\\\/#organization\"},\"image\":{\"@id\":\"https:\\\/\\\/thefeminismproject.com\\\/fr\\\/beaute\\\/se-maquiller\\\/5-postures-de-yoga-pour-votre-prochaine-seance-dentrainement-en-exterieur\\\/#primaryimage\"},\"thumbnailUrl\":\"https:\\\/\\\/thefeminismproject.com\\\/wp-content\\\/uploads\\\/2024\\\/10\\\/10.jpg\",\"articleSection\":[\"Se maquiller\"],\"inLanguage\":\"fr-FR\",\"potentialAction\":[{\"@type\":\"CommentAction\",\"name\":\"Comment\",\"target\":[\"https:\\\/\\\/thefeminismproject.com\\\/fr\\\/beaute\\\/se-maquiller\\\/5-postures-de-yoga-pour-votre-prochaine-seance-dentrainement-en-exterieur\\\/#respond\"]}]},{\"@type\":\"WebPage\",\"@id\":\"https:\\\/\\\/thefeminismproject.com\\\/fr\\\/beaute\\\/se-maquiller\\\/5-postures-de-yoga-pour-votre-prochaine-seance-dentrainement-en-exterieur\\\/\",\"url\":\"https:\\\/\\\/thefeminismproject.com\\\/fr\\\/beaute\\\/se-maquiller\\\/5-postures-de-yoga-pour-votre-prochaine-seance-dentrainement-en-exterieur\\\/\",\"name\":\"5 postures de yoga pour votre prochaine s\u00e9ance d'entra\u00eenement en ext\u00e9rieur\",\"isPartOf\":{\"@id\":\"https:\\\/\\\/thefeminismproject.com\\\/fr\\\/#website\"},\"primaryImageOfPage\":{\"@id\":\"https:\\\/\\\/thefeminismproject.com\\\/fr\\\/beaute\\\/se-maquiller\\\/5-postures-de-yoga-pour-votre-prochaine-seance-dentrainement-en-exterieur\\\/#primaryimage\"},\"image\":{\"@id\":\"https:\\\/\\\/thefeminismproject.com\\\/fr\\\/beaute\\\/se-maquiller\\\/5-postures-de-yoga-pour-votre-prochaine-seance-dentrainement-en-exterieur\\\/#primaryimage\"},\"thumbnailUrl\":\"https:\\\/\\\/thefeminismproject.com\\\/wp-content\\\/uploads\\\/2024\\\/10\\\/10.jpg\",\"datePublished\":\"2024-10-28T04:08:01+00:00\",\"dateModified\":\"2025-04-22T11:41:20+00:00\",\"description\":\"Pratiquer le yoga en plein air, c\u2019est profiter d\u2019une connexion imm\u00e9diate avec la nature et insuffler un vent de fra\u00eecheur \u00e0 votre routine fitness. Que\",\"breadcrumb\":{\"@id\":\"https:\\\/\\\/thefeminismproject.com\\\/fr\\\/beaute\\\/se-maquiller\\\/5-postures-de-yoga-pour-votre-prochaine-seance-dentrainement-en-exterieur\\\/#breadcrumb\"},\"inLanguage\":\"fr-FR\",\"potentialAction\":[{\"@type\":\"ReadAction\",\"target\":[\"https:\\\/\\\/thefeminismproject.com\\\/fr\\\/beaute\\\/se-maquiller\\\/5-postures-de-yoga-pour-votre-prochaine-seance-dentrainement-en-exterieur\\\/\"]}]},{\"@type\":\"ImageObject\",\"inLanguage\":\"fr-FR\",\"@id\":\"https:\\\/\\\/thefeminismproject.com\\\/fr\\\/beaute\\\/se-maquiller\\\/5-postures-de-yoga-pour-votre-prochaine-seance-dentrainement-en-exterieur\\\/#primaryimage\",\"url\":\"https:\\\/\\\/thefeminismproject.com\\\/wp-content\\\/uploads\\\/2024\\\/10\\\/10.jpg\",\"contentUrl\":\"https:\\\/\\\/thefeminismproject.com\\\/wp-content\\\/uploads\\\/2024\\\/10\\\/10.jpg\",\"width\":1068,\"height\":712},{\"@type\":\"BreadcrumbList\",\"@id\":\"https:\\\/\\\/thefeminismproject.com\\\/fr\\\/beaute\\\/se-maquiller\\\/5-postures-de-yoga-pour-votre-prochaine-seance-dentrainement-en-exterieur\\\/#breadcrumb\",\"itemListElement\":[{\"@type\":\"ListItem\",\"position\":1,\"name\":\"Home\",\"item\":\"https:\\\/\\\/thefeminismproject.com\\\/fr\\\/accueil\\\/\"},{\"@type\":\"ListItem\",\"position\":2,\"name\":\"5 postures de yoga pour votre prochaine s\u00e9ance d&#8217;entra\u00eenement en ext\u00e9rieur\"}]},{\"@type\":\"WebSite\",\"@id\":\"https:\\\/\\\/thefeminismproject.com\\\/fr\\\/#website\",\"url\":\"https:\\\/\\\/thefeminismproject.com\\\/fr\\\/\",\"name\":\"thefeminismproject.com\",\"description\":\"Popular culture with a feminist twist | let&#039;s talk about things that matter (news that feels right)\",\"publisher\":{\"@id\":\"https:\\\/\\\/thefeminismproject.com\\\/fr\\\/#organization\"},\"potentialAction\":[{\"@type\":\"SearchAction\",\"target\":{\"@type\":\"EntryPoint\",\"urlTemplate\":\"https:\\\/\\\/thefeminismproject.com\\\/fr\\\/?s={search_term_string}\"},\"query-input\":{\"@type\":\"PropertyValueSpecification\",\"valueRequired\":true,\"valueName\":\"search_term_string\"}}],\"inLanguage\":\"fr-FR\"},{\"@type\":\"Organization\",\"@id\":\"https:\\\/\\\/thefeminismproject.com\\\/fr\\\/#organization\",\"name\":\"thefeminismproject.com\",\"url\":\"https:\\\/\\\/thefeminismproject.com\\\/fr\\\/\",\"logo\":{\"@type\":\"ImageObject\",\"inLanguage\":\"fr-FR\",\"@id\":\"https:\\\/\\\/thefeminismproject.com\\\/fr\\\/#\\\/schema\\\/logo\\\/image\\\/\",\"url\":\"https:\\\/\\\/thefeminismproject.com\\\/wp-content\\\/uploads\\\/2024\\\/10\\\/pexels-vazhnik-7561648.jpg\",\"contentUrl\":\"https:\\\/\\\/thefeminismproject.com\\\/wp-content\\\/uploads\\\/2024\\\/10\\\/pexels-vazhnik-7561648.jpg\",\"width\":2500,\"height\":1667,\"caption\":\"thefeminismproject.com\"},\"image\":{\"@id\":\"https:\\\/\\\/thefeminismproject.com\\\/fr\\\/#\\\/schema\\\/logo\\\/image\\\/\"}},{\"@type\":\"Person\",\"@id\":\"https:\\\/\\\/thefeminismproject.com\\\/fr\\\/#\\\/schema\\\/person\\\/d2d84f0918ac04ca2b9f5b912890ad51\",\"name\":\"Joaquimma Anna\",\"image\":{\"@type\":\"ImageObject\",\"inLanguage\":\"fr-FR\",\"@id\":\"https:\\\/\\\/secure.gravatar.com\\\/avatar\\\/7d06747db1565e73d68391d596fc2eb15a10a4b4c1864574c454435523af94f1?s=96&d=mm&r=g\",\"url\":\"https:\\\/\\\/secure.gravatar.com\\\/avatar\\\/7d06747db1565e73d68391d596fc2eb15a10a4b4c1864574c454435523af94f1?s=96&d=mm&r=g\",\"contentUrl\":\"https:\\\/\\\/secure.gravatar.com\\\/avatar\\\/7d06747db1565e73d68391d596fc2eb15a10a4b4c1864574c454435523af94f1?s=96&d=mm&r=g\",\"caption\":\"Joaquimma Anna\"},\"description\":\"Hi my name Joaquimma Anna, and let's tumble down the rabbit hole of thought! At thefeminismproject.com, this blog is a whimsical carnival of ideas. As a mischievous feminism activist, I'm here to juggle the narratives of women. This project? A delightful escapade into the absurdities and splendors of our world. Expect the unexpected!\",\"sameAs\":[\"http:\\\/\\\/thefeminismproject.com\"],\"url\":\"https:\\\/\\\/thefeminismproject.com\\\/fr\\\/author\\\/bella-sungkawa\\\/\"}]}<\/script>\n<!-- \/ Yoast SEO plugin. -->","yoast_head_json":{"title":"5 postures de yoga pour votre prochaine s\u00e9ance d'entra\u00eenement en ext\u00e9rieur","description":"Pratiquer le yoga en plein air, c\u2019est profiter d\u2019une connexion imm\u00e9diate avec la nature et insuffler un vent de fra\u00eecheur \u00e0 votre routine fitness. Que","robots":{"index":"index","follow":"follow","max-snippet":"max-snippet:-1","max-image-preview":"max-image-preview:large","max-video-preview":"max-video-preview:-1"},"canonical":"https:\/\/thefeminismproject.com\/fr\/beaute\/se-maquiller\/5-postures-de-yoga-pour-votre-prochaine-seance-dentrainement-en-exterieur\/","og_locale":"fr_FR","og_type":"article","og_title":"5 postures de yoga pour votre prochaine s\u00e9ance d'entra\u00eenement en ext\u00e9rieur","og_description":"Pratiquer le yoga en plein air, c\u2019est profiter d\u2019une connexion imm\u00e9diate avec la nature et insuffler un vent de fra\u00eecheur \u00e0 votre routine fitness. Que","og_url":"https:\/\/thefeminismproject.com\/fr\/beaute\/se-maquiller\/5-postures-de-yoga-pour-votre-prochaine-seance-dentrainement-en-exterieur\/","og_site_name":"thefeminismproject.com","article_published_time":"2024-10-28T04:08:01+00:00","article_modified_time":"2025-04-22T11:41:20+00:00","og_image":[{"width":1068,"height":712,"url":"https:\/\/thefeminismproject.com\/wp-content\/uploads\/2024\/10\/10.jpg","type":"image\/jpeg"}],"author":"Joaquimma Anna","twitter_card":"summary_large_image","twitter_misc":{"\u00c9crit par":"Joaquimma Anna","Dur\u00e9e de lecture estim\u00e9e":"5 minutes"},"schema":{"@context":"https:\/\/schema.org","@graph":[{"@type":"Article","@id":"https:\/\/thefeminismproject.com\/fr\/beaute\/se-maquiller\/5-postures-de-yoga-pour-votre-prochaine-seance-dentrainement-en-exterieur\/#article","isPartOf":{"@id":"https:\/\/thefeminismproject.com\/fr\/beaute\/se-maquiller\/5-postures-de-yoga-pour-votre-prochaine-seance-dentrainement-en-exterieur\/"},"author":{"name":"Joaquimma Anna","@id":"https:\/\/thefeminismproject.com\/fr\/#\/schema\/person\/d2d84f0918ac04ca2b9f5b912890ad51"},"headline":"5 postures de yoga pour votre prochaine s\u00e9ance d&rsquo;entra\u00eenement en ext\u00e9rieur","datePublished":"2024-10-28T04:08:01+00:00","dateModified":"2025-04-22T11:41:20+00:00","mainEntityOfPage":{"@id":"https:\/\/thefeminismproject.com\/fr\/beaute\/se-maquiller\/5-postures-de-yoga-pour-votre-prochaine-seance-dentrainement-en-exterieur\/"},"wordCount":971,"commentCount":0,"publisher":{"@id":"https:\/\/thefeminismproject.com\/fr\/#organization"},"image":{"@id":"https:\/\/thefeminismproject.com\/fr\/beaute\/se-maquiller\/5-postures-de-yoga-pour-votre-prochaine-seance-dentrainement-en-exterieur\/#primaryimage"},"thumbnailUrl":"https:\/\/thefeminismproject.com\/wp-content\/uploads\/2024\/10\/10.jpg","articleSection":["Se maquiller"],"inLanguage":"fr-FR","potentialAction":[{"@type":"CommentAction","name":"Comment","target":["https:\/\/thefeminismproject.com\/fr\/beaute\/se-maquiller\/5-postures-de-yoga-pour-votre-prochaine-seance-dentrainement-en-exterieur\/#respond"]}]},{"@type":"WebPage","@id":"https:\/\/thefeminismproject.com\/fr\/beaute\/se-maquiller\/5-postures-de-yoga-pour-votre-prochaine-seance-dentrainement-en-exterieur\/","url":"https:\/\/thefeminismproject.com\/fr\/beaute\/se-maquiller\/5-postures-de-yoga-pour-votre-prochaine-seance-dentrainement-en-exterieur\/","name":"5 postures de yoga pour votre prochaine s\u00e9ance d'entra\u00eenement en ext\u00e9rieur","isPartOf":{"@id":"https:\/\/thefeminismproject.com\/fr\/#website"},"primaryImageOfPage":{"@id":"https:\/\/thefeminismproject.com\/fr\/beaute\/se-maquiller\/5-postures-de-yoga-pour-votre-prochaine-seance-dentrainement-en-exterieur\/#primaryimage"},"image":{"@id":"https:\/\/thefeminismproject.com\/fr\/beaute\/se-maquiller\/5-postures-de-yoga-pour-votre-prochaine-seance-dentrainement-en-exterieur\/#primaryimage"},"thumbnailUrl":"https:\/\/thefeminismproject.com\/wp-content\/uploads\/2024\/10\/10.jpg","datePublished":"2024-10-28T04:08:01+00:00","dateModified":"2025-04-22T11:41:20+00:00","description":"Pratiquer le yoga en plein air, c\u2019est profiter d\u2019une connexion imm\u00e9diate avec la nature et insuffler un vent de fra\u00eecheur \u00e0 votre routine fitness. Que","breadcrumb":{"@id":"https:\/\/thefeminismproject.com\/fr\/beaute\/se-maquiller\/5-postures-de-yoga-pour-votre-prochaine-seance-dentrainement-en-exterieur\/#breadcrumb"},"inLanguage":"fr-FR","potentialAction":[{"@type":"ReadAction","target":["https:\/\/thefeminismproject.com\/fr\/beaute\/se-maquiller\/5-postures-de-yoga-pour-votre-prochaine-seance-dentrainement-en-exterieur\/"]}]},{"@type":"ImageObject","inLanguage":"fr-FR","@id":"https:\/\/thefeminismproject.com\/fr\/beaute\/se-maquiller\/5-postures-de-yoga-pour-votre-prochaine-seance-dentrainement-en-exterieur\/#primaryimage","url":"https:\/\/thefeminismproject.com\/wp-content\/uploads\/2024\/10\/10.jpg","contentUrl":"https:\/\/thefeminismproject.com\/wp-content\/uploads\/2024\/10\/10.jpg","width":1068,"height":712},{"@type":"BreadcrumbList","@id":"https:\/\/thefeminismproject.com\/fr\/beaute\/se-maquiller\/5-postures-de-yoga-pour-votre-prochaine-seance-dentrainement-en-exterieur\/#breadcrumb","itemListElement":[{"@type":"ListItem","position":1,"name":"Home","item":"https:\/\/thefeminismproject.com\/fr\/accueil\/"},{"@type":"ListItem","position":2,"name":"5 postures de yoga pour votre prochaine s\u00e9ance d&#8217;entra\u00eenement en ext\u00e9rieur"}]},{"@type":"WebSite","@id":"https:\/\/thefeminismproject.com\/fr\/#website","url":"https:\/\/thefeminismproject.com\/fr\/","name":"thefeminismproject.com","description":"Popular culture with a feminist twist | let&#039;s talk about things that matter (news that feels right)","publisher":{"@id":"https:\/\/thefeminismproject.com\/fr\/#organization"},"potentialAction":[{"@type":"SearchAction","target":{"@type":"EntryPoint","urlTemplate":"https:\/\/thefeminismproject.com\/fr\/?s={search_term_string}"},"query-input":{"@type":"PropertyValueSpecification","valueRequired":true,"valueName":"search_term_string"}}],"inLanguage":"fr-FR"},{"@type":"Organization","@id":"https:\/\/thefeminismproject.com\/fr\/#organization","name":"thefeminismproject.com","url":"https:\/\/thefeminismproject.com\/fr\/","logo":{"@type":"ImageObject","inLanguage":"fr-FR","@id":"https:\/\/thefeminismproject.com\/fr\/#\/schema\/logo\/image\/","url":"https:\/\/thefeminismproject.com\/wp-content\/uploads\/2024\/10\/pexels-vazhnik-7561648.jpg","contentUrl":"https:\/\/thefeminismproject.com\/wp-content\/uploads\/2024\/10\/pexels-vazhnik-7561648.jpg","width":2500,"height":1667,"caption":"thefeminismproject.com"},"image":{"@id":"https:\/\/thefeminismproject.com\/fr\/#\/schema\/logo\/image\/"}},{"@type":"Person","@id":"https:\/\/thefeminismproject.com\/fr\/#\/schema\/person\/d2d84f0918ac04ca2b9f5b912890ad51","name":"Joaquimma Anna","image":{"@type":"ImageObject","inLanguage":"fr-FR","@id":"https:\/\/secure.gravatar.com\/avatar\/7d06747db1565e73d68391d596fc2eb15a10a4b4c1864574c454435523af94f1?s=96&d=mm&r=g","url":"https:\/\/secure.gravatar.com\/avatar\/7d06747db1565e73d68391d596fc2eb15a10a4b4c1864574c454435523af94f1?s=96&d=mm&r=g","contentUrl":"https:\/\/secure.gravatar.com\/avatar\/7d06747db1565e73d68391d596fc2eb15a10a4b4c1864574c454435523af94f1?s=96&d=mm&r=g","caption":"Joaquimma Anna"},"description":"Hi my name Joaquimma Anna, and let's tumble down the rabbit hole of thought! At thefeminismproject.com, this blog is a whimsical carnival of ideas. As a mischievous feminism activist, I'm here to juggle the narratives of women. This project? A delightful escapade into the absurdities and splendors of our world. Expect the unexpected!","sameAs":["http:\/\/thefeminismproject.com"],"url":"https:\/\/thefeminismproject.com\/fr\/author\/bella-sungkawa\/"}]}},"_links":{"self":[{"href":"https:\/\/thefeminismproject.com\/fr\/wp-json\/wp\/v2\/posts\/1036616","targetHints":{"allow":["GET"]}}],"collection":[{"href":"https:\/\/thefeminismproject.com\/fr\/wp-json\/wp\/v2\/posts"}],"about":[{"href":"https:\/\/thefeminismproject.com\/fr\/wp-json\/wp\/v2\/types\/post"}],"author":[{"embeddable":true,"href":"https:\/\/thefeminismproject.com\/fr\/wp-json\/wp\/v2\/users\/1"}],"replies":[{"embeddable":true,"href":"https:\/\/thefeminismproject.com\/fr\/wp-json\/wp\/v2\/comments?post=1036616"}],"version-history":[{"count":2,"href":"https:\/\/thefeminismproject.com\/fr\/wp-json\/wp\/v2\/posts\/1036616\/revisions"}],"predecessor-version":[{"id":1036618,"href":"https:\/\/thefeminismproject.com\/fr\/wp-json\/wp\/v2\/posts\/1036616\/revisions\/1036618"}],"wp:featuredmedia":[{"embeddable":true,"href":"https:\/\/thefeminismproject.com\/fr\/wp-json\/wp\/v2\/media\/1009217"}],"wp:attachment":[{"href":"https:\/\/thefeminismproject.com\/fr\/wp-json\/wp\/v2\/media?parent=1036616"}],"wp:term":[{"taxonomy":"category","embeddable":true,"href":"https:\/\/thefeminismproject.com\/fr\/wp-json\/wp\/v2\/categories?post=1036616"},{"taxonomy":"post_tag","embeddable":true,"href":"https:\/\/thefeminismproject.com\/fr\/wp-json\/wp\/v2\/tags?post=1036616"}],"curies":[{"name":"wp","href":"https:\/\/api.w.org\/{rel}","templated":true}]}}