{"id":1036646,"date":"2025-04-22T07:40:23","date_gmt":"2025-04-22T07:40:23","guid":{"rendered":"https:\/\/thefeminismproject.com\/non-categorise\/portraits-inspirants-qui-sont-les-grandes-feministes-dhier-et-daujourdhui\/"},"modified":"2025-04-22T07:40:23","modified_gmt":"2025-04-22T07:40:23","slug":"portraits-inspirants-qui-sont-les-grandes-feministes-dhier-et-daujourdhui","status":"publish","type":"post","link":"https:\/\/thefeminismproject.com\/fr\/en-vedette\/portraits-inspirants-qui-sont-les-grandes-feministes-dhier-et-daujourdhui\/","title":{"rendered":"Portraits inspirants : qui sont les grandes f\u00e9ministes d\u2019hier et d\u2019aujourd\u2019hui ?"},"content":{"rendered":"<p>Dans un monde o\u00f9 l&rsquo;in\u00e9galit\u00e9 entre les sexes est encore omnipr\u00e9sente, il est crucial d&rsquo;explorer les figures embl\u00e9matiques du f\u00e9minisme qui ont pav\u00e9 la voie pour l&rsquo;\u00e9mancipation des femmes. Qui sont ces grandes f\u00e9ministes d\u2019hier et d\u2019aujourd\u2019hui qui continuent d\u2019inspirer des changements significatifs ? Permettez-moi de vous entra\u00eener dans un voyage \u00e0 travers le temps et l&rsquo;espace, en exposant les portraits inspirants de ces femmes audacieuses qui ont d\u00e9fi\u00e9 les normes et revendiqu\u00e9 leurs droits.<\/p>\n<p><strong>La r\u00e9volte d&rsquo;hier : les pionni\u00e8res du f\u00e9minisme<\/strong><\/p>\n<p>Il serait trivial de commencer sans \u00e9voquer les pionni\u00e8res du f\u00e9minisme, celles qui ont jalonn\u00e9 le chemin difficile vers l\u2019\u00e9mancipation des femmes. Prenons par exemple Olympe de Gouges, qui, au XVIIIe si\u00e8cle, a \u00e9crit la fameuse \u00ab\u00a0D\u00e9claration des droits de la femme et de la citoyenne\u00a0\u00bb. Dans une soci\u00e9t\u00e9 o\u00f9 la voix des femmes \u00e9tait \u00e9touff\u00e9e, elle a eu l&rsquo;audace de revendiquer des droits \u00e9gaux. Quelle provocation que de le faire alors que la R\u00e9volution fran\u00e7aise ne voyait encore en elle qu&rsquo;une citoyenne de seconde zone !<\/p>\n<p>Et que dire de Susan B. Anthony, militante am\u00e9ricaine qui, au XIXe si\u00e8cle, a lutt\u00e9 sans rel\u00e2che pour le droit de vote des femmes ? Son c\u00e9l\u00e8bre slogan, \u201cIl n\u2019y a pas de droits sans repr\u00e9sentation\u201d, r\u00e9sonne toujours dans les luttes contemporaines. Ces femmes nous montrent qu&rsquo;un courage indomptable peut franchir les barri\u00e8res les plus imp\u00e9n\u00e9trables.<\/p>\n<p><strong>Les externalit\u00e9s contemporaines : un nouveau souffle pour le f\u00e9minisme<\/strong><\/p>\n<p>Si les luttes d\u2019hier nous inspirent, celles d\u2019aujourd\u2019hui proposent une palette vari\u00e9e, riche en diversit\u00e9 et en complexit\u00e9. Des figures telles que Malala Yousafzai, qui, en plaidant pour l\u2019\u00e9ducation des filles, a non seulement d\u00e9fi\u00e9 le terrorisme, mais a aussi illumin\u00e9 le chemin de milliers de jeunes femmes \u00e0 travers le monde. Sa r\u00e9silience face aux menaces est un exemple frappant de la mani\u00e8re dont le f\u00e9minisme s\u2019interconnecte \u00e0 d&rsquo;autres causes sociales.<\/p>\n<p>Alors que la fronti\u00e8re entre le f\u00e9minisme et les autres mouvements sociaux semble parfois floue, il serait r\u00e9ducteur de ne pas reconna\u00eetre que la lutte pour les droits des LGBTQ+ et la justice raciale est intrins\u00e8quement li\u00e9e \u00e0 la lutte pour les droits des femmes. Des personnes comme Audre Lorde et Kimberl\u00e9 Crenshaw ont mis en lumi\u00e8re l\u2019importance d\u2019int\u00e9grer les luttes pour les droits des femmes avec celles des minorit\u00e9s ethniques et sexuelles. N\u2019est-il pas fascinant de voir \u00e0 quel point ces voix ont enrichi le discours f\u00e9ministe ?<\/p>\n<p><strong>Un f\u00e9minisme \u00e0 multiples facettes : intersectionnalit\u00e9 et diversit\u00e9<\/strong><\/p>\n<p>Dans cette \u00e8re de revendications plurivalentes, nous sommes confront\u00e9s \u00e0 la n\u00e9cessit\u00e9 d\u2019un f\u00e9minisme intersectionnel. Mais qu&rsquo;est-ce que cela signifie concr\u00e8tement ? Derri\u00e8re cette notion se cache l\u2019id\u00e9e fondamentale que les femmes, selon leur race, leur classe sociale, leur orientation sexuelle et leur culture, vivent des r\u00e9alit\u00e9s radicalement diff\u00e9rentes. Comment alors d\u00e9noncer l\u2019aveuglement d&rsquo;un f\u00e9minisme universel qui ne tient pas compte de cette vari\u00e9t\u00e9 d&rsquo;exp\u00e9riences ?<\/p>\n<p>Des voix comme celles de bell hooks, qui a plaid\u00e9 pour un f\u00e9minisme inclusif, illustrent \u00e0 quel point il est essentiel d&rsquo;apprendre \u00e0 accueillir tous les r\u00e9cits. En effet, chaque histoire, chaque douleur et chaque triomphe contribuent \u00e0 tisser une toile complexe et riche, o\u00f9 la solidarit\u00e9 entre les femmes devient non seulement souhaitable mais imp\u00e9rieuse.<\/p>\n<p><strong>L&rsquo;\u00e8re num\u00e9rique : un laboratoire pour les luttes f\u00e9ministes<\/strong><\/p>\n<p>Et que dire des r\u00e9percussions de la technologie sur le f\u00e9minisme moderne ? L\u2019\u00e8re num\u00e9rique offre-t-elle une plateforme pour la r\u00e9volte ou un terrain fertile pour l&rsquo;oppression ? Les r\u00e9seaux sociaux, avec leurs forces et leurs faiblesses, permettent d\u2019amplifier les voix f\u00e9ministes d\u2019une mani\u00e8re qui n\u2019\u00e9tait pas envisageable auparavant. Avec des hashtags tels que #MeToo et #TimesUp, des millions de femmes ont trouv\u00e9 un \u00e9cho \u00e0 leur souffrance et une fa\u00e7on de rejoindre une lutte collective. Mais au-del\u00e0 des mots, quel impact r\u00e9el cela a-t-il sur notre soci\u00e9t\u00e9 ? Ces mouvements engendrent-ils vraiment des changements palpables ou ne sont-ils que des bulles \u00e9ph\u00e9m\u00e8res sur l&rsquo;oc\u00e9an num\u00e9rique ?<\/p>\n<p>Nous sommes face \u00e0 un d\u00e9fi ; la r\u00e9sistance doit s\u2019articuler autour d\u2019actions concr\u00e8tes et non seulement sur la surface des choses. Il est essentiel de passer du virtuel au r\u00e9el, et de transformer notre indignation en propositions tangibles.<\/p>\n<p><strong>Conclusion : un appel \u00e0 l\u2019action<\/strong><\/p>\n<p>Alors, \u00e0 l&rsquo;aube de ce nouvel \u00e2ge f\u00e9ministe, qui seront les figures embl\u00e9matiques de demain ? Quelle jeune femme parmi nous se l\u00e8vera pour revendiquer les droits d\u2019une communaut\u00e9 opprim\u00e9e ? L&rsquo;h\u00e9ritage laiss\u00e9 par les grandes f\u00e9ministes du pass\u00e9 et du pr\u00e9sent exige une vigilance continue. Ne nous contentons pas d&rsquo;admirer ces figures, mais que leur exemple nous pousse \u00e0 agir. L&rsquo;engagement est plus qu&rsquo;une responsabilit\u00e9 ; c&rsquo;est un devoir. Cessons de nous interroger sur qui nous sommes et revendiquons qui nous souhaitons \u00eatre. Dans cette lutte, chaque voix compte. Allons-y, soyons ces voix !<\/p>\n","protected":false},"excerpt":{"rendered":"<p>Dans un monde o\u00f9 l&rsquo;in\u00e9galit\u00e9 entre les sexes est encore omnipr\u00e9sente, il est crucial d&rsquo;explorer les figures embl\u00e9matiques du f\u00e9minisme qui ont pav\u00e9 la voie pour l&rsquo;\u00e9mancipation des femmes. Qui sont ces grandes f\u00e9ministes d\u2019hier et d\u2019aujourd\u2019hui qui continuent d\u2019inspirer des changements significatifs ? Permettez-moi de vous entra\u00eener dans un voyage \u00e0 travers le temps [&hellip;]<\/p>\n","protected":false},"author":1,"featured_media":1036647,"comment_status":"open","ping_status":"open","sticky":false,"template":"","format":"standard","meta":{"footnotes":""},"categories":[77],"tags":[],"class_list":{"0":"post-1036646","1":"post","2":"type-post","3":"status-publish","4":"format-standard","5":"has-post-thumbnail","7":"category-en-vedette"},"yoast_head":"<!-- This site is optimized with the Yoast SEO plugin v27.4 - https:\/\/yoast.com\/product\/yoast-seo-wordpress\/ -->\n<title>Portraits inspirants : qui sont les grandes f\u00e9ministes d\u2019hier et d\u2019aujourd\u2019hui ?<\/title>\n<meta name=\"description\" content=\"Dans un monde o\u00f9 l&#039;in\u00e9galit\u00e9 entre les sexes est encore omnipr\u00e9sente, il est crucial d&#039;explorer les figures embl\u00e9matiques du f\u00e9minisme qui ont pav\u00e9 la\" \/>\n<meta name=\"robots\" content=\"index, follow, max-snippet:-1, max-image-preview:large, max-video-preview:-1\" \/>\n<link rel=\"canonical\" href=\"https:\/\/thefeminismproject.com\/fr\/en-vedette\/portraits-inspirants-qui-sont-les-grandes-feministes-dhier-et-daujourdhui\/\" \/>\n<meta property=\"og:locale\" content=\"fr_FR\" \/>\n<meta property=\"og:type\" content=\"article\" \/>\n<meta property=\"og:title\" content=\"Portraits inspirants : qui sont les grandes f\u00e9ministes d\u2019hier et d\u2019aujourd\u2019hui ?\" \/>\n<meta property=\"og:description\" content=\"Dans un monde o\u00f9 l&#039;in\u00e9galit\u00e9 entre les sexes est encore omnipr\u00e9sente, il est crucial d&#039;explorer les figures embl\u00e9matiques du f\u00e9minisme qui ont pav\u00e9 la\" \/>\n<meta property=\"og:url\" content=\"https:\/\/thefeminismproject.com\/fr\/en-vedette\/portraits-inspirants-qui-sont-les-grandes-feministes-dhier-et-daujourdhui\/\" \/>\n<meta property=\"og:site_name\" content=\"thefeminismproject.com\" \/>\n<meta property=\"article:published_time\" content=\"2025-04-22T07:40:23+00:00\" \/>\n<meta property=\"og:image\" content=\"https:\/\/thefeminismproject.com\/wp-content\/uploads\/2025\/04\/6bc78ca9f96cd9ae1738cfb406d2175c-1488447232.jpg\" \/>\n\t<meta property=\"og:image:width\" content=\"1248\" \/>\n\t<meta property=\"og:image:height\" content=\"701\" \/>\n\t<meta property=\"og:image:type\" content=\"image\/jpeg\" \/>\n<meta name=\"author\" content=\"Joaquimma Anna\" \/>\n<meta name=\"twitter:card\" content=\"summary_large_image\" \/>\n<meta name=\"twitter:label1\" content=\"\u00c9crit par\" \/>\n\t<meta name=\"twitter:data1\" content=\"Joaquimma Anna\" \/>\n\t<meta name=\"twitter:label2\" content=\"Dur\u00e9e de lecture estim\u00e9e\" \/>\n\t<meta name=\"twitter:data2\" content=\"4 minutes\" \/>\n<script type=\"application\/ld+json\" class=\"yoast-schema-graph\">{\"@context\":\"https:\\\/\\\/schema.org\",\"@graph\":[{\"@type\":\"Article\",\"@id\":\"https:\\\/\\\/thefeminismproject.com\\\/fr\\\/en-vedette\\\/portraits-inspirants-qui-sont-les-grandes-feministes-dhier-et-daujourdhui\\\/#article\",\"isPartOf\":{\"@id\":\"https:\\\/\\\/thefeminismproject.com\\\/fr\\\/en-vedette\\\/portraits-inspirants-qui-sont-les-grandes-feministes-dhier-et-daujourdhui\\\/\"},\"author\":{\"name\":\"Joaquimma Anna\",\"@id\":\"https:\\\/\\\/thefeminismproject.com\\\/fr\\\/#\\\/schema\\\/person\\\/d2d84f0918ac04ca2b9f5b912890ad51\"},\"headline\":\"Portraits inspirants : qui sont les grandes f\u00e9ministes d\u2019hier et d\u2019aujourd\u2019hui ?\",\"datePublished\":\"2025-04-22T07:40:23+00:00\",\"mainEntityOfPage\":{\"@id\":\"https:\\\/\\\/thefeminismproject.com\\\/fr\\\/en-vedette\\\/portraits-inspirants-qui-sont-les-grandes-feministes-dhier-et-daujourdhui\\\/\"},\"wordCount\":899,\"commentCount\":0,\"publisher\":{\"@id\":\"https:\\\/\\\/thefeminismproject.com\\\/fr\\\/#organization\"},\"image\":{\"@id\":\"https:\\\/\\\/thefeminismproject.com\\\/fr\\\/en-vedette\\\/portraits-inspirants-qui-sont-les-grandes-feministes-dhier-et-daujourdhui\\\/#primaryimage\"},\"thumbnailUrl\":\"https:\\\/\\\/thefeminismproject.com\\\/wp-content\\\/uploads\\\/2025\\\/04\\\/6bc78ca9f96cd9ae1738cfb406d2175c-1488447232.jpg\",\"articleSection\":[\"En vedette\"],\"inLanguage\":\"fr-FR\",\"potentialAction\":[{\"@type\":\"CommentAction\",\"name\":\"Comment\",\"target\":[\"https:\\\/\\\/thefeminismproject.com\\\/fr\\\/en-vedette\\\/portraits-inspirants-qui-sont-les-grandes-feministes-dhier-et-daujourdhui\\\/#respond\"]}]},{\"@type\":\"WebPage\",\"@id\":\"https:\\\/\\\/thefeminismproject.com\\\/fr\\\/en-vedette\\\/portraits-inspirants-qui-sont-les-grandes-feministes-dhier-et-daujourdhui\\\/\",\"url\":\"https:\\\/\\\/thefeminismproject.com\\\/fr\\\/en-vedette\\\/portraits-inspirants-qui-sont-les-grandes-feministes-dhier-et-daujourdhui\\\/\",\"name\":\"Portraits inspirants : qui sont les grandes f\u00e9ministes d\u2019hier et d\u2019aujourd\u2019hui ?\",\"isPartOf\":{\"@id\":\"https:\\\/\\\/thefeminismproject.com\\\/fr\\\/#website\"},\"primaryImageOfPage\":{\"@id\":\"https:\\\/\\\/thefeminismproject.com\\\/fr\\\/en-vedette\\\/portraits-inspirants-qui-sont-les-grandes-feministes-dhier-et-daujourdhui\\\/#primaryimage\"},\"image\":{\"@id\":\"https:\\\/\\\/thefeminismproject.com\\\/fr\\\/en-vedette\\\/portraits-inspirants-qui-sont-les-grandes-feministes-dhier-et-daujourdhui\\\/#primaryimage\"},\"thumbnailUrl\":\"https:\\\/\\\/thefeminismproject.com\\\/wp-content\\\/uploads\\\/2025\\\/04\\\/6bc78ca9f96cd9ae1738cfb406d2175c-1488447232.jpg\",\"datePublished\":\"2025-04-22T07:40:23+00:00\",\"description\":\"Dans un monde o\u00f9 l'in\u00e9galit\u00e9 entre les sexes est encore omnipr\u00e9sente, il est crucial d'explorer les figures embl\u00e9matiques du f\u00e9minisme qui ont pav\u00e9 la\",\"breadcrumb\":{\"@id\":\"https:\\\/\\\/thefeminismproject.com\\\/fr\\\/en-vedette\\\/portraits-inspirants-qui-sont-les-grandes-feministes-dhier-et-daujourdhui\\\/#breadcrumb\"},\"inLanguage\":\"fr-FR\",\"potentialAction\":[{\"@type\":\"ReadAction\",\"target\":[\"https:\\\/\\\/thefeminismproject.com\\\/fr\\\/en-vedette\\\/portraits-inspirants-qui-sont-les-grandes-feministes-dhier-et-daujourdhui\\\/\"]}]},{\"@type\":\"ImageObject\",\"inLanguage\":\"fr-FR\",\"@id\":\"https:\\\/\\\/thefeminismproject.com\\\/fr\\\/en-vedette\\\/portraits-inspirants-qui-sont-les-grandes-feministes-dhier-et-daujourdhui\\\/#primaryimage\",\"url\":\"https:\\\/\\\/thefeminismproject.com\\\/wp-content\\\/uploads\\\/2025\\\/04\\\/6bc78ca9f96cd9ae1738cfb406d2175c-1488447232.jpg\",\"contentUrl\":\"https:\\\/\\\/thefeminismproject.com\\\/wp-content\\\/uploads\\\/2025\\\/04\\\/6bc78ca9f96cd9ae1738cfb406d2175c-1488447232.jpg\",\"width\":1248,\"height\":701},{\"@type\":\"BreadcrumbList\",\"@id\":\"https:\\\/\\\/thefeminismproject.com\\\/fr\\\/en-vedette\\\/portraits-inspirants-qui-sont-les-grandes-feministes-dhier-et-daujourdhui\\\/#breadcrumb\",\"itemListElement\":[{\"@type\":\"ListItem\",\"position\":1,\"name\":\"Home\",\"item\":\"https:\\\/\\\/thefeminismproject.com\\\/fr\\\/accueil\\\/\"},{\"@type\":\"ListItem\",\"position\":2,\"name\":\"Portraits inspirants : qui sont les grandes f\u00e9ministes d\u2019hier et d\u2019aujourd\u2019hui ?\"}]},{\"@type\":\"WebSite\",\"@id\":\"https:\\\/\\\/thefeminismproject.com\\\/fr\\\/#website\",\"url\":\"https:\\\/\\\/thefeminismproject.com\\\/fr\\\/\",\"name\":\"thefeminismproject.com\",\"description\":\"Popular culture with a feminist twist | let&#039;s talk about things that matter (news that feels right)\",\"publisher\":{\"@id\":\"https:\\\/\\\/thefeminismproject.com\\\/fr\\\/#organization\"},\"potentialAction\":[{\"@type\":\"SearchAction\",\"target\":{\"@type\":\"EntryPoint\",\"urlTemplate\":\"https:\\\/\\\/thefeminismproject.com\\\/fr\\\/?s={search_term_string}\"},\"query-input\":{\"@type\":\"PropertyValueSpecification\",\"valueRequired\":true,\"valueName\":\"search_term_string\"}}],\"inLanguage\":\"fr-FR\"},{\"@type\":\"Organization\",\"@id\":\"https:\\\/\\\/thefeminismproject.com\\\/fr\\\/#organization\",\"name\":\"thefeminismproject.com\",\"url\":\"https:\\\/\\\/thefeminismproject.com\\\/fr\\\/\",\"logo\":{\"@type\":\"ImageObject\",\"inLanguage\":\"fr-FR\",\"@id\":\"https:\\\/\\\/thefeminismproject.com\\\/fr\\\/#\\\/schema\\\/logo\\\/image\\\/\",\"url\":\"https:\\\/\\\/thefeminismproject.com\\\/wp-content\\\/uploads\\\/2024\\\/10\\\/pexels-vazhnik-7561648.jpg\",\"contentUrl\":\"https:\\\/\\\/thefeminismproject.com\\\/wp-content\\\/uploads\\\/2024\\\/10\\\/pexels-vazhnik-7561648.jpg\",\"width\":2500,\"height\":1667,\"caption\":\"thefeminismproject.com\"},\"image\":{\"@id\":\"https:\\\/\\\/thefeminismproject.com\\\/fr\\\/#\\\/schema\\\/logo\\\/image\\\/\"}},{\"@type\":\"Person\",\"@id\":\"https:\\\/\\\/thefeminismproject.com\\\/fr\\\/#\\\/schema\\\/person\\\/d2d84f0918ac04ca2b9f5b912890ad51\",\"name\":\"Joaquimma Anna\",\"image\":{\"@type\":\"ImageObject\",\"inLanguage\":\"fr-FR\",\"@id\":\"https:\\\/\\\/secure.gravatar.com\\\/avatar\\\/7d06747db1565e73d68391d596fc2eb15a10a4b4c1864574c454435523af94f1?s=96&d=mm&r=g\",\"url\":\"https:\\\/\\\/secure.gravatar.com\\\/avatar\\\/7d06747db1565e73d68391d596fc2eb15a10a4b4c1864574c454435523af94f1?s=96&d=mm&r=g\",\"contentUrl\":\"https:\\\/\\\/secure.gravatar.com\\\/avatar\\\/7d06747db1565e73d68391d596fc2eb15a10a4b4c1864574c454435523af94f1?s=96&d=mm&r=g\",\"caption\":\"Joaquimma Anna\"},\"description\":\"Hi my name Joaquimma Anna, and let's tumble down the rabbit hole of thought! At thefeminismproject.com, this blog is a whimsical carnival of ideas. As a mischievous feminism activist, I'm here to juggle the narratives of women. This project? A delightful escapade into the absurdities and splendors of our world. Expect the unexpected!\",\"sameAs\":[\"http:\\\/\\\/thefeminismproject.com\"],\"url\":\"https:\\\/\\\/thefeminismproject.com\\\/fr\\\/author\\\/bella-sungkawa\\\/\"}]}<\/script>\n<!-- \/ Yoast SEO plugin. -->","yoast_head_json":{"title":"Portraits inspirants : qui sont les grandes f\u00e9ministes d\u2019hier et d\u2019aujourd\u2019hui ?","description":"Dans un monde o\u00f9 l'in\u00e9galit\u00e9 entre les sexes est encore omnipr\u00e9sente, il est crucial d'explorer les figures embl\u00e9matiques du f\u00e9minisme qui ont pav\u00e9 la","robots":{"index":"index","follow":"follow","max-snippet":"max-snippet:-1","max-image-preview":"max-image-preview:large","max-video-preview":"max-video-preview:-1"},"canonical":"https:\/\/thefeminismproject.com\/fr\/en-vedette\/portraits-inspirants-qui-sont-les-grandes-feministes-dhier-et-daujourdhui\/","og_locale":"fr_FR","og_type":"article","og_title":"Portraits inspirants : qui sont les grandes f\u00e9ministes d\u2019hier et d\u2019aujourd\u2019hui ?","og_description":"Dans un monde o\u00f9 l'in\u00e9galit\u00e9 entre les sexes est encore omnipr\u00e9sente, il est crucial d'explorer les figures embl\u00e9matiques du f\u00e9minisme qui ont pav\u00e9 la","og_url":"https:\/\/thefeminismproject.com\/fr\/en-vedette\/portraits-inspirants-qui-sont-les-grandes-feministes-dhier-et-daujourdhui\/","og_site_name":"thefeminismproject.com","article_published_time":"2025-04-22T07:40:23+00:00","og_image":[{"width":1248,"height":701,"url":"https:\/\/thefeminismproject.com\/wp-content\/uploads\/2025\/04\/6bc78ca9f96cd9ae1738cfb406d2175c-1488447232.jpg","type":"image\/jpeg"}],"author":"Joaquimma Anna","twitter_card":"summary_large_image","twitter_misc":{"\u00c9crit par":"Joaquimma Anna","Dur\u00e9e de lecture estim\u00e9e":"4 minutes"},"schema":{"@context":"https:\/\/schema.org","@graph":[{"@type":"Article","@id":"https:\/\/thefeminismproject.com\/fr\/en-vedette\/portraits-inspirants-qui-sont-les-grandes-feministes-dhier-et-daujourdhui\/#article","isPartOf":{"@id":"https:\/\/thefeminismproject.com\/fr\/en-vedette\/portraits-inspirants-qui-sont-les-grandes-feministes-dhier-et-daujourdhui\/"},"author":{"name":"Joaquimma Anna","@id":"https:\/\/thefeminismproject.com\/fr\/#\/schema\/person\/d2d84f0918ac04ca2b9f5b912890ad51"},"headline":"Portraits inspirants : qui sont les grandes f\u00e9ministes d\u2019hier et d\u2019aujourd\u2019hui ?","datePublished":"2025-04-22T07:40:23+00:00","mainEntityOfPage":{"@id":"https:\/\/thefeminismproject.com\/fr\/en-vedette\/portraits-inspirants-qui-sont-les-grandes-feministes-dhier-et-daujourdhui\/"},"wordCount":899,"commentCount":0,"publisher":{"@id":"https:\/\/thefeminismproject.com\/fr\/#organization"},"image":{"@id":"https:\/\/thefeminismproject.com\/fr\/en-vedette\/portraits-inspirants-qui-sont-les-grandes-feministes-dhier-et-daujourdhui\/#primaryimage"},"thumbnailUrl":"https:\/\/thefeminismproject.com\/wp-content\/uploads\/2025\/04\/6bc78ca9f96cd9ae1738cfb406d2175c-1488447232.jpg","articleSection":["En vedette"],"inLanguage":"fr-FR","potentialAction":[{"@type":"CommentAction","name":"Comment","target":["https:\/\/thefeminismproject.com\/fr\/en-vedette\/portraits-inspirants-qui-sont-les-grandes-feministes-dhier-et-daujourdhui\/#respond"]}]},{"@type":"WebPage","@id":"https:\/\/thefeminismproject.com\/fr\/en-vedette\/portraits-inspirants-qui-sont-les-grandes-feministes-dhier-et-daujourdhui\/","url":"https:\/\/thefeminismproject.com\/fr\/en-vedette\/portraits-inspirants-qui-sont-les-grandes-feministes-dhier-et-daujourdhui\/","name":"Portraits inspirants : qui sont les grandes f\u00e9ministes d\u2019hier et d\u2019aujourd\u2019hui ?","isPartOf":{"@id":"https:\/\/thefeminismproject.com\/fr\/#website"},"primaryImageOfPage":{"@id":"https:\/\/thefeminismproject.com\/fr\/en-vedette\/portraits-inspirants-qui-sont-les-grandes-feministes-dhier-et-daujourdhui\/#primaryimage"},"image":{"@id":"https:\/\/thefeminismproject.com\/fr\/en-vedette\/portraits-inspirants-qui-sont-les-grandes-feministes-dhier-et-daujourdhui\/#primaryimage"},"thumbnailUrl":"https:\/\/thefeminismproject.com\/wp-content\/uploads\/2025\/04\/6bc78ca9f96cd9ae1738cfb406d2175c-1488447232.jpg","datePublished":"2025-04-22T07:40:23+00:00","description":"Dans un monde o\u00f9 l'in\u00e9galit\u00e9 entre les sexes est encore omnipr\u00e9sente, il est crucial d'explorer les figures embl\u00e9matiques du f\u00e9minisme qui ont pav\u00e9 la","breadcrumb":{"@id":"https:\/\/thefeminismproject.com\/fr\/en-vedette\/portraits-inspirants-qui-sont-les-grandes-feministes-dhier-et-daujourdhui\/#breadcrumb"},"inLanguage":"fr-FR","potentialAction":[{"@type":"ReadAction","target":["https:\/\/thefeminismproject.com\/fr\/en-vedette\/portraits-inspirants-qui-sont-les-grandes-feministes-dhier-et-daujourdhui\/"]}]},{"@type":"ImageObject","inLanguage":"fr-FR","@id":"https:\/\/thefeminismproject.com\/fr\/en-vedette\/portraits-inspirants-qui-sont-les-grandes-feministes-dhier-et-daujourdhui\/#primaryimage","url":"https:\/\/thefeminismproject.com\/wp-content\/uploads\/2025\/04\/6bc78ca9f96cd9ae1738cfb406d2175c-1488447232.jpg","contentUrl":"https:\/\/thefeminismproject.com\/wp-content\/uploads\/2025\/04\/6bc78ca9f96cd9ae1738cfb406d2175c-1488447232.jpg","width":1248,"height":701},{"@type":"BreadcrumbList","@id":"https:\/\/thefeminismproject.com\/fr\/en-vedette\/portraits-inspirants-qui-sont-les-grandes-feministes-dhier-et-daujourdhui\/#breadcrumb","itemListElement":[{"@type":"ListItem","position":1,"name":"Home","item":"https:\/\/thefeminismproject.com\/fr\/accueil\/"},{"@type":"ListItem","position":2,"name":"Portraits inspirants : qui sont les grandes f\u00e9ministes d\u2019hier et d\u2019aujourd\u2019hui ?"}]},{"@type":"WebSite","@id":"https:\/\/thefeminismproject.com\/fr\/#website","url":"https:\/\/thefeminismproject.com\/fr\/","name":"thefeminismproject.com","description":"Popular culture with a feminist twist | let&#039;s talk about things that matter (news that feels right)","publisher":{"@id":"https:\/\/thefeminismproject.com\/fr\/#organization"},"potentialAction":[{"@type":"SearchAction","target":{"@type":"EntryPoint","urlTemplate":"https:\/\/thefeminismproject.com\/fr\/?s={search_term_string}"},"query-input":{"@type":"PropertyValueSpecification","valueRequired":true,"valueName":"search_term_string"}}],"inLanguage":"fr-FR"},{"@type":"Organization","@id":"https:\/\/thefeminismproject.com\/fr\/#organization","name":"thefeminismproject.com","url":"https:\/\/thefeminismproject.com\/fr\/","logo":{"@type":"ImageObject","inLanguage":"fr-FR","@id":"https:\/\/thefeminismproject.com\/fr\/#\/schema\/logo\/image\/","url":"https:\/\/thefeminismproject.com\/wp-content\/uploads\/2024\/10\/pexels-vazhnik-7561648.jpg","contentUrl":"https:\/\/thefeminismproject.com\/wp-content\/uploads\/2024\/10\/pexels-vazhnik-7561648.jpg","width":2500,"height":1667,"caption":"thefeminismproject.com"},"image":{"@id":"https:\/\/thefeminismproject.com\/fr\/#\/schema\/logo\/image\/"}},{"@type":"Person","@id":"https:\/\/thefeminismproject.com\/fr\/#\/schema\/person\/d2d84f0918ac04ca2b9f5b912890ad51","name":"Joaquimma Anna","image":{"@type":"ImageObject","inLanguage":"fr-FR","@id":"https:\/\/secure.gravatar.com\/avatar\/7d06747db1565e73d68391d596fc2eb15a10a4b4c1864574c454435523af94f1?s=96&d=mm&r=g","url":"https:\/\/secure.gravatar.com\/avatar\/7d06747db1565e73d68391d596fc2eb15a10a4b4c1864574c454435523af94f1?s=96&d=mm&r=g","contentUrl":"https:\/\/secure.gravatar.com\/avatar\/7d06747db1565e73d68391d596fc2eb15a10a4b4c1864574c454435523af94f1?s=96&d=mm&r=g","caption":"Joaquimma Anna"},"description":"Hi my name Joaquimma Anna, and let's tumble down the rabbit hole of thought! At thefeminismproject.com, this blog is a whimsical carnival of ideas. As a mischievous feminism activist, I'm here to juggle the narratives of women. This project? A delightful escapade into the absurdities and splendors of our world. Expect the unexpected!","sameAs":["http:\/\/thefeminismproject.com"],"url":"https:\/\/thefeminismproject.com\/fr\/author\/bella-sungkawa\/"}]}},"_links":{"self":[{"href":"https:\/\/thefeminismproject.com\/fr\/wp-json\/wp\/v2\/posts\/1036646","targetHints":{"allow":["GET"]}}],"collection":[{"href":"https:\/\/thefeminismproject.com\/fr\/wp-json\/wp\/v2\/posts"}],"about":[{"href":"https:\/\/thefeminismproject.com\/fr\/wp-json\/wp\/v2\/types\/post"}],"author":[{"embeddable":true,"href":"https:\/\/thefeminismproject.com\/fr\/wp-json\/wp\/v2\/users\/1"}],"replies":[{"embeddable":true,"href":"https:\/\/thefeminismproject.com\/fr\/wp-json\/wp\/v2\/comments?post=1036646"}],"version-history":[{"count":0,"href":"https:\/\/thefeminismproject.com\/fr\/wp-json\/wp\/v2\/posts\/1036646\/revisions"}],"wp:featuredmedia":[{"embeddable":true,"href":"https:\/\/thefeminismproject.com\/fr\/wp-json\/wp\/v2\/media\/1036647"}],"wp:attachment":[{"href":"https:\/\/thefeminismproject.com\/fr\/wp-json\/wp\/v2\/media?parent=1036646"}],"wp:term":[{"taxonomy":"category","embeddable":true,"href":"https:\/\/thefeminismproject.com\/fr\/wp-json\/wp\/v2\/categories?post=1036646"},{"taxonomy":"post_tag","embeddable":true,"href":"https:\/\/thefeminismproject.com\/fr\/wp-json\/wp\/v2\/tags?post=1036646"}],"curies":[{"name":"wp","href":"https:\/\/api.w.org\/{rel}","templated":true}]}}