{"id":1037123,"date":"2025-04-17T21:01:32","date_gmt":"2025-04-17T21:01:32","guid":{"rendered":"https:\/\/thefeminismproject.com\/non-categorise\/comment-etre-plus-feministe-au-quotidien-7-habitudes-a-adopter\/"},"modified":"2025-04-17T21:01:32","modified_gmt":"2025-04-17T21:01:32","slug":"comment-etre-plus-feministe-au-quotidien-7-habitudes-a-adopter","status":"publish","type":"post","link":"https:\/\/thefeminismproject.com\/fr\/en-vedette\/comment-etre-plus-feministe-au-quotidien-7-habitudes-a-adopter\/","title":{"rendered":"Comment \u00eatre plus f\u00e9ministe au quotidien\u00a0? 7 habitudes \u00e0 adopter"},"content":{"rendered":"<p>Dans un monde o\u00f9 le f\u00e9minisme est souvent r\u00e9duit \u00e0 des st\u00e9r\u00e9otypes et des caricatures, comment peut-on v\u00e9ritablement incarner cette lutte au quotidien ? Quelles habitudes devons-nous adopter pour non seulement revendiquer l&rsquo;\u00e9galit\u00e9 des sexes, mais aussi vivre cette philosophie ? Voici sept habitudes innovantes et audacieuses que tout le monde peut int\u00e9grer dans son quotidien.<\/p>\n<p><strong>1. \u00c9duquez-vous sans rel\u00e2che<\/strong><\/p>\n<p>La premi\u00e8re habitude \u00e0 adopter est d\u2019assouvir votre insatiable curiosit\u00e9 sur les questions de genre. Plongez-vous dans des livres, des articles, et des podcasts qui explorent le f\u00e9minisme sous toutes ses formes. Ne vous limitez pas aux \u0153uvres des auteurs popularis\u00e9s. Explorez des voix marginalis\u00e9es, des perspectives intersectionnelles qui vous ouvriront \u00e0 des r\u00e9alit\u00e9s que vous n&rsquo;avez peut-\u00eatre jamais envisag\u00e9es. L&rsquo;\u00e9ducation est un puissant outil, un moyen de d\u00e9construction des pr\u00e9jug\u00e9s et des mythes qui entravent notre compr\u00e9hension du f\u00e9minisme. Qu&rsquo;allez-vous lire aujourd&rsquo;hui ?<\/p>\n<p><strong>2. Pratiquez l&rsquo;\u00e9coute active<\/strong><\/p>\n<p>\u00catre f\u00e9ministe ne se limite pas \u00e0 un discours, mais exige \u00e9galement une \u00e9coute attentive. Engagez des conversations authentiques avec des personnes de toutes origines et exp\u00e9riences. \u00c9coutez leurs histoires, leurs luttes et leurs r\u00e9ussites. Cela ne signifie pas que vous devez toujours prendre la parole, mais comprendre la diversit\u00e9 des exp\u00e9riences f\u00e9ministes enrichit votre propre perspective. D\u00e9veloppez cette capacit\u00e9 \u00e0 entendre ce qui n&rsquo;est pas toujours dit. Quelle voix avez-vous n\u00e9glig\u00e9e aujourd&rsquo;hui ?<\/p>\n<p><strong>3. Remettez en question les normes soci\u00e9tales<\/strong><\/p>\n<p>La soci\u00e9t\u00e9 nous impose des normes souvent toxiques. Que ce soit \u00e0 travers des publicit\u00e9s, des films, ou m\u00eame des conversations banales, questionnez tout. Pourquoi certaines activit\u00e9s ou comportements sont-ils jug\u00e9s \u00ab appropri\u00e9s \u00bb pour un sexe plut\u00f4t qu&rsquo;un autre ? D\u00e9construisez les st\u00e9r\u00e9otypes, que ce soit au sein de votre cercle d&rsquo;amis ou sur les r\u00e9seaux sociaux. Devenez une source de questionnement et d&rsquo;inspiration. Avez-vous identifi\u00e9 une norme que vous vous sentez pr\u00eat \u00e0 d\u00e9fier aujourd&rsquo;hui ?<\/p>\n<p><strong>4. Soutenez les femmes autour de vous<\/strong><\/p>\n<p>Une v\u00e9ritable solidarit\u00e9 f\u00e9ministe passe par des actes concrets. Encouragez les femmes de votre entourage, que ce soit par des mots d&rsquo;encouragement, des recommandations professionnelles, ou simplement en leur offrant une plateforme pour briller. Cr\u00e9ez un environnement d&rsquo;appui o\u00f9 les succ\u00e8s des autres femmes sont c\u00e9l\u00e9br\u00e9s. Repensez aux moments o\u00f9 vous avez pu \u00eatre un catalyseur de changement pour une autre femme. Quelles actions concr\u00e8tes pourrez-vous entreprendre cette semaine pour soutenir une femme dans votre vie ?<\/p>\n<p><strong>5. Adoptez un langage inclusif<\/strong><\/p>\n<p>Le langage refl\u00e8te nos pr\u00e9occupations soci\u00e9tales. Commencez \u00e0 pr\u00eater attention \u00e0 vos mots. \u00c9vitez les termes misogynes ou d\u00e9gradants. En revanche, embrassez une terminologie qui valorise la diversit\u00e9 et l&rsquo;inclusivit\u00e9. Le langage a le pouvoir de fa\u00e7onner nos perceptions. Osez introduire des pratiques linguistiques qui remettent en question le patriarcat. Quelles expressions ou formulations vouez-vous ajouter \u00e0 votre lexique pour promouvoir l&rsquo;\u00e9galit\u00e9 ?<\/p>\n<p><strong>6. Engagez-vous dans des actions locales<\/strong><\/p>\n<p>Le f\u00e9minisme traverse les fronti\u00e8res. M\u00eame les petites actions peuvent avoir un impact. Participez \u00e0 des \u00e9v\u00e9nements locaux, soutenez des organisations qui luttent pour les droits des femmes, ou lancez vos propres initiatives. De la collecte de fonds \u00e0 l&rsquo;\u00e9ducation communautaire, les possibilit\u00e9s sont infinies. Ce ne sont pas seulement des combats \u00e0 mener sur les r\u00e9seaux sociaux ; la r\u00e9alit\u00e9 exige une action tangible. Comment comptez-vous participer au changement dans votre communaut\u00e9 ?<\/p>\n<p><strong>7. Pratiquez le soin de soi comme acte de r\u00e9bellion<\/strong><\/p>\n<p>D\u00e9clarer que le soin de soi est essentiel au f\u00e9minisme, c\u2019est affirmer que le bien-\u00eatre personnel est une forme de r\u00e9sistance. Remettez en question les attentes qui poussent les femmes \u00e0 se sacrifier. Accordez-vous le temps et l&rsquo;espace n\u00e9cessaires pour prendre soin de votre esprit et de votre corps. Prendre soin de soi n\u2019est pas un \u00e9go\u00efsme, mais un acte de d\u00e9fiance contre un syst\u00e8me qui encourage la soumission. Comment allez-vous vous honorer, vous-m\u00eame ?<\/p>\n<p>Adopter ces habitudes demande du temps et de la pers\u00e9v\u00e9rance. Chaque petite action compte dans ce cheminement vers un f\u00e9minisme plus inclusif et actif. Alors, \u00eates-vous pr\u00eat \u00e0 relever le d\u00e9fi et \u00e0 incorporer ces habitudes dans votre vie quotidienne ? La transformation commence maintenant. Engagez-vous, questionnez, et \u00e9voluez. Le f\u00e9minisme n\u2019est pas une destination, mais un voyage collectif, et chaque pas compte.<\/p>\n","protected":false},"excerpt":{"rendered":"<p>Dans un monde o\u00f9 le f\u00e9minisme est souvent r\u00e9duit \u00e0 des st\u00e9r\u00e9otypes et des caricatures, comment peut-on v\u00e9ritablement incarner cette lutte au quotidien ? Quelles habitudes devons-nous adopter pour non seulement revendiquer l&rsquo;\u00e9galit\u00e9 des sexes, mais aussi vivre cette philosophie ? Voici sept habitudes innovantes et audacieuses que tout le monde peut int\u00e9grer dans son [&hellip;]<\/p>\n","protected":false},"author":1,"featured_media":1036226,"comment_status":"open","ping_status":"open","sticky":false,"template":"","format":"standard","meta":{"footnotes":""},"categories":[77],"tags":[],"class_list":{"0":"post-1037123","1":"post","2":"type-post","3":"status-publish","4":"format-standard","5":"has-post-thumbnail","7":"category-en-vedette"},"yoast_head":"<!-- This site is optimized with the Yoast SEO plugin v27.4 - https:\/\/yoast.com\/product\/yoast-seo-wordpress\/ -->\n<title>Comment \u00eatre plus f\u00e9ministe au quotidien\u00a0? 7 habitudes \u00e0 adopter<\/title>\n<meta name=\"description\" content=\"Dans un monde o\u00f9 le f\u00e9minisme est souvent r\u00e9duit \u00e0 des st\u00e9r\u00e9otypes et des caricatures, comment peut-on v\u00e9ritablement incarner cette lutte au quotidien ?\" \/>\n<meta name=\"robots\" content=\"index, follow, max-snippet:-1, max-image-preview:large, max-video-preview:-1\" \/>\n<link rel=\"canonical\" href=\"https:\/\/thefeminismproject.com\/fr\/en-vedette\/comment-etre-plus-feministe-au-quotidien-7-habitudes-a-adopter\/\" \/>\n<meta property=\"og:locale\" content=\"fr_FR\" \/>\n<meta property=\"og:type\" content=\"article\" \/>\n<meta property=\"og:title\" content=\"Comment \u00eatre plus f\u00e9ministe au quotidien\u00a0? 7 habitudes \u00e0 adopter\" \/>\n<meta property=\"og:description\" content=\"Dans un monde o\u00f9 le f\u00e9minisme est souvent r\u00e9duit \u00e0 des st\u00e9r\u00e9otypes et des caricatures, comment peut-on v\u00e9ritablement incarner cette lutte au quotidien ?\" \/>\n<meta property=\"og:url\" content=\"https:\/\/thefeminismproject.com\/fr\/en-vedette\/comment-etre-plus-feministe-au-quotidien-7-habitudes-a-adopter\/\" \/>\n<meta property=\"og:site_name\" content=\"thefeminismproject.com\" \/>\n<meta property=\"article:published_time\" content=\"2025-04-17T21:01:32+00:00\" \/>\n<meta property=\"og:image\" content=\"https:\/\/thefeminismproject.com\/wp-content\/uploads\/2025\/04\/thumb-f-minisme.jpg\" \/>\n\t<meta property=\"og:image:width\" content=\"1920\" \/>\n\t<meta property=\"og:image:height\" content=\"1080\" \/>\n\t<meta property=\"og:image:type\" content=\"image\/jpeg\" \/>\n<meta name=\"author\" content=\"Joaquimma Anna\" \/>\n<meta name=\"twitter:card\" content=\"summary_large_image\" \/>\n<meta name=\"twitter:label1\" content=\"\u00c9crit par\" \/>\n\t<meta name=\"twitter:data1\" content=\"Joaquimma Anna\" \/>\n\t<meta name=\"twitter:label2\" content=\"Dur\u00e9e de lecture estim\u00e9e\" \/>\n\t<meta name=\"twitter:data2\" content=\"4 minutes\" \/>\n<script type=\"application\/ld+json\" class=\"yoast-schema-graph\">{\"@context\":\"https:\\\/\\\/schema.org\",\"@graph\":[{\"@type\":\"Article\",\"@id\":\"https:\\\/\\\/thefeminismproject.com\\\/fr\\\/en-vedette\\\/comment-etre-plus-feministe-au-quotidien-7-habitudes-a-adopter\\\/#article\",\"isPartOf\":{\"@id\":\"https:\\\/\\\/thefeminismproject.com\\\/fr\\\/en-vedette\\\/comment-etre-plus-feministe-au-quotidien-7-habitudes-a-adopter\\\/\"},\"author\":{\"name\":\"Joaquimma Anna\",\"@id\":\"https:\\\/\\\/thefeminismproject.com\\\/fr\\\/#\\\/schema\\\/person\\\/d2d84f0918ac04ca2b9f5b912890ad51\"},\"headline\":\"Comment \u00eatre plus f\u00e9ministe au quotidien\u00a0? 7 habitudes \u00e0 adopter\",\"datePublished\":\"2025-04-17T21:01:32+00:00\",\"mainEntityOfPage\":{\"@id\":\"https:\\\/\\\/thefeminismproject.com\\\/fr\\\/en-vedette\\\/comment-etre-plus-feministe-au-quotidien-7-habitudes-a-adopter\\\/\"},\"wordCount\":760,\"commentCount\":0,\"publisher\":{\"@id\":\"https:\\\/\\\/thefeminismproject.com\\\/fr\\\/#organization\"},\"image\":{\"@id\":\"https:\\\/\\\/thefeminismproject.com\\\/fr\\\/en-vedette\\\/comment-etre-plus-feministe-au-quotidien-7-habitudes-a-adopter\\\/#primaryimage\"},\"thumbnailUrl\":\"https:\\\/\\\/thefeminismproject.com\\\/wp-content\\\/uploads\\\/2025\\\/04\\\/thumb-f-minisme.jpg\",\"articleSection\":[\"En vedette\"],\"inLanguage\":\"fr-FR\",\"potentialAction\":[{\"@type\":\"CommentAction\",\"name\":\"Comment\",\"target\":[\"https:\\\/\\\/thefeminismproject.com\\\/fr\\\/en-vedette\\\/comment-etre-plus-feministe-au-quotidien-7-habitudes-a-adopter\\\/#respond\"]}]},{\"@type\":\"WebPage\",\"@id\":\"https:\\\/\\\/thefeminismproject.com\\\/fr\\\/en-vedette\\\/comment-etre-plus-feministe-au-quotidien-7-habitudes-a-adopter\\\/\",\"url\":\"https:\\\/\\\/thefeminismproject.com\\\/fr\\\/en-vedette\\\/comment-etre-plus-feministe-au-quotidien-7-habitudes-a-adopter\\\/\",\"name\":\"Comment \u00eatre plus f\u00e9ministe au quotidien\u00a0? 7 habitudes \u00e0 adopter\",\"isPartOf\":{\"@id\":\"https:\\\/\\\/thefeminismproject.com\\\/fr\\\/#website\"},\"primaryImageOfPage\":{\"@id\":\"https:\\\/\\\/thefeminismproject.com\\\/fr\\\/en-vedette\\\/comment-etre-plus-feministe-au-quotidien-7-habitudes-a-adopter\\\/#primaryimage\"},\"image\":{\"@id\":\"https:\\\/\\\/thefeminismproject.com\\\/fr\\\/en-vedette\\\/comment-etre-plus-feministe-au-quotidien-7-habitudes-a-adopter\\\/#primaryimage\"},\"thumbnailUrl\":\"https:\\\/\\\/thefeminismproject.com\\\/wp-content\\\/uploads\\\/2025\\\/04\\\/thumb-f-minisme.jpg\",\"datePublished\":\"2025-04-17T21:01:32+00:00\",\"description\":\"Dans un monde o\u00f9 le f\u00e9minisme est souvent r\u00e9duit \u00e0 des st\u00e9r\u00e9otypes et des caricatures, comment peut-on v\u00e9ritablement incarner cette lutte au quotidien ?\",\"breadcrumb\":{\"@id\":\"https:\\\/\\\/thefeminismproject.com\\\/fr\\\/en-vedette\\\/comment-etre-plus-feministe-au-quotidien-7-habitudes-a-adopter\\\/#breadcrumb\"},\"inLanguage\":\"fr-FR\",\"potentialAction\":[{\"@type\":\"ReadAction\",\"target\":[\"https:\\\/\\\/thefeminismproject.com\\\/fr\\\/en-vedette\\\/comment-etre-plus-feministe-au-quotidien-7-habitudes-a-adopter\\\/\"]}]},{\"@type\":\"ImageObject\",\"inLanguage\":\"fr-FR\",\"@id\":\"https:\\\/\\\/thefeminismproject.com\\\/fr\\\/en-vedette\\\/comment-etre-plus-feministe-au-quotidien-7-habitudes-a-adopter\\\/#primaryimage\",\"url\":\"https:\\\/\\\/thefeminismproject.com\\\/wp-content\\\/uploads\\\/2025\\\/04\\\/thumb-f-minisme.jpg\",\"contentUrl\":\"https:\\\/\\\/thefeminismproject.com\\\/wp-content\\\/uploads\\\/2025\\\/04\\\/thumb-f-minisme.jpg\",\"width\":1920,\"height\":1080},{\"@type\":\"BreadcrumbList\",\"@id\":\"https:\\\/\\\/thefeminismproject.com\\\/fr\\\/en-vedette\\\/comment-etre-plus-feministe-au-quotidien-7-habitudes-a-adopter\\\/#breadcrumb\",\"itemListElement\":[{\"@type\":\"ListItem\",\"position\":1,\"name\":\"Home\",\"item\":\"https:\\\/\\\/thefeminismproject.com\\\/fr\\\/accueil\\\/\"},{\"@type\":\"ListItem\",\"position\":2,\"name\":\"Comment \u00eatre plus f\u00e9ministe au quotidien\u00a0? 7 habitudes \u00e0 adopter\"}]},{\"@type\":\"WebSite\",\"@id\":\"https:\\\/\\\/thefeminismproject.com\\\/fr\\\/#website\",\"url\":\"https:\\\/\\\/thefeminismproject.com\\\/fr\\\/\",\"name\":\"thefeminismproject.com\",\"description\":\"Popular culture with a feminist twist | let&#039;s talk about things that matter (news that feels right)\",\"publisher\":{\"@id\":\"https:\\\/\\\/thefeminismproject.com\\\/fr\\\/#organization\"},\"potentialAction\":[{\"@type\":\"SearchAction\",\"target\":{\"@type\":\"EntryPoint\",\"urlTemplate\":\"https:\\\/\\\/thefeminismproject.com\\\/fr\\\/?s={search_term_string}\"},\"query-input\":{\"@type\":\"PropertyValueSpecification\",\"valueRequired\":true,\"valueName\":\"search_term_string\"}}],\"inLanguage\":\"fr-FR\"},{\"@type\":\"Organization\",\"@id\":\"https:\\\/\\\/thefeminismproject.com\\\/fr\\\/#organization\",\"name\":\"thefeminismproject.com\",\"url\":\"https:\\\/\\\/thefeminismproject.com\\\/fr\\\/\",\"logo\":{\"@type\":\"ImageObject\",\"inLanguage\":\"fr-FR\",\"@id\":\"https:\\\/\\\/thefeminismproject.com\\\/fr\\\/#\\\/schema\\\/logo\\\/image\\\/\",\"url\":\"https:\\\/\\\/thefeminismproject.com\\\/wp-content\\\/uploads\\\/2024\\\/10\\\/pexels-vazhnik-7561648.jpg\",\"contentUrl\":\"https:\\\/\\\/thefeminismproject.com\\\/wp-content\\\/uploads\\\/2024\\\/10\\\/pexels-vazhnik-7561648.jpg\",\"width\":2500,\"height\":1667,\"caption\":\"thefeminismproject.com\"},\"image\":{\"@id\":\"https:\\\/\\\/thefeminismproject.com\\\/fr\\\/#\\\/schema\\\/logo\\\/image\\\/\"}},{\"@type\":\"Person\",\"@id\":\"https:\\\/\\\/thefeminismproject.com\\\/fr\\\/#\\\/schema\\\/person\\\/d2d84f0918ac04ca2b9f5b912890ad51\",\"name\":\"Joaquimma Anna\",\"image\":{\"@type\":\"ImageObject\",\"inLanguage\":\"fr-FR\",\"@id\":\"https:\\\/\\\/secure.gravatar.com\\\/avatar\\\/7d06747db1565e73d68391d596fc2eb15a10a4b4c1864574c454435523af94f1?s=96&d=mm&r=g\",\"url\":\"https:\\\/\\\/secure.gravatar.com\\\/avatar\\\/7d06747db1565e73d68391d596fc2eb15a10a4b4c1864574c454435523af94f1?s=96&d=mm&r=g\",\"contentUrl\":\"https:\\\/\\\/secure.gravatar.com\\\/avatar\\\/7d06747db1565e73d68391d596fc2eb15a10a4b4c1864574c454435523af94f1?s=96&d=mm&r=g\",\"caption\":\"Joaquimma Anna\"},\"description\":\"Hi my name Joaquimma Anna, and let's tumble down the rabbit hole of thought! At thefeminismproject.com, this blog is a whimsical carnival of ideas. As a mischievous feminism activist, I'm here to juggle the narratives of women. This project? A delightful escapade into the absurdities and splendors of our world. Expect the unexpected!\",\"sameAs\":[\"http:\\\/\\\/thefeminismproject.com\"],\"url\":\"https:\\\/\\\/thefeminismproject.com\\\/fr\\\/author\\\/bella-sungkawa\\\/\"}]}<\/script>\n<!-- \/ Yoast SEO plugin. -->","yoast_head_json":{"title":"Comment \u00eatre plus f\u00e9ministe au quotidien\u00a0? 7 habitudes \u00e0 adopter","description":"Dans un monde o\u00f9 le f\u00e9minisme est souvent r\u00e9duit \u00e0 des st\u00e9r\u00e9otypes et des caricatures, comment peut-on v\u00e9ritablement incarner cette lutte au quotidien ?","robots":{"index":"index","follow":"follow","max-snippet":"max-snippet:-1","max-image-preview":"max-image-preview:large","max-video-preview":"max-video-preview:-1"},"canonical":"https:\/\/thefeminismproject.com\/fr\/en-vedette\/comment-etre-plus-feministe-au-quotidien-7-habitudes-a-adopter\/","og_locale":"fr_FR","og_type":"article","og_title":"Comment \u00eatre plus f\u00e9ministe au quotidien\u00a0? 7 habitudes \u00e0 adopter","og_description":"Dans un monde o\u00f9 le f\u00e9minisme est souvent r\u00e9duit \u00e0 des st\u00e9r\u00e9otypes et des caricatures, comment peut-on v\u00e9ritablement incarner cette lutte au quotidien ?","og_url":"https:\/\/thefeminismproject.com\/fr\/en-vedette\/comment-etre-plus-feministe-au-quotidien-7-habitudes-a-adopter\/","og_site_name":"thefeminismproject.com","article_published_time":"2025-04-17T21:01:32+00:00","og_image":[{"width":1920,"height":1080,"url":"https:\/\/thefeminismproject.com\/wp-content\/uploads\/2025\/04\/thumb-f-minisme.jpg","type":"image\/jpeg"}],"author":"Joaquimma Anna","twitter_card":"summary_large_image","twitter_misc":{"\u00c9crit par":"Joaquimma Anna","Dur\u00e9e de lecture estim\u00e9e":"4 minutes"},"schema":{"@context":"https:\/\/schema.org","@graph":[{"@type":"Article","@id":"https:\/\/thefeminismproject.com\/fr\/en-vedette\/comment-etre-plus-feministe-au-quotidien-7-habitudes-a-adopter\/#article","isPartOf":{"@id":"https:\/\/thefeminismproject.com\/fr\/en-vedette\/comment-etre-plus-feministe-au-quotidien-7-habitudes-a-adopter\/"},"author":{"name":"Joaquimma Anna","@id":"https:\/\/thefeminismproject.com\/fr\/#\/schema\/person\/d2d84f0918ac04ca2b9f5b912890ad51"},"headline":"Comment \u00eatre plus f\u00e9ministe au quotidien\u00a0? 7 habitudes \u00e0 adopter","datePublished":"2025-04-17T21:01:32+00:00","mainEntityOfPage":{"@id":"https:\/\/thefeminismproject.com\/fr\/en-vedette\/comment-etre-plus-feministe-au-quotidien-7-habitudes-a-adopter\/"},"wordCount":760,"commentCount":0,"publisher":{"@id":"https:\/\/thefeminismproject.com\/fr\/#organization"},"image":{"@id":"https:\/\/thefeminismproject.com\/fr\/en-vedette\/comment-etre-plus-feministe-au-quotidien-7-habitudes-a-adopter\/#primaryimage"},"thumbnailUrl":"https:\/\/thefeminismproject.com\/wp-content\/uploads\/2025\/04\/thumb-f-minisme.jpg","articleSection":["En vedette"],"inLanguage":"fr-FR","potentialAction":[{"@type":"CommentAction","name":"Comment","target":["https:\/\/thefeminismproject.com\/fr\/en-vedette\/comment-etre-plus-feministe-au-quotidien-7-habitudes-a-adopter\/#respond"]}]},{"@type":"WebPage","@id":"https:\/\/thefeminismproject.com\/fr\/en-vedette\/comment-etre-plus-feministe-au-quotidien-7-habitudes-a-adopter\/","url":"https:\/\/thefeminismproject.com\/fr\/en-vedette\/comment-etre-plus-feministe-au-quotidien-7-habitudes-a-adopter\/","name":"Comment \u00eatre plus f\u00e9ministe au quotidien\u00a0? 7 habitudes \u00e0 adopter","isPartOf":{"@id":"https:\/\/thefeminismproject.com\/fr\/#website"},"primaryImageOfPage":{"@id":"https:\/\/thefeminismproject.com\/fr\/en-vedette\/comment-etre-plus-feministe-au-quotidien-7-habitudes-a-adopter\/#primaryimage"},"image":{"@id":"https:\/\/thefeminismproject.com\/fr\/en-vedette\/comment-etre-plus-feministe-au-quotidien-7-habitudes-a-adopter\/#primaryimage"},"thumbnailUrl":"https:\/\/thefeminismproject.com\/wp-content\/uploads\/2025\/04\/thumb-f-minisme.jpg","datePublished":"2025-04-17T21:01:32+00:00","description":"Dans un monde o\u00f9 le f\u00e9minisme est souvent r\u00e9duit \u00e0 des st\u00e9r\u00e9otypes et des caricatures, comment peut-on v\u00e9ritablement incarner cette lutte au quotidien ?","breadcrumb":{"@id":"https:\/\/thefeminismproject.com\/fr\/en-vedette\/comment-etre-plus-feministe-au-quotidien-7-habitudes-a-adopter\/#breadcrumb"},"inLanguage":"fr-FR","potentialAction":[{"@type":"ReadAction","target":["https:\/\/thefeminismproject.com\/fr\/en-vedette\/comment-etre-plus-feministe-au-quotidien-7-habitudes-a-adopter\/"]}]},{"@type":"ImageObject","inLanguage":"fr-FR","@id":"https:\/\/thefeminismproject.com\/fr\/en-vedette\/comment-etre-plus-feministe-au-quotidien-7-habitudes-a-adopter\/#primaryimage","url":"https:\/\/thefeminismproject.com\/wp-content\/uploads\/2025\/04\/thumb-f-minisme.jpg","contentUrl":"https:\/\/thefeminismproject.com\/wp-content\/uploads\/2025\/04\/thumb-f-minisme.jpg","width":1920,"height":1080},{"@type":"BreadcrumbList","@id":"https:\/\/thefeminismproject.com\/fr\/en-vedette\/comment-etre-plus-feministe-au-quotidien-7-habitudes-a-adopter\/#breadcrumb","itemListElement":[{"@type":"ListItem","position":1,"name":"Home","item":"https:\/\/thefeminismproject.com\/fr\/accueil\/"},{"@type":"ListItem","position":2,"name":"Comment \u00eatre plus f\u00e9ministe au quotidien\u00a0? 7 habitudes \u00e0 adopter"}]},{"@type":"WebSite","@id":"https:\/\/thefeminismproject.com\/fr\/#website","url":"https:\/\/thefeminismproject.com\/fr\/","name":"thefeminismproject.com","description":"Popular culture with a feminist twist | let&#039;s talk about things that matter (news that feels right)","publisher":{"@id":"https:\/\/thefeminismproject.com\/fr\/#organization"},"potentialAction":[{"@type":"SearchAction","target":{"@type":"EntryPoint","urlTemplate":"https:\/\/thefeminismproject.com\/fr\/?s={search_term_string}"},"query-input":{"@type":"PropertyValueSpecification","valueRequired":true,"valueName":"search_term_string"}}],"inLanguage":"fr-FR"},{"@type":"Organization","@id":"https:\/\/thefeminismproject.com\/fr\/#organization","name":"thefeminismproject.com","url":"https:\/\/thefeminismproject.com\/fr\/","logo":{"@type":"ImageObject","inLanguage":"fr-FR","@id":"https:\/\/thefeminismproject.com\/fr\/#\/schema\/logo\/image\/","url":"https:\/\/thefeminismproject.com\/wp-content\/uploads\/2024\/10\/pexels-vazhnik-7561648.jpg","contentUrl":"https:\/\/thefeminismproject.com\/wp-content\/uploads\/2024\/10\/pexels-vazhnik-7561648.jpg","width":2500,"height":1667,"caption":"thefeminismproject.com"},"image":{"@id":"https:\/\/thefeminismproject.com\/fr\/#\/schema\/logo\/image\/"}},{"@type":"Person","@id":"https:\/\/thefeminismproject.com\/fr\/#\/schema\/person\/d2d84f0918ac04ca2b9f5b912890ad51","name":"Joaquimma Anna","image":{"@type":"ImageObject","inLanguage":"fr-FR","@id":"https:\/\/secure.gravatar.com\/avatar\/7d06747db1565e73d68391d596fc2eb15a10a4b4c1864574c454435523af94f1?s=96&d=mm&r=g","url":"https:\/\/secure.gravatar.com\/avatar\/7d06747db1565e73d68391d596fc2eb15a10a4b4c1864574c454435523af94f1?s=96&d=mm&r=g","contentUrl":"https:\/\/secure.gravatar.com\/avatar\/7d06747db1565e73d68391d596fc2eb15a10a4b4c1864574c454435523af94f1?s=96&d=mm&r=g","caption":"Joaquimma Anna"},"description":"Hi my name Joaquimma Anna, and let's tumble down the rabbit hole of thought! At thefeminismproject.com, this blog is a whimsical carnival of ideas. As a mischievous feminism activist, I'm here to juggle the narratives of women. This project? A delightful escapade into the absurdities and splendors of our world. Expect the unexpected!","sameAs":["http:\/\/thefeminismproject.com"],"url":"https:\/\/thefeminismproject.com\/fr\/author\/bella-sungkawa\/"}]}},"_links":{"self":[{"href":"https:\/\/thefeminismproject.com\/fr\/wp-json\/wp\/v2\/posts\/1037123","targetHints":{"allow":["GET"]}}],"collection":[{"href":"https:\/\/thefeminismproject.com\/fr\/wp-json\/wp\/v2\/posts"}],"about":[{"href":"https:\/\/thefeminismproject.com\/fr\/wp-json\/wp\/v2\/types\/post"}],"author":[{"embeddable":true,"href":"https:\/\/thefeminismproject.com\/fr\/wp-json\/wp\/v2\/users\/1"}],"replies":[{"embeddable":true,"href":"https:\/\/thefeminismproject.com\/fr\/wp-json\/wp\/v2\/comments?post=1037123"}],"version-history":[{"count":0,"href":"https:\/\/thefeminismproject.com\/fr\/wp-json\/wp\/v2\/posts\/1037123\/revisions"}],"wp:featuredmedia":[{"embeddable":true,"href":"https:\/\/thefeminismproject.com\/fr\/wp-json\/wp\/v2\/media\/1036226"}],"wp:attachment":[{"href":"https:\/\/thefeminismproject.com\/fr\/wp-json\/wp\/v2\/media?parent=1037123"}],"wp:term":[{"taxonomy":"category","embeddable":true,"href":"https:\/\/thefeminismproject.com\/fr\/wp-json\/wp\/v2\/categories?post=1037123"},{"taxonomy":"post_tag","embeddable":true,"href":"https:\/\/thefeminismproject.com\/fr\/wp-json\/wp\/v2\/tags?post=1037123"}],"curies":[{"name":"wp","href":"https:\/\/api.w.org\/{rel}","templated":true}]}}