{"id":1037929,"date":"2025-04-16T20:31:07","date_gmt":"2025-04-16T20:31:07","guid":{"rendered":"https:\/\/thefeminismproject.com\/non-categorise\/elle-se-rase-la-tete-acte-feministe-ou-simple-mode\/"},"modified":"2025-04-16T20:31:07","modified_gmt":"2025-04-16T20:31:07","slug":"elle-se-rase-la-tete-acte-feministe-ou-simple-mode","status":"publish","type":"post","link":"https:\/\/thefeminismproject.com\/fr\/en-vedette\/elle-se-rase-la-tete-acte-feministe-ou-simple-mode\/","title":{"rendered":"Elle se rase la t\u00eate\u00a0: acte f\u00e9ministe ou simple mode ?"},"content":{"rendered":"<p>La sc\u00e8ne est saisissante : une jeune femme, Tallulah Belle Willis, se rase la t\u00eate, un acte \u00e0 la fois radical et lib\u00e9rateur. Mais derri\u00e8re ce geste se cache une multitude de questions complexes. Est-ce un acte f\u00e9ministe audacieux ou simplement une mode passag\u00e8re ? Plongeons dans cette dichotomie fascinante qui transcende le simple choix esth\u00e9tique et explore les profondeurs de la f\u00e9minit\u00e9 et de l&rsquo;identit\u00e9 personnelle.<\/p>\n<p>Raser sa t\u00eate, c&rsquo;est avant tout une d\u00e9claration. Un cri silencieux contre les st\u00e9r\u00e9otypes de beaut\u00e9 qui assi\u00e8gent chaque recoin de notre existence contemporaine. Dans un monde o\u00f9 la libert\u00e9 individuelle est souvent ternie par des normes grotesques et des attentes soci\u00e9tales, ce geste devient l&rsquo;outil d&rsquo;une r\u00e9bellion f\u00e9ministe. On observe que la t\u00eate ras\u00e9e peut devenir une toile, un canvas qui d\u00e9fie les standards traditionnels de la f\u00e9minit\u00e9. Elle \u00e9voque la puissance de la vuln\u00e9rabilit\u00e9, l&rsquo;absence de cheveux \u00e9tant l&rsquo;abandon de l&rsquo;armure que les femmes sont souvent contraintes de porter.<\/p>\n<p>Cependant, n&rsquo;est-ce pas \u00e9galement une forme de conformisme ? L&rsquo;ironie r\u00e9side dans le fait que se raser la t\u00eate, bien qu&rsquo;il puisse sembler \u00eatre un acte d&rsquo;ind\u00e9pendance, peut aussi devenir une mode pr\u00e9fabriqu\u00e9e. Les ic\u00f4nes telles que Amber Rose ou la majorit\u00e9 des c\u00e9l\u00e9brit\u00e9s qui arborent une t\u00eate ras\u00e9e incitent \u00e0 r\u00e9fl\u00e9chir. Leurs choix, engendr\u00e9s par leurs propres privil\u00e8ges, sont-ils toujours accessibles et justifiables pour toutes les femmes ? Ou risquent-ils de devenir une contrainte sociale d\u00e9guis\u00e9e en expression personnelle ? Il est crucial de ne pas perdre de vue que la mode, aussi \u00e9mancipatrice soit-elle, peut \u00eatre captur\u00e9e par l&rsquo;industrie qui la sublime, la transformant en un simple article \u00e0 consommer.<\/p>\n<p>Consid\u00e9rons l&rsquo;aspect historique de la t\u00eate ras\u00e9e dans le contexte f\u00e9ministe. Dans les ann\u00e9es 1960, des mouvements comme le Women&rsquo;s Liberation Movement ont embrass\u00e9 ce type de symbolisme. Se raser la t\u00eate \u00e9tait un acte embl\u00e9matique de d\u00e9fiance, visant \u00e0 obliterer une image de beaut\u00e9 dict\u00e9e par le patriarcat. Mais avec le passage du temps, le sens de ce geste a \u00e9volu\u00e9. Paradoxalement, il incarne d\u00e9sormais une dichotomie : un appel \u00e0 la lib\u00e9ration ou une reiteration des standards de beaut\u00e9 contemporains ?<\/p>\n<p>Une femme qui se rase la t\u00eate se rend \u00e9galement complice d&rsquo;un acte de courage. Elle s&rsquo;expose aux jugements, aux murmures, aux r\u00e9probations d&rsquo;un monde qui aime s\u00e9questrer les individualit\u00e9s derri\u00e8re des clones conformes. Il est une manifestation \u00e9ph\u00e9m\u00e8re de la lutte contre les jugements directs qui s&rsquo;imposent souvent dans l&rsquo;interaction sociale. Cette m\u00e9tamorphose capillaire peut devenir un catalyseur pour la renaissance, tant personnelle que soci\u00e9tale. Mais o\u00f9 tracer la ligne entre le choix personnel et la pression sociale ?<\/p>\n<p>La signification de cette action varie selon les contextes culturels. Dans certaines cultures, le rasage de la t\u00eate peut \u00eatre un symbole de deuil, de purification ou m\u00eame un rite de passage. En revanche, dans d&rsquo;autres milieux, il peut \u00eatre consid\u00e9r\u00e9 comme un acte de r\u00e9bellion. Ce qui appelle \u00e0 se poser la question : une action peut-elle \u00eatre synonyme d&rsquo;\u00e9mancipation tout en \u00e9tant ancr\u00e9e dans des traditions complexes ? Chaque t\u00eate ras\u00e9e d\u00e9tient une histoire singuli\u00e8re aussi vari\u00e9e que les paysages iconographiques de la f\u00e9minit\u00e9 elles-m\u00eames.<\/p>\n<p>Il serait insens\u00e9 de comprendre ce ph\u00e9nom\u00e8ne sans discuter du r\u00f4le des m\u00e9dias. Les images diffus\u00e9es par les r\u00e9seaux sociaux et les magazines de mode fa\u00e7onnent notre perception de la beaut\u00e9 et, par extension, notre acceptation de l&rsquo;auto-expression. Elles prennent le pouvoir au c\u0153ur des sc\u00e8nes f\u00e9ministes, incarnant \u00e0 la fois la soumission et la r\u00e9bellion. La t\u00eate ras\u00e9e devient alors une arme \u00e0 double tranchant : un symbole fort de libert\u00e9 ou un reflet d&rsquo;une mode dict\u00e9e par des influences ext\u00e9rieures.<\/p>\n<p>Il est aussi imp\u00e9ratif de consid\u00e9rer l&rsquo;impact psychologique. Se raser la t\u00eate peut \u00eatre per\u00e7u comme un acte d&rsquo;auto-affirmation. Ce processus peut \u00eatre cathartique, permettant \u00e0 une femme de se d\u00e9faire de ses doutes et de ses ins\u00e9curit\u00e9s. Parfois, il r\u00e9v\u00e8le la n\u00e9cessit\u00e9 de red\u00e9finir sa propre identit\u00e9 en dehors des r\u00e9f\u00e9rents traditionnels. Mais un risque subsiste : est-ce que ce choix devient, en soi, une forme d&rsquo;ali\u00e9nation si une communaut\u00e9 enti\u00e8re commence \u00e0 se conformer \u00e0 cette tendance ?<\/p>\n<p>En conclusion, le rasage de la t\u00eate par une femme constitue un m\u00e9andre d&rsquo;identit\u00e9s, de r\u00e9flexions et de choix \u00e0 embrasser. Entre le f\u00e9minisme authentique et les fastes de la mode, se d\u00e9voilent des nuances d\u00e9licates \u00e0 explorer. Cela repr\u00e9sente \u00e0 la fois un acte de bravoure et un d\u00e9fi que les femmes se lancent \u00e0 elles-m\u00eames et au monde entier. En fin de compte, la lutte pour l&rsquo;int\u00e9grit\u00e9 personnelle et la reconfiguration de l&rsquo;image de la femme est un voyage qui, peu importe la forme qu&rsquo;il prendra, m\u00e9rite d&rsquo;\u00eatre c\u00e9l\u00e9br\u00e9 avec audace et fervent engagement. Le rasage de la t\u00eate n&rsquo;est pas simplement un geste esth\u00e9tique, mais paradoxalement, il est l&rsquo;incarnation d&rsquo;une r\u00e9volution silencieuse, \u00e0 la fois int\u00e9rieure et ext\u00e9rieure.<\/p>\n","protected":false},"excerpt":{"rendered":"<p>La sc\u00e8ne est saisissante : une jeune femme, Tallulah Belle Willis, se rase la t\u00eate, un acte \u00e0 la fois radical et lib\u00e9rateur. Mais derri\u00e8re ce geste se cache une multitude de questions complexes. Est-ce un acte f\u00e9ministe audacieux ou simplement une mode passag\u00e8re ? Plongeons dans cette dichotomie fascinante qui transcende le simple choix [&hellip;]<\/p>\n","protected":false},"author":1,"featured_media":1037930,"comment_status":"open","ping_status":"open","sticky":false,"template":"","format":"standard","meta":{"footnotes":""},"categories":[77],"tags":[],"class_list":{"0":"post-1037929","1":"post","2":"type-post","3":"status-publish","4":"format-standard","5":"has-post-thumbnail","7":"category-en-vedette"},"yoast_head":"<!-- This site is optimized with the Yoast SEO plugin v27.4 - https:\/\/yoast.com\/product\/yoast-seo-wordpress\/ -->\n<title>Elle se rase la t\u00eate\u00a0: acte f\u00e9ministe ou simple mode ?<\/title>\n<meta name=\"description\" content=\"La sc\u00e8ne est saisissante : une jeune femme, Tallulah Belle Willis, se rase la t\u00eate, un acte \u00e0 la fois radical et lib\u00e9rateur. Mais derri\u00e8re ce geste se\" \/>\n<meta name=\"robots\" content=\"index, follow, max-snippet:-1, max-image-preview:large, max-video-preview:-1\" \/>\n<link rel=\"canonical\" href=\"https:\/\/thefeminismproject.com\/fr\/en-vedette\/elle-se-rase-la-tete-acte-feministe-ou-simple-mode\/\" \/>\n<meta property=\"og:locale\" content=\"fr_FR\" \/>\n<meta property=\"og:type\" content=\"article\" \/>\n<meta property=\"og:title\" content=\"Elle se rase la t\u00eate\u00a0: acte f\u00e9ministe ou simple mode ?\" \/>\n<meta property=\"og:description\" content=\"La sc\u00e8ne est saisissante : une jeune femme, Tallulah Belle Willis, se rase la t\u00eate, un acte \u00e0 la fois radical et lib\u00e9rateur. Mais derri\u00e8re ce geste se\" \/>\n<meta property=\"og:url\" content=\"https:\/\/thefeminismproject.com\/fr\/en-vedette\/elle-se-rase-la-tete-acte-feministe-ou-simple-mode\/\" \/>\n<meta property=\"og:site_name\" content=\"thefeminismproject.com\" \/>\n<meta property=\"article:published_time\" content=\"2025-04-16T20:31:07+00:00\" \/>\n<meta property=\"og:image\" content=\"https:\/\/thefeminismproject.com\/wp-content\/uploads\/2025\/04\/Tallulah-Belle-Willis-se-rase-la-tete-comme-sa-mere_visuel_article2.jpg\" \/>\n\t<meta property=\"og:image:width\" content=\"620\" \/>\n\t<meta property=\"og:image:height\" content=\"620\" \/>\n\t<meta property=\"og:image:type\" content=\"image\/jpeg\" \/>\n<meta name=\"author\" content=\"Joaquimma Anna\" \/>\n<meta name=\"twitter:card\" content=\"summary_large_image\" \/>\n<meta name=\"twitter:label1\" content=\"\u00c9crit par\" \/>\n\t<meta name=\"twitter:data1\" content=\"Joaquimma Anna\" \/>\n\t<meta name=\"twitter:label2\" content=\"Dur\u00e9e de lecture estim\u00e9e\" \/>\n\t<meta name=\"twitter:data2\" content=\"4 minutes\" \/>\n<script type=\"application\/ld+json\" class=\"yoast-schema-graph\">{\"@context\":\"https:\\\/\\\/schema.org\",\"@graph\":[{\"@type\":\"Article\",\"@id\":\"https:\\\/\\\/thefeminismproject.com\\\/fr\\\/en-vedette\\\/elle-se-rase-la-tete-acte-feministe-ou-simple-mode\\\/#article\",\"isPartOf\":{\"@id\":\"https:\\\/\\\/thefeminismproject.com\\\/fr\\\/en-vedette\\\/elle-se-rase-la-tete-acte-feministe-ou-simple-mode\\\/\"},\"author\":{\"name\":\"Joaquimma Anna\",\"@id\":\"https:\\\/\\\/thefeminismproject.com\\\/fr\\\/#\\\/schema\\\/person\\\/d2d84f0918ac04ca2b9f5b912890ad51\"},\"headline\":\"Elle se rase la t\u00eate\u00a0: acte f\u00e9ministe ou simple mode ?\",\"datePublished\":\"2025-04-16T20:31:07+00:00\",\"mainEntityOfPage\":{\"@id\":\"https:\\\/\\\/thefeminismproject.com\\\/fr\\\/en-vedette\\\/elle-se-rase-la-tete-acte-feministe-ou-simple-mode\\\/\"},\"wordCount\":939,\"commentCount\":0,\"publisher\":{\"@id\":\"https:\\\/\\\/thefeminismproject.com\\\/fr\\\/#organization\"},\"image\":{\"@id\":\"https:\\\/\\\/thefeminismproject.com\\\/fr\\\/en-vedette\\\/elle-se-rase-la-tete-acte-feministe-ou-simple-mode\\\/#primaryimage\"},\"thumbnailUrl\":\"https:\\\/\\\/thefeminismproject.com\\\/wp-content\\\/uploads\\\/2025\\\/04\\\/Tallulah-Belle-Willis-se-rase-la-tete-comme-sa-mere_visuel_article2.jpg\",\"articleSection\":[\"En vedette\"],\"inLanguage\":\"fr-FR\",\"potentialAction\":[{\"@type\":\"CommentAction\",\"name\":\"Comment\",\"target\":[\"https:\\\/\\\/thefeminismproject.com\\\/fr\\\/en-vedette\\\/elle-se-rase-la-tete-acte-feministe-ou-simple-mode\\\/#respond\"]}]},{\"@type\":\"WebPage\",\"@id\":\"https:\\\/\\\/thefeminismproject.com\\\/fr\\\/en-vedette\\\/elle-se-rase-la-tete-acte-feministe-ou-simple-mode\\\/\",\"url\":\"https:\\\/\\\/thefeminismproject.com\\\/fr\\\/en-vedette\\\/elle-se-rase-la-tete-acte-feministe-ou-simple-mode\\\/\",\"name\":\"Elle se rase la t\u00eate\u00a0: acte f\u00e9ministe ou simple mode ?\",\"isPartOf\":{\"@id\":\"https:\\\/\\\/thefeminismproject.com\\\/fr\\\/#website\"},\"primaryImageOfPage\":{\"@id\":\"https:\\\/\\\/thefeminismproject.com\\\/fr\\\/en-vedette\\\/elle-se-rase-la-tete-acte-feministe-ou-simple-mode\\\/#primaryimage\"},\"image\":{\"@id\":\"https:\\\/\\\/thefeminismproject.com\\\/fr\\\/en-vedette\\\/elle-se-rase-la-tete-acte-feministe-ou-simple-mode\\\/#primaryimage\"},\"thumbnailUrl\":\"https:\\\/\\\/thefeminismproject.com\\\/wp-content\\\/uploads\\\/2025\\\/04\\\/Tallulah-Belle-Willis-se-rase-la-tete-comme-sa-mere_visuel_article2.jpg\",\"datePublished\":\"2025-04-16T20:31:07+00:00\",\"description\":\"La sc\u00e8ne est saisissante : une jeune femme, Tallulah Belle Willis, se rase la t\u00eate, un acte \u00e0 la fois radical et lib\u00e9rateur. Mais derri\u00e8re ce geste se\",\"breadcrumb\":{\"@id\":\"https:\\\/\\\/thefeminismproject.com\\\/fr\\\/en-vedette\\\/elle-se-rase-la-tete-acte-feministe-ou-simple-mode\\\/#breadcrumb\"},\"inLanguage\":\"fr-FR\",\"potentialAction\":[{\"@type\":\"ReadAction\",\"target\":[\"https:\\\/\\\/thefeminismproject.com\\\/fr\\\/en-vedette\\\/elle-se-rase-la-tete-acte-feministe-ou-simple-mode\\\/\"]}]},{\"@type\":\"ImageObject\",\"inLanguage\":\"fr-FR\",\"@id\":\"https:\\\/\\\/thefeminismproject.com\\\/fr\\\/en-vedette\\\/elle-se-rase-la-tete-acte-feministe-ou-simple-mode\\\/#primaryimage\",\"url\":\"https:\\\/\\\/thefeminismproject.com\\\/wp-content\\\/uploads\\\/2025\\\/04\\\/Tallulah-Belle-Willis-se-rase-la-tete-comme-sa-mere_visuel_article2.jpg\",\"contentUrl\":\"https:\\\/\\\/thefeminismproject.com\\\/wp-content\\\/uploads\\\/2025\\\/04\\\/Tallulah-Belle-Willis-se-rase-la-tete-comme-sa-mere_visuel_article2.jpg\",\"width\":620,\"height\":620},{\"@type\":\"BreadcrumbList\",\"@id\":\"https:\\\/\\\/thefeminismproject.com\\\/fr\\\/en-vedette\\\/elle-se-rase-la-tete-acte-feministe-ou-simple-mode\\\/#breadcrumb\",\"itemListElement\":[{\"@type\":\"ListItem\",\"position\":1,\"name\":\"Home\",\"item\":\"https:\\\/\\\/thefeminismproject.com\\\/fr\\\/accueil\\\/\"},{\"@type\":\"ListItem\",\"position\":2,\"name\":\"Elle se rase la t\u00eate\u00a0: acte f\u00e9ministe ou simple mode ?\"}]},{\"@type\":\"WebSite\",\"@id\":\"https:\\\/\\\/thefeminismproject.com\\\/fr\\\/#website\",\"url\":\"https:\\\/\\\/thefeminismproject.com\\\/fr\\\/\",\"name\":\"thefeminismproject.com\",\"description\":\"Popular culture with a feminist twist | let&#039;s talk about things that matter (news that feels right)\",\"publisher\":{\"@id\":\"https:\\\/\\\/thefeminismproject.com\\\/fr\\\/#organization\"},\"potentialAction\":[{\"@type\":\"SearchAction\",\"target\":{\"@type\":\"EntryPoint\",\"urlTemplate\":\"https:\\\/\\\/thefeminismproject.com\\\/fr\\\/?s={search_term_string}\"},\"query-input\":{\"@type\":\"PropertyValueSpecification\",\"valueRequired\":true,\"valueName\":\"search_term_string\"}}],\"inLanguage\":\"fr-FR\"},{\"@type\":\"Organization\",\"@id\":\"https:\\\/\\\/thefeminismproject.com\\\/fr\\\/#organization\",\"name\":\"thefeminismproject.com\",\"url\":\"https:\\\/\\\/thefeminismproject.com\\\/fr\\\/\",\"logo\":{\"@type\":\"ImageObject\",\"inLanguage\":\"fr-FR\",\"@id\":\"https:\\\/\\\/thefeminismproject.com\\\/fr\\\/#\\\/schema\\\/logo\\\/image\\\/\",\"url\":\"https:\\\/\\\/thefeminismproject.com\\\/wp-content\\\/uploads\\\/2024\\\/10\\\/pexels-vazhnik-7561648.jpg\",\"contentUrl\":\"https:\\\/\\\/thefeminismproject.com\\\/wp-content\\\/uploads\\\/2024\\\/10\\\/pexels-vazhnik-7561648.jpg\",\"width\":2500,\"height\":1667,\"caption\":\"thefeminismproject.com\"},\"image\":{\"@id\":\"https:\\\/\\\/thefeminismproject.com\\\/fr\\\/#\\\/schema\\\/logo\\\/image\\\/\"}},{\"@type\":\"Person\",\"@id\":\"https:\\\/\\\/thefeminismproject.com\\\/fr\\\/#\\\/schema\\\/person\\\/d2d84f0918ac04ca2b9f5b912890ad51\",\"name\":\"Joaquimma Anna\",\"image\":{\"@type\":\"ImageObject\",\"inLanguage\":\"fr-FR\",\"@id\":\"https:\\\/\\\/secure.gravatar.com\\\/avatar\\\/7d06747db1565e73d68391d596fc2eb15a10a4b4c1864574c454435523af94f1?s=96&d=mm&r=g\",\"url\":\"https:\\\/\\\/secure.gravatar.com\\\/avatar\\\/7d06747db1565e73d68391d596fc2eb15a10a4b4c1864574c454435523af94f1?s=96&d=mm&r=g\",\"contentUrl\":\"https:\\\/\\\/secure.gravatar.com\\\/avatar\\\/7d06747db1565e73d68391d596fc2eb15a10a4b4c1864574c454435523af94f1?s=96&d=mm&r=g\",\"caption\":\"Joaquimma Anna\"},\"description\":\"Hi my name Joaquimma Anna, and let's tumble down the rabbit hole of thought! At thefeminismproject.com, this blog is a whimsical carnival of ideas. As a mischievous feminism activist, I'm here to juggle the narratives of women. This project? A delightful escapade into the absurdities and splendors of our world. Expect the unexpected!\",\"sameAs\":[\"http:\\\/\\\/thefeminismproject.com\"],\"url\":\"https:\\\/\\\/thefeminismproject.com\\\/fr\\\/author\\\/bella-sungkawa\\\/\"}]}<\/script>\n<!-- \/ Yoast SEO plugin. -->","yoast_head_json":{"title":"Elle se rase la t\u00eate\u00a0: acte f\u00e9ministe ou simple mode ?","description":"La sc\u00e8ne est saisissante : une jeune femme, Tallulah Belle Willis, se rase la t\u00eate, un acte \u00e0 la fois radical et lib\u00e9rateur. Mais derri\u00e8re ce geste se","robots":{"index":"index","follow":"follow","max-snippet":"max-snippet:-1","max-image-preview":"max-image-preview:large","max-video-preview":"max-video-preview:-1"},"canonical":"https:\/\/thefeminismproject.com\/fr\/en-vedette\/elle-se-rase-la-tete-acte-feministe-ou-simple-mode\/","og_locale":"fr_FR","og_type":"article","og_title":"Elle se rase la t\u00eate\u00a0: acte f\u00e9ministe ou simple mode ?","og_description":"La sc\u00e8ne est saisissante : une jeune femme, Tallulah Belle Willis, se rase la t\u00eate, un acte \u00e0 la fois radical et lib\u00e9rateur. Mais derri\u00e8re ce geste se","og_url":"https:\/\/thefeminismproject.com\/fr\/en-vedette\/elle-se-rase-la-tete-acte-feministe-ou-simple-mode\/","og_site_name":"thefeminismproject.com","article_published_time":"2025-04-16T20:31:07+00:00","og_image":[{"width":620,"height":620,"url":"https:\/\/thefeminismproject.com\/wp-content\/uploads\/2025\/04\/Tallulah-Belle-Willis-se-rase-la-tete-comme-sa-mere_visuel_article2.jpg","type":"image\/jpeg"}],"author":"Joaquimma Anna","twitter_card":"summary_large_image","twitter_misc":{"\u00c9crit par":"Joaquimma Anna","Dur\u00e9e de lecture estim\u00e9e":"4 minutes"},"schema":{"@context":"https:\/\/schema.org","@graph":[{"@type":"Article","@id":"https:\/\/thefeminismproject.com\/fr\/en-vedette\/elle-se-rase-la-tete-acte-feministe-ou-simple-mode\/#article","isPartOf":{"@id":"https:\/\/thefeminismproject.com\/fr\/en-vedette\/elle-se-rase-la-tete-acte-feministe-ou-simple-mode\/"},"author":{"name":"Joaquimma Anna","@id":"https:\/\/thefeminismproject.com\/fr\/#\/schema\/person\/d2d84f0918ac04ca2b9f5b912890ad51"},"headline":"Elle se rase la t\u00eate\u00a0: acte f\u00e9ministe ou simple mode ?","datePublished":"2025-04-16T20:31:07+00:00","mainEntityOfPage":{"@id":"https:\/\/thefeminismproject.com\/fr\/en-vedette\/elle-se-rase-la-tete-acte-feministe-ou-simple-mode\/"},"wordCount":939,"commentCount":0,"publisher":{"@id":"https:\/\/thefeminismproject.com\/fr\/#organization"},"image":{"@id":"https:\/\/thefeminismproject.com\/fr\/en-vedette\/elle-se-rase-la-tete-acte-feministe-ou-simple-mode\/#primaryimage"},"thumbnailUrl":"https:\/\/thefeminismproject.com\/wp-content\/uploads\/2025\/04\/Tallulah-Belle-Willis-se-rase-la-tete-comme-sa-mere_visuel_article2.jpg","articleSection":["En vedette"],"inLanguage":"fr-FR","potentialAction":[{"@type":"CommentAction","name":"Comment","target":["https:\/\/thefeminismproject.com\/fr\/en-vedette\/elle-se-rase-la-tete-acte-feministe-ou-simple-mode\/#respond"]}]},{"@type":"WebPage","@id":"https:\/\/thefeminismproject.com\/fr\/en-vedette\/elle-se-rase-la-tete-acte-feministe-ou-simple-mode\/","url":"https:\/\/thefeminismproject.com\/fr\/en-vedette\/elle-se-rase-la-tete-acte-feministe-ou-simple-mode\/","name":"Elle se rase la t\u00eate\u00a0: acte f\u00e9ministe ou simple mode ?","isPartOf":{"@id":"https:\/\/thefeminismproject.com\/fr\/#website"},"primaryImageOfPage":{"@id":"https:\/\/thefeminismproject.com\/fr\/en-vedette\/elle-se-rase-la-tete-acte-feministe-ou-simple-mode\/#primaryimage"},"image":{"@id":"https:\/\/thefeminismproject.com\/fr\/en-vedette\/elle-se-rase-la-tete-acte-feministe-ou-simple-mode\/#primaryimage"},"thumbnailUrl":"https:\/\/thefeminismproject.com\/wp-content\/uploads\/2025\/04\/Tallulah-Belle-Willis-se-rase-la-tete-comme-sa-mere_visuel_article2.jpg","datePublished":"2025-04-16T20:31:07+00:00","description":"La sc\u00e8ne est saisissante : une jeune femme, Tallulah Belle Willis, se rase la t\u00eate, un acte \u00e0 la fois radical et lib\u00e9rateur. Mais derri\u00e8re ce geste se","breadcrumb":{"@id":"https:\/\/thefeminismproject.com\/fr\/en-vedette\/elle-se-rase-la-tete-acte-feministe-ou-simple-mode\/#breadcrumb"},"inLanguage":"fr-FR","potentialAction":[{"@type":"ReadAction","target":["https:\/\/thefeminismproject.com\/fr\/en-vedette\/elle-se-rase-la-tete-acte-feministe-ou-simple-mode\/"]}]},{"@type":"ImageObject","inLanguage":"fr-FR","@id":"https:\/\/thefeminismproject.com\/fr\/en-vedette\/elle-se-rase-la-tete-acte-feministe-ou-simple-mode\/#primaryimage","url":"https:\/\/thefeminismproject.com\/wp-content\/uploads\/2025\/04\/Tallulah-Belle-Willis-se-rase-la-tete-comme-sa-mere_visuel_article2.jpg","contentUrl":"https:\/\/thefeminismproject.com\/wp-content\/uploads\/2025\/04\/Tallulah-Belle-Willis-se-rase-la-tete-comme-sa-mere_visuel_article2.jpg","width":620,"height":620},{"@type":"BreadcrumbList","@id":"https:\/\/thefeminismproject.com\/fr\/en-vedette\/elle-se-rase-la-tete-acte-feministe-ou-simple-mode\/#breadcrumb","itemListElement":[{"@type":"ListItem","position":1,"name":"Home","item":"https:\/\/thefeminismproject.com\/fr\/accueil\/"},{"@type":"ListItem","position":2,"name":"Elle se rase la t\u00eate\u00a0: acte f\u00e9ministe ou simple mode ?"}]},{"@type":"WebSite","@id":"https:\/\/thefeminismproject.com\/fr\/#website","url":"https:\/\/thefeminismproject.com\/fr\/","name":"thefeminismproject.com","description":"Popular culture with a feminist twist | let&#039;s talk about things that matter (news that feels right)","publisher":{"@id":"https:\/\/thefeminismproject.com\/fr\/#organization"},"potentialAction":[{"@type":"SearchAction","target":{"@type":"EntryPoint","urlTemplate":"https:\/\/thefeminismproject.com\/fr\/?s={search_term_string}"},"query-input":{"@type":"PropertyValueSpecification","valueRequired":true,"valueName":"search_term_string"}}],"inLanguage":"fr-FR"},{"@type":"Organization","@id":"https:\/\/thefeminismproject.com\/fr\/#organization","name":"thefeminismproject.com","url":"https:\/\/thefeminismproject.com\/fr\/","logo":{"@type":"ImageObject","inLanguage":"fr-FR","@id":"https:\/\/thefeminismproject.com\/fr\/#\/schema\/logo\/image\/","url":"https:\/\/thefeminismproject.com\/wp-content\/uploads\/2024\/10\/pexels-vazhnik-7561648.jpg","contentUrl":"https:\/\/thefeminismproject.com\/wp-content\/uploads\/2024\/10\/pexels-vazhnik-7561648.jpg","width":2500,"height":1667,"caption":"thefeminismproject.com"},"image":{"@id":"https:\/\/thefeminismproject.com\/fr\/#\/schema\/logo\/image\/"}},{"@type":"Person","@id":"https:\/\/thefeminismproject.com\/fr\/#\/schema\/person\/d2d84f0918ac04ca2b9f5b912890ad51","name":"Joaquimma Anna","image":{"@type":"ImageObject","inLanguage":"fr-FR","@id":"https:\/\/secure.gravatar.com\/avatar\/7d06747db1565e73d68391d596fc2eb15a10a4b4c1864574c454435523af94f1?s=96&d=mm&r=g","url":"https:\/\/secure.gravatar.com\/avatar\/7d06747db1565e73d68391d596fc2eb15a10a4b4c1864574c454435523af94f1?s=96&d=mm&r=g","contentUrl":"https:\/\/secure.gravatar.com\/avatar\/7d06747db1565e73d68391d596fc2eb15a10a4b4c1864574c454435523af94f1?s=96&d=mm&r=g","caption":"Joaquimma Anna"},"description":"Hi my name Joaquimma Anna, and let's tumble down the rabbit hole of thought! At thefeminismproject.com, this blog is a whimsical carnival of ideas. As a mischievous feminism activist, I'm here to juggle the narratives of women. This project? A delightful escapade into the absurdities and splendors of our world. Expect the unexpected!","sameAs":["http:\/\/thefeminismproject.com"],"url":"https:\/\/thefeminismproject.com\/fr\/author\/bella-sungkawa\/"}]}},"_links":{"self":[{"href":"https:\/\/thefeminismproject.com\/fr\/wp-json\/wp\/v2\/posts\/1037929","targetHints":{"allow":["GET"]}}],"collection":[{"href":"https:\/\/thefeminismproject.com\/fr\/wp-json\/wp\/v2\/posts"}],"about":[{"href":"https:\/\/thefeminismproject.com\/fr\/wp-json\/wp\/v2\/types\/post"}],"author":[{"embeddable":true,"href":"https:\/\/thefeminismproject.com\/fr\/wp-json\/wp\/v2\/users\/1"}],"replies":[{"embeddable":true,"href":"https:\/\/thefeminismproject.com\/fr\/wp-json\/wp\/v2\/comments?post=1037929"}],"version-history":[{"count":0,"href":"https:\/\/thefeminismproject.com\/fr\/wp-json\/wp\/v2\/posts\/1037929\/revisions"}],"wp:featuredmedia":[{"embeddable":true,"href":"https:\/\/thefeminismproject.com\/fr\/wp-json\/wp\/v2\/media\/1037930"}],"wp:attachment":[{"href":"https:\/\/thefeminismproject.com\/fr\/wp-json\/wp\/v2\/media?parent=1037929"}],"wp:term":[{"taxonomy":"category","embeddable":true,"href":"https:\/\/thefeminismproject.com\/fr\/wp-json\/wp\/v2\/categories?post=1037929"},{"taxonomy":"post_tag","embeddable":true,"href":"https:\/\/thefeminismproject.com\/fr\/wp-json\/wp\/v2\/tags?post=1037929"}],"curies":[{"name":"wp","href":"https:\/\/api.w.org\/{rel}","templated":true}]}}