{"id":1038143,"date":"2025-04-13T01:47:41","date_gmt":"2025-04-13T01:47:41","guid":{"rendered":"https:\/\/thefeminismproject.com\/non-categorise\/entre-nous-la-colo-feministe-qui-forme-les-nouvelles-militantes\/"},"modified":"2025-04-13T01:47:41","modified_gmt":"2025-04-13T01:47:41","slug":"entre-nous-la-colo-feministe-qui-forme-les-nouvelles-militantes","status":"publish","type":"post","link":"https:\/\/thefeminismproject.com\/fr\/en-vedette\/entre-nous-la-colo-feministe-qui-forme-les-nouvelles-militantes\/","title":{"rendered":"Entre Nous\u00a0: la colo f\u00e9ministe qui forme les nouvelles militantes"},"content":{"rendered":"<p>Dans un monde o\u00f9 les luttes f\u00e9ministes semblent parfois stagner, il est crucial de s&rsquo;interroger sur les nouvelles dynamiques qui \u00e9mergent. Parmi ces dynamiques, les colos f\u00e9ministes comme \u00ab\u00a0Entre Nous\u00a0\u00bb se pr\u00e9sentent comme des incubateurs in\u00e9dits, permettant \u00e0 de jeunes militantes d&rsquo;affiner leurs id\u00e9es, de se forger des convictions et de r\u00e9inventer des actions. Ce type d&rsquo;initiative ne se contente pas de transmettre des connaissances; il structure une pens\u00e9e, un engagement et surtout, une communaut\u00e9. Mais que pouvez-vous exactement attendre de cet espace de formation et de r\u00e9flexion ? Plongeons ensemble dans les diff\u00e9rentes facettes de cette aventure militante.<\/p>\n<p>Tout d&rsquo;abord, \u00ab\u00a0Entre Nous\u00a0\u00bb se distingue par son approche holistique de la f\u00e9minisme. \u00c0 travers des ateliers interactifs, les participantes explorent des th\u00e9matiques vari\u00e9es, allant de l&rsquo;\u00e9galit\u00e9 des droits \u00e0 la sant\u00e9 reproductive, en passant par les violences faites aux femmes. Ces s\u00e9ances participatives ne se contentent pas de pr\u00e9senter des donn\u00e9es empiriques; elles encouragent les discussions, permettent aux participantes de partager leurs exp\u00e9riences et de s&rsquo;ancrer dans un territoire d&rsquo;apprentissage mutuel. Au-del\u00e0 des discours th\u00e9oriques, ces \u00e9changes cr\u00e9ent un terreau fertile pour la formation d&rsquo;une conscience collective f\u00e9ministe.<\/p>\n<p>Les ateliers sont anim\u00e9s par des militantes aguerries qui partagent leur expertise et leur v\u00e9cu. Ces figures inspirantes t\u00e9moignent des luttes pass\u00e9es et pr\u00e9sentes, tout en incitant les nouvelles militantes \u00e0 ne pas reproduire les erreurs des g\u00e9n\u00e9rations pr\u00e9c\u00e9dentes. Cette transmission de savoirs s&rsquo;accompagne souvent de strat\u00e9gies concr\u00e8tes d&rsquo;action, permettant ainsi aux participantes d&rsquo;acqu\u00e9rir non seulement une connaissance th\u00e9orique, mais aussi des outils pratiques pour s\u2019engager. En cela, la colo r\u00e9ussit \u00e0 marier th\u00e9orie et pratique, offrant une plong\u00e9e immersive dans le f\u00e9minisme.<\/p>\n<p>Par ailleurs, un des aspects essentiels d&rsquo; \u00ab\u00a0Entre Nous\u00a0\u00bb est la mise en avant de la diversit\u00e9 des voix au sein du f\u00e9minisme. En r\u00e9unissant des femmes de diff\u00e9rents horizons, de toutes les classes sociales et de diverses identit\u00e9s de genre, la colo encourage une intersectionnalit\u00e9 souvent n\u00e9glig\u00e9e dans les discours mainstream. Que l&rsquo;on soit issues de milieux multiculturels, LGBTQ+, ou d&rsquo;autres r\u00e9alit\u00e9s marginalis\u00e9es, chaque voix a sa place dans le dialogue. C\u2019est une le\u00e7on cruciale pour celles qui int\u00e8grent ce mouvement: comprendre que le f\u00e9minisme n&rsquo;est pas monolithique, mais pluriel, complexe, et en constante \u00e9volution.<\/p>\n<p>Dans cette veine, les discussions sur l&rsquo;intersectionnalit\u00e9 ouvrent la voie \u00e0 des r\u00e9flexions profondes sur les privil\u00e8ges et les oppressions crois\u00e9es. Les participantes sont amen\u00e9es \u00e0 r\u00e9fl\u00e9chir \u00e0 leurs propres positions et \u00e0 l&rsquo;impact de celles-ci dans leurs luttes respectives. En confrontant leurs pr\u00e9jug\u00e9s, elles apprennent non seulement l\u2019importance de l\u2019alli\u00e9isme mais aussi celle de l&#8217;empathie dans l&rsquo;action militante. Ces r\u00e9flexions sont essentielles car elles posent les jalons d&rsquo;un f\u00e9minisme plus inclusif, conscient des r\u00e9alit\u00e9s singuli\u00e8res des diff\u00e9rentes femmes.<\/p>\n<p>Un autre \u00e9l\u00e9ment fondamental de \u00ab\u00a0Entre Nous\u00a0\u00bb est l\u2019aspect communautaire. La colo ne se limite pas \u00e0 un simple espace d&rsquo;apprentissage; c&rsquo;est \u00e9galement un lieu de rassemblement, un cocon o\u00f9 la sororit\u00e9 peut se d\u00e9ployer. Dans un monde souvent antagoniste, ce soutien mutuel nourrit la motivation des militantes. Le partage des exp\u00e9riences &#8211; bonnes ou mauvaises &#8211; devient un levier d&rsquo;\u00e9mancipation collective. Ce partage de vuln\u00e9rabilit\u00e9s et de force permet de tisser des liens et de construire une communaut\u00e9 soud\u00e9e, pr\u00eate \u00e0 s&rsquo;engager ensemble sur le terrain.<\/p>\n<p>N\u00e9anmoins, il serait r\u00e9ducteur de penser que \u00ab\u00a0Entre Nous\u00a0\u00bb se r\u00e9sume \u00e0 des discussions s\u00e9rieuses et des formations techniques. La colo int\u00e8gre \u00e9galement des \u00e9l\u00e9ments de cr\u00e9ativit\u00e9 et d\u2019expression artistique. Cet aspect joue un r\u00f4le cl\u00e9 dans le processus d&rsquo;apprentissage. Les participantes peuvent, par exemple, s&rsquo;adonner \u00e0 des ateliers d&rsquo;\u00e9criture, de th\u00e9\u00e2tre ou d&rsquo;arts visuels, servi d\u2019outils puissants pour exprimer leurs luttes et leur vision du f\u00e9minisme. L\u2019art permet de v\u00e9hiculer des messages complexes de mani\u00e8re accessible et engageante, contribuant \u00e0 une forme de r\u00e9sistance qui touche un public plus large.<\/p>\n<p>Enfin, l&rsquo;une des promesses de \u00ab\u00a0Entre Nous\u00a0\u00bb r\u00e9side dans son engagement \u00e0 cr\u00e9er des actions concr\u00e8tes. Les nouvelles militantes sont form\u00e9es non seulement \u00e0 th\u00e9oriser les enjeux, mais aussi \u00e0 s\u2019investir activement dans des campagnes, des manifestations ou d&rsquo;autres formes de mobilisation. En exp\u00e9rimentant sur le terrain, elles apprennent les d\u00e9fis, les \u00e9checs \u00e9ventuels, mais aussi les joies et les victoires qui accompagnent toute tentative de changement. Cette mise en pratique est essentielle, puisque c&rsquo;est l\u2019exp\u00e9rience sur le terrain qui fera d&rsquo;elles des militantes engag\u00e9es, capables d\u2019agir avec efficacit\u00e9 et strat\u00e9gie.<\/p>\n<p>Pour conclure, \u00ab\u00a0Entre Nous\u00a0\u00bb ne se limite pas \u00e0 une simple colo pour jeunes militantes; c&rsquo;est un v\u00e9ritable creuset d&rsquo;id\u00e9es, d&rsquo;actions et de solidarit\u00e9s. En proposant \u00e0 ses participantes non seulement une formation th\u00e9orique, mais \u00e9galement des espaces de partage, de cr\u00e9ativit\u00e9, et d\u2019action collective, elle transforme des individus en actrices du changement. Dans une \u00e9poque o\u00f9 le f\u00e9minisme est plus que jamais n\u00e9cessaire, des initiatives comme celle-ci sont essentielles pour nourrir un mouvement fort, engag\u00e9 et r\u00e9silient. Les nouvelles militantes ne quittent pas \u00ab\u00a0Entre Nous\u00a0\u00bb inchang\u00e9es. Elles en ressortent arm\u00e9es de convictions, pr\u00eates \u00e0 s\u2019engager dans la lutte pour l\u2019\u00e9galit\u00e9, et surtout, \u00e0 construire un avenir o\u00f9 chacune d\u2019elles pourra librement s\u2019exprimer et agir.<\/p>\n","protected":false},"excerpt":{"rendered":"<p>Dans un monde o\u00f9 les luttes f\u00e9ministes semblent parfois stagner, il est crucial de s&rsquo;interroger sur les nouvelles dynamiques qui \u00e9mergent. Parmi ces dynamiques, les colos f\u00e9ministes comme \u00ab\u00a0Entre Nous\u00a0\u00bb se pr\u00e9sentent comme des incubateurs in\u00e9dits, permettant \u00e0 de jeunes militantes d&rsquo;affiner leurs id\u00e9es, de se forger des convictions et de r\u00e9inventer des actions. Ce [&hellip;]<\/p>\n","protected":false},"author":1,"featured_media":1038144,"comment_status":"open","ping_status":"open","sticky":false,"template":"","format":"standard","meta":{"footnotes":""},"categories":[77],"tags":[],"class_list":{"0":"post-1038143","1":"post","2":"type-post","3":"status-publish","4":"format-standard","5":"has-post-thumbnail","7":"category-en-vedette"},"yoast_head":"<!-- This site is optimized with the Yoast SEO plugin v27.4 - https:\/\/yoast.com\/product\/yoast-seo-wordpress\/ -->\n<title>Entre Nous\u00a0: la colo f\u00e9ministe qui forme les nouvelles militantes<\/title>\n<meta name=\"description\" content=\"Dans un monde o\u00f9 les luttes f\u00e9ministes semblent parfois stagner, il est crucial de s&#039;interroger sur les nouvelles dynamiques qui \u00e9mergent. Parmi ces\" \/>\n<meta name=\"robots\" content=\"index, follow, max-snippet:-1, max-image-preview:large, max-video-preview:-1\" \/>\n<link rel=\"canonical\" href=\"https:\/\/thefeminismproject.com\/fr\/en-vedette\/entre-nous-la-colo-feministe-qui-forme-les-nouvelles-militantes\/\" \/>\n<meta property=\"og:locale\" content=\"fr_FR\" \/>\n<meta property=\"og:type\" content=\"article\" \/>\n<meta property=\"og:title\" content=\"Entre Nous\u00a0: la colo f\u00e9ministe qui forme les nouvelles militantes\" \/>\n<meta property=\"og:description\" content=\"Dans un monde o\u00f9 les luttes f\u00e9ministes semblent parfois stagner, il est crucial de s&#039;interroger sur les nouvelles dynamiques qui \u00e9mergent. Parmi ces\" \/>\n<meta property=\"og:url\" content=\"https:\/\/thefeminismproject.com\/fr\/en-vedette\/entre-nous-la-colo-feministe-qui-forme-les-nouvelles-militantes\/\" \/>\n<meta property=\"og:site_name\" content=\"thefeminismproject.com\" \/>\n<meta property=\"article:published_time\" content=\"2025-04-13T01:47:41+00:00\" \/>\n<meta property=\"og:image\" content=\"https:\/\/thefeminismproject.com\/wp-content\/uploads\/2025\/04\/IHYHF2VBJ5HDPMDYPIR52O4FI4.jpg\" \/>\n\t<meta property=\"og:image:width\" content=\"1200\" \/>\n\t<meta property=\"og:image:height\" content=\"630\" \/>\n\t<meta property=\"og:image:type\" content=\"image\/jpeg\" \/>\n<meta name=\"author\" content=\"Joaquimma Anna\" \/>\n<meta name=\"twitter:card\" content=\"summary_large_image\" \/>\n<meta name=\"twitter:label1\" content=\"\u00c9crit par\" \/>\n\t<meta name=\"twitter:data1\" content=\"Joaquimma Anna\" \/>\n\t<meta name=\"twitter:label2\" content=\"Dur\u00e9e de lecture estim\u00e9e\" \/>\n\t<meta name=\"twitter:data2\" content=\"5 minutes\" \/>\n<script type=\"application\/ld+json\" class=\"yoast-schema-graph\">{\"@context\":\"https:\\\/\\\/schema.org\",\"@graph\":[{\"@type\":\"Article\",\"@id\":\"https:\\\/\\\/thefeminismproject.com\\\/fr\\\/en-vedette\\\/entre-nous-la-colo-feministe-qui-forme-les-nouvelles-militantes\\\/#article\",\"isPartOf\":{\"@id\":\"https:\\\/\\\/thefeminismproject.com\\\/fr\\\/en-vedette\\\/entre-nous-la-colo-feministe-qui-forme-les-nouvelles-militantes\\\/\"},\"author\":{\"name\":\"Joaquimma Anna\",\"@id\":\"https:\\\/\\\/thefeminismproject.com\\\/fr\\\/#\\\/schema\\\/person\\\/d2d84f0918ac04ca2b9f5b912890ad51\"},\"headline\":\"Entre Nous\u00a0: la colo f\u00e9ministe qui forme les nouvelles militantes\",\"datePublished\":\"2025-04-13T01:47:41+00:00\",\"mainEntityOfPage\":{\"@id\":\"https:\\\/\\\/thefeminismproject.com\\\/fr\\\/en-vedette\\\/entre-nous-la-colo-feministe-qui-forme-les-nouvelles-militantes\\\/\"},\"wordCount\":973,\"commentCount\":0,\"publisher\":{\"@id\":\"https:\\\/\\\/thefeminismproject.com\\\/fr\\\/#organization\"},\"image\":{\"@id\":\"https:\\\/\\\/thefeminismproject.com\\\/fr\\\/en-vedette\\\/entre-nous-la-colo-feministe-qui-forme-les-nouvelles-militantes\\\/#primaryimage\"},\"thumbnailUrl\":\"https:\\\/\\\/thefeminismproject.com\\\/wp-content\\\/uploads\\\/2025\\\/04\\\/IHYHF2VBJ5HDPMDYPIR52O4FI4.jpg\",\"articleSection\":[\"En vedette\"],\"inLanguage\":\"fr-FR\",\"potentialAction\":[{\"@type\":\"CommentAction\",\"name\":\"Comment\",\"target\":[\"https:\\\/\\\/thefeminismproject.com\\\/fr\\\/en-vedette\\\/entre-nous-la-colo-feministe-qui-forme-les-nouvelles-militantes\\\/#respond\"]}]},{\"@type\":\"WebPage\",\"@id\":\"https:\\\/\\\/thefeminismproject.com\\\/fr\\\/en-vedette\\\/entre-nous-la-colo-feministe-qui-forme-les-nouvelles-militantes\\\/\",\"url\":\"https:\\\/\\\/thefeminismproject.com\\\/fr\\\/en-vedette\\\/entre-nous-la-colo-feministe-qui-forme-les-nouvelles-militantes\\\/\",\"name\":\"Entre Nous\u00a0: la colo f\u00e9ministe qui forme les nouvelles militantes\",\"isPartOf\":{\"@id\":\"https:\\\/\\\/thefeminismproject.com\\\/fr\\\/#website\"},\"primaryImageOfPage\":{\"@id\":\"https:\\\/\\\/thefeminismproject.com\\\/fr\\\/en-vedette\\\/entre-nous-la-colo-feministe-qui-forme-les-nouvelles-militantes\\\/#primaryimage\"},\"image\":{\"@id\":\"https:\\\/\\\/thefeminismproject.com\\\/fr\\\/en-vedette\\\/entre-nous-la-colo-feministe-qui-forme-les-nouvelles-militantes\\\/#primaryimage\"},\"thumbnailUrl\":\"https:\\\/\\\/thefeminismproject.com\\\/wp-content\\\/uploads\\\/2025\\\/04\\\/IHYHF2VBJ5HDPMDYPIR52O4FI4.jpg\",\"datePublished\":\"2025-04-13T01:47:41+00:00\",\"description\":\"Dans un monde o\u00f9 les luttes f\u00e9ministes semblent parfois stagner, il est crucial de s'interroger sur les nouvelles dynamiques qui \u00e9mergent. Parmi ces\",\"breadcrumb\":{\"@id\":\"https:\\\/\\\/thefeminismproject.com\\\/fr\\\/en-vedette\\\/entre-nous-la-colo-feministe-qui-forme-les-nouvelles-militantes\\\/#breadcrumb\"},\"inLanguage\":\"fr-FR\",\"potentialAction\":[{\"@type\":\"ReadAction\",\"target\":[\"https:\\\/\\\/thefeminismproject.com\\\/fr\\\/en-vedette\\\/entre-nous-la-colo-feministe-qui-forme-les-nouvelles-militantes\\\/\"]}]},{\"@type\":\"ImageObject\",\"inLanguage\":\"fr-FR\",\"@id\":\"https:\\\/\\\/thefeminismproject.com\\\/fr\\\/en-vedette\\\/entre-nous-la-colo-feministe-qui-forme-les-nouvelles-militantes\\\/#primaryimage\",\"url\":\"https:\\\/\\\/thefeminismproject.com\\\/wp-content\\\/uploads\\\/2025\\\/04\\\/IHYHF2VBJ5HDPMDYPIR52O4FI4.jpg\",\"contentUrl\":\"https:\\\/\\\/thefeminismproject.com\\\/wp-content\\\/uploads\\\/2025\\\/04\\\/IHYHF2VBJ5HDPMDYPIR52O4FI4.jpg\",\"width\":1200,\"height\":630},{\"@type\":\"BreadcrumbList\",\"@id\":\"https:\\\/\\\/thefeminismproject.com\\\/fr\\\/en-vedette\\\/entre-nous-la-colo-feministe-qui-forme-les-nouvelles-militantes\\\/#breadcrumb\",\"itemListElement\":[{\"@type\":\"ListItem\",\"position\":1,\"name\":\"Home\",\"item\":\"https:\\\/\\\/thefeminismproject.com\\\/fr\\\/accueil\\\/\"},{\"@type\":\"ListItem\",\"position\":2,\"name\":\"Entre Nous\u00a0: la colo f\u00e9ministe qui forme les nouvelles militantes\"}]},{\"@type\":\"WebSite\",\"@id\":\"https:\\\/\\\/thefeminismproject.com\\\/fr\\\/#website\",\"url\":\"https:\\\/\\\/thefeminismproject.com\\\/fr\\\/\",\"name\":\"thefeminismproject.com\",\"description\":\"Popular culture with a feminist twist | let&#039;s talk about things that matter (news that feels right)\",\"publisher\":{\"@id\":\"https:\\\/\\\/thefeminismproject.com\\\/fr\\\/#organization\"},\"potentialAction\":[{\"@type\":\"SearchAction\",\"target\":{\"@type\":\"EntryPoint\",\"urlTemplate\":\"https:\\\/\\\/thefeminismproject.com\\\/fr\\\/?s={search_term_string}\"},\"query-input\":{\"@type\":\"PropertyValueSpecification\",\"valueRequired\":true,\"valueName\":\"search_term_string\"}}],\"inLanguage\":\"fr-FR\"},{\"@type\":\"Organization\",\"@id\":\"https:\\\/\\\/thefeminismproject.com\\\/fr\\\/#organization\",\"name\":\"thefeminismproject.com\",\"url\":\"https:\\\/\\\/thefeminismproject.com\\\/fr\\\/\",\"logo\":{\"@type\":\"ImageObject\",\"inLanguage\":\"fr-FR\",\"@id\":\"https:\\\/\\\/thefeminismproject.com\\\/fr\\\/#\\\/schema\\\/logo\\\/image\\\/\",\"url\":\"https:\\\/\\\/thefeminismproject.com\\\/wp-content\\\/uploads\\\/2024\\\/10\\\/pexels-vazhnik-7561648.jpg\",\"contentUrl\":\"https:\\\/\\\/thefeminismproject.com\\\/wp-content\\\/uploads\\\/2024\\\/10\\\/pexels-vazhnik-7561648.jpg\",\"width\":2500,\"height\":1667,\"caption\":\"thefeminismproject.com\"},\"image\":{\"@id\":\"https:\\\/\\\/thefeminismproject.com\\\/fr\\\/#\\\/schema\\\/logo\\\/image\\\/\"}},{\"@type\":\"Person\",\"@id\":\"https:\\\/\\\/thefeminismproject.com\\\/fr\\\/#\\\/schema\\\/person\\\/d2d84f0918ac04ca2b9f5b912890ad51\",\"name\":\"Joaquimma Anna\",\"image\":{\"@type\":\"ImageObject\",\"inLanguage\":\"fr-FR\",\"@id\":\"https:\\\/\\\/secure.gravatar.com\\\/avatar\\\/7d06747db1565e73d68391d596fc2eb15a10a4b4c1864574c454435523af94f1?s=96&d=mm&r=g\",\"url\":\"https:\\\/\\\/secure.gravatar.com\\\/avatar\\\/7d06747db1565e73d68391d596fc2eb15a10a4b4c1864574c454435523af94f1?s=96&d=mm&r=g\",\"contentUrl\":\"https:\\\/\\\/secure.gravatar.com\\\/avatar\\\/7d06747db1565e73d68391d596fc2eb15a10a4b4c1864574c454435523af94f1?s=96&d=mm&r=g\",\"caption\":\"Joaquimma Anna\"},\"description\":\"Hi my name Joaquimma Anna, and let's tumble down the rabbit hole of thought! At thefeminismproject.com, this blog is a whimsical carnival of ideas. As a mischievous feminism activist, I'm here to juggle the narratives of women. This project? A delightful escapade into the absurdities and splendors of our world. Expect the unexpected!\",\"sameAs\":[\"http:\\\/\\\/thefeminismproject.com\"],\"url\":\"https:\\\/\\\/thefeminismproject.com\\\/fr\\\/author\\\/bella-sungkawa\\\/\"}]}<\/script>\n<!-- \/ Yoast SEO plugin. -->","yoast_head_json":{"title":"Entre Nous\u00a0: la colo f\u00e9ministe qui forme les nouvelles militantes","description":"Dans un monde o\u00f9 les luttes f\u00e9ministes semblent parfois stagner, il est crucial de s'interroger sur les nouvelles dynamiques qui \u00e9mergent. Parmi ces","robots":{"index":"index","follow":"follow","max-snippet":"max-snippet:-1","max-image-preview":"max-image-preview:large","max-video-preview":"max-video-preview:-1"},"canonical":"https:\/\/thefeminismproject.com\/fr\/en-vedette\/entre-nous-la-colo-feministe-qui-forme-les-nouvelles-militantes\/","og_locale":"fr_FR","og_type":"article","og_title":"Entre Nous\u00a0: la colo f\u00e9ministe qui forme les nouvelles militantes","og_description":"Dans un monde o\u00f9 les luttes f\u00e9ministes semblent parfois stagner, il est crucial de s'interroger sur les nouvelles dynamiques qui \u00e9mergent. Parmi ces","og_url":"https:\/\/thefeminismproject.com\/fr\/en-vedette\/entre-nous-la-colo-feministe-qui-forme-les-nouvelles-militantes\/","og_site_name":"thefeminismproject.com","article_published_time":"2025-04-13T01:47:41+00:00","og_image":[{"width":1200,"height":630,"url":"https:\/\/thefeminismproject.com\/wp-content\/uploads\/2025\/04\/IHYHF2VBJ5HDPMDYPIR52O4FI4.jpg","type":"image\/jpeg"}],"author":"Joaquimma Anna","twitter_card":"summary_large_image","twitter_misc":{"\u00c9crit par":"Joaquimma Anna","Dur\u00e9e de lecture estim\u00e9e":"5 minutes"},"schema":{"@context":"https:\/\/schema.org","@graph":[{"@type":"Article","@id":"https:\/\/thefeminismproject.com\/fr\/en-vedette\/entre-nous-la-colo-feministe-qui-forme-les-nouvelles-militantes\/#article","isPartOf":{"@id":"https:\/\/thefeminismproject.com\/fr\/en-vedette\/entre-nous-la-colo-feministe-qui-forme-les-nouvelles-militantes\/"},"author":{"name":"Joaquimma Anna","@id":"https:\/\/thefeminismproject.com\/fr\/#\/schema\/person\/d2d84f0918ac04ca2b9f5b912890ad51"},"headline":"Entre Nous\u00a0: la colo f\u00e9ministe qui forme les nouvelles militantes","datePublished":"2025-04-13T01:47:41+00:00","mainEntityOfPage":{"@id":"https:\/\/thefeminismproject.com\/fr\/en-vedette\/entre-nous-la-colo-feministe-qui-forme-les-nouvelles-militantes\/"},"wordCount":973,"commentCount":0,"publisher":{"@id":"https:\/\/thefeminismproject.com\/fr\/#organization"},"image":{"@id":"https:\/\/thefeminismproject.com\/fr\/en-vedette\/entre-nous-la-colo-feministe-qui-forme-les-nouvelles-militantes\/#primaryimage"},"thumbnailUrl":"https:\/\/thefeminismproject.com\/wp-content\/uploads\/2025\/04\/IHYHF2VBJ5HDPMDYPIR52O4FI4.jpg","articleSection":["En vedette"],"inLanguage":"fr-FR","potentialAction":[{"@type":"CommentAction","name":"Comment","target":["https:\/\/thefeminismproject.com\/fr\/en-vedette\/entre-nous-la-colo-feministe-qui-forme-les-nouvelles-militantes\/#respond"]}]},{"@type":"WebPage","@id":"https:\/\/thefeminismproject.com\/fr\/en-vedette\/entre-nous-la-colo-feministe-qui-forme-les-nouvelles-militantes\/","url":"https:\/\/thefeminismproject.com\/fr\/en-vedette\/entre-nous-la-colo-feministe-qui-forme-les-nouvelles-militantes\/","name":"Entre Nous\u00a0: la colo f\u00e9ministe qui forme les nouvelles militantes","isPartOf":{"@id":"https:\/\/thefeminismproject.com\/fr\/#website"},"primaryImageOfPage":{"@id":"https:\/\/thefeminismproject.com\/fr\/en-vedette\/entre-nous-la-colo-feministe-qui-forme-les-nouvelles-militantes\/#primaryimage"},"image":{"@id":"https:\/\/thefeminismproject.com\/fr\/en-vedette\/entre-nous-la-colo-feministe-qui-forme-les-nouvelles-militantes\/#primaryimage"},"thumbnailUrl":"https:\/\/thefeminismproject.com\/wp-content\/uploads\/2025\/04\/IHYHF2VBJ5HDPMDYPIR52O4FI4.jpg","datePublished":"2025-04-13T01:47:41+00:00","description":"Dans un monde o\u00f9 les luttes f\u00e9ministes semblent parfois stagner, il est crucial de s'interroger sur les nouvelles dynamiques qui \u00e9mergent. Parmi ces","breadcrumb":{"@id":"https:\/\/thefeminismproject.com\/fr\/en-vedette\/entre-nous-la-colo-feministe-qui-forme-les-nouvelles-militantes\/#breadcrumb"},"inLanguage":"fr-FR","potentialAction":[{"@type":"ReadAction","target":["https:\/\/thefeminismproject.com\/fr\/en-vedette\/entre-nous-la-colo-feministe-qui-forme-les-nouvelles-militantes\/"]}]},{"@type":"ImageObject","inLanguage":"fr-FR","@id":"https:\/\/thefeminismproject.com\/fr\/en-vedette\/entre-nous-la-colo-feministe-qui-forme-les-nouvelles-militantes\/#primaryimage","url":"https:\/\/thefeminismproject.com\/wp-content\/uploads\/2025\/04\/IHYHF2VBJ5HDPMDYPIR52O4FI4.jpg","contentUrl":"https:\/\/thefeminismproject.com\/wp-content\/uploads\/2025\/04\/IHYHF2VBJ5HDPMDYPIR52O4FI4.jpg","width":1200,"height":630},{"@type":"BreadcrumbList","@id":"https:\/\/thefeminismproject.com\/fr\/en-vedette\/entre-nous-la-colo-feministe-qui-forme-les-nouvelles-militantes\/#breadcrumb","itemListElement":[{"@type":"ListItem","position":1,"name":"Home","item":"https:\/\/thefeminismproject.com\/fr\/accueil\/"},{"@type":"ListItem","position":2,"name":"Entre Nous\u00a0: la colo f\u00e9ministe qui forme les nouvelles militantes"}]},{"@type":"WebSite","@id":"https:\/\/thefeminismproject.com\/fr\/#website","url":"https:\/\/thefeminismproject.com\/fr\/","name":"thefeminismproject.com","description":"Popular culture with a feminist twist | let&#039;s talk about things that matter (news that feels right)","publisher":{"@id":"https:\/\/thefeminismproject.com\/fr\/#organization"},"potentialAction":[{"@type":"SearchAction","target":{"@type":"EntryPoint","urlTemplate":"https:\/\/thefeminismproject.com\/fr\/?s={search_term_string}"},"query-input":{"@type":"PropertyValueSpecification","valueRequired":true,"valueName":"search_term_string"}}],"inLanguage":"fr-FR"},{"@type":"Organization","@id":"https:\/\/thefeminismproject.com\/fr\/#organization","name":"thefeminismproject.com","url":"https:\/\/thefeminismproject.com\/fr\/","logo":{"@type":"ImageObject","inLanguage":"fr-FR","@id":"https:\/\/thefeminismproject.com\/fr\/#\/schema\/logo\/image\/","url":"https:\/\/thefeminismproject.com\/wp-content\/uploads\/2024\/10\/pexels-vazhnik-7561648.jpg","contentUrl":"https:\/\/thefeminismproject.com\/wp-content\/uploads\/2024\/10\/pexels-vazhnik-7561648.jpg","width":2500,"height":1667,"caption":"thefeminismproject.com"},"image":{"@id":"https:\/\/thefeminismproject.com\/fr\/#\/schema\/logo\/image\/"}},{"@type":"Person","@id":"https:\/\/thefeminismproject.com\/fr\/#\/schema\/person\/d2d84f0918ac04ca2b9f5b912890ad51","name":"Joaquimma Anna","image":{"@type":"ImageObject","inLanguage":"fr-FR","@id":"https:\/\/secure.gravatar.com\/avatar\/7d06747db1565e73d68391d596fc2eb15a10a4b4c1864574c454435523af94f1?s=96&d=mm&r=g","url":"https:\/\/secure.gravatar.com\/avatar\/7d06747db1565e73d68391d596fc2eb15a10a4b4c1864574c454435523af94f1?s=96&d=mm&r=g","contentUrl":"https:\/\/secure.gravatar.com\/avatar\/7d06747db1565e73d68391d596fc2eb15a10a4b4c1864574c454435523af94f1?s=96&d=mm&r=g","caption":"Joaquimma Anna"},"description":"Hi my name Joaquimma Anna, and let's tumble down the rabbit hole of thought! At thefeminismproject.com, this blog is a whimsical carnival of ideas. As a mischievous feminism activist, I'm here to juggle the narratives of women. This project? A delightful escapade into the absurdities and splendors of our world. Expect the unexpected!","sameAs":["http:\/\/thefeminismproject.com"],"url":"https:\/\/thefeminismproject.com\/fr\/author\/bella-sungkawa\/"}]}},"_links":{"self":[{"href":"https:\/\/thefeminismproject.com\/fr\/wp-json\/wp\/v2\/posts\/1038143","targetHints":{"allow":["GET"]}}],"collection":[{"href":"https:\/\/thefeminismproject.com\/fr\/wp-json\/wp\/v2\/posts"}],"about":[{"href":"https:\/\/thefeminismproject.com\/fr\/wp-json\/wp\/v2\/types\/post"}],"author":[{"embeddable":true,"href":"https:\/\/thefeminismproject.com\/fr\/wp-json\/wp\/v2\/users\/1"}],"replies":[{"embeddable":true,"href":"https:\/\/thefeminismproject.com\/fr\/wp-json\/wp\/v2\/comments?post=1038143"}],"version-history":[{"count":0,"href":"https:\/\/thefeminismproject.com\/fr\/wp-json\/wp\/v2\/posts\/1038143\/revisions"}],"wp:featuredmedia":[{"embeddable":true,"href":"https:\/\/thefeminismproject.com\/fr\/wp-json\/wp\/v2\/media\/1038144"}],"wp:attachment":[{"href":"https:\/\/thefeminismproject.com\/fr\/wp-json\/wp\/v2\/media?parent=1038143"}],"wp:term":[{"taxonomy":"category","embeddable":true,"href":"https:\/\/thefeminismproject.com\/fr\/wp-json\/wp\/v2\/categories?post=1038143"},{"taxonomy":"post_tag","embeddable":true,"href":"https:\/\/thefeminismproject.com\/fr\/wp-json\/wp\/v2\/tags?post=1038143"}],"curies":[{"name":"wp","href":"https:\/\/api.w.org\/{rel}","templated":true}]}}