{"id":1039137,"date":"2024-10-28T04:07:50","date_gmt":"2024-10-28T04:07:50","guid":{"rendered":"https:\/\/thefeminismproject.com\/?p=1039137"},"modified":"2025-04-23T00:25:44","modified_gmt":"2025-04-23T00:25:44","slug":"dans-lappartement-chic-dune-blogueuse-de-mode-plus-quune-esthetique-un-manifeste","status":"publish","type":"post","link":"https:\/\/thefeminismproject.com\/fr\/mode\/dans-lappartement-chic-dune-blogueuse-de-mode-plus-quune-esthetique-un-manifeste\/","title":{"rendered":"Dans l&rsquo;Appartement Chic d&rsquo;une Blogueuse de Mode : Plus Qu&rsquo;une Esth\u00e9tique, un Manifeste ?"},"content":{"rendered":"<p data-sourcepos=\"5:1-5:563\">P\u00e9n\u00e9trer dans l&rsquo;univers d&rsquo;une blogueuse de mode, \u00e0 travers les clich\u00e9s de son appartement chic, offre bien souvent une immersion dans un monde d&rsquo;esth\u00e9tique soign\u00e9e, de d\u00e9tails pens\u00e9s et d&rsquo;une certaine forme d&rsquo;art de vivre. Au-del\u00e0 des beaux objets et de l&rsquo;agencement harmonieux, cet espace priv\u00e9 peut-il \u00e9galement \u00eatre le reflet de valeurs f\u00e9ministes, d&rsquo;un engagement pour l&rsquo;\u00e9galit\u00e9, d&rsquo;un soutien affirm\u00e9 aux femmes et d&rsquo;une volont\u00e9 de changement actif ? L&rsquo;exploration de cet int\u00e9rieur, \u00e0 travers le prisme de ces id\u00e9aux, r\u00e9v\u00e8le des nuances souvent insoup\u00e7onn\u00e9es.<\/p>\n<p data-sourcepos=\"7:1-7:495\">Traditionnellement, l&rsquo;int\u00e9r\u00eat port\u00e9 \u00e0 l&rsquo;int\u00e9rieur f\u00e9minin a parfois \u00e9t\u00e9 rel\u00e9gu\u00e9 \u00e0 une sph\u00e8re priv\u00e9e, d\u00e9connect\u00e9e des enjeux sociaux et politiques. Pourtant, l&rsquo;espace que nous habitons est une extension de nous-m\u00eames, un lieu o\u00f9 nos valeurs et nos convictions peuvent, consciemment ou non, se manifester. Dans le cas d&rsquo;une blogueuse de mode, dont la plateforme publique influence les perceptions et les aspirations, l&rsquo;am\u00e9nagement de son int\u00e9rieur peut prendre une dimension symbolique plus forte.<\/p>\n<p data-sourcepos=\"9:1-9:540\">Un appartement chic, dans une perspective f\u00e9ministe, pourrait se d\u00e9finir par un espace o\u00f9 la fonctionnalit\u00e9 et le confort priment sur les diktats esth\u00e9tiques purement d\u00e9coratifs. Des rangements pens\u00e9s pour faciliter le quotidien, un \u00e9clairage qui met en valeur sans \u00e9blouir, un mobilier choisi pour sa qualit\u00e9 et sa durabilit\u00e9 plut\u00f4t que pour son caract\u00e8re \u00e9ph\u00e9m\u00e8re li\u00e9 aux tendances : autant d&rsquo;\u00e9l\u00e9ments qui t\u00e9moignent d&rsquo;une approche pragmatique et d&rsquo;une volont\u00e9 de cr\u00e9er un environnement o\u00f9 l&rsquo;habitante se sent avant tout bien et autonome.<\/p>\n<p data-sourcepos=\"11:1-11:491\">L&rsquo;\u00e9galit\u00e9 peut se traduire dans le choix d&rsquo;objets et de cr\u00e9ations qui valorisent le travail des femmes, qu&rsquo;il s&rsquo;agisse d&rsquo;artisanes locales, de designers engag\u00e9es ou d&rsquo;artistes dont l&rsquo;\u0153uvre porte un regard f\u00e9minin sur le monde. Mettre en avant des collaborations avec des marques \u00e9thiques, transparentes sur leurs processus de production et respectueuses des droits des travailleurs, y compris les femmes, serait une mani\u00e8re concr\u00e8te d&rsquo;int\u00e9grer une d\u00e9marche \u00e9galitaire dans son espace de vie.<\/p>\n<p data-sourcepos=\"13:1-13:541\">Le soutien aux femmes pourrait \u00e9galement se manifester subtilement dans les choix d\u00e9coratifs. Des photographies ou des illustrations mettant en sc\u00e8ne des femmes fortes et inspirantes, des livres d&rsquo;autrices aux voix singuli\u00e8res, des objets artisanaux r\u00e9alis\u00e9s par des collectifs f\u00e9minins : autant de clins d&rsquo;\u0153il qui t\u00e9moignent d&rsquo;une sensibilit\u00e9 et d&rsquo;un engagement envers la sororit\u00e9. L&rsquo;appartement devient alors un espace qui c\u00e9l\u00e8bre la diversit\u00e9 des exp\u00e9riences f\u00e9minines et qui contribue \u00e0 cr\u00e9er un sentiment de communaut\u00e9 et d&rsquo;inspiration.<\/p>\n<p data-sourcepos=\"15:1-15:502\">Le changement actif, enfin, pourrait se refl\u00e9ter dans une approche de la consommation plus consciente et responsable. Privil\u00e9gier le seconde main, le vintage, les mat\u00e9riaux durables et les objets r\u00e9parables plut\u00f4t que les achats impulsifs et la fast-d\u00e9co serait une mani\u00e8re d&rsquo;incarner une volont\u00e9 de r\u00e9duire son impact environnemental et de promouvoir une \u00e9conomie plus circulaire et \u00e9thique. L&rsquo;appartement chic de la blogueuse devient alors un espace qui inspire un mode de vie plus durable et engag\u00e9.<\/p>\n<p data-sourcepos=\"17:1-17:642\">Bien s\u00fbr, il serait na\u00eff de penser que chaque d\u00e9tail de l&rsquo;appartement d&rsquo;une blogueuse de mode est n\u00e9cessairement un acte politique conscient. Cependant, la mani\u00e8re dont elle choisit de pr\u00e9senter son int\u00e9rieur, les marques et les cr\u00e9ateurs qu&rsquo;elle met en avant, les valeurs qu&rsquo;elle communique \u00e0 travers ses choix esth\u00e9tiques peuvent avoir un impact significatif sur son audience. En mettant en lumi\u00e8re des initiatives port\u00e9es par des femmes, en valorisant une consommation \u00e9thique et en pr\u00f4nant un style de vie o\u00f9 le bien-\u00eatre et l&rsquo;autonomie sont centraux, la blogueuse peut transformer son espace priv\u00e9 en une plateforme d&rsquo;influence positive.<\/p>\n<p data-sourcepos=\"19:1-19:437\">Il ne s&rsquo;agit pas de transformer chaque appartement en un manifeste f\u00e9ministe explicite, mais plut\u00f4t de souligner que m\u00eame dans les choix esth\u00e9tiques, des valeurs profondes peuvent transpara\u00eetre. L&rsquo;attention port\u00e9e aux d\u00e9tails, la s\u00e9lection d&rsquo;objets charg\u00e9s de sens, la mise en avant de cr\u00e9ateurs engag\u00e9s : autant d&rsquo;\u00e9l\u00e9ments qui peuvent subtilement communiquer un engagement envers l&rsquo;\u00e9galit\u00e9, le soutien f\u00e9minin et un d\u00e9sir de changement.<\/p>\n<p data-sourcepos=\"21:1-21:682\">En fin de compte, l&rsquo;appartement chic d&rsquo;une blogueuse de mode peut \u00eatre per\u00e7u comme un espace en constante \u00e9volution, \u00e0 l&rsquo;image des valeurs qu&rsquo;elle d\u00e9fend. Il n&rsquo;est pas fig\u00e9 dans une esth\u00e9tique purement d\u00e9corative, mais s&rsquo;enrichit au fil de ses d\u00e9couvertes, de ses engagements et de sa propre \u00e9volution en tant que femme. C&rsquo;est un lieu o\u00f9 le style personnel rencontre une conscience sociale, o\u00f9 la beaut\u00e9 n&rsquo;est pas seulement une affaire d&rsquo;apparence, mais aussi une expression de valeurs et de convictions profondes. En observant attentivement cet espace, on peut y d\u00e9celer les pr\u00e9mices d&rsquo;un changement actif, o\u00f9 l&rsquo;influence se met au service d&rsquo;un monde plus juste et plus \u00e9galitaire.<\/p>\n","protected":false},"excerpt":{"rendered":"<p>P\u00e9n\u00e9trer dans l&rsquo;univers d&rsquo;une blogueuse de mode, \u00e0 travers les clich\u00e9s de son appartement chic, offre bien souvent une immersion dans un monde d&rsquo;esth\u00e9tique soign\u00e9e, de d\u00e9tails pens\u00e9s et d&rsquo;une certaine forme d&rsquo;art de vivre. Au-del\u00e0 des beaux objets et de l&rsquo;agencement harmonieux, cet espace priv\u00e9 peut-il \u00e9galement \u00eatre le reflet de valeurs f\u00e9ministes, d&rsquo;un [&hellip;]<\/p>\n","protected":false},"author":1,"featured_media":1009217,"comment_status":"open","ping_status":"open","sticky":false,"template":"","format":"standard","meta":{"footnotes":""},"categories":[76],"tags":[],"class_list":{"0":"post-1039137","1":"post","2":"type-post","3":"status-publish","4":"format-standard","5":"has-post-thumbnail","7":"category-mode"},"yoast_head":"<!-- This site is optimized with the Yoast SEO plugin v27.4 - https:\/\/yoast.com\/product\/yoast-seo-wordpress\/ -->\n<title>Dans l&#039;Appartement Chic d&#039;une Blogueuse de Mode : Plus Qu&#039;une Esth\u00e9tique, un Manifeste ?<\/title>\n<meta name=\"description\" content=\"P\u00e9n\u00e9trer dans l&#039;univers d&#039;une blogueuse de mode, \u00e0 travers les clich\u00e9s de son appartement chic, offre bien souvent une immersion dans un monde\" \/>\n<meta name=\"robots\" content=\"index, follow, max-snippet:-1, max-image-preview:large, max-video-preview:-1\" \/>\n<link rel=\"canonical\" href=\"https:\/\/thefeminismproject.com\/fr\/mode\/dans-lappartement-chic-dune-blogueuse-de-mode-plus-quune-esthetique-un-manifeste\/\" \/>\n<meta property=\"og:locale\" content=\"fr_FR\" \/>\n<meta property=\"og:type\" content=\"article\" \/>\n<meta property=\"og:title\" content=\"Dans l&#039;Appartement Chic d&#039;une Blogueuse de Mode : Plus Qu&#039;une Esth\u00e9tique, un Manifeste ?\" \/>\n<meta property=\"og:description\" content=\"P\u00e9n\u00e9trer dans l&#039;univers d&#039;une blogueuse de mode, \u00e0 travers les clich\u00e9s de son appartement chic, offre bien souvent une immersion dans un monde\" \/>\n<meta property=\"og:url\" content=\"https:\/\/thefeminismproject.com\/fr\/mode\/dans-lappartement-chic-dune-blogueuse-de-mode-plus-quune-esthetique-un-manifeste\/\" \/>\n<meta property=\"og:site_name\" content=\"thefeminismproject.com\" \/>\n<meta property=\"article:published_time\" content=\"2024-10-28T04:07:50+00:00\" \/>\n<meta property=\"article:modified_time\" content=\"2025-04-23T00:25:44+00:00\" \/>\n<meta property=\"og:image\" content=\"https:\/\/thefeminismproject.com\/wp-content\/uploads\/2024\/10\/10.jpg\" \/>\n\t<meta property=\"og:image:width\" content=\"1068\" \/>\n\t<meta property=\"og:image:height\" content=\"712\" \/>\n\t<meta property=\"og:image:type\" content=\"image\/jpeg\" \/>\n<meta name=\"author\" content=\"Joaquimma Anna\" \/>\n<meta name=\"twitter:card\" content=\"summary_large_image\" \/>\n<meta name=\"twitter:label1\" content=\"\u00c9crit par\" \/>\n\t<meta name=\"twitter:data1\" content=\"Joaquimma Anna\" \/>\n\t<meta name=\"twitter:label2\" content=\"Dur\u00e9e de lecture estim\u00e9e\" \/>\n\t<meta name=\"twitter:data2\" content=\"4 minutes\" \/>\n<script type=\"application\/ld+json\" class=\"yoast-schema-graph\">{\"@context\":\"https:\\\/\\\/schema.org\",\"@graph\":[{\"@type\":\"Article\",\"@id\":\"https:\\\/\\\/thefeminismproject.com\\\/fr\\\/mode\\\/dans-lappartement-chic-dune-blogueuse-de-mode-plus-quune-esthetique-un-manifeste\\\/#article\",\"isPartOf\":{\"@id\":\"https:\\\/\\\/thefeminismproject.com\\\/fr\\\/mode\\\/dans-lappartement-chic-dune-blogueuse-de-mode-plus-quune-esthetique-un-manifeste\\\/\"},\"author\":{\"name\":\"Joaquimma Anna\",\"@id\":\"https:\\\/\\\/thefeminismproject.com\\\/fr\\\/#\\\/schema\\\/person\\\/d2d84f0918ac04ca2b9f5b912890ad51\"},\"headline\":\"Dans l&rsquo;Appartement Chic d&rsquo;une Blogueuse de Mode : Plus Qu&rsquo;une Esth\u00e9tique, un Manifeste ?\",\"datePublished\":\"2024-10-28T04:07:50+00:00\",\"dateModified\":\"2025-04-23T00:25:44+00:00\",\"mainEntityOfPage\":{\"@id\":\"https:\\\/\\\/thefeminismproject.com\\\/fr\\\/mode\\\/dans-lappartement-chic-dune-blogueuse-de-mode-plus-quune-esthetique-un-manifeste\\\/\"},\"wordCount\":905,\"commentCount\":0,\"publisher\":{\"@id\":\"https:\\\/\\\/thefeminismproject.com\\\/fr\\\/#organization\"},\"image\":{\"@id\":\"https:\\\/\\\/thefeminismproject.com\\\/fr\\\/mode\\\/dans-lappartement-chic-dune-blogueuse-de-mode-plus-quune-esthetique-un-manifeste\\\/#primaryimage\"},\"thumbnailUrl\":\"https:\\\/\\\/thefeminismproject.com\\\/wp-content\\\/uploads\\\/2024\\\/10\\\/10.jpg\",\"articleSection\":[\"Mode\"],\"inLanguage\":\"fr-FR\",\"potentialAction\":[{\"@type\":\"CommentAction\",\"name\":\"Comment\",\"target\":[\"https:\\\/\\\/thefeminismproject.com\\\/fr\\\/mode\\\/dans-lappartement-chic-dune-blogueuse-de-mode-plus-quune-esthetique-un-manifeste\\\/#respond\"]}]},{\"@type\":\"WebPage\",\"@id\":\"https:\\\/\\\/thefeminismproject.com\\\/fr\\\/mode\\\/dans-lappartement-chic-dune-blogueuse-de-mode-plus-quune-esthetique-un-manifeste\\\/\",\"url\":\"https:\\\/\\\/thefeminismproject.com\\\/fr\\\/mode\\\/dans-lappartement-chic-dune-blogueuse-de-mode-plus-quune-esthetique-un-manifeste\\\/\",\"name\":\"Dans l'Appartement Chic d'une Blogueuse de Mode : Plus Qu'une Esth\u00e9tique, un Manifeste ?\",\"isPartOf\":{\"@id\":\"https:\\\/\\\/thefeminismproject.com\\\/fr\\\/#website\"},\"primaryImageOfPage\":{\"@id\":\"https:\\\/\\\/thefeminismproject.com\\\/fr\\\/mode\\\/dans-lappartement-chic-dune-blogueuse-de-mode-plus-quune-esthetique-un-manifeste\\\/#primaryimage\"},\"image\":{\"@id\":\"https:\\\/\\\/thefeminismproject.com\\\/fr\\\/mode\\\/dans-lappartement-chic-dune-blogueuse-de-mode-plus-quune-esthetique-un-manifeste\\\/#primaryimage\"},\"thumbnailUrl\":\"https:\\\/\\\/thefeminismproject.com\\\/wp-content\\\/uploads\\\/2024\\\/10\\\/10.jpg\",\"datePublished\":\"2024-10-28T04:07:50+00:00\",\"dateModified\":\"2025-04-23T00:25:44+00:00\",\"description\":\"P\u00e9n\u00e9trer dans l'univers d'une blogueuse de mode, \u00e0 travers les clich\u00e9s de son appartement chic, offre bien souvent une immersion dans un monde\",\"breadcrumb\":{\"@id\":\"https:\\\/\\\/thefeminismproject.com\\\/fr\\\/mode\\\/dans-lappartement-chic-dune-blogueuse-de-mode-plus-quune-esthetique-un-manifeste\\\/#breadcrumb\"},\"inLanguage\":\"fr-FR\",\"potentialAction\":[{\"@type\":\"ReadAction\",\"target\":[\"https:\\\/\\\/thefeminismproject.com\\\/fr\\\/mode\\\/dans-lappartement-chic-dune-blogueuse-de-mode-plus-quune-esthetique-un-manifeste\\\/\"]}]},{\"@type\":\"ImageObject\",\"inLanguage\":\"fr-FR\",\"@id\":\"https:\\\/\\\/thefeminismproject.com\\\/fr\\\/mode\\\/dans-lappartement-chic-dune-blogueuse-de-mode-plus-quune-esthetique-un-manifeste\\\/#primaryimage\",\"url\":\"https:\\\/\\\/thefeminismproject.com\\\/wp-content\\\/uploads\\\/2024\\\/10\\\/10.jpg\",\"contentUrl\":\"https:\\\/\\\/thefeminismproject.com\\\/wp-content\\\/uploads\\\/2024\\\/10\\\/10.jpg\",\"width\":1068,\"height\":712},{\"@type\":\"BreadcrumbList\",\"@id\":\"https:\\\/\\\/thefeminismproject.com\\\/fr\\\/mode\\\/dans-lappartement-chic-dune-blogueuse-de-mode-plus-quune-esthetique-un-manifeste\\\/#breadcrumb\",\"itemListElement\":[{\"@type\":\"ListItem\",\"position\":1,\"name\":\"Home\",\"item\":\"https:\\\/\\\/thefeminismproject.com\\\/fr\\\/accueil\\\/\"},{\"@type\":\"ListItem\",\"position\":2,\"name\":\"Dans l&#8217;Appartement Chic d&#8217;une Blogueuse de Mode : Plus Qu&#8217;une Esth\u00e9tique, un Manifeste ?\"}]},{\"@type\":\"WebSite\",\"@id\":\"https:\\\/\\\/thefeminismproject.com\\\/fr\\\/#website\",\"url\":\"https:\\\/\\\/thefeminismproject.com\\\/fr\\\/\",\"name\":\"thefeminismproject.com\",\"description\":\"Popular culture with a feminist twist | let&#039;s talk about things that matter (news that feels right)\",\"publisher\":{\"@id\":\"https:\\\/\\\/thefeminismproject.com\\\/fr\\\/#organization\"},\"potentialAction\":[{\"@type\":\"SearchAction\",\"target\":{\"@type\":\"EntryPoint\",\"urlTemplate\":\"https:\\\/\\\/thefeminismproject.com\\\/fr\\\/?s={search_term_string}\"},\"query-input\":{\"@type\":\"PropertyValueSpecification\",\"valueRequired\":true,\"valueName\":\"search_term_string\"}}],\"inLanguage\":\"fr-FR\"},{\"@type\":\"Organization\",\"@id\":\"https:\\\/\\\/thefeminismproject.com\\\/fr\\\/#organization\",\"name\":\"thefeminismproject.com\",\"url\":\"https:\\\/\\\/thefeminismproject.com\\\/fr\\\/\",\"logo\":{\"@type\":\"ImageObject\",\"inLanguage\":\"fr-FR\",\"@id\":\"https:\\\/\\\/thefeminismproject.com\\\/fr\\\/#\\\/schema\\\/logo\\\/image\\\/\",\"url\":\"https:\\\/\\\/thefeminismproject.com\\\/wp-content\\\/uploads\\\/2024\\\/10\\\/pexels-vazhnik-7561648.jpg\",\"contentUrl\":\"https:\\\/\\\/thefeminismproject.com\\\/wp-content\\\/uploads\\\/2024\\\/10\\\/pexels-vazhnik-7561648.jpg\",\"width\":2500,\"height\":1667,\"caption\":\"thefeminismproject.com\"},\"image\":{\"@id\":\"https:\\\/\\\/thefeminismproject.com\\\/fr\\\/#\\\/schema\\\/logo\\\/image\\\/\"}},{\"@type\":\"Person\",\"@id\":\"https:\\\/\\\/thefeminismproject.com\\\/fr\\\/#\\\/schema\\\/person\\\/d2d84f0918ac04ca2b9f5b912890ad51\",\"name\":\"Joaquimma Anna\",\"image\":{\"@type\":\"ImageObject\",\"inLanguage\":\"fr-FR\",\"@id\":\"https:\\\/\\\/secure.gravatar.com\\\/avatar\\\/7d06747db1565e73d68391d596fc2eb15a10a4b4c1864574c454435523af94f1?s=96&d=mm&r=g\",\"url\":\"https:\\\/\\\/secure.gravatar.com\\\/avatar\\\/7d06747db1565e73d68391d596fc2eb15a10a4b4c1864574c454435523af94f1?s=96&d=mm&r=g\",\"contentUrl\":\"https:\\\/\\\/secure.gravatar.com\\\/avatar\\\/7d06747db1565e73d68391d596fc2eb15a10a4b4c1864574c454435523af94f1?s=96&d=mm&r=g\",\"caption\":\"Joaquimma Anna\"},\"description\":\"Hi my name Joaquimma Anna, and let's tumble down the rabbit hole of thought! At thefeminismproject.com, this blog is a whimsical carnival of ideas. As a mischievous feminism activist, I'm here to juggle the narratives of women. This project? A delightful escapade into the absurdities and splendors of our world. Expect the unexpected!\",\"sameAs\":[\"http:\\\/\\\/thefeminismproject.com\"],\"url\":\"https:\\\/\\\/thefeminismproject.com\\\/fr\\\/author\\\/bella-sungkawa\\\/\"}]}<\/script>\n<!-- \/ Yoast SEO plugin. -->","yoast_head_json":{"title":"Dans l'Appartement Chic d'une Blogueuse de Mode : Plus Qu'une Esth\u00e9tique, un Manifeste ?","description":"P\u00e9n\u00e9trer dans l'univers d'une blogueuse de mode, \u00e0 travers les clich\u00e9s de son appartement chic, offre bien souvent une immersion dans un monde","robots":{"index":"index","follow":"follow","max-snippet":"max-snippet:-1","max-image-preview":"max-image-preview:large","max-video-preview":"max-video-preview:-1"},"canonical":"https:\/\/thefeminismproject.com\/fr\/mode\/dans-lappartement-chic-dune-blogueuse-de-mode-plus-quune-esthetique-un-manifeste\/","og_locale":"fr_FR","og_type":"article","og_title":"Dans l'Appartement Chic d'une Blogueuse de Mode : Plus Qu'une Esth\u00e9tique, un Manifeste ?","og_description":"P\u00e9n\u00e9trer dans l'univers d'une blogueuse de mode, \u00e0 travers les clich\u00e9s de son appartement chic, offre bien souvent une immersion dans un monde","og_url":"https:\/\/thefeminismproject.com\/fr\/mode\/dans-lappartement-chic-dune-blogueuse-de-mode-plus-quune-esthetique-un-manifeste\/","og_site_name":"thefeminismproject.com","article_published_time":"2024-10-28T04:07:50+00:00","article_modified_time":"2025-04-23T00:25:44+00:00","og_image":[{"width":1068,"height":712,"url":"https:\/\/thefeminismproject.com\/wp-content\/uploads\/2024\/10\/10.jpg","type":"image\/jpeg"}],"author":"Joaquimma Anna","twitter_card":"summary_large_image","twitter_misc":{"\u00c9crit par":"Joaquimma Anna","Dur\u00e9e de lecture estim\u00e9e":"4 minutes"},"schema":{"@context":"https:\/\/schema.org","@graph":[{"@type":"Article","@id":"https:\/\/thefeminismproject.com\/fr\/mode\/dans-lappartement-chic-dune-blogueuse-de-mode-plus-quune-esthetique-un-manifeste\/#article","isPartOf":{"@id":"https:\/\/thefeminismproject.com\/fr\/mode\/dans-lappartement-chic-dune-blogueuse-de-mode-plus-quune-esthetique-un-manifeste\/"},"author":{"name":"Joaquimma Anna","@id":"https:\/\/thefeminismproject.com\/fr\/#\/schema\/person\/d2d84f0918ac04ca2b9f5b912890ad51"},"headline":"Dans l&rsquo;Appartement Chic d&rsquo;une Blogueuse de Mode : Plus Qu&rsquo;une Esth\u00e9tique, un Manifeste ?","datePublished":"2024-10-28T04:07:50+00:00","dateModified":"2025-04-23T00:25:44+00:00","mainEntityOfPage":{"@id":"https:\/\/thefeminismproject.com\/fr\/mode\/dans-lappartement-chic-dune-blogueuse-de-mode-plus-quune-esthetique-un-manifeste\/"},"wordCount":905,"commentCount":0,"publisher":{"@id":"https:\/\/thefeminismproject.com\/fr\/#organization"},"image":{"@id":"https:\/\/thefeminismproject.com\/fr\/mode\/dans-lappartement-chic-dune-blogueuse-de-mode-plus-quune-esthetique-un-manifeste\/#primaryimage"},"thumbnailUrl":"https:\/\/thefeminismproject.com\/wp-content\/uploads\/2024\/10\/10.jpg","articleSection":["Mode"],"inLanguage":"fr-FR","potentialAction":[{"@type":"CommentAction","name":"Comment","target":["https:\/\/thefeminismproject.com\/fr\/mode\/dans-lappartement-chic-dune-blogueuse-de-mode-plus-quune-esthetique-un-manifeste\/#respond"]}]},{"@type":"WebPage","@id":"https:\/\/thefeminismproject.com\/fr\/mode\/dans-lappartement-chic-dune-blogueuse-de-mode-plus-quune-esthetique-un-manifeste\/","url":"https:\/\/thefeminismproject.com\/fr\/mode\/dans-lappartement-chic-dune-blogueuse-de-mode-plus-quune-esthetique-un-manifeste\/","name":"Dans l'Appartement Chic d'une Blogueuse de Mode : Plus Qu'une Esth\u00e9tique, un Manifeste ?","isPartOf":{"@id":"https:\/\/thefeminismproject.com\/fr\/#website"},"primaryImageOfPage":{"@id":"https:\/\/thefeminismproject.com\/fr\/mode\/dans-lappartement-chic-dune-blogueuse-de-mode-plus-quune-esthetique-un-manifeste\/#primaryimage"},"image":{"@id":"https:\/\/thefeminismproject.com\/fr\/mode\/dans-lappartement-chic-dune-blogueuse-de-mode-plus-quune-esthetique-un-manifeste\/#primaryimage"},"thumbnailUrl":"https:\/\/thefeminismproject.com\/wp-content\/uploads\/2024\/10\/10.jpg","datePublished":"2024-10-28T04:07:50+00:00","dateModified":"2025-04-23T00:25:44+00:00","description":"P\u00e9n\u00e9trer dans l'univers d'une blogueuse de mode, \u00e0 travers les clich\u00e9s de son appartement chic, offre bien souvent une immersion dans un monde","breadcrumb":{"@id":"https:\/\/thefeminismproject.com\/fr\/mode\/dans-lappartement-chic-dune-blogueuse-de-mode-plus-quune-esthetique-un-manifeste\/#breadcrumb"},"inLanguage":"fr-FR","potentialAction":[{"@type":"ReadAction","target":["https:\/\/thefeminismproject.com\/fr\/mode\/dans-lappartement-chic-dune-blogueuse-de-mode-plus-quune-esthetique-un-manifeste\/"]}]},{"@type":"ImageObject","inLanguage":"fr-FR","@id":"https:\/\/thefeminismproject.com\/fr\/mode\/dans-lappartement-chic-dune-blogueuse-de-mode-plus-quune-esthetique-un-manifeste\/#primaryimage","url":"https:\/\/thefeminismproject.com\/wp-content\/uploads\/2024\/10\/10.jpg","contentUrl":"https:\/\/thefeminismproject.com\/wp-content\/uploads\/2024\/10\/10.jpg","width":1068,"height":712},{"@type":"BreadcrumbList","@id":"https:\/\/thefeminismproject.com\/fr\/mode\/dans-lappartement-chic-dune-blogueuse-de-mode-plus-quune-esthetique-un-manifeste\/#breadcrumb","itemListElement":[{"@type":"ListItem","position":1,"name":"Home","item":"https:\/\/thefeminismproject.com\/fr\/accueil\/"},{"@type":"ListItem","position":2,"name":"Dans l&#8217;Appartement Chic d&#8217;une Blogueuse de Mode : Plus Qu&#8217;une Esth\u00e9tique, un Manifeste ?"}]},{"@type":"WebSite","@id":"https:\/\/thefeminismproject.com\/fr\/#website","url":"https:\/\/thefeminismproject.com\/fr\/","name":"thefeminismproject.com","description":"Popular culture with a feminist twist | let&#039;s talk about things that matter (news that feels right)","publisher":{"@id":"https:\/\/thefeminismproject.com\/fr\/#organization"},"potentialAction":[{"@type":"SearchAction","target":{"@type":"EntryPoint","urlTemplate":"https:\/\/thefeminismproject.com\/fr\/?s={search_term_string}"},"query-input":{"@type":"PropertyValueSpecification","valueRequired":true,"valueName":"search_term_string"}}],"inLanguage":"fr-FR"},{"@type":"Organization","@id":"https:\/\/thefeminismproject.com\/fr\/#organization","name":"thefeminismproject.com","url":"https:\/\/thefeminismproject.com\/fr\/","logo":{"@type":"ImageObject","inLanguage":"fr-FR","@id":"https:\/\/thefeminismproject.com\/fr\/#\/schema\/logo\/image\/","url":"https:\/\/thefeminismproject.com\/wp-content\/uploads\/2024\/10\/pexels-vazhnik-7561648.jpg","contentUrl":"https:\/\/thefeminismproject.com\/wp-content\/uploads\/2024\/10\/pexels-vazhnik-7561648.jpg","width":2500,"height":1667,"caption":"thefeminismproject.com"},"image":{"@id":"https:\/\/thefeminismproject.com\/fr\/#\/schema\/logo\/image\/"}},{"@type":"Person","@id":"https:\/\/thefeminismproject.com\/fr\/#\/schema\/person\/d2d84f0918ac04ca2b9f5b912890ad51","name":"Joaquimma Anna","image":{"@type":"ImageObject","inLanguage":"fr-FR","@id":"https:\/\/secure.gravatar.com\/avatar\/7d06747db1565e73d68391d596fc2eb15a10a4b4c1864574c454435523af94f1?s=96&d=mm&r=g","url":"https:\/\/secure.gravatar.com\/avatar\/7d06747db1565e73d68391d596fc2eb15a10a4b4c1864574c454435523af94f1?s=96&d=mm&r=g","contentUrl":"https:\/\/secure.gravatar.com\/avatar\/7d06747db1565e73d68391d596fc2eb15a10a4b4c1864574c454435523af94f1?s=96&d=mm&r=g","caption":"Joaquimma Anna"},"description":"Hi my name Joaquimma Anna, and let's tumble down the rabbit hole of thought! At thefeminismproject.com, this blog is a whimsical carnival of ideas. As a mischievous feminism activist, I'm here to juggle the narratives of women. This project? A delightful escapade into the absurdities and splendors of our world. Expect the unexpected!","sameAs":["http:\/\/thefeminismproject.com"],"url":"https:\/\/thefeminismproject.com\/fr\/author\/bella-sungkawa\/"}]}},"_links":{"self":[{"href":"https:\/\/thefeminismproject.com\/fr\/wp-json\/wp\/v2\/posts\/1039137","targetHints":{"allow":["GET"]}}],"collection":[{"href":"https:\/\/thefeminismproject.com\/fr\/wp-json\/wp\/v2\/posts"}],"about":[{"href":"https:\/\/thefeminismproject.com\/fr\/wp-json\/wp\/v2\/types\/post"}],"author":[{"embeddable":true,"href":"https:\/\/thefeminismproject.com\/fr\/wp-json\/wp\/v2\/users\/1"}],"replies":[{"embeddable":true,"href":"https:\/\/thefeminismproject.com\/fr\/wp-json\/wp\/v2\/comments?post=1039137"}],"version-history":[{"count":1,"href":"https:\/\/thefeminismproject.com\/fr\/wp-json\/wp\/v2\/posts\/1039137\/revisions"}],"predecessor-version":[{"id":1039138,"href":"https:\/\/thefeminismproject.com\/fr\/wp-json\/wp\/v2\/posts\/1039137\/revisions\/1039138"}],"wp:featuredmedia":[{"embeddable":true,"href":"https:\/\/thefeminismproject.com\/fr\/wp-json\/wp\/v2\/media\/1009217"}],"wp:attachment":[{"href":"https:\/\/thefeminismproject.com\/fr\/wp-json\/wp\/v2\/media?parent=1039137"}],"wp:term":[{"taxonomy":"category","embeddable":true,"href":"https:\/\/thefeminismproject.com\/fr\/wp-json\/wp\/v2\/categories?post=1039137"},{"taxonomy":"post_tag","embeddable":true,"href":"https:\/\/thefeminismproject.com\/fr\/wp-json\/wp\/v2\/tags?post=1039137"}],"curies":[{"name":"wp","href":"https:\/\/api.w.org\/{rel}","templated":true}]}}