{"id":1039234,"date":"2025-04-14T10:51:34","date_gmt":"2025-04-14T10:51:34","guid":{"rendered":"https:\/\/thefeminismproject.com\/non-categorise\/peut-on-etre-un-homme-feministe-temoignages-et-perspectives\/"},"modified":"2025-04-14T10:51:34","modified_gmt":"2025-04-14T10:51:34","slug":"peut-on-etre-un-homme-feministe-temoignages-et-perspectives","status":"publish","type":"post","link":"https:\/\/thefeminismproject.com\/fr\/en-vedette\/peut-on-etre-un-homme-feministe-temoignages-et-perspectives\/","title":{"rendered":"Peut-on \u00eatre un homme f\u00e9ministe ? T\u00e9moignages et perspectives"},"content":{"rendered":"<p>Dans un monde o\u00f9 les pr\u00e9jug\u00e9s et les st\u00e9r\u00e9otypes normatifs dictent encore les r\u00f4les de genre, la question \u00ab\u00a0Peut-on \u00eatre un homme f\u00e9ministe ?\u00a0\u00bb r\u00e9sonne avec une intensit\u00e9 autrefois insoup\u00e7onn\u00e9e. Cette interrogation, loin d&rsquo;\u00eatre anodine, invite \u00e0 une r\u00e9flexion profonde sur l&rsquo;essence m\u00eame du f\u00e9minisme et sur la posture que les hommes peuvent adopter face \u00e0 ce mouvement. Est-ce un chemin ardu ? Certainement. Mais se poser cette question, c&rsquo;est d\u00e9j\u00e0 op\u00e9rer un changement. C&rsquo;est, en quelque sorte, s&rsquo;engager sur un sentier sinueux o\u00f9 l&rsquo;on devra sans cesse d\u00e9fricher des id\u00e9es re\u00e7ues.<\/p>\n<p>D&#8217;embl\u00e9e, il appara\u00eet essentiel de d\u00e9finir ce que signifie \u00eatre f\u00e9ministe. Pour beaucoup, c&rsquo;est une lutte pour l&rsquo;\u00e9galit\u00e9 des sexes, une revendication contre le patriarcat qui se manifeste \u00e0 travers les in\u00e9galit\u00e9s salariales, les violences syst\u00e9matiques, et bien d&rsquo;autres fl\u00e9aux soci\u00e9taux qui touchent les femmes de mani\u00e8re disproportionn\u00e9e. Pourtant, le f\u00e9minisme ne se r\u00e9sume pas \u00e0 cette lutte. Il est un cri de ralliement, un mouvement qui engendre une prise de conscience collective et qui n\u00e9cessite des alli\u00e9s, quelle que soit leur identit\u00e9 de genre. En ce sens, la contribution des hommes peut s\u2019av\u00e9rer cruciale.<\/p>\n<p>Imaginez un orchestre o\u00f9 chaque instrument, quel qu\u2019il soit, doit jouer en harmonie. Les violons, les cuivres, les percussions \u2014 chaque son a son importance. De la m\u00eame mani\u00e8re, la voix masculine, lorsqu&rsquo;elle est utilis\u00e9e pour soutenir le f\u00e9minisme, peut enrichir le discours et apporter une dimension nouvelle \u00e0 la lutte pour l&rsquo;\u00e9galit\u00e9. Un homme f\u00e9ministe devient un \u00ab\u00a0instrument\u00a0\u00bb qui, au lieu de s\u2019opposer \u00e0 l&rsquo;orchestre des femmes militantes, s\u2019inscrit dans une dynamique de collaboration. Cela n&rsquo;implique pas de prendre le devant de la sc\u00e8ne, mais plut\u00f4t de jouer sa partition avec respect et \u00e9coute.<\/p>\n<p>Les t\u00e9moignages d&rsquo;hommes engag\u00e9s dans la cause f\u00e9ministe sont r\u00e9v\u00e9lateurs des changements de mentalit\u00e9 qui \u00e9mergent. Prenons l&rsquo;exemple de Julien, un militant qui a commenc\u00e9 son parcours par une simple curiosit\u00e9 intellectuelle. Ce dernier confie que sa prise de conscience est survenue lors d&rsquo;un \u00e9change avec des femmes, qui lui ont expliqu\u00e9 les vexations qu&rsquo;elles subissaient au quotidien. Sa strat\u00e9gie ? Apprendre \u00e0 \u00e9couter. Il a d\u00e9sappris ses certitudes et a int\u00e9gr\u00e9 dans son discours une sensibilit\u00e9 face aux enjeux f\u00e9ministes. Pour lui, \u00eatre un homme f\u00e9ministe, c&rsquo;est avoir le courage de d\u00e9construire ses propres privil\u00e8ges et d\u2019accepter sa part de responsabilit\u00e9 dans le syst\u00e8me patriarcal.<\/p>\n<p>\u00c0 l&rsquo;oppos\u00e9, il y a ceux qui appr\u00e9hendent le f\u00e9minisme comme une menace. Comme si le fait de revendiquer des droits pour une autre cat\u00e9gorie de la population devait n\u00e9cessairement diminuer leur propre valeur ou position. Cette conception, empreinte de peur et d\u2019angoisse, t\u00e9moigne d\u2019un manque de compr\u00e9hension fondamentale des dynamiques de pouvoir en jeu. L&rsquo;\u00e9galit\u00e9 ne se construit pas sur la base d\u2019un \u00e9change de privil\u00e8ges, mais sur une \u00e9l\u00e9vation collective vers un bien-\u00eatre partag\u00e9. Ainsi, ceux qui voient le f\u00e9minisme comme une attaque personnelle doivent r\u00e9\u00e9valuer leurs perceptions : la demande d\u2019\u00e9galit\u00e9 n\u2019est pas une tentative d&rsquo;amoindrir les hommes, mais plut\u00f4t de permettre \u00e0 tous de vivre librement sans entraves.<\/p>\n<p>Un autre aspect intrigant se dessine lorsque l\u2019on explore la masculinit\u00e9 positive. Cela implique un retour aux racines de ce que signifie \u00eatre un homme. En s\u2019\u00e9loignant des st\u00e9r\u00e9otypes de virilit\u00e9 toxique \u2014 o\u00f9 la force prime sur la vuln\u00e9rabilit\u00e9 \u2014, les hommes peuvent embrasser des valeurs de compassion, d\u2019empathie, et de respect. C\u2019est l\u00e0 un renversement d\u00e9licieux : red\u00e9finir la masculinit\u00e9 comme un espace d\u2019universalit\u00e9, o\u00f9 la question de genre devient secondaire face \u00e0 l\u2019humanit\u00e9 partag\u00e9e. Un homme f\u00e9ministe, dans cette optique, n\u2019abandonne pas sa masculinit\u00e9, mais l\u2019enrichit par l\u2019int\u00e9gration de nouvelles dimensions.<\/p>\n<p>La condescendance est, en revanche, un pi\u00e8ge \u00e0 \u00e9viter. Les hommes qui se positionnent en \u00ab\u00a0sauveurs\u00a0\u00bb des femmes entrent dans un jeu de pouvoir qui annule leurs intentions bienveillantes. Une attitude paternaliste peut rapidement miner la cr\u00e9dibilit\u00e9 de leur engagement. Il revient donc aux hommes d&rsquo;adopter une posture d&rsquo;\u00e9coute et d&rsquo;apprentissage. Nul besoin d&rsquo;\u00eatre le h\u00e9ros d&rsquo;une histoire qui n&rsquo;est pas la sienne : devenir un alli\u00e9 impliquera toujours de reconna\u00eetre le r\u00f4le pr\u00e9pond\u00e9rant des femmes dans leur propre lutte.<\/p>\n<p>La lutte pour l&rsquo;\u00e9galit\u00e9 est un d\u00e9fi collectif. Le f\u00e9minisme ne peut pas faire fi des contributions masculines, tout comme ces contributions ne doivent pas minimiser les r\u00e9alit\u00e9s v\u00e9cues par les femmes. En forgeant un espace de dialogue, nous abrogeons les barri\u00e8res qui nous divisent. Ainsi, la r\u00e9ponse \u00e0 la question initiale peut se dessiner : oui, un homme peut \u00eatre f\u00e9ministe, \u00e0 condition qu&rsquo;il le soit avec sinc\u00e9rit\u00e9, respect, et un engagement sans faille envers l\u2019\u00e9galit\u00e9. Tel un phare dans la nuit, sa lumi\u00e8re peut guider d&rsquo;autres \u00e0 travers les t\u00e9n\u00e8bres de l&rsquo;ignorance, pave son chemin vers une demain o\u00f9 tous, ind\u00e9pendamment de leur sexe, peuvent jouir librement de leurs droits et de leur dignit\u00e9.<\/p>\n","protected":false},"excerpt":{"rendered":"<p>Dans un monde o\u00f9 les pr\u00e9jug\u00e9s et les st\u00e9r\u00e9otypes normatifs dictent encore les r\u00f4les de genre, la question \u00ab\u00a0Peut-on \u00eatre un homme f\u00e9ministe ?\u00a0\u00bb r\u00e9sonne avec une intensit\u00e9 autrefois insoup\u00e7onn\u00e9e. Cette interrogation, loin d&rsquo;\u00eatre anodine, invite \u00e0 une r\u00e9flexion profonde sur l&rsquo;essence m\u00eame du f\u00e9minisme et sur la posture que les hommes peuvent adopter face [&hellip;]<\/p>\n","protected":false},"author":1,"featured_media":1037057,"comment_status":"open","ping_status":"open","sticky":false,"template":"","format":"standard","meta":{"footnotes":""},"categories":[77],"tags":[],"class_list":{"0":"post-1039234","1":"post","2":"type-post","3":"status-publish","4":"format-standard","5":"has-post-thumbnail","7":"category-en-vedette"},"yoast_head":"<!-- This site is optimized with the Yoast SEO plugin v27.4 - https:\/\/yoast.com\/product\/yoast-seo-wordpress\/ -->\n<title>Peut-on \u00eatre un homme f\u00e9ministe ? T\u00e9moignages et perspectives<\/title>\n<meta name=\"description\" content=\"Dans un monde o\u00f9 les pr\u00e9jug\u00e9s et les st\u00e9r\u00e9otypes normatifs dictent encore les r\u00f4les de genre, la question &quot;Peut-on \u00eatre un homme f\u00e9ministe ?&quot; r\u00e9sonne avec\" \/>\n<meta name=\"robots\" content=\"index, follow, max-snippet:-1, max-image-preview:large, max-video-preview:-1\" \/>\n<link rel=\"canonical\" href=\"https:\/\/thefeminismproject.com\/fr\/en-vedette\/peut-on-etre-un-homme-feministe-temoignages-et-perspectives\/\" \/>\n<meta property=\"og:locale\" content=\"fr_FR\" \/>\n<meta property=\"og:type\" content=\"article\" \/>\n<meta property=\"og:title\" content=\"Peut-on \u00eatre un homme f\u00e9ministe ? T\u00e9moignages et perspectives\" \/>\n<meta property=\"og:description\" content=\"Dans un monde o\u00f9 les pr\u00e9jug\u00e9s et les st\u00e9r\u00e9otypes normatifs dictent encore les r\u00f4les de genre, la question &quot;Peut-on \u00eatre un homme f\u00e9ministe ?&quot; r\u00e9sonne avec\" \/>\n<meta property=\"og:url\" content=\"https:\/\/thefeminismproject.com\/fr\/en-vedette\/peut-on-etre-un-homme-feministe-temoignages-et-perspectives\/\" \/>\n<meta property=\"og:site_name\" content=\"thefeminismproject.com\" \/>\n<meta property=\"article:published_time\" content=\"2025-04-14T10:51:34+00:00\" \/>\n<meta property=\"og:image\" content=\"https:\/\/thefeminismproject.com\/wp-content\/uploads\/2025\/04\/homme-feministe_1024x1024.png\" \/>\n\t<meta property=\"og:image:width\" content=\"1024\" \/>\n\t<meta property=\"og:image:height\" content=\"512\" \/>\n\t<meta property=\"og:image:type\" content=\"image\/png\" \/>\n<meta name=\"author\" content=\"Joaquimma Anna\" \/>\n<meta name=\"twitter:card\" content=\"summary_large_image\" \/>\n<meta name=\"twitter:label1\" content=\"\u00c9crit par\" \/>\n\t<meta name=\"twitter:data1\" content=\"Joaquimma Anna\" \/>\n\t<meta name=\"twitter:label2\" content=\"Dur\u00e9e de lecture estim\u00e9e\" \/>\n\t<meta name=\"twitter:data2\" content=\"4 minutes\" \/>\n<script type=\"application\/ld+json\" class=\"yoast-schema-graph\">{\"@context\":\"https:\\\/\\\/schema.org\",\"@graph\":[{\"@type\":\"Article\",\"@id\":\"https:\\\/\\\/thefeminismproject.com\\\/fr\\\/en-vedette\\\/peut-on-etre-un-homme-feministe-temoignages-et-perspectives\\\/#article\",\"isPartOf\":{\"@id\":\"https:\\\/\\\/thefeminismproject.com\\\/fr\\\/en-vedette\\\/peut-on-etre-un-homme-feministe-temoignages-et-perspectives\\\/\"},\"author\":{\"name\":\"Joaquimma Anna\",\"@id\":\"https:\\\/\\\/thefeminismproject.com\\\/fr\\\/#\\\/schema\\\/person\\\/d2d84f0918ac04ca2b9f5b912890ad51\"},\"headline\":\"Peut-on \u00eatre un homme f\u00e9ministe ? T\u00e9moignages et perspectives\",\"datePublished\":\"2025-04-14T10:51:34+00:00\",\"mainEntityOfPage\":{\"@id\":\"https:\\\/\\\/thefeminismproject.com\\\/fr\\\/en-vedette\\\/peut-on-etre-un-homme-feministe-temoignages-et-perspectives\\\/\"},\"wordCount\":921,\"commentCount\":0,\"publisher\":{\"@id\":\"https:\\\/\\\/thefeminismproject.com\\\/fr\\\/#organization\"},\"image\":{\"@id\":\"https:\\\/\\\/thefeminismproject.com\\\/fr\\\/en-vedette\\\/peut-on-etre-un-homme-feministe-temoignages-et-perspectives\\\/#primaryimage\"},\"thumbnailUrl\":\"https:\\\/\\\/thefeminismproject.com\\\/wp-content\\\/uploads\\\/2025\\\/04\\\/homme-feministe_1024x1024.png\",\"articleSection\":[\"En vedette\"],\"inLanguage\":\"fr-FR\",\"potentialAction\":[{\"@type\":\"CommentAction\",\"name\":\"Comment\",\"target\":[\"https:\\\/\\\/thefeminismproject.com\\\/fr\\\/en-vedette\\\/peut-on-etre-un-homme-feministe-temoignages-et-perspectives\\\/#respond\"]}]},{\"@type\":\"WebPage\",\"@id\":\"https:\\\/\\\/thefeminismproject.com\\\/fr\\\/en-vedette\\\/peut-on-etre-un-homme-feministe-temoignages-et-perspectives\\\/\",\"url\":\"https:\\\/\\\/thefeminismproject.com\\\/fr\\\/en-vedette\\\/peut-on-etre-un-homme-feministe-temoignages-et-perspectives\\\/\",\"name\":\"Peut-on \u00eatre un homme f\u00e9ministe ? T\u00e9moignages et perspectives\",\"isPartOf\":{\"@id\":\"https:\\\/\\\/thefeminismproject.com\\\/fr\\\/#website\"},\"primaryImageOfPage\":{\"@id\":\"https:\\\/\\\/thefeminismproject.com\\\/fr\\\/en-vedette\\\/peut-on-etre-un-homme-feministe-temoignages-et-perspectives\\\/#primaryimage\"},\"image\":{\"@id\":\"https:\\\/\\\/thefeminismproject.com\\\/fr\\\/en-vedette\\\/peut-on-etre-un-homme-feministe-temoignages-et-perspectives\\\/#primaryimage\"},\"thumbnailUrl\":\"https:\\\/\\\/thefeminismproject.com\\\/wp-content\\\/uploads\\\/2025\\\/04\\\/homme-feministe_1024x1024.png\",\"datePublished\":\"2025-04-14T10:51:34+00:00\",\"description\":\"Dans un monde o\u00f9 les pr\u00e9jug\u00e9s et les st\u00e9r\u00e9otypes normatifs dictent encore les r\u00f4les de genre, la question \\\"Peut-on \u00eatre un homme f\u00e9ministe ?\\\" r\u00e9sonne avec\",\"breadcrumb\":{\"@id\":\"https:\\\/\\\/thefeminismproject.com\\\/fr\\\/en-vedette\\\/peut-on-etre-un-homme-feministe-temoignages-et-perspectives\\\/#breadcrumb\"},\"inLanguage\":\"fr-FR\",\"potentialAction\":[{\"@type\":\"ReadAction\",\"target\":[\"https:\\\/\\\/thefeminismproject.com\\\/fr\\\/en-vedette\\\/peut-on-etre-un-homme-feministe-temoignages-et-perspectives\\\/\"]}]},{\"@type\":\"ImageObject\",\"inLanguage\":\"fr-FR\",\"@id\":\"https:\\\/\\\/thefeminismproject.com\\\/fr\\\/en-vedette\\\/peut-on-etre-un-homme-feministe-temoignages-et-perspectives\\\/#primaryimage\",\"url\":\"https:\\\/\\\/thefeminismproject.com\\\/wp-content\\\/uploads\\\/2025\\\/04\\\/homme-feministe_1024x1024.png\",\"contentUrl\":\"https:\\\/\\\/thefeminismproject.com\\\/wp-content\\\/uploads\\\/2025\\\/04\\\/homme-feministe_1024x1024.png\",\"width\":1024,\"height\":512},{\"@type\":\"BreadcrumbList\",\"@id\":\"https:\\\/\\\/thefeminismproject.com\\\/fr\\\/en-vedette\\\/peut-on-etre-un-homme-feministe-temoignages-et-perspectives\\\/#breadcrumb\",\"itemListElement\":[{\"@type\":\"ListItem\",\"position\":1,\"name\":\"Home\",\"item\":\"https:\\\/\\\/thefeminismproject.com\\\/fr\\\/accueil\\\/\"},{\"@type\":\"ListItem\",\"position\":2,\"name\":\"Peut-on \u00eatre un homme f\u00e9ministe ? T\u00e9moignages et perspectives\"}]},{\"@type\":\"WebSite\",\"@id\":\"https:\\\/\\\/thefeminismproject.com\\\/fr\\\/#website\",\"url\":\"https:\\\/\\\/thefeminismproject.com\\\/fr\\\/\",\"name\":\"thefeminismproject.com\",\"description\":\"Popular culture with a feminist twist | let&#039;s talk about things that matter (news that feels right)\",\"publisher\":{\"@id\":\"https:\\\/\\\/thefeminismproject.com\\\/fr\\\/#organization\"},\"potentialAction\":[{\"@type\":\"SearchAction\",\"target\":{\"@type\":\"EntryPoint\",\"urlTemplate\":\"https:\\\/\\\/thefeminismproject.com\\\/fr\\\/?s={search_term_string}\"},\"query-input\":{\"@type\":\"PropertyValueSpecification\",\"valueRequired\":true,\"valueName\":\"search_term_string\"}}],\"inLanguage\":\"fr-FR\"},{\"@type\":\"Organization\",\"@id\":\"https:\\\/\\\/thefeminismproject.com\\\/fr\\\/#organization\",\"name\":\"thefeminismproject.com\",\"url\":\"https:\\\/\\\/thefeminismproject.com\\\/fr\\\/\",\"logo\":{\"@type\":\"ImageObject\",\"inLanguage\":\"fr-FR\",\"@id\":\"https:\\\/\\\/thefeminismproject.com\\\/fr\\\/#\\\/schema\\\/logo\\\/image\\\/\",\"url\":\"https:\\\/\\\/thefeminismproject.com\\\/wp-content\\\/uploads\\\/2024\\\/10\\\/pexels-vazhnik-7561648.jpg\",\"contentUrl\":\"https:\\\/\\\/thefeminismproject.com\\\/wp-content\\\/uploads\\\/2024\\\/10\\\/pexels-vazhnik-7561648.jpg\",\"width\":2500,\"height\":1667,\"caption\":\"thefeminismproject.com\"},\"image\":{\"@id\":\"https:\\\/\\\/thefeminismproject.com\\\/fr\\\/#\\\/schema\\\/logo\\\/image\\\/\"}},{\"@type\":\"Person\",\"@id\":\"https:\\\/\\\/thefeminismproject.com\\\/fr\\\/#\\\/schema\\\/person\\\/d2d84f0918ac04ca2b9f5b912890ad51\",\"name\":\"Joaquimma Anna\",\"image\":{\"@type\":\"ImageObject\",\"inLanguage\":\"fr-FR\",\"@id\":\"https:\\\/\\\/secure.gravatar.com\\\/avatar\\\/7d06747db1565e73d68391d596fc2eb15a10a4b4c1864574c454435523af94f1?s=96&d=mm&r=g\",\"url\":\"https:\\\/\\\/secure.gravatar.com\\\/avatar\\\/7d06747db1565e73d68391d596fc2eb15a10a4b4c1864574c454435523af94f1?s=96&d=mm&r=g\",\"contentUrl\":\"https:\\\/\\\/secure.gravatar.com\\\/avatar\\\/7d06747db1565e73d68391d596fc2eb15a10a4b4c1864574c454435523af94f1?s=96&d=mm&r=g\",\"caption\":\"Joaquimma Anna\"},\"description\":\"Hi my name Joaquimma Anna, and let's tumble down the rabbit hole of thought! At thefeminismproject.com, this blog is a whimsical carnival of ideas. As a mischievous feminism activist, I'm here to juggle the narratives of women. This project? A delightful escapade into the absurdities and splendors of our world. Expect the unexpected!\",\"sameAs\":[\"http:\\\/\\\/thefeminismproject.com\"],\"url\":\"https:\\\/\\\/thefeminismproject.com\\\/fr\\\/author\\\/bella-sungkawa\\\/\"}]}<\/script>\n<!-- \/ Yoast SEO plugin. -->","yoast_head_json":{"title":"Peut-on \u00eatre un homme f\u00e9ministe ? T\u00e9moignages et perspectives","description":"Dans un monde o\u00f9 les pr\u00e9jug\u00e9s et les st\u00e9r\u00e9otypes normatifs dictent encore les r\u00f4les de genre, la question \"Peut-on \u00eatre un homme f\u00e9ministe ?\" r\u00e9sonne avec","robots":{"index":"index","follow":"follow","max-snippet":"max-snippet:-1","max-image-preview":"max-image-preview:large","max-video-preview":"max-video-preview:-1"},"canonical":"https:\/\/thefeminismproject.com\/fr\/en-vedette\/peut-on-etre-un-homme-feministe-temoignages-et-perspectives\/","og_locale":"fr_FR","og_type":"article","og_title":"Peut-on \u00eatre un homme f\u00e9ministe ? T\u00e9moignages et perspectives","og_description":"Dans un monde o\u00f9 les pr\u00e9jug\u00e9s et les st\u00e9r\u00e9otypes normatifs dictent encore les r\u00f4les de genre, la question \"Peut-on \u00eatre un homme f\u00e9ministe ?\" r\u00e9sonne avec","og_url":"https:\/\/thefeminismproject.com\/fr\/en-vedette\/peut-on-etre-un-homme-feministe-temoignages-et-perspectives\/","og_site_name":"thefeminismproject.com","article_published_time":"2025-04-14T10:51:34+00:00","og_image":[{"width":1024,"height":512,"url":"https:\/\/thefeminismproject.com\/wp-content\/uploads\/2025\/04\/homme-feministe_1024x1024.png","type":"image\/png"}],"author":"Joaquimma Anna","twitter_card":"summary_large_image","twitter_misc":{"\u00c9crit par":"Joaquimma Anna","Dur\u00e9e de lecture estim\u00e9e":"4 minutes"},"schema":{"@context":"https:\/\/schema.org","@graph":[{"@type":"Article","@id":"https:\/\/thefeminismproject.com\/fr\/en-vedette\/peut-on-etre-un-homme-feministe-temoignages-et-perspectives\/#article","isPartOf":{"@id":"https:\/\/thefeminismproject.com\/fr\/en-vedette\/peut-on-etre-un-homme-feministe-temoignages-et-perspectives\/"},"author":{"name":"Joaquimma Anna","@id":"https:\/\/thefeminismproject.com\/fr\/#\/schema\/person\/d2d84f0918ac04ca2b9f5b912890ad51"},"headline":"Peut-on \u00eatre un homme f\u00e9ministe ? T\u00e9moignages et perspectives","datePublished":"2025-04-14T10:51:34+00:00","mainEntityOfPage":{"@id":"https:\/\/thefeminismproject.com\/fr\/en-vedette\/peut-on-etre-un-homme-feministe-temoignages-et-perspectives\/"},"wordCount":921,"commentCount":0,"publisher":{"@id":"https:\/\/thefeminismproject.com\/fr\/#organization"},"image":{"@id":"https:\/\/thefeminismproject.com\/fr\/en-vedette\/peut-on-etre-un-homme-feministe-temoignages-et-perspectives\/#primaryimage"},"thumbnailUrl":"https:\/\/thefeminismproject.com\/wp-content\/uploads\/2025\/04\/homme-feministe_1024x1024.png","articleSection":["En vedette"],"inLanguage":"fr-FR","potentialAction":[{"@type":"CommentAction","name":"Comment","target":["https:\/\/thefeminismproject.com\/fr\/en-vedette\/peut-on-etre-un-homme-feministe-temoignages-et-perspectives\/#respond"]}]},{"@type":"WebPage","@id":"https:\/\/thefeminismproject.com\/fr\/en-vedette\/peut-on-etre-un-homme-feministe-temoignages-et-perspectives\/","url":"https:\/\/thefeminismproject.com\/fr\/en-vedette\/peut-on-etre-un-homme-feministe-temoignages-et-perspectives\/","name":"Peut-on \u00eatre un homme f\u00e9ministe ? T\u00e9moignages et perspectives","isPartOf":{"@id":"https:\/\/thefeminismproject.com\/fr\/#website"},"primaryImageOfPage":{"@id":"https:\/\/thefeminismproject.com\/fr\/en-vedette\/peut-on-etre-un-homme-feministe-temoignages-et-perspectives\/#primaryimage"},"image":{"@id":"https:\/\/thefeminismproject.com\/fr\/en-vedette\/peut-on-etre-un-homme-feministe-temoignages-et-perspectives\/#primaryimage"},"thumbnailUrl":"https:\/\/thefeminismproject.com\/wp-content\/uploads\/2025\/04\/homme-feministe_1024x1024.png","datePublished":"2025-04-14T10:51:34+00:00","description":"Dans un monde o\u00f9 les pr\u00e9jug\u00e9s et les st\u00e9r\u00e9otypes normatifs dictent encore les r\u00f4les de genre, la question \"Peut-on \u00eatre un homme f\u00e9ministe ?\" r\u00e9sonne avec","breadcrumb":{"@id":"https:\/\/thefeminismproject.com\/fr\/en-vedette\/peut-on-etre-un-homme-feministe-temoignages-et-perspectives\/#breadcrumb"},"inLanguage":"fr-FR","potentialAction":[{"@type":"ReadAction","target":["https:\/\/thefeminismproject.com\/fr\/en-vedette\/peut-on-etre-un-homme-feministe-temoignages-et-perspectives\/"]}]},{"@type":"ImageObject","inLanguage":"fr-FR","@id":"https:\/\/thefeminismproject.com\/fr\/en-vedette\/peut-on-etre-un-homme-feministe-temoignages-et-perspectives\/#primaryimage","url":"https:\/\/thefeminismproject.com\/wp-content\/uploads\/2025\/04\/homme-feministe_1024x1024.png","contentUrl":"https:\/\/thefeminismproject.com\/wp-content\/uploads\/2025\/04\/homme-feministe_1024x1024.png","width":1024,"height":512},{"@type":"BreadcrumbList","@id":"https:\/\/thefeminismproject.com\/fr\/en-vedette\/peut-on-etre-un-homme-feministe-temoignages-et-perspectives\/#breadcrumb","itemListElement":[{"@type":"ListItem","position":1,"name":"Home","item":"https:\/\/thefeminismproject.com\/fr\/accueil\/"},{"@type":"ListItem","position":2,"name":"Peut-on \u00eatre un homme f\u00e9ministe ? T\u00e9moignages et perspectives"}]},{"@type":"WebSite","@id":"https:\/\/thefeminismproject.com\/fr\/#website","url":"https:\/\/thefeminismproject.com\/fr\/","name":"thefeminismproject.com","description":"Popular culture with a feminist twist | let&#039;s talk about things that matter (news that feels right)","publisher":{"@id":"https:\/\/thefeminismproject.com\/fr\/#organization"},"potentialAction":[{"@type":"SearchAction","target":{"@type":"EntryPoint","urlTemplate":"https:\/\/thefeminismproject.com\/fr\/?s={search_term_string}"},"query-input":{"@type":"PropertyValueSpecification","valueRequired":true,"valueName":"search_term_string"}}],"inLanguage":"fr-FR"},{"@type":"Organization","@id":"https:\/\/thefeminismproject.com\/fr\/#organization","name":"thefeminismproject.com","url":"https:\/\/thefeminismproject.com\/fr\/","logo":{"@type":"ImageObject","inLanguage":"fr-FR","@id":"https:\/\/thefeminismproject.com\/fr\/#\/schema\/logo\/image\/","url":"https:\/\/thefeminismproject.com\/wp-content\/uploads\/2024\/10\/pexels-vazhnik-7561648.jpg","contentUrl":"https:\/\/thefeminismproject.com\/wp-content\/uploads\/2024\/10\/pexels-vazhnik-7561648.jpg","width":2500,"height":1667,"caption":"thefeminismproject.com"},"image":{"@id":"https:\/\/thefeminismproject.com\/fr\/#\/schema\/logo\/image\/"}},{"@type":"Person","@id":"https:\/\/thefeminismproject.com\/fr\/#\/schema\/person\/d2d84f0918ac04ca2b9f5b912890ad51","name":"Joaquimma Anna","image":{"@type":"ImageObject","inLanguage":"fr-FR","@id":"https:\/\/secure.gravatar.com\/avatar\/7d06747db1565e73d68391d596fc2eb15a10a4b4c1864574c454435523af94f1?s=96&d=mm&r=g","url":"https:\/\/secure.gravatar.com\/avatar\/7d06747db1565e73d68391d596fc2eb15a10a4b4c1864574c454435523af94f1?s=96&d=mm&r=g","contentUrl":"https:\/\/secure.gravatar.com\/avatar\/7d06747db1565e73d68391d596fc2eb15a10a4b4c1864574c454435523af94f1?s=96&d=mm&r=g","caption":"Joaquimma Anna"},"description":"Hi my name Joaquimma Anna, and let's tumble down the rabbit hole of thought! At thefeminismproject.com, this blog is a whimsical carnival of ideas. As a mischievous feminism activist, I'm here to juggle the narratives of women. This project? A delightful escapade into the absurdities and splendors of our world. Expect the unexpected!","sameAs":["http:\/\/thefeminismproject.com"],"url":"https:\/\/thefeminismproject.com\/fr\/author\/bella-sungkawa\/"}]}},"_links":{"self":[{"href":"https:\/\/thefeminismproject.com\/fr\/wp-json\/wp\/v2\/posts\/1039234","targetHints":{"allow":["GET"]}}],"collection":[{"href":"https:\/\/thefeminismproject.com\/fr\/wp-json\/wp\/v2\/posts"}],"about":[{"href":"https:\/\/thefeminismproject.com\/fr\/wp-json\/wp\/v2\/types\/post"}],"author":[{"embeddable":true,"href":"https:\/\/thefeminismproject.com\/fr\/wp-json\/wp\/v2\/users\/1"}],"replies":[{"embeddable":true,"href":"https:\/\/thefeminismproject.com\/fr\/wp-json\/wp\/v2\/comments?post=1039234"}],"version-history":[{"count":0,"href":"https:\/\/thefeminismproject.com\/fr\/wp-json\/wp\/v2\/posts\/1039234\/revisions"}],"wp:featuredmedia":[{"embeddable":true,"href":"https:\/\/thefeminismproject.com\/fr\/wp-json\/wp\/v2\/media\/1037057"}],"wp:attachment":[{"href":"https:\/\/thefeminismproject.com\/fr\/wp-json\/wp\/v2\/media?parent=1039234"}],"wp:term":[{"taxonomy":"category","embeddable":true,"href":"https:\/\/thefeminismproject.com\/fr\/wp-json\/wp\/v2\/categories?post=1039234"},{"taxonomy":"post_tag","embeddable":true,"href":"https:\/\/thefeminismproject.com\/fr\/wp-json\/wp\/v2\/tags?post=1039234"}],"curies":[{"name":"wp","href":"https:\/\/api.w.org\/{rel}","templated":true}]}}