{"id":1039846,"date":"2025-04-16T18:16:15","date_gmt":"2025-04-16T18:16:15","guid":{"rendered":"https:\/\/thefeminismproject.com\/non-categorise\/pourquoi-insulte-t-on-les-feministes-en-les-traitant-de-connes-linjure-sexiste\/"},"modified":"2025-04-16T18:16:15","modified_gmt":"2025-04-16T18:16:15","slug":"pourquoi-insulte-t-on-les-feministes-en-les-traitant-de-connes-linjure-sexiste","status":"publish","type":"post","link":"https:\/\/thefeminismproject.com\/fr\/en-vedette\/pourquoi-insulte-t-on-les-feministes-en-les-traitant-de-connes-linjure-sexiste\/","title":{"rendered":"Pourquoi insulte-t-on les f\u00e9ministes en les traitant de \u201cconnes\u201d ? L\u2019injure sexiste"},"content":{"rendered":"<p>Pourquoi insulte-t-on les f\u00e9ministes en les traitant de \u201cconnes\u201d ? Cette question, certes provocante, se cache derri\u00e8re une injure qui ne rel\u00e8ve pas uniquement de la rh\u00e9torique vulgaire, mais qui s&rsquo;inscrit dans une longue lign\u00e9e d&rsquo;attitudes misogynes et r\u00e9duit la l\u00e9gitimit\u00e9 d&rsquo;un mouvement essentiel \u00e0 notre soci\u00e9t\u00e9 moderne. En effet, dans notre soci\u00e9t\u00e9, les f\u00e9ministes sont souvent d\u00e9peintes comme des figures excessives, presque caricaturales, qui menacent erroneusement l&rsquo;ordre \u00e9tabli. Mais quels sont les m\u00e9canismes \u00e0 l&rsquo;\u0153uvre derri\u00e8re cette insulte et, par extension, l&rsquo;injure sexiste ?<\/p>\n<p>Au c\u0153ur de cette probl\u00e9matique, il se trouve une tentative insidieuse de d\u00e9l\u00e9gitimer des voix qui s&rsquo;opposent \u00e0 une culture encore impr\u00e9gn\u00e9e de patriarcat. Traiter une f\u00e9ministe de \u201cconne\u201d n&rsquo;est pas seulement un acte d\u2019intimidation, c&rsquo;est aussi une mani\u00e8re de questionner sa rationalit\u00e9, sa cr\u00e9dibilit\u00e9 et, par l\u00e0 m\u00eame, la justesse de son argumentation. D\u2019un c\u00f4t\u00e9, on assiste \u00e0 une essentialisation de la figure f\u00e9ministe. De l\u2019autre, on doit faire face \u00e0 une d\u00e9construction des valeurs qu\u2019elles d\u00e9fendent. Comment ne pas se demander : pourquoi cette peur d&rsquo;une femme qui \u00e9nonce des v\u00e9rit\u00e9s d\u00e9rangeantes ?<\/p>\n<p>Les insultes sexistes sont souvent un sympt\u00f4me des fractures qui jalonnent notre soci\u00e9t\u00e9. Dans un contexte o\u00f9 l&rsquo;\u00e9galit\u00e9 des genres est toujours en lutte, qualifier une f\u00e9ministe de mani\u00e8re p\u00e9jorative est un moyen de museler son discours. C\u2019est une fa\u00e7on d\u2019\u00e9riger un mur autour des discours f\u00e9ministes, de les rendre inaccessibles, en les pr\u00e9sentant comme des humeurs f\u00e9minines incontr\u00f4lables plut\u00f4t que comme des critiques rationnelles et bien fond\u00e9es.<\/p>\n<p>Les f\u00e9ministes, par leur engagements, d\u00e9fient une structure qui leur est elle-m\u00eame hostile. Elles ne se contentent pas de revendiquer des droits, mais cherchent \u00e0 bouleverser des normes sociales profond\u00e9ment ancr\u00e9es, souvent au prix de leur propre confort \u2014 et c\u2019est l\u00e0 que se niche l\u2019opposition virulente. Mais au lieu d\u2019entendre la voix de ces femmes, certains choisissent d\u2019utiliser l\u2019insulte comme une canne pour r\u00e9sister aux vagues de changement. En effet, \u00e0 quoi bon engager un dialogue \u00e9clair\u00e9 lorsqu&rsquo;un affrontement verbal s\u2019av\u00e8re plus simple ?<\/p>\n<p>Les enjeux sont vastes et touchent \u00e0 des domaines multiples : le professionnel, le relationnel, m\u00eame le culturel. Dans l\u2019espace public, la f\u00e9ministe est souvent associ\u00e9e \u00e0 une hyst\u00e9rie qui ne souffre aucune contradiction, une image d\u00e9form\u00e9e qui freine les avanc\u00e9es concr\u00e8tes en mati\u00e8re d\u2019\u00e9galit\u00e9. De mani\u00e8re insidieuse, cet arch\u00e9type de la f\u00e9ministe \u201cconne\u201d s\u2019impose comme une r\u00e9alit\u00e9 construite, nourrie par des repr\u00e9sentations m\u00e9diatiques superficielles.<\/p>\n<p>Les f\u00e9ministes sont ainsi stigmatis\u00e9es, et cette stigmatisation est renforc\u00e9e par la culture populaire et les discours m\u00e9diatiques. Une \u0153uvre qui critique le f\u00e9minisme ou des figures f\u00e9ministes \u00e0 travers le prisme de l&rsquo;ironie ou du sarcasme pourrait \u00eatre vue comme une forme d&#8217;empoisonnement communicatif. Les blagues sur le f\u00e9minisme, les caricatures, en plus de participer \u00e0 une culture de d\u00e9nigrement, t\u00e9moignent d&rsquo;un profond malaise face \u00e0 des revendications qui mettent en cause la dynamique de pouvoir existante.<\/p>\n<p>En interrogeant cette dynamique, il devient \u00e9vident que la peur de la femme qui s\u2019affirme est intimement li\u00e9e \u00e0 la perception qu\u2019ont certains hommes de la perte de leur pouvoir. Cette approche patriarcale, en tentant de rabaisser les voix f\u00e9ministes, s\u2019efforce de pr\u00e9server une hi\u00e9rarchie sociale pernicieuse. On peut alors challenger cette vision : qu&rsquo;est-ce qui effraie si profond\u00e9ment ceux qui insultent les f\u00e9ministes ? Est-ce la menace d\u2019un monde o\u00f9 l\u2019\u00e9galit\u00e9 est la norme ?<\/p>\n<p>Il est crucial de renverser cette narrative. Plut\u00f4t que de ridiculiser ou de faire taire, que diriez-vous de proposer un dialogue ? Appr\u00e9hender les sujets f\u00e9ministes avec s\u00e9rieux pourrait non seulement enrichir le d\u00e9bat public, mais aussi permettre une \u00e9volution des mentalit\u00e9s. En revanche, persister dans l\u2019injure c\u2019est simplement \u00e9viter une auto-r\u00e9flexion n\u00e9cessaire sur des comportements enracin\u00e9s.<\/p>\n<p>En conclusion, l\u2019insulte qui vise \u00e0 d\u00e9peindre les f\u00e9ministes comme des \u201cconnes\u201d illustre une lutte de pouvoir qui illustre un rejet des voix qui portent des id\u00e9aux \u00e9galitaires. Cette dynamique ne se limite pas \u00e0 une simple question d&rsquo;arguties linguistiques mais souligne un mouvement culturel, et, par extension, une n\u00e9cessit\u00e9 de conscientisation. Au lieu de recourir \u00e0 l&rsquo;injure, pourquoi ne pas embrasser la diversit\u00e9 des voix qui r\u00e9clament justice et \u00e9galit\u00e9 ? \u00c0 l\u2019heure o\u00f9 le f\u00e9minisme devrait \u00eatre c\u00e9l\u00e9br\u00e9 comme une exigence \u00e9thique, restons vigilants face \u00e0 ceux qui pr\u00e9f\u00e8rent le m\u00e9pris \u00e0 la r\u00e9flexion. Car la vraie vulgarit\u00e9 ne r\u00e9side pas dans un discours f\u00e9ministe, mais bien dans une soci\u00e9t\u00e9 qui cherche \u00e0 le r\u00e9primer.<\/p>\n","protected":false},"excerpt":{"rendered":"<p>Pourquoi insulte-t-on les f\u00e9ministes en les traitant de \u201cconnes\u201d ? Cette question, certes provocante, se cache derri\u00e8re une injure qui ne rel\u00e8ve pas uniquement de la rh\u00e9torique vulgaire, mais qui s&rsquo;inscrit dans une longue lign\u00e9e d&rsquo;attitudes misogynes et r\u00e9duit la l\u00e9gitimit\u00e9 d&rsquo;un mouvement essentiel \u00e0 notre soci\u00e9t\u00e9 moderne. En effet, dans notre soci\u00e9t\u00e9, les f\u00e9ministes [&hellip;]<\/p>\n","protected":false},"author":1,"featured_media":1039847,"comment_status":"open","ping_status":"open","sticky":false,"template":"","format":"standard","meta":{"footnotes":""},"categories":[77],"tags":[],"class_list":{"0":"post-1039846","1":"post","2":"type-post","3":"status-publish","4":"format-standard","5":"has-post-thumbnail","7":"category-en-vedette"},"yoast_head":"<!-- This site is optimized with the Yoast SEO plugin v27.4 - https:\/\/yoast.com\/product\/yoast-seo-wordpress\/ -->\n<title>Pourquoi insulte-t-on les f\u00e9ministes en les traitant de \u201cconnes\u201d ? L\u2019injure sexiste<\/title>\n<meta name=\"description\" content=\"Pourquoi insulte-t-on les f\u00e9ministes en les traitant de \u201cconnes\u201d ? Cette question, certes provocante, se cache derri\u00e8re une injure qui ne rel\u00e8ve pas\" \/>\n<meta name=\"robots\" content=\"index, follow, max-snippet:-1, max-image-preview:large, max-video-preview:-1\" \/>\n<link rel=\"canonical\" href=\"https:\/\/thefeminismproject.com\/fr\/en-vedette\/pourquoi-insulte-t-on-les-feministes-en-les-traitant-de-connes-linjure-sexiste\/\" \/>\n<meta property=\"og:locale\" content=\"fr_FR\" \/>\n<meta property=\"og:type\" content=\"article\" \/>\n<meta property=\"og:title\" content=\"Pourquoi insulte-t-on les f\u00e9ministes en les traitant de \u201cconnes\u201d ? L\u2019injure sexiste\" \/>\n<meta property=\"og:description\" content=\"Pourquoi insulte-t-on les f\u00e9ministes en les traitant de \u201cconnes\u201d ? Cette question, certes provocante, se cache derri\u00e8re une injure qui ne rel\u00e8ve pas\" \/>\n<meta property=\"og:url\" content=\"https:\/\/thefeminismproject.com\/fr\/en-vedette\/pourquoi-insulte-t-on-les-feministes-en-les-traitant-de-connes-linjure-sexiste\/\" \/>\n<meta property=\"og:site_name\" content=\"thefeminismproject.com\" \/>\n<meta property=\"article:published_time\" content=\"2025-04-16T18:16:15+00:00\" \/>\n<meta property=\"og:image\" content=\"https:\/\/thefeminismproject.com\/wp-content\/uploads\/2025\/04\/62828fa_1668886814384-le-monde-manifestation-221120-gharbi-0211.jpg\" \/>\n\t<meta property=\"og:image:width\" content=\"1440\" \/>\n\t<meta property=\"og:image:height\" content=\"960\" \/>\n\t<meta property=\"og:image:type\" content=\"image\/jpeg\" \/>\n<meta name=\"author\" content=\"Joaquimma Anna\" \/>\n<meta name=\"twitter:card\" content=\"summary_large_image\" \/>\n<meta name=\"twitter:label1\" content=\"\u00c9crit par\" \/>\n\t<meta name=\"twitter:data1\" content=\"Joaquimma Anna\" \/>\n\t<meta name=\"twitter:label2\" content=\"Dur\u00e9e de lecture estim\u00e9e\" \/>\n\t<meta name=\"twitter:data2\" content=\"4 minutes\" \/>\n<script type=\"application\/ld+json\" class=\"yoast-schema-graph\">{\"@context\":\"https:\\\/\\\/schema.org\",\"@graph\":[{\"@type\":\"Article\",\"@id\":\"https:\\\/\\\/thefeminismproject.com\\\/fr\\\/en-vedette\\\/pourquoi-insulte-t-on-les-feministes-en-les-traitant-de-connes-linjure-sexiste\\\/#article\",\"isPartOf\":{\"@id\":\"https:\\\/\\\/thefeminismproject.com\\\/fr\\\/en-vedette\\\/pourquoi-insulte-t-on-les-feministes-en-les-traitant-de-connes-linjure-sexiste\\\/\"},\"author\":{\"name\":\"Joaquimma Anna\",\"@id\":\"https:\\\/\\\/thefeminismproject.com\\\/fr\\\/#\\\/schema\\\/person\\\/d2d84f0918ac04ca2b9f5b912890ad51\"},\"headline\":\"Pourquoi insulte-t-on les f\u00e9ministes en les traitant de \u201cconnes\u201d ? L\u2019injure sexiste\",\"datePublished\":\"2025-04-16T18:16:15+00:00\",\"mainEntityOfPage\":{\"@id\":\"https:\\\/\\\/thefeminismproject.com\\\/fr\\\/en-vedette\\\/pourquoi-insulte-t-on-les-feministes-en-les-traitant-de-connes-linjure-sexiste\\\/\"},\"wordCount\":853,\"commentCount\":0,\"publisher\":{\"@id\":\"https:\\\/\\\/thefeminismproject.com\\\/fr\\\/#organization\"},\"image\":{\"@id\":\"https:\\\/\\\/thefeminismproject.com\\\/fr\\\/en-vedette\\\/pourquoi-insulte-t-on-les-feministes-en-les-traitant-de-connes-linjure-sexiste\\\/#primaryimage\"},\"thumbnailUrl\":\"https:\\\/\\\/thefeminismproject.com\\\/wp-content\\\/uploads\\\/2025\\\/04\\\/62828fa_1668886814384-le-monde-manifestation-221120-gharbi-0211.jpg\",\"articleSection\":[\"En vedette\"],\"inLanguage\":\"fr-FR\",\"potentialAction\":[{\"@type\":\"CommentAction\",\"name\":\"Comment\",\"target\":[\"https:\\\/\\\/thefeminismproject.com\\\/fr\\\/en-vedette\\\/pourquoi-insulte-t-on-les-feministes-en-les-traitant-de-connes-linjure-sexiste\\\/#respond\"]}]},{\"@type\":\"WebPage\",\"@id\":\"https:\\\/\\\/thefeminismproject.com\\\/fr\\\/en-vedette\\\/pourquoi-insulte-t-on-les-feministes-en-les-traitant-de-connes-linjure-sexiste\\\/\",\"url\":\"https:\\\/\\\/thefeminismproject.com\\\/fr\\\/en-vedette\\\/pourquoi-insulte-t-on-les-feministes-en-les-traitant-de-connes-linjure-sexiste\\\/\",\"name\":\"Pourquoi insulte-t-on les f\u00e9ministes en les traitant de \u201cconnes\u201d ? L\u2019injure sexiste\",\"isPartOf\":{\"@id\":\"https:\\\/\\\/thefeminismproject.com\\\/fr\\\/#website\"},\"primaryImageOfPage\":{\"@id\":\"https:\\\/\\\/thefeminismproject.com\\\/fr\\\/en-vedette\\\/pourquoi-insulte-t-on-les-feministes-en-les-traitant-de-connes-linjure-sexiste\\\/#primaryimage\"},\"image\":{\"@id\":\"https:\\\/\\\/thefeminismproject.com\\\/fr\\\/en-vedette\\\/pourquoi-insulte-t-on-les-feministes-en-les-traitant-de-connes-linjure-sexiste\\\/#primaryimage\"},\"thumbnailUrl\":\"https:\\\/\\\/thefeminismproject.com\\\/wp-content\\\/uploads\\\/2025\\\/04\\\/62828fa_1668886814384-le-monde-manifestation-221120-gharbi-0211.jpg\",\"datePublished\":\"2025-04-16T18:16:15+00:00\",\"description\":\"Pourquoi insulte-t-on les f\u00e9ministes en les traitant de \u201cconnes\u201d ? Cette question, certes provocante, se cache derri\u00e8re une injure qui ne rel\u00e8ve pas\",\"breadcrumb\":{\"@id\":\"https:\\\/\\\/thefeminismproject.com\\\/fr\\\/en-vedette\\\/pourquoi-insulte-t-on-les-feministes-en-les-traitant-de-connes-linjure-sexiste\\\/#breadcrumb\"},\"inLanguage\":\"fr-FR\",\"potentialAction\":[{\"@type\":\"ReadAction\",\"target\":[\"https:\\\/\\\/thefeminismproject.com\\\/fr\\\/en-vedette\\\/pourquoi-insulte-t-on-les-feministes-en-les-traitant-de-connes-linjure-sexiste\\\/\"]}]},{\"@type\":\"ImageObject\",\"inLanguage\":\"fr-FR\",\"@id\":\"https:\\\/\\\/thefeminismproject.com\\\/fr\\\/en-vedette\\\/pourquoi-insulte-t-on-les-feministes-en-les-traitant-de-connes-linjure-sexiste\\\/#primaryimage\",\"url\":\"https:\\\/\\\/thefeminismproject.com\\\/wp-content\\\/uploads\\\/2025\\\/04\\\/62828fa_1668886814384-le-monde-manifestation-221120-gharbi-0211.jpg\",\"contentUrl\":\"https:\\\/\\\/thefeminismproject.com\\\/wp-content\\\/uploads\\\/2025\\\/04\\\/62828fa_1668886814384-le-monde-manifestation-221120-gharbi-0211.jpg\",\"width\":1440,\"height\":960},{\"@type\":\"BreadcrumbList\",\"@id\":\"https:\\\/\\\/thefeminismproject.com\\\/fr\\\/en-vedette\\\/pourquoi-insulte-t-on-les-feministes-en-les-traitant-de-connes-linjure-sexiste\\\/#breadcrumb\",\"itemListElement\":[{\"@type\":\"ListItem\",\"position\":1,\"name\":\"Home\",\"item\":\"https:\\\/\\\/thefeminismproject.com\\\/fr\\\/accueil\\\/\"},{\"@type\":\"ListItem\",\"position\":2,\"name\":\"Pourquoi insulte-t-on les f\u00e9ministes en les traitant de \u201cconnes\u201d ? L\u2019injure sexiste\"}]},{\"@type\":\"WebSite\",\"@id\":\"https:\\\/\\\/thefeminismproject.com\\\/fr\\\/#website\",\"url\":\"https:\\\/\\\/thefeminismproject.com\\\/fr\\\/\",\"name\":\"thefeminismproject.com\",\"description\":\"Popular culture with a feminist twist | let&#039;s talk about things that matter (news that feels right)\",\"publisher\":{\"@id\":\"https:\\\/\\\/thefeminismproject.com\\\/fr\\\/#organization\"},\"potentialAction\":[{\"@type\":\"SearchAction\",\"target\":{\"@type\":\"EntryPoint\",\"urlTemplate\":\"https:\\\/\\\/thefeminismproject.com\\\/fr\\\/?s={search_term_string}\"},\"query-input\":{\"@type\":\"PropertyValueSpecification\",\"valueRequired\":true,\"valueName\":\"search_term_string\"}}],\"inLanguage\":\"fr-FR\"},{\"@type\":\"Organization\",\"@id\":\"https:\\\/\\\/thefeminismproject.com\\\/fr\\\/#organization\",\"name\":\"thefeminismproject.com\",\"url\":\"https:\\\/\\\/thefeminismproject.com\\\/fr\\\/\",\"logo\":{\"@type\":\"ImageObject\",\"inLanguage\":\"fr-FR\",\"@id\":\"https:\\\/\\\/thefeminismproject.com\\\/fr\\\/#\\\/schema\\\/logo\\\/image\\\/\",\"url\":\"https:\\\/\\\/thefeminismproject.com\\\/wp-content\\\/uploads\\\/2024\\\/10\\\/pexels-vazhnik-7561648.jpg\",\"contentUrl\":\"https:\\\/\\\/thefeminismproject.com\\\/wp-content\\\/uploads\\\/2024\\\/10\\\/pexels-vazhnik-7561648.jpg\",\"width\":2500,\"height\":1667,\"caption\":\"thefeminismproject.com\"},\"image\":{\"@id\":\"https:\\\/\\\/thefeminismproject.com\\\/fr\\\/#\\\/schema\\\/logo\\\/image\\\/\"}},{\"@type\":\"Person\",\"@id\":\"https:\\\/\\\/thefeminismproject.com\\\/fr\\\/#\\\/schema\\\/person\\\/d2d84f0918ac04ca2b9f5b912890ad51\",\"name\":\"Joaquimma Anna\",\"image\":{\"@type\":\"ImageObject\",\"inLanguage\":\"fr-FR\",\"@id\":\"https:\\\/\\\/secure.gravatar.com\\\/avatar\\\/7d06747db1565e73d68391d596fc2eb15a10a4b4c1864574c454435523af94f1?s=96&d=mm&r=g\",\"url\":\"https:\\\/\\\/secure.gravatar.com\\\/avatar\\\/7d06747db1565e73d68391d596fc2eb15a10a4b4c1864574c454435523af94f1?s=96&d=mm&r=g\",\"contentUrl\":\"https:\\\/\\\/secure.gravatar.com\\\/avatar\\\/7d06747db1565e73d68391d596fc2eb15a10a4b4c1864574c454435523af94f1?s=96&d=mm&r=g\",\"caption\":\"Joaquimma Anna\"},\"description\":\"Hi my name Joaquimma Anna, and let's tumble down the rabbit hole of thought! At thefeminismproject.com, this blog is a whimsical carnival of ideas. As a mischievous feminism activist, I'm here to juggle the narratives of women. This project? A delightful escapade into the absurdities and splendors of our world. Expect the unexpected!\",\"sameAs\":[\"http:\\\/\\\/thefeminismproject.com\"],\"url\":\"https:\\\/\\\/thefeminismproject.com\\\/fr\\\/author\\\/bella-sungkawa\\\/\"}]}<\/script>\n<!-- \/ Yoast SEO plugin. -->","yoast_head_json":{"title":"Pourquoi insulte-t-on les f\u00e9ministes en les traitant de \u201cconnes\u201d ? L\u2019injure sexiste","description":"Pourquoi insulte-t-on les f\u00e9ministes en les traitant de \u201cconnes\u201d ? Cette question, certes provocante, se cache derri\u00e8re une injure qui ne rel\u00e8ve pas","robots":{"index":"index","follow":"follow","max-snippet":"max-snippet:-1","max-image-preview":"max-image-preview:large","max-video-preview":"max-video-preview:-1"},"canonical":"https:\/\/thefeminismproject.com\/fr\/en-vedette\/pourquoi-insulte-t-on-les-feministes-en-les-traitant-de-connes-linjure-sexiste\/","og_locale":"fr_FR","og_type":"article","og_title":"Pourquoi insulte-t-on les f\u00e9ministes en les traitant de \u201cconnes\u201d ? L\u2019injure sexiste","og_description":"Pourquoi insulte-t-on les f\u00e9ministes en les traitant de \u201cconnes\u201d ? Cette question, certes provocante, se cache derri\u00e8re une injure qui ne rel\u00e8ve pas","og_url":"https:\/\/thefeminismproject.com\/fr\/en-vedette\/pourquoi-insulte-t-on-les-feministes-en-les-traitant-de-connes-linjure-sexiste\/","og_site_name":"thefeminismproject.com","article_published_time":"2025-04-16T18:16:15+00:00","og_image":[{"width":1440,"height":960,"url":"https:\/\/thefeminismproject.com\/wp-content\/uploads\/2025\/04\/62828fa_1668886814384-le-monde-manifestation-221120-gharbi-0211.jpg","type":"image\/jpeg"}],"author":"Joaquimma Anna","twitter_card":"summary_large_image","twitter_misc":{"\u00c9crit par":"Joaquimma Anna","Dur\u00e9e de lecture estim\u00e9e":"4 minutes"},"schema":{"@context":"https:\/\/schema.org","@graph":[{"@type":"Article","@id":"https:\/\/thefeminismproject.com\/fr\/en-vedette\/pourquoi-insulte-t-on-les-feministes-en-les-traitant-de-connes-linjure-sexiste\/#article","isPartOf":{"@id":"https:\/\/thefeminismproject.com\/fr\/en-vedette\/pourquoi-insulte-t-on-les-feministes-en-les-traitant-de-connes-linjure-sexiste\/"},"author":{"name":"Joaquimma Anna","@id":"https:\/\/thefeminismproject.com\/fr\/#\/schema\/person\/d2d84f0918ac04ca2b9f5b912890ad51"},"headline":"Pourquoi insulte-t-on les f\u00e9ministes en les traitant de \u201cconnes\u201d ? L\u2019injure sexiste","datePublished":"2025-04-16T18:16:15+00:00","mainEntityOfPage":{"@id":"https:\/\/thefeminismproject.com\/fr\/en-vedette\/pourquoi-insulte-t-on-les-feministes-en-les-traitant-de-connes-linjure-sexiste\/"},"wordCount":853,"commentCount":0,"publisher":{"@id":"https:\/\/thefeminismproject.com\/fr\/#organization"},"image":{"@id":"https:\/\/thefeminismproject.com\/fr\/en-vedette\/pourquoi-insulte-t-on-les-feministes-en-les-traitant-de-connes-linjure-sexiste\/#primaryimage"},"thumbnailUrl":"https:\/\/thefeminismproject.com\/wp-content\/uploads\/2025\/04\/62828fa_1668886814384-le-monde-manifestation-221120-gharbi-0211.jpg","articleSection":["En vedette"],"inLanguage":"fr-FR","potentialAction":[{"@type":"CommentAction","name":"Comment","target":["https:\/\/thefeminismproject.com\/fr\/en-vedette\/pourquoi-insulte-t-on-les-feministes-en-les-traitant-de-connes-linjure-sexiste\/#respond"]}]},{"@type":"WebPage","@id":"https:\/\/thefeminismproject.com\/fr\/en-vedette\/pourquoi-insulte-t-on-les-feministes-en-les-traitant-de-connes-linjure-sexiste\/","url":"https:\/\/thefeminismproject.com\/fr\/en-vedette\/pourquoi-insulte-t-on-les-feministes-en-les-traitant-de-connes-linjure-sexiste\/","name":"Pourquoi insulte-t-on les f\u00e9ministes en les traitant de \u201cconnes\u201d ? L\u2019injure sexiste","isPartOf":{"@id":"https:\/\/thefeminismproject.com\/fr\/#website"},"primaryImageOfPage":{"@id":"https:\/\/thefeminismproject.com\/fr\/en-vedette\/pourquoi-insulte-t-on-les-feministes-en-les-traitant-de-connes-linjure-sexiste\/#primaryimage"},"image":{"@id":"https:\/\/thefeminismproject.com\/fr\/en-vedette\/pourquoi-insulte-t-on-les-feministes-en-les-traitant-de-connes-linjure-sexiste\/#primaryimage"},"thumbnailUrl":"https:\/\/thefeminismproject.com\/wp-content\/uploads\/2025\/04\/62828fa_1668886814384-le-monde-manifestation-221120-gharbi-0211.jpg","datePublished":"2025-04-16T18:16:15+00:00","description":"Pourquoi insulte-t-on les f\u00e9ministes en les traitant de \u201cconnes\u201d ? Cette question, certes provocante, se cache derri\u00e8re une injure qui ne rel\u00e8ve pas","breadcrumb":{"@id":"https:\/\/thefeminismproject.com\/fr\/en-vedette\/pourquoi-insulte-t-on-les-feministes-en-les-traitant-de-connes-linjure-sexiste\/#breadcrumb"},"inLanguage":"fr-FR","potentialAction":[{"@type":"ReadAction","target":["https:\/\/thefeminismproject.com\/fr\/en-vedette\/pourquoi-insulte-t-on-les-feministes-en-les-traitant-de-connes-linjure-sexiste\/"]}]},{"@type":"ImageObject","inLanguage":"fr-FR","@id":"https:\/\/thefeminismproject.com\/fr\/en-vedette\/pourquoi-insulte-t-on-les-feministes-en-les-traitant-de-connes-linjure-sexiste\/#primaryimage","url":"https:\/\/thefeminismproject.com\/wp-content\/uploads\/2025\/04\/62828fa_1668886814384-le-monde-manifestation-221120-gharbi-0211.jpg","contentUrl":"https:\/\/thefeminismproject.com\/wp-content\/uploads\/2025\/04\/62828fa_1668886814384-le-monde-manifestation-221120-gharbi-0211.jpg","width":1440,"height":960},{"@type":"BreadcrumbList","@id":"https:\/\/thefeminismproject.com\/fr\/en-vedette\/pourquoi-insulte-t-on-les-feministes-en-les-traitant-de-connes-linjure-sexiste\/#breadcrumb","itemListElement":[{"@type":"ListItem","position":1,"name":"Home","item":"https:\/\/thefeminismproject.com\/fr\/accueil\/"},{"@type":"ListItem","position":2,"name":"Pourquoi insulte-t-on les f\u00e9ministes en les traitant de \u201cconnes\u201d ? L\u2019injure sexiste"}]},{"@type":"WebSite","@id":"https:\/\/thefeminismproject.com\/fr\/#website","url":"https:\/\/thefeminismproject.com\/fr\/","name":"thefeminismproject.com","description":"Popular culture with a feminist twist | let&#039;s talk about things that matter (news that feels right)","publisher":{"@id":"https:\/\/thefeminismproject.com\/fr\/#organization"},"potentialAction":[{"@type":"SearchAction","target":{"@type":"EntryPoint","urlTemplate":"https:\/\/thefeminismproject.com\/fr\/?s={search_term_string}"},"query-input":{"@type":"PropertyValueSpecification","valueRequired":true,"valueName":"search_term_string"}}],"inLanguage":"fr-FR"},{"@type":"Organization","@id":"https:\/\/thefeminismproject.com\/fr\/#organization","name":"thefeminismproject.com","url":"https:\/\/thefeminismproject.com\/fr\/","logo":{"@type":"ImageObject","inLanguage":"fr-FR","@id":"https:\/\/thefeminismproject.com\/fr\/#\/schema\/logo\/image\/","url":"https:\/\/thefeminismproject.com\/wp-content\/uploads\/2024\/10\/pexels-vazhnik-7561648.jpg","contentUrl":"https:\/\/thefeminismproject.com\/wp-content\/uploads\/2024\/10\/pexels-vazhnik-7561648.jpg","width":2500,"height":1667,"caption":"thefeminismproject.com"},"image":{"@id":"https:\/\/thefeminismproject.com\/fr\/#\/schema\/logo\/image\/"}},{"@type":"Person","@id":"https:\/\/thefeminismproject.com\/fr\/#\/schema\/person\/d2d84f0918ac04ca2b9f5b912890ad51","name":"Joaquimma Anna","image":{"@type":"ImageObject","inLanguage":"fr-FR","@id":"https:\/\/secure.gravatar.com\/avatar\/7d06747db1565e73d68391d596fc2eb15a10a4b4c1864574c454435523af94f1?s=96&d=mm&r=g","url":"https:\/\/secure.gravatar.com\/avatar\/7d06747db1565e73d68391d596fc2eb15a10a4b4c1864574c454435523af94f1?s=96&d=mm&r=g","contentUrl":"https:\/\/secure.gravatar.com\/avatar\/7d06747db1565e73d68391d596fc2eb15a10a4b4c1864574c454435523af94f1?s=96&d=mm&r=g","caption":"Joaquimma Anna"},"description":"Hi my name Joaquimma Anna, and let's tumble down the rabbit hole of thought! At thefeminismproject.com, this blog is a whimsical carnival of ideas. As a mischievous feminism activist, I'm here to juggle the narratives of women. This project? A delightful escapade into the absurdities and splendors of our world. Expect the unexpected!","sameAs":["http:\/\/thefeminismproject.com"],"url":"https:\/\/thefeminismproject.com\/fr\/author\/bella-sungkawa\/"}]}},"_links":{"self":[{"href":"https:\/\/thefeminismproject.com\/fr\/wp-json\/wp\/v2\/posts\/1039846","targetHints":{"allow":["GET"]}}],"collection":[{"href":"https:\/\/thefeminismproject.com\/fr\/wp-json\/wp\/v2\/posts"}],"about":[{"href":"https:\/\/thefeminismproject.com\/fr\/wp-json\/wp\/v2\/types\/post"}],"author":[{"embeddable":true,"href":"https:\/\/thefeminismproject.com\/fr\/wp-json\/wp\/v2\/users\/1"}],"replies":[{"embeddable":true,"href":"https:\/\/thefeminismproject.com\/fr\/wp-json\/wp\/v2\/comments?post=1039846"}],"version-history":[{"count":0,"href":"https:\/\/thefeminismproject.com\/fr\/wp-json\/wp\/v2\/posts\/1039846\/revisions"}],"wp:featuredmedia":[{"embeddable":true,"href":"https:\/\/thefeminismproject.com\/fr\/wp-json\/wp\/v2\/media\/1039847"}],"wp:attachment":[{"href":"https:\/\/thefeminismproject.com\/fr\/wp-json\/wp\/v2\/media?parent=1039846"}],"wp:term":[{"taxonomy":"category","embeddable":true,"href":"https:\/\/thefeminismproject.com\/fr\/wp-json\/wp\/v2\/categories?post=1039846"},{"taxonomy":"post_tag","embeddable":true,"href":"https:\/\/thefeminismproject.com\/fr\/wp-json\/wp\/v2\/tags?post=1039846"}],"curies":[{"name":"wp","href":"https:\/\/api.w.org\/{rel}","templated":true}]}}